{"id":15052,"date":"2021-12-13T00:05:00","date_gmt":"2021-12-12T23:05:00","guid":{"rendered":"https:\/\/lasentinelle.dz\/?p=15052"},"modified":"2021-12-12T22:29:39","modified_gmt":"2021-12-12T21:29:39","slug":"relance-de-linvestissement-cap-sur-la-levee-des-contraintes-bureaucratiques","status":"publish","type":"post","link":"https:\/\/lasentinelle.dz\/index.php\/2021\/12\/13\/relance-de-linvestissement-cap-sur-la-levee-des-contraintes-bureaucratiques\/","title":{"rendered":"Relance de l\u2019investissement : Cap sur la lev\u00e9e des contraintes bureaucratiques"},"content":{"rendered":"\n<p>\u00ab&nbsp;Le pr\u00e9sident de la&nbsp;R\u00e9publique compte apporter de grandes am\u00e9liorations au climat des affaires dans notre pays afin de permettre aux op\u00e9rateurs et aux investisseurs de travailler dans de meilleures conditions et loin de la bureaucratie&nbsp;\u00bb, a assur\u00e9 hier lors d&rsquo;une \u00e9mission sur la radio nationale Cha\u00eene 2, le m\u00e9diateur de la&nbsp;R\u00e9publique, Brahim Merad. Celui-ci&nbsp;a \u00e9galement indiqu\u00e9 que&nbsp;l\u2019ann\u00e9e&nbsp;2022 qui vient sera consacr\u00e9e \u00e0 la relance du secteur \u00e9conomique et du secteur industriel.<\/p>\n\n\n\n<p>M. Merad a ainsi fait savoir qu&rsquo;il a \u00e9t\u00e9 instruit de la mission par le pr\u00e9sident de la&nbsp;R\u00e9publique d&rsquo;accompagner les chantiers destin\u00e9s \u00e0 r\u00e9aliser ces objectifs en \u00e9tant sur le terrain pour lever tous obstacles qui entravent la r\u00e9alisation de cette dynamique en se dressant devant les op\u00e9rateurs et les investisseurs\u00a0\u00bb, ajoutant au m\u00eame sujet que \u00ab\u00a0quel que soit le nombre \u00e9lev\u00e9 de dossiers d&rsquo;investissements souffrants d&rsquo;entraves administratives et bureaucratiques, l&rsquo;Etat reste engag\u00e9 \u00e0 les accompagner jusqu&rsquo;\u00e0 l&rsquo;\u00e9tape de l&rsquo;exploitation. D&rsquo;ailleurs, fait-il savoir \u00e0 ce sujet, de nombreux dossiers en attentes de lancement verront lev\u00e9es les entraves qui les emp\u00eachent d&rsquo;\u00eatre lanc\u00e9s avant la fin de l&rsquo;ann\u00e9e en cours.<\/p>\n\n\n\n<p>Par ailleurs, toujours dans l&rsquo;optique de faciliter les d\u00e9marches administratives en levant les contraintes bureaucratiques, le m\u00e9diateur de la&nbsp;R\u00e9publique a pr\u00e9conis\u00e9 aux diff\u00e9rents d\u00e9partements minist\u00e9riels engag\u00e9s dans la relance industrielle particuli\u00e8rement et \u00e9conomique en g\u00e9n\u00e9ral de travailler en concertation et collaboration. Un travail collectif, explique-t-il, qui permettra de trouver des solution \u00e0 tous ces dossiers en attentes de passer \u00e0 la phase d&rsquo;exploitation concr\u00e8te sur le terrain. Un objectif qui requi\u00e8re, ajoute-t-il, la capacit\u00e9 de l&rsquo;administration locale \u00e0 s&rsquo;adapter aux nouvelles exigences et \u00e0 s&rsquo;arrimer aux niveau de la dynamique enclench\u00e9e actuellement par les op\u00e9rateurs \u00e9conomiques en levant, de son chemin, toutes les entraves qui freinent son \u00e9lan.<\/p>\n\n\n\n<p>Par ailleurs, le m\u00e9diateur de la&nbsp;R\u00e9publique a assur\u00e9 les investisseurs et les op\u00e9rateurs que&nbsp;\u00ab&nbsp;son instance est pr\u00e9sente dans toutes les wilayas et reste constamment disponible \u00e0 recevoir tous les dossiers d&rsquo;investissement souffrant de lenteurs administratives. Une pr\u00e9sence \u00e0 laquelle tient beaucoup le pr\u00e9sident de la r\u00e9publique qui suit&nbsp;&nbsp;le dossier avec la plus grande attention.<\/p>\n\n\n\n<p>Enfin, notons que la relance de l&rsquo;industrie est au centre d&rsquo;int\u00e9r\u00eat des pouvoirs publics qui ont d\u00e9j\u00e0 organis\u00e9 une conf\u00e9rence nationale \u00e0 cet effet il y a juste quelques jours.&nbsp;&nbsp;&nbsp;&nbsp;Le secteur industriel qui ne participe actuellement par un apport de 6% au Produit Int\u00e9rieur Brut (PIB) doit, selon les objectifs atteindre un taux de 15% dans les deux prochaines ann\u00e9es. Une optique qui requiert la mobilisation de beaucoup de moyens afin de parvenir \u00e0 faire red\u00e9marrer les entreprises et les groupes industriels publics parall\u00e8lement \u00e0 l&rsquo;encouragement du priv\u00e9 via des partenariats avec le secteur public et les partenaires \u00e9trangers.&nbsp;<\/p>\n\n\n\n<p><strong>Akli Amor<\/strong><\/p>\n","protected":false},"excerpt":{"rendered":"<p>\u00ab&nbsp;Le pr\u00e9sident de la&nbsp;R\u00e9publique compte apporter de grandes am\u00e9liorations au climat des affaires dans notre pays afin de permettre aux<\/p>\n","protected":false},"author":3,"featured_media":15053,"comment_status":"open","ping_status":"closed","sticky":false,"template":"","format":"standard","meta":{"colormag_page_container_layout":"default_layout","colormag_page_sidebar_layout":"default_layout","om_disable_all_campaigns":false,"_monsterinsights_skip_tracking":false,"_monsterinsights_sitenote_active":false,"_monsterinsights_sitenote_note":"","_monsterinsights_sitenote_category":0,"footnotes":"","_wpscppro_dont_share_socialmedia":false,"_wpscppro_custom_social_share_image":0,"_facebook_share_type":"","_twitter_share_type":"","_linkedin_share_type":"","_pinterest_share_type":"","_linkedin_share_type_page":"","_instagram_share_type":"","_medium_share_type":"","_threads_share_type":"","_google_business_share_type":"","_selected_social_profile":[],"_wpsp_enable_custom_social_template":false,"_wpsp_social_scheduling":{"enabled":false,"datetime":null,"platforms":[],"status":"template_only","dateOption":"today","timeOption":"now","customDays":"","customHours":"","customDate":"","customTime":"","schedulingType":"absolute"},"_wpsp_active_default_template":true},"categories":[52,27],"tags":[],"class_list":["post-15052","post","type-post","status-publish","format-standard","has-post-thumbnail","hentry","category-a-la-une","category-actualite"],"aioseo_notices":[],"yoast_head":"<!-- This site is optimized with the Yoast SEO plugin v27.5 - https:\/\/yoast.com\/product\/yoast-seo-wordpress\/ -->\n<title>Relance de l\u2019investissement : Cap sur la lev\u00e9e des contraintes bureaucratiques - La Sentinelle<\/title>\n<meta name=\"robots\" content=\"index, follow, max-snippet:-1, max-image-preview:large, max-video-preview:-1\" \/>\n<link rel=\"canonical\" href=\"https:\/\/lasentinelle.dz\/index.php\/2021\/12\/13\/relance-de-linvestissement-cap-sur-la-levee-des-contraintes-bureaucratiques\/\" \/>\n<meta property=\"og:locale\" content=\"fr_FR\" \/>\n<meta property=\"og:type\" content=\"article\" \/>\n<meta property=\"og:title\" content=\"Relance de l\u2019investissement : Cap sur la lev\u00e9e des contraintes bureaucratiques - La Sentinelle\" \/>\n<meta property=\"og:description\" content=\"\u00ab&nbsp;Le pr\u00e9sident de la&nbsp;R\u00e9publique compte apporter de grandes am\u00e9liorations au climat des affaires dans notre pays afin de permettre aux\" \/>\n<meta property=\"og:url\" content=\"https:\/\/lasentinelle.dz\/index.php\/2021\/12\/13\/relance-de-linvestissement-cap-sur-la-levee-des-contraintes-bureaucratiques\/\" \/>\n<meta property=\"og:site_name\" content=\"La Sentinelle\" \/>\n<meta property=\"article:publisher\" content=\"https:\/\/www.facebook.com\/La-Sentinelle-104059864394773\" \/>\n<meta property=\"article:published_time\" content=\"2021-12-12T23:05:00+00:00\" \/>\n<meta property=\"og:image\" content=\"https:\/\/lasentinelle.dz\/wp-content\/uploads\/2021\/12\/215.jpg\" \/>\n\t<meta property=\"og:image:width\" content=\"709\" \/>\n\t<meta property=\"og:image:height\" content=\"495\" \/>\n\t<meta property=\"og:image:type\" content=\"image\/jpeg\" \/>\n<meta name=\"author\" content=\"La Sentinelle\" \/>\n<meta name=\"twitter:card\" content=\"summary_large_image\" \/>\n<meta name=\"twitter:label1\" content=\"\u00c9crit par\" \/>\n\t<meta name=\"twitter:data1\" content=\"La Sentinelle\" \/>\n\t<meta name=\"twitter:label2\" content=\"Dur\u00e9e de lecture estim\u00e9e\" \/>\n\t<meta name=\"twitter:data2\" content=\"2 minutes\" \/>\n<script type=\"application\/ld+json\" class=\"yoast-schema-graph\">{\"@context\":\"https:\\\/\\\/schema.org\",\"@graph\":[{\"@type\":\"Article\",\"@id\":\"https:\\\/\\\/lasentinelle.dz\\\/index.php\\\/2021\\\/12\\\/13\\\/relance-de-linvestissement-cap-sur-la-levee-des-contraintes-bureaucratiques\\\/#article\",\"isPartOf\":{\"@id\":\"https:\\\/\\\/lasentinelle.dz\\\/index.php\\\/2021\\\/12\\\/13\\\/relance-de-linvestissement-cap-sur-la-levee-des-contraintes-bureaucratiques\\\/\"},\"author\":{\"name\":\"La Sentinelle\",\"@id\":\"https:\\\/\\\/lasentinelle.dz\\\/#\\\/schema\\\/person\\\/d865044e22e70a75174ce8bcad3acfb3\"},\"headline\":\"Relance de l\u2019investissement : Cap sur la lev\u00e9e des contraintes bureaucratiques\",\"datePublished\":\"2021-12-12T23:05:00+00:00\",\"mainEntityOfPage\":{\"@id\":\"https:\\\/\\\/lasentinelle.dz\\\/index.php\\\/2021\\\/12\\\/13\\\/relance-de-linvestissement-cap-sur-la-levee-des-contraintes-bureaucratiques\\\/\"},\"wordCount\":539,\"commentCount\":0,\"publisher\":{\"@id\":\"https:\\\/\\\/lasentinelle.dz\\\/#organization\"},\"image\":{\"@id\":\"https:\\\/\\\/lasentinelle.dz\\\/index.php\\\/2021\\\/12\\\/13\\\/relance-de-linvestissement-cap-sur-la-levee-des-contraintes-bureaucratiques\\\/#primaryimage\"},\"thumbnailUrl\":\"https:\\\/\\\/lasentinelle.dz\\\/wp-content\\\/uploads\\\/2021\\\/12\\\/215.jpg\",\"articleSection\":[\"\u00c0 la Une\",\"Actualit\u00e9\"],\"inLanguage\":\"fr-FR\",\"potentialAction\":[{\"@type\":\"CommentAction\",\"name\":\"Comment\",\"target\":[\"https:\\\/\\\/lasentinelle.dz\\\/index.php\\\/2021\\\/12\\\/13\\\/relance-de-linvestissement-cap-sur-la-levee-des-contraintes-bureaucratiques\\\/#respond\"]}]},{\"@type\":\"WebPage\",\"@id\":\"https:\\\/\\\/lasentinelle.dz\\\/index.php\\\/2021\\\/12\\\/13\\\/relance-de-linvestissement-cap-sur-la-levee-des-contraintes-bureaucratiques\\\/\",\"url\":\"https:\\\/\\\/lasentinelle.dz\\\/index.php\\\/2021\\\/12\\\/13\\\/relance-de-linvestissement-cap-sur-la-levee-des-contraintes-bureaucratiques\\\/\",\"name\":\"Relance de l\u2019investissement : Cap sur la lev\u00e9e des contraintes bureaucratiques - La Sentinelle\",\"isPartOf\":{\"@id\":\"https:\\\/\\\/lasentinelle.dz\\\/#website\"},\"primaryImageOfPage\":{\"@id\":\"https:\\\/\\\/lasentinelle.dz\\\/index.php\\\/2021\\\/12\\\/13\\\/relance-de-linvestissement-cap-sur-la-levee-des-contraintes-bureaucratiques\\\/#primaryimage\"},\"image\":{\"@id\":\"https:\\\/\\\/lasentinelle.dz\\\/index.php\\\/2021\\\/12\\\/13\\\/relance-de-linvestissement-cap-sur-la-levee-des-contraintes-bureaucratiques\\\/#primaryimage\"},\"thumbnailUrl\":\"https:\\\/\\\/lasentinelle.dz\\\/wp-content\\\/uploads\\\/2021\\\/12\\\/215.jpg\",\"datePublished\":\"2021-12-12T23:05:00+00:00\",\"breadcrumb\":{\"@id\":\"https:\\\/\\\/lasentinelle.dz\\\/index.php\\\/2021\\\/12\\\/13\\\/relance-de-linvestissement-cap-sur-la-levee-des-contraintes-bureaucratiques\\\/#breadcrumb\"},\"inLanguage\":\"fr-FR\",\"potentialAction\":[{\"@type\":\"ReadAction\",\"target\":[\"https:\\\/\\\/lasentinelle.dz\\\/index.php\\\/2021\\\/12\\\/13\\\/relance-de-linvestissement-cap-sur-la-levee-des-contraintes-bureaucratiques\\\/\"]}]},{\"@type\":\"ImageObject\",\"inLanguage\":\"fr-FR\",\"@id\":\"https:\\\/\\\/lasentinelle.dz\\\/index.php\\\/2021\\\/12\\\/13\\\/relance-de-linvestissement-cap-sur-la-levee-des-contraintes-bureaucratiques\\\/#primaryimage\",\"url\":\"https:\\\/\\\/lasentinelle.dz\\\/wp-content\\\/uploads\\\/2021\\\/12\\\/215.jpg\",\"contentUrl\":\"https:\\\/\\\/lasentinelle.dz\\\/wp-content\\\/uploads\\\/2021\\\/12\\\/215.jpg\",\"width\":709,\"height\":495},{\"@type\":\"BreadcrumbList\",\"@id\":\"https:\\\/\\\/lasentinelle.dz\\\/index.php\\\/2021\\\/12\\\/13\\\/relance-de-linvestissement-cap-sur-la-levee-des-contraintes-bureaucratiques\\\/#breadcrumb\",\"itemListElement\":[{\"@type\":\"ListItem\",\"position\":1,\"name\":\"Accueil\",\"item\":\"https:\\\/\\\/lasentinelle.dz\\\/\"},{\"@type\":\"ListItem\",\"position\":2,\"name\":\"Relance de l\u2019investissement : Cap sur la lev\u00e9e des contraintes bureaucratiques\"}]},{\"@type\":\"WebSite\",\"@id\":\"https:\\\/\\\/lasentinelle.dz\\\/#website\",\"url\":\"https:\\\/\\\/lasentinelle.dz\\\/\",\"name\":\"La Sentinelle\",\"description\":\"Quotidien national d&#039;information\",\"publisher\":{\"@id\":\"https:\\\/\\\/lasentinelle.dz\\\/#organization\"},\"potentialAction\":[{\"@type\":\"SearchAction\",\"target\":{\"@type\":\"EntryPoint\",\"urlTemplate\":\"https:\\\/\\\/lasentinelle.dz\\\/?s={search_term_string}\"},\"query-input\":{\"@type\":\"PropertyValueSpecification\",\"valueRequired\":true,\"valueName\":\"search_term_string\"}}],\"inLanguage\":\"fr-FR\"},{\"@type\":\"Organization\",\"@id\":\"https:\\\/\\\/lasentinelle.dz\\\/#organization\",\"name\":\"Quotidien La Sentinelle\",\"url\":\"https:\\\/\\\/lasentinelle.dz\\\/\",\"logo\":{\"@type\":\"ImageObject\",\"inLanguage\":\"fr-FR\",\"@id\":\"https:\\\/\\\/lasentinelle.dz\\\/#\\\/schema\\\/logo\\\/image\\\/\",\"url\":\"https:\\\/\\\/lasentinelle.dz\\\/wp-content\\\/uploads\\\/2021\\\/09\\\/logo-sentinelleSLOGAN-1.png\",\"contentUrl\":\"https:\\\/\\\/lasentinelle.dz\\\/wp-content\\\/uploads\\\/2021\\\/09\\\/logo-sentinelleSLOGAN-1.png\",\"width\":615,\"height\":142,\"caption\":\"Quotidien La Sentinelle\"},\"image\":{\"@id\":\"https:\\\/\\\/lasentinelle.dz\\\/#\\\/schema\\\/logo\\\/image\\\/\"},\"sameAs\":[\"https:\\\/\\\/www.facebook.com\\\/La-Sentinelle-104059864394773\"]},{\"@type\":\"Person\",\"@id\":\"https:\\\/\\\/lasentinelle.dz\\\/#\\\/schema\\\/person\\\/d865044e22e70a75174ce8bcad3acfb3\",\"name\":\"La Sentinelle\",\"image\":{\"@type\":\"ImageObject\",\"inLanguage\":\"fr-FR\",\"@id\":\"https:\\\/\\\/secure.gravatar.com\\\/avatar\\\/57de8e5d4b15d43fb361a71fbb36338450fe67865b528a43dd10ef7c51a20392?s=96&d=mm&r=g\",\"url\":\"https:\\\/\\\/secure.gravatar.com\\\/avatar\\\/57de8e5d4b15d43fb361a71fbb36338450fe67865b528a43dd10ef7c51a20392?s=96&d=mm&r=g\",\"contentUrl\":\"https:\\\/\\\/secure.gravatar.com\\\/avatar\\\/57de8e5d4b15d43fb361a71fbb36338450fe67865b528a43dd10ef7c51a20392?s=96&d=mm&r=g\",\"caption\":\"La Sentinelle\"},\"sameAs\":[\"http:\\\/\\\/www.lasentinelle.dz\"],\"url\":\"https:\\\/\\\/lasentinelle.dz\\\/author\\\/redaction\\\/\"}]}<\/script>\n<!-- \/ Yoast SEO plugin. -->","yoast_head_json":{"title":"Relance de l\u2019investissement : Cap sur la lev\u00e9e des contraintes bureaucratiques - La Sentinelle","robots":{"index":"index","follow":"follow","max-snippet":"max-snippet:-1","max-image-preview":"max-image-preview:large","max-video-preview":"max-video-preview:-1"},"canonical":"https:\/\/lasentinelle.dz\/index.php\/2021\/12\/13\/relance-de-linvestissement-cap-sur-la-levee-des-contraintes-bureaucratiques\/","og_locale":"fr_FR","og_type":"article","og_title":"Relance de l\u2019investissement : Cap sur la lev\u00e9e des contraintes bureaucratiques - La Sentinelle","og_description":"\u00ab&nbsp;Le pr\u00e9sident de la&nbsp;R\u00e9publique compte apporter de grandes am\u00e9liorations au climat des affaires dans notre pays afin de permettre aux","og_url":"https:\/\/lasentinelle.dz\/index.php\/2021\/12\/13\/relance-de-linvestissement-cap-sur-la-levee-des-contraintes-bureaucratiques\/","og_site_name":"La Sentinelle","article_publisher":"https:\/\/www.facebook.com\/La-Sentinelle-104059864394773","article_published_time":"2021-12-12T23:05:00+00:00","og_image":[{"width":709,"height":495,"url":"https:\/\/lasentinelle.dz\/wp-content\/uploads\/2021\/12\/215.jpg","type":"image\/jpeg"}],"author":"La Sentinelle","twitter_card":"summary_large_image","twitter_misc":{"\u00c9crit par":"La Sentinelle","Dur\u00e9e de lecture estim\u00e9e":"2 minutes"},"schema":{"@context":"https:\/\/schema.org","@graph":[{"@type":"Article","@id":"https:\/\/lasentinelle.dz\/index.php\/2021\/12\/13\/relance-de-linvestissement-cap-sur-la-levee-des-contraintes-bureaucratiques\/#article","isPartOf":{"@id":"https:\/\/lasentinelle.dz\/index.php\/2021\/12\/13\/relance-de-linvestissement-cap-sur-la-levee-des-contraintes-bureaucratiques\/"},"author":{"name":"La Sentinelle","@id":"https:\/\/lasentinelle.dz\/#\/schema\/person\/d865044e22e70a75174ce8bcad3acfb3"},"headline":"Relance de l\u2019investissement : Cap sur la lev\u00e9e des contraintes bureaucratiques","datePublished":"2021-12-12T23:05:00+00:00","mainEntityOfPage":{"@id":"https:\/\/lasentinelle.dz\/index.php\/2021\/12\/13\/relance-de-linvestissement-cap-sur-la-levee-des-contraintes-bureaucratiques\/"},"wordCount":539,"commentCount":0,"publisher":{"@id":"https:\/\/lasentinelle.dz\/#organization"},"image":{"@id":"https:\/\/lasentinelle.dz\/index.php\/2021\/12\/13\/relance-de-linvestissement-cap-sur-la-levee-des-contraintes-bureaucratiques\/#primaryimage"},"thumbnailUrl":"https:\/\/lasentinelle.dz\/wp-content\/uploads\/2021\/12\/215.jpg","articleSection":["\u00c0 la Une","Actualit\u00e9"],"inLanguage":"fr-FR","potentialAction":[{"@type":"CommentAction","name":"Comment","target":["https:\/\/lasentinelle.dz\/index.php\/2021\/12\/13\/relance-de-linvestissement-cap-sur-la-levee-des-contraintes-bureaucratiques\/#respond"]}]},{"@type":"WebPage","@id":"https:\/\/lasentinelle.dz\/index.php\/2021\/12\/13\/relance-de-linvestissement-cap-sur-la-levee-des-contraintes-bureaucratiques\/","url":"https:\/\/lasentinelle.dz\/index.php\/2021\/12\/13\/relance-de-linvestissement-cap-sur-la-levee-des-contraintes-bureaucratiques\/","name":"Relance de l\u2019investissement : Cap sur la lev\u00e9e des contraintes bureaucratiques - La Sentinelle","isPartOf":{"@id":"https:\/\/lasentinelle.dz\/#website"},"primaryImageOfPage":{"@id":"https:\/\/lasentinelle.dz\/index.php\/2021\/12\/13\/relance-de-linvestissement-cap-sur-la-levee-des-contraintes-bureaucratiques\/#primaryimage"},"image":{"@id":"https:\/\/lasentinelle.dz\/index.php\/2021\/12\/13\/relance-de-linvestissement-cap-sur-la-levee-des-contraintes-bureaucratiques\/#primaryimage"},"thumbnailUrl":"https:\/\/lasentinelle.dz\/wp-content\/uploads\/2021\/12\/215.jpg","datePublished":"2021-12-12T23:05:00+00:00","breadcrumb":{"@id":"https:\/\/lasentinelle.dz\/index.php\/2021\/12\/13\/relance-de-linvestissement-cap-sur-la-levee-des-contraintes-bureaucratiques\/#breadcrumb"},"inLanguage":"fr-FR","potentialAction":[{"@type":"ReadAction","target":["https:\/\/lasentinelle.dz\/index.php\/2021\/12\/13\/relance-de-linvestissement-cap-sur-la-levee-des-contraintes-bureaucratiques\/"]}]},{"@type":"ImageObject","inLanguage":"fr-FR","@id":"https:\/\/lasentinelle.dz\/index.php\/2021\/12\/13\/relance-de-linvestissement-cap-sur-la-levee-des-contraintes-bureaucratiques\/#primaryimage","url":"https:\/\/lasentinelle.dz\/wp-content\/uploads\/2021\/12\/215.jpg","contentUrl":"https:\/\/lasentinelle.dz\/wp-content\/uploads\/2021\/12\/215.jpg","width":709,"height":495},{"@type":"BreadcrumbList","@id":"https:\/\/lasentinelle.dz\/index.php\/2021\/12\/13\/relance-de-linvestissement-cap-sur-la-levee-des-contraintes-bureaucratiques\/#breadcrumb","itemListElement":[{"@type":"ListItem","position":1,"name":"Accueil","item":"https:\/\/lasentinelle.dz\/"},{"@type":"ListItem","position":2,"name":"Relance de l\u2019investissement : Cap sur la lev\u00e9e des contraintes bureaucratiques"}]},{"@type":"WebSite","@id":"https:\/\/lasentinelle.dz\/#website","url":"https:\/\/lasentinelle.dz\/","name":"La Sentinelle","description":"Quotidien national d&#039;information","publisher":{"@id":"https:\/\/lasentinelle.dz\/#organization"},"potentialAction":[{"@type":"SearchAction","target":{"@type":"EntryPoint","urlTemplate":"https:\/\/lasentinelle.dz\/?s={search_term_string}"},"query-input":{"@type":"PropertyValueSpecification","valueRequired":true,"valueName":"search_term_string"}}],"inLanguage":"fr-FR"},{"@type":"Organization","@id":"https:\/\/lasentinelle.dz\/#organization","name":"Quotidien La Sentinelle","url":"https:\/\/lasentinelle.dz\/","logo":{"@type":"ImageObject","inLanguage":"fr-FR","@id":"https:\/\/lasentinelle.dz\/#\/schema\/logo\/image\/","url":"https:\/\/lasentinelle.dz\/wp-content\/uploads\/2021\/09\/logo-sentinelleSLOGAN-1.png","contentUrl":"https:\/\/lasentinelle.dz\/wp-content\/uploads\/2021\/09\/logo-sentinelleSLOGAN-1.png","width":615,"height":142,"caption":"Quotidien La Sentinelle"},"image":{"@id":"https:\/\/lasentinelle.dz\/#\/schema\/logo\/image\/"},"sameAs":["https:\/\/www.facebook.com\/La-Sentinelle-104059864394773"]},{"@type":"Person","@id":"https:\/\/lasentinelle.dz\/#\/schema\/person\/d865044e22e70a75174ce8bcad3acfb3","name":"La Sentinelle","image":{"@type":"ImageObject","inLanguage":"fr-FR","@id":"https:\/\/secure.gravatar.com\/avatar\/57de8e5d4b15d43fb361a71fbb36338450fe67865b528a43dd10ef7c51a20392?s=96&d=mm&r=g","url":"https:\/\/secure.gravatar.com\/avatar\/57de8e5d4b15d43fb361a71fbb36338450fe67865b528a43dd10ef7c51a20392?s=96&d=mm&r=g","contentUrl":"https:\/\/secure.gravatar.com\/avatar\/57de8e5d4b15d43fb361a71fbb36338450fe67865b528a43dd10ef7c51a20392?s=96&d=mm&r=g","caption":"La Sentinelle"},"sameAs":["http:\/\/www.lasentinelle.dz"],"url":"https:\/\/lasentinelle.dz\/author\/redaction\/"}]}},"_links":{"self":[{"href":"https:\/\/lasentinelle.dz\/index.php\/wp-json\/wp\/v2\/posts\/15052","targetHints":{"allow":["GET"]}}],"collection":[{"href":"https:\/\/lasentinelle.dz\/index.php\/wp-json\/wp\/v2\/posts"}],"about":[{"href":"https:\/\/lasentinelle.dz\/index.php\/wp-json\/wp\/v2\/types\/post"}],"author":[{"embeddable":true,"href":"https:\/\/lasentinelle.dz\/index.php\/wp-json\/wp\/v2\/users\/3"}],"replies":[{"embeddable":true,"href":"https:\/\/lasentinelle.dz\/index.php\/wp-json\/wp\/v2\/comments?post=15052"}],"version-history":[{"count":1,"href":"https:\/\/lasentinelle.dz\/index.php\/wp-json\/wp\/v2\/posts\/15052\/revisions"}],"predecessor-version":[{"id":15054,"href":"https:\/\/lasentinelle.dz\/index.php\/wp-json\/wp\/v2\/posts\/15052\/revisions\/15054"}],"wp:featuredmedia":[{"embeddable":true,"href":"https:\/\/lasentinelle.dz\/index.php\/wp-json\/wp\/v2\/media\/15053"}],"wp:attachment":[{"href":"https:\/\/lasentinelle.dz\/index.php\/wp-json\/wp\/v2\/media?parent=15052"}],"wp:term":[{"taxonomy":"category","embeddable":true,"href":"https:\/\/lasentinelle.dz\/index.php\/wp-json\/wp\/v2\/categories?post=15052"},{"taxonomy":"post_tag","embeddable":true,"href":"https:\/\/lasentinelle.dz\/index.php\/wp-json\/wp\/v2\/tags?post=15052"}],"curies":[{"name":"wp","href":"https:\/\/api.w.org\/{rel}","templated":true}]}}