{"id":15097,"date":"2021-12-13T00:05:00","date_gmt":"2021-12-12T23:05:00","guid":{"rendered":"https:\/\/lasentinelle.dz\/?p=15097"},"modified":"2021-12-12T21:20:08","modified_gmt":"2021-12-12T20:20:08","slug":"les-fennecs-simposent-face-aux-lions-de-latlas-la-victoire-des-justes","status":"publish","type":"post","link":"https:\/\/lasentinelle.dz\/index.php\/2021\/12\/13\/les-fennecs-simposent-face-aux-lions-de-latlas-la-victoire-des-justes\/","title":{"rendered":"Les Fennecs s\u2019imposent face aux Lions de l\u2019Atlas : La victoire des justes !"},"content":{"rendered":"\n<p>es Verts ont pris le meilleur samedi soir sur le Maroc en quart de final de la Coupe arabe des nations. Une victoire qui a combl\u00e9 les millions de supporters alg\u00e9riens qui se sont empress\u00e9s de c\u00e9l\u00e9brer le succ\u00e8s. Une victoire qui d\u00e9passe le simple cadre sportif.&nbsp;<\/p>\n\n\n\n<p>En prenant l\u2019ascendant sur la s\u00e9lection marocaine, les Fennecs ont sign\u00e9 le sacre du fairplay. Mieux, c\u2019est la victoire des justes qui donnent ainsi une le\u00e7on d\u2019humilit\u00e9 \u00e0 un Makhzen qui a voulu instrumentaliser une qualification qu\u2019il croyait acquise \u00e0 des fins de propagande, et qui s\u2019en trouve ainsi contrari\u00e9 dans ses plans. Au contraire, la victoire des Verts \u00e0 mis \u00e0 nu l\u2019isolement du r\u00e9gime marocain, aujourd\u2019hui isol\u00e9 sur la sc\u00e8ne arabe et vomis par son peuple.&nbsp;&nbsp;Les Alg\u00e9riens sont sortis samedi soir en Alg\u00e9rie et en Europe pour c\u00e9l\u00e9brer la victoire. Et ils ont \u00e9t\u00e9 rejoints dans la c\u00e9l\u00e9bration par leurs fr\u00e8res arabes. Un air de f\u00eate a plan\u00e9 sur le ciel de Ghaza, o\u00f9 les Palestiniens sont \u00e9galement sortis pour exprimer leur joie quant \u00e0 cette victoire. Dans les territoires sahraouis occup\u00e9s, la population a brav\u00e9 la r\u00e9pression et le blocus de la police de l\u2019occupant pour f\u00eater aussi la qualification alg\u00e9rienne. Les Tunisiens n\u2019ont pas \u00e9t\u00e9 en reste. D\u2019ailleurs des supporters tunisiens et palestiniens ont rejoints les supporters alg\u00e9riens dans les gradins \u00e0 Doha pour donner de la voix et apporter tout leur soutien aux Fennecs. Un amour affich\u00e9 pour les Verts et \u00e0 travers \u00e0 l\u2019Alg\u00e9rie qui impose ainsi son leadership gr\u00e2ce \u00e0 ses positions constantes en faveur des causes justes et de soutiens pour les peuples opprim\u00e9s.&nbsp;&nbsp;Un soutien que les joueurs de la s\u00e9lection nationale ont d\u2019ailleurs clairement r\u00e9affirm\u00e9 samedi soir en portant le drapeau palestinien aux c\u00f4t\u00e9s de l\u2019embl\u00e8me national, un camouflet de plus pour ceux qui fomentent des plans de divisions et de d\u00e9stabilisation du monde arabe et qui cherchent une normalisation \u00e0 marche forc\u00e9e avec l\u2019entit\u00e9 sioniste.&nbsp;<\/p>\n\n\n\n<p>Une victoire qui intervient aussi le soir de la c\u00e9l\u00e9bration du 61<sup>e<\/sup>&nbsp;anniversaire du 11 d\u00e9cembre 1960. Une comm\u00e9moration qui c\u00e9l\u00e8bre l\u2019unit\u00e9 du peuple alg\u00e9rien dans sa lutte pour la libert\u00e9 des peuples opprim\u00e9s. Une unit\u00e9 dont les Alg\u00e9riens ont une nouvelle fois fait montre samedi soir pour f\u00eater leurs champions lesquels ont une nouvelle fois su porter haut les couleurs de l\u2019Alg\u00e9rie. D\u2019ailleurs le pr\u00e9sident de la R\u00e9publique, Abdelmadjid Tebboune a donn\u00e9 le ton samedi soir apr\u00e8s la victoire des Verts. \u00ab&nbsp;Un million et demi de f\u00e9licitations aux champions&nbsp;\u00bb, a \u00e9crit le pr\u00e9sident de la R\u00e9publique sur son compte Twitter.<\/p>\n\n\n\n<p>Le Premier ministre A\u00efmene Benabderrahmane a lui aussi f\u00e9licit\u00e9 les Verts. \u00ab&nbsp;Vous \u00e9tiez comme un seul homme. Avec d\u00e9termination et pers\u00e9v\u00e9rance vous&nbsp;&nbsp;&nbsp;avez r\u00e9alis\u00e9 la qualification. F\u00e9licitation \u00e0 notre s\u00e9lection pour avoir&nbsp;&nbsp;atteint les demi-finales de la coupe arabe. Avec cette image vous avez&nbsp;&nbsp;&nbsp;raviv\u00e9 notre m\u00e9moire alors que nous comm\u00e9morons le 61\u00e8me anniversaire des&nbsp;&nbsp;&nbsp;manifestation du 11 d\u00e9cembre&nbsp;&nbsp;1960. F\u00e9licitation mille fois et Inchallah la&nbsp;&nbsp;finale et la coupe\u00a0\u00bb, a \u00e9crit le Premier ministre sur son compte tweeter.&nbsp;De son c\u00f4t\u00e9 le&nbsp;chef d&rsquo;Etat-Major de l&rsquo;ANP, le G\u00e9n\u00e9ral de corps d\u2019Arm\u00e9e Said Chanegriha&nbsp;a, dans un message, f\u00e9licit\u00e9 la s\u00e9lection&nbsp;&nbsp;&nbsp;alg\u00e9rienne pour sa victoire et sa qualification, lui souhaitant \u00ab\u00a0davantage&nbsp;&nbsp;&nbsp;de succ\u00e8s\u00a0\u00bb.&nbsp;<\/p>\n\n\n\n<p><strong>Nouvelle gifle pour le Makhzen<\/strong><\/p>\n\n\n\n<p>La qualification des Verts est aussi une nouvelle gifle pour le Makhzen qui cherche \u00e0 instrumentaliser les \u00e9v\u00e8nements sportifs pour imposer ses vis\u00e9es expansionnistes. Elle intervient alors que le r\u00e9gime marocain doit encore dig\u00e9rer un camouflet de la conf\u00e9d\u00e9ration africaine de handball&nbsp;qui a d\u00e9cid\u00e9 de reporter la Coupe d\u2019Afrique de handball apr\u00e8s que plusieurs membres aient introduit des recours pour s\u2019opposer \u00e0 la programmation de certains matchs dans les territoires sahraouis occup\u00e9s.<\/p>\n\n\n\n<p>Aussi, le Makhzen a tent\u00e9 de faire d\u2019une hypoth\u00e9tique victoire face \u00e0 l\u2019Alg\u00e9rie un argument politique pour justifier la normalisation de son football, et dans un sens plus large sa politique de normalisation avec l\u2019entit\u00e9 sioniste. Il cherchait surtout \u00e0 d\u00e9tourner l\u2019attention des Marocains des difficult\u00e9s socio-\u00e9conomiques auxquels ils font face et qui alimentent un v\u00e9ritable bouillonnement sur le front social. C\u2019est ainsi que le Makhzen a multipli\u00e9 les provocations en incitant sa presse inf\u00e9od\u00e9e \u00e0 pr\u00e9tendre que les joueurs de la s\u00e9lection marocaine b\u00e9n\u00e9ficieraient d\u2019une prime de 30.000 euros en cas de victoire, ou encore que les supporters marocains entonneraient l\u2019hymne de la marche verte \u00e0 la 75<sup>e<\/sup>&nbsp;minute du match. Le r\u00e9gime marocain a tout fait pour alimenter les tensions avant le match et \u00e0 en faire un \u00e9v\u00e9nement devant justifier sa politique. Or, cela a eu un effet boomrang sur le Makhzen qui fait face \u00e0 un retour de flamme.&nbsp;&nbsp;<\/p>\n\n\n\n<p>En fait, la victoire de l&rsquo;\u00e9quipe alg\u00e9rienne a, en plus d&rsquo;avoir permis aux Verts de se qualifier au&nbsp;dernier carr\u00e9,&nbsp;permis de mieux r\u00e9v\u00e9ler l\u2019isolement du Makhzen et a&nbsp;mis en \u00e9vidence l&rsquo;image reluisante de l&rsquo;Alg\u00e9rie parmi les peuples arabes qui voient en elle un pays qui maintient, allum\u00e9e, la flamme du peuple palestinien en qu\u00eate de sa libert\u00e9. La c\u00e9l\u00e9bration dans plusieurs villes arabes de la victoire des fennecs rappelle au&nbsp;Makhzen et ses alli\u00e9s que l&rsquo;Alg\u00e9rie demeure souveraine dans ses positions sur toutes les questions. Des positions de principes qui en font d&rsquo;elle un alli\u00e9 de toutes les causes justes sur le continent africains et dans le monde.Un continent africain qui se rallie d&rsquo;ailleurs aux positions alg\u00e9riennes jour apr\u00e8s jours gr\u00e2ce \u00e0 une diplomatie active depuis ces deux derni\u00e8res ann\u00e9es particuli\u00e8rement.&nbsp;<\/p>\n\n\n\n<p><strong>Akli Amor<\/strong><\/p>\n","protected":false},"excerpt":{"rendered":"<p>es Verts ont pris le meilleur samedi soir sur le Maroc en quart de final de la Coupe arabe des<\/p>\n","protected":false},"author":3,"featured_media":15098,"comment_status":"open","ping_status":"closed","sticky":false,"template":"","format":"standard","meta":{"colormag_page_container_layout":"default_layout","colormag_page_sidebar_layout":"default_layout","om_disable_all_campaigns":false,"_monsterinsights_skip_tracking":false,"_monsterinsights_sitenote_active":false,"_monsterinsights_sitenote_note":"","_monsterinsights_sitenote_category":0,"footnotes":"","_wpscppro_dont_share_socialmedia":false,"_wpscppro_custom_social_share_image":0,"_facebook_share_type":"","_twitter_share_type":"","_linkedin_share_type":"","_pinterest_share_type":"","_linkedin_share_type_page":"","_instagram_share_type":"","_medium_share_type":"","_threads_share_type":"","_google_business_share_type":"","_selected_social_profile":[],"_wpsp_enable_custom_social_template":false,"_wpsp_social_scheduling":{"enabled":false,"datetime":null,"platforms":[],"status":"template_only","dateOption":"today","timeOption":"now","customDays":"","customHours":"","customDate":"","customTime":"","schedulingType":"absolute"},"_wpsp_active_default_template":true},"categories":[52,33],"tags":[],"class_list":["post-15097","post","type-post","status-publish","format-standard","has-post-thumbnail","hentry","category-a-la-une","category-sports"],"aioseo_notices":[],"yoast_head":"<!-- This site is optimized with the Yoast SEO plugin v27.5 - https:\/\/yoast.com\/product\/yoast-seo-wordpress\/ -->\n<title>Les Fennecs s\u2019imposent face aux Lions de l\u2019Atlas : La victoire des justes ! - La Sentinelle<\/title>\n<meta name=\"robots\" content=\"index, follow, max-snippet:-1, max-image-preview:large, max-video-preview:-1\" \/>\n<link rel=\"canonical\" href=\"https:\/\/lasentinelle.dz\/index.php\/2021\/12\/13\/les-fennecs-simposent-face-aux-lions-de-latlas-la-victoire-des-justes\/\" \/>\n<meta property=\"og:locale\" content=\"fr_FR\" \/>\n<meta property=\"og:type\" content=\"article\" \/>\n<meta property=\"og:title\" content=\"Les Fennecs s\u2019imposent face aux Lions de l\u2019Atlas : La victoire des justes ! - La Sentinelle\" \/>\n<meta property=\"og:description\" content=\"es Verts ont pris le meilleur samedi soir sur le Maroc en quart de final de la Coupe arabe des\" \/>\n<meta property=\"og:url\" content=\"https:\/\/lasentinelle.dz\/index.php\/2021\/12\/13\/les-fennecs-simposent-face-aux-lions-de-latlas-la-victoire-des-justes\/\" \/>\n<meta property=\"og:site_name\" content=\"La Sentinelle\" \/>\n<meta property=\"article:publisher\" content=\"https:\/\/www.facebook.com\/La-Sentinelle-104059864394773\" \/>\n<meta property=\"article:published_time\" content=\"2021-12-12T23:05:00+00:00\" \/>\n<meta property=\"og:image\" content=\"https:\/\/lasentinelle.dz\/wp-content\/uploads\/2021\/12\/fennecs-2-1.png\" \/>\n\t<meta property=\"og:image:width\" content=\"1311\" \/>\n\t<meta property=\"og:image:height\" content=\"900\" \/>\n\t<meta property=\"og:image:type\" content=\"image\/png\" \/>\n<meta name=\"author\" content=\"La Sentinelle\" \/>\n<meta name=\"twitter:card\" content=\"summary_large_image\" \/>\n<meta name=\"twitter:label1\" content=\"\u00c9crit par\" \/>\n\t<meta name=\"twitter:data1\" content=\"La Sentinelle\" \/>\n\t<meta name=\"twitter:label2\" content=\"Dur\u00e9e de lecture estim\u00e9e\" \/>\n\t<meta name=\"twitter:data2\" content=\"4 minutes\" \/>\n<script type=\"application\/ld+json\" class=\"yoast-schema-graph\">{\"@context\":\"https:\\\/\\\/schema.org\",\"@graph\":[{\"@type\":\"Article\",\"@id\":\"https:\\\/\\\/lasentinelle.dz\\\/index.php\\\/2021\\\/12\\\/13\\\/les-fennecs-simposent-face-aux-lions-de-latlas-la-victoire-des-justes\\\/#article\",\"isPartOf\":{\"@id\":\"https:\\\/\\\/lasentinelle.dz\\\/index.php\\\/2021\\\/12\\\/13\\\/les-fennecs-simposent-face-aux-lions-de-latlas-la-victoire-des-justes\\\/\"},\"author\":{\"name\":\"La Sentinelle\",\"@id\":\"https:\\\/\\\/lasentinelle.dz\\\/#\\\/schema\\\/person\\\/d865044e22e70a75174ce8bcad3acfb3\"},\"headline\":\"Les Fennecs s\u2019imposent face aux Lions de l\u2019Atlas : La victoire des justes !\",\"datePublished\":\"2021-12-12T23:05:00+00:00\",\"mainEntityOfPage\":{\"@id\":\"https:\\\/\\\/lasentinelle.dz\\\/index.php\\\/2021\\\/12\\\/13\\\/les-fennecs-simposent-face-aux-lions-de-latlas-la-victoire-des-justes\\\/\"},\"wordCount\":1084,\"commentCount\":0,\"publisher\":{\"@id\":\"https:\\\/\\\/lasentinelle.dz\\\/#organization\"},\"image\":{\"@id\":\"https:\\\/\\\/lasentinelle.dz\\\/index.php\\\/2021\\\/12\\\/13\\\/les-fennecs-simposent-face-aux-lions-de-latlas-la-victoire-des-justes\\\/#primaryimage\"},\"thumbnailUrl\":\"https:\\\/\\\/lasentinelle.dz\\\/wp-content\\\/uploads\\\/2021\\\/12\\\/fennecs-2-1.png\",\"articleSection\":[\"\u00c0 la Une\",\"Sports\"],\"inLanguage\":\"fr-FR\",\"potentialAction\":[{\"@type\":\"CommentAction\",\"name\":\"Comment\",\"target\":[\"https:\\\/\\\/lasentinelle.dz\\\/index.php\\\/2021\\\/12\\\/13\\\/les-fennecs-simposent-face-aux-lions-de-latlas-la-victoire-des-justes\\\/#respond\"]}]},{\"@type\":\"WebPage\",\"@id\":\"https:\\\/\\\/lasentinelle.dz\\\/index.php\\\/2021\\\/12\\\/13\\\/les-fennecs-simposent-face-aux-lions-de-latlas-la-victoire-des-justes\\\/\",\"url\":\"https:\\\/\\\/lasentinelle.dz\\\/index.php\\\/2021\\\/12\\\/13\\\/les-fennecs-simposent-face-aux-lions-de-latlas-la-victoire-des-justes\\\/\",\"name\":\"Les Fennecs s\u2019imposent face aux Lions de l\u2019Atlas : La victoire des justes ! - La Sentinelle\",\"isPartOf\":{\"@id\":\"https:\\\/\\\/lasentinelle.dz\\\/#website\"},\"primaryImageOfPage\":{\"@id\":\"https:\\\/\\\/lasentinelle.dz\\\/index.php\\\/2021\\\/12\\\/13\\\/les-fennecs-simposent-face-aux-lions-de-latlas-la-victoire-des-justes\\\/#primaryimage\"},\"image\":{\"@id\":\"https:\\\/\\\/lasentinelle.dz\\\/index.php\\\/2021\\\/12\\\/13\\\/les-fennecs-simposent-face-aux-lions-de-latlas-la-victoire-des-justes\\\/#primaryimage\"},\"thumbnailUrl\":\"https:\\\/\\\/lasentinelle.dz\\\/wp-content\\\/uploads\\\/2021\\\/12\\\/fennecs-2-1.png\",\"datePublished\":\"2021-12-12T23:05:00+00:00\",\"breadcrumb\":{\"@id\":\"https:\\\/\\\/lasentinelle.dz\\\/index.php\\\/2021\\\/12\\\/13\\\/les-fennecs-simposent-face-aux-lions-de-latlas-la-victoire-des-justes\\\/#breadcrumb\"},\"inLanguage\":\"fr-FR\",\"potentialAction\":[{\"@type\":\"ReadAction\",\"target\":[\"https:\\\/\\\/lasentinelle.dz\\\/index.php\\\/2021\\\/12\\\/13\\\/les-fennecs-simposent-face-aux-lions-de-latlas-la-victoire-des-justes\\\/\"]}]},{\"@type\":\"ImageObject\",\"inLanguage\":\"fr-FR\",\"@id\":\"https:\\\/\\\/lasentinelle.dz\\\/index.php\\\/2021\\\/12\\\/13\\\/les-fennecs-simposent-face-aux-lions-de-latlas-la-victoire-des-justes\\\/#primaryimage\",\"url\":\"https:\\\/\\\/lasentinelle.dz\\\/wp-content\\\/uploads\\\/2021\\\/12\\\/fennecs-2-1.png\",\"contentUrl\":\"https:\\\/\\\/lasentinelle.dz\\\/wp-content\\\/uploads\\\/2021\\\/12\\\/fennecs-2-1.png\",\"width\":1311,\"height\":900},{\"@type\":\"BreadcrumbList\",\"@id\":\"https:\\\/\\\/lasentinelle.dz\\\/index.php\\\/2021\\\/12\\\/13\\\/les-fennecs-simposent-face-aux-lions-de-latlas-la-victoire-des-justes\\\/#breadcrumb\",\"itemListElement\":[{\"@type\":\"ListItem\",\"position\":1,\"name\":\"Accueil\",\"item\":\"https:\\\/\\\/lasentinelle.dz\\\/\"},{\"@type\":\"ListItem\",\"position\":2,\"name\":\"Les Fennecs s\u2019imposent face aux Lions de l\u2019Atlas : La victoire des justes !\"}]},{\"@type\":\"WebSite\",\"@id\":\"https:\\\/\\\/lasentinelle.dz\\\/#website\",\"url\":\"https:\\\/\\\/lasentinelle.dz\\\/\",\"name\":\"La Sentinelle\",\"description\":\"Quotidien national d&#039;information\",\"publisher\":{\"@id\":\"https:\\\/\\\/lasentinelle.dz\\\/#organization\"},\"potentialAction\":[{\"@type\":\"SearchAction\",\"target\":{\"@type\":\"EntryPoint\",\"urlTemplate\":\"https:\\\/\\\/lasentinelle.dz\\\/?s={search_term_string}\"},\"query-input\":{\"@type\":\"PropertyValueSpecification\",\"valueRequired\":true,\"valueName\":\"search_term_string\"}}],\"inLanguage\":\"fr-FR\"},{\"@type\":\"Organization\",\"@id\":\"https:\\\/\\\/lasentinelle.dz\\\/#organization\",\"name\":\"Quotidien La Sentinelle\",\"url\":\"https:\\\/\\\/lasentinelle.dz\\\/\",\"logo\":{\"@type\":\"ImageObject\",\"inLanguage\":\"fr-FR\",\"@id\":\"https:\\\/\\\/lasentinelle.dz\\\/#\\\/schema\\\/logo\\\/image\\\/\",\"url\":\"https:\\\/\\\/lasentinelle.dz\\\/wp-content\\\/uploads\\\/2021\\\/09\\\/logo-sentinelleSLOGAN-1.png\",\"contentUrl\":\"https:\\\/\\\/lasentinelle.dz\\\/wp-content\\\/uploads\\\/2021\\\/09\\\/logo-sentinelleSLOGAN-1.png\",\"width\":615,\"height\":142,\"caption\":\"Quotidien La Sentinelle\"},\"image\":{\"@id\":\"https:\\\/\\\/lasentinelle.dz\\\/#\\\/schema\\\/logo\\\/image\\\/\"},\"sameAs\":[\"https:\\\/\\\/www.facebook.com\\\/La-Sentinelle-104059864394773\"]},{\"@type\":\"Person\",\"@id\":\"https:\\\/\\\/lasentinelle.dz\\\/#\\\/schema\\\/person\\\/d865044e22e70a75174ce8bcad3acfb3\",\"name\":\"La Sentinelle\",\"image\":{\"@type\":\"ImageObject\",\"inLanguage\":\"fr-FR\",\"@id\":\"https:\\\/\\\/secure.gravatar.com\\\/avatar\\\/57de8e5d4b15d43fb361a71fbb36338450fe67865b528a43dd10ef7c51a20392?s=96&d=mm&r=g\",\"url\":\"https:\\\/\\\/secure.gravatar.com\\\/avatar\\\/57de8e5d4b15d43fb361a71fbb36338450fe67865b528a43dd10ef7c51a20392?s=96&d=mm&r=g\",\"contentUrl\":\"https:\\\/\\\/secure.gravatar.com\\\/avatar\\\/57de8e5d4b15d43fb361a71fbb36338450fe67865b528a43dd10ef7c51a20392?s=96&d=mm&r=g\",\"caption\":\"La Sentinelle\"},\"sameAs\":[\"http:\\\/\\\/www.lasentinelle.dz\"],\"url\":\"https:\\\/\\\/lasentinelle.dz\\\/author\\\/redaction\\\/\"}]}<\/script>\n<!-- \/ Yoast SEO plugin. -->","yoast_head_json":{"title":"Les Fennecs s\u2019imposent face aux Lions de l\u2019Atlas : La victoire des justes ! - La Sentinelle","robots":{"index":"index","follow":"follow","max-snippet":"max-snippet:-1","max-image-preview":"max-image-preview:large","max-video-preview":"max-video-preview:-1"},"canonical":"https:\/\/lasentinelle.dz\/index.php\/2021\/12\/13\/les-fennecs-simposent-face-aux-lions-de-latlas-la-victoire-des-justes\/","og_locale":"fr_FR","og_type":"article","og_title":"Les Fennecs s\u2019imposent face aux Lions de l\u2019Atlas : La victoire des justes ! - La Sentinelle","og_description":"es Verts ont pris le meilleur samedi soir sur le Maroc en quart de final de la Coupe arabe des","og_url":"https:\/\/lasentinelle.dz\/index.php\/2021\/12\/13\/les-fennecs-simposent-face-aux-lions-de-latlas-la-victoire-des-justes\/","og_site_name":"La Sentinelle","article_publisher":"https:\/\/www.facebook.com\/La-Sentinelle-104059864394773","article_published_time":"2021-12-12T23:05:00+00:00","og_image":[{"width":1311,"height":900,"url":"https:\/\/lasentinelle.dz\/wp-content\/uploads\/2021\/12\/fennecs-2-1.png","type":"image\/png"}],"author":"La Sentinelle","twitter_card":"summary_large_image","twitter_misc":{"\u00c9crit par":"La Sentinelle","Dur\u00e9e de lecture estim\u00e9e":"4 minutes"},"schema":{"@context":"https:\/\/schema.org","@graph":[{"@type":"Article","@id":"https:\/\/lasentinelle.dz\/index.php\/2021\/12\/13\/les-fennecs-simposent-face-aux-lions-de-latlas-la-victoire-des-justes\/#article","isPartOf":{"@id":"https:\/\/lasentinelle.dz\/index.php\/2021\/12\/13\/les-fennecs-simposent-face-aux-lions-de-latlas-la-victoire-des-justes\/"},"author":{"name":"La Sentinelle","@id":"https:\/\/lasentinelle.dz\/#\/schema\/person\/d865044e22e70a75174ce8bcad3acfb3"},"headline":"Les Fennecs s\u2019imposent face aux Lions de l\u2019Atlas : La victoire des justes !","datePublished":"2021-12-12T23:05:00+00:00","mainEntityOfPage":{"@id":"https:\/\/lasentinelle.dz\/index.php\/2021\/12\/13\/les-fennecs-simposent-face-aux-lions-de-latlas-la-victoire-des-justes\/"},"wordCount":1084,"commentCount":0,"publisher":{"@id":"https:\/\/lasentinelle.dz\/#organization"},"image":{"@id":"https:\/\/lasentinelle.dz\/index.php\/2021\/12\/13\/les-fennecs-simposent-face-aux-lions-de-latlas-la-victoire-des-justes\/#primaryimage"},"thumbnailUrl":"https:\/\/lasentinelle.dz\/wp-content\/uploads\/2021\/12\/fennecs-2-1.png","articleSection":["\u00c0 la Une","Sports"],"inLanguage":"fr-FR","potentialAction":[{"@type":"CommentAction","name":"Comment","target":["https:\/\/lasentinelle.dz\/index.php\/2021\/12\/13\/les-fennecs-simposent-face-aux-lions-de-latlas-la-victoire-des-justes\/#respond"]}]},{"@type":"WebPage","@id":"https:\/\/lasentinelle.dz\/index.php\/2021\/12\/13\/les-fennecs-simposent-face-aux-lions-de-latlas-la-victoire-des-justes\/","url":"https:\/\/lasentinelle.dz\/index.php\/2021\/12\/13\/les-fennecs-simposent-face-aux-lions-de-latlas-la-victoire-des-justes\/","name":"Les Fennecs s\u2019imposent face aux Lions de l\u2019Atlas : La victoire des justes ! - La Sentinelle","isPartOf":{"@id":"https:\/\/lasentinelle.dz\/#website"},"primaryImageOfPage":{"@id":"https:\/\/lasentinelle.dz\/index.php\/2021\/12\/13\/les-fennecs-simposent-face-aux-lions-de-latlas-la-victoire-des-justes\/#primaryimage"},"image":{"@id":"https:\/\/lasentinelle.dz\/index.php\/2021\/12\/13\/les-fennecs-simposent-face-aux-lions-de-latlas-la-victoire-des-justes\/#primaryimage"},"thumbnailUrl":"https:\/\/lasentinelle.dz\/wp-content\/uploads\/2021\/12\/fennecs-2-1.png","datePublished":"2021-12-12T23:05:00+00:00","breadcrumb":{"@id":"https:\/\/lasentinelle.dz\/index.php\/2021\/12\/13\/les-fennecs-simposent-face-aux-lions-de-latlas-la-victoire-des-justes\/#breadcrumb"},"inLanguage":"fr-FR","potentialAction":[{"@type":"ReadAction","target":["https:\/\/lasentinelle.dz\/index.php\/2021\/12\/13\/les-fennecs-simposent-face-aux-lions-de-latlas-la-victoire-des-justes\/"]}]},{"@type":"ImageObject","inLanguage":"fr-FR","@id":"https:\/\/lasentinelle.dz\/index.php\/2021\/12\/13\/les-fennecs-simposent-face-aux-lions-de-latlas-la-victoire-des-justes\/#primaryimage","url":"https:\/\/lasentinelle.dz\/wp-content\/uploads\/2021\/12\/fennecs-2-1.png","contentUrl":"https:\/\/lasentinelle.dz\/wp-content\/uploads\/2021\/12\/fennecs-2-1.png","width":1311,"height":900},{"@type":"BreadcrumbList","@id":"https:\/\/lasentinelle.dz\/index.php\/2021\/12\/13\/les-fennecs-simposent-face-aux-lions-de-latlas-la-victoire-des-justes\/#breadcrumb","itemListElement":[{"@type":"ListItem","position":1,"name":"Accueil","item":"https:\/\/lasentinelle.dz\/"},{"@type":"ListItem","position":2,"name":"Les Fennecs s\u2019imposent face aux Lions de l\u2019Atlas : La victoire des justes !"}]},{"@type":"WebSite","@id":"https:\/\/lasentinelle.dz\/#website","url":"https:\/\/lasentinelle.dz\/","name":"La Sentinelle","description":"Quotidien national d&#039;information","publisher":{"@id":"https:\/\/lasentinelle.dz\/#organization"},"potentialAction":[{"@type":"SearchAction","target":{"@type":"EntryPoint","urlTemplate":"https:\/\/lasentinelle.dz\/?s={search_term_string}"},"query-input":{"@type":"PropertyValueSpecification","valueRequired":true,"valueName":"search_term_string"}}],"inLanguage":"fr-FR"},{"@type":"Organization","@id":"https:\/\/lasentinelle.dz\/#organization","name":"Quotidien La Sentinelle","url":"https:\/\/lasentinelle.dz\/","logo":{"@type":"ImageObject","inLanguage":"fr-FR","@id":"https:\/\/lasentinelle.dz\/#\/schema\/logo\/image\/","url":"https:\/\/lasentinelle.dz\/wp-content\/uploads\/2021\/09\/logo-sentinelleSLOGAN-1.png","contentUrl":"https:\/\/lasentinelle.dz\/wp-content\/uploads\/2021\/09\/logo-sentinelleSLOGAN-1.png","width":615,"height":142,"caption":"Quotidien La Sentinelle"},"image":{"@id":"https:\/\/lasentinelle.dz\/#\/schema\/logo\/image\/"},"sameAs":["https:\/\/www.facebook.com\/La-Sentinelle-104059864394773"]},{"@type":"Person","@id":"https:\/\/lasentinelle.dz\/#\/schema\/person\/d865044e22e70a75174ce8bcad3acfb3","name":"La Sentinelle","image":{"@type":"ImageObject","inLanguage":"fr-FR","@id":"https:\/\/secure.gravatar.com\/avatar\/57de8e5d4b15d43fb361a71fbb36338450fe67865b528a43dd10ef7c51a20392?s=96&d=mm&r=g","url":"https:\/\/secure.gravatar.com\/avatar\/57de8e5d4b15d43fb361a71fbb36338450fe67865b528a43dd10ef7c51a20392?s=96&d=mm&r=g","contentUrl":"https:\/\/secure.gravatar.com\/avatar\/57de8e5d4b15d43fb361a71fbb36338450fe67865b528a43dd10ef7c51a20392?s=96&d=mm&r=g","caption":"La Sentinelle"},"sameAs":["http:\/\/www.lasentinelle.dz"],"url":"https:\/\/lasentinelle.dz\/author\/redaction\/"}]}},"_links":{"self":[{"href":"https:\/\/lasentinelle.dz\/index.php\/wp-json\/wp\/v2\/posts\/15097","targetHints":{"allow":["GET"]}}],"collection":[{"href":"https:\/\/lasentinelle.dz\/index.php\/wp-json\/wp\/v2\/posts"}],"about":[{"href":"https:\/\/lasentinelle.dz\/index.php\/wp-json\/wp\/v2\/types\/post"}],"author":[{"embeddable":true,"href":"https:\/\/lasentinelle.dz\/index.php\/wp-json\/wp\/v2\/users\/3"}],"replies":[{"embeddable":true,"href":"https:\/\/lasentinelle.dz\/index.php\/wp-json\/wp\/v2\/comments?post=15097"}],"version-history":[{"count":1,"href":"https:\/\/lasentinelle.dz\/index.php\/wp-json\/wp\/v2\/posts\/15097\/revisions"}],"predecessor-version":[{"id":15099,"href":"https:\/\/lasentinelle.dz\/index.php\/wp-json\/wp\/v2\/posts\/15097\/revisions\/15099"}],"wp:featuredmedia":[{"embeddable":true,"href":"https:\/\/lasentinelle.dz\/index.php\/wp-json\/wp\/v2\/media\/15098"}],"wp:attachment":[{"href":"https:\/\/lasentinelle.dz\/index.php\/wp-json\/wp\/v2\/media?parent=15097"}],"wp:term":[{"taxonomy":"category","embeddable":true,"href":"https:\/\/lasentinelle.dz\/index.php\/wp-json\/wp\/v2\/categories?post=15097"},{"taxonomy":"post_tag","embeddable":true,"href":"https:\/\/lasentinelle.dz\/index.php\/wp-json\/wp\/v2\/tags?post=15097"}],"curies":[{"name":"wp","href":"https:\/\/api.w.org\/{rel}","templated":true}]}}