{"id":15119,"date":"2021-12-14T00:01:00","date_gmt":"2021-12-13T23:01:00","guid":{"rendered":"https:\/\/lasentinelle.dz\/?p=15119"},"modified":"2021-12-13T19:11:56","modified_gmt":"2021-12-13T18:11:56","slug":"pour-sadapter-aux-nouvelles-exigences-sanitaires-appel-a-la-reorganisation-du-travail","status":"publish","type":"post","link":"https:\/\/lasentinelle.dz\/index.php\/2021\/12\/14\/pour-sadapter-aux-nouvelles-exigences-sanitaires-appel-a-la-reorganisation-du-travail\/","title":{"rendered":"Pour s\u2019adapter aux nouvelles exigences sanitaires : Appel \u00e0 la r\u00e9organisation du travail"},"content":{"rendered":"\n<p>Le pr\u00e9sident de la&nbsp;Conf\u00e9d\u00e9ration alg\u00e9rienne du patronat citoyen (CAPC), Sami Agli, a soulign\u00e9&nbsp;hier&nbsp;\u00e0 Alger la n\u00e9cessit\u00e9 d&rsquo;une r\u00e9organisation du travail par les entreprises, en s&rsquo;orientant vers des outils de digitalisation modernes, afin de s\u2019adapter aux nouvelles exigences sanitaires impos\u00e9es par la pand\u00e9mie de coronavirus.&nbsp;S&rsquo;exprimant lors d&rsquo;une rencontre organis\u00e9e par la&nbsp;Conf\u00e9d\u00e9ration, en collaboration avec le cabinet d\u2019expertise comptable et de commissariat aux comptes Deloitte Alg\u00e9rie, sous le th\u00e8me \u00ab\u00a0les enjeux du capital humain \u00e0 l&rsquo;\u00e8re du Covid-19\u00a0\u00bb, M. Agli \u00e0 estim\u00e9 \u00ab\u00a0n\u00e9cessaire\u00a0\u00bb de r\u00e9organiser le travail de mani\u00e8re \u00e0 l\u2019adapter aux \u00e9ventuelles crises sanitaires, en introduisant les TIC.&nbsp;Il a indiqu\u00e9, \u00e0 ce titre, que le passage au t\u00e9l\u00e9travail, impos\u00e9 par la crise sanitaire de Covid-19, \u00e9tait une \u00ab\u00a0exigence\u00a0\u00bb pour la continuit\u00e9 des activit\u00e9s des entreprises appel\u00e9es, selon lui, \u00e0 se pr\u00e9parer en cas de nouvelles crises, en adoptant ce mode de travail \u00e0 distance, en utilisant les nouvelles technologies.&nbsp;Il a rappel\u00e9 qu\u2019en 2020, un bon nombre d&rsquo;entreprises alg\u00e9riennes a recouru au t\u00e9l\u00e9travail notamment celles activant dans les services, le management et l&rsquo;administration, notant que le travail \u00e0 distance a donn\u00e9 des r\u00e9sultats \u00ab\u00a0probants\u00a0\u00bb.&nbsp;Pour sa part, Damien Jacquart, responsable \u00e0 Delloite Alg\u00e9rie, a affirm\u00e9 que la crise sanitaire a acc\u00e9l\u00e9r\u00e9 le mouvement de digitalisation et impos\u00e9 de nouveaux modes d\u2019organisation du travail dans les entreprises.&nbsp;Intervenant \u00e0 cette rencontre, le DG de Trust Assurance, Abdelhakim Hadjou, a expliqu\u00e9 que la pand\u00e9mie avait pouss\u00e9 la compagnie \u00e0 r\u00e9orienter sa strat\u00e9gie d\u2019organisation et son syst\u00e8me de gestion.<\/p>\n\n\n\n<p>Aujourh\u2019hui, dit-il, les assurances doivent s\u2019orienter vers des syst\u00e8mes de prestation sur le web en mati\u00e8re de production, de souscription de contrats ou encore en indemnisation des clients.&nbsp;Evoquant l\u2019impact du Covid-19 sur le secteur des assurances, le DG de Trust Assurance a avanc\u00e9 qu&rsquo;apr\u00e8s des ann\u00e9es 2019 et 2020 difficile, le chiffre d&rsquo;affaires de l&rsquo;entreprise a augment\u00e9 de 7% au 3\u00e8me trimestre 2021.&nbsp;M.Hadjou consid\u00e8re, d\u2019autre part, que la nouvelle organisation au sein des compagnies d\u2019assurance \u00e0 travers leurs strat\u00e9gies de digitalisation permettra de renforcer la prestation et de fournir plus d\u2019effort \u00e0 la client\u00e8le en mati\u00e8re d&rsquo;offres de souscription et d\u2019indemnisation.&nbsp;Prenant part \u00e0 cette rencontre, le directeur g\u00e9n\u00e9ral d\u2019Emploitic.com, Louai Djaffer, s\u2019appuyant sur les r\u00e9sultats d\u2019une enqu\u00eate r\u00e9alis\u00e9e avec la Chambre alg\u00e9rienne du commerce et d\u2019industrie (CACI), a indiqu\u00e9 que plus de la moiti\u00e9 des entreprises (700) qui ont particip\u00e9 \u00e0 cette enqu\u00eate, estiment que la sauvegarde de l\u2019emploi \u00e9tait leur \u00ab\u00a0priorit\u00e9\u00a0\u00bb.&nbsp;Selon cette enqu\u00eate sur les perspectives de recrutement et de cr\u00e9ation d\u2019emploi en Alg\u00e9rie, r\u00e9alis\u00e9e durant le deuxi\u00e8me semestre de l\u2019ann\u00e9e en cours, pr\u00e8s de 30% de ces entreprises ont dit qu\u2019elles allaient recruter.<\/p>\n\n\n\n<p>APS<\/p>\n","protected":false},"excerpt":{"rendered":"<p>Le pr\u00e9sident de la&nbsp;Conf\u00e9d\u00e9ration alg\u00e9rienne du patronat citoyen (CAPC), Sami Agli, a soulign\u00e9&nbsp;hier&nbsp;\u00e0 Alger la n\u00e9cessit\u00e9 d&rsquo;une r\u00e9organisation du travail<\/p>\n","protected":false},"author":3,"featured_media":15120,"comment_status":"open","ping_status":"closed","sticky":false,"template":"","format":"standard","meta":{"colormag_page_container_layout":"default_layout","colormag_page_sidebar_layout":"default_layout","om_disable_all_campaigns":false,"_monsterinsights_skip_tracking":false,"_monsterinsights_sitenote_active":false,"_monsterinsights_sitenote_note":"","_monsterinsights_sitenote_category":0,"footnotes":"","_wpscppro_dont_share_socialmedia":false,"_wpscppro_custom_social_share_image":0,"_facebook_share_type":"","_twitter_share_type":"","_linkedin_share_type":"","_pinterest_share_type":"","_linkedin_share_type_page":"","_instagram_share_type":"","_medium_share_type":"","_threads_share_type":"","_google_business_share_type":"","_selected_social_profile":[],"_wpsp_enable_custom_social_template":false,"_wpsp_social_scheduling":{"enabled":false,"datetime":null,"platforms":[],"status":"template_only","dateOption":"today","timeOption":"now","customDays":"","customHours":"","customDate":"","customTime":"","schedulingType":"absolute"},"_wpsp_active_default_template":true},"categories":[27],"tags":[],"class_list":["post-15119","post","type-post","status-publish","format-standard","has-post-thumbnail","hentry","category-actualite"],"aioseo_notices":[],"yoast_head":"<!-- This site is optimized with the Yoast SEO plugin v27.4 - https:\/\/yoast.com\/product\/yoast-seo-wordpress\/ -->\n<title>Pour s\u2019adapter aux nouvelles exigences sanitaires : Appel \u00e0 la r\u00e9organisation du travail - La Sentinelle<\/title>\n<meta name=\"robots\" content=\"index, follow, max-snippet:-1, max-image-preview:large, max-video-preview:-1\" \/>\n<link rel=\"canonical\" href=\"https:\/\/lasentinelle.dz\/index.php\/2021\/12\/14\/pour-sadapter-aux-nouvelles-exigences-sanitaires-appel-a-la-reorganisation-du-travail\/\" \/>\n<meta property=\"og:locale\" content=\"fr_FR\" \/>\n<meta property=\"og:type\" content=\"article\" \/>\n<meta property=\"og:title\" content=\"Pour s\u2019adapter aux nouvelles exigences sanitaires : Appel \u00e0 la r\u00e9organisation du travail - La Sentinelle\" \/>\n<meta property=\"og:description\" content=\"Le pr\u00e9sident de la&nbsp;Conf\u00e9d\u00e9ration alg\u00e9rienne du patronat citoyen (CAPC), Sami Agli, a soulign\u00e9&nbsp;hier&nbsp;\u00e0 Alger la n\u00e9cessit\u00e9 d&rsquo;une r\u00e9organisation du travail\" \/>\n<meta property=\"og:url\" content=\"https:\/\/lasentinelle.dz\/index.php\/2021\/12\/14\/pour-sadapter-aux-nouvelles-exigences-sanitaires-appel-a-la-reorganisation-du-travail\/\" \/>\n<meta property=\"og:site_name\" content=\"La Sentinelle\" \/>\n<meta property=\"article:publisher\" content=\"https:\/\/www.facebook.com\/La-Sentinelle-104059864394773\" \/>\n<meta property=\"article:published_time\" content=\"2021-12-13T23:01:00+00:00\" \/>\n<meta property=\"og:image\" content=\"https:\/\/lasentinelle.dz\/wp-content\/uploads\/2021\/12\/211.jpg\" \/>\n\t<meta property=\"og:image:width\" content=\"855\" \/>\n\t<meta property=\"og:image:height\" content=\"516\" \/>\n\t<meta property=\"og:image:type\" content=\"image\/jpeg\" \/>\n<meta name=\"author\" content=\"La Sentinelle\" \/>\n<meta name=\"twitter:card\" content=\"summary_large_image\" \/>\n<meta name=\"twitter:label1\" content=\"\u00c9crit par\" \/>\n\t<meta name=\"twitter:data1\" content=\"La Sentinelle\" \/>\n\t<meta name=\"twitter:label2\" content=\"Dur\u00e9e de lecture estim\u00e9e\" \/>\n\t<meta name=\"twitter:data2\" content=\"2 minutes\" \/>\n<script type=\"application\/ld+json\" class=\"yoast-schema-graph\">{\"@context\":\"https:\\\/\\\/schema.org\",\"@graph\":[{\"@type\":\"Article\",\"@id\":\"https:\\\/\\\/lasentinelle.dz\\\/index.php\\\/2021\\\/12\\\/14\\\/pour-sadapter-aux-nouvelles-exigences-sanitaires-appel-a-la-reorganisation-du-travail\\\/#article\",\"isPartOf\":{\"@id\":\"https:\\\/\\\/lasentinelle.dz\\\/index.php\\\/2021\\\/12\\\/14\\\/pour-sadapter-aux-nouvelles-exigences-sanitaires-appel-a-la-reorganisation-du-travail\\\/\"},\"author\":{\"name\":\"La Sentinelle\",\"@id\":\"https:\\\/\\\/lasentinelle.dz\\\/#\\\/schema\\\/person\\\/d865044e22e70a75174ce8bcad3acfb3\"},\"headline\":\"Pour s\u2019adapter aux nouvelles exigences sanitaires : Appel \u00e0 la r\u00e9organisation du travail\",\"datePublished\":\"2021-12-13T23:01:00+00:00\",\"mainEntityOfPage\":{\"@id\":\"https:\\\/\\\/lasentinelle.dz\\\/index.php\\\/2021\\\/12\\\/14\\\/pour-sadapter-aux-nouvelles-exigences-sanitaires-appel-a-la-reorganisation-du-travail\\\/\"},\"wordCount\":535,\"commentCount\":0,\"publisher\":{\"@id\":\"https:\\\/\\\/lasentinelle.dz\\\/#organization\"},\"image\":{\"@id\":\"https:\\\/\\\/lasentinelle.dz\\\/index.php\\\/2021\\\/12\\\/14\\\/pour-sadapter-aux-nouvelles-exigences-sanitaires-appel-a-la-reorganisation-du-travail\\\/#primaryimage\"},\"thumbnailUrl\":\"https:\\\/\\\/lasentinelle.dz\\\/wp-content\\\/uploads\\\/2021\\\/12\\\/211.jpg\",\"articleSection\":[\"Actualit\u00e9\"],\"inLanguage\":\"fr-FR\",\"potentialAction\":[{\"@type\":\"CommentAction\",\"name\":\"Comment\",\"target\":[\"https:\\\/\\\/lasentinelle.dz\\\/index.php\\\/2021\\\/12\\\/14\\\/pour-sadapter-aux-nouvelles-exigences-sanitaires-appel-a-la-reorganisation-du-travail\\\/#respond\"]}]},{\"@type\":\"WebPage\",\"@id\":\"https:\\\/\\\/lasentinelle.dz\\\/index.php\\\/2021\\\/12\\\/14\\\/pour-sadapter-aux-nouvelles-exigences-sanitaires-appel-a-la-reorganisation-du-travail\\\/\",\"url\":\"https:\\\/\\\/lasentinelle.dz\\\/index.php\\\/2021\\\/12\\\/14\\\/pour-sadapter-aux-nouvelles-exigences-sanitaires-appel-a-la-reorganisation-du-travail\\\/\",\"name\":\"Pour s\u2019adapter aux nouvelles exigences sanitaires : Appel \u00e0 la r\u00e9organisation du travail - La Sentinelle\",\"isPartOf\":{\"@id\":\"https:\\\/\\\/lasentinelle.dz\\\/#website\"},\"primaryImageOfPage\":{\"@id\":\"https:\\\/\\\/lasentinelle.dz\\\/index.php\\\/2021\\\/12\\\/14\\\/pour-sadapter-aux-nouvelles-exigences-sanitaires-appel-a-la-reorganisation-du-travail\\\/#primaryimage\"},\"image\":{\"@id\":\"https:\\\/\\\/lasentinelle.dz\\\/index.php\\\/2021\\\/12\\\/14\\\/pour-sadapter-aux-nouvelles-exigences-sanitaires-appel-a-la-reorganisation-du-travail\\\/#primaryimage\"},\"thumbnailUrl\":\"https:\\\/\\\/lasentinelle.dz\\\/wp-content\\\/uploads\\\/2021\\\/12\\\/211.jpg\",\"datePublished\":\"2021-12-13T23:01:00+00:00\",\"breadcrumb\":{\"@id\":\"https:\\\/\\\/lasentinelle.dz\\\/index.php\\\/2021\\\/12\\\/14\\\/pour-sadapter-aux-nouvelles-exigences-sanitaires-appel-a-la-reorganisation-du-travail\\\/#breadcrumb\"},\"inLanguage\":\"fr-FR\",\"potentialAction\":[{\"@type\":\"ReadAction\",\"target\":[\"https:\\\/\\\/lasentinelle.dz\\\/index.php\\\/2021\\\/12\\\/14\\\/pour-sadapter-aux-nouvelles-exigences-sanitaires-appel-a-la-reorganisation-du-travail\\\/\"]}]},{\"@type\":\"ImageObject\",\"inLanguage\":\"fr-FR\",\"@id\":\"https:\\\/\\\/lasentinelle.dz\\\/index.php\\\/2021\\\/12\\\/14\\\/pour-sadapter-aux-nouvelles-exigences-sanitaires-appel-a-la-reorganisation-du-travail\\\/#primaryimage\",\"url\":\"https:\\\/\\\/lasentinelle.dz\\\/wp-content\\\/uploads\\\/2021\\\/12\\\/211.jpg\",\"contentUrl\":\"https:\\\/\\\/lasentinelle.dz\\\/wp-content\\\/uploads\\\/2021\\\/12\\\/211.jpg\",\"width\":855,\"height\":516},{\"@type\":\"BreadcrumbList\",\"@id\":\"https:\\\/\\\/lasentinelle.dz\\\/index.php\\\/2021\\\/12\\\/14\\\/pour-sadapter-aux-nouvelles-exigences-sanitaires-appel-a-la-reorganisation-du-travail\\\/#breadcrumb\",\"itemListElement\":[{\"@type\":\"ListItem\",\"position\":1,\"name\":\"Accueil\",\"item\":\"https:\\\/\\\/lasentinelle.dz\\\/\"},{\"@type\":\"ListItem\",\"position\":2,\"name\":\"Pour s\u2019adapter aux nouvelles exigences sanitaires : Appel \u00e0 la r\u00e9organisation du travail\"}]},{\"@type\":\"WebSite\",\"@id\":\"https:\\\/\\\/lasentinelle.dz\\\/#website\",\"url\":\"https:\\\/\\\/lasentinelle.dz\\\/\",\"name\":\"La Sentinelle\",\"description\":\"Quotidien national d&#039;information\",\"publisher\":{\"@id\":\"https:\\\/\\\/lasentinelle.dz\\\/#organization\"},\"potentialAction\":[{\"@type\":\"SearchAction\",\"target\":{\"@type\":\"EntryPoint\",\"urlTemplate\":\"https:\\\/\\\/lasentinelle.dz\\\/?s={search_term_string}\"},\"query-input\":{\"@type\":\"PropertyValueSpecification\",\"valueRequired\":true,\"valueName\":\"search_term_string\"}}],\"inLanguage\":\"fr-FR\"},{\"@type\":\"Organization\",\"@id\":\"https:\\\/\\\/lasentinelle.dz\\\/#organization\",\"name\":\"Quotidien La Sentinelle\",\"url\":\"https:\\\/\\\/lasentinelle.dz\\\/\",\"logo\":{\"@type\":\"ImageObject\",\"inLanguage\":\"fr-FR\",\"@id\":\"https:\\\/\\\/lasentinelle.dz\\\/#\\\/schema\\\/logo\\\/image\\\/\",\"url\":\"https:\\\/\\\/lasentinelle.dz\\\/wp-content\\\/uploads\\\/2021\\\/09\\\/logo-sentinelleSLOGAN-1.png\",\"contentUrl\":\"https:\\\/\\\/lasentinelle.dz\\\/wp-content\\\/uploads\\\/2021\\\/09\\\/logo-sentinelleSLOGAN-1.png\",\"width\":615,\"height\":142,\"caption\":\"Quotidien La Sentinelle\"},\"image\":{\"@id\":\"https:\\\/\\\/lasentinelle.dz\\\/#\\\/schema\\\/logo\\\/image\\\/\"},\"sameAs\":[\"https:\\\/\\\/www.facebook.com\\\/La-Sentinelle-104059864394773\"]},{\"@type\":\"Person\",\"@id\":\"https:\\\/\\\/lasentinelle.dz\\\/#\\\/schema\\\/person\\\/d865044e22e70a75174ce8bcad3acfb3\",\"name\":\"La Sentinelle\",\"image\":{\"@type\":\"ImageObject\",\"inLanguage\":\"fr-FR\",\"@id\":\"https:\\\/\\\/secure.gravatar.com\\\/avatar\\\/57de8e5d4b15d43fb361a71fbb36338450fe67865b528a43dd10ef7c51a20392?s=96&d=mm&r=g\",\"url\":\"https:\\\/\\\/secure.gravatar.com\\\/avatar\\\/57de8e5d4b15d43fb361a71fbb36338450fe67865b528a43dd10ef7c51a20392?s=96&d=mm&r=g\",\"contentUrl\":\"https:\\\/\\\/secure.gravatar.com\\\/avatar\\\/57de8e5d4b15d43fb361a71fbb36338450fe67865b528a43dd10ef7c51a20392?s=96&d=mm&r=g\",\"caption\":\"La Sentinelle\"},\"sameAs\":[\"http:\\\/\\\/www.lasentinelle.dz\"],\"url\":\"https:\\\/\\\/lasentinelle.dz\\\/author\\\/redaction\\\/\"}]}<\/script>\n<!-- \/ Yoast SEO plugin. -->","yoast_head_json":{"title":"Pour s\u2019adapter aux nouvelles exigences sanitaires : Appel \u00e0 la r\u00e9organisation du travail - La Sentinelle","robots":{"index":"index","follow":"follow","max-snippet":"max-snippet:-1","max-image-preview":"max-image-preview:large","max-video-preview":"max-video-preview:-1"},"canonical":"https:\/\/lasentinelle.dz\/index.php\/2021\/12\/14\/pour-sadapter-aux-nouvelles-exigences-sanitaires-appel-a-la-reorganisation-du-travail\/","og_locale":"fr_FR","og_type":"article","og_title":"Pour s\u2019adapter aux nouvelles exigences sanitaires : Appel \u00e0 la r\u00e9organisation du travail - La Sentinelle","og_description":"Le pr\u00e9sident de la&nbsp;Conf\u00e9d\u00e9ration alg\u00e9rienne du patronat citoyen (CAPC), Sami Agli, a soulign\u00e9&nbsp;hier&nbsp;\u00e0 Alger la n\u00e9cessit\u00e9 d&rsquo;une r\u00e9organisation du travail","og_url":"https:\/\/lasentinelle.dz\/index.php\/2021\/12\/14\/pour-sadapter-aux-nouvelles-exigences-sanitaires-appel-a-la-reorganisation-du-travail\/","og_site_name":"La Sentinelle","article_publisher":"https:\/\/www.facebook.com\/La-Sentinelle-104059864394773","article_published_time":"2021-12-13T23:01:00+00:00","og_image":[{"width":855,"height":516,"url":"https:\/\/lasentinelle.dz\/wp-content\/uploads\/2021\/12\/211.jpg","type":"image\/jpeg"}],"author":"La Sentinelle","twitter_card":"summary_large_image","twitter_misc":{"\u00c9crit par":"La Sentinelle","Dur\u00e9e de lecture estim\u00e9e":"2 minutes"},"schema":{"@context":"https:\/\/schema.org","@graph":[{"@type":"Article","@id":"https:\/\/lasentinelle.dz\/index.php\/2021\/12\/14\/pour-sadapter-aux-nouvelles-exigences-sanitaires-appel-a-la-reorganisation-du-travail\/#article","isPartOf":{"@id":"https:\/\/lasentinelle.dz\/index.php\/2021\/12\/14\/pour-sadapter-aux-nouvelles-exigences-sanitaires-appel-a-la-reorganisation-du-travail\/"},"author":{"name":"La Sentinelle","@id":"https:\/\/lasentinelle.dz\/#\/schema\/person\/d865044e22e70a75174ce8bcad3acfb3"},"headline":"Pour s\u2019adapter aux nouvelles exigences sanitaires : Appel \u00e0 la r\u00e9organisation du travail","datePublished":"2021-12-13T23:01:00+00:00","mainEntityOfPage":{"@id":"https:\/\/lasentinelle.dz\/index.php\/2021\/12\/14\/pour-sadapter-aux-nouvelles-exigences-sanitaires-appel-a-la-reorganisation-du-travail\/"},"wordCount":535,"commentCount":0,"publisher":{"@id":"https:\/\/lasentinelle.dz\/#organization"},"image":{"@id":"https:\/\/lasentinelle.dz\/index.php\/2021\/12\/14\/pour-sadapter-aux-nouvelles-exigences-sanitaires-appel-a-la-reorganisation-du-travail\/#primaryimage"},"thumbnailUrl":"https:\/\/lasentinelle.dz\/wp-content\/uploads\/2021\/12\/211.jpg","articleSection":["Actualit\u00e9"],"inLanguage":"fr-FR","potentialAction":[{"@type":"CommentAction","name":"Comment","target":["https:\/\/lasentinelle.dz\/index.php\/2021\/12\/14\/pour-sadapter-aux-nouvelles-exigences-sanitaires-appel-a-la-reorganisation-du-travail\/#respond"]}]},{"@type":"WebPage","@id":"https:\/\/lasentinelle.dz\/index.php\/2021\/12\/14\/pour-sadapter-aux-nouvelles-exigences-sanitaires-appel-a-la-reorganisation-du-travail\/","url":"https:\/\/lasentinelle.dz\/index.php\/2021\/12\/14\/pour-sadapter-aux-nouvelles-exigences-sanitaires-appel-a-la-reorganisation-du-travail\/","name":"Pour s\u2019adapter aux nouvelles exigences sanitaires : Appel \u00e0 la r\u00e9organisation du travail - La Sentinelle","isPartOf":{"@id":"https:\/\/lasentinelle.dz\/#website"},"primaryImageOfPage":{"@id":"https:\/\/lasentinelle.dz\/index.php\/2021\/12\/14\/pour-sadapter-aux-nouvelles-exigences-sanitaires-appel-a-la-reorganisation-du-travail\/#primaryimage"},"image":{"@id":"https:\/\/lasentinelle.dz\/index.php\/2021\/12\/14\/pour-sadapter-aux-nouvelles-exigences-sanitaires-appel-a-la-reorganisation-du-travail\/#primaryimage"},"thumbnailUrl":"https:\/\/lasentinelle.dz\/wp-content\/uploads\/2021\/12\/211.jpg","datePublished":"2021-12-13T23:01:00+00:00","breadcrumb":{"@id":"https:\/\/lasentinelle.dz\/index.php\/2021\/12\/14\/pour-sadapter-aux-nouvelles-exigences-sanitaires-appel-a-la-reorganisation-du-travail\/#breadcrumb"},"inLanguage":"fr-FR","potentialAction":[{"@type":"ReadAction","target":["https:\/\/lasentinelle.dz\/index.php\/2021\/12\/14\/pour-sadapter-aux-nouvelles-exigences-sanitaires-appel-a-la-reorganisation-du-travail\/"]}]},{"@type":"ImageObject","inLanguage":"fr-FR","@id":"https:\/\/lasentinelle.dz\/index.php\/2021\/12\/14\/pour-sadapter-aux-nouvelles-exigences-sanitaires-appel-a-la-reorganisation-du-travail\/#primaryimage","url":"https:\/\/lasentinelle.dz\/wp-content\/uploads\/2021\/12\/211.jpg","contentUrl":"https:\/\/lasentinelle.dz\/wp-content\/uploads\/2021\/12\/211.jpg","width":855,"height":516},{"@type":"BreadcrumbList","@id":"https:\/\/lasentinelle.dz\/index.php\/2021\/12\/14\/pour-sadapter-aux-nouvelles-exigences-sanitaires-appel-a-la-reorganisation-du-travail\/#breadcrumb","itemListElement":[{"@type":"ListItem","position":1,"name":"Accueil","item":"https:\/\/lasentinelle.dz\/"},{"@type":"ListItem","position":2,"name":"Pour s\u2019adapter aux nouvelles exigences sanitaires : Appel \u00e0 la r\u00e9organisation du travail"}]},{"@type":"WebSite","@id":"https:\/\/lasentinelle.dz\/#website","url":"https:\/\/lasentinelle.dz\/","name":"La Sentinelle","description":"Quotidien national d&#039;information","publisher":{"@id":"https:\/\/lasentinelle.dz\/#organization"},"potentialAction":[{"@type":"SearchAction","target":{"@type":"EntryPoint","urlTemplate":"https:\/\/lasentinelle.dz\/?s={search_term_string}"},"query-input":{"@type":"PropertyValueSpecification","valueRequired":true,"valueName":"search_term_string"}}],"inLanguage":"fr-FR"},{"@type":"Organization","@id":"https:\/\/lasentinelle.dz\/#organization","name":"Quotidien La Sentinelle","url":"https:\/\/lasentinelle.dz\/","logo":{"@type":"ImageObject","inLanguage":"fr-FR","@id":"https:\/\/lasentinelle.dz\/#\/schema\/logo\/image\/","url":"https:\/\/lasentinelle.dz\/wp-content\/uploads\/2021\/09\/logo-sentinelleSLOGAN-1.png","contentUrl":"https:\/\/lasentinelle.dz\/wp-content\/uploads\/2021\/09\/logo-sentinelleSLOGAN-1.png","width":615,"height":142,"caption":"Quotidien La Sentinelle"},"image":{"@id":"https:\/\/lasentinelle.dz\/#\/schema\/logo\/image\/"},"sameAs":["https:\/\/www.facebook.com\/La-Sentinelle-104059864394773"]},{"@type":"Person","@id":"https:\/\/lasentinelle.dz\/#\/schema\/person\/d865044e22e70a75174ce8bcad3acfb3","name":"La Sentinelle","image":{"@type":"ImageObject","inLanguage":"fr-FR","@id":"https:\/\/secure.gravatar.com\/avatar\/57de8e5d4b15d43fb361a71fbb36338450fe67865b528a43dd10ef7c51a20392?s=96&d=mm&r=g","url":"https:\/\/secure.gravatar.com\/avatar\/57de8e5d4b15d43fb361a71fbb36338450fe67865b528a43dd10ef7c51a20392?s=96&d=mm&r=g","contentUrl":"https:\/\/secure.gravatar.com\/avatar\/57de8e5d4b15d43fb361a71fbb36338450fe67865b528a43dd10ef7c51a20392?s=96&d=mm&r=g","caption":"La Sentinelle"},"sameAs":["http:\/\/www.lasentinelle.dz"],"url":"https:\/\/lasentinelle.dz\/author\/redaction\/"}]}},"_links":{"self":[{"href":"https:\/\/lasentinelle.dz\/index.php\/wp-json\/wp\/v2\/posts\/15119","targetHints":{"allow":["GET"]}}],"collection":[{"href":"https:\/\/lasentinelle.dz\/index.php\/wp-json\/wp\/v2\/posts"}],"about":[{"href":"https:\/\/lasentinelle.dz\/index.php\/wp-json\/wp\/v2\/types\/post"}],"author":[{"embeddable":true,"href":"https:\/\/lasentinelle.dz\/index.php\/wp-json\/wp\/v2\/users\/3"}],"replies":[{"embeddable":true,"href":"https:\/\/lasentinelle.dz\/index.php\/wp-json\/wp\/v2\/comments?post=15119"}],"version-history":[{"count":1,"href":"https:\/\/lasentinelle.dz\/index.php\/wp-json\/wp\/v2\/posts\/15119\/revisions"}],"predecessor-version":[{"id":15121,"href":"https:\/\/lasentinelle.dz\/index.php\/wp-json\/wp\/v2\/posts\/15119\/revisions\/15121"}],"wp:featuredmedia":[{"embeddable":true,"href":"https:\/\/lasentinelle.dz\/index.php\/wp-json\/wp\/v2\/media\/15120"}],"wp:attachment":[{"href":"https:\/\/lasentinelle.dz\/index.php\/wp-json\/wp\/v2\/media?parent=15119"}],"wp:term":[{"taxonomy":"category","embeddable":true,"href":"https:\/\/lasentinelle.dz\/index.php\/wp-json\/wp\/v2\/categories?post=15119"},{"taxonomy":"post_tag","embeddable":true,"href":"https:\/\/lasentinelle.dz\/index.php\/wp-json\/wp\/v2\/tags?post=15119"}],"curies":[{"name":"wp","href":"https:\/\/api.w.org\/{rel}","templated":true}]}}