{"id":15137,"date":"2021-12-14T00:01:00","date_gmt":"2021-12-13T23:01:00","guid":{"rendered":"https:\/\/lasentinelle.dz\/?p=15137"},"modified":"2021-12-13T19:41:47","modified_gmt":"2021-12-13T18:41:47","slug":"vaccination-des-travailleurs-de-leducation-nationale-un-engouement-appreciable","status":"publish","type":"post","link":"https:\/\/lasentinelle.dz\/index.php\/2021\/12\/14\/vaccination-des-travailleurs-de-leducation-nationale-un-engouement-appreciable\/","title":{"rendered":"Vaccination des travailleurs de l\u2019\u00e9ducation nationale : Un engouement \u00ab appr\u00e9ciable \u00bb"},"content":{"rendered":"\n<p>La campagne de vaccination anti-covid&nbsp;&nbsp;\u00e0 laquelle a appel\u00e9,&nbsp;jeudi,&nbsp;le ministre de l\u2019\u00c9ducation&nbsp;nationale, connait \u00e0 ce jour un engouement&nbsp;&nbsp;\u00ab appr\u00e9ciable \u00bb de la part des&nbsp;professionnels du secteur, enseignants, travailleurs et encadreurs y compris.<\/p>\n\n\n\n<p>C\u2019est ce qu\u2019a indiqu\u00e9 un communiqu\u00e9 du minist\u00e8re de l\u2019\u00c9ducation&nbsp;nationale,&nbsp;qui indique que \u00ab d\u2019apr\u00e8s une supervision consacr\u00e9e aux \u00e9tablissements scolaires au niveau de&nbsp;&nbsp;la&nbsp;Capitale, il est a \u00e9t\u00e9 constat\u00e9 un engouement appr\u00e9ciable de la part des travailleurs du secteur de l\u2019\u00e9ducation venus se faire vacciner&nbsp;\u00bb.<\/p>\n\n\n\n<p>Le communiqu\u00e9 cite comme \u00e9chantillon, l\u2019\u00e9cole \u00ab El Miaaradj \u00bb&nbsp;\u00e0 Alger-Centre&nbsp;qui a enregistr\u00e9 un taux de vaccination des travailleurs de ce secteur, jug\u00e9 \u00ab appr\u00e9ciable \u00bb.<\/p>\n\n\n\n<p>Les travailleurs ont insist\u00e9 sur \u00ab l\u2019imp\u00e9ratif de faire preuve de sens de responsabilit\u00e9 en allant se faire vacciner \u00bb. Une vaccination qui est \u00ab la seule solution contre la propagation du covid19 \u00bb.<\/p>\n\n\n\n<p>L\u2019autre \u00e9chantillon est celui de l\u2019\u00e9cole Mohamed Belaaradji, dans le quartier Belle-vue, ainsi que les lyc\u00e9es de Kouba et le coll\u00e8ge Charchali Boualem, o\u00f9&nbsp;\u00ab il a \u00e9t\u00e9 constat\u00e9 un rythme plut\u00f4t lent durant les premiers jours en attendant l\u2019adh\u00e9sion&nbsp;de l\u2019ensemble&nbsp;de la famille de l\u2019\u00e9ducation&nbsp;nationale,&nbsp;sans exception, pour cette campagne qui vise&nbsp;la pr\u00e9servation de la sant\u00e9 et de la s\u00e9curit\u00e9 de tous notamment avec l\u2019entr\u00e9e de plusieurs pays dans le monde dans la quatri\u00e8me vague \u00bb.<\/p>\n\n\n\n<p>Pour rappel, le minist\u00e8re de l\u2019\u00c9ducation&nbsp;nationale&nbsp;a avanc\u00e9 d\u2019une semaine la date des vacances d\u2019hiver apr\u00e8s l\u2019apparition de cas&nbsp;de covid-19&nbsp;dans plusieurs \u00e9tablissements scolaires \u00e0 travers le pays.<\/p>\n\n\n\n<p>Selon Abdelouhab Khoulalen, charg\u00e9 de activit\u00e9s culturelles, sportives et sociales au niveau du minist\u00e8re de l\u2019\u00c9ducationnationale,&nbsp;la cadence de la campagne vaccinale dans le secteur \u00ab connait une certaine fluctuation entre une wilaya et une autre \u00bb, souhaitant que \u00ab tous les travailleurs&nbsp;aillent&nbsp;se faire vacciner en vue d\u2019\u00eatre en s\u00e9curit\u00e9 durant les mois qui nous s\u00e9parent des grandes vacances \u00bb,&nbsp;appelant au respect des gestes barri\u00e8res \u00e0 l\u2019int\u00e9rieur des \u00e9tablissements scolaires.&nbsp;Pour rappel, c\u2019est en collaboration avec le minist\u00e8re de la&nbsp;Sant\u00e9 que le minist\u00e8re de l\u2019\u00c9ducation&nbsp;nationale&nbsp;a lanc\u00e9 le 22 aout dernier la campagne de vaccination dans ce secteur et ce dans le cadre de la pr\u00e9paration de la rentr\u00e9e scolaire de septembre pass\u00e9.<\/p>\n\n\n\n<p>Depuis septembre, le taux de vaccin\u00e9s dans le secteur de l\u2019\u00e9ducation&nbsp;n\u2019a atteint que&nbsp;27% dans un total de 27.&nbsp;000 travailleurs. Le peu d\u2019entrain des personnels de l\u2019\u00e9ducation nationale pour la vaccination&nbsp;a incit\u00e9 le minist\u00e8re de tutelle au report de la rentr\u00e9e pass\u00e9e pr\u00e9vue le 7 septembre et qui n\u2019a eu lieu que le 21 du m\u00eame mois.<\/p>\n\n\n\n<p><strong>Boubekeur Amrani<\/strong><\/p>\n","protected":false},"excerpt":{"rendered":"<p>La campagne de vaccination anti-covid&nbsp;&nbsp;\u00e0 laquelle a appel\u00e9,&nbsp;jeudi,&nbsp;le ministre de l\u2019\u00c9ducation&nbsp;nationale, connait \u00e0 ce jour un engouement&nbsp;&nbsp;\u00ab appr\u00e9ciable \u00bb de<\/p>\n","protected":false},"author":3,"featured_media":14305,"comment_status":"open","ping_status":"closed","sticky":false,"template":"","format":"standard","meta":{"colormag_page_container_layout":"default_layout","colormag_page_sidebar_layout":"default_layout","om_disable_all_campaigns":false,"_monsterinsights_skip_tracking":false,"_monsterinsights_sitenote_active":false,"_monsterinsights_sitenote_note":"","_monsterinsights_sitenote_category":0,"footnotes":"","_wpscppro_dont_share_socialmedia":false,"_wpscppro_custom_social_share_image":0,"_facebook_share_type":"","_twitter_share_type":"","_linkedin_share_type":"","_pinterest_share_type":"","_linkedin_share_type_page":"","_instagram_share_type":"","_medium_share_type":"","_threads_share_type":"","_google_business_share_type":"","_selected_social_profile":[],"_wpsp_enable_custom_social_template":false,"_wpsp_social_scheduling":{"enabled":false,"datetime":null,"platforms":[],"status":"template_only","dateOption":"today","timeOption":"now","customDays":"","customHours":"","customDate":"","customTime":"","schedulingType":"absolute"},"_wpsp_active_default_template":true},"categories":[27],"tags":[],"class_list":["post-15137","post","type-post","status-publish","format-standard","has-post-thumbnail","hentry","category-actualite"],"aioseo_notices":[],"yoast_head":"<!-- This site is optimized with the Yoast SEO plugin v27.5 - https:\/\/yoast.com\/product\/yoast-seo-wordpress\/ -->\n<title>Vaccination des travailleurs de l\u2019\u00e9ducation nationale : Un engouement \u00ab appr\u00e9ciable \u00bb - La Sentinelle<\/title>\n<meta name=\"robots\" content=\"index, follow, max-snippet:-1, max-image-preview:large, max-video-preview:-1\" \/>\n<link rel=\"canonical\" href=\"https:\/\/lasentinelle.dz\/index.php\/2021\/12\/14\/vaccination-des-travailleurs-de-leducation-nationale-un-engouement-appreciable\/\" \/>\n<meta property=\"og:locale\" content=\"fr_FR\" \/>\n<meta property=\"og:type\" content=\"article\" \/>\n<meta property=\"og:title\" content=\"Vaccination des travailleurs de l\u2019\u00e9ducation nationale : Un engouement \u00ab appr\u00e9ciable \u00bb - La Sentinelle\" \/>\n<meta property=\"og:description\" content=\"La campagne de vaccination anti-covid&nbsp;&nbsp;\u00e0 laquelle a appel\u00e9,&nbsp;jeudi,&nbsp;le ministre de l\u2019\u00c9ducation&nbsp;nationale, connait \u00e0 ce jour un engouement&nbsp;&nbsp;\u00ab appr\u00e9ciable \u00bb de\" \/>\n<meta property=\"og:url\" content=\"https:\/\/lasentinelle.dz\/index.php\/2021\/12\/14\/vaccination-des-travailleurs-de-leducation-nationale-un-engouement-appreciable\/\" \/>\n<meta property=\"og:site_name\" content=\"La Sentinelle\" \/>\n<meta property=\"article:publisher\" content=\"https:\/\/www.facebook.com\/La-Sentinelle-104059864394773\" \/>\n<meta property=\"article:published_time\" content=\"2021-12-13T23:01:00+00:00\" \/>\n<meta property=\"og:image\" content=\"https:\/\/lasentinelle.dz\/wp-content\/uploads\/2021\/11\/vaccination.png\" \/>\n\t<meta property=\"og:image:width\" content=\"1593\" \/>\n\t<meta property=\"og:image:height\" content=\"900\" \/>\n\t<meta property=\"og:image:type\" content=\"image\/png\" \/>\n<meta name=\"author\" content=\"La Sentinelle\" \/>\n<meta name=\"twitter:card\" content=\"summary_large_image\" \/>\n<meta name=\"twitter:label1\" content=\"\u00c9crit par\" \/>\n\t<meta name=\"twitter:data1\" content=\"La Sentinelle\" \/>\n\t<meta name=\"twitter:label2\" content=\"Dur\u00e9e de lecture estim\u00e9e\" \/>\n\t<meta name=\"twitter:data2\" content=\"2 minutes\" \/>\n<script type=\"application\/ld+json\" class=\"yoast-schema-graph\">{\"@context\":\"https:\\\/\\\/schema.org\",\"@graph\":[{\"@type\":\"Article\",\"@id\":\"https:\\\/\\\/lasentinelle.dz\\\/index.php\\\/2021\\\/12\\\/14\\\/vaccination-des-travailleurs-de-leducation-nationale-un-engouement-appreciable\\\/#article\",\"isPartOf\":{\"@id\":\"https:\\\/\\\/lasentinelle.dz\\\/index.php\\\/2021\\\/12\\\/14\\\/vaccination-des-travailleurs-de-leducation-nationale-un-engouement-appreciable\\\/\"},\"author\":{\"name\":\"La Sentinelle\",\"@id\":\"https:\\\/\\\/lasentinelle.dz\\\/#\\\/schema\\\/person\\\/d865044e22e70a75174ce8bcad3acfb3\"},\"headline\":\"Vaccination des travailleurs de l\u2019\u00e9ducation nationale : Un engouement \u00ab appr\u00e9ciable \u00bb\",\"datePublished\":\"2021-12-13T23:01:00+00:00\",\"mainEntityOfPage\":{\"@id\":\"https:\\\/\\\/lasentinelle.dz\\\/index.php\\\/2021\\\/12\\\/14\\\/vaccination-des-travailleurs-de-leducation-nationale-un-engouement-appreciable\\\/\"},\"wordCount\":519,\"commentCount\":0,\"publisher\":{\"@id\":\"https:\\\/\\\/lasentinelle.dz\\\/#organization\"},\"image\":{\"@id\":\"https:\\\/\\\/lasentinelle.dz\\\/index.php\\\/2021\\\/12\\\/14\\\/vaccination-des-travailleurs-de-leducation-nationale-un-engouement-appreciable\\\/#primaryimage\"},\"thumbnailUrl\":\"https:\\\/\\\/lasentinelle.dz\\\/wp-content\\\/uploads\\\/2021\\\/11\\\/vaccination.png\",\"articleSection\":[\"Actualit\u00e9\"],\"inLanguage\":\"fr-FR\",\"potentialAction\":[{\"@type\":\"CommentAction\",\"name\":\"Comment\",\"target\":[\"https:\\\/\\\/lasentinelle.dz\\\/index.php\\\/2021\\\/12\\\/14\\\/vaccination-des-travailleurs-de-leducation-nationale-un-engouement-appreciable\\\/#respond\"]}]},{\"@type\":\"WebPage\",\"@id\":\"https:\\\/\\\/lasentinelle.dz\\\/index.php\\\/2021\\\/12\\\/14\\\/vaccination-des-travailleurs-de-leducation-nationale-un-engouement-appreciable\\\/\",\"url\":\"https:\\\/\\\/lasentinelle.dz\\\/index.php\\\/2021\\\/12\\\/14\\\/vaccination-des-travailleurs-de-leducation-nationale-un-engouement-appreciable\\\/\",\"name\":\"Vaccination des travailleurs de l\u2019\u00e9ducation nationale : Un engouement \u00ab appr\u00e9ciable \u00bb - La Sentinelle\",\"isPartOf\":{\"@id\":\"https:\\\/\\\/lasentinelle.dz\\\/#website\"},\"primaryImageOfPage\":{\"@id\":\"https:\\\/\\\/lasentinelle.dz\\\/index.php\\\/2021\\\/12\\\/14\\\/vaccination-des-travailleurs-de-leducation-nationale-un-engouement-appreciable\\\/#primaryimage\"},\"image\":{\"@id\":\"https:\\\/\\\/lasentinelle.dz\\\/index.php\\\/2021\\\/12\\\/14\\\/vaccination-des-travailleurs-de-leducation-nationale-un-engouement-appreciable\\\/#primaryimage\"},\"thumbnailUrl\":\"https:\\\/\\\/lasentinelle.dz\\\/wp-content\\\/uploads\\\/2021\\\/11\\\/vaccination.png\",\"datePublished\":\"2021-12-13T23:01:00+00:00\",\"breadcrumb\":{\"@id\":\"https:\\\/\\\/lasentinelle.dz\\\/index.php\\\/2021\\\/12\\\/14\\\/vaccination-des-travailleurs-de-leducation-nationale-un-engouement-appreciable\\\/#breadcrumb\"},\"inLanguage\":\"fr-FR\",\"potentialAction\":[{\"@type\":\"ReadAction\",\"target\":[\"https:\\\/\\\/lasentinelle.dz\\\/index.php\\\/2021\\\/12\\\/14\\\/vaccination-des-travailleurs-de-leducation-nationale-un-engouement-appreciable\\\/\"]}]},{\"@type\":\"ImageObject\",\"inLanguage\":\"fr-FR\",\"@id\":\"https:\\\/\\\/lasentinelle.dz\\\/index.php\\\/2021\\\/12\\\/14\\\/vaccination-des-travailleurs-de-leducation-nationale-un-engouement-appreciable\\\/#primaryimage\",\"url\":\"https:\\\/\\\/lasentinelle.dz\\\/wp-content\\\/uploads\\\/2021\\\/11\\\/vaccination.png\",\"contentUrl\":\"https:\\\/\\\/lasentinelle.dz\\\/wp-content\\\/uploads\\\/2021\\\/11\\\/vaccination.png\",\"width\":1593,\"height\":900},{\"@type\":\"BreadcrumbList\",\"@id\":\"https:\\\/\\\/lasentinelle.dz\\\/index.php\\\/2021\\\/12\\\/14\\\/vaccination-des-travailleurs-de-leducation-nationale-un-engouement-appreciable\\\/#breadcrumb\",\"itemListElement\":[{\"@type\":\"ListItem\",\"position\":1,\"name\":\"Accueil\",\"item\":\"https:\\\/\\\/lasentinelle.dz\\\/\"},{\"@type\":\"ListItem\",\"position\":2,\"name\":\"Vaccination des travailleurs de l\u2019\u00e9ducation nationale : Un engouement \u00ab appr\u00e9ciable \u00bb\"}]},{\"@type\":\"WebSite\",\"@id\":\"https:\\\/\\\/lasentinelle.dz\\\/#website\",\"url\":\"https:\\\/\\\/lasentinelle.dz\\\/\",\"name\":\"La Sentinelle\",\"description\":\"Quotidien national d&#039;information\",\"publisher\":{\"@id\":\"https:\\\/\\\/lasentinelle.dz\\\/#organization\"},\"potentialAction\":[{\"@type\":\"SearchAction\",\"target\":{\"@type\":\"EntryPoint\",\"urlTemplate\":\"https:\\\/\\\/lasentinelle.dz\\\/?s={search_term_string}\"},\"query-input\":{\"@type\":\"PropertyValueSpecification\",\"valueRequired\":true,\"valueName\":\"search_term_string\"}}],\"inLanguage\":\"fr-FR\"},{\"@type\":\"Organization\",\"@id\":\"https:\\\/\\\/lasentinelle.dz\\\/#organization\",\"name\":\"Quotidien La Sentinelle\",\"url\":\"https:\\\/\\\/lasentinelle.dz\\\/\",\"logo\":{\"@type\":\"ImageObject\",\"inLanguage\":\"fr-FR\",\"@id\":\"https:\\\/\\\/lasentinelle.dz\\\/#\\\/schema\\\/logo\\\/image\\\/\",\"url\":\"https:\\\/\\\/lasentinelle.dz\\\/wp-content\\\/uploads\\\/2021\\\/09\\\/logo-sentinelleSLOGAN-1.png\",\"contentUrl\":\"https:\\\/\\\/lasentinelle.dz\\\/wp-content\\\/uploads\\\/2021\\\/09\\\/logo-sentinelleSLOGAN-1.png\",\"width\":615,\"height\":142,\"caption\":\"Quotidien La Sentinelle\"},\"image\":{\"@id\":\"https:\\\/\\\/lasentinelle.dz\\\/#\\\/schema\\\/logo\\\/image\\\/\"},\"sameAs\":[\"https:\\\/\\\/www.facebook.com\\\/La-Sentinelle-104059864394773\"]},{\"@type\":\"Person\",\"@id\":\"https:\\\/\\\/lasentinelle.dz\\\/#\\\/schema\\\/person\\\/d865044e22e70a75174ce8bcad3acfb3\",\"name\":\"La Sentinelle\",\"image\":{\"@type\":\"ImageObject\",\"inLanguage\":\"fr-FR\",\"@id\":\"https:\\\/\\\/secure.gravatar.com\\\/avatar\\\/57de8e5d4b15d43fb361a71fbb36338450fe67865b528a43dd10ef7c51a20392?s=96&d=mm&r=g\",\"url\":\"https:\\\/\\\/secure.gravatar.com\\\/avatar\\\/57de8e5d4b15d43fb361a71fbb36338450fe67865b528a43dd10ef7c51a20392?s=96&d=mm&r=g\",\"contentUrl\":\"https:\\\/\\\/secure.gravatar.com\\\/avatar\\\/57de8e5d4b15d43fb361a71fbb36338450fe67865b528a43dd10ef7c51a20392?s=96&d=mm&r=g\",\"caption\":\"La Sentinelle\"},\"sameAs\":[\"http:\\\/\\\/www.lasentinelle.dz\"],\"url\":\"https:\\\/\\\/lasentinelle.dz\\\/author\\\/redaction\\\/\"}]}<\/script>\n<!-- \/ Yoast SEO plugin. -->","yoast_head_json":{"title":"Vaccination des travailleurs de l\u2019\u00e9ducation nationale : Un engouement \u00ab appr\u00e9ciable \u00bb - La Sentinelle","robots":{"index":"index","follow":"follow","max-snippet":"max-snippet:-1","max-image-preview":"max-image-preview:large","max-video-preview":"max-video-preview:-1"},"canonical":"https:\/\/lasentinelle.dz\/index.php\/2021\/12\/14\/vaccination-des-travailleurs-de-leducation-nationale-un-engouement-appreciable\/","og_locale":"fr_FR","og_type":"article","og_title":"Vaccination des travailleurs de l\u2019\u00e9ducation nationale : Un engouement \u00ab appr\u00e9ciable \u00bb - La Sentinelle","og_description":"La campagne de vaccination anti-covid&nbsp;&nbsp;\u00e0 laquelle a appel\u00e9,&nbsp;jeudi,&nbsp;le ministre de l\u2019\u00c9ducation&nbsp;nationale, connait \u00e0 ce jour un engouement&nbsp;&nbsp;\u00ab appr\u00e9ciable \u00bb de","og_url":"https:\/\/lasentinelle.dz\/index.php\/2021\/12\/14\/vaccination-des-travailleurs-de-leducation-nationale-un-engouement-appreciable\/","og_site_name":"La Sentinelle","article_publisher":"https:\/\/www.facebook.com\/La-Sentinelle-104059864394773","article_published_time":"2021-12-13T23:01:00+00:00","og_image":[{"width":1593,"height":900,"url":"https:\/\/lasentinelle.dz\/wp-content\/uploads\/2021\/11\/vaccination.png","type":"image\/png"}],"author":"La Sentinelle","twitter_card":"summary_large_image","twitter_misc":{"\u00c9crit par":"La Sentinelle","Dur\u00e9e de lecture estim\u00e9e":"2 minutes"},"schema":{"@context":"https:\/\/schema.org","@graph":[{"@type":"Article","@id":"https:\/\/lasentinelle.dz\/index.php\/2021\/12\/14\/vaccination-des-travailleurs-de-leducation-nationale-un-engouement-appreciable\/#article","isPartOf":{"@id":"https:\/\/lasentinelle.dz\/index.php\/2021\/12\/14\/vaccination-des-travailleurs-de-leducation-nationale-un-engouement-appreciable\/"},"author":{"name":"La Sentinelle","@id":"https:\/\/lasentinelle.dz\/#\/schema\/person\/d865044e22e70a75174ce8bcad3acfb3"},"headline":"Vaccination des travailleurs de l\u2019\u00e9ducation nationale : Un engouement \u00ab appr\u00e9ciable \u00bb","datePublished":"2021-12-13T23:01:00+00:00","mainEntityOfPage":{"@id":"https:\/\/lasentinelle.dz\/index.php\/2021\/12\/14\/vaccination-des-travailleurs-de-leducation-nationale-un-engouement-appreciable\/"},"wordCount":519,"commentCount":0,"publisher":{"@id":"https:\/\/lasentinelle.dz\/#organization"},"image":{"@id":"https:\/\/lasentinelle.dz\/index.php\/2021\/12\/14\/vaccination-des-travailleurs-de-leducation-nationale-un-engouement-appreciable\/#primaryimage"},"thumbnailUrl":"https:\/\/lasentinelle.dz\/wp-content\/uploads\/2021\/11\/vaccination.png","articleSection":["Actualit\u00e9"],"inLanguage":"fr-FR","potentialAction":[{"@type":"CommentAction","name":"Comment","target":["https:\/\/lasentinelle.dz\/index.php\/2021\/12\/14\/vaccination-des-travailleurs-de-leducation-nationale-un-engouement-appreciable\/#respond"]}]},{"@type":"WebPage","@id":"https:\/\/lasentinelle.dz\/index.php\/2021\/12\/14\/vaccination-des-travailleurs-de-leducation-nationale-un-engouement-appreciable\/","url":"https:\/\/lasentinelle.dz\/index.php\/2021\/12\/14\/vaccination-des-travailleurs-de-leducation-nationale-un-engouement-appreciable\/","name":"Vaccination des travailleurs de l\u2019\u00e9ducation nationale : Un engouement \u00ab appr\u00e9ciable \u00bb - La Sentinelle","isPartOf":{"@id":"https:\/\/lasentinelle.dz\/#website"},"primaryImageOfPage":{"@id":"https:\/\/lasentinelle.dz\/index.php\/2021\/12\/14\/vaccination-des-travailleurs-de-leducation-nationale-un-engouement-appreciable\/#primaryimage"},"image":{"@id":"https:\/\/lasentinelle.dz\/index.php\/2021\/12\/14\/vaccination-des-travailleurs-de-leducation-nationale-un-engouement-appreciable\/#primaryimage"},"thumbnailUrl":"https:\/\/lasentinelle.dz\/wp-content\/uploads\/2021\/11\/vaccination.png","datePublished":"2021-12-13T23:01:00+00:00","breadcrumb":{"@id":"https:\/\/lasentinelle.dz\/index.php\/2021\/12\/14\/vaccination-des-travailleurs-de-leducation-nationale-un-engouement-appreciable\/#breadcrumb"},"inLanguage":"fr-FR","potentialAction":[{"@type":"ReadAction","target":["https:\/\/lasentinelle.dz\/index.php\/2021\/12\/14\/vaccination-des-travailleurs-de-leducation-nationale-un-engouement-appreciable\/"]}]},{"@type":"ImageObject","inLanguage":"fr-FR","@id":"https:\/\/lasentinelle.dz\/index.php\/2021\/12\/14\/vaccination-des-travailleurs-de-leducation-nationale-un-engouement-appreciable\/#primaryimage","url":"https:\/\/lasentinelle.dz\/wp-content\/uploads\/2021\/11\/vaccination.png","contentUrl":"https:\/\/lasentinelle.dz\/wp-content\/uploads\/2021\/11\/vaccination.png","width":1593,"height":900},{"@type":"BreadcrumbList","@id":"https:\/\/lasentinelle.dz\/index.php\/2021\/12\/14\/vaccination-des-travailleurs-de-leducation-nationale-un-engouement-appreciable\/#breadcrumb","itemListElement":[{"@type":"ListItem","position":1,"name":"Accueil","item":"https:\/\/lasentinelle.dz\/"},{"@type":"ListItem","position":2,"name":"Vaccination des travailleurs de l\u2019\u00e9ducation nationale : Un engouement \u00ab appr\u00e9ciable \u00bb"}]},{"@type":"WebSite","@id":"https:\/\/lasentinelle.dz\/#website","url":"https:\/\/lasentinelle.dz\/","name":"La Sentinelle","description":"Quotidien national d&#039;information","publisher":{"@id":"https:\/\/lasentinelle.dz\/#organization"},"potentialAction":[{"@type":"SearchAction","target":{"@type":"EntryPoint","urlTemplate":"https:\/\/lasentinelle.dz\/?s={search_term_string}"},"query-input":{"@type":"PropertyValueSpecification","valueRequired":true,"valueName":"search_term_string"}}],"inLanguage":"fr-FR"},{"@type":"Organization","@id":"https:\/\/lasentinelle.dz\/#organization","name":"Quotidien La Sentinelle","url":"https:\/\/lasentinelle.dz\/","logo":{"@type":"ImageObject","inLanguage":"fr-FR","@id":"https:\/\/lasentinelle.dz\/#\/schema\/logo\/image\/","url":"https:\/\/lasentinelle.dz\/wp-content\/uploads\/2021\/09\/logo-sentinelleSLOGAN-1.png","contentUrl":"https:\/\/lasentinelle.dz\/wp-content\/uploads\/2021\/09\/logo-sentinelleSLOGAN-1.png","width":615,"height":142,"caption":"Quotidien La Sentinelle"},"image":{"@id":"https:\/\/lasentinelle.dz\/#\/schema\/logo\/image\/"},"sameAs":["https:\/\/www.facebook.com\/La-Sentinelle-104059864394773"]},{"@type":"Person","@id":"https:\/\/lasentinelle.dz\/#\/schema\/person\/d865044e22e70a75174ce8bcad3acfb3","name":"La Sentinelle","image":{"@type":"ImageObject","inLanguage":"fr-FR","@id":"https:\/\/secure.gravatar.com\/avatar\/57de8e5d4b15d43fb361a71fbb36338450fe67865b528a43dd10ef7c51a20392?s=96&d=mm&r=g","url":"https:\/\/secure.gravatar.com\/avatar\/57de8e5d4b15d43fb361a71fbb36338450fe67865b528a43dd10ef7c51a20392?s=96&d=mm&r=g","contentUrl":"https:\/\/secure.gravatar.com\/avatar\/57de8e5d4b15d43fb361a71fbb36338450fe67865b528a43dd10ef7c51a20392?s=96&d=mm&r=g","caption":"La Sentinelle"},"sameAs":["http:\/\/www.lasentinelle.dz"],"url":"https:\/\/lasentinelle.dz\/author\/redaction\/"}]}},"_links":{"self":[{"href":"https:\/\/lasentinelle.dz\/index.php\/wp-json\/wp\/v2\/posts\/15137","targetHints":{"allow":["GET"]}}],"collection":[{"href":"https:\/\/lasentinelle.dz\/index.php\/wp-json\/wp\/v2\/posts"}],"about":[{"href":"https:\/\/lasentinelle.dz\/index.php\/wp-json\/wp\/v2\/types\/post"}],"author":[{"embeddable":true,"href":"https:\/\/lasentinelle.dz\/index.php\/wp-json\/wp\/v2\/users\/3"}],"replies":[{"embeddable":true,"href":"https:\/\/lasentinelle.dz\/index.php\/wp-json\/wp\/v2\/comments?post=15137"}],"version-history":[{"count":1,"href":"https:\/\/lasentinelle.dz\/index.php\/wp-json\/wp\/v2\/posts\/15137\/revisions"}],"predecessor-version":[{"id":15138,"href":"https:\/\/lasentinelle.dz\/index.php\/wp-json\/wp\/v2\/posts\/15137\/revisions\/15138"}],"wp:featuredmedia":[{"embeddable":true,"href":"https:\/\/lasentinelle.dz\/index.php\/wp-json\/wp\/v2\/media\/14305"}],"wp:attachment":[{"href":"https:\/\/lasentinelle.dz\/index.php\/wp-json\/wp\/v2\/media?parent=15137"}],"wp:term":[{"taxonomy":"category","embeddable":true,"href":"https:\/\/lasentinelle.dz\/index.php\/wp-json\/wp\/v2\/categories?post=15137"},{"taxonomy":"post_tag","embeddable":true,"href":"https:\/\/lasentinelle.dz\/index.php\/wp-json\/wp\/v2\/tags?post=15137"}],"curies":[{"name":"wp","href":"https:\/\/api.w.org\/{rel}","templated":true}]}}