{"id":15198,"date":"2021-12-15T00:05:00","date_gmt":"2021-12-14T23:05:00","guid":{"rendered":"https:\/\/lasentinelle.dz\/?p=15198"},"modified":"2021-12-14T21:29:42","modified_gmt":"2021-12-14T20:29:42","slug":"exportations-hors-hydrocarbures-cap-sur-lobjectif-des-5-milliards-de-dollars","status":"publish","type":"post","link":"https:\/\/lasentinelle.dz\/index.php\/2021\/12\/15\/exportations-hors-hydrocarbures-cap-sur-lobjectif-des-5-milliards-de-dollars\/","title":{"rendered":"Exportations hors-hydrocarbures : Cap sur l\u2019objectif des 5 milliards de dollars"},"content":{"rendered":"\n<p>Le ministre du Commerce et de la Promotion des exportations a soulign\u00e9 que&nbsp;\u00ab&nbsp;l&rsquo;ann\u00e9e 2022 sera, comme l&rsquo;a voulu le pr\u00e9sident de la&nbsp;R\u00e9publique, une ann\u00e9e&nbsp;d\u00e9di\u00e9e \u00e0&nbsp;l&rsquo;\u00e9conomie au moment justement o\u00f9 celle-ci commence \u00e0 prendre son \u00e9lan&nbsp;\u00bb.&nbsp;Intervenant lors d\u2019un atelier sur le r\u00f4le de son d\u00e9partement dans la promotion des exportations, tenu en marge de la Foire de la production alg\u00e9rienne,&nbsp;M. Rezig&nbsp;estime que&nbsp;la qualit\u00e9 et la quantit\u00e9 des exposants&nbsp;participant \u00e0 l\u2019\u00e9v\u00e9nement&nbsp;qui se tient au niveau de la Safex jusqu&rsquo;au 25 du mois de d\u00e9cembre en cours&nbsp;est le reflet de ce dynamisme.&nbsp;&nbsp;Une allocution durant laquelle, il a r\u00e9it\u00e9r\u00e9 son appel&nbsp;&nbsp;\u00e0 la presse nationale pour participer de fa\u00e7on active \u00e0 la d\u00e9marche du gouvernement et de son d\u00e9partement pour la promotion du produit national en Alg\u00e9rie comme \u00e0 l&rsquo;\u00e9tranger via notamment la couverture de la manifestation qui sera marqu\u00e9e, note-t-il, par des expositions&nbsp;et plusieurs ateliers.<\/p>\n\n\n\n<p>\u00ab\u00a0Parvenir \u00e0 4 milliards de dollars d&rsquo;exportations hors hydrocarbures est le r\u00eave qu&rsquo;on entretenait depuis longtemps\u00a0\u00bb, a-t-il estim\u00e9,&nbsp;et&nbsp;qui&nbsp;\u00ab&nbsp;commence \u00e0 se r\u00e9aliser gr\u00e2ce \u00e0 la politique suivie par le pr\u00e9sident de la&nbsp;R\u00e9publique Abdelmadjid Tebboune&nbsp;\u00bb, ajoute-il&nbsp;. Toujours au chapitre des bons points, M. Rezig ,&nbsp;qui a rappel\u00e9&nbsp;les ann\u00e9es pass\u00e9es \u00e0 s&rsquo;interroger sur les&nbsp;raisons des&nbsp;d\u00e9ficits de la balance&nbsp;commerciale,&nbsp;&nbsp;a soulign\u00e9 que c\u2019est&nbsp;gr\u00e2ce \u00e0&nbsp;la&nbsp;politique&nbsp;aujourd\u2019hui,&nbsp;que \u00ab&nbsp;l&rsquo;on est pour la premi\u00e8re fois \u00e0 un exc\u00e9dent dans la balance commerciale qui est estim\u00e9 \u00e0 1, 4 milliards de dollars&nbsp;\u00bb. Des r\u00e9alisations qui n&rsquo;\u00e9taient, pr\u00e9cise-t-il,&nbsp;\u00ab&nbsp;que des r\u00eaves m\u00eame durant l&#8217;embellie financi\u00e8re des derni\u00e8res vingt ann\u00e9es&nbsp;\u00bb.&nbsp;&nbsp;Avan\u00e7ant des projections, M. Rezig a estim\u00e9 qu&rsquo;apr\u00e8s avoir r\u00e9alis\u00e9 les objectifs trac\u00e9s, on peut d\u00e9sormais esp\u00e9rer \u00e0 mieux et pourquoi pas aller vers 5 milliards de dollars d&rsquo;ici la fin de l&rsquo;ann\u00e9e en cours.<\/p>\n\n\n\n<p>Evoquant le r\u00f4le du minist\u00e8re du Commerce dans la promotion des exportations ainsi que dans la protection du produit national,&nbsp;le ministre&nbsp;a soulign\u00e9 que des avanc\u00e9es ont \u00e9t\u00e9 bien r\u00e9alis\u00e9es citant l&rsquo;exemple de la num\u00e9risation du registre de commerce&nbsp;\u00bb. Parmi les r\u00e9alisations de son d\u00e9partement, le ministre cite \u00e9galement&nbsp;\u00ab&nbsp;la mise sur pied de la cartographie du produit national&nbsp;&nbsp;afin de permettre aux op\u00e9rateurs nationaux de conna\u00eetre les besoins d&rsquo;importation et les produits pr\u00eats \u00e0 l&rsquo;exportation&nbsp;\u00bb.&nbsp;Une cartographie, ajoute-t-il, qui sera expos\u00e9e dans la foire et dans laquelle sont enregistr\u00e9s plus de 10.000 op\u00e9rateurs \u00e9conomiques et quelques 3.388 produits nationaux. Ce qui fera, estime-t-il, que l&rsquo;ann\u00e9e 2022 sera la bataille du produit national.<\/p>\n\n\n\n<p>Enfin, soulignant la n\u00e9cessit\u00e9 d&rsquo;un travail collectif sur ce chapitre, le ministre a fait savoir que l&rsquo;arsenal juridique a \u00e9t\u00e9 r\u00e9vis\u00e9 en totalit\u00e9 afin de permettre \u00e0 la production nationale et \u00e0 l&rsquo;activit\u00e9 commerciale de prendre leur \u00e9lan. Le d\u00e9veloppement du produit national passe, note-t-il,&nbsp;\u00ab&nbsp;par une strat\u00e9gie nationale bien \u00e9tablie et qui sera rendue publique d\u00e8s que le gouvernement en donnera&nbsp;l\u2019aval&nbsp;\u00bb.&nbsp;<\/p>\n\n\n\n<p><strong>Kamel Nait Ameur<\/strong><\/p>\n","protected":false},"excerpt":{"rendered":"<p>Le ministre du Commerce et de la Promotion des exportations a soulign\u00e9 que&nbsp;\u00ab&nbsp;l&rsquo;ann\u00e9e 2022 sera, comme l&rsquo;a voulu le pr\u00e9sident<\/p>\n","protected":false},"author":3,"featured_media":15200,"comment_status":"open","ping_status":"closed","sticky":false,"template":"","format":"standard","meta":{"colormag_page_container_layout":"default_layout","colormag_page_sidebar_layout":"default_layout","om_disable_all_campaigns":false,"_monsterinsights_skip_tracking":false,"_monsterinsights_sitenote_active":false,"_monsterinsights_sitenote_note":"","_monsterinsights_sitenote_category":0,"footnotes":"","_wpscppro_dont_share_socialmedia":false,"_wpscppro_custom_social_share_image":0,"_facebook_share_type":"","_twitter_share_type":"","_linkedin_share_type":"","_pinterest_share_type":"","_linkedin_share_type_page":"","_instagram_share_type":"","_medium_share_type":"","_threads_share_type":"","_google_business_share_type":"","_selected_social_profile":[],"_wpsp_enable_custom_social_template":false,"_wpsp_social_scheduling":{"enabled":false,"datetime":null,"platforms":[],"status":"template_only","dateOption":"today","timeOption":"now","customDays":"","customHours":"","customDate":"","customTime":"","schedulingType":"absolute"},"_wpsp_active_default_template":true},"categories":[52,29],"tags":[],"class_list":["post-15198","post","type-post","status-publish","format-standard","has-post-thumbnail","hentry","category-a-la-une","category-economie"],"aioseo_notices":[],"yoast_head":"<!-- This site is optimized with the Yoast SEO plugin v27.5 - https:\/\/yoast.com\/product\/yoast-seo-wordpress\/ -->\n<title>Exportations hors-hydrocarbures : Cap sur l\u2019objectif des 5 milliards de dollars - La Sentinelle<\/title>\n<meta name=\"robots\" content=\"index, follow, max-snippet:-1, max-image-preview:large, max-video-preview:-1\" \/>\n<link rel=\"canonical\" href=\"https:\/\/lasentinelle.dz\/index.php\/2021\/12\/15\/exportations-hors-hydrocarbures-cap-sur-lobjectif-des-5-milliards-de-dollars\/\" \/>\n<meta property=\"og:locale\" content=\"fr_FR\" \/>\n<meta property=\"og:type\" content=\"article\" \/>\n<meta property=\"og:title\" content=\"Exportations hors-hydrocarbures : Cap sur l\u2019objectif des 5 milliards de dollars - La Sentinelle\" \/>\n<meta property=\"og:description\" content=\"Le ministre du Commerce et de la Promotion des exportations a soulign\u00e9 que&nbsp;\u00ab&nbsp;l&rsquo;ann\u00e9e 2022 sera, comme l&rsquo;a voulu le pr\u00e9sident\" \/>\n<meta property=\"og:url\" content=\"https:\/\/lasentinelle.dz\/index.php\/2021\/12\/15\/exportations-hors-hydrocarbures-cap-sur-lobjectif-des-5-milliards-de-dollars\/\" \/>\n<meta property=\"og:site_name\" content=\"La Sentinelle\" \/>\n<meta property=\"article:publisher\" content=\"https:\/\/www.facebook.com\/La-Sentinelle-104059864394773\" \/>\n<meta property=\"article:published_time\" content=\"2021-12-14T23:05:00+00:00\" \/>\n<meta property=\"og:image\" content=\"https:\/\/lasentinelle.dz\/wp-content\/uploads\/2021\/12\/por.png\" \/>\n\t<meta property=\"og:image:width\" content=\"1374\" \/>\n\t<meta property=\"og:image:height\" content=\"900\" \/>\n\t<meta property=\"og:image:type\" content=\"image\/png\" \/>\n<meta name=\"author\" content=\"La Sentinelle\" \/>\n<meta name=\"twitter:card\" content=\"summary_large_image\" \/>\n<meta name=\"twitter:label1\" content=\"\u00c9crit par\" \/>\n\t<meta name=\"twitter:data1\" content=\"La Sentinelle\" \/>\n\t<meta name=\"twitter:label2\" content=\"Dur\u00e9e de lecture estim\u00e9e\" \/>\n\t<meta name=\"twitter:data2\" content=\"2 minutes\" \/>\n<script type=\"application\/ld+json\" class=\"yoast-schema-graph\">{\"@context\":\"https:\\\/\\\/schema.org\",\"@graph\":[{\"@type\":\"Article\",\"@id\":\"https:\\\/\\\/lasentinelle.dz\\\/index.php\\\/2021\\\/12\\\/15\\\/exportations-hors-hydrocarbures-cap-sur-lobjectif-des-5-milliards-de-dollars\\\/#article\",\"isPartOf\":{\"@id\":\"https:\\\/\\\/lasentinelle.dz\\\/index.php\\\/2021\\\/12\\\/15\\\/exportations-hors-hydrocarbures-cap-sur-lobjectif-des-5-milliards-de-dollars\\\/\"},\"author\":{\"name\":\"La Sentinelle\",\"@id\":\"https:\\\/\\\/lasentinelle.dz\\\/#\\\/schema\\\/person\\\/d865044e22e70a75174ce8bcad3acfb3\"},\"headline\":\"Exportations hors-hydrocarbures : Cap sur l\u2019objectif des 5 milliards de dollars\",\"datePublished\":\"2021-12-14T23:05:00+00:00\",\"mainEntityOfPage\":{\"@id\":\"https:\\\/\\\/lasentinelle.dz\\\/index.php\\\/2021\\\/12\\\/15\\\/exportations-hors-hydrocarbures-cap-sur-lobjectif-des-5-milliards-de-dollars\\\/\"},\"wordCount\":612,\"commentCount\":0,\"publisher\":{\"@id\":\"https:\\\/\\\/lasentinelle.dz\\\/#organization\"},\"image\":{\"@id\":\"https:\\\/\\\/lasentinelle.dz\\\/index.php\\\/2021\\\/12\\\/15\\\/exportations-hors-hydrocarbures-cap-sur-lobjectif-des-5-milliards-de-dollars\\\/#primaryimage\"},\"thumbnailUrl\":\"https:\\\/\\\/lasentinelle.dz\\\/wp-content\\\/uploads\\\/2021\\\/12\\\/por.png\",\"articleSection\":[\"\u00c0 la Une\",\"\u00c9conomie\"],\"inLanguage\":\"fr-FR\",\"potentialAction\":[{\"@type\":\"CommentAction\",\"name\":\"Comment\",\"target\":[\"https:\\\/\\\/lasentinelle.dz\\\/index.php\\\/2021\\\/12\\\/15\\\/exportations-hors-hydrocarbures-cap-sur-lobjectif-des-5-milliards-de-dollars\\\/#respond\"]}]},{\"@type\":\"WebPage\",\"@id\":\"https:\\\/\\\/lasentinelle.dz\\\/index.php\\\/2021\\\/12\\\/15\\\/exportations-hors-hydrocarbures-cap-sur-lobjectif-des-5-milliards-de-dollars\\\/\",\"url\":\"https:\\\/\\\/lasentinelle.dz\\\/index.php\\\/2021\\\/12\\\/15\\\/exportations-hors-hydrocarbures-cap-sur-lobjectif-des-5-milliards-de-dollars\\\/\",\"name\":\"Exportations hors-hydrocarbures : Cap sur l\u2019objectif des 5 milliards de dollars - La Sentinelle\",\"isPartOf\":{\"@id\":\"https:\\\/\\\/lasentinelle.dz\\\/#website\"},\"primaryImageOfPage\":{\"@id\":\"https:\\\/\\\/lasentinelle.dz\\\/index.php\\\/2021\\\/12\\\/15\\\/exportations-hors-hydrocarbures-cap-sur-lobjectif-des-5-milliards-de-dollars\\\/#primaryimage\"},\"image\":{\"@id\":\"https:\\\/\\\/lasentinelle.dz\\\/index.php\\\/2021\\\/12\\\/15\\\/exportations-hors-hydrocarbures-cap-sur-lobjectif-des-5-milliards-de-dollars\\\/#primaryimage\"},\"thumbnailUrl\":\"https:\\\/\\\/lasentinelle.dz\\\/wp-content\\\/uploads\\\/2021\\\/12\\\/por.png\",\"datePublished\":\"2021-12-14T23:05:00+00:00\",\"breadcrumb\":{\"@id\":\"https:\\\/\\\/lasentinelle.dz\\\/index.php\\\/2021\\\/12\\\/15\\\/exportations-hors-hydrocarbures-cap-sur-lobjectif-des-5-milliards-de-dollars\\\/#breadcrumb\"},\"inLanguage\":\"fr-FR\",\"potentialAction\":[{\"@type\":\"ReadAction\",\"target\":[\"https:\\\/\\\/lasentinelle.dz\\\/index.php\\\/2021\\\/12\\\/15\\\/exportations-hors-hydrocarbures-cap-sur-lobjectif-des-5-milliards-de-dollars\\\/\"]}]},{\"@type\":\"ImageObject\",\"inLanguage\":\"fr-FR\",\"@id\":\"https:\\\/\\\/lasentinelle.dz\\\/index.php\\\/2021\\\/12\\\/15\\\/exportations-hors-hydrocarbures-cap-sur-lobjectif-des-5-milliards-de-dollars\\\/#primaryimage\",\"url\":\"https:\\\/\\\/lasentinelle.dz\\\/wp-content\\\/uploads\\\/2021\\\/12\\\/por.png\",\"contentUrl\":\"https:\\\/\\\/lasentinelle.dz\\\/wp-content\\\/uploads\\\/2021\\\/12\\\/por.png\",\"width\":1374,\"height\":900},{\"@type\":\"BreadcrumbList\",\"@id\":\"https:\\\/\\\/lasentinelle.dz\\\/index.php\\\/2021\\\/12\\\/15\\\/exportations-hors-hydrocarbures-cap-sur-lobjectif-des-5-milliards-de-dollars\\\/#breadcrumb\",\"itemListElement\":[{\"@type\":\"ListItem\",\"position\":1,\"name\":\"Accueil\",\"item\":\"https:\\\/\\\/lasentinelle.dz\\\/\"},{\"@type\":\"ListItem\",\"position\":2,\"name\":\"Exportations hors-hydrocarbures : Cap sur l\u2019objectif des 5 milliards de dollars\"}]},{\"@type\":\"WebSite\",\"@id\":\"https:\\\/\\\/lasentinelle.dz\\\/#website\",\"url\":\"https:\\\/\\\/lasentinelle.dz\\\/\",\"name\":\"La Sentinelle\",\"description\":\"Quotidien national d&#039;information\",\"publisher\":{\"@id\":\"https:\\\/\\\/lasentinelle.dz\\\/#organization\"},\"potentialAction\":[{\"@type\":\"SearchAction\",\"target\":{\"@type\":\"EntryPoint\",\"urlTemplate\":\"https:\\\/\\\/lasentinelle.dz\\\/?s={search_term_string}\"},\"query-input\":{\"@type\":\"PropertyValueSpecification\",\"valueRequired\":true,\"valueName\":\"search_term_string\"}}],\"inLanguage\":\"fr-FR\"},{\"@type\":\"Organization\",\"@id\":\"https:\\\/\\\/lasentinelle.dz\\\/#organization\",\"name\":\"Quotidien La Sentinelle\",\"url\":\"https:\\\/\\\/lasentinelle.dz\\\/\",\"logo\":{\"@type\":\"ImageObject\",\"inLanguage\":\"fr-FR\",\"@id\":\"https:\\\/\\\/lasentinelle.dz\\\/#\\\/schema\\\/logo\\\/image\\\/\",\"url\":\"https:\\\/\\\/lasentinelle.dz\\\/wp-content\\\/uploads\\\/2021\\\/09\\\/logo-sentinelleSLOGAN-1.png\",\"contentUrl\":\"https:\\\/\\\/lasentinelle.dz\\\/wp-content\\\/uploads\\\/2021\\\/09\\\/logo-sentinelleSLOGAN-1.png\",\"width\":615,\"height\":142,\"caption\":\"Quotidien La Sentinelle\"},\"image\":{\"@id\":\"https:\\\/\\\/lasentinelle.dz\\\/#\\\/schema\\\/logo\\\/image\\\/\"},\"sameAs\":[\"https:\\\/\\\/www.facebook.com\\\/La-Sentinelle-104059864394773\"]},{\"@type\":\"Person\",\"@id\":\"https:\\\/\\\/lasentinelle.dz\\\/#\\\/schema\\\/person\\\/d865044e22e70a75174ce8bcad3acfb3\",\"name\":\"La Sentinelle\",\"image\":{\"@type\":\"ImageObject\",\"inLanguage\":\"fr-FR\",\"@id\":\"https:\\\/\\\/secure.gravatar.com\\\/avatar\\\/57de8e5d4b15d43fb361a71fbb36338450fe67865b528a43dd10ef7c51a20392?s=96&d=mm&r=g\",\"url\":\"https:\\\/\\\/secure.gravatar.com\\\/avatar\\\/57de8e5d4b15d43fb361a71fbb36338450fe67865b528a43dd10ef7c51a20392?s=96&d=mm&r=g\",\"contentUrl\":\"https:\\\/\\\/secure.gravatar.com\\\/avatar\\\/57de8e5d4b15d43fb361a71fbb36338450fe67865b528a43dd10ef7c51a20392?s=96&d=mm&r=g\",\"caption\":\"La Sentinelle\"},\"sameAs\":[\"http:\\\/\\\/www.lasentinelle.dz\"],\"url\":\"https:\\\/\\\/lasentinelle.dz\\\/author\\\/redaction\\\/\"}]}<\/script>\n<!-- \/ Yoast SEO plugin. -->","yoast_head_json":{"title":"Exportations hors-hydrocarbures : Cap sur l\u2019objectif des 5 milliards de dollars - La Sentinelle","robots":{"index":"index","follow":"follow","max-snippet":"max-snippet:-1","max-image-preview":"max-image-preview:large","max-video-preview":"max-video-preview:-1"},"canonical":"https:\/\/lasentinelle.dz\/index.php\/2021\/12\/15\/exportations-hors-hydrocarbures-cap-sur-lobjectif-des-5-milliards-de-dollars\/","og_locale":"fr_FR","og_type":"article","og_title":"Exportations hors-hydrocarbures : Cap sur l\u2019objectif des 5 milliards de dollars - La Sentinelle","og_description":"Le ministre du Commerce et de la Promotion des exportations a soulign\u00e9 que&nbsp;\u00ab&nbsp;l&rsquo;ann\u00e9e 2022 sera, comme l&rsquo;a voulu le pr\u00e9sident","og_url":"https:\/\/lasentinelle.dz\/index.php\/2021\/12\/15\/exportations-hors-hydrocarbures-cap-sur-lobjectif-des-5-milliards-de-dollars\/","og_site_name":"La Sentinelle","article_publisher":"https:\/\/www.facebook.com\/La-Sentinelle-104059864394773","article_published_time":"2021-12-14T23:05:00+00:00","og_image":[{"width":1374,"height":900,"url":"https:\/\/lasentinelle.dz\/wp-content\/uploads\/2021\/12\/por.png","type":"image\/png"}],"author":"La Sentinelle","twitter_card":"summary_large_image","twitter_misc":{"\u00c9crit par":"La Sentinelle","Dur\u00e9e de lecture estim\u00e9e":"2 minutes"},"schema":{"@context":"https:\/\/schema.org","@graph":[{"@type":"Article","@id":"https:\/\/lasentinelle.dz\/index.php\/2021\/12\/15\/exportations-hors-hydrocarbures-cap-sur-lobjectif-des-5-milliards-de-dollars\/#article","isPartOf":{"@id":"https:\/\/lasentinelle.dz\/index.php\/2021\/12\/15\/exportations-hors-hydrocarbures-cap-sur-lobjectif-des-5-milliards-de-dollars\/"},"author":{"name":"La Sentinelle","@id":"https:\/\/lasentinelle.dz\/#\/schema\/person\/d865044e22e70a75174ce8bcad3acfb3"},"headline":"Exportations hors-hydrocarbures : Cap sur l\u2019objectif des 5 milliards de dollars","datePublished":"2021-12-14T23:05:00+00:00","mainEntityOfPage":{"@id":"https:\/\/lasentinelle.dz\/index.php\/2021\/12\/15\/exportations-hors-hydrocarbures-cap-sur-lobjectif-des-5-milliards-de-dollars\/"},"wordCount":612,"commentCount":0,"publisher":{"@id":"https:\/\/lasentinelle.dz\/#organization"},"image":{"@id":"https:\/\/lasentinelle.dz\/index.php\/2021\/12\/15\/exportations-hors-hydrocarbures-cap-sur-lobjectif-des-5-milliards-de-dollars\/#primaryimage"},"thumbnailUrl":"https:\/\/lasentinelle.dz\/wp-content\/uploads\/2021\/12\/por.png","articleSection":["\u00c0 la Une","\u00c9conomie"],"inLanguage":"fr-FR","potentialAction":[{"@type":"CommentAction","name":"Comment","target":["https:\/\/lasentinelle.dz\/index.php\/2021\/12\/15\/exportations-hors-hydrocarbures-cap-sur-lobjectif-des-5-milliards-de-dollars\/#respond"]}]},{"@type":"WebPage","@id":"https:\/\/lasentinelle.dz\/index.php\/2021\/12\/15\/exportations-hors-hydrocarbures-cap-sur-lobjectif-des-5-milliards-de-dollars\/","url":"https:\/\/lasentinelle.dz\/index.php\/2021\/12\/15\/exportations-hors-hydrocarbures-cap-sur-lobjectif-des-5-milliards-de-dollars\/","name":"Exportations hors-hydrocarbures : Cap sur l\u2019objectif des 5 milliards de dollars - La Sentinelle","isPartOf":{"@id":"https:\/\/lasentinelle.dz\/#website"},"primaryImageOfPage":{"@id":"https:\/\/lasentinelle.dz\/index.php\/2021\/12\/15\/exportations-hors-hydrocarbures-cap-sur-lobjectif-des-5-milliards-de-dollars\/#primaryimage"},"image":{"@id":"https:\/\/lasentinelle.dz\/index.php\/2021\/12\/15\/exportations-hors-hydrocarbures-cap-sur-lobjectif-des-5-milliards-de-dollars\/#primaryimage"},"thumbnailUrl":"https:\/\/lasentinelle.dz\/wp-content\/uploads\/2021\/12\/por.png","datePublished":"2021-12-14T23:05:00+00:00","breadcrumb":{"@id":"https:\/\/lasentinelle.dz\/index.php\/2021\/12\/15\/exportations-hors-hydrocarbures-cap-sur-lobjectif-des-5-milliards-de-dollars\/#breadcrumb"},"inLanguage":"fr-FR","potentialAction":[{"@type":"ReadAction","target":["https:\/\/lasentinelle.dz\/index.php\/2021\/12\/15\/exportations-hors-hydrocarbures-cap-sur-lobjectif-des-5-milliards-de-dollars\/"]}]},{"@type":"ImageObject","inLanguage":"fr-FR","@id":"https:\/\/lasentinelle.dz\/index.php\/2021\/12\/15\/exportations-hors-hydrocarbures-cap-sur-lobjectif-des-5-milliards-de-dollars\/#primaryimage","url":"https:\/\/lasentinelle.dz\/wp-content\/uploads\/2021\/12\/por.png","contentUrl":"https:\/\/lasentinelle.dz\/wp-content\/uploads\/2021\/12\/por.png","width":1374,"height":900},{"@type":"BreadcrumbList","@id":"https:\/\/lasentinelle.dz\/index.php\/2021\/12\/15\/exportations-hors-hydrocarbures-cap-sur-lobjectif-des-5-milliards-de-dollars\/#breadcrumb","itemListElement":[{"@type":"ListItem","position":1,"name":"Accueil","item":"https:\/\/lasentinelle.dz\/"},{"@type":"ListItem","position":2,"name":"Exportations hors-hydrocarbures : Cap sur l\u2019objectif des 5 milliards de dollars"}]},{"@type":"WebSite","@id":"https:\/\/lasentinelle.dz\/#website","url":"https:\/\/lasentinelle.dz\/","name":"La Sentinelle","description":"Quotidien national d&#039;information","publisher":{"@id":"https:\/\/lasentinelle.dz\/#organization"},"potentialAction":[{"@type":"SearchAction","target":{"@type":"EntryPoint","urlTemplate":"https:\/\/lasentinelle.dz\/?s={search_term_string}"},"query-input":{"@type":"PropertyValueSpecification","valueRequired":true,"valueName":"search_term_string"}}],"inLanguage":"fr-FR"},{"@type":"Organization","@id":"https:\/\/lasentinelle.dz\/#organization","name":"Quotidien La Sentinelle","url":"https:\/\/lasentinelle.dz\/","logo":{"@type":"ImageObject","inLanguage":"fr-FR","@id":"https:\/\/lasentinelle.dz\/#\/schema\/logo\/image\/","url":"https:\/\/lasentinelle.dz\/wp-content\/uploads\/2021\/09\/logo-sentinelleSLOGAN-1.png","contentUrl":"https:\/\/lasentinelle.dz\/wp-content\/uploads\/2021\/09\/logo-sentinelleSLOGAN-1.png","width":615,"height":142,"caption":"Quotidien La Sentinelle"},"image":{"@id":"https:\/\/lasentinelle.dz\/#\/schema\/logo\/image\/"},"sameAs":["https:\/\/www.facebook.com\/La-Sentinelle-104059864394773"]},{"@type":"Person","@id":"https:\/\/lasentinelle.dz\/#\/schema\/person\/d865044e22e70a75174ce8bcad3acfb3","name":"La Sentinelle","image":{"@type":"ImageObject","inLanguage":"fr-FR","@id":"https:\/\/secure.gravatar.com\/avatar\/57de8e5d4b15d43fb361a71fbb36338450fe67865b528a43dd10ef7c51a20392?s=96&d=mm&r=g","url":"https:\/\/secure.gravatar.com\/avatar\/57de8e5d4b15d43fb361a71fbb36338450fe67865b528a43dd10ef7c51a20392?s=96&d=mm&r=g","contentUrl":"https:\/\/secure.gravatar.com\/avatar\/57de8e5d4b15d43fb361a71fbb36338450fe67865b528a43dd10ef7c51a20392?s=96&d=mm&r=g","caption":"La Sentinelle"},"sameAs":["http:\/\/www.lasentinelle.dz"],"url":"https:\/\/lasentinelle.dz\/author\/redaction\/"}]}},"_links":{"self":[{"href":"https:\/\/lasentinelle.dz\/index.php\/wp-json\/wp\/v2\/posts\/15198","targetHints":{"allow":["GET"]}}],"collection":[{"href":"https:\/\/lasentinelle.dz\/index.php\/wp-json\/wp\/v2\/posts"}],"about":[{"href":"https:\/\/lasentinelle.dz\/index.php\/wp-json\/wp\/v2\/types\/post"}],"author":[{"embeddable":true,"href":"https:\/\/lasentinelle.dz\/index.php\/wp-json\/wp\/v2\/users\/3"}],"replies":[{"embeddable":true,"href":"https:\/\/lasentinelle.dz\/index.php\/wp-json\/wp\/v2\/comments?post=15198"}],"version-history":[{"count":1,"href":"https:\/\/lasentinelle.dz\/index.php\/wp-json\/wp\/v2\/posts\/15198\/revisions"}],"predecessor-version":[{"id":15199,"href":"https:\/\/lasentinelle.dz\/index.php\/wp-json\/wp\/v2\/posts\/15198\/revisions\/15199"}],"wp:featuredmedia":[{"embeddable":true,"href":"https:\/\/lasentinelle.dz\/index.php\/wp-json\/wp\/v2\/media\/15200"}],"wp:attachment":[{"href":"https:\/\/lasentinelle.dz\/index.php\/wp-json\/wp\/v2\/media?parent=15198"}],"wp:term":[{"taxonomy":"category","embeddable":true,"href":"https:\/\/lasentinelle.dz\/index.php\/wp-json\/wp\/v2\/categories?post=15198"},{"taxonomy":"post_tag","embeddable":true,"href":"https:\/\/lasentinelle.dz\/index.php\/wp-json\/wp\/v2\/tags?post=15198"}],"curies":[{"name":"wp","href":"https:\/\/api.w.org\/{rel}","templated":true}]}}