{"id":15204,"date":"2021-12-15T09:37:18","date_gmt":"2021-12-15T08:37:18","guid":{"rendered":"https:\/\/lasentinelle.dz\/?p=15204"},"modified":"2021-12-15T09:37:19","modified_gmt":"2021-12-15T08:37:19","slug":"accords-strategiques-entre-sonatrach-et-eni-un-investissement-de-14-milliards-usd","status":"publish","type":"post","link":"https:\/\/lasentinelle.dz\/index.php\/2021\/12\/15\/accords-strategiques-entre-sonatrach-et-eni-un-investissement-de-14-milliards-usd\/","title":{"rendered":"Accords strat\u00e9giques entre Sonatrach et Eni : Un investissement de 1,4 milliards USD"},"content":{"rendered":"\n<p>Le groupe Sonatrach et l&rsquo;italien Eni ont sign\u00e9&nbsp;hier&nbsp;\u00e0 Alger un nouveau contrat sous forme de partage de production dans les hydrocarbures, pour un investissements de 1,4 milliard de dollars, en plus d\u2019un accord strat\u00e9gique pour la coop\u00e9ration dans la transition \u00e9nerg\u00e9tique.&nbsp;Ces accords ont \u00e9t\u00e9 sign\u00e9s par le Pdg de Sonatrach, Toufik Hakkar et le CEO d\u2019ENI, Claudio DESCALZI, en pr\u00e9sence du ministre de l&rsquo;Energie et des Mines, Mohamed Arkab et de l\u2019ambassadeur d\u2019Italie \u00e0 Alger, Giovanni PUGLIESE .&nbsp;Ces signatures sont le r\u00e9sultat des deux protocoles d\u2019accord sign\u00e9s entre les deux partenaires, le 10 d\u00e9cembre 2020 \u00e0 Alger et le 25 mars 2021 \u00e0 Milan ( Italie).&nbsp;Le premier accord consiste en un nouveau contrat Exploration-Production dans la zone du Bassin de Berkine .&nbsp;Il s\u2019agit de premier contrat sign\u00e9 entre les deux partenaires depuis la promulgation de la nouvelle loi sur les hydrocarbures 19\/13.\u00a0\u00bbCet accord constitue un jalon suppl\u00e9mentaire qui vient renforcer la traditionnelle relation qui lie les deux partenaires\u00a0\u00bb, selon un communiqu\u00e9 de presse.&nbsp;Le Contrat couvre une superficie totale de 7880 km2 dans la partie Sud du bassin de Berkine o\u00f9 Sonatrach et Eni op\u00e8rent depuis 2013.&nbsp;Quant au plan de d\u00e9veloppement du projet Berkine Sud, il pr\u00e9voit la r\u00e9alisation de travaux d\u2019exploration et de d\u00e9veloppement en mode \u00ab\u00a0Fast Track\u00a0\u00bb, afin de r\u00e9duire les d\u00e9lais n\u00e9cessaires pour la production et la commercialisation et ce, en synergie avec les installations existantes au niveau des champs de Menzel Ledjmet et \u00e9galement par le recours aux filiales de Sonatrach pour la r\u00e9alisation des travaux dans le cadre de la promotion du contenu local.&nbsp;\u00ab\u00a0Le montant des investissements est estim\u00e9 \u00e0 1,4 milliard USD, pour une production de 45 000 barils \/ Jour \u00e9quivalent p\u00e9trole (BEP)\u00a0\u00bb, selon les donn\u00e9es du groupe Sonatrach.&nbsp;S\u2019agissant du second document sign\u00e9, il s\u2019agit d\u2019un accord strat\u00e9gique pour la coop\u00e9ration dans le secteur de la transition \u00e9nerg\u00e9tique.&nbsp;Il porte sur le d\u00e9veloppement commun des \u00e9nergies renouvelables et nouvelles, particuli\u00e8rement les axes de la production de l\u2019\u00e9nergie solaire, la prospection du Lithium, la production des bio-carburants et la production de l\u2019Hydrog\u00e8ne (vert et bleu).<\/p>\n\n\n\n<p><strong>4 milliards USD export\u00e9s vers l\u2019Italie<\/strong><\/p>\n\n\n\n<p>Intervenant en marge de la c\u00e9r\u00e9monie, le ministre de l\u2019\u00c9nergie et des Mines a indiqu\u00e9 que\u00ab&nbsp;nos exportations vers l\u2019Italie ont, malgr\u00e9 la crise sanitaire de 2020, \u00e9volu\u00e9 en moyenne de 4 milliards de dollars durant les trois derni\u00e8res ann\u00e9es&nbsp;\u00bb.&nbsp;Le ministre a \u00e9galement affirm\u00e9 que \u00ab\u00a0les relations alg\u00e9ro-italiennes sont \u00e0 la fois historiques, solides et strat\u00e9gique et elles concernent plusieurs domaines, dont celui de l\u2019\u00e9nergie o\u00f9 l\u2019Alg\u00e9rie, pays fournisseur fiable et sur, a toujours respect\u00e9 ses engagements envers ses clients et notamment l\u2019Italie, m\u00eame dans les moments les plus difficiles\u00a0\u00bb.<\/p>\n\n\n\n<p>R.N.<\/p>\n","protected":false},"excerpt":{"rendered":"<p>Le groupe Sonatrach et l&rsquo;italien Eni ont sign\u00e9&nbsp;hier&nbsp;\u00e0 Alger un nouveau contrat sous forme de partage de production dans les<\/p>\n","protected":false},"author":3,"featured_media":15205,"comment_status":"open","ping_status":"closed","sticky":false,"template":"","format":"standard","meta":{"colormag_page_container_layout":"default_layout","colormag_page_sidebar_layout":"default_layout","om_disable_all_campaigns":false,"_monsterinsights_skip_tracking":false,"_monsterinsights_sitenote_active":false,"_monsterinsights_sitenote_note":"","_monsterinsights_sitenote_category":0,"footnotes":"","_wpscppro_dont_share_socialmedia":false,"_wpscppro_custom_social_share_image":0,"_facebook_share_type":"","_twitter_share_type":"","_linkedin_share_type":"","_pinterest_share_type":"","_linkedin_share_type_page":"","_instagram_share_type":"","_medium_share_type":"","_threads_share_type":"","_google_business_share_type":"","_selected_social_profile":[],"_wpsp_enable_custom_social_template":false,"_wpsp_social_scheduling":{"enabled":false,"datetime":null,"platforms":[],"status":"template_only","dateOption":"today","timeOption":"now","customDays":"","customHours":"","customDate":"","customTime":"","schedulingType":"absolute"},"_wpsp_active_default_template":true},"categories":[52,27],"tags":[],"class_list":["post-15204","post","type-post","status-publish","format-standard","has-post-thumbnail","hentry","category-a-la-une","category-actualite"],"aioseo_notices":[],"yoast_head":"<!-- This site is optimized with the Yoast SEO plugin v27.5 - https:\/\/yoast.com\/product\/yoast-seo-wordpress\/ -->\n<title>Accords strat\u00e9giques entre Sonatrach et Eni : Un investissement de 1,4 milliards USD - La Sentinelle<\/title>\n<meta name=\"robots\" content=\"index, follow, max-snippet:-1, max-image-preview:large, max-video-preview:-1\" \/>\n<link rel=\"canonical\" href=\"https:\/\/lasentinelle.dz\/index.php\/2021\/12\/15\/accords-strategiques-entre-sonatrach-et-eni-un-investissement-de-14-milliards-usd\/\" \/>\n<meta property=\"og:locale\" content=\"fr_FR\" \/>\n<meta property=\"og:type\" content=\"article\" \/>\n<meta property=\"og:title\" content=\"Accords strat\u00e9giques entre Sonatrach et Eni : Un investissement de 1,4 milliards USD - La Sentinelle\" \/>\n<meta property=\"og:description\" content=\"Le groupe Sonatrach et l&rsquo;italien Eni ont sign\u00e9&nbsp;hier&nbsp;\u00e0 Alger un nouveau contrat sous forme de partage de production dans les\" \/>\n<meta property=\"og:url\" content=\"https:\/\/lasentinelle.dz\/index.php\/2021\/12\/15\/accords-strategiques-entre-sonatrach-et-eni-un-investissement-de-14-milliards-usd\/\" \/>\n<meta property=\"og:site_name\" content=\"La Sentinelle\" \/>\n<meta property=\"article:publisher\" content=\"https:\/\/www.facebook.com\/La-Sentinelle-104059864394773\" \/>\n<meta property=\"article:published_time\" content=\"2021-12-15T08:37:18+00:00\" \/>\n<meta property=\"article:modified_time\" content=\"2021-12-15T08:37:19+00:00\" \/>\n<meta property=\"og:image\" content=\"https:\/\/lasentinelle.dz\/wp-content\/uploads\/2021\/12\/Unknown11115.png\" \/>\n\t<meta property=\"og:image:width\" content=\"1685\" \/>\n\t<meta property=\"og:image:height\" content=\"900\" \/>\n\t<meta property=\"og:image:type\" content=\"image\/png\" \/>\n<meta name=\"author\" content=\"La Sentinelle\" \/>\n<meta name=\"twitter:card\" content=\"summary_large_image\" \/>\n<meta name=\"twitter:label1\" content=\"\u00c9crit par\" \/>\n\t<meta name=\"twitter:data1\" content=\"La Sentinelle\" \/>\n\t<meta name=\"twitter:label2\" content=\"Dur\u00e9e de lecture estim\u00e9e\" \/>\n\t<meta name=\"twitter:data2\" content=\"2 minutes\" \/>\n<script type=\"application\/ld+json\" class=\"yoast-schema-graph\">{\"@context\":\"https:\\\/\\\/schema.org\",\"@graph\":[{\"@type\":\"Article\",\"@id\":\"https:\\\/\\\/lasentinelle.dz\\\/index.php\\\/2021\\\/12\\\/15\\\/accords-strategiques-entre-sonatrach-et-eni-un-investissement-de-14-milliards-usd\\\/#article\",\"isPartOf\":{\"@id\":\"https:\\\/\\\/lasentinelle.dz\\\/index.php\\\/2021\\\/12\\\/15\\\/accords-strategiques-entre-sonatrach-et-eni-un-investissement-de-14-milliards-usd\\\/\"},\"author\":{\"name\":\"La Sentinelle\",\"@id\":\"https:\\\/\\\/lasentinelle.dz\\\/#\\\/schema\\\/person\\\/d865044e22e70a75174ce8bcad3acfb3\"},\"headline\":\"Accords strat\u00e9giques entre Sonatrach et Eni : Un investissement de 1,4 milliards USD\",\"datePublished\":\"2021-12-15T08:37:18+00:00\",\"dateModified\":\"2021-12-15T08:37:19+00:00\",\"mainEntityOfPage\":{\"@id\":\"https:\\\/\\\/lasentinelle.dz\\\/index.php\\\/2021\\\/12\\\/15\\\/accords-strategiques-entre-sonatrach-et-eni-un-investissement-de-14-milliards-usd\\\/\"},\"wordCount\":507,\"commentCount\":0,\"publisher\":{\"@id\":\"https:\\\/\\\/lasentinelle.dz\\\/#organization\"},\"image\":{\"@id\":\"https:\\\/\\\/lasentinelle.dz\\\/index.php\\\/2021\\\/12\\\/15\\\/accords-strategiques-entre-sonatrach-et-eni-un-investissement-de-14-milliards-usd\\\/#primaryimage\"},\"thumbnailUrl\":\"https:\\\/\\\/lasentinelle.dz\\\/wp-content\\\/uploads\\\/2021\\\/12\\\/Unknown11115.png\",\"articleSection\":[\"\u00c0 la Une\",\"Actualit\u00e9\"],\"inLanguage\":\"fr-FR\",\"potentialAction\":[{\"@type\":\"CommentAction\",\"name\":\"Comment\",\"target\":[\"https:\\\/\\\/lasentinelle.dz\\\/index.php\\\/2021\\\/12\\\/15\\\/accords-strategiques-entre-sonatrach-et-eni-un-investissement-de-14-milliards-usd\\\/#respond\"]}]},{\"@type\":\"WebPage\",\"@id\":\"https:\\\/\\\/lasentinelle.dz\\\/index.php\\\/2021\\\/12\\\/15\\\/accords-strategiques-entre-sonatrach-et-eni-un-investissement-de-14-milliards-usd\\\/\",\"url\":\"https:\\\/\\\/lasentinelle.dz\\\/index.php\\\/2021\\\/12\\\/15\\\/accords-strategiques-entre-sonatrach-et-eni-un-investissement-de-14-milliards-usd\\\/\",\"name\":\"Accords strat\u00e9giques entre Sonatrach et Eni : Un investissement de 1,4 milliards USD - La Sentinelle\",\"isPartOf\":{\"@id\":\"https:\\\/\\\/lasentinelle.dz\\\/#website\"},\"primaryImageOfPage\":{\"@id\":\"https:\\\/\\\/lasentinelle.dz\\\/index.php\\\/2021\\\/12\\\/15\\\/accords-strategiques-entre-sonatrach-et-eni-un-investissement-de-14-milliards-usd\\\/#primaryimage\"},\"image\":{\"@id\":\"https:\\\/\\\/lasentinelle.dz\\\/index.php\\\/2021\\\/12\\\/15\\\/accords-strategiques-entre-sonatrach-et-eni-un-investissement-de-14-milliards-usd\\\/#primaryimage\"},\"thumbnailUrl\":\"https:\\\/\\\/lasentinelle.dz\\\/wp-content\\\/uploads\\\/2021\\\/12\\\/Unknown11115.png\",\"datePublished\":\"2021-12-15T08:37:18+00:00\",\"dateModified\":\"2021-12-15T08:37:19+00:00\",\"breadcrumb\":{\"@id\":\"https:\\\/\\\/lasentinelle.dz\\\/index.php\\\/2021\\\/12\\\/15\\\/accords-strategiques-entre-sonatrach-et-eni-un-investissement-de-14-milliards-usd\\\/#breadcrumb\"},\"inLanguage\":\"fr-FR\",\"potentialAction\":[{\"@type\":\"ReadAction\",\"target\":[\"https:\\\/\\\/lasentinelle.dz\\\/index.php\\\/2021\\\/12\\\/15\\\/accords-strategiques-entre-sonatrach-et-eni-un-investissement-de-14-milliards-usd\\\/\"]}]},{\"@type\":\"ImageObject\",\"inLanguage\":\"fr-FR\",\"@id\":\"https:\\\/\\\/lasentinelle.dz\\\/index.php\\\/2021\\\/12\\\/15\\\/accords-strategiques-entre-sonatrach-et-eni-un-investissement-de-14-milliards-usd\\\/#primaryimage\",\"url\":\"https:\\\/\\\/lasentinelle.dz\\\/wp-content\\\/uploads\\\/2021\\\/12\\\/Unknown11115.png\",\"contentUrl\":\"https:\\\/\\\/lasentinelle.dz\\\/wp-content\\\/uploads\\\/2021\\\/12\\\/Unknown11115.png\",\"width\":1685,\"height\":900},{\"@type\":\"BreadcrumbList\",\"@id\":\"https:\\\/\\\/lasentinelle.dz\\\/index.php\\\/2021\\\/12\\\/15\\\/accords-strategiques-entre-sonatrach-et-eni-un-investissement-de-14-milliards-usd\\\/#breadcrumb\",\"itemListElement\":[{\"@type\":\"ListItem\",\"position\":1,\"name\":\"Accueil\",\"item\":\"https:\\\/\\\/lasentinelle.dz\\\/\"},{\"@type\":\"ListItem\",\"position\":2,\"name\":\"Accords strat\u00e9giques entre Sonatrach et Eni : Un investissement de 1,4 milliards USD\"}]},{\"@type\":\"WebSite\",\"@id\":\"https:\\\/\\\/lasentinelle.dz\\\/#website\",\"url\":\"https:\\\/\\\/lasentinelle.dz\\\/\",\"name\":\"La Sentinelle\",\"description\":\"Quotidien national d&#039;information\",\"publisher\":{\"@id\":\"https:\\\/\\\/lasentinelle.dz\\\/#organization\"},\"potentialAction\":[{\"@type\":\"SearchAction\",\"target\":{\"@type\":\"EntryPoint\",\"urlTemplate\":\"https:\\\/\\\/lasentinelle.dz\\\/?s={search_term_string}\"},\"query-input\":{\"@type\":\"PropertyValueSpecification\",\"valueRequired\":true,\"valueName\":\"search_term_string\"}}],\"inLanguage\":\"fr-FR\"},{\"@type\":\"Organization\",\"@id\":\"https:\\\/\\\/lasentinelle.dz\\\/#organization\",\"name\":\"Quotidien La Sentinelle\",\"url\":\"https:\\\/\\\/lasentinelle.dz\\\/\",\"logo\":{\"@type\":\"ImageObject\",\"inLanguage\":\"fr-FR\",\"@id\":\"https:\\\/\\\/lasentinelle.dz\\\/#\\\/schema\\\/logo\\\/image\\\/\",\"url\":\"https:\\\/\\\/lasentinelle.dz\\\/wp-content\\\/uploads\\\/2021\\\/09\\\/logo-sentinelleSLOGAN-1.png\",\"contentUrl\":\"https:\\\/\\\/lasentinelle.dz\\\/wp-content\\\/uploads\\\/2021\\\/09\\\/logo-sentinelleSLOGAN-1.png\",\"width\":615,\"height\":142,\"caption\":\"Quotidien La Sentinelle\"},\"image\":{\"@id\":\"https:\\\/\\\/lasentinelle.dz\\\/#\\\/schema\\\/logo\\\/image\\\/\"},\"sameAs\":[\"https:\\\/\\\/www.facebook.com\\\/La-Sentinelle-104059864394773\"]},{\"@type\":\"Person\",\"@id\":\"https:\\\/\\\/lasentinelle.dz\\\/#\\\/schema\\\/person\\\/d865044e22e70a75174ce8bcad3acfb3\",\"name\":\"La Sentinelle\",\"image\":{\"@type\":\"ImageObject\",\"inLanguage\":\"fr-FR\",\"@id\":\"https:\\\/\\\/secure.gravatar.com\\\/avatar\\\/57de8e5d4b15d43fb361a71fbb36338450fe67865b528a43dd10ef7c51a20392?s=96&d=mm&r=g\",\"url\":\"https:\\\/\\\/secure.gravatar.com\\\/avatar\\\/57de8e5d4b15d43fb361a71fbb36338450fe67865b528a43dd10ef7c51a20392?s=96&d=mm&r=g\",\"contentUrl\":\"https:\\\/\\\/secure.gravatar.com\\\/avatar\\\/57de8e5d4b15d43fb361a71fbb36338450fe67865b528a43dd10ef7c51a20392?s=96&d=mm&r=g\",\"caption\":\"La Sentinelle\"},\"sameAs\":[\"http:\\\/\\\/www.lasentinelle.dz\"],\"url\":\"https:\\\/\\\/lasentinelle.dz\\\/author\\\/redaction\\\/\"}]}<\/script>\n<!-- \/ Yoast SEO plugin. -->","yoast_head_json":{"title":"Accords strat\u00e9giques entre Sonatrach et Eni : Un investissement de 1,4 milliards USD - La Sentinelle","robots":{"index":"index","follow":"follow","max-snippet":"max-snippet:-1","max-image-preview":"max-image-preview:large","max-video-preview":"max-video-preview:-1"},"canonical":"https:\/\/lasentinelle.dz\/index.php\/2021\/12\/15\/accords-strategiques-entre-sonatrach-et-eni-un-investissement-de-14-milliards-usd\/","og_locale":"fr_FR","og_type":"article","og_title":"Accords strat\u00e9giques entre Sonatrach et Eni : Un investissement de 1,4 milliards USD - La Sentinelle","og_description":"Le groupe Sonatrach et l&rsquo;italien Eni ont sign\u00e9&nbsp;hier&nbsp;\u00e0 Alger un nouveau contrat sous forme de partage de production dans les","og_url":"https:\/\/lasentinelle.dz\/index.php\/2021\/12\/15\/accords-strategiques-entre-sonatrach-et-eni-un-investissement-de-14-milliards-usd\/","og_site_name":"La Sentinelle","article_publisher":"https:\/\/www.facebook.com\/La-Sentinelle-104059864394773","article_published_time":"2021-12-15T08:37:18+00:00","article_modified_time":"2021-12-15T08:37:19+00:00","og_image":[{"width":1685,"height":900,"url":"https:\/\/lasentinelle.dz\/wp-content\/uploads\/2021\/12\/Unknown11115.png","type":"image\/png"}],"author":"La Sentinelle","twitter_card":"summary_large_image","twitter_misc":{"\u00c9crit par":"La Sentinelle","Dur\u00e9e de lecture estim\u00e9e":"2 minutes"},"schema":{"@context":"https:\/\/schema.org","@graph":[{"@type":"Article","@id":"https:\/\/lasentinelle.dz\/index.php\/2021\/12\/15\/accords-strategiques-entre-sonatrach-et-eni-un-investissement-de-14-milliards-usd\/#article","isPartOf":{"@id":"https:\/\/lasentinelle.dz\/index.php\/2021\/12\/15\/accords-strategiques-entre-sonatrach-et-eni-un-investissement-de-14-milliards-usd\/"},"author":{"name":"La Sentinelle","@id":"https:\/\/lasentinelle.dz\/#\/schema\/person\/d865044e22e70a75174ce8bcad3acfb3"},"headline":"Accords strat\u00e9giques entre Sonatrach et Eni : Un investissement de 1,4 milliards USD","datePublished":"2021-12-15T08:37:18+00:00","dateModified":"2021-12-15T08:37:19+00:00","mainEntityOfPage":{"@id":"https:\/\/lasentinelle.dz\/index.php\/2021\/12\/15\/accords-strategiques-entre-sonatrach-et-eni-un-investissement-de-14-milliards-usd\/"},"wordCount":507,"commentCount":0,"publisher":{"@id":"https:\/\/lasentinelle.dz\/#organization"},"image":{"@id":"https:\/\/lasentinelle.dz\/index.php\/2021\/12\/15\/accords-strategiques-entre-sonatrach-et-eni-un-investissement-de-14-milliards-usd\/#primaryimage"},"thumbnailUrl":"https:\/\/lasentinelle.dz\/wp-content\/uploads\/2021\/12\/Unknown11115.png","articleSection":["\u00c0 la Une","Actualit\u00e9"],"inLanguage":"fr-FR","potentialAction":[{"@type":"CommentAction","name":"Comment","target":["https:\/\/lasentinelle.dz\/index.php\/2021\/12\/15\/accords-strategiques-entre-sonatrach-et-eni-un-investissement-de-14-milliards-usd\/#respond"]}]},{"@type":"WebPage","@id":"https:\/\/lasentinelle.dz\/index.php\/2021\/12\/15\/accords-strategiques-entre-sonatrach-et-eni-un-investissement-de-14-milliards-usd\/","url":"https:\/\/lasentinelle.dz\/index.php\/2021\/12\/15\/accords-strategiques-entre-sonatrach-et-eni-un-investissement-de-14-milliards-usd\/","name":"Accords strat\u00e9giques entre Sonatrach et Eni : Un investissement de 1,4 milliards USD - La Sentinelle","isPartOf":{"@id":"https:\/\/lasentinelle.dz\/#website"},"primaryImageOfPage":{"@id":"https:\/\/lasentinelle.dz\/index.php\/2021\/12\/15\/accords-strategiques-entre-sonatrach-et-eni-un-investissement-de-14-milliards-usd\/#primaryimage"},"image":{"@id":"https:\/\/lasentinelle.dz\/index.php\/2021\/12\/15\/accords-strategiques-entre-sonatrach-et-eni-un-investissement-de-14-milliards-usd\/#primaryimage"},"thumbnailUrl":"https:\/\/lasentinelle.dz\/wp-content\/uploads\/2021\/12\/Unknown11115.png","datePublished":"2021-12-15T08:37:18+00:00","dateModified":"2021-12-15T08:37:19+00:00","breadcrumb":{"@id":"https:\/\/lasentinelle.dz\/index.php\/2021\/12\/15\/accords-strategiques-entre-sonatrach-et-eni-un-investissement-de-14-milliards-usd\/#breadcrumb"},"inLanguage":"fr-FR","potentialAction":[{"@type":"ReadAction","target":["https:\/\/lasentinelle.dz\/index.php\/2021\/12\/15\/accords-strategiques-entre-sonatrach-et-eni-un-investissement-de-14-milliards-usd\/"]}]},{"@type":"ImageObject","inLanguage":"fr-FR","@id":"https:\/\/lasentinelle.dz\/index.php\/2021\/12\/15\/accords-strategiques-entre-sonatrach-et-eni-un-investissement-de-14-milliards-usd\/#primaryimage","url":"https:\/\/lasentinelle.dz\/wp-content\/uploads\/2021\/12\/Unknown11115.png","contentUrl":"https:\/\/lasentinelle.dz\/wp-content\/uploads\/2021\/12\/Unknown11115.png","width":1685,"height":900},{"@type":"BreadcrumbList","@id":"https:\/\/lasentinelle.dz\/index.php\/2021\/12\/15\/accords-strategiques-entre-sonatrach-et-eni-un-investissement-de-14-milliards-usd\/#breadcrumb","itemListElement":[{"@type":"ListItem","position":1,"name":"Accueil","item":"https:\/\/lasentinelle.dz\/"},{"@type":"ListItem","position":2,"name":"Accords strat\u00e9giques entre Sonatrach et Eni : Un investissement de 1,4 milliards USD"}]},{"@type":"WebSite","@id":"https:\/\/lasentinelle.dz\/#website","url":"https:\/\/lasentinelle.dz\/","name":"La Sentinelle","description":"Quotidien national d&#039;information","publisher":{"@id":"https:\/\/lasentinelle.dz\/#organization"},"potentialAction":[{"@type":"SearchAction","target":{"@type":"EntryPoint","urlTemplate":"https:\/\/lasentinelle.dz\/?s={search_term_string}"},"query-input":{"@type":"PropertyValueSpecification","valueRequired":true,"valueName":"search_term_string"}}],"inLanguage":"fr-FR"},{"@type":"Organization","@id":"https:\/\/lasentinelle.dz\/#organization","name":"Quotidien La Sentinelle","url":"https:\/\/lasentinelle.dz\/","logo":{"@type":"ImageObject","inLanguage":"fr-FR","@id":"https:\/\/lasentinelle.dz\/#\/schema\/logo\/image\/","url":"https:\/\/lasentinelle.dz\/wp-content\/uploads\/2021\/09\/logo-sentinelleSLOGAN-1.png","contentUrl":"https:\/\/lasentinelle.dz\/wp-content\/uploads\/2021\/09\/logo-sentinelleSLOGAN-1.png","width":615,"height":142,"caption":"Quotidien La Sentinelle"},"image":{"@id":"https:\/\/lasentinelle.dz\/#\/schema\/logo\/image\/"},"sameAs":["https:\/\/www.facebook.com\/La-Sentinelle-104059864394773"]},{"@type":"Person","@id":"https:\/\/lasentinelle.dz\/#\/schema\/person\/d865044e22e70a75174ce8bcad3acfb3","name":"La Sentinelle","image":{"@type":"ImageObject","inLanguage":"fr-FR","@id":"https:\/\/secure.gravatar.com\/avatar\/57de8e5d4b15d43fb361a71fbb36338450fe67865b528a43dd10ef7c51a20392?s=96&d=mm&r=g","url":"https:\/\/secure.gravatar.com\/avatar\/57de8e5d4b15d43fb361a71fbb36338450fe67865b528a43dd10ef7c51a20392?s=96&d=mm&r=g","contentUrl":"https:\/\/secure.gravatar.com\/avatar\/57de8e5d4b15d43fb361a71fbb36338450fe67865b528a43dd10ef7c51a20392?s=96&d=mm&r=g","caption":"La Sentinelle"},"sameAs":["http:\/\/www.lasentinelle.dz"],"url":"https:\/\/lasentinelle.dz\/author\/redaction\/"}]}},"_links":{"self":[{"href":"https:\/\/lasentinelle.dz\/index.php\/wp-json\/wp\/v2\/posts\/15204","targetHints":{"allow":["GET"]}}],"collection":[{"href":"https:\/\/lasentinelle.dz\/index.php\/wp-json\/wp\/v2\/posts"}],"about":[{"href":"https:\/\/lasentinelle.dz\/index.php\/wp-json\/wp\/v2\/types\/post"}],"author":[{"embeddable":true,"href":"https:\/\/lasentinelle.dz\/index.php\/wp-json\/wp\/v2\/users\/3"}],"replies":[{"embeddable":true,"href":"https:\/\/lasentinelle.dz\/index.php\/wp-json\/wp\/v2\/comments?post=15204"}],"version-history":[{"count":1,"href":"https:\/\/lasentinelle.dz\/index.php\/wp-json\/wp\/v2\/posts\/15204\/revisions"}],"predecessor-version":[{"id":15206,"href":"https:\/\/lasentinelle.dz\/index.php\/wp-json\/wp\/v2\/posts\/15204\/revisions\/15206"}],"wp:featuredmedia":[{"embeddable":true,"href":"https:\/\/lasentinelle.dz\/index.php\/wp-json\/wp\/v2\/media\/15205"}],"wp:attachment":[{"href":"https:\/\/lasentinelle.dz\/index.php\/wp-json\/wp\/v2\/media?parent=15204"}],"wp:term":[{"taxonomy":"category","embeddable":true,"href":"https:\/\/lasentinelle.dz\/index.php\/wp-json\/wp\/v2\/categories?post=15204"},{"taxonomy":"post_tag","embeddable":true,"href":"https:\/\/lasentinelle.dz\/index.php\/wp-json\/wp\/v2\/tags?post=15204"}],"curies":[{"name":"wp","href":"https:\/\/api.w.org\/{rel}","templated":true}]}}