{"id":15292,"date":"2021-12-18T00:01:00","date_gmt":"2021-12-17T23:01:00","guid":{"rendered":"https:\/\/lasentinelle.dz\/?p=15292"},"modified":"2021-12-17T23:53:45","modified_gmt":"2021-12-17T22:53:45","slug":"lafrique-ne-peut-pas-faire-face-seule-au-changement-climatique","status":"publish","type":"post","link":"https:\/\/lasentinelle.dz\/index.php\/2021\/12\/18\/lafrique-ne-peut-pas-faire-face-seule-au-changement-climatique\/","title":{"rendered":"L&rsquo;Afrique ne peut pas faire face seule au changement climatique"},"content":{"rendered":"\n<p><\/p>\n\n\n\n<p><strong>par&nbsp;Kristalina Georgieva, F\u00e9lix Tshisekedi<\/strong><\/p>\n\n\n\n<figure class=\"wp-block-image size-full is-resized\"><img decoding=\"async\" src=\"https:\/\/lasentinelle.dz\/wp-content\/uploads\/2021\/12\/Kristalina-Georgieva-edited.jpeg\" alt=\"\" class=\"wp-image-15294\" width=\"131\" srcset=\"https:\/\/lasentinelle.dz\/wp-content\/uploads\/2021\/12\/Kristalina-Georgieva-edited.jpeg 307w, https:\/\/lasentinelle.dz\/wp-content\/uploads\/2021\/12\/Kristalina-Georgieva-edited-226x300.jpeg 226w\" sizes=\"(max-width: 307px) 100vw, 307px\" \/><figcaption><strong>Kristalina Georgieva<\/strong>, directrice g\u00e9n\u00e9rale du Fonds mon\u00e9taire international. <strong>F\u00e9lix Tshisekedi<\/strong>, pr\u00e9sident de la R\u00e9publique D\u00e9mocratique du Congo.<\/figcaption><\/figure>\n\n\n\n<p>L&rsquo;Afrique ne contribue presque pas au r\u00e9chauffement climatique. Ses 1,4 milliard d&rsquo;habitants, environ 17 % de la population mondiale, sont responsables de moins de 3 % du total mondial des gaz \u00e0 effet de serre. De fait, les donn\u00e9es sugg\u00e8rent que les for\u00eats du bassin du fleuve Congo absorbent \u00e0 elles seules 3 pour cent des \u00e9missions mondiales chaque ann\u00e9e.<\/p>\n\n\n\n<p>Pourtant, l&rsquo;Afrique est en premi\u00e8re ligne pour faire face aux effets du changement climatique. D\u00e9j\u00e0, des pays sont confront\u00e9s \u00e0 des catastrophes naturelles plus fr\u00e9quentes, \u00e0 un temps plus chaud, \u00e0 des pr\u00e9cipitations irr\u00e9guli\u00e8res et \u00e0 une \u00e9l\u00e9vation du niveau de la mer. Chaque \u00e9v\u00e9nement de ce type cause des trag\u00e9dies humaines, des bouleversements sociaux et des perturbations \u00e9conomiques \u2013 par exemple, on estime qu\u2019\u00e0 moyen terme, pour chaque s\u00e9cheresse la croissance \u00e9conomique annuelle par habitant en Afrique peut diminuer d&rsquo;un point de pourcentage suppl\u00e9mentaire.<\/p>\n\n\n\n<p>Comme les pays du monde entier, les gouvernements africains doivent embrasser l&rsquo;in\u00e9vitable transition mondiale vers une \u00e9conomie \u00e0 faible \u00e9mission de carbone. Et parall\u00e8lement \u00e0 des programmes \u00e9conomiques vitaux pour \u00e9lever le niveau de vie, ils sont \u00e9galement confront\u00e9s \u00e0 un besoin urgent de s&rsquo;adapter aux chocs climatiques, en particulier dans les pays qui d\u00e9pendent de l&rsquo;agriculture pluviale.<\/p>\n\n\n\n<p>L&rsquo;Union africaine a approuv\u00e9 le Programme d&rsquo;acc\u00e9l\u00e9ration de l&rsquo;adaptation en Afrique qui d\u00e9crit les actions les plus cruciales \u00e0 mettre en \u0153uvre. Des investissements pour la construction d&rsquo;infrastructures r\u00e9silientes, pour une agriculture intelligente face au climat, pour acc\u00e9l\u00e9rer la num\u00e9risation et les r\u00e9formes commerciales, et pour l&rsquo;\u00e9largissement des filets de s\u00e9curit\u00e9 g\u00e9n\u00e9reront des emplois, augmenteront les revenus et am\u00e9lioreront le niveau de vie. Et de tels investissements sont jusqu&rsquo;\u00e0 12 fois plus rentables que les mesures mises en \u0153uvre lorsqu\u2019une catastrophe survient.<\/p>\n\n\n\n<p>Mais le prix \u00e0 payer pour l&rsquo;action climatique est lourd et s&rsquo;ajoute aux besoins financiers plus largement n\u00e9cessaires pour atteindre les objectifs de d\u00e9veloppement durable. Lors de la COP26, les dirigeants africains ont indiqu\u00e9 que la r\u00e9gion aurait besoin de 1300 milliards de dollars au cours des deux prochaines d\u00e9cennies pour l&rsquo;att\u00e9nuation et l&rsquo;adaptation au changement climatique.<\/p>\n\n\n\n<p>Ces montants sont hors de port\u00e9e pour les pays d&rsquo;Afrique, sp\u00e9cialement dans un contexte d&rsquo;endettement \u00e9lev\u00e9 et de croissance contrainte \u00e0 la suite de la pand\u00e9mie. Et les efforts de la communaut\u00e9 internationale ont jusqu&rsquo;\u00e0 pr\u00e9sent \u00e9t\u00e9 insuffisants.&nbsp;Nous avons besoin de nouvelles id\u00e9es et de nouvelles approches.<\/p>\n\n\n\n<p>Premi\u00e8rement, plus de financements concessionnels doivent avoir des impacts plus forts et plus intelligents, qu&rsquo;ils soient fournis directement ou par le biais de fonds multilat\u00e9raux pour le climat et de banques de d\u00e9veloppement. Simplifier l\u2019approbation des projets, tout en maintenant les garanties n\u00e9cessaires, peut permettre \u00e0 l&rsquo;argent de circuler plus rapidement l\u00e0 o\u00f9 il est indispensable. Et des interventions bien cibl\u00e9es qui permettent de d\u00e9bloquer les goulots d&rsquo;\u00e9tranglement ou de rem\u00e9dier aux d\u00e9faillances du march\u00e9 peuvent aider \u00e0 attirer les financements du secteur priv\u00e9. Pensez par exemple \u00e0 la fa\u00e7on dont la connectivit\u00e9 num\u00e9rique permet aux entrepreneurs de fournir une assurance-r\u00e9colte, des services m\u00e9t\u00e9orologiques ou des conseils agricoles en temps r\u00e9el.&nbsp;Deuxi\u00e8mement, nous devons renforcer les nouveaux m\u00e9canismes de financement dans les secteurs public et priv\u00e9. Les obligations vertes peuvent aider \u00e0 financer des initiatives li\u00e9es au climat \u00e0 des taux relativement bas, mais l&rsquo;Afrique reste \u00e0 la tra\u00eene des autres r\u00e9gions. De 2007 \u00e0 2018, l&rsquo;Afrique a repr\u00e9sent\u00e9 environ 2 milliards de dollars d&rsquo;\u00e9missions, soit seulement 0,4 % du march\u00e9 mondial des obligations vertes.<\/p>\n\n\n\n<p>Ailleurs, de nouveaux programmes mettent directement en lien la finance et l&rsquo;action climatique. Le Royaume-Uni a r\u00e9cemment accept\u00e9 de fournir 500 millions de dollars \u00e0 la R\u00e9publique D\u00e9mocratique du Congo pour freiner la d\u00e9forestation\u2014en d&rsquo;autres termes, il s\u2019agit d\u2019un financement pour pr\u00e9server la capacit\u00e9 d&rsquo;absorption des \u00e9missions. La Norv\u00e8ge a un accord similaire avec le Gabon pour 150 millions de dollars. L&rsquo;id\u00e9e de lier l&rsquo;all\u00e9gement de la dette \u00e0 l&rsquo;action climatique \u2013 connue sous le nom de \u00ab&nbsp;dette contre changements climatiques&nbsp;\u00bb \u2013 va encore plus loin, m\u00eame si cela n\u00e9cessiterait un large \u00e9ventail de dettes \u00e9changeables avec des indicateurs de performance et des donn\u00e9es y relatives.<\/p>\n\n\n\n<p>Troisi\u00e8mement, aider les gouvernements africains \u00e0 acc\u00e9der \u00e0 de nouvelles sources de capitaux\u2014y compris via des innovations dans le financement climatique\u2014, d\u00e9pend fortement de la r\u00e9duction des profils de cr\u00e9dit et de risque pays.<\/p>\n\n\n\n<p>Sur le plan national, cela signifie am\u00e9liorer la gouvernance, en particulier par le biais de r\u00e9formes dans la passation des march\u00e9s et la gestion des investissements publics, des finances publiques et de la dette, et avoir des plans d&rsquo;investissement soigneusement chiffr\u00e9s et financi\u00e8rement viables.<\/p>\n\n\n\n<p>Le FMI joue d\u00e9j\u00e0 un r\u00f4le important en aidant \u00e0 renforcer les capacit\u00e9s techniques en lien avec le changement climatique dans les gouvernements nationaux, la RDC \u00e9tant l&rsquo;un des premiers b\u00e9n\u00e9ficiaires d\u2019assistance technique prenant en compte les enjeux climatiques dans la gestion des investissements publics. Et la surveillance du Fonds au titre de l&rsquo;article IV tient les investisseurs inform\u00e9s des progr\u00e8s des pays, y compris des mesures d&rsquo;adaptation au changement climatique dans les pays vuln\u00e9rables.<\/p>\n\n\n\n<p>Sur le plan international, des mesures standardis\u00e9es telles qu&rsquo;un syst\u00e8me de garanties pour un premier sinistre, pourraient contribuer \u00e0 r\u00e9duire les profils de risque et \u00e0 catalyser les flux financiers priv\u00e9s. Un tel syst\u00e8me devrait \u00eatre con\u00e7u de fa\u00e7on minutieuse pour assurer un partage ad\u00e9quat des risques entre les secteurs public et priv\u00e9. L&rsquo;obligation bleue des Seychelles en 2018 pourrait servir de mod\u00e8le. Garanties par la Banque mondiale, ces obligations pour 15 millions de dollars ont financ\u00e9 des projets oc\u00e9aniques et le taux d&rsquo;int\u00e9r\u00eat r\u00e9duit a contribu\u00e9 \u00e0 r\u00e9duire la dette nationale.<\/p>\n\n\n\n<p>Ces exemples montrent ce qui est possible. Mais pour le continent africain, nous avons besoin d&rsquo;une action \u00e0 une \u00e9chelle beaucoup plus large et globale.<\/p>\n\n\n\n<p>Le statu quo aurait des impacts d\u00e9sastreux sur les vies et les moyens de subsistance. Mais bien mise en \u0153uvre, une adaptation ad\u00e9quatement financ\u00e9e peut garantir que les progr\u00e8s de d\u00e9veloppement du continent se poursuivront et que sa population sera pr\u00e9par\u00e9e pour vivre, travailler et prosp\u00e9rer dans la nouvelle \u00e9conomie climatique.<\/p>\n\n\n\n<p>La bonne nouvelle est la volont\u00e9 r\u00e9affirm\u00e9e de faire face \u00e0 la crise climatique et de saisir les opportunit\u00e9s climatiques.<\/p>\n\n\n\n<p>\u00c0 Glasgow, nous avons vu des accords mondiaux sur des questions difficiles comme les subventions au charbon et \u00e0 l&rsquo;\u00e9nergie, ainsi que des accords sur mesure tels que la combinaison de 8,5 milliards de dollars de subventions et de pr\u00eats \u00e0 taux r\u00e9duits pour aider l&rsquo;Afrique du Sud \u00e0 d\u00e9carboner son \u00e9conomie.<\/p>\n\n\n\n<p>Et \u00e0 la suite de la r\u00e9cente allocation de 650 milliards de dollars de nouveaux droits de tirage sp\u00e9ciaux, le FMI a obtenu le feu vert pour mettre en place un nouveau fonds fiduciaire pour la r\u00e9silience et la soutenabilit\u00e9. Cette nouvelle facilit\u00e9 fournira un financement abordable et \u00e0 plus long terme aux pays membres pauvres ou \u00e0 revenu interm\u00e9diaire mais vuln\u00e9rables, ainsi qu\u2019aux petits \u00c9tats qui entreprennent des r\u00e9formes structurelles pour transformer leurs \u00e9conomies, telles que la lutte contre les risques climatiques.<\/p>\n\n\n\n<p>On entrevoit quelques promesses, mais comme le dit l&rsquo;adage : \u00ab une hirondelle ne fait pas le printemps \u00bb. S&rsquo;attaquer \u00e0 la crise climatique en Afrique et placer le continent sur une nouvelle trajectoire de croissance durable n\u00e9cessite des efforts concert\u00e9s de la part des gouvernements, du secteur priv\u00e9 et de la communaut\u00e9 internationale.&nbsp;Le temps n&rsquo;est pas de notre c\u00f4t\u00e9. Nous devons tous agir maintenant.<\/p>\n\n\n\n<p><strong>Copyright&nbsp;: Project Syndicate, 2021.<\/strong><strong>\u2028<\/strong><strong><\/strong><\/p>\n\n\n\n<p><strong>www.project-syndicate.org<\/strong><\/p>\n\n\n\n<p><\/p>\n","protected":false},"excerpt":{"rendered":"<p>par&nbsp;Kristalina Georgieva, F\u00e9lix Tshisekedi L&rsquo;Afrique ne contribue presque pas au r\u00e9chauffement climatique. Ses 1,4 milliard d&rsquo;habitants, environ 17 % de<\/p>\n","protected":false},"author":3,"featured_media":15295,"comment_status":"open","ping_status":"closed","sticky":false,"template":"","format":"standard","meta":{"colormag_page_container_layout":"default_layout","colormag_page_sidebar_layout":"default_layout","om_disable_all_campaigns":false,"_monsterinsights_skip_tracking":false,"_monsterinsights_sitenote_active":false,"_monsterinsights_sitenote_note":"","_monsterinsights_sitenote_category":0,"footnotes":"","_wpscppro_dont_share_socialmedia":false,"_wpscppro_custom_social_share_image":0,"_facebook_share_type":"","_twitter_share_type":"","_linkedin_share_type":"","_pinterest_share_type":"","_linkedin_share_type_page":"","_instagram_share_type":"","_medium_share_type":"","_threads_share_type":"","_google_business_share_type":"","_selected_social_profile":[],"_wpsp_enable_custom_social_template":false,"_wpsp_social_scheduling":{"enabled":false,"datetime":null,"platforms":[],"status":"template_only","dateOption":"today","timeOption":"now","customDays":"","customHours":"","customDate":"","customTime":"","schedulingType":"absolute"},"_wpsp_active_default_template":true},"categories":[38],"tags":[],"class_list":["post-15292","post","type-post","status-publish","format-standard","has-post-thumbnail","hentry","category-debats"],"aioseo_notices":[],"yoast_head":"<!-- This site is optimized with the Yoast SEO plugin v27.5 - https:\/\/yoast.com\/product\/yoast-seo-wordpress\/ -->\n<title>L&#039;Afrique ne peut pas faire face seule au changement climatique - La Sentinelle<\/title>\n<meta name=\"robots\" content=\"index, follow, max-snippet:-1, max-image-preview:large, max-video-preview:-1\" \/>\n<link rel=\"canonical\" href=\"https:\/\/lasentinelle.dz\/index.php\/2021\/12\/18\/lafrique-ne-peut-pas-faire-face-seule-au-changement-climatique\/\" \/>\n<meta property=\"og:locale\" content=\"fr_FR\" \/>\n<meta property=\"og:type\" content=\"article\" \/>\n<meta property=\"og:title\" content=\"L&#039;Afrique ne peut pas faire face seule au changement climatique - La Sentinelle\" \/>\n<meta property=\"og:description\" content=\"par&nbsp;Kristalina Georgieva, F\u00e9lix Tshisekedi L&rsquo;Afrique ne contribue presque pas au r\u00e9chauffement climatique. Ses 1,4 milliard d&rsquo;habitants, environ 17 % de\" \/>\n<meta property=\"og:url\" content=\"https:\/\/lasentinelle.dz\/index.php\/2021\/12\/18\/lafrique-ne-peut-pas-faire-face-seule-au-changement-climatique\/\" \/>\n<meta property=\"og:site_name\" content=\"La Sentinelle\" \/>\n<meta property=\"article:publisher\" content=\"https:\/\/www.facebook.com\/La-Sentinelle-104059864394773\" \/>\n<meta property=\"article:published_time\" content=\"2021-12-17T23:01:00+00:00\" \/>\n<meta property=\"og:image\" content=\"https:\/\/lasentinelle.dz\/wp-content\/uploads\/2021\/12\/climate-change-africa.jpeg\" \/>\n\t<meta property=\"og:image:width\" content=\"1600\" \/>\n\t<meta property=\"og:image:height\" content=\"900\" \/>\n\t<meta property=\"og:image:type\" content=\"image\/jpeg\" \/>\n<meta name=\"author\" content=\"La Sentinelle\" \/>\n<meta name=\"twitter:card\" content=\"summary_large_image\" \/>\n<meta name=\"twitter:label1\" content=\"\u00c9crit par\" \/>\n\t<meta name=\"twitter:data1\" content=\"La Sentinelle\" \/>\n\t<meta name=\"twitter:label2\" content=\"Dur\u00e9e de lecture estim\u00e9e\" \/>\n\t<meta name=\"twitter:data2\" content=\"6 minutes\" \/>\n<script type=\"application\/ld+json\" class=\"yoast-schema-graph\">{\"@context\":\"https:\\\/\\\/schema.org\",\"@graph\":[{\"@type\":\"Article\",\"@id\":\"https:\\\/\\\/lasentinelle.dz\\\/index.php\\\/2021\\\/12\\\/18\\\/lafrique-ne-peut-pas-faire-face-seule-au-changement-climatique\\\/#article\",\"isPartOf\":{\"@id\":\"https:\\\/\\\/lasentinelle.dz\\\/index.php\\\/2021\\\/12\\\/18\\\/lafrique-ne-peut-pas-faire-face-seule-au-changement-climatique\\\/\"},\"author\":{\"name\":\"La Sentinelle\",\"@id\":\"https:\\\/\\\/lasentinelle.dz\\\/#\\\/schema\\\/person\\\/d865044e22e70a75174ce8bcad3acfb3\"},\"headline\":\"L&rsquo;Afrique ne peut pas faire face seule au changement climatique\",\"datePublished\":\"2021-12-17T23:01:00+00:00\",\"mainEntityOfPage\":{\"@id\":\"https:\\\/\\\/lasentinelle.dz\\\/index.php\\\/2021\\\/12\\\/18\\\/lafrique-ne-peut-pas-faire-face-seule-au-changement-climatique\\\/\"},\"wordCount\":1385,\"commentCount\":0,\"publisher\":{\"@id\":\"https:\\\/\\\/lasentinelle.dz\\\/#organization\"},\"image\":{\"@id\":\"https:\\\/\\\/lasentinelle.dz\\\/index.php\\\/2021\\\/12\\\/18\\\/lafrique-ne-peut-pas-faire-face-seule-au-changement-climatique\\\/#primaryimage\"},\"thumbnailUrl\":\"https:\\\/\\\/lasentinelle.dz\\\/wp-content\\\/uploads\\\/2021\\\/12\\\/climate-change-africa.jpeg\",\"articleSection\":[\"D\u00e9bats\"],\"inLanguage\":\"fr-FR\",\"potentialAction\":[{\"@type\":\"CommentAction\",\"name\":\"Comment\",\"target\":[\"https:\\\/\\\/lasentinelle.dz\\\/index.php\\\/2021\\\/12\\\/18\\\/lafrique-ne-peut-pas-faire-face-seule-au-changement-climatique\\\/#respond\"]}]},{\"@type\":\"WebPage\",\"@id\":\"https:\\\/\\\/lasentinelle.dz\\\/index.php\\\/2021\\\/12\\\/18\\\/lafrique-ne-peut-pas-faire-face-seule-au-changement-climatique\\\/\",\"url\":\"https:\\\/\\\/lasentinelle.dz\\\/index.php\\\/2021\\\/12\\\/18\\\/lafrique-ne-peut-pas-faire-face-seule-au-changement-climatique\\\/\",\"name\":\"L'Afrique ne peut pas faire face seule au changement climatique - La Sentinelle\",\"isPartOf\":{\"@id\":\"https:\\\/\\\/lasentinelle.dz\\\/#website\"},\"primaryImageOfPage\":{\"@id\":\"https:\\\/\\\/lasentinelle.dz\\\/index.php\\\/2021\\\/12\\\/18\\\/lafrique-ne-peut-pas-faire-face-seule-au-changement-climatique\\\/#primaryimage\"},\"image\":{\"@id\":\"https:\\\/\\\/lasentinelle.dz\\\/index.php\\\/2021\\\/12\\\/18\\\/lafrique-ne-peut-pas-faire-face-seule-au-changement-climatique\\\/#primaryimage\"},\"thumbnailUrl\":\"https:\\\/\\\/lasentinelle.dz\\\/wp-content\\\/uploads\\\/2021\\\/12\\\/climate-change-africa.jpeg\",\"datePublished\":\"2021-12-17T23:01:00+00:00\",\"breadcrumb\":{\"@id\":\"https:\\\/\\\/lasentinelle.dz\\\/index.php\\\/2021\\\/12\\\/18\\\/lafrique-ne-peut-pas-faire-face-seule-au-changement-climatique\\\/#breadcrumb\"},\"inLanguage\":\"fr-FR\",\"potentialAction\":[{\"@type\":\"ReadAction\",\"target\":[\"https:\\\/\\\/lasentinelle.dz\\\/index.php\\\/2021\\\/12\\\/18\\\/lafrique-ne-peut-pas-faire-face-seule-au-changement-climatique\\\/\"]}]},{\"@type\":\"ImageObject\",\"inLanguage\":\"fr-FR\",\"@id\":\"https:\\\/\\\/lasentinelle.dz\\\/index.php\\\/2021\\\/12\\\/18\\\/lafrique-ne-peut-pas-faire-face-seule-au-changement-climatique\\\/#primaryimage\",\"url\":\"https:\\\/\\\/lasentinelle.dz\\\/wp-content\\\/uploads\\\/2021\\\/12\\\/climate-change-africa.jpeg\",\"contentUrl\":\"https:\\\/\\\/lasentinelle.dz\\\/wp-content\\\/uploads\\\/2021\\\/12\\\/climate-change-africa.jpeg\",\"width\":1600,\"height\":900},{\"@type\":\"BreadcrumbList\",\"@id\":\"https:\\\/\\\/lasentinelle.dz\\\/index.php\\\/2021\\\/12\\\/18\\\/lafrique-ne-peut-pas-faire-face-seule-au-changement-climatique\\\/#breadcrumb\",\"itemListElement\":[{\"@type\":\"ListItem\",\"position\":1,\"name\":\"Accueil\",\"item\":\"https:\\\/\\\/lasentinelle.dz\\\/\"},{\"@type\":\"ListItem\",\"position\":2,\"name\":\"L&rsquo;Afrique ne peut pas faire face seule au changement climatique\"}]},{\"@type\":\"WebSite\",\"@id\":\"https:\\\/\\\/lasentinelle.dz\\\/#website\",\"url\":\"https:\\\/\\\/lasentinelle.dz\\\/\",\"name\":\"La Sentinelle\",\"description\":\"Quotidien national d&#039;information\",\"publisher\":{\"@id\":\"https:\\\/\\\/lasentinelle.dz\\\/#organization\"},\"potentialAction\":[{\"@type\":\"SearchAction\",\"target\":{\"@type\":\"EntryPoint\",\"urlTemplate\":\"https:\\\/\\\/lasentinelle.dz\\\/?s={search_term_string}\"},\"query-input\":{\"@type\":\"PropertyValueSpecification\",\"valueRequired\":true,\"valueName\":\"search_term_string\"}}],\"inLanguage\":\"fr-FR\"},{\"@type\":\"Organization\",\"@id\":\"https:\\\/\\\/lasentinelle.dz\\\/#organization\",\"name\":\"Quotidien La Sentinelle\",\"url\":\"https:\\\/\\\/lasentinelle.dz\\\/\",\"logo\":{\"@type\":\"ImageObject\",\"inLanguage\":\"fr-FR\",\"@id\":\"https:\\\/\\\/lasentinelle.dz\\\/#\\\/schema\\\/logo\\\/image\\\/\",\"url\":\"https:\\\/\\\/lasentinelle.dz\\\/wp-content\\\/uploads\\\/2021\\\/09\\\/logo-sentinelleSLOGAN-1.png\",\"contentUrl\":\"https:\\\/\\\/lasentinelle.dz\\\/wp-content\\\/uploads\\\/2021\\\/09\\\/logo-sentinelleSLOGAN-1.png\",\"width\":615,\"height\":142,\"caption\":\"Quotidien La Sentinelle\"},\"image\":{\"@id\":\"https:\\\/\\\/lasentinelle.dz\\\/#\\\/schema\\\/logo\\\/image\\\/\"},\"sameAs\":[\"https:\\\/\\\/www.facebook.com\\\/La-Sentinelle-104059864394773\"]},{\"@type\":\"Person\",\"@id\":\"https:\\\/\\\/lasentinelle.dz\\\/#\\\/schema\\\/person\\\/d865044e22e70a75174ce8bcad3acfb3\",\"name\":\"La Sentinelle\",\"image\":{\"@type\":\"ImageObject\",\"inLanguage\":\"fr-FR\",\"@id\":\"https:\\\/\\\/secure.gravatar.com\\\/avatar\\\/57de8e5d4b15d43fb361a71fbb36338450fe67865b528a43dd10ef7c51a20392?s=96&d=mm&r=g\",\"url\":\"https:\\\/\\\/secure.gravatar.com\\\/avatar\\\/57de8e5d4b15d43fb361a71fbb36338450fe67865b528a43dd10ef7c51a20392?s=96&d=mm&r=g\",\"contentUrl\":\"https:\\\/\\\/secure.gravatar.com\\\/avatar\\\/57de8e5d4b15d43fb361a71fbb36338450fe67865b528a43dd10ef7c51a20392?s=96&d=mm&r=g\",\"caption\":\"La Sentinelle\"},\"sameAs\":[\"http:\\\/\\\/www.lasentinelle.dz\"],\"url\":\"https:\\\/\\\/lasentinelle.dz\\\/author\\\/redaction\\\/\"}]}<\/script>\n<!-- \/ Yoast SEO plugin. -->","yoast_head_json":{"title":"L'Afrique ne peut pas faire face seule au changement climatique - La Sentinelle","robots":{"index":"index","follow":"follow","max-snippet":"max-snippet:-1","max-image-preview":"max-image-preview:large","max-video-preview":"max-video-preview:-1"},"canonical":"https:\/\/lasentinelle.dz\/index.php\/2021\/12\/18\/lafrique-ne-peut-pas-faire-face-seule-au-changement-climatique\/","og_locale":"fr_FR","og_type":"article","og_title":"L'Afrique ne peut pas faire face seule au changement climatique - La Sentinelle","og_description":"par&nbsp;Kristalina Georgieva, F\u00e9lix Tshisekedi L&rsquo;Afrique ne contribue presque pas au r\u00e9chauffement climatique. Ses 1,4 milliard d&rsquo;habitants, environ 17 % de","og_url":"https:\/\/lasentinelle.dz\/index.php\/2021\/12\/18\/lafrique-ne-peut-pas-faire-face-seule-au-changement-climatique\/","og_site_name":"La Sentinelle","article_publisher":"https:\/\/www.facebook.com\/La-Sentinelle-104059864394773","article_published_time":"2021-12-17T23:01:00+00:00","og_image":[{"width":1600,"height":900,"url":"https:\/\/lasentinelle.dz\/wp-content\/uploads\/2021\/12\/climate-change-africa.jpeg","type":"image\/jpeg"}],"author":"La Sentinelle","twitter_card":"summary_large_image","twitter_misc":{"\u00c9crit par":"La Sentinelle","Dur\u00e9e de lecture estim\u00e9e":"6 minutes"},"schema":{"@context":"https:\/\/schema.org","@graph":[{"@type":"Article","@id":"https:\/\/lasentinelle.dz\/index.php\/2021\/12\/18\/lafrique-ne-peut-pas-faire-face-seule-au-changement-climatique\/#article","isPartOf":{"@id":"https:\/\/lasentinelle.dz\/index.php\/2021\/12\/18\/lafrique-ne-peut-pas-faire-face-seule-au-changement-climatique\/"},"author":{"name":"La Sentinelle","@id":"https:\/\/lasentinelle.dz\/#\/schema\/person\/d865044e22e70a75174ce8bcad3acfb3"},"headline":"L&rsquo;Afrique ne peut pas faire face seule au changement climatique","datePublished":"2021-12-17T23:01:00+00:00","mainEntityOfPage":{"@id":"https:\/\/lasentinelle.dz\/index.php\/2021\/12\/18\/lafrique-ne-peut-pas-faire-face-seule-au-changement-climatique\/"},"wordCount":1385,"commentCount":0,"publisher":{"@id":"https:\/\/lasentinelle.dz\/#organization"},"image":{"@id":"https:\/\/lasentinelle.dz\/index.php\/2021\/12\/18\/lafrique-ne-peut-pas-faire-face-seule-au-changement-climatique\/#primaryimage"},"thumbnailUrl":"https:\/\/lasentinelle.dz\/wp-content\/uploads\/2021\/12\/climate-change-africa.jpeg","articleSection":["D\u00e9bats"],"inLanguage":"fr-FR","potentialAction":[{"@type":"CommentAction","name":"Comment","target":["https:\/\/lasentinelle.dz\/index.php\/2021\/12\/18\/lafrique-ne-peut-pas-faire-face-seule-au-changement-climatique\/#respond"]}]},{"@type":"WebPage","@id":"https:\/\/lasentinelle.dz\/index.php\/2021\/12\/18\/lafrique-ne-peut-pas-faire-face-seule-au-changement-climatique\/","url":"https:\/\/lasentinelle.dz\/index.php\/2021\/12\/18\/lafrique-ne-peut-pas-faire-face-seule-au-changement-climatique\/","name":"L'Afrique ne peut pas faire face seule au changement climatique - La Sentinelle","isPartOf":{"@id":"https:\/\/lasentinelle.dz\/#website"},"primaryImageOfPage":{"@id":"https:\/\/lasentinelle.dz\/index.php\/2021\/12\/18\/lafrique-ne-peut-pas-faire-face-seule-au-changement-climatique\/#primaryimage"},"image":{"@id":"https:\/\/lasentinelle.dz\/index.php\/2021\/12\/18\/lafrique-ne-peut-pas-faire-face-seule-au-changement-climatique\/#primaryimage"},"thumbnailUrl":"https:\/\/lasentinelle.dz\/wp-content\/uploads\/2021\/12\/climate-change-africa.jpeg","datePublished":"2021-12-17T23:01:00+00:00","breadcrumb":{"@id":"https:\/\/lasentinelle.dz\/index.php\/2021\/12\/18\/lafrique-ne-peut-pas-faire-face-seule-au-changement-climatique\/#breadcrumb"},"inLanguage":"fr-FR","potentialAction":[{"@type":"ReadAction","target":["https:\/\/lasentinelle.dz\/index.php\/2021\/12\/18\/lafrique-ne-peut-pas-faire-face-seule-au-changement-climatique\/"]}]},{"@type":"ImageObject","inLanguage":"fr-FR","@id":"https:\/\/lasentinelle.dz\/index.php\/2021\/12\/18\/lafrique-ne-peut-pas-faire-face-seule-au-changement-climatique\/#primaryimage","url":"https:\/\/lasentinelle.dz\/wp-content\/uploads\/2021\/12\/climate-change-africa.jpeg","contentUrl":"https:\/\/lasentinelle.dz\/wp-content\/uploads\/2021\/12\/climate-change-africa.jpeg","width":1600,"height":900},{"@type":"BreadcrumbList","@id":"https:\/\/lasentinelle.dz\/index.php\/2021\/12\/18\/lafrique-ne-peut-pas-faire-face-seule-au-changement-climatique\/#breadcrumb","itemListElement":[{"@type":"ListItem","position":1,"name":"Accueil","item":"https:\/\/lasentinelle.dz\/"},{"@type":"ListItem","position":2,"name":"L&rsquo;Afrique ne peut pas faire face seule au changement climatique"}]},{"@type":"WebSite","@id":"https:\/\/lasentinelle.dz\/#website","url":"https:\/\/lasentinelle.dz\/","name":"La Sentinelle","description":"Quotidien national d&#039;information","publisher":{"@id":"https:\/\/lasentinelle.dz\/#organization"},"potentialAction":[{"@type":"SearchAction","target":{"@type":"EntryPoint","urlTemplate":"https:\/\/lasentinelle.dz\/?s={search_term_string}"},"query-input":{"@type":"PropertyValueSpecification","valueRequired":true,"valueName":"search_term_string"}}],"inLanguage":"fr-FR"},{"@type":"Organization","@id":"https:\/\/lasentinelle.dz\/#organization","name":"Quotidien La Sentinelle","url":"https:\/\/lasentinelle.dz\/","logo":{"@type":"ImageObject","inLanguage":"fr-FR","@id":"https:\/\/lasentinelle.dz\/#\/schema\/logo\/image\/","url":"https:\/\/lasentinelle.dz\/wp-content\/uploads\/2021\/09\/logo-sentinelleSLOGAN-1.png","contentUrl":"https:\/\/lasentinelle.dz\/wp-content\/uploads\/2021\/09\/logo-sentinelleSLOGAN-1.png","width":615,"height":142,"caption":"Quotidien La Sentinelle"},"image":{"@id":"https:\/\/lasentinelle.dz\/#\/schema\/logo\/image\/"},"sameAs":["https:\/\/www.facebook.com\/La-Sentinelle-104059864394773"]},{"@type":"Person","@id":"https:\/\/lasentinelle.dz\/#\/schema\/person\/d865044e22e70a75174ce8bcad3acfb3","name":"La Sentinelle","image":{"@type":"ImageObject","inLanguage":"fr-FR","@id":"https:\/\/secure.gravatar.com\/avatar\/57de8e5d4b15d43fb361a71fbb36338450fe67865b528a43dd10ef7c51a20392?s=96&d=mm&r=g","url":"https:\/\/secure.gravatar.com\/avatar\/57de8e5d4b15d43fb361a71fbb36338450fe67865b528a43dd10ef7c51a20392?s=96&d=mm&r=g","contentUrl":"https:\/\/secure.gravatar.com\/avatar\/57de8e5d4b15d43fb361a71fbb36338450fe67865b528a43dd10ef7c51a20392?s=96&d=mm&r=g","caption":"La Sentinelle"},"sameAs":["http:\/\/www.lasentinelle.dz"],"url":"https:\/\/lasentinelle.dz\/author\/redaction\/"}]}},"_links":{"self":[{"href":"https:\/\/lasentinelle.dz\/index.php\/wp-json\/wp\/v2\/posts\/15292","targetHints":{"allow":["GET"]}}],"collection":[{"href":"https:\/\/lasentinelle.dz\/index.php\/wp-json\/wp\/v2\/posts"}],"about":[{"href":"https:\/\/lasentinelle.dz\/index.php\/wp-json\/wp\/v2\/types\/post"}],"author":[{"embeddable":true,"href":"https:\/\/lasentinelle.dz\/index.php\/wp-json\/wp\/v2\/users\/3"}],"replies":[{"embeddable":true,"href":"https:\/\/lasentinelle.dz\/index.php\/wp-json\/wp\/v2\/comments?post=15292"}],"version-history":[{"count":1,"href":"https:\/\/lasentinelle.dz\/index.php\/wp-json\/wp\/v2\/posts\/15292\/revisions"}],"predecessor-version":[{"id":15296,"href":"https:\/\/lasentinelle.dz\/index.php\/wp-json\/wp\/v2\/posts\/15292\/revisions\/15296"}],"wp:featuredmedia":[{"embeddable":true,"href":"https:\/\/lasentinelle.dz\/index.php\/wp-json\/wp\/v2\/media\/15295"}],"wp:attachment":[{"href":"https:\/\/lasentinelle.dz\/index.php\/wp-json\/wp\/v2\/media?parent=15292"}],"wp:term":[{"taxonomy":"category","embeddable":true,"href":"https:\/\/lasentinelle.dz\/index.php\/wp-json\/wp\/v2\/categories?post=15292"},{"taxonomy":"post_tag","embeddable":true,"href":"https:\/\/lasentinelle.dz\/index.php\/wp-json\/wp\/v2\/tags?post=15292"}],"curies":[{"name":"wp","href":"https:\/\/api.w.org\/{rel}","templated":true}]}}