{"id":15407,"date":"2021-12-22T00:01:00","date_gmt":"2021-12-21T23:01:00","guid":{"rendered":"https:\/\/lasentinelle.dz\/?p=15407"},"modified":"2021-12-21T19:19:52","modified_gmt":"2021-12-21T18:19:52","slug":"autonomiser-des-villes-saines-et-resilientes","status":"publish","type":"post","link":"https:\/\/lasentinelle.dz\/index.php\/2021\/12\/22\/autonomiser-des-villes-saines-et-resilientes\/","title":{"rendered":"Autonomiser des villes saines et r\u00e9silientes"},"content":{"rendered":"\n<p><\/p>\n\n\n\n<p>Par Yvonne Aki-Sawyerr<\/p>\n\n\n\n<figure class=\"wp-block-image size-large is-resized\"><img decoding=\"async\" src=\"https:\/\/lasentinelle.dz\/wp-content\/uploads\/2021\/12\/Yvonne-Aki-Sawyerr-edited.jpeg\" alt=\"\" class=\"wp-image-15409\" width=\"105\" srcset=\"https:\/\/lasentinelle.dz\/wp-content\/uploads\/2021\/12\/Yvonne-Aki-Sawyerr-edited.jpeg 343w, https:\/\/lasentinelle.dz\/wp-content\/uploads\/2021\/12\/Yvonne-Aki-Sawyerr-edited-255x300.jpeg 255w\" sizes=\"(max-width: 343px) 100vw, 343px\" \/><figcaption><strong>Yvonne Aki-Sawyerr<\/strong> est maire de Freetown, en Sierra Leone.<\/figcaption><\/figure>\n\n\n\n<p>Prot\u00e9ger les r\u00e9sidents des cons\u00e9quences du r\u00e9chauffement climatique &#8211; comme la chaleur extr\u00eame, les fortes pluies et le risque accru de maladie &#8211; exige que les responsables de tous les niveaux de gouvernement travaillent ensemble pour d\u00e9velopper et mettre en \u0153uvre des solutions cr\u00e9atives.<\/p>\n\n\n\n<p>Avec la r\u00e9cente conclusion de la Conf\u00e9rence des Nations Unies sur les changements climatiques (COP26) \u00e0 Glasgow, le d\u00e9fi de transformer les paroles en actes commence. Mais dans les capitales du monde entier, des obstacles administratifs et politiques entravent la capacit\u00e9 des gouvernements \u00e0 faire face \u00e0 la crise climatique avec l&rsquo;urgence qu&rsquo;elle requiert.<\/p>\n\n\n\n<p>Je le sais&nbsp;bien. \u00c0 Freetown, la capitale de la Sierra Leone, les dirigeants locaux tentent de lutter contre le changement climatique de mani\u00e8re \u00e0 aider la communaut\u00e9 \u00e0 devenir plus saine et plus r\u00e9siliente, mais la bureaucratie au niveau national est un facteur de complication.<\/p>\n\n\n\n<p>Freetown ne contribue pas de mani\u00e8re significative aux \u00e9missions mondiales de gaz \u00e0 effet de serre, mais la ville souhaite faire davantage pour r\u00e9duire son empreinte carbone, notamment \u00e0 la lumi\u00e8re de l&rsquo;impact du changement climatique sur la sant\u00e9 de ses habitants. Construire une ville saine est l&rsquo;un des quatre domaines cl\u00e9s du programme Transform Freetown, que le conseil local a lanc\u00e9 en 2019 pour pr\u00e9parer notre ville aux d\u00e9fis auxquels nous sommes confront\u00e9s.<\/p>\n\n\n\n<p>La population de Freetown a augment\u00e9 ces derni\u00e8res ann\u00e9es, en partie \u00e0 cause de la migration climatique en provenance d&rsquo;autres r\u00e9gions de la Sierra Leone. Alors que les changements climatiques rendent plus difficile de gagner leur vie gr\u00e2ce \u00e0 l&rsquo;agriculture de subsistance, les r\u00e9sidents ruraux ont afflu\u00e9 vers la capitale. Beaucoup de ces nouveaux arrivants s&rsquo;installent dans des&nbsp;habitats&nbsp;informels le long de la c\u00f4te ou dans les collines entourant la ville. La croissance de ces \u00e9tablissements a contribu\u00e9 \u00e0 la d\u00e9forestation, qui \u00e0 son tour entra\u00eene une augmentation des temp\u00e9ratures pendant la saison s\u00e8che et un risque accru d&rsquo;inondations et de coul\u00e9es de boue pendant la saison des pluies.<\/p>\n\n\n\n<p>La chaleur extr\u00eame aggrave la qualit\u00e9 de l&rsquo;air d\u00e9j\u00e0 m\u00e9diocre de Freetown et augmente l&rsquo;incidence des maladies respiratoires chez les r\u00e9sidents. La chaleur extr\u00eame contribue \u00e9galement aux p\u00e9nuries d&rsquo;eau, qui entra\u00eenent des risques suppl\u00e9mentaires pour la sant\u00e9.<\/p>\n\n\n\n<p>Pour relever ces d\u00e9fis, Freetown est devenue la premi\u00e8re ville d&rsquo;Afrique \u00e0 nommer un responsable de la chaleur. \u00c0 ce nouveau poste, Eugenia Kargbo, membre de l&rsquo;Unit\u00e9 de livraison du maire dont le portefeuille comprend d\u00e9j\u00e0 des questions li\u00e9es au climat, travaillera \u00e0 am\u00e9liorer les donn\u00e9es disponibles sur le chauffage et le logement. Elle utilisera ensuite ces donn\u00e9es pour \u00e9laborer des politiques visant \u00e0 att\u00e9nuer l&rsquo;impact de la chaleur extr\u00eame sur notre communaut\u00e9 et sugg\u00e9rer des moyens de moderniser les \u00e9tablissements informels de Freetown pour att\u00e9nuer la menace croissante. Par exemple, un nombre important de structures r\u00e9sidentielles dans les quartiers informels sont constitu\u00e9s de t\u00f4les ondul\u00e9es qui retiennent la chaleur. L&rsquo;une des t\u00e2ches de Kargbo sera d&rsquo;identifier des mat\u00e9riaux de construction alternatifs et abordables.<\/p>\n\n\n\n<p>Ces mat\u00e9riaux doivent \u00e9galement \u00eatre capables de r\u00e9sister \u00e0 des crues d&rsquo;eau, \u00e9tant donn\u00e9 la vuln\u00e9rabilit\u00e9 des quartiers informels aux inondations fr\u00e9quentes. Kroo Bay, l&rsquo;une des plus grandes agglom\u00e9rations c\u00f4ti\u00e8res de Freetown, est inond\u00e9e chaque ann\u00e9e depuis 2008. Les inondations ne d\u00e9truisent pas seulement les biens ; elle expose \u00e9galement les r\u00e9sidents \u00e0 un plus grand risque de maladies d&rsquo;origine hydrique telles que le chol\u00e9ra. En 2012, une \u00e9pid\u00e9mie de chol\u00e9ra a infect\u00e9 plus de 25 000 personnes et en a tu\u00e9 plus de 400.<\/p>\n\n\n\n<p>Pour r\u00e9duire les inondations, des efforts sont d\u00e9ploy\u00e9s pour am\u00e9liorer et \u00e9tendre les syst\u00e8mes de drainage dans les points chauds de la ville. Un meilleur assainissement est \u00e9galement un facteur de r\u00e9duction des \u00e9pid\u00e9mies de chol\u00e9ra, et des progr\u00e8s importants sont r\u00e9alis\u00e9s dans la gestion des d\u00e9chets solides. Mais les d\u00e9charges actuelles sont \u00e0 pleine capacit\u00e9 et un accord sur l&rsquo;attribution de terres pour une nouvelle d\u00e9charge n&rsquo;a pas encore \u00e9t\u00e9 conclu avec le gouvernement central de la Sierra Leone.<\/p>\n\n\n\n<p>Comme de nombreux d\u00e9fis de Freetown, de nombreux facteurs contribuent aux probl\u00e8mes caus\u00e9s par la chaleur extr\u00eame et les inondations. En plus du changement climatique, une mauvaise planification urbaine, une mauvaise coordination entre les agences et le manque de financement jouent tous un r\u00f4le.<\/p>\n\n\n\n<p>Construire une ville saine et r\u00e9siliente n\u00e9cessite une bonne planification urbaine, en particulier une conception sensible au climat. Mais, malgr\u00e9 la n\u00e9cessit\u00e9 d&rsquo;une action rapide, les villes sont souvent confront\u00e9es \u00e0 des obstacles importants et inutiles dans l&rsquo;\u00e9laboration et la mise en \u0153uvre de tels plans. Par exemple, la loi sur l&rsquo;administration locale de la Sierra Leone, adopt\u00e9e en 2004, donne aux conseils municipaux le pouvoir d&rsquo;\u00e9laborer et d&rsquo;ex\u00e9cuter des plans pour les municipalit\u00e9s, mais les minist\u00e8res du gouvernement central conservent le contr\u00f4le des fonctions essentielles de gestion urbaine telles que l&rsquo;am\u00e9nagement du territoire, le zonage et la d\u00e9livrance de permis de construire. En cons\u00e9quence, ces processus sont lents et inefficaces, laissant aux dirigeants locaux et aux urbanistes une marge limit\u00e9e pour apporter des changements significatifs.<\/p>\n\n\n\n<p>L&rsquo;att\u00e9nuation et l&rsquo;adaptation efficaces au changement climatique dans des villes comme Freetown n\u00e9cessitent de mettre la politique de c\u00f4t\u00e9. Prot\u00e9ger les r\u00e9sidents des cons\u00e9quences du r\u00e9chauffement climatique &#8211; comme la chaleur extr\u00eame, les fortes pluies et le risque accru de maladie &#8211; exige que les responsables de tous les niveaux de gouvernement travaillent ensemble pour d\u00e9velopper et mettre en \u0153uvre des solutions cr\u00e9atives. Sinon, nos concitoyens continueront de subir les effets les plus importants d&rsquo;une crise qu&rsquo;ils ont peu contribu\u00e9 \u00e0 cr\u00e9er.<\/p>\n\n\n\n<p><strong>Copyright&nbsp;: Project Syndicate, 2021.<\/strong><strong>\u2028www.project-syndicate.org<\/strong><\/p>\n\n\n\n<p><\/p>\n","protected":false},"excerpt":{"rendered":"<p>Par Yvonne Aki-Sawyerr Prot\u00e9ger les r\u00e9sidents des cons\u00e9quences du r\u00e9chauffement climatique &#8211; comme la chaleur extr\u00eame, les fortes pluies et<\/p>\n","protected":false},"author":3,"featured_media":15414,"comment_status":"open","ping_status":"closed","sticky":false,"template":"","format":"standard","meta":{"colormag_page_container_layout":"default_layout","colormag_page_sidebar_layout":"default_layout","om_disable_all_campaigns":false,"_monsterinsights_skip_tracking":false,"_monsterinsights_sitenote_active":false,"_monsterinsights_sitenote_note":"","_monsterinsights_sitenote_category":0,"footnotes":"","_wpscppro_dont_share_socialmedia":false,"_wpscppro_custom_social_share_image":0,"_facebook_share_type":"","_twitter_share_type":"","_linkedin_share_type":"","_pinterest_share_type":"","_linkedin_share_type_page":"","_instagram_share_type":"","_medium_share_type":"","_threads_share_type":"","_google_business_share_type":"","_selected_social_profile":[],"_wpsp_enable_custom_social_template":false,"_wpsp_social_scheduling":{"enabled":false,"datetime":null,"platforms":[],"status":"template_only","dateOption":"today","timeOption":"now","customDays":"","customHours":"","customDate":"","customTime":"","schedulingType":"absolute"},"_wpsp_active_default_template":true},"categories":[38],"tags":[],"class_list":["post-15407","post","type-post","status-publish","format-standard","has-post-thumbnail","hentry","category-debats"],"aioseo_notices":[],"yoast_head":"<!-- This site is optimized with the Yoast SEO plugin v27.4 - https:\/\/yoast.com\/product\/yoast-seo-wordpress\/ -->\n<title>Autonomiser des villes saines et r\u00e9silientes - La Sentinelle<\/title>\n<meta name=\"robots\" content=\"index, follow, max-snippet:-1, max-image-preview:large, max-video-preview:-1\" \/>\n<link rel=\"canonical\" href=\"https:\/\/lasentinelle.dz\/index.php\/2021\/12\/22\/autonomiser-des-villes-saines-et-resilientes\/\" \/>\n<meta property=\"og:locale\" content=\"fr_FR\" \/>\n<meta property=\"og:type\" content=\"article\" \/>\n<meta property=\"og:title\" content=\"Autonomiser des villes saines et r\u00e9silientes - La Sentinelle\" \/>\n<meta property=\"og:description\" content=\"Par Yvonne Aki-Sawyerr Prot\u00e9ger les r\u00e9sidents des cons\u00e9quences du r\u00e9chauffement climatique &#8211; comme la chaleur extr\u00eame, les fortes pluies et\" \/>\n<meta property=\"og:url\" content=\"https:\/\/lasentinelle.dz\/index.php\/2021\/12\/22\/autonomiser-des-villes-saines-et-resilientes\/\" \/>\n<meta property=\"og:site_name\" content=\"La Sentinelle\" \/>\n<meta property=\"article:publisher\" content=\"https:\/\/www.facebook.com\/La-Sentinelle-104059864394773\" \/>\n<meta property=\"article:published_time\" content=\"2021-12-21T23:01:00+00:00\" \/>\n<meta property=\"og:image\" content=\"https:\/\/lasentinelle.dz\/wp-content\/uploads\/2021\/12\/image-1.png\" \/>\n\t<meta property=\"og:image:width\" content=\"400\" \/>\n\t<meta property=\"og:image:height\" content=\"288\" \/>\n\t<meta property=\"og:image:type\" content=\"image\/png\" \/>\n<meta name=\"author\" content=\"La Sentinelle\" \/>\n<meta name=\"twitter:card\" content=\"summary_large_image\" \/>\n<meta name=\"twitter:label1\" content=\"\u00c9crit par\" \/>\n\t<meta name=\"twitter:data1\" content=\"La Sentinelle\" \/>\n\t<meta name=\"twitter:label2\" content=\"Dur\u00e9e de lecture estim\u00e9e\" \/>\n\t<meta name=\"twitter:data2\" content=\"5 minutes\" \/>\n<script type=\"application\/ld+json\" class=\"yoast-schema-graph\">{\"@context\":\"https:\\\/\\\/schema.org\",\"@graph\":[{\"@type\":\"Article\",\"@id\":\"https:\\\/\\\/lasentinelle.dz\\\/index.php\\\/2021\\\/12\\\/22\\\/autonomiser-des-villes-saines-et-resilientes\\\/#article\",\"isPartOf\":{\"@id\":\"https:\\\/\\\/lasentinelle.dz\\\/index.php\\\/2021\\\/12\\\/22\\\/autonomiser-des-villes-saines-et-resilientes\\\/\"},\"author\":{\"name\":\"La Sentinelle\",\"@id\":\"https:\\\/\\\/lasentinelle.dz\\\/#\\\/schema\\\/person\\\/d865044e22e70a75174ce8bcad3acfb3\"},\"headline\":\"Autonomiser des villes saines et r\u00e9silientes\",\"datePublished\":\"2021-12-21T23:01:00+00:00\",\"mainEntityOfPage\":{\"@id\":\"https:\\\/\\\/lasentinelle.dz\\\/index.php\\\/2021\\\/12\\\/22\\\/autonomiser-des-villes-saines-et-resilientes\\\/\"},\"wordCount\":1049,\"commentCount\":0,\"publisher\":{\"@id\":\"https:\\\/\\\/lasentinelle.dz\\\/#organization\"},\"image\":{\"@id\":\"https:\\\/\\\/lasentinelle.dz\\\/index.php\\\/2021\\\/12\\\/22\\\/autonomiser-des-villes-saines-et-resilientes\\\/#primaryimage\"},\"thumbnailUrl\":\"https:\\\/\\\/lasentinelle.dz\\\/wp-content\\\/uploads\\\/2021\\\/12\\\/image-1.png\",\"articleSection\":[\"D\u00e9bats\"],\"inLanguage\":\"fr-FR\",\"potentialAction\":[{\"@type\":\"CommentAction\",\"name\":\"Comment\",\"target\":[\"https:\\\/\\\/lasentinelle.dz\\\/index.php\\\/2021\\\/12\\\/22\\\/autonomiser-des-villes-saines-et-resilientes\\\/#respond\"]}]},{\"@type\":\"WebPage\",\"@id\":\"https:\\\/\\\/lasentinelle.dz\\\/index.php\\\/2021\\\/12\\\/22\\\/autonomiser-des-villes-saines-et-resilientes\\\/\",\"url\":\"https:\\\/\\\/lasentinelle.dz\\\/index.php\\\/2021\\\/12\\\/22\\\/autonomiser-des-villes-saines-et-resilientes\\\/\",\"name\":\"Autonomiser des villes saines et r\u00e9silientes - La Sentinelle\",\"isPartOf\":{\"@id\":\"https:\\\/\\\/lasentinelle.dz\\\/#website\"},\"primaryImageOfPage\":{\"@id\":\"https:\\\/\\\/lasentinelle.dz\\\/index.php\\\/2021\\\/12\\\/22\\\/autonomiser-des-villes-saines-et-resilientes\\\/#primaryimage\"},\"image\":{\"@id\":\"https:\\\/\\\/lasentinelle.dz\\\/index.php\\\/2021\\\/12\\\/22\\\/autonomiser-des-villes-saines-et-resilientes\\\/#primaryimage\"},\"thumbnailUrl\":\"https:\\\/\\\/lasentinelle.dz\\\/wp-content\\\/uploads\\\/2021\\\/12\\\/image-1.png\",\"datePublished\":\"2021-12-21T23:01:00+00:00\",\"breadcrumb\":{\"@id\":\"https:\\\/\\\/lasentinelle.dz\\\/index.php\\\/2021\\\/12\\\/22\\\/autonomiser-des-villes-saines-et-resilientes\\\/#breadcrumb\"},\"inLanguage\":\"fr-FR\",\"potentialAction\":[{\"@type\":\"ReadAction\",\"target\":[\"https:\\\/\\\/lasentinelle.dz\\\/index.php\\\/2021\\\/12\\\/22\\\/autonomiser-des-villes-saines-et-resilientes\\\/\"]}]},{\"@type\":\"ImageObject\",\"inLanguage\":\"fr-FR\",\"@id\":\"https:\\\/\\\/lasentinelle.dz\\\/index.php\\\/2021\\\/12\\\/22\\\/autonomiser-des-villes-saines-et-resilientes\\\/#primaryimage\",\"url\":\"https:\\\/\\\/lasentinelle.dz\\\/wp-content\\\/uploads\\\/2021\\\/12\\\/image-1.png\",\"contentUrl\":\"https:\\\/\\\/lasentinelle.dz\\\/wp-content\\\/uploads\\\/2021\\\/12\\\/image-1.png\",\"width\":400,\"height\":288},{\"@type\":\"BreadcrumbList\",\"@id\":\"https:\\\/\\\/lasentinelle.dz\\\/index.php\\\/2021\\\/12\\\/22\\\/autonomiser-des-villes-saines-et-resilientes\\\/#breadcrumb\",\"itemListElement\":[{\"@type\":\"ListItem\",\"position\":1,\"name\":\"Accueil\",\"item\":\"https:\\\/\\\/lasentinelle.dz\\\/\"},{\"@type\":\"ListItem\",\"position\":2,\"name\":\"Autonomiser des villes saines et r\u00e9silientes\"}]},{\"@type\":\"WebSite\",\"@id\":\"https:\\\/\\\/lasentinelle.dz\\\/#website\",\"url\":\"https:\\\/\\\/lasentinelle.dz\\\/\",\"name\":\"La Sentinelle\",\"description\":\"Quotidien national d&#039;information\",\"publisher\":{\"@id\":\"https:\\\/\\\/lasentinelle.dz\\\/#organization\"},\"potentialAction\":[{\"@type\":\"SearchAction\",\"target\":{\"@type\":\"EntryPoint\",\"urlTemplate\":\"https:\\\/\\\/lasentinelle.dz\\\/?s={search_term_string}\"},\"query-input\":{\"@type\":\"PropertyValueSpecification\",\"valueRequired\":true,\"valueName\":\"search_term_string\"}}],\"inLanguage\":\"fr-FR\"},{\"@type\":\"Organization\",\"@id\":\"https:\\\/\\\/lasentinelle.dz\\\/#organization\",\"name\":\"Quotidien La Sentinelle\",\"url\":\"https:\\\/\\\/lasentinelle.dz\\\/\",\"logo\":{\"@type\":\"ImageObject\",\"inLanguage\":\"fr-FR\",\"@id\":\"https:\\\/\\\/lasentinelle.dz\\\/#\\\/schema\\\/logo\\\/image\\\/\",\"url\":\"https:\\\/\\\/lasentinelle.dz\\\/wp-content\\\/uploads\\\/2021\\\/09\\\/logo-sentinelleSLOGAN-1.png\",\"contentUrl\":\"https:\\\/\\\/lasentinelle.dz\\\/wp-content\\\/uploads\\\/2021\\\/09\\\/logo-sentinelleSLOGAN-1.png\",\"width\":615,\"height\":142,\"caption\":\"Quotidien La Sentinelle\"},\"image\":{\"@id\":\"https:\\\/\\\/lasentinelle.dz\\\/#\\\/schema\\\/logo\\\/image\\\/\"},\"sameAs\":[\"https:\\\/\\\/www.facebook.com\\\/La-Sentinelle-104059864394773\"]},{\"@type\":\"Person\",\"@id\":\"https:\\\/\\\/lasentinelle.dz\\\/#\\\/schema\\\/person\\\/d865044e22e70a75174ce8bcad3acfb3\",\"name\":\"La Sentinelle\",\"image\":{\"@type\":\"ImageObject\",\"inLanguage\":\"fr-FR\",\"@id\":\"https:\\\/\\\/secure.gravatar.com\\\/avatar\\\/57de8e5d4b15d43fb361a71fbb36338450fe67865b528a43dd10ef7c51a20392?s=96&d=mm&r=g\",\"url\":\"https:\\\/\\\/secure.gravatar.com\\\/avatar\\\/57de8e5d4b15d43fb361a71fbb36338450fe67865b528a43dd10ef7c51a20392?s=96&d=mm&r=g\",\"contentUrl\":\"https:\\\/\\\/secure.gravatar.com\\\/avatar\\\/57de8e5d4b15d43fb361a71fbb36338450fe67865b528a43dd10ef7c51a20392?s=96&d=mm&r=g\",\"caption\":\"La Sentinelle\"},\"sameAs\":[\"http:\\\/\\\/www.lasentinelle.dz\"],\"url\":\"https:\\\/\\\/lasentinelle.dz\\\/author\\\/redaction\\\/\"}]}<\/script>\n<!-- \/ Yoast SEO plugin. -->","yoast_head_json":{"title":"Autonomiser des villes saines et r\u00e9silientes - La Sentinelle","robots":{"index":"index","follow":"follow","max-snippet":"max-snippet:-1","max-image-preview":"max-image-preview:large","max-video-preview":"max-video-preview:-1"},"canonical":"https:\/\/lasentinelle.dz\/index.php\/2021\/12\/22\/autonomiser-des-villes-saines-et-resilientes\/","og_locale":"fr_FR","og_type":"article","og_title":"Autonomiser des villes saines et r\u00e9silientes - La Sentinelle","og_description":"Par Yvonne Aki-Sawyerr Prot\u00e9ger les r\u00e9sidents des cons\u00e9quences du r\u00e9chauffement climatique &#8211; comme la chaleur extr\u00eame, les fortes pluies et","og_url":"https:\/\/lasentinelle.dz\/index.php\/2021\/12\/22\/autonomiser-des-villes-saines-et-resilientes\/","og_site_name":"La Sentinelle","article_publisher":"https:\/\/www.facebook.com\/La-Sentinelle-104059864394773","article_published_time":"2021-12-21T23:01:00+00:00","og_image":[{"width":400,"height":288,"url":"https:\/\/lasentinelle.dz\/wp-content\/uploads\/2021\/12\/image-1.png","type":"image\/png"}],"author":"La Sentinelle","twitter_card":"summary_large_image","twitter_misc":{"\u00c9crit par":"La Sentinelle","Dur\u00e9e de lecture estim\u00e9e":"5 minutes"},"schema":{"@context":"https:\/\/schema.org","@graph":[{"@type":"Article","@id":"https:\/\/lasentinelle.dz\/index.php\/2021\/12\/22\/autonomiser-des-villes-saines-et-resilientes\/#article","isPartOf":{"@id":"https:\/\/lasentinelle.dz\/index.php\/2021\/12\/22\/autonomiser-des-villes-saines-et-resilientes\/"},"author":{"name":"La Sentinelle","@id":"https:\/\/lasentinelle.dz\/#\/schema\/person\/d865044e22e70a75174ce8bcad3acfb3"},"headline":"Autonomiser des villes saines et r\u00e9silientes","datePublished":"2021-12-21T23:01:00+00:00","mainEntityOfPage":{"@id":"https:\/\/lasentinelle.dz\/index.php\/2021\/12\/22\/autonomiser-des-villes-saines-et-resilientes\/"},"wordCount":1049,"commentCount":0,"publisher":{"@id":"https:\/\/lasentinelle.dz\/#organization"},"image":{"@id":"https:\/\/lasentinelle.dz\/index.php\/2021\/12\/22\/autonomiser-des-villes-saines-et-resilientes\/#primaryimage"},"thumbnailUrl":"https:\/\/lasentinelle.dz\/wp-content\/uploads\/2021\/12\/image-1.png","articleSection":["D\u00e9bats"],"inLanguage":"fr-FR","potentialAction":[{"@type":"CommentAction","name":"Comment","target":["https:\/\/lasentinelle.dz\/index.php\/2021\/12\/22\/autonomiser-des-villes-saines-et-resilientes\/#respond"]}]},{"@type":"WebPage","@id":"https:\/\/lasentinelle.dz\/index.php\/2021\/12\/22\/autonomiser-des-villes-saines-et-resilientes\/","url":"https:\/\/lasentinelle.dz\/index.php\/2021\/12\/22\/autonomiser-des-villes-saines-et-resilientes\/","name":"Autonomiser des villes saines et r\u00e9silientes - La Sentinelle","isPartOf":{"@id":"https:\/\/lasentinelle.dz\/#website"},"primaryImageOfPage":{"@id":"https:\/\/lasentinelle.dz\/index.php\/2021\/12\/22\/autonomiser-des-villes-saines-et-resilientes\/#primaryimage"},"image":{"@id":"https:\/\/lasentinelle.dz\/index.php\/2021\/12\/22\/autonomiser-des-villes-saines-et-resilientes\/#primaryimage"},"thumbnailUrl":"https:\/\/lasentinelle.dz\/wp-content\/uploads\/2021\/12\/image-1.png","datePublished":"2021-12-21T23:01:00+00:00","breadcrumb":{"@id":"https:\/\/lasentinelle.dz\/index.php\/2021\/12\/22\/autonomiser-des-villes-saines-et-resilientes\/#breadcrumb"},"inLanguage":"fr-FR","potentialAction":[{"@type":"ReadAction","target":["https:\/\/lasentinelle.dz\/index.php\/2021\/12\/22\/autonomiser-des-villes-saines-et-resilientes\/"]}]},{"@type":"ImageObject","inLanguage":"fr-FR","@id":"https:\/\/lasentinelle.dz\/index.php\/2021\/12\/22\/autonomiser-des-villes-saines-et-resilientes\/#primaryimage","url":"https:\/\/lasentinelle.dz\/wp-content\/uploads\/2021\/12\/image-1.png","contentUrl":"https:\/\/lasentinelle.dz\/wp-content\/uploads\/2021\/12\/image-1.png","width":400,"height":288},{"@type":"BreadcrumbList","@id":"https:\/\/lasentinelle.dz\/index.php\/2021\/12\/22\/autonomiser-des-villes-saines-et-resilientes\/#breadcrumb","itemListElement":[{"@type":"ListItem","position":1,"name":"Accueil","item":"https:\/\/lasentinelle.dz\/"},{"@type":"ListItem","position":2,"name":"Autonomiser des villes saines et r\u00e9silientes"}]},{"@type":"WebSite","@id":"https:\/\/lasentinelle.dz\/#website","url":"https:\/\/lasentinelle.dz\/","name":"La Sentinelle","description":"Quotidien national d&#039;information","publisher":{"@id":"https:\/\/lasentinelle.dz\/#organization"},"potentialAction":[{"@type":"SearchAction","target":{"@type":"EntryPoint","urlTemplate":"https:\/\/lasentinelle.dz\/?s={search_term_string}"},"query-input":{"@type":"PropertyValueSpecification","valueRequired":true,"valueName":"search_term_string"}}],"inLanguage":"fr-FR"},{"@type":"Organization","@id":"https:\/\/lasentinelle.dz\/#organization","name":"Quotidien La Sentinelle","url":"https:\/\/lasentinelle.dz\/","logo":{"@type":"ImageObject","inLanguage":"fr-FR","@id":"https:\/\/lasentinelle.dz\/#\/schema\/logo\/image\/","url":"https:\/\/lasentinelle.dz\/wp-content\/uploads\/2021\/09\/logo-sentinelleSLOGAN-1.png","contentUrl":"https:\/\/lasentinelle.dz\/wp-content\/uploads\/2021\/09\/logo-sentinelleSLOGAN-1.png","width":615,"height":142,"caption":"Quotidien La Sentinelle"},"image":{"@id":"https:\/\/lasentinelle.dz\/#\/schema\/logo\/image\/"},"sameAs":["https:\/\/www.facebook.com\/La-Sentinelle-104059864394773"]},{"@type":"Person","@id":"https:\/\/lasentinelle.dz\/#\/schema\/person\/d865044e22e70a75174ce8bcad3acfb3","name":"La Sentinelle","image":{"@type":"ImageObject","inLanguage":"fr-FR","@id":"https:\/\/secure.gravatar.com\/avatar\/57de8e5d4b15d43fb361a71fbb36338450fe67865b528a43dd10ef7c51a20392?s=96&d=mm&r=g","url":"https:\/\/secure.gravatar.com\/avatar\/57de8e5d4b15d43fb361a71fbb36338450fe67865b528a43dd10ef7c51a20392?s=96&d=mm&r=g","contentUrl":"https:\/\/secure.gravatar.com\/avatar\/57de8e5d4b15d43fb361a71fbb36338450fe67865b528a43dd10ef7c51a20392?s=96&d=mm&r=g","caption":"La Sentinelle"},"sameAs":["http:\/\/www.lasentinelle.dz"],"url":"https:\/\/lasentinelle.dz\/author\/redaction\/"}]}},"_links":{"self":[{"href":"https:\/\/lasentinelle.dz\/index.php\/wp-json\/wp\/v2\/posts\/15407","targetHints":{"allow":["GET"]}}],"collection":[{"href":"https:\/\/lasentinelle.dz\/index.php\/wp-json\/wp\/v2\/posts"}],"about":[{"href":"https:\/\/lasentinelle.dz\/index.php\/wp-json\/wp\/v2\/types\/post"}],"author":[{"embeddable":true,"href":"https:\/\/lasentinelle.dz\/index.php\/wp-json\/wp\/v2\/users\/3"}],"replies":[{"embeddable":true,"href":"https:\/\/lasentinelle.dz\/index.php\/wp-json\/wp\/v2\/comments?post=15407"}],"version-history":[{"count":1,"href":"https:\/\/lasentinelle.dz\/index.php\/wp-json\/wp\/v2\/posts\/15407\/revisions"}],"predecessor-version":[{"id":15415,"href":"https:\/\/lasentinelle.dz\/index.php\/wp-json\/wp\/v2\/posts\/15407\/revisions\/15415"}],"wp:featuredmedia":[{"embeddable":true,"href":"https:\/\/lasentinelle.dz\/index.php\/wp-json\/wp\/v2\/media\/15414"}],"wp:attachment":[{"href":"https:\/\/lasentinelle.dz\/index.php\/wp-json\/wp\/v2\/media?parent=15407"}],"wp:term":[{"taxonomy":"category","embeddable":true,"href":"https:\/\/lasentinelle.dz\/index.php\/wp-json\/wp\/v2\/categories?post=15407"},{"taxonomy":"post_tag","embeddable":true,"href":"https:\/\/lasentinelle.dz\/index.php\/wp-json\/wp\/v2\/tags?post=15407"}],"curies":[{"name":"wp","href":"https:\/\/api.w.org\/{rel}","templated":true}]}}