{"id":15422,"date":"2021-12-22T00:05:00","date_gmt":"2021-12-21T23:05:00","guid":{"rendered":"https:\/\/lasentinelle.dz\/?p=15422"},"modified":"2021-12-21T20:15:26","modified_gmt":"2021-12-21T19:15:26","slug":"les-reserves-de-change-se-stabilisent-et-leconomie-renoue-avec-la-croissance-tous-les-indicateurs-sont-au-vert","status":"publish","type":"post","link":"https:\/\/lasentinelle.dz\/index.php\/2021\/12\/22\/les-reserves-de-change-se-stabilisent-et-leconomie-renoue-avec-la-croissance-tous-les-indicateurs-sont-au-vert\/","title":{"rendered":"Les r\u00e9serves de change se stabilisent et l\u2019\u00e9conomie renoue avec la croissance : Tous les indicateurs sont au vert"},"content":{"rendered":"\n<p>Les grands agr\u00e9gats de l\u2019\u00e9conomie nationale refl\u00e8tent un net redressent de l\u2019\u00e9conomie nationale. Une note de conjoncture pr\u00e9sent\u00e9e par le Gouverneur de la Banque d\u2019Alg\u00e9rie \u00e0 l\u2019occasion d\u2019une r\u00e9union avec les responsables des banques et \u00e9tablissements financiers affiche des chiffres qui pr\u00eatent \u00e0 l\u2019optimisme.&nbsp;<\/p>\n\n\n\n<p>Hausse des taux de croissance du PIB, hausse des exportations et baisse des importations qui ont induit une baisse du d\u00e9ficit de la balance des paiements et une stabilisation du niveau de r\u00e9serves de changes, augmentation des d\u00e9p\u00f4ts bancaires et des cr\u00e9dits \u00e0 l\u2019\u00e9conomie, d\u00e9montrent une chose&nbsp;: tous les indicateurs sont au vert. Seule ombre au tableau&nbsp;: la hausse continue de la masse mon\u00e9taire et particuli\u00e8re de la monnaie fiduciaire laisse pantois quant aux strat\u00e9gies mises en \u0153uvre pour lutter contre l\u2019informel.<\/p>\n\n\n\n<p>Le Gouverneur de la Banque d\u2019Alg\u00e9rie a, en effet, indiqu\u00e9 hier que les&nbsp;r\u00e9serves de change, hors&nbsp;r\u00e9serves en&nbsp;or, ont atteint 44,724 milliards de dollars \u00e0 fin septembre 2021 gr\u00e2ce \u00e0 un fort recul du d\u00e9ficit de la balance&nbsp;des paiements.Rostom Fadheli a ainsi indiqu\u00e9 que ce d\u00e9ficit a fortement recul\u00e9 en raison d\u2019une importante baisse du d\u00e9ficit de la balance commerciale et une augmentation du solde du compte capital.&nbsp;<\/p>\n\n\n\n<p>Ainsi le d\u00e9ficit de la balance commerciale est pass\u00e9 de 10,504 milliards de dollars \u00e0 fin septembre 2020 \u00e0 1,571 milliard de dollars \u00e0 fin septembre 2021, a fait savoir M. Fadhli.<\/p>\n\n\n\n<p>\u00ab\u00a0Ce recul important du d\u00e9ficit est d\u00fb principalement \u00e0 la forte hausse des exportations de biens qui sont pass\u00e9es de 16,240 milliards de dollars \u00e0 fin septembre 2020 \u00e0 26,402 milliards de dollars \u00e0 fin septembre 2021, soit +62,3 %\u00a0\u00bb, a expliqu\u00e9 M. Fadhli.<\/p>\n\n\n\n<p>Ces performances ont \u00e9t\u00e9 motiv\u00e9es bien entendu par la hausse des cours du baril de brut et l\u2019augmentation des volumes d\u2019hydrocarbures export\u00e9s, mais aussi par la hausse des exportations hors-hydrocarbures.&nbsp;&nbsp;Au cours des neuf premiers mois de 2021, le prix moyen du p\u00e9trole a enregistr\u00e9 une hausse de 66,6 %, passant de 41,365 dollars\/baril, au cours de la m\u00eame p\u00e9riode de l&rsquo;ann\u00e9e \u00e9coul\u00e9e, \u00e0 68,917 dollars\/baril. Parall\u00e8lement, les quantit\u00e9s d&rsquo;hydrocarbures export\u00e9es exprim\u00e9es en Tonne Equivalent P\u00e9trole (TEP), ont augment\u00e9 de 20,9%.&nbsp;Par cons\u00e9quent, la valeur totale des exportations des hydrocarbures a enregistr\u00e9 une forte hausse de 57,3 %, passant de 14,868 milliards de dollars \u00e0 fin septembre 2020 \u00e0 23,387 milliards \u00e0 fin septembre 2021, a not\u00e9 le gouverneur.&nbsp;De m\u00eame, les exportations de biens hors hydrocarbures ont enregistr\u00e9 une hausse \u00ab\u00a0tr\u00e8s appr\u00e9ciable\u00a0\u00bb, a-t-il soulign\u00e9, atteignant 3,015 milliards de dollars au cours de la p\u00e9riode sous revue contre 1,372 milliards dollars \u00e0 fin septembre 2020 (+120%).&nbsp;Quant aux importations de biens, elles ont l\u00e9g\u00e8rement augment\u00e9 de 4,6 % entre septembre 2020 et septembre 2021, passant ainsi de 26,744 milliards de dollars \u00e0 27,973 milliards de dollars.<\/p>\n\n\n\n<p>Par ailleurs, les exportations de services ont connu une stagnation relative \u00e0 fin septembre 2021, passant de 2,273 milliards de dollars \u00e0 fin septembre 2020 \u00e0 2,300 milliards de dollars \u00e0 fin septembre 2021. Alors que les importations de services, au cours des neuf premiers mois de 2021, ont enregistr\u00e9 une baisse de 630 millions de dollars, passant ainsi de 5,644 milliards de dollars \u00e0 fin septembre 2020 \u00e0 5,015 milliards de dollars \u00e0 fin septembre 2021.<\/p>\n\n\n\n<p>Au total, les exportations de biens et services ont atteint 28,702 milliards de dollars au cours des neuf premiers mois de 2021 contre 18,513 milliards de dollars \u00e0 la m\u00eame p\u00e9riode de 2020, soit une forte hausse de 10,189 milliards de dollars (+ 55,04 %).&nbsp;Quant aux importations de biens et de services, ils ont connu une tr\u00e8s l\u00e9g\u00e8re hausse de 1,85 %, passant de 32,388 milliards de dollars \u00e0 fin septembre 2020 \u00e0 32,988 milliards de dollars au cours de la p\u00e9riode sous revue.&nbsp;En outre, le solde du compte capital et des op\u00e9rations financi\u00e8res affiche, \u00e0 fin septembre 2021, un exc\u00e9dent de 3,104 milliards de dollars contre 2,493 milliards de dollars \u00e0 fin septembre 2020, soit en hausse de 611 millions de dollars.<\/p>\n\n\n\n<p>Ces \u00e9volutions favorables ont induit \u00ab\u00a0une forte contraction\u00a0\u00bb du d\u00e9ficit du solde global de la balance des paiements&nbsp;qui&nbsp;&nbsp;est pass\u00e9 de 11,998 milliards de dollars \u00e0 fin septembre 2020 \u00e0 2,439 milliards de dollars \u00e0 fin septembre 2021.<\/p>\n\n\n\n<p>Ces \u00e9volutions ont induits des r\u00e9sultats tout aussi positifs sur le plan mon\u00e9taire et financier, dans la mesure o\u00f9 les d\u00e9p\u00f4t bancaires ont fortement augment\u00e9.&nbsp;Les d\u00e9p\u00f4ts \u00e0 terme ont connu une progression de 5,32 %, atteignant ainsi 6.063,89 milliards de dinars \u00e0 fin octobre 2021 contre 5.757,82 milliards de dinars \u00e0 fin d\u00e9cembre 2020.&nbsp;L&rsquo;\u00e9volution des d\u00e9p\u00f4ts \u00e0 vue, \u00e0 fin octobre 2021, a \u00e9t\u00e9 marqu\u00e9e par une forte croissance de l&rsquo;ordre de 23,54 %, passant de 4.210,00 milliards de dinars \u00e0 fin 2020 \u00e0 5.201,23 milliards de dinars \u00e0 fin octobre 2021. La hausse des d\u00e9p\u00f4ts \u00e0 vue est due essentiellement \u00e0 la croissance des d\u00e9p\u00f4ts \u00e0 vue de Sonatrach.&nbsp;Les cr\u00e9dits \u00e0 l&rsquo;\u00e9conomie ont enregistr\u00e9 une hausse de 3,82% passant de 11.182,29 milliards de dinars \u00e0 fin d\u00e9cembre 2020 \u00e0 11.609,37 milliards de dinars \u00e0 fin octobre 2021.&nbsp;&nbsp;Ainsi, les cr\u00e9dits octroy\u00e9s par les banques publiques ont augment\u00e9 de 3,24 % et ceux octroy\u00e9s par les banques priv\u00e9es ont cr\u00fb de 8,16 % au cours des dix premiers mois de 2021.<\/p>\n\n\n\n<p>Cependant, la masse mon\u00e9taire a enregistr\u00e9 une croissance de 12,79%.&nbsp;&nbsp;Le Gouverneur de la Banque d\u2019Alg\u00e9rie a enfin not\u00e9 que&nbsp;la reprise de l&rsquo;activit\u00e9 \u00e9conomique, entam\u00e9e au premier trimestre 2021 (+2,3 %), s&rsquo;est poursuivie au cours du deuxi\u00e8me trimestre 2021 atteignant ainsi une croissance appr\u00e9ciable de 6,4 %, contre une forte contraction de 10,3 % au deuxi\u00e8me trimestre 2020, a-t-il soulign\u00e9.&nbsp;Hors hydrocarbures, la croissance du PIB a atteint 6,1 % au deuxi\u00e8me trimestre 2021 contre un fort repli de 11,5 % au deuxi\u00e8me trimestre de l&rsquo;ann\u00e9e pr\u00e9c\u00e9dente.<\/p>\n\n\n\n<p><strong>Samira Ghrib<\/strong><\/p>\n","protected":false},"excerpt":{"rendered":"<p>Les grands agr\u00e9gats de l\u2019\u00e9conomie nationale refl\u00e8tent un net redressent de l\u2019\u00e9conomie nationale. Une note de conjoncture pr\u00e9sent\u00e9e par le<\/p>\n","protected":false},"author":3,"featured_media":14037,"comment_status":"open","ping_status":"closed","sticky":false,"template":"","format":"standard","meta":{"colormag_page_container_layout":"default_layout","colormag_page_sidebar_layout":"default_layout","om_disable_all_campaigns":false,"_monsterinsights_skip_tracking":false,"_monsterinsights_sitenote_active":false,"_monsterinsights_sitenote_note":"","_monsterinsights_sitenote_category":0,"footnotes":"","_wpscppro_dont_share_socialmedia":false,"_wpscppro_custom_social_share_image":0,"_facebook_share_type":"","_twitter_share_type":"","_linkedin_share_type":"","_pinterest_share_type":"","_linkedin_share_type_page":"","_instagram_share_type":"","_medium_share_type":"","_threads_share_type":"","_google_business_share_type":"","_selected_social_profile":[],"_wpsp_enable_custom_social_template":false,"_wpsp_social_scheduling":{"enabled":false,"datetime":null,"platforms":[],"status":"template_only","dateOption":"today","timeOption":"now","customDays":"","customHours":"","customDate":"","customTime":"","schedulingType":"absolute"},"_wpsp_active_default_template":true},"categories":[52,29],"tags":[],"class_list":["post-15422","post","type-post","status-publish","format-standard","has-post-thumbnail","hentry","category-a-la-une","category-economie"],"aioseo_notices":[],"yoast_head":"<!-- This site is optimized with the Yoast SEO plugin v27.5 - https:\/\/yoast.com\/product\/yoast-seo-wordpress\/ -->\n<title>Les r\u00e9serves de change se stabilisent et l\u2019\u00e9conomie renoue avec la croissance : Tous les indicateurs sont au vert - La Sentinelle<\/title>\n<meta name=\"robots\" content=\"index, follow, max-snippet:-1, max-image-preview:large, max-video-preview:-1\" \/>\n<link rel=\"canonical\" href=\"https:\/\/lasentinelle.dz\/index.php\/2021\/12\/22\/les-reserves-de-change-se-stabilisent-et-leconomie-renoue-avec-la-croissance-tous-les-indicateurs-sont-au-vert\/\" \/>\n<meta property=\"og:locale\" content=\"fr_FR\" \/>\n<meta property=\"og:type\" content=\"article\" \/>\n<meta property=\"og:title\" content=\"Les r\u00e9serves de change se stabilisent et l\u2019\u00e9conomie renoue avec la croissance : Tous les indicateurs sont au vert - La Sentinelle\" \/>\n<meta property=\"og:description\" content=\"Les grands agr\u00e9gats de l\u2019\u00e9conomie nationale refl\u00e8tent un net redressent de l\u2019\u00e9conomie nationale. Une note de conjoncture pr\u00e9sent\u00e9e par le\" \/>\n<meta property=\"og:url\" content=\"https:\/\/lasentinelle.dz\/index.php\/2021\/12\/22\/les-reserves-de-change-se-stabilisent-et-leconomie-renoue-avec-la-croissance-tous-les-indicateurs-sont-au-vert\/\" \/>\n<meta property=\"og:site_name\" content=\"La Sentinelle\" \/>\n<meta property=\"article:publisher\" content=\"https:\/\/www.facebook.com\/La-Sentinelle-104059864394773\" \/>\n<meta property=\"article:published_time\" content=\"2021-12-21T23:05:00+00:00\" \/>\n<meta property=\"og:image\" content=\"https:\/\/lasentinelle.dz\/wp-content\/uploads\/2021\/11\/banque--e1640113624164.jpg\" \/>\n\t<meta property=\"og:image:width\" content=\"900\" \/>\n\t<meta property=\"og:image:height\" content=\"506\" \/>\n\t<meta property=\"og:image:type\" content=\"image\/jpeg\" \/>\n<meta name=\"author\" content=\"La Sentinelle\" \/>\n<meta name=\"twitter:card\" content=\"summary_large_image\" \/>\n<meta name=\"twitter:label1\" content=\"\u00c9crit par\" \/>\n\t<meta name=\"twitter:data1\" content=\"La Sentinelle\" \/>\n\t<meta name=\"twitter:label2\" content=\"Dur\u00e9e de lecture estim\u00e9e\" \/>\n\t<meta name=\"twitter:data2\" content=\"5 minutes\" \/>\n<script type=\"application\/ld+json\" class=\"yoast-schema-graph\">{\"@context\":\"https:\\\/\\\/schema.org\",\"@graph\":[{\"@type\":\"Article\",\"@id\":\"https:\\\/\\\/lasentinelle.dz\\\/index.php\\\/2021\\\/12\\\/22\\\/les-reserves-de-change-se-stabilisent-et-leconomie-renoue-avec-la-croissance-tous-les-indicateurs-sont-au-vert\\\/#article\",\"isPartOf\":{\"@id\":\"https:\\\/\\\/lasentinelle.dz\\\/index.php\\\/2021\\\/12\\\/22\\\/les-reserves-de-change-se-stabilisent-et-leconomie-renoue-avec-la-croissance-tous-les-indicateurs-sont-au-vert\\\/\"},\"author\":{\"name\":\"La Sentinelle\",\"@id\":\"https:\\\/\\\/lasentinelle.dz\\\/#\\\/schema\\\/person\\\/d865044e22e70a75174ce8bcad3acfb3\"},\"headline\":\"Les r\u00e9serves de change se stabilisent et l\u2019\u00e9conomie renoue avec la croissance : Tous les indicateurs sont au vert\",\"datePublished\":\"2021-12-21T23:05:00+00:00\",\"mainEntityOfPage\":{\"@id\":\"https:\\\/\\\/lasentinelle.dz\\\/index.php\\\/2021\\\/12\\\/22\\\/les-reserves-de-change-se-stabilisent-et-leconomie-renoue-avec-la-croissance-tous-les-indicateurs-sont-au-vert\\\/\"},\"wordCount\":968,\"commentCount\":0,\"publisher\":{\"@id\":\"https:\\\/\\\/lasentinelle.dz\\\/#organization\"},\"image\":{\"@id\":\"https:\\\/\\\/lasentinelle.dz\\\/index.php\\\/2021\\\/12\\\/22\\\/les-reserves-de-change-se-stabilisent-et-leconomie-renoue-avec-la-croissance-tous-les-indicateurs-sont-au-vert\\\/#primaryimage\"},\"thumbnailUrl\":\"https:\\\/\\\/lasentinelle.dz\\\/wp-content\\\/uploads\\\/2021\\\/11\\\/banque--e1640113624164.jpg\",\"articleSection\":[\"\u00c0 la Une\",\"\u00c9conomie\"],\"inLanguage\":\"fr-FR\",\"potentialAction\":[{\"@type\":\"CommentAction\",\"name\":\"Comment\",\"target\":[\"https:\\\/\\\/lasentinelle.dz\\\/index.php\\\/2021\\\/12\\\/22\\\/les-reserves-de-change-se-stabilisent-et-leconomie-renoue-avec-la-croissance-tous-les-indicateurs-sont-au-vert\\\/#respond\"]}]},{\"@type\":\"WebPage\",\"@id\":\"https:\\\/\\\/lasentinelle.dz\\\/index.php\\\/2021\\\/12\\\/22\\\/les-reserves-de-change-se-stabilisent-et-leconomie-renoue-avec-la-croissance-tous-les-indicateurs-sont-au-vert\\\/\",\"url\":\"https:\\\/\\\/lasentinelle.dz\\\/index.php\\\/2021\\\/12\\\/22\\\/les-reserves-de-change-se-stabilisent-et-leconomie-renoue-avec-la-croissance-tous-les-indicateurs-sont-au-vert\\\/\",\"name\":\"Les r\u00e9serves de change se stabilisent et l\u2019\u00e9conomie renoue avec la croissance : Tous les indicateurs sont au vert - La Sentinelle\",\"isPartOf\":{\"@id\":\"https:\\\/\\\/lasentinelle.dz\\\/#website\"},\"primaryImageOfPage\":{\"@id\":\"https:\\\/\\\/lasentinelle.dz\\\/index.php\\\/2021\\\/12\\\/22\\\/les-reserves-de-change-se-stabilisent-et-leconomie-renoue-avec-la-croissance-tous-les-indicateurs-sont-au-vert\\\/#primaryimage\"},\"image\":{\"@id\":\"https:\\\/\\\/lasentinelle.dz\\\/index.php\\\/2021\\\/12\\\/22\\\/les-reserves-de-change-se-stabilisent-et-leconomie-renoue-avec-la-croissance-tous-les-indicateurs-sont-au-vert\\\/#primaryimage\"},\"thumbnailUrl\":\"https:\\\/\\\/lasentinelle.dz\\\/wp-content\\\/uploads\\\/2021\\\/11\\\/banque--e1640113624164.jpg\",\"datePublished\":\"2021-12-21T23:05:00+00:00\",\"breadcrumb\":{\"@id\":\"https:\\\/\\\/lasentinelle.dz\\\/index.php\\\/2021\\\/12\\\/22\\\/les-reserves-de-change-se-stabilisent-et-leconomie-renoue-avec-la-croissance-tous-les-indicateurs-sont-au-vert\\\/#breadcrumb\"},\"inLanguage\":\"fr-FR\",\"potentialAction\":[{\"@type\":\"ReadAction\",\"target\":[\"https:\\\/\\\/lasentinelle.dz\\\/index.php\\\/2021\\\/12\\\/22\\\/les-reserves-de-change-se-stabilisent-et-leconomie-renoue-avec-la-croissance-tous-les-indicateurs-sont-au-vert\\\/\"]}]},{\"@type\":\"ImageObject\",\"inLanguage\":\"fr-FR\",\"@id\":\"https:\\\/\\\/lasentinelle.dz\\\/index.php\\\/2021\\\/12\\\/22\\\/les-reserves-de-change-se-stabilisent-et-leconomie-renoue-avec-la-croissance-tous-les-indicateurs-sont-au-vert\\\/#primaryimage\",\"url\":\"https:\\\/\\\/lasentinelle.dz\\\/wp-content\\\/uploads\\\/2021\\\/11\\\/banque--e1640113624164.jpg\",\"contentUrl\":\"https:\\\/\\\/lasentinelle.dz\\\/wp-content\\\/uploads\\\/2021\\\/11\\\/banque--e1640113624164.jpg\",\"width\":900,\"height\":506},{\"@type\":\"BreadcrumbList\",\"@id\":\"https:\\\/\\\/lasentinelle.dz\\\/index.php\\\/2021\\\/12\\\/22\\\/les-reserves-de-change-se-stabilisent-et-leconomie-renoue-avec-la-croissance-tous-les-indicateurs-sont-au-vert\\\/#breadcrumb\",\"itemListElement\":[{\"@type\":\"ListItem\",\"position\":1,\"name\":\"Accueil\",\"item\":\"https:\\\/\\\/lasentinelle.dz\\\/\"},{\"@type\":\"ListItem\",\"position\":2,\"name\":\"Les r\u00e9serves de change se stabilisent et l\u2019\u00e9conomie renoue avec la croissance : Tous les indicateurs sont au vert\"}]},{\"@type\":\"WebSite\",\"@id\":\"https:\\\/\\\/lasentinelle.dz\\\/#website\",\"url\":\"https:\\\/\\\/lasentinelle.dz\\\/\",\"name\":\"La Sentinelle\",\"description\":\"Quotidien national d&#039;information\",\"publisher\":{\"@id\":\"https:\\\/\\\/lasentinelle.dz\\\/#organization\"},\"potentialAction\":[{\"@type\":\"SearchAction\",\"target\":{\"@type\":\"EntryPoint\",\"urlTemplate\":\"https:\\\/\\\/lasentinelle.dz\\\/?s={search_term_string}\"},\"query-input\":{\"@type\":\"PropertyValueSpecification\",\"valueRequired\":true,\"valueName\":\"search_term_string\"}}],\"inLanguage\":\"fr-FR\"},{\"@type\":\"Organization\",\"@id\":\"https:\\\/\\\/lasentinelle.dz\\\/#organization\",\"name\":\"Quotidien La Sentinelle\",\"url\":\"https:\\\/\\\/lasentinelle.dz\\\/\",\"logo\":{\"@type\":\"ImageObject\",\"inLanguage\":\"fr-FR\",\"@id\":\"https:\\\/\\\/lasentinelle.dz\\\/#\\\/schema\\\/logo\\\/image\\\/\",\"url\":\"https:\\\/\\\/lasentinelle.dz\\\/wp-content\\\/uploads\\\/2021\\\/09\\\/logo-sentinelleSLOGAN-1.png\",\"contentUrl\":\"https:\\\/\\\/lasentinelle.dz\\\/wp-content\\\/uploads\\\/2021\\\/09\\\/logo-sentinelleSLOGAN-1.png\",\"width\":615,\"height\":142,\"caption\":\"Quotidien La Sentinelle\"},\"image\":{\"@id\":\"https:\\\/\\\/lasentinelle.dz\\\/#\\\/schema\\\/logo\\\/image\\\/\"},\"sameAs\":[\"https:\\\/\\\/www.facebook.com\\\/La-Sentinelle-104059864394773\"]},{\"@type\":\"Person\",\"@id\":\"https:\\\/\\\/lasentinelle.dz\\\/#\\\/schema\\\/person\\\/d865044e22e70a75174ce8bcad3acfb3\",\"name\":\"La Sentinelle\",\"image\":{\"@type\":\"ImageObject\",\"inLanguage\":\"fr-FR\",\"@id\":\"https:\\\/\\\/secure.gravatar.com\\\/avatar\\\/57de8e5d4b15d43fb361a71fbb36338450fe67865b528a43dd10ef7c51a20392?s=96&d=mm&r=g\",\"url\":\"https:\\\/\\\/secure.gravatar.com\\\/avatar\\\/57de8e5d4b15d43fb361a71fbb36338450fe67865b528a43dd10ef7c51a20392?s=96&d=mm&r=g\",\"contentUrl\":\"https:\\\/\\\/secure.gravatar.com\\\/avatar\\\/57de8e5d4b15d43fb361a71fbb36338450fe67865b528a43dd10ef7c51a20392?s=96&d=mm&r=g\",\"caption\":\"La Sentinelle\"},\"sameAs\":[\"http:\\\/\\\/www.lasentinelle.dz\"],\"url\":\"https:\\\/\\\/lasentinelle.dz\\\/author\\\/redaction\\\/\"}]}<\/script>\n<!-- \/ Yoast SEO plugin. -->","yoast_head_json":{"title":"Les r\u00e9serves de change se stabilisent et l\u2019\u00e9conomie renoue avec la croissance : Tous les indicateurs sont au vert - La Sentinelle","robots":{"index":"index","follow":"follow","max-snippet":"max-snippet:-1","max-image-preview":"max-image-preview:large","max-video-preview":"max-video-preview:-1"},"canonical":"https:\/\/lasentinelle.dz\/index.php\/2021\/12\/22\/les-reserves-de-change-se-stabilisent-et-leconomie-renoue-avec-la-croissance-tous-les-indicateurs-sont-au-vert\/","og_locale":"fr_FR","og_type":"article","og_title":"Les r\u00e9serves de change se stabilisent et l\u2019\u00e9conomie renoue avec la croissance : Tous les indicateurs sont au vert - La Sentinelle","og_description":"Les grands agr\u00e9gats de l\u2019\u00e9conomie nationale refl\u00e8tent un net redressent de l\u2019\u00e9conomie nationale. Une note de conjoncture pr\u00e9sent\u00e9e par le","og_url":"https:\/\/lasentinelle.dz\/index.php\/2021\/12\/22\/les-reserves-de-change-se-stabilisent-et-leconomie-renoue-avec-la-croissance-tous-les-indicateurs-sont-au-vert\/","og_site_name":"La Sentinelle","article_publisher":"https:\/\/www.facebook.com\/La-Sentinelle-104059864394773","article_published_time":"2021-12-21T23:05:00+00:00","og_image":[{"width":900,"height":506,"url":"https:\/\/lasentinelle.dz\/wp-content\/uploads\/2021\/11\/banque--e1640113624164.jpg","type":"image\/jpeg"}],"author":"La Sentinelle","twitter_card":"summary_large_image","twitter_misc":{"\u00c9crit par":"La Sentinelle","Dur\u00e9e de lecture estim\u00e9e":"5 minutes"},"schema":{"@context":"https:\/\/schema.org","@graph":[{"@type":"Article","@id":"https:\/\/lasentinelle.dz\/index.php\/2021\/12\/22\/les-reserves-de-change-se-stabilisent-et-leconomie-renoue-avec-la-croissance-tous-les-indicateurs-sont-au-vert\/#article","isPartOf":{"@id":"https:\/\/lasentinelle.dz\/index.php\/2021\/12\/22\/les-reserves-de-change-se-stabilisent-et-leconomie-renoue-avec-la-croissance-tous-les-indicateurs-sont-au-vert\/"},"author":{"name":"La Sentinelle","@id":"https:\/\/lasentinelle.dz\/#\/schema\/person\/d865044e22e70a75174ce8bcad3acfb3"},"headline":"Les r\u00e9serves de change se stabilisent et l\u2019\u00e9conomie renoue avec la croissance : Tous les indicateurs sont au vert","datePublished":"2021-12-21T23:05:00+00:00","mainEntityOfPage":{"@id":"https:\/\/lasentinelle.dz\/index.php\/2021\/12\/22\/les-reserves-de-change-se-stabilisent-et-leconomie-renoue-avec-la-croissance-tous-les-indicateurs-sont-au-vert\/"},"wordCount":968,"commentCount":0,"publisher":{"@id":"https:\/\/lasentinelle.dz\/#organization"},"image":{"@id":"https:\/\/lasentinelle.dz\/index.php\/2021\/12\/22\/les-reserves-de-change-se-stabilisent-et-leconomie-renoue-avec-la-croissance-tous-les-indicateurs-sont-au-vert\/#primaryimage"},"thumbnailUrl":"https:\/\/lasentinelle.dz\/wp-content\/uploads\/2021\/11\/banque--e1640113624164.jpg","articleSection":["\u00c0 la Une","\u00c9conomie"],"inLanguage":"fr-FR","potentialAction":[{"@type":"CommentAction","name":"Comment","target":["https:\/\/lasentinelle.dz\/index.php\/2021\/12\/22\/les-reserves-de-change-se-stabilisent-et-leconomie-renoue-avec-la-croissance-tous-les-indicateurs-sont-au-vert\/#respond"]}]},{"@type":"WebPage","@id":"https:\/\/lasentinelle.dz\/index.php\/2021\/12\/22\/les-reserves-de-change-se-stabilisent-et-leconomie-renoue-avec-la-croissance-tous-les-indicateurs-sont-au-vert\/","url":"https:\/\/lasentinelle.dz\/index.php\/2021\/12\/22\/les-reserves-de-change-se-stabilisent-et-leconomie-renoue-avec-la-croissance-tous-les-indicateurs-sont-au-vert\/","name":"Les r\u00e9serves de change se stabilisent et l\u2019\u00e9conomie renoue avec la croissance : Tous les indicateurs sont au vert - La Sentinelle","isPartOf":{"@id":"https:\/\/lasentinelle.dz\/#website"},"primaryImageOfPage":{"@id":"https:\/\/lasentinelle.dz\/index.php\/2021\/12\/22\/les-reserves-de-change-se-stabilisent-et-leconomie-renoue-avec-la-croissance-tous-les-indicateurs-sont-au-vert\/#primaryimage"},"image":{"@id":"https:\/\/lasentinelle.dz\/index.php\/2021\/12\/22\/les-reserves-de-change-se-stabilisent-et-leconomie-renoue-avec-la-croissance-tous-les-indicateurs-sont-au-vert\/#primaryimage"},"thumbnailUrl":"https:\/\/lasentinelle.dz\/wp-content\/uploads\/2021\/11\/banque--e1640113624164.jpg","datePublished":"2021-12-21T23:05:00+00:00","breadcrumb":{"@id":"https:\/\/lasentinelle.dz\/index.php\/2021\/12\/22\/les-reserves-de-change-se-stabilisent-et-leconomie-renoue-avec-la-croissance-tous-les-indicateurs-sont-au-vert\/#breadcrumb"},"inLanguage":"fr-FR","potentialAction":[{"@type":"ReadAction","target":["https:\/\/lasentinelle.dz\/index.php\/2021\/12\/22\/les-reserves-de-change-se-stabilisent-et-leconomie-renoue-avec-la-croissance-tous-les-indicateurs-sont-au-vert\/"]}]},{"@type":"ImageObject","inLanguage":"fr-FR","@id":"https:\/\/lasentinelle.dz\/index.php\/2021\/12\/22\/les-reserves-de-change-se-stabilisent-et-leconomie-renoue-avec-la-croissance-tous-les-indicateurs-sont-au-vert\/#primaryimage","url":"https:\/\/lasentinelle.dz\/wp-content\/uploads\/2021\/11\/banque--e1640113624164.jpg","contentUrl":"https:\/\/lasentinelle.dz\/wp-content\/uploads\/2021\/11\/banque--e1640113624164.jpg","width":900,"height":506},{"@type":"BreadcrumbList","@id":"https:\/\/lasentinelle.dz\/index.php\/2021\/12\/22\/les-reserves-de-change-se-stabilisent-et-leconomie-renoue-avec-la-croissance-tous-les-indicateurs-sont-au-vert\/#breadcrumb","itemListElement":[{"@type":"ListItem","position":1,"name":"Accueil","item":"https:\/\/lasentinelle.dz\/"},{"@type":"ListItem","position":2,"name":"Les r\u00e9serves de change se stabilisent et l\u2019\u00e9conomie renoue avec la croissance : Tous les indicateurs sont au vert"}]},{"@type":"WebSite","@id":"https:\/\/lasentinelle.dz\/#website","url":"https:\/\/lasentinelle.dz\/","name":"La Sentinelle","description":"Quotidien national d&#039;information","publisher":{"@id":"https:\/\/lasentinelle.dz\/#organization"},"potentialAction":[{"@type":"SearchAction","target":{"@type":"EntryPoint","urlTemplate":"https:\/\/lasentinelle.dz\/?s={search_term_string}"},"query-input":{"@type":"PropertyValueSpecification","valueRequired":true,"valueName":"search_term_string"}}],"inLanguage":"fr-FR"},{"@type":"Organization","@id":"https:\/\/lasentinelle.dz\/#organization","name":"Quotidien La Sentinelle","url":"https:\/\/lasentinelle.dz\/","logo":{"@type":"ImageObject","inLanguage":"fr-FR","@id":"https:\/\/lasentinelle.dz\/#\/schema\/logo\/image\/","url":"https:\/\/lasentinelle.dz\/wp-content\/uploads\/2021\/09\/logo-sentinelleSLOGAN-1.png","contentUrl":"https:\/\/lasentinelle.dz\/wp-content\/uploads\/2021\/09\/logo-sentinelleSLOGAN-1.png","width":615,"height":142,"caption":"Quotidien La Sentinelle"},"image":{"@id":"https:\/\/lasentinelle.dz\/#\/schema\/logo\/image\/"},"sameAs":["https:\/\/www.facebook.com\/La-Sentinelle-104059864394773"]},{"@type":"Person","@id":"https:\/\/lasentinelle.dz\/#\/schema\/person\/d865044e22e70a75174ce8bcad3acfb3","name":"La Sentinelle","image":{"@type":"ImageObject","inLanguage":"fr-FR","@id":"https:\/\/secure.gravatar.com\/avatar\/57de8e5d4b15d43fb361a71fbb36338450fe67865b528a43dd10ef7c51a20392?s=96&d=mm&r=g","url":"https:\/\/secure.gravatar.com\/avatar\/57de8e5d4b15d43fb361a71fbb36338450fe67865b528a43dd10ef7c51a20392?s=96&d=mm&r=g","contentUrl":"https:\/\/secure.gravatar.com\/avatar\/57de8e5d4b15d43fb361a71fbb36338450fe67865b528a43dd10ef7c51a20392?s=96&d=mm&r=g","caption":"La Sentinelle"},"sameAs":["http:\/\/www.lasentinelle.dz"],"url":"https:\/\/lasentinelle.dz\/author\/redaction\/"}]}},"_links":{"self":[{"href":"https:\/\/lasentinelle.dz\/index.php\/wp-json\/wp\/v2\/posts\/15422","targetHints":{"allow":["GET"]}}],"collection":[{"href":"https:\/\/lasentinelle.dz\/index.php\/wp-json\/wp\/v2\/posts"}],"about":[{"href":"https:\/\/lasentinelle.dz\/index.php\/wp-json\/wp\/v2\/types\/post"}],"author":[{"embeddable":true,"href":"https:\/\/lasentinelle.dz\/index.php\/wp-json\/wp\/v2\/users\/3"}],"replies":[{"embeddable":true,"href":"https:\/\/lasentinelle.dz\/index.php\/wp-json\/wp\/v2\/comments?post=15422"}],"version-history":[{"count":1,"href":"https:\/\/lasentinelle.dz\/index.php\/wp-json\/wp\/v2\/posts\/15422\/revisions"}],"predecessor-version":[{"id":15425,"href":"https:\/\/lasentinelle.dz\/index.php\/wp-json\/wp\/v2\/posts\/15422\/revisions\/15425"}],"wp:featuredmedia":[{"embeddable":true,"href":"https:\/\/lasentinelle.dz\/index.php\/wp-json\/wp\/v2\/media\/14037"}],"wp:attachment":[{"href":"https:\/\/lasentinelle.dz\/index.php\/wp-json\/wp\/v2\/media?parent=15422"}],"wp:term":[{"taxonomy":"category","embeddable":true,"href":"https:\/\/lasentinelle.dz\/index.php\/wp-json\/wp\/v2\/categories?post=15422"},{"taxonomy":"post_tag","embeddable":true,"href":"https:\/\/lasentinelle.dz\/index.php\/wp-json\/wp\/v2\/tags?post=15422"}],"curies":[{"name":"wp","href":"https:\/\/api.w.org\/{rel}","templated":true}]}}