{"id":15427,"date":"2021-12-22T00:05:00","date_gmt":"2021-12-21T23:05:00","guid":{"rendered":"https:\/\/lasentinelle.dz\/?p=15427"},"modified":"2021-12-21T20:33:47","modified_gmt":"2021-12-21T19:33:47","slug":"73e-anniversaire-de-la-declaration-des-droits-de-lhomme-les-engagements-de-lalgerie-pleinement-respectes","status":"publish","type":"post","link":"https:\/\/lasentinelle.dz\/index.php\/2021\/12\/22\/73e-anniversaire-de-la-declaration-des-droits-de-lhomme-les-engagements-de-lalgerie-pleinement-respectes\/","title":{"rendered":"73e anniversaire de la D\u00e9claration des droits de l&rsquo;Homme : Les engagements de l\u2019Alg\u00e9rie pleinement respect\u00e9s"},"content":{"rendered":"\n<p>L\u2019Alg\u00e9rie respecte pleinement ses engagements en mati\u00e8re des droits de l\u2019Homme, a assur\u00e9 hier le ministre de la Justice qui a d\u2019ailleurs soulign\u00e9 que la Constitution de 2020 a non seulement consacr\u00e9 le respect de ces droits, mais en garantit la jouissance au quotidien.&nbsp;<\/p>\n\n\n\n<p>Intervenant&nbsp;&nbsp;\u00e0 l&rsquo;ouverture de la journ\u00e9e organis\u00e9e au niveau de l&rsquo;h\u00f4tel Aurassi \u00e0 l&rsquo;occasion de la c\u00e9l\u00e9bration de la 73\u00e8me ann\u00e9e de la d\u00e9claration universelle des Droits de l&rsquo;Hommes, le ministre de la Justice garde des sceaux, M. Abderrachid Tabi a estim\u00e9 que l&rsquo;Alg\u00e9rie a adopt\u00e9 tous les articles contenus dans ce document ainsi que les clauses contenues dans toutes les conventions internationales sign\u00e9es dans ce domaine. Lors de cette journ\u00e9e co-organis\u00e9e par le&nbsp;Conseil national des droits de l\u2019Homme et le coordinateur des&nbsp;Nations unies en Alg\u00e9rie, M. Tabi a soulign\u00e9 que toutes les constitutions alg\u00e9riennes depuis celle de 1963 jusqu&rsquo;\u00e0 celle de 2020, ont pris en charge toutes les questions relatives aux droits humains dont la plus&nbsp;importante est la&nbsp;Charte internationale des droits civiques et politiques ainsi que la&nbsp;Charte internationale des droits \u00e9conomiques et des droits culturels.<\/p>\n\n\n\n<p>Dans son allocution, le ministre de la Justice&nbsp;et Farde des&nbsp;Sceaux&nbsp;a estim\u00e9 que la constitution de 2020 ne s&rsquo;est&nbsp;pas&nbsp;suffit de garantir le respect de&nbsp;ces droits humains mais elle s&rsquo;est \u00e9tendue&nbsp;au domaine de leur pratique quotidienne sur le terrain en chargeant de cette mission le minist\u00e8re de la&nbsp;Justice qui s&rsquo;impose comme le garant et le protecteur contre tout d\u00e9passement. La pratique de ces droits par les citoyens passe, ajoute-t-il, par la mise sur pied d&rsquo;articles dans la&nbsp;Constitution relatifs aux droits individuels en lien direct avec la pr\u00e9somption d&rsquo;innocence&nbsp;&nbsp;et la garantie de proc\u00e8s \u00e9quitables et transparents. Des proc\u00e8s \u00e9quitables consacrant&nbsp;&nbsp;\u00ab&nbsp;les principes de l\u00e9galit\u00e9 p\u00e9nale et proc\u00e9durale,&nbsp;permettant le respect des principes du proc\u00e8s \u00e9quitable \u00e9nonc\u00e9s dans le code p\u00e9nale&nbsp;\u00bb, a-t-il expliqu\u00e9.<\/p>\n\n\n\n<p>Il a \u00e9galement cit\u00e9&nbsp;les garanties assur\u00e9es par le Code des&nbsp;proc\u00e9dures&nbsp;p\u00e9nales&nbsp;au niveau de l&rsquo;instruction judiciaire, en t\u00eate desquelles le droit \u00e0 la d\u00e9fense et au respect des conditions de d\u00e9tention provisoire, \u00e9tant une mesure exceptionnelle \u00e0 laquelle recourt le juge d&rsquo;instruction dans des cas pr\u00e9cis si la proc\u00e9dure de contr\u00f4le judiciaire s&rsquo;av\u00e8re pas suffisante, en plus des audiences publiques et de l&rsquo;application de la pr\u00e9somption d&rsquo;innocence et d&rsquo;autres garanties.&nbsp;La protection des droits de l&rsquo;homme en mati\u00e8re de Justice, explique le ministre,&nbsp;&nbsp;concerne&nbsp;\u00e9galement le domaine p\u00e9nitentiaire, \u00e0 travers&nbsp;&nbsp;\u00ab\u00a0l&rsquo;humanisation des conditions de d\u00e9tention et le respect des droits des d\u00e9tenus\u00a0\u00bb, ainsi&nbsp;&nbsp;que la prise en charge sanitaire, tant sur le plan physique que psychologique sous la direction d&rsquo;un staff m\u00e9dical et param\u00e9dical pluridisciplinaire dont le nombre est de 1.345, en plus de 113 unit\u00e9s d&rsquo;investigation et de traitement au sein des \u00e9tablissement hospitaliers publiques&nbsp;\u00bb, assure M. Tabi. Pourle ministrei, la question du respect des droits de l&rsquo;Homme est trait\u00e9e par l&rsquo;Alg\u00e9rie avec une totale transparence&nbsp;&nbsp;et avec les organisations non-gouvernementales, en t\u00eate desquelles le CICR, qui a effectu\u00e9 296 visites aux \u00e9tablissements p\u00e9nitentiaires\u00a0\u00bb.&nbsp;<\/p>\n\n\n\n<p><strong>Akli Amor<\/strong><\/p>\n","protected":false},"excerpt":{"rendered":"<p>L\u2019Alg\u00e9rie respecte pleinement ses engagements en mati\u00e8re des droits de l\u2019Homme, a assur\u00e9 hier le ministre de la Justice qui<\/p>\n","protected":false},"author":3,"featured_media":15429,"comment_status":"open","ping_status":"closed","sticky":false,"template":"","format":"standard","meta":{"colormag_page_container_layout":"default_layout","colormag_page_sidebar_layout":"default_layout","om_disable_all_campaigns":false,"_monsterinsights_skip_tracking":false,"_monsterinsights_sitenote_active":false,"_monsterinsights_sitenote_note":"","_monsterinsights_sitenote_category":0,"footnotes":"","_wpscppro_dont_share_socialmedia":false,"_wpscppro_custom_social_share_image":0,"_facebook_share_type":"","_twitter_share_type":"","_linkedin_share_type":"","_pinterest_share_type":"","_linkedin_share_type_page":"","_instagram_share_type":"","_medium_share_type":"","_threads_share_type":"","_google_business_share_type":"","_selected_social_profile":[],"_wpsp_enable_custom_social_template":false,"_wpsp_social_scheduling":{"enabled":false,"datetime":null,"platforms":[],"status":"template_only","dateOption":"today","timeOption":"now","customDays":"","customHours":"","customDate":"","customTime":"","schedulingType":"absolute"},"_wpsp_active_default_template":true},"categories":[52,27],"tags":[],"class_list":["post-15427","post","type-post","status-publish","format-standard","has-post-thumbnail","hentry","category-a-la-une","category-actualite"],"aioseo_notices":[],"yoast_head":"<!-- This site is optimized with the Yoast SEO plugin v27.5 - https:\/\/yoast.com\/product\/yoast-seo-wordpress\/ -->\n<title>73e anniversaire de la D\u00e9claration des droits de l&#039;Homme : Les engagements de l\u2019Alg\u00e9rie pleinement respect\u00e9s - La Sentinelle<\/title>\n<meta name=\"robots\" content=\"index, follow, max-snippet:-1, max-image-preview:large, max-video-preview:-1\" \/>\n<link rel=\"canonical\" href=\"https:\/\/lasentinelle.dz\/index.php\/2021\/12\/22\/73e-anniversaire-de-la-declaration-des-droits-de-lhomme-les-engagements-de-lalgerie-pleinement-respectes\/\" \/>\n<meta property=\"og:locale\" content=\"fr_FR\" \/>\n<meta property=\"og:type\" content=\"article\" \/>\n<meta property=\"og:title\" content=\"73e anniversaire de la D\u00e9claration des droits de l&#039;Homme : Les engagements de l\u2019Alg\u00e9rie pleinement respect\u00e9s - La Sentinelle\" \/>\n<meta property=\"og:description\" content=\"L\u2019Alg\u00e9rie respecte pleinement ses engagements en mati\u00e8re des droits de l\u2019Homme, a assur\u00e9 hier le ministre de la Justice qui\" \/>\n<meta property=\"og:url\" content=\"https:\/\/lasentinelle.dz\/index.php\/2021\/12\/22\/73e-anniversaire-de-la-declaration-des-droits-de-lhomme-les-engagements-de-lalgerie-pleinement-respectes\/\" \/>\n<meta property=\"og:site_name\" content=\"La Sentinelle\" \/>\n<meta property=\"article:publisher\" content=\"https:\/\/www.facebook.com\/La-Sentinelle-104059864394773\" \/>\n<meta property=\"article:published_time\" content=\"2021-12-21T23:05:00+00:00\" \/>\n<meta property=\"og:image\" content=\"https:\/\/lasentinelle.dz\/wp-content\/uploads\/2021\/12\/rachid-tabi.png\" \/>\n\t<meta property=\"og:image:width\" content=\"1427\" \/>\n\t<meta property=\"og:image:height\" content=\"900\" \/>\n\t<meta property=\"og:image:type\" content=\"image\/png\" \/>\n<meta name=\"author\" content=\"La Sentinelle\" \/>\n<meta name=\"twitter:card\" content=\"summary_large_image\" \/>\n<meta name=\"twitter:label1\" content=\"\u00c9crit par\" \/>\n\t<meta name=\"twitter:data1\" content=\"La Sentinelle\" \/>\n\t<meta name=\"twitter:label2\" content=\"Dur\u00e9e de lecture estim\u00e9e\" \/>\n\t<meta name=\"twitter:data2\" content=\"3 minutes\" \/>\n<script type=\"application\/ld+json\" class=\"yoast-schema-graph\">{\"@context\":\"https:\\\/\\\/schema.org\",\"@graph\":[{\"@type\":\"Article\",\"@id\":\"https:\\\/\\\/lasentinelle.dz\\\/index.php\\\/2021\\\/12\\\/22\\\/73e-anniversaire-de-la-declaration-des-droits-de-lhomme-les-engagements-de-lalgerie-pleinement-respectes\\\/#article\",\"isPartOf\":{\"@id\":\"https:\\\/\\\/lasentinelle.dz\\\/index.php\\\/2021\\\/12\\\/22\\\/73e-anniversaire-de-la-declaration-des-droits-de-lhomme-les-engagements-de-lalgerie-pleinement-respectes\\\/\"},\"author\":{\"name\":\"La Sentinelle\",\"@id\":\"https:\\\/\\\/lasentinelle.dz\\\/#\\\/schema\\\/person\\\/d865044e22e70a75174ce8bcad3acfb3\"},\"headline\":\"73e anniversaire de la D\u00e9claration des droits de l&rsquo;Homme : Les engagements de l\u2019Alg\u00e9rie pleinement respect\u00e9s\",\"datePublished\":\"2021-12-21T23:05:00+00:00\",\"mainEntityOfPage\":{\"@id\":\"https:\\\/\\\/lasentinelle.dz\\\/index.php\\\/2021\\\/12\\\/22\\\/73e-anniversaire-de-la-declaration-des-droits-de-lhomme-les-engagements-de-lalgerie-pleinement-respectes\\\/\"},\"wordCount\":625,\"commentCount\":0,\"publisher\":{\"@id\":\"https:\\\/\\\/lasentinelle.dz\\\/#organization\"},\"image\":{\"@id\":\"https:\\\/\\\/lasentinelle.dz\\\/index.php\\\/2021\\\/12\\\/22\\\/73e-anniversaire-de-la-declaration-des-droits-de-lhomme-les-engagements-de-lalgerie-pleinement-respectes\\\/#primaryimage\"},\"thumbnailUrl\":\"https:\\\/\\\/lasentinelle.dz\\\/wp-content\\\/uploads\\\/2021\\\/12\\\/rachid-tabi.png\",\"articleSection\":[\"\u00c0 la Une\",\"Actualit\u00e9\"],\"inLanguage\":\"fr-FR\",\"potentialAction\":[{\"@type\":\"CommentAction\",\"name\":\"Comment\",\"target\":[\"https:\\\/\\\/lasentinelle.dz\\\/index.php\\\/2021\\\/12\\\/22\\\/73e-anniversaire-de-la-declaration-des-droits-de-lhomme-les-engagements-de-lalgerie-pleinement-respectes\\\/#respond\"]}]},{\"@type\":\"WebPage\",\"@id\":\"https:\\\/\\\/lasentinelle.dz\\\/index.php\\\/2021\\\/12\\\/22\\\/73e-anniversaire-de-la-declaration-des-droits-de-lhomme-les-engagements-de-lalgerie-pleinement-respectes\\\/\",\"url\":\"https:\\\/\\\/lasentinelle.dz\\\/index.php\\\/2021\\\/12\\\/22\\\/73e-anniversaire-de-la-declaration-des-droits-de-lhomme-les-engagements-de-lalgerie-pleinement-respectes\\\/\",\"name\":\"73e anniversaire de la D\u00e9claration des droits de l'Homme : Les engagements de l\u2019Alg\u00e9rie pleinement respect\u00e9s - La Sentinelle\",\"isPartOf\":{\"@id\":\"https:\\\/\\\/lasentinelle.dz\\\/#website\"},\"primaryImageOfPage\":{\"@id\":\"https:\\\/\\\/lasentinelle.dz\\\/index.php\\\/2021\\\/12\\\/22\\\/73e-anniversaire-de-la-declaration-des-droits-de-lhomme-les-engagements-de-lalgerie-pleinement-respectes\\\/#primaryimage\"},\"image\":{\"@id\":\"https:\\\/\\\/lasentinelle.dz\\\/index.php\\\/2021\\\/12\\\/22\\\/73e-anniversaire-de-la-declaration-des-droits-de-lhomme-les-engagements-de-lalgerie-pleinement-respectes\\\/#primaryimage\"},\"thumbnailUrl\":\"https:\\\/\\\/lasentinelle.dz\\\/wp-content\\\/uploads\\\/2021\\\/12\\\/rachid-tabi.png\",\"datePublished\":\"2021-12-21T23:05:00+00:00\",\"breadcrumb\":{\"@id\":\"https:\\\/\\\/lasentinelle.dz\\\/index.php\\\/2021\\\/12\\\/22\\\/73e-anniversaire-de-la-declaration-des-droits-de-lhomme-les-engagements-de-lalgerie-pleinement-respectes\\\/#breadcrumb\"},\"inLanguage\":\"fr-FR\",\"potentialAction\":[{\"@type\":\"ReadAction\",\"target\":[\"https:\\\/\\\/lasentinelle.dz\\\/index.php\\\/2021\\\/12\\\/22\\\/73e-anniversaire-de-la-declaration-des-droits-de-lhomme-les-engagements-de-lalgerie-pleinement-respectes\\\/\"]}]},{\"@type\":\"ImageObject\",\"inLanguage\":\"fr-FR\",\"@id\":\"https:\\\/\\\/lasentinelle.dz\\\/index.php\\\/2021\\\/12\\\/22\\\/73e-anniversaire-de-la-declaration-des-droits-de-lhomme-les-engagements-de-lalgerie-pleinement-respectes\\\/#primaryimage\",\"url\":\"https:\\\/\\\/lasentinelle.dz\\\/wp-content\\\/uploads\\\/2021\\\/12\\\/rachid-tabi.png\",\"contentUrl\":\"https:\\\/\\\/lasentinelle.dz\\\/wp-content\\\/uploads\\\/2021\\\/12\\\/rachid-tabi.png\",\"width\":1427,\"height\":900},{\"@type\":\"BreadcrumbList\",\"@id\":\"https:\\\/\\\/lasentinelle.dz\\\/index.php\\\/2021\\\/12\\\/22\\\/73e-anniversaire-de-la-declaration-des-droits-de-lhomme-les-engagements-de-lalgerie-pleinement-respectes\\\/#breadcrumb\",\"itemListElement\":[{\"@type\":\"ListItem\",\"position\":1,\"name\":\"Accueil\",\"item\":\"https:\\\/\\\/lasentinelle.dz\\\/\"},{\"@type\":\"ListItem\",\"position\":2,\"name\":\"73e anniversaire de la D\u00e9claration des droits de l&rsquo;Homme : Les engagements de l\u2019Alg\u00e9rie pleinement respect\u00e9s\"}]},{\"@type\":\"WebSite\",\"@id\":\"https:\\\/\\\/lasentinelle.dz\\\/#website\",\"url\":\"https:\\\/\\\/lasentinelle.dz\\\/\",\"name\":\"La Sentinelle\",\"description\":\"Quotidien national d&#039;information\",\"publisher\":{\"@id\":\"https:\\\/\\\/lasentinelle.dz\\\/#organization\"},\"potentialAction\":[{\"@type\":\"SearchAction\",\"target\":{\"@type\":\"EntryPoint\",\"urlTemplate\":\"https:\\\/\\\/lasentinelle.dz\\\/?s={search_term_string}\"},\"query-input\":{\"@type\":\"PropertyValueSpecification\",\"valueRequired\":true,\"valueName\":\"search_term_string\"}}],\"inLanguage\":\"fr-FR\"},{\"@type\":\"Organization\",\"@id\":\"https:\\\/\\\/lasentinelle.dz\\\/#organization\",\"name\":\"Quotidien La Sentinelle\",\"url\":\"https:\\\/\\\/lasentinelle.dz\\\/\",\"logo\":{\"@type\":\"ImageObject\",\"inLanguage\":\"fr-FR\",\"@id\":\"https:\\\/\\\/lasentinelle.dz\\\/#\\\/schema\\\/logo\\\/image\\\/\",\"url\":\"https:\\\/\\\/lasentinelle.dz\\\/wp-content\\\/uploads\\\/2021\\\/09\\\/logo-sentinelleSLOGAN-1.png\",\"contentUrl\":\"https:\\\/\\\/lasentinelle.dz\\\/wp-content\\\/uploads\\\/2021\\\/09\\\/logo-sentinelleSLOGAN-1.png\",\"width\":615,\"height\":142,\"caption\":\"Quotidien La Sentinelle\"},\"image\":{\"@id\":\"https:\\\/\\\/lasentinelle.dz\\\/#\\\/schema\\\/logo\\\/image\\\/\"},\"sameAs\":[\"https:\\\/\\\/www.facebook.com\\\/La-Sentinelle-104059864394773\"]},{\"@type\":\"Person\",\"@id\":\"https:\\\/\\\/lasentinelle.dz\\\/#\\\/schema\\\/person\\\/d865044e22e70a75174ce8bcad3acfb3\",\"name\":\"La Sentinelle\",\"image\":{\"@type\":\"ImageObject\",\"inLanguage\":\"fr-FR\",\"@id\":\"https:\\\/\\\/secure.gravatar.com\\\/avatar\\\/57de8e5d4b15d43fb361a71fbb36338450fe67865b528a43dd10ef7c51a20392?s=96&d=mm&r=g\",\"url\":\"https:\\\/\\\/secure.gravatar.com\\\/avatar\\\/57de8e5d4b15d43fb361a71fbb36338450fe67865b528a43dd10ef7c51a20392?s=96&d=mm&r=g\",\"contentUrl\":\"https:\\\/\\\/secure.gravatar.com\\\/avatar\\\/57de8e5d4b15d43fb361a71fbb36338450fe67865b528a43dd10ef7c51a20392?s=96&d=mm&r=g\",\"caption\":\"La Sentinelle\"},\"sameAs\":[\"http:\\\/\\\/www.lasentinelle.dz\"],\"url\":\"https:\\\/\\\/lasentinelle.dz\\\/author\\\/redaction\\\/\"}]}<\/script>\n<!-- \/ Yoast SEO plugin. -->","yoast_head_json":{"title":"73e anniversaire de la D\u00e9claration des droits de l'Homme : Les engagements de l\u2019Alg\u00e9rie pleinement respect\u00e9s - La Sentinelle","robots":{"index":"index","follow":"follow","max-snippet":"max-snippet:-1","max-image-preview":"max-image-preview:large","max-video-preview":"max-video-preview:-1"},"canonical":"https:\/\/lasentinelle.dz\/index.php\/2021\/12\/22\/73e-anniversaire-de-la-declaration-des-droits-de-lhomme-les-engagements-de-lalgerie-pleinement-respectes\/","og_locale":"fr_FR","og_type":"article","og_title":"73e anniversaire de la D\u00e9claration des droits de l'Homme : Les engagements de l\u2019Alg\u00e9rie pleinement respect\u00e9s - La Sentinelle","og_description":"L\u2019Alg\u00e9rie respecte pleinement ses engagements en mati\u00e8re des droits de l\u2019Homme, a assur\u00e9 hier le ministre de la Justice qui","og_url":"https:\/\/lasentinelle.dz\/index.php\/2021\/12\/22\/73e-anniversaire-de-la-declaration-des-droits-de-lhomme-les-engagements-de-lalgerie-pleinement-respectes\/","og_site_name":"La Sentinelle","article_publisher":"https:\/\/www.facebook.com\/La-Sentinelle-104059864394773","article_published_time":"2021-12-21T23:05:00+00:00","og_image":[{"width":1427,"height":900,"url":"https:\/\/lasentinelle.dz\/wp-content\/uploads\/2021\/12\/rachid-tabi.png","type":"image\/png"}],"author":"La Sentinelle","twitter_card":"summary_large_image","twitter_misc":{"\u00c9crit par":"La Sentinelle","Dur\u00e9e de lecture estim\u00e9e":"3 minutes"},"schema":{"@context":"https:\/\/schema.org","@graph":[{"@type":"Article","@id":"https:\/\/lasentinelle.dz\/index.php\/2021\/12\/22\/73e-anniversaire-de-la-declaration-des-droits-de-lhomme-les-engagements-de-lalgerie-pleinement-respectes\/#article","isPartOf":{"@id":"https:\/\/lasentinelle.dz\/index.php\/2021\/12\/22\/73e-anniversaire-de-la-declaration-des-droits-de-lhomme-les-engagements-de-lalgerie-pleinement-respectes\/"},"author":{"name":"La Sentinelle","@id":"https:\/\/lasentinelle.dz\/#\/schema\/person\/d865044e22e70a75174ce8bcad3acfb3"},"headline":"73e anniversaire de la D\u00e9claration des droits de l&rsquo;Homme : Les engagements de l\u2019Alg\u00e9rie pleinement respect\u00e9s","datePublished":"2021-12-21T23:05:00+00:00","mainEntityOfPage":{"@id":"https:\/\/lasentinelle.dz\/index.php\/2021\/12\/22\/73e-anniversaire-de-la-declaration-des-droits-de-lhomme-les-engagements-de-lalgerie-pleinement-respectes\/"},"wordCount":625,"commentCount":0,"publisher":{"@id":"https:\/\/lasentinelle.dz\/#organization"},"image":{"@id":"https:\/\/lasentinelle.dz\/index.php\/2021\/12\/22\/73e-anniversaire-de-la-declaration-des-droits-de-lhomme-les-engagements-de-lalgerie-pleinement-respectes\/#primaryimage"},"thumbnailUrl":"https:\/\/lasentinelle.dz\/wp-content\/uploads\/2021\/12\/rachid-tabi.png","articleSection":["\u00c0 la Une","Actualit\u00e9"],"inLanguage":"fr-FR","potentialAction":[{"@type":"CommentAction","name":"Comment","target":["https:\/\/lasentinelle.dz\/index.php\/2021\/12\/22\/73e-anniversaire-de-la-declaration-des-droits-de-lhomme-les-engagements-de-lalgerie-pleinement-respectes\/#respond"]}]},{"@type":"WebPage","@id":"https:\/\/lasentinelle.dz\/index.php\/2021\/12\/22\/73e-anniversaire-de-la-declaration-des-droits-de-lhomme-les-engagements-de-lalgerie-pleinement-respectes\/","url":"https:\/\/lasentinelle.dz\/index.php\/2021\/12\/22\/73e-anniversaire-de-la-declaration-des-droits-de-lhomme-les-engagements-de-lalgerie-pleinement-respectes\/","name":"73e anniversaire de la D\u00e9claration des droits de l'Homme : Les engagements de l\u2019Alg\u00e9rie pleinement respect\u00e9s - La Sentinelle","isPartOf":{"@id":"https:\/\/lasentinelle.dz\/#website"},"primaryImageOfPage":{"@id":"https:\/\/lasentinelle.dz\/index.php\/2021\/12\/22\/73e-anniversaire-de-la-declaration-des-droits-de-lhomme-les-engagements-de-lalgerie-pleinement-respectes\/#primaryimage"},"image":{"@id":"https:\/\/lasentinelle.dz\/index.php\/2021\/12\/22\/73e-anniversaire-de-la-declaration-des-droits-de-lhomme-les-engagements-de-lalgerie-pleinement-respectes\/#primaryimage"},"thumbnailUrl":"https:\/\/lasentinelle.dz\/wp-content\/uploads\/2021\/12\/rachid-tabi.png","datePublished":"2021-12-21T23:05:00+00:00","breadcrumb":{"@id":"https:\/\/lasentinelle.dz\/index.php\/2021\/12\/22\/73e-anniversaire-de-la-declaration-des-droits-de-lhomme-les-engagements-de-lalgerie-pleinement-respectes\/#breadcrumb"},"inLanguage":"fr-FR","potentialAction":[{"@type":"ReadAction","target":["https:\/\/lasentinelle.dz\/index.php\/2021\/12\/22\/73e-anniversaire-de-la-declaration-des-droits-de-lhomme-les-engagements-de-lalgerie-pleinement-respectes\/"]}]},{"@type":"ImageObject","inLanguage":"fr-FR","@id":"https:\/\/lasentinelle.dz\/index.php\/2021\/12\/22\/73e-anniversaire-de-la-declaration-des-droits-de-lhomme-les-engagements-de-lalgerie-pleinement-respectes\/#primaryimage","url":"https:\/\/lasentinelle.dz\/wp-content\/uploads\/2021\/12\/rachid-tabi.png","contentUrl":"https:\/\/lasentinelle.dz\/wp-content\/uploads\/2021\/12\/rachid-tabi.png","width":1427,"height":900},{"@type":"BreadcrumbList","@id":"https:\/\/lasentinelle.dz\/index.php\/2021\/12\/22\/73e-anniversaire-de-la-declaration-des-droits-de-lhomme-les-engagements-de-lalgerie-pleinement-respectes\/#breadcrumb","itemListElement":[{"@type":"ListItem","position":1,"name":"Accueil","item":"https:\/\/lasentinelle.dz\/"},{"@type":"ListItem","position":2,"name":"73e anniversaire de la D\u00e9claration des droits de l&rsquo;Homme : Les engagements de l\u2019Alg\u00e9rie pleinement respect\u00e9s"}]},{"@type":"WebSite","@id":"https:\/\/lasentinelle.dz\/#website","url":"https:\/\/lasentinelle.dz\/","name":"La Sentinelle","description":"Quotidien national d&#039;information","publisher":{"@id":"https:\/\/lasentinelle.dz\/#organization"},"potentialAction":[{"@type":"SearchAction","target":{"@type":"EntryPoint","urlTemplate":"https:\/\/lasentinelle.dz\/?s={search_term_string}"},"query-input":{"@type":"PropertyValueSpecification","valueRequired":true,"valueName":"search_term_string"}}],"inLanguage":"fr-FR"},{"@type":"Organization","@id":"https:\/\/lasentinelle.dz\/#organization","name":"Quotidien La Sentinelle","url":"https:\/\/lasentinelle.dz\/","logo":{"@type":"ImageObject","inLanguage":"fr-FR","@id":"https:\/\/lasentinelle.dz\/#\/schema\/logo\/image\/","url":"https:\/\/lasentinelle.dz\/wp-content\/uploads\/2021\/09\/logo-sentinelleSLOGAN-1.png","contentUrl":"https:\/\/lasentinelle.dz\/wp-content\/uploads\/2021\/09\/logo-sentinelleSLOGAN-1.png","width":615,"height":142,"caption":"Quotidien La Sentinelle"},"image":{"@id":"https:\/\/lasentinelle.dz\/#\/schema\/logo\/image\/"},"sameAs":["https:\/\/www.facebook.com\/La-Sentinelle-104059864394773"]},{"@type":"Person","@id":"https:\/\/lasentinelle.dz\/#\/schema\/person\/d865044e22e70a75174ce8bcad3acfb3","name":"La Sentinelle","image":{"@type":"ImageObject","inLanguage":"fr-FR","@id":"https:\/\/secure.gravatar.com\/avatar\/57de8e5d4b15d43fb361a71fbb36338450fe67865b528a43dd10ef7c51a20392?s=96&d=mm&r=g","url":"https:\/\/secure.gravatar.com\/avatar\/57de8e5d4b15d43fb361a71fbb36338450fe67865b528a43dd10ef7c51a20392?s=96&d=mm&r=g","contentUrl":"https:\/\/secure.gravatar.com\/avatar\/57de8e5d4b15d43fb361a71fbb36338450fe67865b528a43dd10ef7c51a20392?s=96&d=mm&r=g","caption":"La Sentinelle"},"sameAs":["http:\/\/www.lasentinelle.dz"],"url":"https:\/\/lasentinelle.dz\/author\/redaction\/"}]}},"_links":{"self":[{"href":"https:\/\/lasentinelle.dz\/index.php\/wp-json\/wp\/v2\/posts\/15427","targetHints":{"allow":["GET"]}}],"collection":[{"href":"https:\/\/lasentinelle.dz\/index.php\/wp-json\/wp\/v2\/posts"}],"about":[{"href":"https:\/\/lasentinelle.dz\/index.php\/wp-json\/wp\/v2\/types\/post"}],"author":[{"embeddable":true,"href":"https:\/\/lasentinelle.dz\/index.php\/wp-json\/wp\/v2\/users\/3"}],"replies":[{"embeddable":true,"href":"https:\/\/lasentinelle.dz\/index.php\/wp-json\/wp\/v2\/comments?post=15427"}],"version-history":[{"count":1,"href":"https:\/\/lasentinelle.dz\/index.php\/wp-json\/wp\/v2\/posts\/15427\/revisions"}],"predecessor-version":[{"id":15430,"href":"https:\/\/lasentinelle.dz\/index.php\/wp-json\/wp\/v2\/posts\/15427\/revisions\/15430"}],"wp:featuredmedia":[{"embeddable":true,"href":"https:\/\/lasentinelle.dz\/index.php\/wp-json\/wp\/v2\/media\/15429"}],"wp:attachment":[{"href":"https:\/\/lasentinelle.dz\/index.php\/wp-json\/wp\/v2\/media?parent=15427"}],"wp:term":[{"taxonomy":"category","embeddable":true,"href":"https:\/\/lasentinelle.dz\/index.php\/wp-json\/wp\/v2\/categories?post=15427"},{"taxonomy":"post_tag","embeddable":true,"href":"https:\/\/lasentinelle.dz\/index.php\/wp-json\/wp\/v2\/tags?post=15427"}],"curies":[{"name":"wp","href":"https:\/\/api.w.org\/{rel}","templated":true}]}}