{"id":15468,"date":"2021-12-23T00:05:00","date_gmt":"2021-12-22T23:05:00","guid":{"rendered":"https:\/\/lasentinelle.dz\/?p=15468"},"modified":"2021-12-22T20:52:28","modified_gmt":"2021-12-22T19:52:28","slug":"coronavirus-aucun-nouveaue-cas-du-variant-omicron-na-ete-detecte-en-algerie","status":"publish","type":"post","link":"https:\/\/lasentinelle.dz\/index.php\/2021\/12\/23\/coronavirus-aucun-nouveaue-cas-du-variant-omicron-na-ete-detecte-en-algerie\/","title":{"rendered":"Coronavirus : Aucun nouveaue cas du variant Omicron n&rsquo;a \u00e9t\u00e9 d\u00e9tect\u00e9 en Alg\u00e9rie"},"content":{"rendered":"\n<p>Dans une d\u00e9claration \u00e0 l&rsquo;APS, le&nbsp;Directeur g\u00e9n\u00e9ral de l&rsquo;Institut Pasteur d&rsquo;Alg\u00e9rie, Pr Fawzi Derrar a assur\u00e9 qu&rsquo;&nbsp;\u00ab&nbsp;aucun autre cas de contamination au variant sud-africain Omicron, n\u2019a \u00e9t\u00e9 enregistr\u00e9 en Alg\u00e9rie,&nbsp;depuis la d\u00e9tection, \u00e0 la mi-d\u00e9cembre, du premier cas&nbsp;\u00bb.&nbsp;Se faisant plus pr\u00e9cis et plus explicite, Pr Derrar a fait savoir que l&rsquo;Institut Pasteur est en veille contre ce variant. Il&nbsp;n&rsquo;a pas manqu\u00e9 d&rsquo;expliquer que ce variant qui se propage tr\u00e8s rapidement parvient \u00e0 la m\u00eame vitesse aux cellules respiratoires mais sans atteindre les cellules pulmonaires. Ce qui laisse dire, ajoute-t-il, qu&rsquo;il n&rsquo;est pas plus dangereux que le variant Delta avec toutefois la n\u00e9cessit\u00e9 de prendre en compte la nature de cette transmission d&rsquo;une personne \u00e0 une autre.<\/p>\n\n\n\n<p>Ces caract\u00e9ristiques font ainsi dire au&nbsp;Directeur g\u00e9n\u00e9ral de l&rsquo;Institut&nbsp;Pasteur&nbsp;d\u2019Alg\u00e9rie&nbsp;&nbsp;que les mesures barri\u00e8res et les protocoles&nbsp;sanitaires&nbsp;ainsi que la vaccination doivent \u00eatre imp\u00e9rieusement&nbsp;mis&nbsp;en vigueur. Ainsi, avec la baisse de l&rsquo;efficacit\u00e9 des deux premi\u00e8res doses apr\u00e8s l&rsquo;\u00e9coulement de six mois de leur prise, pr\u00e9conise Pr Derrar, il est n\u00e9cessaire de prendre la troisi\u00e8me dose afin de se pr\u00e9munir de ce variant nouveau en attendant d&rsquo;autres donn\u00e9es et d&rsquo;autres \u00e9tudes qui confirmeront ou infirmeront la n\u00e9cessit\u00e9 de prendre des doses suppl\u00e9mentaires.&nbsp;<\/p>\n\n\n\n<p>Par ailleurs, \u00e9voquant les capacit\u00e9s&nbsp;de l&rsquo;Institut Pasteur&nbsp;d\u2019Alg\u00e9rie,&nbsp;notamment dans cette conjoncture difficiles marqu\u00e9e par l&rsquo;\u00e9mergence de cette pand\u00e9mie depuis deux ann\u00e9es, le&nbsp;Pr. Derrar&nbsp;a soulign\u00e9 que son organisme a pu se doter d&rsquo;un r\u00e9seau de laboratoires&nbsp;estim\u00e9 \u00e0 quelques&nbsp;&nbsp;133&nbsp;&nbsp;laboratoires qui ont re\u00e7u l&rsquo;aval de la direction d&rsquo;activer. Un nombre, assure-il, qui permet de faire face \u00e0 n&rsquo;importe quelle situation aussi urgente et difficile soit-elle. Toujours \u00e0 ce chapitre, Pr Derrar a fait savoir que d&rsquo;autres laboratoires sont disponibles au niveau des structures hospitali\u00e8res notamment dans les wilayas d&rsquo;Illizi et d&rsquo;Oum El Bouaghi. Des \u00e9quipes de l&rsquo;Institut se&nbsp;rendront sur les lieux pour l&rsquo;examen, \u00e0 la demande de ces h\u00f4pitaux, a-t-il ajout\u00e9.<\/p>\n\n\n\n<p>Abordant le volet du d\u00e9pistage du Coronavirus, le&nbsp;Directeur&nbsp;g\u00e9n\u00e9ral&nbsp;de&nbsp;l\u2019IPA&nbsp;a estim\u00e9 que ce nombre important de laboratoires dont ceux relevant du secteur priv\u00e9 suffisent \u00e0 assurer les op\u00e9rations de d\u00e9pistage du nouveau variant. Une technique qui vient s&rsquo;ajouter&nbsp;\u00e0&nbsp;celle des d\u00e9pistages par PCR que les laboratoires alg\u00e9riens ma\u00eetrisent d\u00e9sormais en attendant les d\u00e9pistages via les s\u00e9quen\u00e7ages qui est la technique de l&rsquo;avenir. Cette technique, pr\u00e9cise-t-il, n\u00e9cessite toutefois des moyens colossaux&nbsp;et des \u00e9quipement d&rsquo;une grande pr\u00e9cision et une formation de pointe.&nbsp;Enfin, il est \u00e0 noter que les citoyens renouent de plus en plus avec les mesure barri\u00e8res telles que les masques de protection ainsi que la distanciation sociale. Mais, du c\u00f4t\u00e9 de la vaccination, il est encore constat\u00e9 que l&rsquo;enthousiasme n&rsquo;est pas au rendez-vous m\u00eame au sein de la famille m\u00e9dicale qui devrait donner l&rsquo;exemple.&nbsp;<\/p>\n\n\n\n<p><strong>Kamel Nait Ameur<\/strong><\/p>\n","protected":false},"excerpt":{"rendered":"<p>Dans une d\u00e9claration \u00e0 l&rsquo;APS, le&nbsp;Directeur g\u00e9n\u00e9ral de l&rsquo;Institut Pasteur d&rsquo;Alg\u00e9rie, Pr Fawzi Derrar a assur\u00e9 qu&rsquo;&nbsp;\u00ab&nbsp;aucun autre cas de<\/p>\n","protected":false},"author":3,"featured_media":3745,"comment_status":"open","ping_status":"closed","sticky":false,"template":"","format":"standard","meta":{"colormag_page_container_layout":"default_layout","colormag_page_sidebar_layout":"default_layout","om_disable_all_campaigns":false,"_monsterinsights_skip_tracking":false,"_monsterinsights_sitenote_active":false,"_monsterinsights_sitenote_note":"","_monsterinsights_sitenote_category":0,"footnotes":"","_wpscppro_dont_share_socialmedia":false,"_wpscppro_custom_social_share_image":0,"_facebook_share_type":"","_twitter_share_type":"","_linkedin_share_type":"","_pinterest_share_type":"","_linkedin_share_type_page":"","_instagram_share_type":"","_medium_share_type":"","_threads_share_type":"","_google_business_share_type":"","_selected_social_profile":[],"_wpsp_enable_custom_social_template":false,"_wpsp_social_scheduling":{"enabled":false,"datetime":null,"platforms":[],"status":"template_only","dateOption":"today","timeOption":"now","customDays":"","customHours":"","customDate":"","customTime":"","schedulingType":"absolute"},"_wpsp_active_default_template":true},"categories":[52,27],"tags":[],"class_list":["post-15468","post","type-post","status-publish","format-standard","has-post-thumbnail","hentry","category-a-la-une","category-actualite"],"aioseo_notices":[],"yoast_head":"<!-- This site is optimized with the Yoast SEO plugin v27.5 - https:\/\/yoast.com\/product\/yoast-seo-wordpress\/ -->\n<title>Coronavirus : Aucun nouveaue cas du variant Omicron n&#039;a \u00e9t\u00e9 d\u00e9tect\u00e9 en Alg\u00e9rie - La Sentinelle<\/title>\n<meta name=\"robots\" content=\"index, follow, max-snippet:-1, max-image-preview:large, max-video-preview:-1\" \/>\n<link rel=\"canonical\" href=\"https:\/\/lasentinelle.dz\/index.php\/2021\/12\/23\/coronavirus-aucun-nouveaue-cas-du-variant-omicron-na-ete-detecte-en-algerie\/\" \/>\n<meta property=\"og:locale\" content=\"fr_FR\" \/>\n<meta property=\"og:type\" content=\"article\" \/>\n<meta property=\"og:title\" content=\"Coronavirus : Aucun nouveaue cas du variant Omicron n&#039;a \u00e9t\u00e9 d\u00e9tect\u00e9 en Alg\u00e9rie - La Sentinelle\" \/>\n<meta property=\"og:description\" content=\"Dans une d\u00e9claration \u00e0 l&rsquo;APS, le&nbsp;Directeur g\u00e9n\u00e9ral de l&rsquo;Institut Pasteur d&rsquo;Alg\u00e9rie, Pr Fawzi Derrar a assur\u00e9 qu&rsquo;&nbsp;\u00ab&nbsp;aucun autre cas de\" \/>\n<meta property=\"og:url\" content=\"https:\/\/lasentinelle.dz\/index.php\/2021\/12\/23\/coronavirus-aucun-nouveaue-cas-du-variant-omicron-na-ete-detecte-en-algerie\/\" \/>\n<meta property=\"og:site_name\" content=\"La Sentinelle\" \/>\n<meta property=\"article:publisher\" content=\"https:\/\/www.facebook.com\/La-Sentinelle-104059864394773\" \/>\n<meta property=\"article:published_time\" content=\"2021-12-22T23:05:00+00:00\" \/>\n<meta property=\"og:image\" content=\"https:\/\/lasentinelle.dz\/wp-content\/uploads\/2021\/08\/covid.png\" \/>\n\t<meta property=\"og:image:width\" content=\"1349\" \/>\n\t<meta property=\"og:image:height\" content=\"900\" \/>\n\t<meta property=\"og:image:type\" content=\"image\/png\" \/>\n<meta name=\"author\" content=\"La Sentinelle\" \/>\n<meta name=\"twitter:card\" content=\"summary_large_image\" \/>\n<meta name=\"twitter:label1\" content=\"\u00c9crit par\" \/>\n\t<meta name=\"twitter:data1\" content=\"La Sentinelle\" \/>\n\t<meta name=\"twitter:label2\" content=\"Dur\u00e9e de lecture estim\u00e9e\" \/>\n\t<meta name=\"twitter:data2\" content=\"2 minutes\" \/>\n<script type=\"application\/ld+json\" class=\"yoast-schema-graph\">{\"@context\":\"https:\\\/\\\/schema.org\",\"@graph\":[{\"@type\":\"Article\",\"@id\":\"https:\\\/\\\/lasentinelle.dz\\\/index.php\\\/2021\\\/12\\\/23\\\/coronavirus-aucun-nouveaue-cas-du-variant-omicron-na-ete-detecte-en-algerie\\\/#article\",\"isPartOf\":{\"@id\":\"https:\\\/\\\/lasentinelle.dz\\\/index.php\\\/2021\\\/12\\\/23\\\/coronavirus-aucun-nouveaue-cas-du-variant-omicron-na-ete-detecte-en-algerie\\\/\"},\"author\":{\"name\":\"La Sentinelle\",\"@id\":\"https:\\\/\\\/lasentinelle.dz\\\/#\\\/schema\\\/person\\\/d865044e22e70a75174ce8bcad3acfb3\"},\"headline\":\"Coronavirus : Aucun nouveaue cas du variant Omicron n&rsquo;a \u00e9t\u00e9 d\u00e9tect\u00e9 en Alg\u00e9rie\",\"datePublished\":\"2021-12-22T23:05:00+00:00\",\"mainEntityOfPage\":{\"@id\":\"https:\\\/\\\/lasentinelle.dz\\\/index.php\\\/2021\\\/12\\\/23\\\/coronavirus-aucun-nouveaue-cas-du-variant-omicron-na-ete-detecte-en-algerie\\\/\"},\"wordCount\":595,\"commentCount\":0,\"publisher\":{\"@id\":\"https:\\\/\\\/lasentinelle.dz\\\/#organization\"},\"image\":{\"@id\":\"https:\\\/\\\/lasentinelle.dz\\\/index.php\\\/2021\\\/12\\\/23\\\/coronavirus-aucun-nouveaue-cas-du-variant-omicron-na-ete-detecte-en-algerie\\\/#primaryimage\"},\"thumbnailUrl\":\"https:\\\/\\\/lasentinelle.dz\\\/wp-content\\\/uploads\\\/2021\\\/08\\\/covid.png\",\"articleSection\":[\"\u00c0 la Une\",\"Actualit\u00e9\"],\"inLanguage\":\"fr-FR\",\"potentialAction\":[{\"@type\":\"CommentAction\",\"name\":\"Comment\",\"target\":[\"https:\\\/\\\/lasentinelle.dz\\\/index.php\\\/2021\\\/12\\\/23\\\/coronavirus-aucun-nouveaue-cas-du-variant-omicron-na-ete-detecte-en-algerie\\\/#respond\"]}]},{\"@type\":\"WebPage\",\"@id\":\"https:\\\/\\\/lasentinelle.dz\\\/index.php\\\/2021\\\/12\\\/23\\\/coronavirus-aucun-nouveaue-cas-du-variant-omicron-na-ete-detecte-en-algerie\\\/\",\"url\":\"https:\\\/\\\/lasentinelle.dz\\\/index.php\\\/2021\\\/12\\\/23\\\/coronavirus-aucun-nouveaue-cas-du-variant-omicron-na-ete-detecte-en-algerie\\\/\",\"name\":\"Coronavirus : Aucun nouveaue cas du variant Omicron n'a \u00e9t\u00e9 d\u00e9tect\u00e9 en Alg\u00e9rie - La Sentinelle\",\"isPartOf\":{\"@id\":\"https:\\\/\\\/lasentinelle.dz\\\/#website\"},\"primaryImageOfPage\":{\"@id\":\"https:\\\/\\\/lasentinelle.dz\\\/index.php\\\/2021\\\/12\\\/23\\\/coronavirus-aucun-nouveaue-cas-du-variant-omicron-na-ete-detecte-en-algerie\\\/#primaryimage\"},\"image\":{\"@id\":\"https:\\\/\\\/lasentinelle.dz\\\/index.php\\\/2021\\\/12\\\/23\\\/coronavirus-aucun-nouveaue-cas-du-variant-omicron-na-ete-detecte-en-algerie\\\/#primaryimage\"},\"thumbnailUrl\":\"https:\\\/\\\/lasentinelle.dz\\\/wp-content\\\/uploads\\\/2021\\\/08\\\/covid.png\",\"datePublished\":\"2021-12-22T23:05:00+00:00\",\"breadcrumb\":{\"@id\":\"https:\\\/\\\/lasentinelle.dz\\\/index.php\\\/2021\\\/12\\\/23\\\/coronavirus-aucun-nouveaue-cas-du-variant-omicron-na-ete-detecte-en-algerie\\\/#breadcrumb\"},\"inLanguage\":\"fr-FR\",\"potentialAction\":[{\"@type\":\"ReadAction\",\"target\":[\"https:\\\/\\\/lasentinelle.dz\\\/index.php\\\/2021\\\/12\\\/23\\\/coronavirus-aucun-nouveaue-cas-du-variant-omicron-na-ete-detecte-en-algerie\\\/\"]}]},{\"@type\":\"ImageObject\",\"inLanguage\":\"fr-FR\",\"@id\":\"https:\\\/\\\/lasentinelle.dz\\\/index.php\\\/2021\\\/12\\\/23\\\/coronavirus-aucun-nouveaue-cas-du-variant-omicron-na-ete-detecte-en-algerie\\\/#primaryimage\",\"url\":\"https:\\\/\\\/lasentinelle.dz\\\/wp-content\\\/uploads\\\/2021\\\/08\\\/covid.png\",\"contentUrl\":\"https:\\\/\\\/lasentinelle.dz\\\/wp-content\\\/uploads\\\/2021\\\/08\\\/covid.png\",\"width\":1349,\"height\":900},{\"@type\":\"BreadcrumbList\",\"@id\":\"https:\\\/\\\/lasentinelle.dz\\\/index.php\\\/2021\\\/12\\\/23\\\/coronavirus-aucun-nouveaue-cas-du-variant-omicron-na-ete-detecte-en-algerie\\\/#breadcrumb\",\"itemListElement\":[{\"@type\":\"ListItem\",\"position\":1,\"name\":\"Accueil\",\"item\":\"https:\\\/\\\/lasentinelle.dz\\\/\"},{\"@type\":\"ListItem\",\"position\":2,\"name\":\"Coronavirus : Aucun nouveaue cas du variant Omicron n&rsquo;a \u00e9t\u00e9 d\u00e9tect\u00e9 en Alg\u00e9rie\"}]},{\"@type\":\"WebSite\",\"@id\":\"https:\\\/\\\/lasentinelle.dz\\\/#website\",\"url\":\"https:\\\/\\\/lasentinelle.dz\\\/\",\"name\":\"La Sentinelle\",\"description\":\"Quotidien national d&#039;information\",\"publisher\":{\"@id\":\"https:\\\/\\\/lasentinelle.dz\\\/#organization\"},\"potentialAction\":[{\"@type\":\"SearchAction\",\"target\":{\"@type\":\"EntryPoint\",\"urlTemplate\":\"https:\\\/\\\/lasentinelle.dz\\\/?s={search_term_string}\"},\"query-input\":{\"@type\":\"PropertyValueSpecification\",\"valueRequired\":true,\"valueName\":\"search_term_string\"}}],\"inLanguage\":\"fr-FR\"},{\"@type\":\"Organization\",\"@id\":\"https:\\\/\\\/lasentinelle.dz\\\/#organization\",\"name\":\"Quotidien La Sentinelle\",\"url\":\"https:\\\/\\\/lasentinelle.dz\\\/\",\"logo\":{\"@type\":\"ImageObject\",\"inLanguage\":\"fr-FR\",\"@id\":\"https:\\\/\\\/lasentinelle.dz\\\/#\\\/schema\\\/logo\\\/image\\\/\",\"url\":\"https:\\\/\\\/lasentinelle.dz\\\/wp-content\\\/uploads\\\/2021\\\/09\\\/logo-sentinelleSLOGAN-1.png\",\"contentUrl\":\"https:\\\/\\\/lasentinelle.dz\\\/wp-content\\\/uploads\\\/2021\\\/09\\\/logo-sentinelleSLOGAN-1.png\",\"width\":615,\"height\":142,\"caption\":\"Quotidien La Sentinelle\"},\"image\":{\"@id\":\"https:\\\/\\\/lasentinelle.dz\\\/#\\\/schema\\\/logo\\\/image\\\/\"},\"sameAs\":[\"https:\\\/\\\/www.facebook.com\\\/La-Sentinelle-104059864394773\"]},{\"@type\":\"Person\",\"@id\":\"https:\\\/\\\/lasentinelle.dz\\\/#\\\/schema\\\/person\\\/d865044e22e70a75174ce8bcad3acfb3\",\"name\":\"La Sentinelle\",\"image\":{\"@type\":\"ImageObject\",\"inLanguage\":\"fr-FR\",\"@id\":\"https:\\\/\\\/secure.gravatar.com\\\/avatar\\\/57de8e5d4b15d43fb361a71fbb36338450fe67865b528a43dd10ef7c51a20392?s=96&d=mm&r=g\",\"url\":\"https:\\\/\\\/secure.gravatar.com\\\/avatar\\\/57de8e5d4b15d43fb361a71fbb36338450fe67865b528a43dd10ef7c51a20392?s=96&d=mm&r=g\",\"contentUrl\":\"https:\\\/\\\/secure.gravatar.com\\\/avatar\\\/57de8e5d4b15d43fb361a71fbb36338450fe67865b528a43dd10ef7c51a20392?s=96&d=mm&r=g\",\"caption\":\"La Sentinelle\"},\"sameAs\":[\"http:\\\/\\\/www.lasentinelle.dz\"],\"url\":\"https:\\\/\\\/lasentinelle.dz\\\/author\\\/redaction\\\/\"}]}<\/script>\n<!-- \/ Yoast SEO plugin. -->","yoast_head_json":{"title":"Coronavirus : Aucun nouveaue cas du variant Omicron n'a \u00e9t\u00e9 d\u00e9tect\u00e9 en Alg\u00e9rie - La Sentinelle","robots":{"index":"index","follow":"follow","max-snippet":"max-snippet:-1","max-image-preview":"max-image-preview:large","max-video-preview":"max-video-preview:-1"},"canonical":"https:\/\/lasentinelle.dz\/index.php\/2021\/12\/23\/coronavirus-aucun-nouveaue-cas-du-variant-omicron-na-ete-detecte-en-algerie\/","og_locale":"fr_FR","og_type":"article","og_title":"Coronavirus : Aucun nouveaue cas du variant Omicron n'a \u00e9t\u00e9 d\u00e9tect\u00e9 en Alg\u00e9rie - La Sentinelle","og_description":"Dans une d\u00e9claration \u00e0 l&rsquo;APS, le&nbsp;Directeur g\u00e9n\u00e9ral de l&rsquo;Institut Pasteur d&rsquo;Alg\u00e9rie, Pr Fawzi Derrar a assur\u00e9 qu&rsquo;&nbsp;\u00ab&nbsp;aucun autre cas de","og_url":"https:\/\/lasentinelle.dz\/index.php\/2021\/12\/23\/coronavirus-aucun-nouveaue-cas-du-variant-omicron-na-ete-detecte-en-algerie\/","og_site_name":"La Sentinelle","article_publisher":"https:\/\/www.facebook.com\/La-Sentinelle-104059864394773","article_published_time":"2021-12-22T23:05:00+00:00","og_image":[{"width":1349,"height":900,"url":"https:\/\/lasentinelle.dz\/wp-content\/uploads\/2021\/08\/covid.png","type":"image\/png"}],"author":"La Sentinelle","twitter_card":"summary_large_image","twitter_misc":{"\u00c9crit par":"La Sentinelle","Dur\u00e9e de lecture estim\u00e9e":"2 minutes"},"schema":{"@context":"https:\/\/schema.org","@graph":[{"@type":"Article","@id":"https:\/\/lasentinelle.dz\/index.php\/2021\/12\/23\/coronavirus-aucun-nouveaue-cas-du-variant-omicron-na-ete-detecte-en-algerie\/#article","isPartOf":{"@id":"https:\/\/lasentinelle.dz\/index.php\/2021\/12\/23\/coronavirus-aucun-nouveaue-cas-du-variant-omicron-na-ete-detecte-en-algerie\/"},"author":{"name":"La Sentinelle","@id":"https:\/\/lasentinelle.dz\/#\/schema\/person\/d865044e22e70a75174ce8bcad3acfb3"},"headline":"Coronavirus : Aucun nouveaue cas du variant Omicron n&rsquo;a \u00e9t\u00e9 d\u00e9tect\u00e9 en Alg\u00e9rie","datePublished":"2021-12-22T23:05:00+00:00","mainEntityOfPage":{"@id":"https:\/\/lasentinelle.dz\/index.php\/2021\/12\/23\/coronavirus-aucun-nouveaue-cas-du-variant-omicron-na-ete-detecte-en-algerie\/"},"wordCount":595,"commentCount":0,"publisher":{"@id":"https:\/\/lasentinelle.dz\/#organization"},"image":{"@id":"https:\/\/lasentinelle.dz\/index.php\/2021\/12\/23\/coronavirus-aucun-nouveaue-cas-du-variant-omicron-na-ete-detecte-en-algerie\/#primaryimage"},"thumbnailUrl":"https:\/\/lasentinelle.dz\/wp-content\/uploads\/2021\/08\/covid.png","articleSection":["\u00c0 la Une","Actualit\u00e9"],"inLanguage":"fr-FR","potentialAction":[{"@type":"CommentAction","name":"Comment","target":["https:\/\/lasentinelle.dz\/index.php\/2021\/12\/23\/coronavirus-aucun-nouveaue-cas-du-variant-omicron-na-ete-detecte-en-algerie\/#respond"]}]},{"@type":"WebPage","@id":"https:\/\/lasentinelle.dz\/index.php\/2021\/12\/23\/coronavirus-aucun-nouveaue-cas-du-variant-omicron-na-ete-detecte-en-algerie\/","url":"https:\/\/lasentinelle.dz\/index.php\/2021\/12\/23\/coronavirus-aucun-nouveaue-cas-du-variant-omicron-na-ete-detecte-en-algerie\/","name":"Coronavirus : Aucun nouveaue cas du variant Omicron n'a \u00e9t\u00e9 d\u00e9tect\u00e9 en Alg\u00e9rie - La Sentinelle","isPartOf":{"@id":"https:\/\/lasentinelle.dz\/#website"},"primaryImageOfPage":{"@id":"https:\/\/lasentinelle.dz\/index.php\/2021\/12\/23\/coronavirus-aucun-nouveaue-cas-du-variant-omicron-na-ete-detecte-en-algerie\/#primaryimage"},"image":{"@id":"https:\/\/lasentinelle.dz\/index.php\/2021\/12\/23\/coronavirus-aucun-nouveaue-cas-du-variant-omicron-na-ete-detecte-en-algerie\/#primaryimage"},"thumbnailUrl":"https:\/\/lasentinelle.dz\/wp-content\/uploads\/2021\/08\/covid.png","datePublished":"2021-12-22T23:05:00+00:00","breadcrumb":{"@id":"https:\/\/lasentinelle.dz\/index.php\/2021\/12\/23\/coronavirus-aucun-nouveaue-cas-du-variant-omicron-na-ete-detecte-en-algerie\/#breadcrumb"},"inLanguage":"fr-FR","potentialAction":[{"@type":"ReadAction","target":["https:\/\/lasentinelle.dz\/index.php\/2021\/12\/23\/coronavirus-aucun-nouveaue-cas-du-variant-omicron-na-ete-detecte-en-algerie\/"]}]},{"@type":"ImageObject","inLanguage":"fr-FR","@id":"https:\/\/lasentinelle.dz\/index.php\/2021\/12\/23\/coronavirus-aucun-nouveaue-cas-du-variant-omicron-na-ete-detecte-en-algerie\/#primaryimage","url":"https:\/\/lasentinelle.dz\/wp-content\/uploads\/2021\/08\/covid.png","contentUrl":"https:\/\/lasentinelle.dz\/wp-content\/uploads\/2021\/08\/covid.png","width":1349,"height":900},{"@type":"BreadcrumbList","@id":"https:\/\/lasentinelle.dz\/index.php\/2021\/12\/23\/coronavirus-aucun-nouveaue-cas-du-variant-omicron-na-ete-detecte-en-algerie\/#breadcrumb","itemListElement":[{"@type":"ListItem","position":1,"name":"Accueil","item":"https:\/\/lasentinelle.dz\/"},{"@type":"ListItem","position":2,"name":"Coronavirus : Aucun nouveaue cas du variant Omicron n&rsquo;a \u00e9t\u00e9 d\u00e9tect\u00e9 en Alg\u00e9rie"}]},{"@type":"WebSite","@id":"https:\/\/lasentinelle.dz\/#website","url":"https:\/\/lasentinelle.dz\/","name":"La Sentinelle","description":"Quotidien national d&#039;information","publisher":{"@id":"https:\/\/lasentinelle.dz\/#organization"},"potentialAction":[{"@type":"SearchAction","target":{"@type":"EntryPoint","urlTemplate":"https:\/\/lasentinelle.dz\/?s={search_term_string}"},"query-input":{"@type":"PropertyValueSpecification","valueRequired":true,"valueName":"search_term_string"}}],"inLanguage":"fr-FR"},{"@type":"Organization","@id":"https:\/\/lasentinelle.dz\/#organization","name":"Quotidien La Sentinelle","url":"https:\/\/lasentinelle.dz\/","logo":{"@type":"ImageObject","inLanguage":"fr-FR","@id":"https:\/\/lasentinelle.dz\/#\/schema\/logo\/image\/","url":"https:\/\/lasentinelle.dz\/wp-content\/uploads\/2021\/09\/logo-sentinelleSLOGAN-1.png","contentUrl":"https:\/\/lasentinelle.dz\/wp-content\/uploads\/2021\/09\/logo-sentinelleSLOGAN-1.png","width":615,"height":142,"caption":"Quotidien La Sentinelle"},"image":{"@id":"https:\/\/lasentinelle.dz\/#\/schema\/logo\/image\/"},"sameAs":["https:\/\/www.facebook.com\/La-Sentinelle-104059864394773"]},{"@type":"Person","@id":"https:\/\/lasentinelle.dz\/#\/schema\/person\/d865044e22e70a75174ce8bcad3acfb3","name":"La Sentinelle","image":{"@type":"ImageObject","inLanguage":"fr-FR","@id":"https:\/\/secure.gravatar.com\/avatar\/57de8e5d4b15d43fb361a71fbb36338450fe67865b528a43dd10ef7c51a20392?s=96&d=mm&r=g","url":"https:\/\/secure.gravatar.com\/avatar\/57de8e5d4b15d43fb361a71fbb36338450fe67865b528a43dd10ef7c51a20392?s=96&d=mm&r=g","contentUrl":"https:\/\/secure.gravatar.com\/avatar\/57de8e5d4b15d43fb361a71fbb36338450fe67865b528a43dd10ef7c51a20392?s=96&d=mm&r=g","caption":"La Sentinelle"},"sameAs":["http:\/\/www.lasentinelle.dz"],"url":"https:\/\/lasentinelle.dz\/author\/redaction\/"}]}},"_links":{"self":[{"href":"https:\/\/lasentinelle.dz\/index.php\/wp-json\/wp\/v2\/posts\/15468","targetHints":{"allow":["GET"]}}],"collection":[{"href":"https:\/\/lasentinelle.dz\/index.php\/wp-json\/wp\/v2\/posts"}],"about":[{"href":"https:\/\/lasentinelle.dz\/index.php\/wp-json\/wp\/v2\/types\/post"}],"author":[{"embeddable":true,"href":"https:\/\/lasentinelle.dz\/index.php\/wp-json\/wp\/v2\/users\/3"}],"replies":[{"embeddable":true,"href":"https:\/\/lasentinelle.dz\/index.php\/wp-json\/wp\/v2\/comments?post=15468"}],"version-history":[{"count":1,"href":"https:\/\/lasentinelle.dz\/index.php\/wp-json\/wp\/v2\/posts\/15468\/revisions"}],"predecessor-version":[{"id":15470,"href":"https:\/\/lasentinelle.dz\/index.php\/wp-json\/wp\/v2\/posts\/15468\/revisions\/15470"}],"wp:featuredmedia":[{"embeddable":true,"href":"https:\/\/lasentinelle.dz\/index.php\/wp-json\/wp\/v2\/media\/3745"}],"wp:attachment":[{"href":"https:\/\/lasentinelle.dz\/index.php\/wp-json\/wp\/v2\/media?parent=15468"}],"wp:term":[{"taxonomy":"category","embeddable":true,"href":"https:\/\/lasentinelle.dz\/index.php\/wp-json\/wp\/v2\/categories?post=15468"},{"taxonomy":"post_tag","embeddable":true,"href":"https:\/\/lasentinelle.dz\/index.php\/wp-json\/wp\/v2\/tags?post=15468"}],"curies":[{"name":"wp","href":"https:\/\/api.w.org\/{rel}","templated":true}]}}