{"id":15501,"date":"2021-12-25T00:05:00","date_gmt":"2021-12-24T23:05:00","guid":{"rendered":"https:\/\/lasentinelle.dz\/?p=15501"},"modified":"2021-12-24T23:58:38","modified_gmt":"2021-12-24T22:58:38","slug":"la-gestion-des-marches-publics-digitalisee-les-deniers-publics-sous-surveillance","status":"publish","type":"post","link":"https:\/\/lasentinelle.dz\/index.php\/2021\/12\/25\/la-gestion-des-marches-publics-digitalisee-les-deniers-publics-sous-surveillance\/","title":{"rendered":"La gestion des march\u00e9s publics digitalis\u00e9e : Les deniers publics sous surveillance"},"content":{"rendered":"\n<p>Un portail \u00e9lectronique des march\u00e9s publics a \u00e9t\u00e9 lanc\u00e9 jeudi, dans l\u2019objectif d\u2019asseoir la transparence dans la gestion des march\u00e9s publics et renforcer le contr\u00f4le sur les process de passation. Une d\u00e9marche qui constitue un axe majeur de la politique de rationalisation des d\u00e9penses publiques et de lutte contre la corruption, d\u2019autant que la commande publique constitue l\u2019un des canaux majeurs d\u2019accaparement des deniers publics.<\/p>\n\n\n\n<p>Le Premier ministre et ministre des Finances, A\u00efmene Benabderrahmane, a indiqu\u00e9 dans ce sens que la cr\u00e9ation de cette nouvelle plateforme est un \u00ab&nbsp; pas important&nbsp;\u00bb, dans la mesure o\u00f9 elle garantit une \u00e9galit\u00e9 entre les soumissionnaires et qu\u2019elle \u00ab permettra d&rsquo;assoir plus de transparence et de contr\u00f4le&nbsp;\u00bb ainsi que de garantir un traitement \u00ab&nbsp;efficace&nbsp;\u00bb de la gestion des d\u00e9penses publiques par les principales parties concern\u00e9es. Intervenant \u00e0 l\u2019occasion de la c\u00e9r\u00e9monie de lancement du portail \u00e9lectronique, le chef de l\u2019Ex\u00e9cutif a indiqu\u00e9 jeudi que ce nouvel outil \u00ab&nbsp;permettra de lutter contre la corruption, de promouvoir la comp\u00e9titivit\u00e9, de faciliter la gestion, de r\u00e9duire les co\u00fbts et d&rsquo;am\u00e9liorer la collecte des donn\u00e9es sur les march\u00e9s publics&nbsp;\u00bb. Et d\u2019ajouter qu\u2019il est \u00e0 m\u00eame de cr\u00e9er davantage de comp\u00e9titivit\u00e9 et d&rsquo;avoir une connaissance du march\u00e9.<br>Cette transparence passe d\u2019ailleurs par une meilleure information en ce qui concerne les march\u00e9s publics et la limitation de l\u2019intervention humaine dans le process en rempla\u00e7ant les supports physiques par une transmission digitale des dossiers de soumission via le portail&nbsp;: http:\/\/marches-publics.gov.dz. Et au Premier ministre d\u2019expliquer que la plateforme \u00ab&nbsp;ambitionne de substituer progressivement les supports physiques par des dossiers \u00e9lectroniques pour des proc\u00e9dures plus efficaces et simplifier les relations entre les op\u00e9rateurs \u00e9conomiques et les services contractants&nbsp;\u00bb. Ce nouveau syst\u00e8me \u00ab&nbsp;doit \u00eatre utilis\u00e9 pour assurer la transparence et la libert\u00e9 d&rsquo;acc\u00e8s, en faveur de tous les op\u00e9rateurs \u00e9conomiques agr\u00e9\u00e9s, aux march\u00e9s publics quelle que soit leur position g\u00e9ographique&nbsp;\u00bb assure A\u00efmene Benabderrahmane avant d\u2019ajouter que \u00ab&nbsp;cela va soutenir le d\u00e9veloppement des entreprises notamment les PME&nbsp;\u00bb. Et d&rsquo;ajouter que le lancement de cette plateforme s&rsquo;inscrit dans le cadre de la num\u00e9risation de l&rsquo;administration, de la cons\u00e9cration de transparence et la lutte contre la corruption et les pots-de- vin. Apr\u00e8s avoir rappel\u00e9 l&rsquo;importance de la bonne gestion des d\u00e9penses publiques, il a fait savoir que le portail \u00e9lectronique \u00e9tait \u00e9galement destin\u00e9 au large public \u00e0 savoir, les citoyens, les \u00e9tudiants, les enseignants universitaires, les chercheurs, les acteurs de la soci\u00e9t\u00e9 civile et tous ceux qui d\u00e9sirent s&rsquo;informer et ce \u00ab&nbsp;dans le cadre de la transparence et du droit du citoyen \u00e0 connaitre l&rsquo;effort des d\u00e9penses de l&rsquo;Etat&nbsp;\u00bb.<br>\u00ab&nbsp;La conclusion de march\u00e9s publics est l&rsquo;une des activit\u00e9s les plus expos\u00e9es \u00e0 la corruption&nbsp;\u00bb, a-t-il indiqu\u00e9, ajoutant que la num\u00e9risation de ce domaine \u00ab&nbsp;est susceptible d&rsquo;op\u00e9rer une profonde r\u00e9forme sur les pratiques&nbsp;\u00bb.<br>Notons que la nouvelle plateforme offre plusieurs avantages, principalement un contr\u00f4le et un traitement \u00ab\u00a0efficace\u00a0\u00bb des d\u00e9penses publiques par les principales parties concern\u00e9es, la lutte contre la corruption, la promotion de la comp\u00e9titivit\u00e9 et la r\u00e9duction des co\u00fbts. Le portail permettra aussi de diffuser et d&rsquo;\u00e9changer en ligne les documents et les informations relatives aux march\u00e9s publics.<br>Samira Ghrib<\/p>\n","protected":false},"excerpt":{"rendered":"<p>Un portail \u00e9lectronique des march\u00e9s publics a \u00e9t\u00e9 lanc\u00e9 jeudi, dans l\u2019objectif d\u2019asseoir la transparence dans la gestion des march\u00e9s<\/p>\n","protected":false},"author":3,"featured_media":15506,"comment_status":"open","ping_status":"closed","sticky":false,"template":"","format":"standard","meta":{"colormag_page_container_layout":"default_layout","colormag_page_sidebar_layout":"default_layout","om_disable_all_campaigns":false,"_monsterinsights_skip_tracking":false,"_monsterinsights_sitenote_active":false,"_monsterinsights_sitenote_note":"","_monsterinsights_sitenote_category":0,"footnotes":"","_wpscppro_dont_share_socialmedia":false,"_wpscppro_custom_social_share_image":0,"_facebook_share_type":"","_twitter_share_type":"","_linkedin_share_type":"","_pinterest_share_type":"","_linkedin_share_type_page":"","_instagram_share_type":"","_medium_share_type":"","_threads_share_type":"","_google_business_share_type":"","_selected_social_profile":[],"_wpsp_enable_custom_social_template":false,"_wpsp_social_scheduling":{"enabled":false,"datetime":null,"platforms":[],"status":"template_only","dateOption":"today","timeOption":"now","customDays":"","customHours":"","customDate":"","customTime":"","schedulingType":"absolute"},"_wpsp_active_default_template":true},"categories":[52,29],"tags":[],"class_list":["post-15501","post","type-post","status-publish","format-standard","has-post-thumbnail","hentry","category-a-la-une","category-economie"],"aioseo_notices":[],"yoast_head":"<!-- This site is optimized with the Yoast SEO plugin v27.5 - https:\/\/yoast.com\/product\/yoast-seo-wordpress\/ -->\n<title>La gestion des march\u00e9s publics digitalis\u00e9e : Les deniers publics sous surveillance - La Sentinelle<\/title>\n<meta name=\"robots\" content=\"index, follow, max-snippet:-1, max-image-preview:large, max-video-preview:-1\" \/>\n<link rel=\"canonical\" href=\"https:\/\/lasentinelle.dz\/index.php\/2021\/12\/25\/la-gestion-des-marches-publics-digitalisee-les-deniers-publics-sous-surveillance\/\" \/>\n<meta property=\"og:locale\" content=\"fr_FR\" \/>\n<meta property=\"og:type\" content=\"article\" \/>\n<meta property=\"og:title\" content=\"La gestion des march\u00e9s publics digitalis\u00e9e : Les deniers publics sous surveillance - La Sentinelle\" \/>\n<meta property=\"og:description\" content=\"Un portail \u00e9lectronique des march\u00e9s publics a \u00e9t\u00e9 lanc\u00e9 jeudi, dans l\u2019objectif d\u2019asseoir la transparence dans la gestion des march\u00e9s\" \/>\n<meta property=\"og:url\" content=\"https:\/\/lasentinelle.dz\/index.php\/2021\/12\/25\/la-gestion-des-marches-publics-digitalisee-les-deniers-publics-sous-surveillance\/\" \/>\n<meta property=\"og:site_name\" content=\"La Sentinelle\" \/>\n<meta property=\"article:publisher\" content=\"https:\/\/www.facebook.com\/La-Sentinelle-104059864394773\" \/>\n<meta property=\"article:published_time\" content=\"2021-12-24T23:05:00+00:00\" \/>\n<meta property=\"og:image\" content=\"https:\/\/lasentinelle.dz\/wp-content\/uploads\/2021\/12\/marches.png\" \/>\n\t<meta property=\"og:image:width\" content=\"1258\" \/>\n\t<meta property=\"og:image:height\" content=\"900\" \/>\n\t<meta property=\"og:image:type\" content=\"image\/png\" \/>\n<meta name=\"author\" content=\"La Sentinelle\" \/>\n<meta name=\"twitter:card\" content=\"summary_large_image\" \/>\n<meta name=\"twitter:label1\" content=\"\u00c9crit par\" \/>\n\t<meta name=\"twitter:data1\" content=\"La Sentinelle\" \/>\n\t<meta name=\"twitter:label2\" content=\"Dur\u00e9e de lecture estim\u00e9e\" \/>\n\t<meta name=\"twitter:data2\" content=\"3 minutes\" \/>\n<script type=\"application\/ld+json\" class=\"yoast-schema-graph\">{\"@context\":\"https:\\\/\\\/schema.org\",\"@graph\":[{\"@type\":\"Article\",\"@id\":\"https:\\\/\\\/lasentinelle.dz\\\/index.php\\\/2021\\\/12\\\/25\\\/la-gestion-des-marches-publics-digitalisee-les-deniers-publics-sous-surveillance\\\/#article\",\"isPartOf\":{\"@id\":\"https:\\\/\\\/lasentinelle.dz\\\/index.php\\\/2021\\\/12\\\/25\\\/la-gestion-des-marches-publics-digitalisee-les-deniers-publics-sous-surveillance\\\/\"},\"author\":{\"name\":\"La Sentinelle\",\"@id\":\"https:\\\/\\\/lasentinelle.dz\\\/#\\\/schema\\\/person\\\/d865044e22e70a75174ce8bcad3acfb3\"},\"headline\":\"La gestion des march\u00e9s publics digitalis\u00e9e : Les deniers publics sous surveillance\",\"datePublished\":\"2021-12-24T23:05:00+00:00\",\"mainEntityOfPage\":{\"@id\":\"https:\\\/\\\/lasentinelle.dz\\\/index.php\\\/2021\\\/12\\\/25\\\/la-gestion-des-marches-publics-digitalisee-les-deniers-publics-sous-surveillance\\\/\"},\"wordCount\":625,\"commentCount\":0,\"publisher\":{\"@id\":\"https:\\\/\\\/lasentinelle.dz\\\/#organization\"},\"image\":{\"@id\":\"https:\\\/\\\/lasentinelle.dz\\\/index.php\\\/2021\\\/12\\\/25\\\/la-gestion-des-marches-publics-digitalisee-les-deniers-publics-sous-surveillance\\\/#primaryimage\"},\"thumbnailUrl\":\"https:\\\/\\\/lasentinelle.dz\\\/wp-content\\\/uploads\\\/2021\\\/12\\\/marches.png\",\"articleSection\":[\"\u00c0 la Une\",\"\u00c9conomie\"],\"inLanguage\":\"fr-FR\",\"potentialAction\":[{\"@type\":\"CommentAction\",\"name\":\"Comment\",\"target\":[\"https:\\\/\\\/lasentinelle.dz\\\/index.php\\\/2021\\\/12\\\/25\\\/la-gestion-des-marches-publics-digitalisee-les-deniers-publics-sous-surveillance\\\/#respond\"]}]},{\"@type\":\"WebPage\",\"@id\":\"https:\\\/\\\/lasentinelle.dz\\\/index.php\\\/2021\\\/12\\\/25\\\/la-gestion-des-marches-publics-digitalisee-les-deniers-publics-sous-surveillance\\\/\",\"url\":\"https:\\\/\\\/lasentinelle.dz\\\/index.php\\\/2021\\\/12\\\/25\\\/la-gestion-des-marches-publics-digitalisee-les-deniers-publics-sous-surveillance\\\/\",\"name\":\"La gestion des march\u00e9s publics digitalis\u00e9e : Les deniers publics sous surveillance - La Sentinelle\",\"isPartOf\":{\"@id\":\"https:\\\/\\\/lasentinelle.dz\\\/#website\"},\"primaryImageOfPage\":{\"@id\":\"https:\\\/\\\/lasentinelle.dz\\\/index.php\\\/2021\\\/12\\\/25\\\/la-gestion-des-marches-publics-digitalisee-les-deniers-publics-sous-surveillance\\\/#primaryimage\"},\"image\":{\"@id\":\"https:\\\/\\\/lasentinelle.dz\\\/index.php\\\/2021\\\/12\\\/25\\\/la-gestion-des-marches-publics-digitalisee-les-deniers-publics-sous-surveillance\\\/#primaryimage\"},\"thumbnailUrl\":\"https:\\\/\\\/lasentinelle.dz\\\/wp-content\\\/uploads\\\/2021\\\/12\\\/marches.png\",\"datePublished\":\"2021-12-24T23:05:00+00:00\",\"breadcrumb\":{\"@id\":\"https:\\\/\\\/lasentinelle.dz\\\/index.php\\\/2021\\\/12\\\/25\\\/la-gestion-des-marches-publics-digitalisee-les-deniers-publics-sous-surveillance\\\/#breadcrumb\"},\"inLanguage\":\"fr-FR\",\"potentialAction\":[{\"@type\":\"ReadAction\",\"target\":[\"https:\\\/\\\/lasentinelle.dz\\\/index.php\\\/2021\\\/12\\\/25\\\/la-gestion-des-marches-publics-digitalisee-les-deniers-publics-sous-surveillance\\\/\"]}]},{\"@type\":\"ImageObject\",\"inLanguage\":\"fr-FR\",\"@id\":\"https:\\\/\\\/lasentinelle.dz\\\/index.php\\\/2021\\\/12\\\/25\\\/la-gestion-des-marches-publics-digitalisee-les-deniers-publics-sous-surveillance\\\/#primaryimage\",\"url\":\"https:\\\/\\\/lasentinelle.dz\\\/wp-content\\\/uploads\\\/2021\\\/12\\\/marches.png\",\"contentUrl\":\"https:\\\/\\\/lasentinelle.dz\\\/wp-content\\\/uploads\\\/2021\\\/12\\\/marches.png\",\"width\":1258,\"height\":900},{\"@type\":\"BreadcrumbList\",\"@id\":\"https:\\\/\\\/lasentinelle.dz\\\/index.php\\\/2021\\\/12\\\/25\\\/la-gestion-des-marches-publics-digitalisee-les-deniers-publics-sous-surveillance\\\/#breadcrumb\",\"itemListElement\":[{\"@type\":\"ListItem\",\"position\":1,\"name\":\"Accueil\",\"item\":\"https:\\\/\\\/lasentinelle.dz\\\/\"},{\"@type\":\"ListItem\",\"position\":2,\"name\":\"La gestion des march\u00e9s publics digitalis\u00e9e : Les deniers publics sous surveillance\"}]},{\"@type\":\"WebSite\",\"@id\":\"https:\\\/\\\/lasentinelle.dz\\\/#website\",\"url\":\"https:\\\/\\\/lasentinelle.dz\\\/\",\"name\":\"La Sentinelle\",\"description\":\"Quotidien national d&#039;information\",\"publisher\":{\"@id\":\"https:\\\/\\\/lasentinelle.dz\\\/#organization\"},\"potentialAction\":[{\"@type\":\"SearchAction\",\"target\":{\"@type\":\"EntryPoint\",\"urlTemplate\":\"https:\\\/\\\/lasentinelle.dz\\\/?s={search_term_string}\"},\"query-input\":{\"@type\":\"PropertyValueSpecification\",\"valueRequired\":true,\"valueName\":\"search_term_string\"}}],\"inLanguage\":\"fr-FR\"},{\"@type\":\"Organization\",\"@id\":\"https:\\\/\\\/lasentinelle.dz\\\/#organization\",\"name\":\"Quotidien La Sentinelle\",\"url\":\"https:\\\/\\\/lasentinelle.dz\\\/\",\"logo\":{\"@type\":\"ImageObject\",\"inLanguage\":\"fr-FR\",\"@id\":\"https:\\\/\\\/lasentinelle.dz\\\/#\\\/schema\\\/logo\\\/image\\\/\",\"url\":\"https:\\\/\\\/lasentinelle.dz\\\/wp-content\\\/uploads\\\/2021\\\/09\\\/logo-sentinelleSLOGAN-1.png\",\"contentUrl\":\"https:\\\/\\\/lasentinelle.dz\\\/wp-content\\\/uploads\\\/2021\\\/09\\\/logo-sentinelleSLOGAN-1.png\",\"width\":615,\"height\":142,\"caption\":\"Quotidien La Sentinelle\"},\"image\":{\"@id\":\"https:\\\/\\\/lasentinelle.dz\\\/#\\\/schema\\\/logo\\\/image\\\/\"},\"sameAs\":[\"https:\\\/\\\/www.facebook.com\\\/La-Sentinelle-104059864394773\"]},{\"@type\":\"Person\",\"@id\":\"https:\\\/\\\/lasentinelle.dz\\\/#\\\/schema\\\/person\\\/d865044e22e70a75174ce8bcad3acfb3\",\"name\":\"La Sentinelle\",\"image\":{\"@type\":\"ImageObject\",\"inLanguage\":\"fr-FR\",\"@id\":\"https:\\\/\\\/secure.gravatar.com\\\/avatar\\\/57de8e5d4b15d43fb361a71fbb36338450fe67865b528a43dd10ef7c51a20392?s=96&d=mm&r=g\",\"url\":\"https:\\\/\\\/secure.gravatar.com\\\/avatar\\\/57de8e5d4b15d43fb361a71fbb36338450fe67865b528a43dd10ef7c51a20392?s=96&d=mm&r=g\",\"contentUrl\":\"https:\\\/\\\/secure.gravatar.com\\\/avatar\\\/57de8e5d4b15d43fb361a71fbb36338450fe67865b528a43dd10ef7c51a20392?s=96&d=mm&r=g\",\"caption\":\"La Sentinelle\"},\"sameAs\":[\"http:\\\/\\\/www.lasentinelle.dz\"],\"url\":\"https:\\\/\\\/lasentinelle.dz\\\/author\\\/redaction\\\/\"}]}<\/script>\n<!-- \/ Yoast SEO plugin. -->","yoast_head_json":{"title":"La gestion des march\u00e9s publics digitalis\u00e9e : Les deniers publics sous surveillance - La Sentinelle","robots":{"index":"index","follow":"follow","max-snippet":"max-snippet:-1","max-image-preview":"max-image-preview:large","max-video-preview":"max-video-preview:-1"},"canonical":"https:\/\/lasentinelle.dz\/index.php\/2021\/12\/25\/la-gestion-des-marches-publics-digitalisee-les-deniers-publics-sous-surveillance\/","og_locale":"fr_FR","og_type":"article","og_title":"La gestion des march\u00e9s publics digitalis\u00e9e : Les deniers publics sous surveillance - La Sentinelle","og_description":"Un portail \u00e9lectronique des march\u00e9s publics a \u00e9t\u00e9 lanc\u00e9 jeudi, dans l\u2019objectif d\u2019asseoir la transparence dans la gestion des march\u00e9s","og_url":"https:\/\/lasentinelle.dz\/index.php\/2021\/12\/25\/la-gestion-des-marches-publics-digitalisee-les-deniers-publics-sous-surveillance\/","og_site_name":"La Sentinelle","article_publisher":"https:\/\/www.facebook.com\/La-Sentinelle-104059864394773","article_published_time":"2021-12-24T23:05:00+00:00","og_image":[{"width":1258,"height":900,"url":"https:\/\/lasentinelle.dz\/wp-content\/uploads\/2021\/12\/marches.png","type":"image\/png"}],"author":"La Sentinelle","twitter_card":"summary_large_image","twitter_misc":{"\u00c9crit par":"La Sentinelle","Dur\u00e9e de lecture estim\u00e9e":"3 minutes"},"schema":{"@context":"https:\/\/schema.org","@graph":[{"@type":"Article","@id":"https:\/\/lasentinelle.dz\/index.php\/2021\/12\/25\/la-gestion-des-marches-publics-digitalisee-les-deniers-publics-sous-surveillance\/#article","isPartOf":{"@id":"https:\/\/lasentinelle.dz\/index.php\/2021\/12\/25\/la-gestion-des-marches-publics-digitalisee-les-deniers-publics-sous-surveillance\/"},"author":{"name":"La Sentinelle","@id":"https:\/\/lasentinelle.dz\/#\/schema\/person\/d865044e22e70a75174ce8bcad3acfb3"},"headline":"La gestion des march\u00e9s publics digitalis\u00e9e : Les deniers publics sous surveillance","datePublished":"2021-12-24T23:05:00+00:00","mainEntityOfPage":{"@id":"https:\/\/lasentinelle.dz\/index.php\/2021\/12\/25\/la-gestion-des-marches-publics-digitalisee-les-deniers-publics-sous-surveillance\/"},"wordCount":625,"commentCount":0,"publisher":{"@id":"https:\/\/lasentinelle.dz\/#organization"},"image":{"@id":"https:\/\/lasentinelle.dz\/index.php\/2021\/12\/25\/la-gestion-des-marches-publics-digitalisee-les-deniers-publics-sous-surveillance\/#primaryimage"},"thumbnailUrl":"https:\/\/lasentinelle.dz\/wp-content\/uploads\/2021\/12\/marches.png","articleSection":["\u00c0 la Une","\u00c9conomie"],"inLanguage":"fr-FR","potentialAction":[{"@type":"CommentAction","name":"Comment","target":["https:\/\/lasentinelle.dz\/index.php\/2021\/12\/25\/la-gestion-des-marches-publics-digitalisee-les-deniers-publics-sous-surveillance\/#respond"]}]},{"@type":"WebPage","@id":"https:\/\/lasentinelle.dz\/index.php\/2021\/12\/25\/la-gestion-des-marches-publics-digitalisee-les-deniers-publics-sous-surveillance\/","url":"https:\/\/lasentinelle.dz\/index.php\/2021\/12\/25\/la-gestion-des-marches-publics-digitalisee-les-deniers-publics-sous-surveillance\/","name":"La gestion des march\u00e9s publics digitalis\u00e9e : Les deniers publics sous surveillance - La Sentinelle","isPartOf":{"@id":"https:\/\/lasentinelle.dz\/#website"},"primaryImageOfPage":{"@id":"https:\/\/lasentinelle.dz\/index.php\/2021\/12\/25\/la-gestion-des-marches-publics-digitalisee-les-deniers-publics-sous-surveillance\/#primaryimage"},"image":{"@id":"https:\/\/lasentinelle.dz\/index.php\/2021\/12\/25\/la-gestion-des-marches-publics-digitalisee-les-deniers-publics-sous-surveillance\/#primaryimage"},"thumbnailUrl":"https:\/\/lasentinelle.dz\/wp-content\/uploads\/2021\/12\/marches.png","datePublished":"2021-12-24T23:05:00+00:00","breadcrumb":{"@id":"https:\/\/lasentinelle.dz\/index.php\/2021\/12\/25\/la-gestion-des-marches-publics-digitalisee-les-deniers-publics-sous-surveillance\/#breadcrumb"},"inLanguage":"fr-FR","potentialAction":[{"@type":"ReadAction","target":["https:\/\/lasentinelle.dz\/index.php\/2021\/12\/25\/la-gestion-des-marches-publics-digitalisee-les-deniers-publics-sous-surveillance\/"]}]},{"@type":"ImageObject","inLanguage":"fr-FR","@id":"https:\/\/lasentinelle.dz\/index.php\/2021\/12\/25\/la-gestion-des-marches-publics-digitalisee-les-deniers-publics-sous-surveillance\/#primaryimage","url":"https:\/\/lasentinelle.dz\/wp-content\/uploads\/2021\/12\/marches.png","contentUrl":"https:\/\/lasentinelle.dz\/wp-content\/uploads\/2021\/12\/marches.png","width":1258,"height":900},{"@type":"BreadcrumbList","@id":"https:\/\/lasentinelle.dz\/index.php\/2021\/12\/25\/la-gestion-des-marches-publics-digitalisee-les-deniers-publics-sous-surveillance\/#breadcrumb","itemListElement":[{"@type":"ListItem","position":1,"name":"Accueil","item":"https:\/\/lasentinelle.dz\/"},{"@type":"ListItem","position":2,"name":"La gestion des march\u00e9s publics digitalis\u00e9e : Les deniers publics sous surveillance"}]},{"@type":"WebSite","@id":"https:\/\/lasentinelle.dz\/#website","url":"https:\/\/lasentinelle.dz\/","name":"La Sentinelle","description":"Quotidien national d&#039;information","publisher":{"@id":"https:\/\/lasentinelle.dz\/#organization"},"potentialAction":[{"@type":"SearchAction","target":{"@type":"EntryPoint","urlTemplate":"https:\/\/lasentinelle.dz\/?s={search_term_string}"},"query-input":{"@type":"PropertyValueSpecification","valueRequired":true,"valueName":"search_term_string"}}],"inLanguage":"fr-FR"},{"@type":"Organization","@id":"https:\/\/lasentinelle.dz\/#organization","name":"Quotidien La Sentinelle","url":"https:\/\/lasentinelle.dz\/","logo":{"@type":"ImageObject","inLanguage":"fr-FR","@id":"https:\/\/lasentinelle.dz\/#\/schema\/logo\/image\/","url":"https:\/\/lasentinelle.dz\/wp-content\/uploads\/2021\/09\/logo-sentinelleSLOGAN-1.png","contentUrl":"https:\/\/lasentinelle.dz\/wp-content\/uploads\/2021\/09\/logo-sentinelleSLOGAN-1.png","width":615,"height":142,"caption":"Quotidien La Sentinelle"},"image":{"@id":"https:\/\/lasentinelle.dz\/#\/schema\/logo\/image\/"},"sameAs":["https:\/\/www.facebook.com\/La-Sentinelle-104059864394773"]},{"@type":"Person","@id":"https:\/\/lasentinelle.dz\/#\/schema\/person\/d865044e22e70a75174ce8bcad3acfb3","name":"La Sentinelle","image":{"@type":"ImageObject","inLanguage":"fr-FR","@id":"https:\/\/secure.gravatar.com\/avatar\/57de8e5d4b15d43fb361a71fbb36338450fe67865b528a43dd10ef7c51a20392?s=96&d=mm&r=g","url":"https:\/\/secure.gravatar.com\/avatar\/57de8e5d4b15d43fb361a71fbb36338450fe67865b528a43dd10ef7c51a20392?s=96&d=mm&r=g","contentUrl":"https:\/\/secure.gravatar.com\/avatar\/57de8e5d4b15d43fb361a71fbb36338450fe67865b528a43dd10ef7c51a20392?s=96&d=mm&r=g","caption":"La Sentinelle"},"sameAs":["http:\/\/www.lasentinelle.dz"],"url":"https:\/\/lasentinelle.dz\/author\/redaction\/"}]}},"_links":{"self":[{"href":"https:\/\/lasentinelle.dz\/index.php\/wp-json\/wp\/v2\/posts\/15501","targetHints":{"allow":["GET"]}}],"collection":[{"href":"https:\/\/lasentinelle.dz\/index.php\/wp-json\/wp\/v2\/posts"}],"about":[{"href":"https:\/\/lasentinelle.dz\/index.php\/wp-json\/wp\/v2\/types\/post"}],"author":[{"embeddable":true,"href":"https:\/\/lasentinelle.dz\/index.php\/wp-json\/wp\/v2\/users\/3"}],"replies":[{"embeddable":true,"href":"https:\/\/lasentinelle.dz\/index.php\/wp-json\/wp\/v2\/comments?post=15501"}],"version-history":[{"count":1,"href":"https:\/\/lasentinelle.dz\/index.php\/wp-json\/wp\/v2\/posts\/15501\/revisions"}],"predecessor-version":[{"id":15508,"href":"https:\/\/lasentinelle.dz\/index.php\/wp-json\/wp\/v2\/posts\/15501\/revisions\/15508"}],"wp:featuredmedia":[{"embeddable":true,"href":"https:\/\/lasentinelle.dz\/index.php\/wp-json\/wp\/v2\/media\/15506"}],"wp:attachment":[{"href":"https:\/\/lasentinelle.dz\/index.php\/wp-json\/wp\/v2\/media?parent=15501"}],"wp:term":[{"taxonomy":"category","embeddable":true,"href":"https:\/\/lasentinelle.dz\/index.php\/wp-json\/wp\/v2\/categories?post=15501"},{"taxonomy":"post_tag","embeddable":true,"href":"https:\/\/lasentinelle.dz\/index.php\/wp-json\/wp\/v2\/tags?post=15501"}],"curies":[{"name":"wp","href":"https:\/\/api.w.org\/{rel}","templated":true}]}}