{"id":15523,"date":"2021-12-26T00:01:00","date_gmt":"2021-12-25T23:01:00","guid":{"rendered":"https:\/\/lasentinelle.dz\/?p=15523"},"modified":"2021-12-25T18:09:10","modified_gmt":"2021-12-25T17:09:10","slug":"les-jours-du-pib-sont-comptes","status":"publish","type":"post","link":"https:\/\/lasentinelle.dz\/index.php\/2021\/12\/26\/les-jours-du-pib-sont-comptes\/","title":{"rendered":"Les jours du PIB sont compt\u00e9s"},"content":{"rendered":"\n<p><\/p>\n\n\n\n<p>par&nbsp;Diane Coyle<\/p>\n\n\n\n<figure class=\"wp-block-image size-large is-resized\"><img decoding=\"async\" src=\"https:\/\/lasentinelle.dz\/wp-content\/uploads\/2021\/12\/Diane-Coyle-edited.jpeg\" alt=\"\" class=\"wp-image-15525\" width=\"192\" srcset=\"https:\/\/lasentinelle.dz\/wp-content\/uploads\/2021\/12\/Diane-Coyle-edited.jpeg 674w, https:\/\/lasentinelle.dz\/wp-content\/uploads\/2021\/12\/Diane-Coyle-edited-300x225.jpeg 300w\" sizes=\"(max-width: 674px) 100vw, 674px\" \/><figcaption><strong>Diane Coyle,<\/strong> professeure de politique publique \u00e0 l&rsquo;Universit\u00e9 de Cambridge, est l&rsquo;auteur, plus r\u00e9cemment, de Cogs and Monsters: What Economics Is, and What It Should Be (Princeton University Press, 2021).<\/figcaption><\/figure>\n\n\n\n<p><\/p>\n\n\n\n<p>Abandonner le produit int\u00e9rieur brut comme principal indicateur de prosp\u00e9rit\u00e9 a toujours \u00e9t\u00e9 impossible en l&rsquo;absence d&rsquo;un large accord sur ce que pourrait \u00eatre l&rsquo;alternative. Mais \u00e0 mesure que les \u00e9conomistes et les statisticiens d\u00e9veloppent des approches de la richesse et du bien-\u00eatre pour mesurer le succ\u00e8s \u00e9conomique, la direction du changement est claire.<\/p>\n\n\n\n<p>Comment mesurer la r\u00e9ussite \u00e9conomique ? Les critiques des indicateurs conventionnels, en particulier du produit int\u00e9rieur brut, abondent depuis des ann\u00e9es, voire des d\u00e9cennies. Les \u00e9cologistes ont longtemps soulign\u00e9 que le PIB omet l&rsquo;\u00e9puisement des actifs naturels, ainsi que les externalit\u00e9s n\u00e9gatives telles que le r\u00e9chauffement climatique. Et son incapacit\u00e9 \u00e0 saisir le travail non r\u00e9mun\u00e9r\u00e9 mais sans aucun doute pr\u00e9cieux \u00e0 la maison est une autre omission flagrante. Mais de meilleures alternatives pourraient bient\u00f4t \u00eatre \u00e0 port\u00e9e de main.<\/p>\n\n\n\n<p>En 2009, une commission dirig\u00e9e par Joseph Stiglitz, Amartya Sen et Jean-Paul Fitoussi a stimul\u00e9 les efforts pour trouver des moyens alternatifs d&rsquo;\u00e9valuer le progr\u00e8s \u00e9conomique en recommandant un \u00ab tableau de bord \u00bb d&rsquo;indicateurs. Depuis lors, les \u00e9conomistes et les statisticiens, travaillant aux c\u00f4t\u00e9s des sp\u00e9cialistes des sciences naturelles, ont d\u00e9ploy\u00e9 des efforts consid\u00e9rables pour d\u00e9velopper des mesures de prosp\u00e9rit\u00e9 rigoureuses bas\u00e9es sur la richesse, en particulier en ce qui concerne les actifs naturels. L&rsquo;id\u00e9e centrale est de cr\u00e9er un bilan national complet pour d\u00e9montrer que le progr\u00e8s \u00e9conomique d&rsquo;aujourd&rsquo;hui est illusoire lorsqu&rsquo;il se fait au d\u00e9triment du niveau de vie futur.<\/p>\n\n\n\n<p>\u00c0 une \u00e9tape importante en mars de cette ann\u00e9e, les Nations Unies ont approuv\u00e9 une norme statistique relative aux services que la nature fournit \u00e0 l&rsquo;\u00e9conomie. Cela faisait suite \u00e0 la publication par le Tr\u00e9sor britannique d&rsquo;une \u00e9tude de Partha Dasgupta de l&rsquo;Universit\u00e9 de Cambridge expliquant comment int\u00e9grer la nature en g\u00e9n\u00e9ral, et la biodiversit\u00e9 en particulier, dans l&rsquo;analyse \u00e9conomique. Les cons\u00e9quences du changement climatique commen\u00e7ant \u00e0 devenir trop apparentes, tout concept significatif de r\u00e9ussite \u00e9conomique \u00e0 l&rsquo;avenir inclura s\u00fbrement la durabilit\u00e9.<\/p>\n\n\n\n<p>Les prochaines \u00e9tapes de cet effort statistique consisteront \u00e0 incorporer des mesures du capital social, refl\u00e9tant la capacit\u00e9 des communaut\u00e9s ou des pays \u00e0 agir collectivement, et \u00e0 \u00e9tendre la mesure du secteur des m\u00e9nages. La pand\u00e9mie de covid-19 a mis en \u00e9vidence \u00e0 quel point ce travail non r\u00e9mun\u00e9r\u00e9 est crucial pour la sant\u00e9 \u00e9conomique d&rsquo;un pays. Par exemple, le Bureau of Labor Statistics des \u00c9tats-Unis a l&rsquo;intention de d\u00e9velopper un concept plus complet de niveau de vie qui inclut la valeur d&rsquo;une telle activit\u00e9.<\/p>\n\n\n\n<p>Des mesures globales telles que celles-ci peuvent \u00eatre utiles pour orienter des d\u00e9cisions politiques importantes d&rsquo;une mani\u00e8re coh\u00e9rente avec les concepts \u00e9conomiques familiers. Cette approche facilite \u00e9galement la conversation avec les responsables du minist\u00e8re des Finances et les dirigeants d&rsquo;entreprises, dont le soutien \u00e0 une perspective \u00e0 plus long terme concernant la prosp\u00e9rit\u00e9 sera essentiel pour provoquer le changement.<\/p>\n\n\n\n<p>Mais beaucoup pr\u00e9conisent de penser la r\u00e9ussite et l&rsquo;\u00e9chec \u00e9conomiques en termes de bien-\u00eatre, un concept plus large et plus flou. L&rsquo;id\u00e9e que les d\u00e9cisions politiques devraient se concentrer sur ce qui compte en fin de compte dans la vie des gens est intuitivement attrayante. Et un certain nombre de gouvernements, de la Nouvelle-Z\u00e9lande \u00e0 l&rsquo;\u00c9cosse, ont r\u00e9cemment adopt\u00e9 des cadres politiques explicites en mati\u00e8re de bien-\u00eatre.&nbsp;Cependant, cette approche soul\u00e8ve des questions de mesure encore plus difficiles. Le bien-\u00eatre d\u00e9pend de nombreux aspects des circonstances de la vie des individus. Certes, il existe de nombreuses recherches en psychologie et en \u00e9conomie sur la mani\u00e8re de mesurer le bien-\u00eatre et d&rsquo;analyser les facteurs qui l&rsquo;influencent. Souvent, la mesure consiste \u00e0 enqu\u00eater sur la satisfaction des personnes vis-\u00e0-vis de leur vie ou leur niveau d&rsquo;anxi\u00e9t\u00e9. Par exemple, l&rsquo;Office for National Statistics du Royaume-Uni a suivi l&rsquo;anxi\u00e9t\u00e9 et la d\u00e9pression tout au long de la pand\u00e9mie.<\/p>\n\n\n\n<p>Mais si les d\u00e9cideurs ont besoin de statistiques agr\u00e9g\u00e9es descendantes pour faciliter leur prise de d\u00e9cision, ces indicateurs ont des limites. Par exemple, alors que les liens entre le bien-\u00eatre et les facteurs identifi\u00e9s par l&rsquo;analyse \u00e9conom\u00e9trique \u2013 comme le fait d&rsquo;\u00eatre en emploi ou en bonne sant\u00e9 mentale \u2013 sont intuitifs, les liens de causalit\u00e9 ne sont pas bien compris. Une personne d\u00e9prim\u00e9e peut b\u00e9n\u00e9ficier d&rsquo;une th\u00e9rapie, comme le pr\u00e9conisent souvent les d\u00e9fenseurs du bien-\u00eatre, mais un logement d\u00e9cent peut \u00eatre encore plus efficace. Les politiques publiques fond\u00e9es sur le bien-\u00eatre manquent donc encore d&rsquo;un socle th\u00e9orique.<\/p>\n\n\n\n<p>De plus, certains contextes d&rsquo;\u00e9laboration des politiques n\u00e9cessiteront un niveau de d\u00e9tail plus granulaire. La recherche qualitative &#8211; plut\u00f4t que des enqu\u00eates \u00e0 grande \u00e9chelle avec des questions pr\u00e9d\u00e9finies &#8211; indique un plus large \u00e9ventail de consid\u00e9rations affectant le bien-\u00eatre. Par exemple, une \u00e9tude britannique r\u00e9cente, coproduite par des chercheurs et des personnes en situation de pauvret\u00e9, a r\u00e9v\u00e9l\u00e9 que si les besoins mat\u00e9riels de base, y compris la sant\u00e9, \u00e9taient importants pour le bien-\u00eatre, l&rsquo;autonomie et le sens du but \u00e9taient tout aussi importants. Les indicateurs agr\u00e9g\u00e9s descendants con\u00e7us par les sociologues et les statisticiens ne peuvent pas saisir de tels r\u00e9sultats.<\/p>\n\n\n\n<p>Bien qu&rsquo;une recherche de terrain exigeante en temps ne soit pas toujours pratique, il est important de garder \u00e0 l&rsquo;esprit que le concept de bien-\u00eatre est beaucoup plus riche que la plupart des autres indicateurs \u00e9conomiques. Il est important de noter que les approches globales de la richesse et du bien-\u00eatre d\u00e9crites ici sont compl\u00e9mentaires : les actifs mesur\u00e9s par la premi\u00e8re fournissent les moyens d&rsquo;atteindre la seconde. En effet, le cadre politique de la Nouvelle-Z\u00e9lande rend ce lien explicite.<\/p>\n\n\n\n<p>Ce qui est passionnant dans ces approches alternatives pour \u00e9valuer et mesurer le succ\u00e8s \u00e9conomique d&rsquo;une communaut\u00e9 ou d&rsquo;un pays, c&rsquo;est la quantit\u00e9 de progr\u00e8s pratiques d\u00e9j\u00e0 r\u00e9alis\u00e9s dans la d\u00e9finition de concepts, la cr\u00e9ation de mesures et la construction d&rsquo;un consensus d&rsquo;experts sur la direction que devrait prendre l&rsquo;\u00e9laboration des politiques. Abandonner le PIB comme principal indicateur de prosp\u00e9rit\u00e9 a toujours \u00e9t\u00e9 impossible en l&rsquo;absence d&rsquo;un large accord sur ce que pourrait \u00eatre l&rsquo;alternative. Et il faudra encore de nombreuses ann\u00e9es de travail au centre statistique pour d\u00e9velopper un cadre aussi sophistiqu\u00e9 et bien int\u00e9gr\u00e9 que le PIB et les indicateurs \u00e9conomiques connexes. Mais la direction du changement est claire et l&rsquo;\u00e9lan pour l&rsquo;amener est puissant.<\/p>\n\n\n\n<p>Copyright : Project Syndicate, 2021.www.project-syndicate.org<\/p>\n\n\n\n<p><\/p>\n","protected":false},"excerpt":{"rendered":"<p>par&nbsp;Diane Coyle Abandonner le produit int\u00e9rieur brut comme principal indicateur de prosp\u00e9rit\u00e9 a toujours \u00e9t\u00e9 impossible en l&rsquo;absence d&rsquo;un large<\/p>\n","protected":false},"author":3,"featured_media":15526,"comment_status":"open","ping_status":"closed","sticky":false,"template":"","format":"standard","meta":{"colormag_page_container_layout":"default_layout","colormag_page_sidebar_layout":"default_layout","om_disable_all_campaigns":false,"_monsterinsights_skip_tracking":false,"_monsterinsights_sitenote_active":false,"_monsterinsights_sitenote_note":"","_monsterinsights_sitenote_category":0,"footnotes":"","_wpscppro_dont_share_socialmedia":false,"_wpscppro_custom_social_share_image":0,"_facebook_share_type":"","_twitter_share_type":"","_linkedin_share_type":"","_pinterest_share_type":"","_linkedin_share_type_page":"","_instagram_share_type":"","_medium_share_type":"","_threads_share_type":"","_google_business_share_type":"","_selected_social_profile":[],"_wpsp_enable_custom_social_template":false,"_wpsp_social_scheduling":{"enabled":false,"datetime":null,"platforms":[],"status":"template_only","dateOption":"today","timeOption":"now","customDays":"","customHours":"","customDate":"","customTime":"","schedulingType":"absolute"},"_wpsp_active_default_template":true},"categories":[38],"tags":[],"class_list":["post-15523","post","type-post","status-publish","format-standard","has-post-thumbnail","hentry","category-debats"],"aioseo_notices":[],"yoast_head":"<!-- This site is optimized with the Yoast SEO plugin v27.5 - https:\/\/yoast.com\/product\/yoast-seo-wordpress\/ -->\n<title>Les jours du PIB sont compt\u00e9s - La Sentinelle<\/title>\n<meta name=\"robots\" content=\"index, follow, max-snippet:-1, max-image-preview:large, max-video-preview:-1\" \/>\n<link rel=\"canonical\" href=\"https:\/\/lasentinelle.dz\/index.php\/2021\/12\/26\/les-jours-du-pib-sont-comptes\/\" \/>\n<meta property=\"og:locale\" content=\"fr_FR\" \/>\n<meta property=\"og:type\" content=\"article\" \/>\n<meta property=\"og:title\" content=\"Les jours du PIB sont compt\u00e9s - La Sentinelle\" \/>\n<meta property=\"og:description\" content=\"par&nbsp;Diane Coyle Abandonner le produit int\u00e9rieur brut comme principal indicateur de prosp\u00e9rit\u00e9 a toujours \u00e9t\u00e9 impossible en l&rsquo;absence d&rsquo;un large\" \/>\n<meta property=\"og:url\" content=\"https:\/\/lasentinelle.dz\/index.php\/2021\/12\/26\/les-jours-du-pib-sont-comptes\/\" \/>\n<meta property=\"og:site_name\" content=\"La Sentinelle\" \/>\n<meta property=\"article:publisher\" content=\"https:\/\/www.facebook.com\/La-Sentinelle-104059864394773\" \/>\n<meta property=\"article:published_time\" content=\"2021-12-25T23:01:00+00:00\" \/>\n<meta property=\"og:image\" content=\"https:\/\/lasentinelle.dz\/wp-content\/uploads\/2021\/12\/PIB.jpeg\" \/>\n\t<meta property=\"og:image:width\" content=\"1579\" \/>\n\t<meta property=\"og:image:height\" content=\"1045\" \/>\n\t<meta property=\"og:image:type\" content=\"image\/jpeg\" \/>\n<meta name=\"author\" content=\"La Sentinelle\" \/>\n<meta name=\"twitter:card\" content=\"summary_large_image\" \/>\n<meta name=\"twitter:label1\" content=\"\u00c9crit par\" \/>\n\t<meta name=\"twitter:data1\" content=\"La Sentinelle\" \/>\n\t<meta name=\"twitter:label2\" content=\"Dur\u00e9e de lecture estim\u00e9e\" \/>\n\t<meta name=\"twitter:data2\" content=\"5 minutes\" \/>\n<script type=\"application\/ld+json\" class=\"yoast-schema-graph\">{\"@context\":\"https:\\\/\\\/schema.org\",\"@graph\":[{\"@type\":\"Article\",\"@id\":\"https:\\\/\\\/lasentinelle.dz\\\/index.php\\\/2021\\\/12\\\/26\\\/les-jours-du-pib-sont-comptes\\\/#article\",\"isPartOf\":{\"@id\":\"https:\\\/\\\/lasentinelle.dz\\\/index.php\\\/2021\\\/12\\\/26\\\/les-jours-du-pib-sont-comptes\\\/\"},\"author\":{\"name\":\"La Sentinelle\",\"@id\":\"https:\\\/\\\/lasentinelle.dz\\\/#\\\/schema\\\/person\\\/d865044e22e70a75174ce8bcad3acfb3\"},\"headline\":\"Les jours du PIB sont compt\u00e9s\",\"datePublished\":\"2021-12-25T23:01:00+00:00\",\"mainEntityOfPage\":{\"@id\":\"https:\\\/\\\/lasentinelle.dz\\\/index.php\\\/2021\\\/12\\\/26\\\/les-jours-du-pib-sont-comptes\\\/\"},\"wordCount\":1214,\"commentCount\":0,\"publisher\":{\"@id\":\"https:\\\/\\\/lasentinelle.dz\\\/#organization\"},\"image\":{\"@id\":\"https:\\\/\\\/lasentinelle.dz\\\/index.php\\\/2021\\\/12\\\/26\\\/les-jours-du-pib-sont-comptes\\\/#primaryimage\"},\"thumbnailUrl\":\"https:\\\/\\\/lasentinelle.dz\\\/wp-content\\\/uploads\\\/2021\\\/12\\\/PIB.jpeg\",\"articleSection\":[\"D\u00e9bats\"],\"inLanguage\":\"fr-FR\",\"potentialAction\":[{\"@type\":\"CommentAction\",\"name\":\"Comment\",\"target\":[\"https:\\\/\\\/lasentinelle.dz\\\/index.php\\\/2021\\\/12\\\/26\\\/les-jours-du-pib-sont-comptes\\\/#respond\"]}]},{\"@type\":\"WebPage\",\"@id\":\"https:\\\/\\\/lasentinelle.dz\\\/index.php\\\/2021\\\/12\\\/26\\\/les-jours-du-pib-sont-comptes\\\/\",\"url\":\"https:\\\/\\\/lasentinelle.dz\\\/index.php\\\/2021\\\/12\\\/26\\\/les-jours-du-pib-sont-comptes\\\/\",\"name\":\"Les jours du PIB sont compt\u00e9s - La Sentinelle\",\"isPartOf\":{\"@id\":\"https:\\\/\\\/lasentinelle.dz\\\/#website\"},\"primaryImageOfPage\":{\"@id\":\"https:\\\/\\\/lasentinelle.dz\\\/index.php\\\/2021\\\/12\\\/26\\\/les-jours-du-pib-sont-comptes\\\/#primaryimage\"},\"image\":{\"@id\":\"https:\\\/\\\/lasentinelle.dz\\\/index.php\\\/2021\\\/12\\\/26\\\/les-jours-du-pib-sont-comptes\\\/#primaryimage\"},\"thumbnailUrl\":\"https:\\\/\\\/lasentinelle.dz\\\/wp-content\\\/uploads\\\/2021\\\/12\\\/PIB.jpeg\",\"datePublished\":\"2021-12-25T23:01:00+00:00\",\"breadcrumb\":{\"@id\":\"https:\\\/\\\/lasentinelle.dz\\\/index.php\\\/2021\\\/12\\\/26\\\/les-jours-du-pib-sont-comptes\\\/#breadcrumb\"},\"inLanguage\":\"fr-FR\",\"potentialAction\":[{\"@type\":\"ReadAction\",\"target\":[\"https:\\\/\\\/lasentinelle.dz\\\/index.php\\\/2021\\\/12\\\/26\\\/les-jours-du-pib-sont-comptes\\\/\"]}]},{\"@type\":\"ImageObject\",\"inLanguage\":\"fr-FR\",\"@id\":\"https:\\\/\\\/lasentinelle.dz\\\/index.php\\\/2021\\\/12\\\/26\\\/les-jours-du-pib-sont-comptes\\\/#primaryimage\",\"url\":\"https:\\\/\\\/lasentinelle.dz\\\/wp-content\\\/uploads\\\/2021\\\/12\\\/PIB.jpeg\",\"contentUrl\":\"https:\\\/\\\/lasentinelle.dz\\\/wp-content\\\/uploads\\\/2021\\\/12\\\/PIB.jpeg\",\"width\":1579,\"height\":1045},{\"@type\":\"BreadcrumbList\",\"@id\":\"https:\\\/\\\/lasentinelle.dz\\\/index.php\\\/2021\\\/12\\\/26\\\/les-jours-du-pib-sont-comptes\\\/#breadcrumb\",\"itemListElement\":[{\"@type\":\"ListItem\",\"position\":1,\"name\":\"Accueil\",\"item\":\"https:\\\/\\\/lasentinelle.dz\\\/\"},{\"@type\":\"ListItem\",\"position\":2,\"name\":\"Les jours du PIB sont compt\u00e9s\"}]},{\"@type\":\"WebSite\",\"@id\":\"https:\\\/\\\/lasentinelle.dz\\\/#website\",\"url\":\"https:\\\/\\\/lasentinelle.dz\\\/\",\"name\":\"La Sentinelle\",\"description\":\"Quotidien national d&#039;information\",\"publisher\":{\"@id\":\"https:\\\/\\\/lasentinelle.dz\\\/#organization\"},\"potentialAction\":[{\"@type\":\"SearchAction\",\"target\":{\"@type\":\"EntryPoint\",\"urlTemplate\":\"https:\\\/\\\/lasentinelle.dz\\\/?s={search_term_string}\"},\"query-input\":{\"@type\":\"PropertyValueSpecification\",\"valueRequired\":true,\"valueName\":\"search_term_string\"}}],\"inLanguage\":\"fr-FR\"},{\"@type\":\"Organization\",\"@id\":\"https:\\\/\\\/lasentinelle.dz\\\/#organization\",\"name\":\"Quotidien La Sentinelle\",\"url\":\"https:\\\/\\\/lasentinelle.dz\\\/\",\"logo\":{\"@type\":\"ImageObject\",\"inLanguage\":\"fr-FR\",\"@id\":\"https:\\\/\\\/lasentinelle.dz\\\/#\\\/schema\\\/logo\\\/image\\\/\",\"url\":\"https:\\\/\\\/lasentinelle.dz\\\/wp-content\\\/uploads\\\/2021\\\/09\\\/logo-sentinelleSLOGAN-1.png\",\"contentUrl\":\"https:\\\/\\\/lasentinelle.dz\\\/wp-content\\\/uploads\\\/2021\\\/09\\\/logo-sentinelleSLOGAN-1.png\",\"width\":615,\"height\":142,\"caption\":\"Quotidien La Sentinelle\"},\"image\":{\"@id\":\"https:\\\/\\\/lasentinelle.dz\\\/#\\\/schema\\\/logo\\\/image\\\/\"},\"sameAs\":[\"https:\\\/\\\/www.facebook.com\\\/La-Sentinelle-104059864394773\"]},{\"@type\":\"Person\",\"@id\":\"https:\\\/\\\/lasentinelle.dz\\\/#\\\/schema\\\/person\\\/d865044e22e70a75174ce8bcad3acfb3\",\"name\":\"La Sentinelle\",\"image\":{\"@type\":\"ImageObject\",\"inLanguage\":\"fr-FR\",\"@id\":\"https:\\\/\\\/secure.gravatar.com\\\/avatar\\\/57de8e5d4b15d43fb361a71fbb36338450fe67865b528a43dd10ef7c51a20392?s=96&d=mm&r=g\",\"url\":\"https:\\\/\\\/secure.gravatar.com\\\/avatar\\\/57de8e5d4b15d43fb361a71fbb36338450fe67865b528a43dd10ef7c51a20392?s=96&d=mm&r=g\",\"contentUrl\":\"https:\\\/\\\/secure.gravatar.com\\\/avatar\\\/57de8e5d4b15d43fb361a71fbb36338450fe67865b528a43dd10ef7c51a20392?s=96&d=mm&r=g\",\"caption\":\"La Sentinelle\"},\"sameAs\":[\"http:\\\/\\\/www.lasentinelle.dz\"],\"url\":\"https:\\\/\\\/lasentinelle.dz\\\/author\\\/redaction\\\/\"}]}<\/script>\n<!-- \/ Yoast SEO plugin. -->","yoast_head_json":{"title":"Les jours du PIB sont compt\u00e9s - La Sentinelle","robots":{"index":"index","follow":"follow","max-snippet":"max-snippet:-1","max-image-preview":"max-image-preview:large","max-video-preview":"max-video-preview:-1"},"canonical":"https:\/\/lasentinelle.dz\/index.php\/2021\/12\/26\/les-jours-du-pib-sont-comptes\/","og_locale":"fr_FR","og_type":"article","og_title":"Les jours du PIB sont compt\u00e9s - La Sentinelle","og_description":"par&nbsp;Diane Coyle Abandonner le produit int\u00e9rieur brut comme principal indicateur de prosp\u00e9rit\u00e9 a toujours \u00e9t\u00e9 impossible en l&rsquo;absence d&rsquo;un large","og_url":"https:\/\/lasentinelle.dz\/index.php\/2021\/12\/26\/les-jours-du-pib-sont-comptes\/","og_site_name":"La Sentinelle","article_publisher":"https:\/\/www.facebook.com\/La-Sentinelle-104059864394773","article_published_time":"2021-12-25T23:01:00+00:00","og_image":[{"width":1579,"height":1045,"url":"https:\/\/lasentinelle.dz\/wp-content\/uploads\/2021\/12\/PIB.jpeg","type":"image\/jpeg"}],"author":"La Sentinelle","twitter_card":"summary_large_image","twitter_misc":{"\u00c9crit par":"La Sentinelle","Dur\u00e9e de lecture estim\u00e9e":"5 minutes"},"schema":{"@context":"https:\/\/schema.org","@graph":[{"@type":"Article","@id":"https:\/\/lasentinelle.dz\/index.php\/2021\/12\/26\/les-jours-du-pib-sont-comptes\/#article","isPartOf":{"@id":"https:\/\/lasentinelle.dz\/index.php\/2021\/12\/26\/les-jours-du-pib-sont-comptes\/"},"author":{"name":"La Sentinelle","@id":"https:\/\/lasentinelle.dz\/#\/schema\/person\/d865044e22e70a75174ce8bcad3acfb3"},"headline":"Les jours du PIB sont compt\u00e9s","datePublished":"2021-12-25T23:01:00+00:00","mainEntityOfPage":{"@id":"https:\/\/lasentinelle.dz\/index.php\/2021\/12\/26\/les-jours-du-pib-sont-comptes\/"},"wordCount":1214,"commentCount":0,"publisher":{"@id":"https:\/\/lasentinelle.dz\/#organization"},"image":{"@id":"https:\/\/lasentinelle.dz\/index.php\/2021\/12\/26\/les-jours-du-pib-sont-comptes\/#primaryimage"},"thumbnailUrl":"https:\/\/lasentinelle.dz\/wp-content\/uploads\/2021\/12\/PIB.jpeg","articleSection":["D\u00e9bats"],"inLanguage":"fr-FR","potentialAction":[{"@type":"CommentAction","name":"Comment","target":["https:\/\/lasentinelle.dz\/index.php\/2021\/12\/26\/les-jours-du-pib-sont-comptes\/#respond"]}]},{"@type":"WebPage","@id":"https:\/\/lasentinelle.dz\/index.php\/2021\/12\/26\/les-jours-du-pib-sont-comptes\/","url":"https:\/\/lasentinelle.dz\/index.php\/2021\/12\/26\/les-jours-du-pib-sont-comptes\/","name":"Les jours du PIB sont compt\u00e9s - La Sentinelle","isPartOf":{"@id":"https:\/\/lasentinelle.dz\/#website"},"primaryImageOfPage":{"@id":"https:\/\/lasentinelle.dz\/index.php\/2021\/12\/26\/les-jours-du-pib-sont-comptes\/#primaryimage"},"image":{"@id":"https:\/\/lasentinelle.dz\/index.php\/2021\/12\/26\/les-jours-du-pib-sont-comptes\/#primaryimage"},"thumbnailUrl":"https:\/\/lasentinelle.dz\/wp-content\/uploads\/2021\/12\/PIB.jpeg","datePublished":"2021-12-25T23:01:00+00:00","breadcrumb":{"@id":"https:\/\/lasentinelle.dz\/index.php\/2021\/12\/26\/les-jours-du-pib-sont-comptes\/#breadcrumb"},"inLanguage":"fr-FR","potentialAction":[{"@type":"ReadAction","target":["https:\/\/lasentinelle.dz\/index.php\/2021\/12\/26\/les-jours-du-pib-sont-comptes\/"]}]},{"@type":"ImageObject","inLanguage":"fr-FR","@id":"https:\/\/lasentinelle.dz\/index.php\/2021\/12\/26\/les-jours-du-pib-sont-comptes\/#primaryimage","url":"https:\/\/lasentinelle.dz\/wp-content\/uploads\/2021\/12\/PIB.jpeg","contentUrl":"https:\/\/lasentinelle.dz\/wp-content\/uploads\/2021\/12\/PIB.jpeg","width":1579,"height":1045},{"@type":"BreadcrumbList","@id":"https:\/\/lasentinelle.dz\/index.php\/2021\/12\/26\/les-jours-du-pib-sont-comptes\/#breadcrumb","itemListElement":[{"@type":"ListItem","position":1,"name":"Accueil","item":"https:\/\/lasentinelle.dz\/"},{"@type":"ListItem","position":2,"name":"Les jours du PIB sont compt\u00e9s"}]},{"@type":"WebSite","@id":"https:\/\/lasentinelle.dz\/#website","url":"https:\/\/lasentinelle.dz\/","name":"La Sentinelle","description":"Quotidien national d&#039;information","publisher":{"@id":"https:\/\/lasentinelle.dz\/#organization"},"potentialAction":[{"@type":"SearchAction","target":{"@type":"EntryPoint","urlTemplate":"https:\/\/lasentinelle.dz\/?s={search_term_string}"},"query-input":{"@type":"PropertyValueSpecification","valueRequired":true,"valueName":"search_term_string"}}],"inLanguage":"fr-FR"},{"@type":"Organization","@id":"https:\/\/lasentinelle.dz\/#organization","name":"Quotidien La Sentinelle","url":"https:\/\/lasentinelle.dz\/","logo":{"@type":"ImageObject","inLanguage":"fr-FR","@id":"https:\/\/lasentinelle.dz\/#\/schema\/logo\/image\/","url":"https:\/\/lasentinelle.dz\/wp-content\/uploads\/2021\/09\/logo-sentinelleSLOGAN-1.png","contentUrl":"https:\/\/lasentinelle.dz\/wp-content\/uploads\/2021\/09\/logo-sentinelleSLOGAN-1.png","width":615,"height":142,"caption":"Quotidien La Sentinelle"},"image":{"@id":"https:\/\/lasentinelle.dz\/#\/schema\/logo\/image\/"},"sameAs":["https:\/\/www.facebook.com\/La-Sentinelle-104059864394773"]},{"@type":"Person","@id":"https:\/\/lasentinelle.dz\/#\/schema\/person\/d865044e22e70a75174ce8bcad3acfb3","name":"La Sentinelle","image":{"@type":"ImageObject","inLanguage":"fr-FR","@id":"https:\/\/secure.gravatar.com\/avatar\/57de8e5d4b15d43fb361a71fbb36338450fe67865b528a43dd10ef7c51a20392?s=96&d=mm&r=g","url":"https:\/\/secure.gravatar.com\/avatar\/57de8e5d4b15d43fb361a71fbb36338450fe67865b528a43dd10ef7c51a20392?s=96&d=mm&r=g","contentUrl":"https:\/\/secure.gravatar.com\/avatar\/57de8e5d4b15d43fb361a71fbb36338450fe67865b528a43dd10ef7c51a20392?s=96&d=mm&r=g","caption":"La Sentinelle"},"sameAs":["http:\/\/www.lasentinelle.dz"],"url":"https:\/\/lasentinelle.dz\/author\/redaction\/"}]}},"_links":{"self":[{"href":"https:\/\/lasentinelle.dz\/index.php\/wp-json\/wp\/v2\/posts\/15523","targetHints":{"allow":["GET"]}}],"collection":[{"href":"https:\/\/lasentinelle.dz\/index.php\/wp-json\/wp\/v2\/posts"}],"about":[{"href":"https:\/\/lasentinelle.dz\/index.php\/wp-json\/wp\/v2\/types\/post"}],"author":[{"embeddable":true,"href":"https:\/\/lasentinelle.dz\/index.php\/wp-json\/wp\/v2\/users\/3"}],"replies":[{"embeddable":true,"href":"https:\/\/lasentinelle.dz\/index.php\/wp-json\/wp\/v2\/comments?post=15523"}],"version-history":[{"count":1,"href":"https:\/\/lasentinelle.dz\/index.php\/wp-json\/wp\/v2\/posts\/15523\/revisions"}],"predecessor-version":[{"id":15527,"href":"https:\/\/lasentinelle.dz\/index.php\/wp-json\/wp\/v2\/posts\/15523\/revisions\/15527"}],"wp:featuredmedia":[{"embeddable":true,"href":"https:\/\/lasentinelle.dz\/index.php\/wp-json\/wp\/v2\/media\/15526"}],"wp:attachment":[{"href":"https:\/\/lasentinelle.dz\/index.php\/wp-json\/wp\/v2\/media?parent=15523"}],"wp:term":[{"taxonomy":"category","embeddable":true,"href":"https:\/\/lasentinelle.dz\/index.php\/wp-json\/wp\/v2\/categories?post=15523"},{"taxonomy":"post_tag","embeddable":true,"href":"https:\/\/lasentinelle.dz\/index.php\/wp-json\/wp\/v2\/tags?post=15523"}],"curies":[{"name":"wp","href":"https:\/\/api.w.org\/{rel}","templated":true}]}}