{"id":15536,"date":"2021-12-26T00:05:00","date_gmt":"2021-12-25T23:05:00","guid":{"rendered":"https:\/\/lasentinelle.dz\/?p=15536"},"modified":"2021-12-25T20:30:31","modified_gmt":"2021-12-25T19:30:31","slug":"logements-publics-soigner-limage-des-villes","status":"publish","type":"post","link":"https:\/\/lasentinelle.dz\/index.php\/2021\/12\/26\/logements-publics-soigner-limage-des-villes\/","title":{"rendered":"Logements publics : Soigner l\u2019image des villes !"},"content":{"rendered":"\n<p>Jusque-l\u00e0, la seule priorit\u00e9 qui \u00e9tait prise en compte dans le secteur de l\u2019Habitat \u00e9tait de disposer de logements publics en nombre suffisant pour couvrir la demande et les besoins. Et cela a eu pour effet de cr\u00e9er des cit\u00e9s dortoirs qui ont champignonn\u00e9 dans l\u2019ensemble du territoire national, lesquels manquaient de nombreux services publics en sus d\u2019enlaidir les villes, car ignorant les normes d\u2019urbanisme. Cela va changer. Il semble que les responsables du secteur aient d\u00e9cid\u00e9 de soigner l\u2019image des nouvelles constructions.&nbsp;<\/p>\n\n\n\n<p>Intervenant \u00e0 la c\u00e9r\u00e9monie de la remise du prix du pr\u00e9sident de la&nbsp;R\u00e9publique de l&rsquo;architecture et de l&rsquo;urbanisme&nbsp;hier\u00e0 Alger, le ministre de l&rsquo;Habitat, de l&rsquo;Urbanisme et de la Ville, Mohamed Tarek Belaribi a assur\u00e9 que son d\u00e9partement va accorder un int\u00e9r\u00eat particulier aux aspects urbanistique et architectural \u00e0 tous les projets de logements durant l&rsquo;ann\u00e9e 2022.&nbsp;&nbsp;Un int\u00e9r\u00eat, explique-t-il, qui sera mat\u00e9rialis\u00e9 via notamment \u00ab\u00a0la relance, l&rsquo;\u00e9tude et la r\u00e9vision&nbsp;de la&nbsp;loi sur l&rsquo;urbanisme au&nbsp;Parlement\u00a0\u00bb. Par&nbsp;&nbsp;ailleurs, faisant remarquer que la crise du logement est relativement d\u00e9pass\u00e9e gr\u00e2ce \u00e0 la politique suivie jusque-l\u00e0, M. Belaribi&nbsp;&nbsp;a pr\u00e9conis\u00e9 le passage \u00e0 une autre \u00e9tape marqu\u00e9e notamment par&nbsp;&nbsp;des projets de restauration des vieux tissus urbanistiques et rechercher la qualit\u00e9 en mati\u00e8re de production urbanistique, dans le cadre du d\u00e9veloppement durable\u00a0\u00bb.<\/p>\n\n\n\n<p>Le ministre de l&rsquo;Habitat, de l&rsquo;Urbanisme et de la Ville a \u00e9galement soulev\u00e9 un autre point qui repr\u00e9sente un indicateur de cet int\u00e9r\u00eat particulier qu&rsquo;accorde le gouvernement \u00e0 l&rsquo;urbanisme en rappelant notamment l&rsquo;int\u00e9r\u00eat particulier r\u00e9serv\u00e9 \u00e0 la pr\u00e9servation du patrimoine et de l&rsquo;identit\u00e9 culturelle et religieuse, en encourageant les architectes ainsi que tous les acteurs dans le domaine de l&rsquo;urbanisme \u00e0 pr\u00e9server, dans leurs plans de conception, le cachet architectural de chaque r\u00e9gion\u00a0\u00bb.&nbsp;&nbsp;Cela sans omettre de souligner que son secteur \u00ab\u00a0a r\u00e9ussi \u00e0 consolider les acquis sociaux, tel que pr\u00e9vu dans le programme du Pr\u00e9sident de la R\u00e9publique\u00a0\u00bb.<\/p>\n\n\n\n<p>Par ailleurs, il convient de noter que le prix national du pr\u00e9sident de la&nbsp;R\u00e9publique de l&rsquo;architecture et de l&rsquo;urbanisme qui se d\u00e9cline en trois cat\u00e9gories a \u00e9t\u00e9 remis aux trois laur\u00e9ats&nbsp;au cours d\u2019une c\u00e9r\u00e9monie qui s\u2019est tenue hier au&nbsp;Centre international des conf\u00e9rences \u00ab\u00a0Abdellatif-Rahal\u00a0\u00bb, sous le th\u00e8me : \u00ab\u00a0L&rsquo;urbanisme entre patrimoine&nbsp;et&nbsp;modernit\u00e9\u00a0\u00bb. Aussi, le prix a \u00e9t\u00e9 attribu\u00e9 \u00e0 l&rsquo;architecte Tarik Bey Ramdane pour sa conception du plan du centre commercial et de loisirs Garden City, sis entre Dely Ibrahim et Cheraga (Alger). Un prix remis par le conseiller du Pr\u00e9sident de la R\u00e9publique, charg\u00e9 des relations ext\u00e9rieures, Abdelhafid Allahoum. Le Prix du Premier ministre a \u00e9t\u00e9 attribu\u00e9 \u00e0 l&rsquo;architecte Redhouan Arouni pour sa conception du plan du projet des 169 logements promotionnels \u00e0 Tipasa.<\/p>\n\n\n\n<p>Enfin, quant \u00e0 lui, le Prix du ministre de l&rsquo;Habitat, de l&rsquo;Urbanisme et de la Ville a \u00e9t\u00e9 attribu\u00e9 \u00e0 l&rsquo;architecte Hocine Zerarga pour sa conception du plan du projet de l&rsquo;h\u00f4pital Colonel-Lotfi de Laghouat qui est d&rsquo;une capacit\u00e9 d&rsquo;accueil de 240 lits. Il a \u00e9t\u00e9 remis par le ministre de la Sant\u00e9, Abderrahmane Benbouzid. Le concepteur du plan de Djemaa ElDjaza\u00efr, l&rsquo;architecte allemand J\u00fcrgen Engel a lui re\u00e7u un prix sp\u00e9cial pour son travail architectural de grande qualit\u00e9.&nbsp;<\/p>\n\n\n\n<p><strong>Akli Amor<\/strong><\/p>\n","protected":false},"excerpt":{"rendered":"<p>Jusque-l\u00e0, la seule priorit\u00e9 qui \u00e9tait prise en compte dans le secteur de l\u2019Habitat \u00e9tait de disposer de logements publics<\/p>\n","protected":false},"author":3,"featured_media":15537,"comment_status":"open","ping_status":"closed","sticky":false,"template":"","format":"standard","meta":{"colormag_page_container_layout":"default_layout","colormag_page_sidebar_layout":"default_layout","om_disable_all_campaigns":false,"_monsterinsights_skip_tracking":false,"_monsterinsights_sitenote_active":false,"_monsterinsights_sitenote_note":"","_monsterinsights_sitenote_category":0,"footnotes":"","_wpscppro_dont_share_socialmedia":false,"_wpscppro_custom_social_share_image":0,"_facebook_share_type":"","_twitter_share_type":"","_linkedin_share_type":"","_pinterest_share_type":"","_linkedin_share_type_page":"","_instagram_share_type":"","_medium_share_type":"","_threads_share_type":"","_google_business_share_type":"","_selected_social_profile":[],"_wpsp_enable_custom_social_template":false,"_wpsp_social_scheduling":{"enabled":false,"datetime":null,"platforms":[],"status":"template_only","dateOption":"today","timeOption":"now","customDays":"","customHours":"","customDate":"","customTime":"","schedulingType":"absolute"},"_wpsp_active_default_template":true},"categories":[52,27],"tags":[],"class_list":["post-15536","post","type-post","status-publish","format-standard","has-post-thumbnail","hentry","category-a-la-une","category-actualite"],"aioseo_notices":[],"yoast_head":"<!-- This site is optimized with the Yoast SEO plugin v27.5 - https:\/\/yoast.com\/product\/yoast-seo-wordpress\/ -->\n<title>Logements publics : Soigner l\u2019image des villes ! - La Sentinelle<\/title>\n<meta name=\"robots\" content=\"index, follow, max-snippet:-1, max-image-preview:large, max-video-preview:-1\" \/>\n<link rel=\"canonical\" href=\"https:\/\/lasentinelle.dz\/index.php\/2021\/12\/26\/logements-publics-soigner-limage-des-villes\/\" \/>\n<meta property=\"og:locale\" content=\"fr_FR\" \/>\n<meta property=\"og:type\" content=\"article\" \/>\n<meta property=\"og:title\" content=\"Logements publics : Soigner l\u2019image des villes ! - La Sentinelle\" \/>\n<meta property=\"og:description\" content=\"Jusque-l\u00e0, la seule priorit\u00e9 qui \u00e9tait prise en compte dans le secteur de l\u2019Habitat \u00e9tait de disposer de logements publics\" \/>\n<meta property=\"og:url\" content=\"https:\/\/lasentinelle.dz\/index.php\/2021\/12\/26\/logements-publics-soigner-limage-des-villes\/\" \/>\n<meta property=\"og:site_name\" content=\"La Sentinelle\" \/>\n<meta property=\"article:publisher\" content=\"https:\/\/www.facebook.com\/La-Sentinelle-104059864394773\" \/>\n<meta property=\"article:published_time\" content=\"2021-12-25T23:05:00+00:00\" \/>\n<meta property=\"og:image\" content=\"https:\/\/lasentinelle.dz\/wp-content\/uploads\/2021\/12\/Habitat.png\" \/>\n\t<meta property=\"og:image:width\" content=\"1949\" \/>\n\t<meta property=\"og:image:height\" content=\"900\" \/>\n\t<meta property=\"og:image:type\" content=\"image\/png\" \/>\n<meta name=\"author\" content=\"La Sentinelle\" \/>\n<meta name=\"twitter:card\" content=\"summary_large_image\" \/>\n<meta name=\"twitter:label1\" content=\"\u00c9crit par\" \/>\n\t<meta name=\"twitter:data1\" content=\"La Sentinelle\" \/>\n\t<meta name=\"twitter:label2\" content=\"Dur\u00e9e de lecture estim\u00e9e\" \/>\n\t<meta name=\"twitter:data2\" content=\"3 minutes\" \/>\n<script type=\"application\/ld+json\" class=\"yoast-schema-graph\">{\"@context\":\"https:\\\/\\\/schema.org\",\"@graph\":[{\"@type\":\"Article\",\"@id\":\"https:\\\/\\\/lasentinelle.dz\\\/index.php\\\/2021\\\/12\\\/26\\\/logements-publics-soigner-limage-des-villes\\\/#article\",\"isPartOf\":{\"@id\":\"https:\\\/\\\/lasentinelle.dz\\\/index.php\\\/2021\\\/12\\\/26\\\/logements-publics-soigner-limage-des-villes\\\/\"},\"author\":{\"name\":\"La Sentinelle\",\"@id\":\"https:\\\/\\\/lasentinelle.dz\\\/#\\\/schema\\\/person\\\/d865044e22e70a75174ce8bcad3acfb3\"},\"headline\":\"Logements publics : Soigner l\u2019image des villes !\",\"datePublished\":\"2021-12-25T23:05:00+00:00\",\"mainEntityOfPage\":{\"@id\":\"https:\\\/\\\/lasentinelle.dz\\\/index.php\\\/2021\\\/12\\\/26\\\/logements-publics-soigner-limage-des-villes\\\/\"},\"wordCount\":621,\"commentCount\":0,\"publisher\":{\"@id\":\"https:\\\/\\\/lasentinelle.dz\\\/#organization\"},\"image\":{\"@id\":\"https:\\\/\\\/lasentinelle.dz\\\/index.php\\\/2021\\\/12\\\/26\\\/logements-publics-soigner-limage-des-villes\\\/#primaryimage\"},\"thumbnailUrl\":\"https:\\\/\\\/lasentinelle.dz\\\/wp-content\\\/uploads\\\/2021\\\/12\\\/Habitat.png\",\"articleSection\":[\"\u00c0 la Une\",\"Actualit\u00e9\"],\"inLanguage\":\"fr-FR\",\"potentialAction\":[{\"@type\":\"CommentAction\",\"name\":\"Comment\",\"target\":[\"https:\\\/\\\/lasentinelle.dz\\\/index.php\\\/2021\\\/12\\\/26\\\/logements-publics-soigner-limage-des-villes\\\/#respond\"]}]},{\"@type\":\"WebPage\",\"@id\":\"https:\\\/\\\/lasentinelle.dz\\\/index.php\\\/2021\\\/12\\\/26\\\/logements-publics-soigner-limage-des-villes\\\/\",\"url\":\"https:\\\/\\\/lasentinelle.dz\\\/index.php\\\/2021\\\/12\\\/26\\\/logements-publics-soigner-limage-des-villes\\\/\",\"name\":\"Logements publics : Soigner l\u2019image des villes ! - La Sentinelle\",\"isPartOf\":{\"@id\":\"https:\\\/\\\/lasentinelle.dz\\\/#website\"},\"primaryImageOfPage\":{\"@id\":\"https:\\\/\\\/lasentinelle.dz\\\/index.php\\\/2021\\\/12\\\/26\\\/logements-publics-soigner-limage-des-villes\\\/#primaryimage\"},\"image\":{\"@id\":\"https:\\\/\\\/lasentinelle.dz\\\/index.php\\\/2021\\\/12\\\/26\\\/logements-publics-soigner-limage-des-villes\\\/#primaryimage\"},\"thumbnailUrl\":\"https:\\\/\\\/lasentinelle.dz\\\/wp-content\\\/uploads\\\/2021\\\/12\\\/Habitat.png\",\"datePublished\":\"2021-12-25T23:05:00+00:00\",\"breadcrumb\":{\"@id\":\"https:\\\/\\\/lasentinelle.dz\\\/index.php\\\/2021\\\/12\\\/26\\\/logements-publics-soigner-limage-des-villes\\\/#breadcrumb\"},\"inLanguage\":\"fr-FR\",\"potentialAction\":[{\"@type\":\"ReadAction\",\"target\":[\"https:\\\/\\\/lasentinelle.dz\\\/index.php\\\/2021\\\/12\\\/26\\\/logements-publics-soigner-limage-des-villes\\\/\"]}]},{\"@type\":\"ImageObject\",\"inLanguage\":\"fr-FR\",\"@id\":\"https:\\\/\\\/lasentinelle.dz\\\/index.php\\\/2021\\\/12\\\/26\\\/logements-publics-soigner-limage-des-villes\\\/#primaryimage\",\"url\":\"https:\\\/\\\/lasentinelle.dz\\\/wp-content\\\/uploads\\\/2021\\\/12\\\/Habitat.png\",\"contentUrl\":\"https:\\\/\\\/lasentinelle.dz\\\/wp-content\\\/uploads\\\/2021\\\/12\\\/Habitat.png\",\"width\":1949,\"height\":900},{\"@type\":\"BreadcrumbList\",\"@id\":\"https:\\\/\\\/lasentinelle.dz\\\/index.php\\\/2021\\\/12\\\/26\\\/logements-publics-soigner-limage-des-villes\\\/#breadcrumb\",\"itemListElement\":[{\"@type\":\"ListItem\",\"position\":1,\"name\":\"Accueil\",\"item\":\"https:\\\/\\\/lasentinelle.dz\\\/\"},{\"@type\":\"ListItem\",\"position\":2,\"name\":\"Logements publics : Soigner l\u2019image des villes !\"}]},{\"@type\":\"WebSite\",\"@id\":\"https:\\\/\\\/lasentinelle.dz\\\/#website\",\"url\":\"https:\\\/\\\/lasentinelle.dz\\\/\",\"name\":\"La Sentinelle\",\"description\":\"Quotidien national d&#039;information\",\"publisher\":{\"@id\":\"https:\\\/\\\/lasentinelle.dz\\\/#organization\"},\"potentialAction\":[{\"@type\":\"SearchAction\",\"target\":{\"@type\":\"EntryPoint\",\"urlTemplate\":\"https:\\\/\\\/lasentinelle.dz\\\/?s={search_term_string}\"},\"query-input\":{\"@type\":\"PropertyValueSpecification\",\"valueRequired\":true,\"valueName\":\"search_term_string\"}}],\"inLanguage\":\"fr-FR\"},{\"@type\":\"Organization\",\"@id\":\"https:\\\/\\\/lasentinelle.dz\\\/#organization\",\"name\":\"Quotidien La Sentinelle\",\"url\":\"https:\\\/\\\/lasentinelle.dz\\\/\",\"logo\":{\"@type\":\"ImageObject\",\"inLanguage\":\"fr-FR\",\"@id\":\"https:\\\/\\\/lasentinelle.dz\\\/#\\\/schema\\\/logo\\\/image\\\/\",\"url\":\"https:\\\/\\\/lasentinelle.dz\\\/wp-content\\\/uploads\\\/2021\\\/09\\\/logo-sentinelleSLOGAN-1.png\",\"contentUrl\":\"https:\\\/\\\/lasentinelle.dz\\\/wp-content\\\/uploads\\\/2021\\\/09\\\/logo-sentinelleSLOGAN-1.png\",\"width\":615,\"height\":142,\"caption\":\"Quotidien La Sentinelle\"},\"image\":{\"@id\":\"https:\\\/\\\/lasentinelle.dz\\\/#\\\/schema\\\/logo\\\/image\\\/\"},\"sameAs\":[\"https:\\\/\\\/www.facebook.com\\\/La-Sentinelle-104059864394773\"]},{\"@type\":\"Person\",\"@id\":\"https:\\\/\\\/lasentinelle.dz\\\/#\\\/schema\\\/person\\\/d865044e22e70a75174ce8bcad3acfb3\",\"name\":\"La Sentinelle\",\"image\":{\"@type\":\"ImageObject\",\"inLanguage\":\"fr-FR\",\"@id\":\"https:\\\/\\\/secure.gravatar.com\\\/avatar\\\/57de8e5d4b15d43fb361a71fbb36338450fe67865b528a43dd10ef7c51a20392?s=96&d=mm&r=g\",\"url\":\"https:\\\/\\\/secure.gravatar.com\\\/avatar\\\/57de8e5d4b15d43fb361a71fbb36338450fe67865b528a43dd10ef7c51a20392?s=96&d=mm&r=g\",\"contentUrl\":\"https:\\\/\\\/secure.gravatar.com\\\/avatar\\\/57de8e5d4b15d43fb361a71fbb36338450fe67865b528a43dd10ef7c51a20392?s=96&d=mm&r=g\",\"caption\":\"La Sentinelle\"},\"sameAs\":[\"http:\\\/\\\/www.lasentinelle.dz\"],\"url\":\"https:\\\/\\\/lasentinelle.dz\\\/author\\\/redaction\\\/\"}]}<\/script>\n<!-- \/ Yoast SEO plugin. -->","yoast_head_json":{"title":"Logements publics : Soigner l\u2019image des villes ! - La Sentinelle","robots":{"index":"index","follow":"follow","max-snippet":"max-snippet:-1","max-image-preview":"max-image-preview:large","max-video-preview":"max-video-preview:-1"},"canonical":"https:\/\/lasentinelle.dz\/index.php\/2021\/12\/26\/logements-publics-soigner-limage-des-villes\/","og_locale":"fr_FR","og_type":"article","og_title":"Logements publics : Soigner l\u2019image des villes ! - La Sentinelle","og_description":"Jusque-l\u00e0, la seule priorit\u00e9 qui \u00e9tait prise en compte dans le secteur de l\u2019Habitat \u00e9tait de disposer de logements publics","og_url":"https:\/\/lasentinelle.dz\/index.php\/2021\/12\/26\/logements-publics-soigner-limage-des-villes\/","og_site_name":"La Sentinelle","article_publisher":"https:\/\/www.facebook.com\/La-Sentinelle-104059864394773","article_published_time":"2021-12-25T23:05:00+00:00","og_image":[{"width":1949,"height":900,"url":"https:\/\/lasentinelle.dz\/wp-content\/uploads\/2021\/12\/Habitat.png","type":"image\/png"}],"author":"La Sentinelle","twitter_card":"summary_large_image","twitter_misc":{"\u00c9crit par":"La Sentinelle","Dur\u00e9e de lecture estim\u00e9e":"3 minutes"},"schema":{"@context":"https:\/\/schema.org","@graph":[{"@type":"Article","@id":"https:\/\/lasentinelle.dz\/index.php\/2021\/12\/26\/logements-publics-soigner-limage-des-villes\/#article","isPartOf":{"@id":"https:\/\/lasentinelle.dz\/index.php\/2021\/12\/26\/logements-publics-soigner-limage-des-villes\/"},"author":{"name":"La Sentinelle","@id":"https:\/\/lasentinelle.dz\/#\/schema\/person\/d865044e22e70a75174ce8bcad3acfb3"},"headline":"Logements publics : Soigner l\u2019image des villes !","datePublished":"2021-12-25T23:05:00+00:00","mainEntityOfPage":{"@id":"https:\/\/lasentinelle.dz\/index.php\/2021\/12\/26\/logements-publics-soigner-limage-des-villes\/"},"wordCount":621,"commentCount":0,"publisher":{"@id":"https:\/\/lasentinelle.dz\/#organization"},"image":{"@id":"https:\/\/lasentinelle.dz\/index.php\/2021\/12\/26\/logements-publics-soigner-limage-des-villes\/#primaryimage"},"thumbnailUrl":"https:\/\/lasentinelle.dz\/wp-content\/uploads\/2021\/12\/Habitat.png","articleSection":["\u00c0 la Une","Actualit\u00e9"],"inLanguage":"fr-FR","potentialAction":[{"@type":"CommentAction","name":"Comment","target":["https:\/\/lasentinelle.dz\/index.php\/2021\/12\/26\/logements-publics-soigner-limage-des-villes\/#respond"]}]},{"@type":"WebPage","@id":"https:\/\/lasentinelle.dz\/index.php\/2021\/12\/26\/logements-publics-soigner-limage-des-villes\/","url":"https:\/\/lasentinelle.dz\/index.php\/2021\/12\/26\/logements-publics-soigner-limage-des-villes\/","name":"Logements publics : Soigner l\u2019image des villes ! - La Sentinelle","isPartOf":{"@id":"https:\/\/lasentinelle.dz\/#website"},"primaryImageOfPage":{"@id":"https:\/\/lasentinelle.dz\/index.php\/2021\/12\/26\/logements-publics-soigner-limage-des-villes\/#primaryimage"},"image":{"@id":"https:\/\/lasentinelle.dz\/index.php\/2021\/12\/26\/logements-publics-soigner-limage-des-villes\/#primaryimage"},"thumbnailUrl":"https:\/\/lasentinelle.dz\/wp-content\/uploads\/2021\/12\/Habitat.png","datePublished":"2021-12-25T23:05:00+00:00","breadcrumb":{"@id":"https:\/\/lasentinelle.dz\/index.php\/2021\/12\/26\/logements-publics-soigner-limage-des-villes\/#breadcrumb"},"inLanguage":"fr-FR","potentialAction":[{"@type":"ReadAction","target":["https:\/\/lasentinelle.dz\/index.php\/2021\/12\/26\/logements-publics-soigner-limage-des-villes\/"]}]},{"@type":"ImageObject","inLanguage":"fr-FR","@id":"https:\/\/lasentinelle.dz\/index.php\/2021\/12\/26\/logements-publics-soigner-limage-des-villes\/#primaryimage","url":"https:\/\/lasentinelle.dz\/wp-content\/uploads\/2021\/12\/Habitat.png","contentUrl":"https:\/\/lasentinelle.dz\/wp-content\/uploads\/2021\/12\/Habitat.png","width":1949,"height":900},{"@type":"BreadcrumbList","@id":"https:\/\/lasentinelle.dz\/index.php\/2021\/12\/26\/logements-publics-soigner-limage-des-villes\/#breadcrumb","itemListElement":[{"@type":"ListItem","position":1,"name":"Accueil","item":"https:\/\/lasentinelle.dz\/"},{"@type":"ListItem","position":2,"name":"Logements publics : Soigner l\u2019image des villes !"}]},{"@type":"WebSite","@id":"https:\/\/lasentinelle.dz\/#website","url":"https:\/\/lasentinelle.dz\/","name":"La Sentinelle","description":"Quotidien national d&#039;information","publisher":{"@id":"https:\/\/lasentinelle.dz\/#organization"},"potentialAction":[{"@type":"SearchAction","target":{"@type":"EntryPoint","urlTemplate":"https:\/\/lasentinelle.dz\/?s={search_term_string}"},"query-input":{"@type":"PropertyValueSpecification","valueRequired":true,"valueName":"search_term_string"}}],"inLanguage":"fr-FR"},{"@type":"Organization","@id":"https:\/\/lasentinelle.dz\/#organization","name":"Quotidien La Sentinelle","url":"https:\/\/lasentinelle.dz\/","logo":{"@type":"ImageObject","inLanguage":"fr-FR","@id":"https:\/\/lasentinelle.dz\/#\/schema\/logo\/image\/","url":"https:\/\/lasentinelle.dz\/wp-content\/uploads\/2021\/09\/logo-sentinelleSLOGAN-1.png","contentUrl":"https:\/\/lasentinelle.dz\/wp-content\/uploads\/2021\/09\/logo-sentinelleSLOGAN-1.png","width":615,"height":142,"caption":"Quotidien La Sentinelle"},"image":{"@id":"https:\/\/lasentinelle.dz\/#\/schema\/logo\/image\/"},"sameAs":["https:\/\/www.facebook.com\/La-Sentinelle-104059864394773"]},{"@type":"Person","@id":"https:\/\/lasentinelle.dz\/#\/schema\/person\/d865044e22e70a75174ce8bcad3acfb3","name":"La Sentinelle","image":{"@type":"ImageObject","inLanguage":"fr-FR","@id":"https:\/\/secure.gravatar.com\/avatar\/57de8e5d4b15d43fb361a71fbb36338450fe67865b528a43dd10ef7c51a20392?s=96&d=mm&r=g","url":"https:\/\/secure.gravatar.com\/avatar\/57de8e5d4b15d43fb361a71fbb36338450fe67865b528a43dd10ef7c51a20392?s=96&d=mm&r=g","contentUrl":"https:\/\/secure.gravatar.com\/avatar\/57de8e5d4b15d43fb361a71fbb36338450fe67865b528a43dd10ef7c51a20392?s=96&d=mm&r=g","caption":"La Sentinelle"},"sameAs":["http:\/\/www.lasentinelle.dz"],"url":"https:\/\/lasentinelle.dz\/author\/redaction\/"}]}},"_links":{"self":[{"href":"https:\/\/lasentinelle.dz\/index.php\/wp-json\/wp\/v2\/posts\/15536","targetHints":{"allow":["GET"]}}],"collection":[{"href":"https:\/\/lasentinelle.dz\/index.php\/wp-json\/wp\/v2\/posts"}],"about":[{"href":"https:\/\/lasentinelle.dz\/index.php\/wp-json\/wp\/v2\/types\/post"}],"author":[{"embeddable":true,"href":"https:\/\/lasentinelle.dz\/index.php\/wp-json\/wp\/v2\/users\/3"}],"replies":[{"embeddable":true,"href":"https:\/\/lasentinelle.dz\/index.php\/wp-json\/wp\/v2\/comments?post=15536"}],"version-history":[{"count":1,"href":"https:\/\/lasentinelle.dz\/index.php\/wp-json\/wp\/v2\/posts\/15536\/revisions"}],"predecessor-version":[{"id":15538,"href":"https:\/\/lasentinelle.dz\/index.php\/wp-json\/wp\/v2\/posts\/15536\/revisions\/15538"}],"wp:featuredmedia":[{"embeddable":true,"href":"https:\/\/lasentinelle.dz\/index.php\/wp-json\/wp\/v2\/media\/15537"}],"wp:attachment":[{"href":"https:\/\/lasentinelle.dz\/index.php\/wp-json\/wp\/v2\/media?parent=15536"}],"wp:term":[{"taxonomy":"category","embeddable":true,"href":"https:\/\/lasentinelle.dz\/index.php\/wp-json\/wp\/v2\/categories?post=15536"},{"taxonomy":"post_tag","embeddable":true,"href":"https:\/\/lasentinelle.dz\/index.php\/wp-json\/wp\/v2\/tags?post=15536"}],"curies":[{"name":"wp","href":"https:\/\/api.w.org\/{rel}","templated":true}]}}