{"id":15542,"date":"2021-12-26T00:05:00","date_gmt":"2021-12-25T23:05:00","guid":{"rendered":"https:\/\/lasentinelle.dz\/?p=15542"},"modified":"2021-12-25T20:50:34","modified_gmt":"2021-12-25T19:50:34","slug":"il-concerne-les-lieux-de-regroupement-le-pass-sanitaire-instaure","status":"publish","type":"post","link":"https:\/\/lasentinelle.dz\/index.php\/2021\/12\/26\/il-concerne-les-lieux-de-regroupement-le-pass-sanitaire-instaure\/","title":{"rendered":"Il concerne les lieux de regroupement : Le pass sanitaire instaur\u00e9"},"content":{"rendered":"\n<p>Apr\u00e8s plusieurs atermoiements et reports, le Gouvernement a finalement d\u00e9cid\u00e9 d\u2019instaurer le pass vaccinal dans plusieurs lieux publics et les manifestations caract\u00e9ris\u00e9es par les regroupements de plusieurs personnes. Une d\u00e9cision motiv\u00e9e par les craintes suscit\u00e9es par la propagation rapide du covid-19 dans plusieurs pays, notamment raison du variant Omicron. Cette d\u00e9cision fait \u00e9galement suite \u00e0 la d\u00e9tection des premiers cas du nouveau variant en Alg\u00e9rie. C\u2019est en ce sens que le Gouvernement justifie sa d\u00e9cision par la n\u00e9cessit\u00e9 de prendre des mesures pr\u00e9ventives susceptibles d\u2019\u00e9viter un retour aux mesures de confinement \u00e0 domicile et de suspension de plusieurs activit\u00e9s \u00e9conomiques et en commerciales, en sus des r\u00e9ductions de la mobilit\u00e9 des citoyens que nous avons connues durant les premiers mois de la pand\u00e9mie. Aussi, m\u00eame si le Gouvernement opte pour le pass vaccinal, il prend en consid\u00e9ration le souci de ne pas priver les citoyens de l\u2019acc\u00e8s aux services publics, ni de porter atteinte \u00e0 leurs droits fondamentaux, dans la mesure o\u00f9 le pass sanitaire concerne l\u2019acc\u00e8s aux enceintes qui abritent les comp\u00e9titions sportives, les salles de sport et les piscines, les espaces culturels, les salles de conf\u00e9rences et les lieux abritant des \u00e9v\u00e8nements du genre, les manifestations \u00e9conomiques et commerciales, les lieux accueillant des c\u00e9l\u00e9brations \u00e0 caract\u00e8re national ou local ainsi que les salles des f\u00eates et les hammams.&nbsp;<\/p>\n\n\n\n<p>Les services du Premier ministre ont expliqu\u00e9 hier dans un communiqu\u00e9 que le pass vaccinal d\u00e9j\u00e0 exig\u00e9 pour l\u2019entr\u00e9e et la sortie du territoire, sera d\u00e9sormais \u00e9largi et ce \u00e0 partir d\u2019aujourd\u2019hui et sera accompagn\u00e9 d\u2019autres mesures dans le cadre des efforts d\u2019adaptation \u00e0 l\u2019\u00e9volution de la situation sanitaire. Ainsi, des dispositifs seront \u00e9galement mis en place pour intensifier les op\u00e9rations de la vaccination des fonctionnaires et certains corps des administrations et institutions publiques, ainsi que d\u2019autres m\u00e9tiers des secteurs des services et du commerce devant \u00eatre raisonnablement en premi\u00e8re ligne en mati\u00e8re de vaccination et qui se trouvent plus expos\u00e9s ou susceptibles d\u2019\u00eatre des vecteurs importants de contamination. Ces mesures, qui s\u2019inscrivent dans une d\u00e9marche de l\u2019adaptation r\u00e9guli\u00e8re du dispositif de gestion de la crise sanitaire, visent aussi \u00e0 \u00ab\u00a0\u00e9viter le recours aux mesures de restrictions de la mobilit\u00e9 ou de suspension d\u2019activit\u00e9s \u00e9conomiques, commerciales et sociales ou encore de confinement \u00e0 domicile\u00a0\u00bb, pr\u00e9cise le communiqu\u00e9.<\/p>\n\n\n\n<p>Le Premier minist\u00e8re rappelle que la situation \u00e9pid\u00e9miologique dans notre pays a connu, ces derniers jours, une escalade des cas d&rsquo;infection au covid-19, et conna\u00eetra in\u00e9vitablement une acc\u00e9l\u00e9ration du rythme de sa propagation et ses r\u00e9percussions sur les capacit\u00e9s de r\u00e9silience de nos structures de sant\u00e9, compte tenu du grand laxisme observ\u00e9 chez nos concitoyens pour ce qui est du respect des mesures de pr\u00e9vention et des diff\u00e9rents protocoles sanitaires d&rsquo;une part, et du faible taux de vaccination, d&rsquo;autre part.<\/p>\n\n\n\n<p>Et d\u2019ajouter qu\u2019\u00e0 l&rsquo;heure o\u00f9 elle a \u00e9t\u00e9 encore exacerb\u00e9e par l&rsquo;\u00e9mergence de la nouvelle variable \u00ab Omicron \u00bb, qui conna\u00eet une large diffusion dans de nombreux pays du monde, la situation \u00e9pid\u00e9miologique requiert l&rsquo;engagement de tous les citoyens pour soutenir les efforts nationaux de lutte contre cette \u00e9pid\u00e9mie, en continuant \u00e0 respecter les mesures de pr\u00e9vention, notamment le port obligatoire du masque de protection et respect des r\u00e8gles d&rsquo;hygi\u00e8ne et de distanciation physique, mais aussi par la vaccination, qui reste la meilleure m\u00e9thode de pr\u00e9vention qui prot\u00e9gera les citoyens des effets dangereux de cette pand\u00e9mie .<\/p>\n\n\n\n<p><strong>Chokri Hafed<\/strong><\/p>\n","protected":false},"excerpt":{"rendered":"<p>Apr\u00e8s plusieurs atermoiements et reports, le Gouvernement a finalement d\u00e9cid\u00e9 d\u2019instaurer le pass vaccinal dans plusieurs lieux publics et les<\/p>\n","protected":false},"author":3,"featured_media":15547,"comment_status":"open","ping_status":"closed","sticky":false,"template":"","format":"standard","meta":{"colormag_page_container_layout":"default_layout","colormag_page_sidebar_layout":"default_layout","om_disable_all_campaigns":false,"_monsterinsights_skip_tracking":false,"_monsterinsights_sitenote_active":false,"_monsterinsights_sitenote_note":"","_monsterinsights_sitenote_category":0,"footnotes":"","_wpscppro_dont_share_socialmedia":false,"_wpscppro_custom_social_share_image":0,"_facebook_share_type":"","_twitter_share_type":"","_linkedin_share_type":"","_pinterest_share_type":"","_linkedin_share_type_page":"","_instagram_share_type":"","_medium_share_type":"","_threads_share_type":"","_google_business_share_type":"","_selected_social_profile":[],"_wpsp_enable_custom_social_template":false,"_wpsp_social_scheduling":{"enabled":false,"datetime":null,"platforms":[],"status":"template_only","dateOption":"today","timeOption":"now","customDays":"","customHours":"","customDate":"","customTime":"","schedulingType":"absolute"},"_wpsp_active_default_template":true},"categories":[52,27],"tags":[],"class_list":["post-15542","post","type-post","status-publish","format-standard","has-post-thumbnail","hentry","category-a-la-une","category-actualite"],"aioseo_notices":[],"yoast_head":"<!-- This site is optimized with the Yoast SEO plugin v27.5 - https:\/\/yoast.com\/product\/yoast-seo-wordpress\/ -->\n<title>Il concerne les lieux de regroupement : Le pass sanitaire instaur\u00e9 - La Sentinelle<\/title>\n<meta name=\"robots\" content=\"index, follow, max-snippet:-1, max-image-preview:large, max-video-preview:-1\" \/>\n<link rel=\"canonical\" href=\"https:\/\/lasentinelle.dz\/index.php\/2021\/12\/26\/il-concerne-les-lieux-de-regroupement-le-pass-sanitaire-instaure\/\" \/>\n<meta property=\"og:locale\" content=\"fr_FR\" \/>\n<meta property=\"og:type\" content=\"article\" \/>\n<meta property=\"og:title\" content=\"Il concerne les lieux de regroupement : Le pass sanitaire instaur\u00e9 - La Sentinelle\" \/>\n<meta property=\"og:description\" content=\"Apr\u00e8s plusieurs atermoiements et reports, le Gouvernement a finalement d\u00e9cid\u00e9 d\u2019instaurer le pass vaccinal dans plusieurs lieux publics et les\" \/>\n<meta property=\"og:url\" content=\"https:\/\/lasentinelle.dz\/index.php\/2021\/12\/26\/il-concerne-les-lieux-de-regroupement-le-pass-sanitaire-instaure\/\" \/>\n<meta property=\"og:site_name\" content=\"La Sentinelle\" \/>\n<meta property=\"article:publisher\" content=\"https:\/\/www.facebook.com\/La-Sentinelle-104059864394773\" \/>\n<meta property=\"article:published_time\" content=\"2021-12-25T23:05:00+00:00\" \/>\n<meta property=\"og:image\" content=\"https:\/\/lasentinelle.dz\/wp-content\/uploads\/2021\/12\/palais-du-gouvernement-1.png\" \/>\n\t<meta property=\"og:image:width\" content=\"1355\" \/>\n\t<meta property=\"og:image:height\" content=\"900\" \/>\n\t<meta property=\"og:image:type\" content=\"image\/png\" \/>\n<meta name=\"author\" content=\"La Sentinelle\" \/>\n<meta name=\"twitter:card\" content=\"summary_large_image\" \/>\n<meta name=\"twitter:label1\" content=\"\u00c9crit par\" \/>\n\t<meta name=\"twitter:data1\" content=\"La Sentinelle\" \/>\n\t<meta name=\"twitter:label2\" content=\"Dur\u00e9e de lecture estim\u00e9e\" \/>\n\t<meta name=\"twitter:data2\" content=\"3 minutes\" \/>\n<script type=\"application\/ld+json\" class=\"yoast-schema-graph\">{\"@context\":\"https:\\\/\\\/schema.org\",\"@graph\":[{\"@type\":\"Article\",\"@id\":\"https:\\\/\\\/lasentinelle.dz\\\/index.php\\\/2021\\\/12\\\/26\\\/il-concerne-les-lieux-de-regroupement-le-pass-sanitaire-instaure\\\/#article\",\"isPartOf\":{\"@id\":\"https:\\\/\\\/lasentinelle.dz\\\/index.php\\\/2021\\\/12\\\/26\\\/il-concerne-les-lieux-de-regroupement-le-pass-sanitaire-instaure\\\/\"},\"author\":{\"name\":\"La Sentinelle\",\"@id\":\"https:\\\/\\\/lasentinelle.dz\\\/#\\\/schema\\\/person\\\/d865044e22e70a75174ce8bcad3acfb3\"},\"headline\":\"Il concerne les lieux de regroupement : Le pass sanitaire instaur\u00e9\",\"datePublished\":\"2021-12-25T23:05:00+00:00\",\"mainEntityOfPage\":{\"@id\":\"https:\\\/\\\/lasentinelle.dz\\\/index.php\\\/2021\\\/12\\\/26\\\/il-concerne-les-lieux-de-regroupement-le-pass-sanitaire-instaure\\\/\"},\"wordCount\":641,\"commentCount\":0,\"publisher\":{\"@id\":\"https:\\\/\\\/lasentinelle.dz\\\/#organization\"},\"image\":{\"@id\":\"https:\\\/\\\/lasentinelle.dz\\\/index.php\\\/2021\\\/12\\\/26\\\/il-concerne-les-lieux-de-regroupement-le-pass-sanitaire-instaure\\\/#primaryimage\"},\"thumbnailUrl\":\"https:\\\/\\\/lasentinelle.dz\\\/wp-content\\\/uploads\\\/2021\\\/12\\\/palais-du-gouvernement-1.png\",\"articleSection\":[\"\u00c0 la Une\",\"Actualit\u00e9\"],\"inLanguage\":\"fr-FR\",\"potentialAction\":[{\"@type\":\"CommentAction\",\"name\":\"Comment\",\"target\":[\"https:\\\/\\\/lasentinelle.dz\\\/index.php\\\/2021\\\/12\\\/26\\\/il-concerne-les-lieux-de-regroupement-le-pass-sanitaire-instaure\\\/#respond\"]}]},{\"@type\":\"WebPage\",\"@id\":\"https:\\\/\\\/lasentinelle.dz\\\/index.php\\\/2021\\\/12\\\/26\\\/il-concerne-les-lieux-de-regroupement-le-pass-sanitaire-instaure\\\/\",\"url\":\"https:\\\/\\\/lasentinelle.dz\\\/index.php\\\/2021\\\/12\\\/26\\\/il-concerne-les-lieux-de-regroupement-le-pass-sanitaire-instaure\\\/\",\"name\":\"Il concerne les lieux de regroupement : Le pass sanitaire instaur\u00e9 - La Sentinelle\",\"isPartOf\":{\"@id\":\"https:\\\/\\\/lasentinelle.dz\\\/#website\"},\"primaryImageOfPage\":{\"@id\":\"https:\\\/\\\/lasentinelle.dz\\\/index.php\\\/2021\\\/12\\\/26\\\/il-concerne-les-lieux-de-regroupement-le-pass-sanitaire-instaure\\\/#primaryimage\"},\"image\":{\"@id\":\"https:\\\/\\\/lasentinelle.dz\\\/index.php\\\/2021\\\/12\\\/26\\\/il-concerne-les-lieux-de-regroupement-le-pass-sanitaire-instaure\\\/#primaryimage\"},\"thumbnailUrl\":\"https:\\\/\\\/lasentinelle.dz\\\/wp-content\\\/uploads\\\/2021\\\/12\\\/palais-du-gouvernement-1.png\",\"datePublished\":\"2021-12-25T23:05:00+00:00\",\"breadcrumb\":{\"@id\":\"https:\\\/\\\/lasentinelle.dz\\\/index.php\\\/2021\\\/12\\\/26\\\/il-concerne-les-lieux-de-regroupement-le-pass-sanitaire-instaure\\\/#breadcrumb\"},\"inLanguage\":\"fr-FR\",\"potentialAction\":[{\"@type\":\"ReadAction\",\"target\":[\"https:\\\/\\\/lasentinelle.dz\\\/index.php\\\/2021\\\/12\\\/26\\\/il-concerne-les-lieux-de-regroupement-le-pass-sanitaire-instaure\\\/\"]}]},{\"@type\":\"ImageObject\",\"inLanguage\":\"fr-FR\",\"@id\":\"https:\\\/\\\/lasentinelle.dz\\\/index.php\\\/2021\\\/12\\\/26\\\/il-concerne-les-lieux-de-regroupement-le-pass-sanitaire-instaure\\\/#primaryimage\",\"url\":\"https:\\\/\\\/lasentinelle.dz\\\/wp-content\\\/uploads\\\/2021\\\/12\\\/palais-du-gouvernement-1.png\",\"contentUrl\":\"https:\\\/\\\/lasentinelle.dz\\\/wp-content\\\/uploads\\\/2021\\\/12\\\/palais-du-gouvernement-1.png\",\"width\":1355,\"height\":900},{\"@type\":\"BreadcrumbList\",\"@id\":\"https:\\\/\\\/lasentinelle.dz\\\/index.php\\\/2021\\\/12\\\/26\\\/il-concerne-les-lieux-de-regroupement-le-pass-sanitaire-instaure\\\/#breadcrumb\",\"itemListElement\":[{\"@type\":\"ListItem\",\"position\":1,\"name\":\"Accueil\",\"item\":\"https:\\\/\\\/lasentinelle.dz\\\/\"},{\"@type\":\"ListItem\",\"position\":2,\"name\":\"Il concerne les lieux de regroupement : Le pass sanitaire instaur\u00e9\"}]},{\"@type\":\"WebSite\",\"@id\":\"https:\\\/\\\/lasentinelle.dz\\\/#website\",\"url\":\"https:\\\/\\\/lasentinelle.dz\\\/\",\"name\":\"La Sentinelle\",\"description\":\"Quotidien national d&#039;information\",\"publisher\":{\"@id\":\"https:\\\/\\\/lasentinelle.dz\\\/#organization\"},\"potentialAction\":[{\"@type\":\"SearchAction\",\"target\":{\"@type\":\"EntryPoint\",\"urlTemplate\":\"https:\\\/\\\/lasentinelle.dz\\\/?s={search_term_string}\"},\"query-input\":{\"@type\":\"PropertyValueSpecification\",\"valueRequired\":true,\"valueName\":\"search_term_string\"}}],\"inLanguage\":\"fr-FR\"},{\"@type\":\"Organization\",\"@id\":\"https:\\\/\\\/lasentinelle.dz\\\/#organization\",\"name\":\"Quotidien La Sentinelle\",\"url\":\"https:\\\/\\\/lasentinelle.dz\\\/\",\"logo\":{\"@type\":\"ImageObject\",\"inLanguage\":\"fr-FR\",\"@id\":\"https:\\\/\\\/lasentinelle.dz\\\/#\\\/schema\\\/logo\\\/image\\\/\",\"url\":\"https:\\\/\\\/lasentinelle.dz\\\/wp-content\\\/uploads\\\/2021\\\/09\\\/logo-sentinelleSLOGAN-1.png\",\"contentUrl\":\"https:\\\/\\\/lasentinelle.dz\\\/wp-content\\\/uploads\\\/2021\\\/09\\\/logo-sentinelleSLOGAN-1.png\",\"width\":615,\"height\":142,\"caption\":\"Quotidien La Sentinelle\"},\"image\":{\"@id\":\"https:\\\/\\\/lasentinelle.dz\\\/#\\\/schema\\\/logo\\\/image\\\/\"},\"sameAs\":[\"https:\\\/\\\/www.facebook.com\\\/La-Sentinelle-104059864394773\"]},{\"@type\":\"Person\",\"@id\":\"https:\\\/\\\/lasentinelle.dz\\\/#\\\/schema\\\/person\\\/d865044e22e70a75174ce8bcad3acfb3\",\"name\":\"La Sentinelle\",\"image\":{\"@type\":\"ImageObject\",\"inLanguage\":\"fr-FR\",\"@id\":\"https:\\\/\\\/secure.gravatar.com\\\/avatar\\\/57de8e5d4b15d43fb361a71fbb36338450fe67865b528a43dd10ef7c51a20392?s=96&d=mm&r=g\",\"url\":\"https:\\\/\\\/secure.gravatar.com\\\/avatar\\\/57de8e5d4b15d43fb361a71fbb36338450fe67865b528a43dd10ef7c51a20392?s=96&d=mm&r=g\",\"contentUrl\":\"https:\\\/\\\/secure.gravatar.com\\\/avatar\\\/57de8e5d4b15d43fb361a71fbb36338450fe67865b528a43dd10ef7c51a20392?s=96&d=mm&r=g\",\"caption\":\"La Sentinelle\"},\"sameAs\":[\"http:\\\/\\\/www.lasentinelle.dz\"],\"url\":\"https:\\\/\\\/lasentinelle.dz\\\/author\\\/redaction\\\/\"}]}<\/script>\n<!-- \/ Yoast SEO plugin. -->","yoast_head_json":{"title":"Il concerne les lieux de regroupement : Le pass sanitaire instaur\u00e9 - La Sentinelle","robots":{"index":"index","follow":"follow","max-snippet":"max-snippet:-1","max-image-preview":"max-image-preview:large","max-video-preview":"max-video-preview:-1"},"canonical":"https:\/\/lasentinelle.dz\/index.php\/2021\/12\/26\/il-concerne-les-lieux-de-regroupement-le-pass-sanitaire-instaure\/","og_locale":"fr_FR","og_type":"article","og_title":"Il concerne les lieux de regroupement : Le pass sanitaire instaur\u00e9 - La Sentinelle","og_description":"Apr\u00e8s plusieurs atermoiements et reports, le Gouvernement a finalement d\u00e9cid\u00e9 d\u2019instaurer le pass vaccinal dans plusieurs lieux publics et les","og_url":"https:\/\/lasentinelle.dz\/index.php\/2021\/12\/26\/il-concerne-les-lieux-de-regroupement-le-pass-sanitaire-instaure\/","og_site_name":"La Sentinelle","article_publisher":"https:\/\/www.facebook.com\/La-Sentinelle-104059864394773","article_published_time":"2021-12-25T23:05:00+00:00","og_image":[{"width":1355,"height":900,"url":"https:\/\/lasentinelle.dz\/wp-content\/uploads\/2021\/12\/palais-du-gouvernement-1.png","type":"image\/png"}],"author":"La Sentinelle","twitter_card":"summary_large_image","twitter_misc":{"\u00c9crit par":"La Sentinelle","Dur\u00e9e de lecture estim\u00e9e":"3 minutes"},"schema":{"@context":"https:\/\/schema.org","@graph":[{"@type":"Article","@id":"https:\/\/lasentinelle.dz\/index.php\/2021\/12\/26\/il-concerne-les-lieux-de-regroupement-le-pass-sanitaire-instaure\/#article","isPartOf":{"@id":"https:\/\/lasentinelle.dz\/index.php\/2021\/12\/26\/il-concerne-les-lieux-de-regroupement-le-pass-sanitaire-instaure\/"},"author":{"name":"La Sentinelle","@id":"https:\/\/lasentinelle.dz\/#\/schema\/person\/d865044e22e70a75174ce8bcad3acfb3"},"headline":"Il concerne les lieux de regroupement : Le pass sanitaire instaur\u00e9","datePublished":"2021-12-25T23:05:00+00:00","mainEntityOfPage":{"@id":"https:\/\/lasentinelle.dz\/index.php\/2021\/12\/26\/il-concerne-les-lieux-de-regroupement-le-pass-sanitaire-instaure\/"},"wordCount":641,"commentCount":0,"publisher":{"@id":"https:\/\/lasentinelle.dz\/#organization"},"image":{"@id":"https:\/\/lasentinelle.dz\/index.php\/2021\/12\/26\/il-concerne-les-lieux-de-regroupement-le-pass-sanitaire-instaure\/#primaryimage"},"thumbnailUrl":"https:\/\/lasentinelle.dz\/wp-content\/uploads\/2021\/12\/palais-du-gouvernement-1.png","articleSection":["\u00c0 la Une","Actualit\u00e9"],"inLanguage":"fr-FR","potentialAction":[{"@type":"CommentAction","name":"Comment","target":["https:\/\/lasentinelle.dz\/index.php\/2021\/12\/26\/il-concerne-les-lieux-de-regroupement-le-pass-sanitaire-instaure\/#respond"]}]},{"@type":"WebPage","@id":"https:\/\/lasentinelle.dz\/index.php\/2021\/12\/26\/il-concerne-les-lieux-de-regroupement-le-pass-sanitaire-instaure\/","url":"https:\/\/lasentinelle.dz\/index.php\/2021\/12\/26\/il-concerne-les-lieux-de-regroupement-le-pass-sanitaire-instaure\/","name":"Il concerne les lieux de regroupement : Le pass sanitaire instaur\u00e9 - La Sentinelle","isPartOf":{"@id":"https:\/\/lasentinelle.dz\/#website"},"primaryImageOfPage":{"@id":"https:\/\/lasentinelle.dz\/index.php\/2021\/12\/26\/il-concerne-les-lieux-de-regroupement-le-pass-sanitaire-instaure\/#primaryimage"},"image":{"@id":"https:\/\/lasentinelle.dz\/index.php\/2021\/12\/26\/il-concerne-les-lieux-de-regroupement-le-pass-sanitaire-instaure\/#primaryimage"},"thumbnailUrl":"https:\/\/lasentinelle.dz\/wp-content\/uploads\/2021\/12\/palais-du-gouvernement-1.png","datePublished":"2021-12-25T23:05:00+00:00","breadcrumb":{"@id":"https:\/\/lasentinelle.dz\/index.php\/2021\/12\/26\/il-concerne-les-lieux-de-regroupement-le-pass-sanitaire-instaure\/#breadcrumb"},"inLanguage":"fr-FR","potentialAction":[{"@type":"ReadAction","target":["https:\/\/lasentinelle.dz\/index.php\/2021\/12\/26\/il-concerne-les-lieux-de-regroupement-le-pass-sanitaire-instaure\/"]}]},{"@type":"ImageObject","inLanguage":"fr-FR","@id":"https:\/\/lasentinelle.dz\/index.php\/2021\/12\/26\/il-concerne-les-lieux-de-regroupement-le-pass-sanitaire-instaure\/#primaryimage","url":"https:\/\/lasentinelle.dz\/wp-content\/uploads\/2021\/12\/palais-du-gouvernement-1.png","contentUrl":"https:\/\/lasentinelle.dz\/wp-content\/uploads\/2021\/12\/palais-du-gouvernement-1.png","width":1355,"height":900},{"@type":"BreadcrumbList","@id":"https:\/\/lasentinelle.dz\/index.php\/2021\/12\/26\/il-concerne-les-lieux-de-regroupement-le-pass-sanitaire-instaure\/#breadcrumb","itemListElement":[{"@type":"ListItem","position":1,"name":"Accueil","item":"https:\/\/lasentinelle.dz\/"},{"@type":"ListItem","position":2,"name":"Il concerne les lieux de regroupement : Le pass sanitaire instaur\u00e9"}]},{"@type":"WebSite","@id":"https:\/\/lasentinelle.dz\/#website","url":"https:\/\/lasentinelle.dz\/","name":"La Sentinelle","description":"Quotidien national d&#039;information","publisher":{"@id":"https:\/\/lasentinelle.dz\/#organization"},"potentialAction":[{"@type":"SearchAction","target":{"@type":"EntryPoint","urlTemplate":"https:\/\/lasentinelle.dz\/?s={search_term_string}"},"query-input":{"@type":"PropertyValueSpecification","valueRequired":true,"valueName":"search_term_string"}}],"inLanguage":"fr-FR"},{"@type":"Organization","@id":"https:\/\/lasentinelle.dz\/#organization","name":"Quotidien La Sentinelle","url":"https:\/\/lasentinelle.dz\/","logo":{"@type":"ImageObject","inLanguage":"fr-FR","@id":"https:\/\/lasentinelle.dz\/#\/schema\/logo\/image\/","url":"https:\/\/lasentinelle.dz\/wp-content\/uploads\/2021\/09\/logo-sentinelleSLOGAN-1.png","contentUrl":"https:\/\/lasentinelle.dz\/wp-content\/uploads\/2021\/09\/logo-sentinelleSLOGAN-1.png","width":615,"height":142,"caption":"Quotidien La Sentinelle"},"image":{"@id":"https:\/\/lasentinelle.dz\/#\/schema\/logo\/image\/"},"sameAs":["https:\/\/www.facebook.com\/La-Sentinelle-104059864394773"]},{"@type":"Person","@id":"https:\/\/lasentinelle.dz\/#\/schema\/person\/d865044e22e70a75174ce8bcad3acfb3","name":"La Sentinelle","image":{"@type":"ImageObject","inLanguage":"fr-FR","@id":"https:\/\/secure.gravatar.com\/avatar\/57de8e5d4b15d43fb361a71fbb36338450fe67865b528a43dd10ef7c51a20392?s=96&d=mm&r=g","url":"https:\/\/secure.gravatar.com\/avatar\/57de8e5d4b15d43fb361a71fbb36338450fe67865b528a43dd10ef7c51a20392?s=96&d=mm&r=g","contentUrl":"https:\/\/secure.gravatar.com\/avatar\/57de8e5d4b15d43fb361a71fbb36338450fe67865b528a43dd10ef7c51a20392?s=96&d=mm&r=g","caption":"La Sentinelle"},"sameAs":["http:\/\/www.lasentinelle.dz"],"url":"https:\/\/lasentinelle.dz\/author\/redaction\/"}]}},"_links":{"self":[{"href":"https:\/\/lasentinelle.dz\/index.php\/wp-json\/wp\/v2\/posts\/15542","targetHints":{"allow":["GET"]}}],"collection":[{"href":"https:\/\/lasentinelle.dz\/index.php\/wp-json\/wp\/v2\/posts"}],"about":[{"href":"https:\/\/lasentinelle.dz\/index.php\/wp-json\/wp\/v2\/types\/post"}],"author":[{"embeddable":true,"href":"https:\/\/lasentinelle.dz\/index.php\/wp-json\/wp\/v2\/users\/3"}],"replies":[{"embeddable":true,"href":"https:\/\/lasentinelle.dz\/index.php\/wp-json\/wp\/v2\/comments?post=15542"}],"version-history":[{"count":1,"href":"https:\/\/lasentinelle.dz\/index.php\/wp-json\/wp\/v2\/posts\/15542\/revisions"}],"predecessor-version":[{"id":15546,"href":"https:\/\/lasentinelle.dz\/index.php\/wp-json\/wp\/v2\/posts\/15542\/revisions\/15546"}],"wp:featuredmedia":[{"embeddable":true,"href":"https:\/\/lasentinelle.dz\/index.php\/wp-json\/wp\/v2\/media\/15547"}],"wp:attachment":[{"href":"https:\/\/lasentinelle.dz\/index.php\/wp-json\/wp\/v2\/media?parent=15542"}],"wp:term":[{"taxonomy":"category","embeddable":true,"href":"https:\/\/lasentinelle.dz\/index.php\/wp-json\/wp\/v2\/categories?post=15542"},{"taxonomy":"post_tag","embeddable":true,"href":"https:\/\/lasentinelle.dz\/index.php\/wp-json\/wp\/v2\/tags?post=15542"}],"curies":[{"name":"wp","href":"https:\/\/api.w.org\/{rel}","templated":true}]}}