{"id":15563,"date":"2021-12-27T00:05:00","date_gmt":"2021-12-26T23:05:00","guid":{"rendered":"https:\/\/lasentinelle.dz\/?p=15563"},"modified":"2021-12-26T20:46:10","modified_gmt":"2021-12-26T19:46:10","slug":"abattage-des-genisses-importes-des-poursuites-contre-les-contrevenants","status":"publish","type":"post","link":"https:\/\/lasentinelle.dz\/index.php\/2021\/12\/27\/abattage-des-genisses-importes-des-poursuites-contre-les-contrevenants\/","title":{"rendered":"Abattage des g\u00e9nisses import\u00e9s : Des poursuites contre les contrevenants"},"content":{"rendered":"\n<p>Le directeur des services v\u00e9t\u00e9rinaires au minist\u00e8re de l\u2019Agriculture et du D\u00e9veloppement rural, Imad Ides&nbsp;a affirm\u00e9 hier que la d\u00e9cision du gouvernement de geler l&rsquo;importation de la poudre de lait a permis une mise \u00e0 jour du fichier des importateurs et une meilleure tra\u00e7abilit\u00e9.&nbsp;<\/p>\n\n\n\n<p>Invit\u00e9 \u00e0 s\u2019exprimer sur les ondes de la Radio alg\u00e9rienne, le responsable du minist\u00e8re charg\u00e9 de l\u2019agriculture a indiqu\u00e9 en ce qui concerne le&nbsp;gel&nbsp;sur les d\u00e9rogations sanitaires pour l\u2019importations de la poudre de lait&nbsp;que cette halte de plusieurs mois a permis de \u00ab mettre \u00e0 jour le fichier des importateurs et de cr\u00e9er une plateforme pour recevoir leurs dossiers et d\u2019\u00e9tablir les d\u00e9rogations d\u2019importation le jour m\u00eame \u00bb. Il pr\u00e9cise en ce sens&nbsp;que \u00ab&nbsp;cette mesure a permis d\u2019\u00e9tablir la tra\u00e7abilit\u00e9 de la poudre de lait import\u00e9e, car actuellement il y a 3 cat\u00e9gories d\u2019importateurs. Il y a&nbsp;d\u2019abord, l\u2019ONIL qui approvisionne quelques 130 laiteries priv\u00e9es et les 15 laiteries publiques du Groupe Giplait. Il y a ensuite les importateurs transformateurs puis les importateurs revendeurs \u00bb.&nbsp;Imad Idres a ainsi fait savoir que \u00ab l\u2019Alg\u00e9rie a import\u00e9 entre 400 et 500 mille tonnes de poudre de lait, en 2020, pour une facture de 1,2 milliard&nbsp;de dollars. Les importations de l\u2019ONIL couvrent pr\u00e8s de 48% de cette quantit\u00e9. Le reste est r\u00e9parti entre les importateurs transformateurs et les importateurs revendeurs \u00bb.<\/p>\n\n\n\n<p>Le&nbsp;m\u00eame responsable&nbsp;a,&nbsp;\u00e9galement,&nbsp;assur\u00e9 que \u00ab&nbsp;le gel n\u2019a jamais touch\u00e9 l\u2019Office national interprofessionnel du lait (ONIL) qui n\u2019a pas arr\u00eat\u00e9 les importations, donc il n\u2019y a pas de manque sur le march\u00e9 \u00bb.Mieux encore,&nbsp;&nbsp;rappelle-t-il,&nbsp;&nbsp;\u00ab plusieurs quantit\u00e9s de poudre de lait qui \u00e9taient en souffrance au niveau du port et qui occasionnaient des surestaries au&nbsp;Tr\u00e9sor public ont \u00e9t\u00e9 d\u00e9bloqu\u00e9es et mises&nbsp;sur le march\u00e9 \u00bb. L&rsquo;impact positif de la d\u00e9cision est \u00e9galement visible sur les stocks de poudre longtemps gard\u00e9s. Les m\u00e9canismes d\u2019incitation aux producteurs de lait cru ont ainsi, explique-t-il, fait que&nbsp;&nbsp;\u00ab la part de la collecte de ce produit a atteint 800 millions de litres \u00bb annon\u00e7ant \u00e0 cet effet la d\u00e9cision du minist\u00e8re de tutelle d&rsquo; \u00ab encourager davantage la collecte de lait cru et sa transformation, car la production annuelle est estim\u00e9e \u00e0 3,5 milliards de litres \u00bb.<\/p>\n\n\n\n<p>Enfin, M. Idres a \u00e9voqu\u00e9 le sujet tr\u00e8s sensible de l&rsquo;abattage des femelles import\u00e9es en annon\u00e7ant que le ministre \u00ab a donn\u00e9 des instructions fermes pour lutter contre l\u2019abatage des&nbsp;g\u00e9nisses laiti\u00e8res&nbsp;\u00bb. Une pratique qui sera d\u00e9sormais s\u00e9v\u00e8rement punie, a-t-il menac\u00e9&nbsp;&nbsp;affirmant que : \u00ab les contrevenants \u00e0 l\u2019interdiction d\u2019abattre les femelles seront poursuivis au p\u00e9nal \u00bb car \u00e0 pr\u00e9sent il faut plut\u00f4t \u00ab repeupler \u00bb les troupeaux, en recourant \u00ab \u00e0 l\u2019importation et aux p\u00e9pini\u00e8res de g\u00e9nisses locales \u00bb. Le d\u00e9partement de l\u2019Agriculture compte \u00e9galement lancer un programme d\u2019ins\u00e9mination qualifi\u00e9 \u00ab d\u2019ambitieux \u00bb, a-t-il fait savoir via notamment \u00ab l&rsquo;introduction de la v\u00eale entre 12 \u00e0 18 mois \u00bb.&nbsp;&nbsp;M. Idres annoncera \u00e9galement une autre mesure importante qui consiste, selon lui, \u00e0 obliger les \u00e9leveurs \u00e0 assurer le cheptel, notamment contre la mortalit\u00e9 \u00bb.&nbsp;<\/p>\n\n\n\n<p>\u00ab&nbsp;Nous avons pr\u00e9vu un programme sp\u00e9cial en 2022 pour accroitre la production du lait cru \u00e0 travers l&rsquo;importation de vaches laiti\u00e8res pour repeupler les b\u00e2timents d&rsquo;\u00e9levage qui sont pratiquement vides. Mais en parall\u00e8le, nous allons prot\u00e9ger ces b\u00eates, en infligeant des peines contre les abattoirs qui pratiquent l&rsquo;abattage clandestin de ces vaches&nbsp;\u00bb,&nbsp;a-t-il&nbsp;affirm\u00e9.&nbsp;&nbsp;Des instructions \u00ab\u00a0fermes\u00a0\u00bb ont \u00e9t\u00e9 donn\u00e9es aux inspecteurs v\u00e9t\u00e9rinaires des abattoirs pour renforcer leur contr\u00f4le contre ces pratiques ill\u00e9gales et d&rsquo;entamer des poursuites judiciaires \u00e0 l&rsquo;encontre des convenants, a-t-il affirm\u00e9.&nbsp;Outre l&rsquo;importation de vaches laiti\u00e8res et de g\u00e9nisses pleines, M. Idres a affirm\u00e9 que le minist\u00e8re compte d\u00e9velopper davantage l&rsquo;\u00e9levage laitier \u00e0 travers la promotion des p\u00e9pini\u00e8res de g\u00e9nisse au niveau local.&nbsp;Par ailleurs, le minist\u00e8re entend obliger les \u00e9leveurs \u00e0 assurer le cheptel bovin contre les maladies des ruminants et leur mortalit\u00e9, ajoute le responsable.<\/p>\n\n\n\n<p><strong>Akli Amor<\/strong><\/p>\n","protected":false},"excerpt":{"rendered":"<p>Le directeur des services v\u00e9t\u00e9rinaires au minist\u00e8re de l\u2019Agriculture et du D\u00e9veloppement rural, Imad Ides&nbsp;a affirm\u00e9 hier que la d\u00e9cision<\/p>\n","protected":false},"author":3,"featured_media":15567,"comment_status":"open","ping_status":"closed","sticky":false,"template":"","format":"standard","meta":{"colormag_page_container_layout":"default_layout","colormag_page_sidebar_layout":"default_layout","om_disable_all_campaigns":false,"_monsterinsights_skip_tracking":false,"_monsterinsights_sitenote_active":false,"_monsterinsights_sitenote_note":"","_monsterinsights_sitenote_category":0,"footnotes":"","_wpscppro_dont_share_socialmedia":false,"_wpscppro_custom_social_share_image":0,"_facebook_share_type":"","_twitter_share_type":"","_linkedin_share_type":"","_pinterest_share_type":"","_linkedin_share_type_page":"","_instagram_share_type":"","_medium_share_type":"","_threads_share_type":"","_google_business_share_type":"","_selected_social_profile":[],"_wpsp_enable_custom_social_template":false,"_wpsp_social_scheduling":{"enabled":false,"datetime":null,"platforms":[],"status":"template_only","dateOption":"today","timeOption":"now","customDays":"","customHours":"","customDate":"","customTime":"","schedulingType":"absolute"},"_wpsp_active_default_template":true},"categories":[52,29],"tags":[],"class_list":["post-15563","post","type-post","status-publish","format-standard","has-post-thumbnail","hentry","category-a-la-une","category-economie"],"aioseo_notices":[],"yoast_head":"<!-- This site is optimized with the Yoast SEO plugin v27.5 - https:\/\/yoast.com\/product\/yoast-seo-wordpress\/ -->\n<title>Abattage des g\u00e9nisses import\u00e9s : Des poursuites contre les contrevenants - La Sentinelle<\/title>\n<meta name=\"robots\" content=\"index, follow, max-snippet:-1, max-image-preview:large, max-video-preview:-1\" \/>\n<link rel=\"canonical\" href=\"https:\/\/lasentinelle.dz\/index.php\/2021\/12\/27\/abattage-des-genisses-importes-des-poursuites-contre-les-contrevenants\/\" \/>\n<meta property=\"og:locale\" content=\"fr_FR\" \/>\n<meta property=\"og:type\" content=\"article\" \/>\n<meta property=\"og:title\" content=\"Abattage des g\u00e9nisses import\u00e9s : Des poursuites contre les contrevenants - La Sentinelle\" \/>\n<meta property=\"og:description\" content=\"Le directeur des services v\u00e9t\u00e9rinaires au minist\u00e8re de l\u2019Agriculture et du D\u00e9veloppement rural, Imad Ides&nbsp;a affirm\u00e9 hier que la d\u00e9cision\" \/>\n<meta property=\"og:url\" content=\"https:\/\/lasentinelle.dz\/index.php\/2021\/12\/27\/abattage-des-genisses-importes-des-poursuites-contre-les-contrevenants\/\" \/>\n<meta property=\"og:site_name\" content=\"La Sentinelle\" \/>\n<meta property=\"article:publisher\" content=\"https:\/\/www.facebook.com\/La-Sentinelle-104059864394773\" \/>\n<meta property=\"article:published_time\" content=\"2021-12-26T23:05:00+00:00\" \/>\n<meta property=\"og:image\" content=\"https:\/\/lasentinelle.dz\/wp-content\/uploads\/2021\/12\/fiches_Charolaises-1000x562-1.png\" \/>\n\t<meta property=\"og:image:width\" content=\"1604\" \/>\n\t<meta property=\"og:image:height\" content=\"900\" \/>\n\t<meta property=\"og:image:type\" content=\"image\/png\" \/>\n<meta name=\"author\" content=\"La Sentinelle\" \/>\n<meta name=\"twitter:card\" content=\"summary_large_image\" \/>\n<meta name=\"twitter:label1\" content=\"\u00c9crit par\" \/>\n\t<meta name=\"twitter:data1\" content=\"La Sentinelle\" \/>\n\t<meta name=\"twitter:label2\" content=\"Dur\u00e9e de lecture estim\u00e9e\" \/>\n\t<meta name=\"twitter:data2\" content=\"3 minutes\" \/>\n<script type=\"application\/ld+json\" class=\"yoast-schema-graph\">{\"@context\":\"https:\\\/\\\/schema.org\",\"@graph\":[{\"@type\":\"Article\",\"@id\":\"https:\\\/\\\/lasentinelle.dz\\\/index.php\\\/2021\\\/12\\\/27\\\/abattage-des-genisses-importes-des-poursuites-contre-les-contrevenants\\\/#article\",\"isPartOf\":{\"@id\":\"https:\\\/\\\/lasentinelle.dz\\\/index.php\\\/2021\\\/12\\\/27\\\/abattage-des-genisses-importes-des-poursuites-contre-les-contrevenants\\\/\"},\"author\":{\"name\":\"La Sentinelle\",\"@id\":\"https:\\\/\\\/lasentinelle.dz\\\/#\\\/schema\\\/person\\\/d865044e22e70a75174ce8bcad3acfb3\"},\"headline\":\"Abattage des g\u00e9nisses import\u00e9s : Des poursuites contre les contrevenants\",\"datePublished\":\"2021-12-26T23:05:00+00:00\",\"mainEntityOfPage\":{\"@id\":\"https:\\\/\\\/lasentinelle.dz\\\/index.php\\\/2021\\\/12\\\/27\\\/abattage-des-genisses-importes-des-poursuites-contre-les-contrevenants\\\/\"},\"wordCount\":755,\"commentCount\":0,\"publisher\":{\"@id\":\"https:\\\/\\\/lasentinelle.dz\\\/#organization\"},\"image\":{\"@id\":\"https:\\\/\\\/lasentinelle.dz\\\/index.php\\\/2021\\\/12\\\/27\\\/abattage-des-genisses-importes-des-poursuites-contre-les-contrevenants\\\/#primaryimage\"},\"thumbnailUrl\":\"https:\\\/\\\/lasentinelle.dz\\\/wp-content\\\/uploads\\\/2021\\\/12\\\/fiches_Charolaises-1000x562-1.png\",\"articleSection\":[\"\u00c0 la Une\",\"\u00c9conomie\"],\"inLanguage\":\"fr-FR\",\"potentialAction\":[{\"@type\":\"CommentAction\",\"name\":\"Comment\",\"target\":[\"https:\\\/\\\/lasentinelle.dz\\\/index.php\\\/2021\\\/12\\\/27\\\/abattage-des-genisses-importes-des-poursuites-contre-les-contrevenants\\\/#respond\"]}]},{\"@type\":\"WebPage\",\"@id\":\"https:\\\/\\\/lasentinelle.dz\\\/index.php\\\/2021\\\/12\\\/27\\\/abattage-des-genisses-importes-des-poursuites-contre-les-contrevenants\\\/\",\"url\":\"https:\\\/\\\/lasentinelle.dz\\\/index.php\\\/2021\\\/12\\\/27\\\/abattage-des-genisses-importes-des-poursuites-contre-les-contrevenants\\\/\",\"name\":\"Abattage des g\u00e9nisses import\u00e9s : Des poursuites contre les contrevenants - La Sentinelle\",\"isPartOf\":{\"@id\":\"https:\\\/\\\/lasentinelle.dz\\\/#website\"},\"primaryImageOfPage\":{\"@id\":\"https:\\\/\\\/lasentinelle.dz\\\/index.php\\\/2021\\\/12\\\/27\\\/abattage-des-genisses-importes-des-poursuites-contre-les-contrevenants\\\/#primaryimage\"},\"image\":{\"@id\":\"https:\\\/\\\/lasentinelle.dz\\\/index.php\\\/2021\\\/12\\\/27\\\/abattage-des-genisses-importes-des-poursuites-contre-les-contrevenants\\\/#primaryimage\"},\"thumbnailUrl\":\"https:\\\/\\\/lasentinelle.dz\\\/wp-content\\\/uploads\\\/2021\\\/12\\\/fiches_Charolaises-1000x562-1.png\",\"datePublished\":\"2021-12-26T23:05:00+00:00\",\"breadcrumb\":{\"@id\":\"https:\\\/\\\/lasentinelle.dz\\\/index.php\\\/2021\\\/12\\\/27\\\/abattage-des-genisses-importes-des-poursuites-contre-les-contrevenants\\\/#breadcrumb\"},\"inLanguage\":\"fr-FR\",\"potentialAction\":[{\"@type\":\"ReadAction\",\"target\":[\"https:\\\/\\\/lasentinelle.dz\\\/index.php\\\/2021\\\/12\\\/27\\\/abattage-des-genisses-importes-des-poursuites-contre-les-contrevenants\\\/\"]}]},{\"@type\":\"ImageObject\",\"inLanguage\":\"fr-FR\",\"@id\":\"https:\\\/\\\/lasentinelle.dz\\\/index.php\\\/2021\\\/12\\\/27\\\/abattage-des-genisses-importes-des-poursuites-contre-les-contrevenants\\\/#primaryimage\",\"url\":\"https:\\\/\\\/lasentinelle.dz\\\/wp-content\\\/uploads\\\/2021\\\/12\\\/fiches_Charolaises-1000x562-1.png\",\"contentUrl\":\"https:\\\/\\\/lasentinelle.dz\\\/wp-content\\\/uploads\\\/2021\\\/12\\\/fiches_Charolaises-1000x562-1.png\",\"width\":1604,\"height\":900},{\"@type\":\"BreadcrumbList\",\"@id\":\"https:\\\/\\\/lasentinelle.dz\\\/index.php\\\/2021\\\/12\\\/27\\\/abattage-des-genisses-importes-des-poursuites-contre-les-contrevenants\\\/#breadcrumb\",\"itemListElement\":[{\"@type\":\"ListItem\",\"position\":1,\"name\":\"Accueil\",\"item\":\"https:\\\/\\\/lasentinelle.dz\\\/\"},{\"@type\":\"ListItem\",\"position\":2,\"name\":\"Abattage des g\u00e9nisses import\u00e9s : Des poursuites contre les contrevenants\"}]},{\"@type\":\"WebSite\",\"@id\":\"https:\\\/\\\/lasentinelle.dz\\\/#website\",\"url\":\"https:\\\/\\\/lasentinelle.dz\\\/\",\"name\":\"La Sentinelle\",\"description\":\"Quotidien national d&#039;information\",\"publisher\":{\"@id\":\"https:\\\/\\\/lasentinelle.dz\\\/#organization\"},\"potentialAction\":[{\"@type\":\"SearchAction\",\"target\":{\"@type\":\"EntryPoint\",\"urlTemplate\":\"https:\\\/\\\/lasentinelle.dz\\\/?s={search_term_string}\"},\"query-input\":{\"@type\":\"PropertyValueSpecification\",\"valueRequired\":true,\"valueName\":\"search_term_string\"}}],\"inLanguage\":\"fr-FR\"},{\"@type\":\"Organization\",\"@id\":\"https:\\\/\\\/lasentinelle.dz\\\/#organization\",\"name\":\"Quotidien La Sentinelle\",\"url\":\"https:\\\/\\\/lasentinelle.dz\\\/\",\"logo\":{\"@type\":\"ImageObject\",\"inLanguage\":\"fr-FR\",\"@id\":\"https:\\\/\\\/lasentinelle.dz\\\/#\\\/schema\\\/logo\\\/image\\\/\",\"url\":\"https:\\\/\\\/lasentinelle.dz\\\/wp-content\\\/uploads\\\/2021\\\/09\\\/logo-sentinelleSLOGAN-1.png\",\"contentUrl\":\"https:\\\/\\\/lasentinelle.dz\\\/wp-content\\\/uploads\\\/2021\\\/09\\\/logo-sentinelleSLOGAN-1.png\",\"width\":615,\"height\":142,\"caption\":\"Quotidien La Sentinelle\"},\"image\":{\"@id\":\"https:\\\/\\\/lasentinelle.dz\\\/#\\\/schema\\\/logo\\\/image\\\/\"},\"sameAs\":[\"https:\\\/\\\/www.facebook.com\\\/La-Sentinelle-104059864394773\"]},{\"@type\":\"Person\",\"@id\":\"https:\\\/\\\/lasentinelle.dz\\\/#\\\/schema\\\/person\\\/d865044e22e70a75174ce8bcad3acfb3\",\"name\":\"La Sentinelle\",\"image\":{\"@type\":\"ImageObject\",\"inLanguage\":\"fr-FR\",\"@id\":\"https:\\\/\\\/secure.gravatar.com\\\/avatar\\\/57de8e5d4b15d43fb361a71fbb36338450fe67865b528a43dd10ef7c51a20392?s=96&d=mm&r=g\",\"url\":\"https:\\\/\\\/secure.gravatar.com\\\/avatar\\\/57de8e5d4b15d43fb361a71fbb36338450fe67865b528a43dd10ef7c51a20392?s=96&d=mm&r=g\",\"contentUrl\":\"https:\\\/\\\/secure.gravatar.com\\\/avatar\\\/57de8e5d4b15d43fb361a71fbb36338450fe67865b528a43dd10ef7c51a20392?s=96&d=mm&r=g\",\"caption\":\"La Sentinelle\"},\"sameAs\":[\"http:\\\/\\\/www.lasentinelle.dz\"],\"url\":\"https:\\\/\\\/lasentinelle.dz\\\/author\\\/redaction\\\/\"}]}<\/script>\n<!-- \/ Yoast SEO plugin. -->","yoast_head_json":{"title":"Abattage des g\u00e9nisses import\u00e9s : Des poursuites contre les contrevenants - La Sentinelle","robots":{"index":"index","follow":"follow","max-snippet":"max-snippet:-1","max-image-preview":"max-image-preview:large","max-video-preview":"max-video-preview:-1"},"canonical":"https:\/\/lasentinelle.dz\/index.php\/2021\/12\/27\/abattage-des-genisses-importes-des-poursuites-contre-les-contrevenants\/","og_locale":"fr_FR","og_type":"article","og_title":"Abattage des g\u00e9nisses import\u00e9s : Des poursuites contre les contrevenants - La Sentinelle","og_description":"Le directeur des services v\u00e9t\u00e9rinaires au minist\u00e8re de l\u2019Agriculture et du D\u00e9veloppement rural, Imad Ides&nbsp;a affirm\u00e9 hier que la d\u00e9cision","og_url":"https:\/\/lasentinelle.dz\/index.php\/2021\/12\/27\/abattage-des-genisses-importes-des-poursuites-contre-les-contrevenants\/","og_site_name":"La Sentinelle","article_publisher":"https:\/\/www.facebook.com\/La-Sentinelle-104059864394773","article_published_time":"2021-12-26T23:05:00+00:00","og_image":[{"width":1604,"height":900,"url":"https:\/\/lasentinelle.dz\/wp-content\/uploads\/2021\/12\/fiches_Charolaises-1000x562-1.png","type":"image\/png"}],"author":"La Sentinelle","twitter_card":"summary_large_image","twitter_misc":{"\u00c9crit par":"La Sentinelle","Dur\u00e9e de lecture estim\u00e9e":"3 minutes"},"schema":{"@context":"https:\/\/schema.org","@graph":[{"@type":"Article","@id":"https:\/\/lasentinelle.dz\/index.php\/2021\/12\/27\/abattage-des-genisses-importes-des-poursuites-contre-les-contrevenants\/#article","isPartOf":{"@id":"https:\/\/lasentinelle.dz\/index.php\/2021\/12\/27\/abattage-des-genisses-importes-des-poursuites-contre-les-contrevenants\/"},"author":{"name":"La Sentinelle","@id":"https:\/\/lasentinelle.dz\/#\/schema\/person\/d865044e22e70a75174ce8bcad3acfb3"},"headline":"Abattage des g\u00e9nisses import\u00e9s : Des poursuites contre les contrevenants","datePublished":"2021-12-26T23:05:00+00:00","mainEntityOfPage":{"@id":"https:\/\/lasentinelle.dz\/index.php\/2021\/12\/27\/abattage-des-genisses-importes-des-poursuites-contre-les-contrevenants\/"},"wordCount":755,"commentCount":0,"publisher":{"@id":"https:\/\/lasentinelle.dz\/#organization"},"image":{"@id":"https:\/\/lasentinelle.dz\/index.php\/2021\/12\/27\/abattage-des-genisses-importes-des-poursuites-contre-les-contrevenants\/#primaryimage"},"thumbnailUrl":"https:\/\/lasentinelle.dz\/wp-content\/uploads\/2021\/12\/fiches_Charolaises-1000x562-1.png","articleSection":["\u00c0 la Une","\u00c9conomie"],"inLanguage":"fr-FR","potentialAction":[{"@type":"CommentAction","name":"Comment","target":["https:\/\/lasentinelle.dz\/index.php\/2021\/12\/27\/abattage-des-genisses-importes-des-poursuites-contre-les-contrevenants\/#respond"]}]},{"@type":"WebPage","@id":"https:\/\/lasentinelle.dz\/index.php\/2021\/12\/27\/abattage-des-genisses-importes-des-poursuites-contre-les-contrevenants\/","url":"https:\/\/lasentinelle.dz\/index.php\/2021\/12\/27\/abattage-des-genisses-importes-des-poursuites-contre-les-contrevenants\/","name":"Abattage des g\u00e9nisses import\u00e9s : Des poursuites contre les contrevenants - La Sentinelle","isPartOf":{"@id":"https:\/\/lasentinelle.dz\/#website"},"primaryImageOfPage":{"@id":"https:\/\/lasentinelle.dz\/index.php\/2021\/12\/27\/abattage-des-genisses-importes-des-poursuites-contre-les-contrevenants\/#primaryimage"},"image":{"@id":"https:\/\/lasentinelle.dz\/index.php\/2021\/12\/27\/abattage-des-genisses-importes-des-poursuites-contre-les-contrevenants\/#primaryimage"},"thumbnailUrl":"https:\/\/lasentinelle.dz\/wp-content\/uploads\/2021\/12\/fiches_Charolaises-1000x562-1.png","datePublished":"2021-12-26T23:05:00+00:00","breadcrumb":{"@id":"https:\/\/lasentinelle.dz\/index.php\/2021\/12\/27\/abattage-des-genisses-importes-des-poursuites-contre-les-contrevenants\/#breadcrumb"},"inLanguage":"fr-FR","potentialAction":[{"@type":"ReadAction","target":["https:\/\/lasentinelle.dz\/index.php\/2021\/12\/27\/abattage-des-genisses-importes-des-poursuites-contre-les-contrevenants\/"]}]},{"@type":"ImageObject","inLanguage":"fr-FR","@id":"https:\/\/lasentinelle.dz\/index.php\/2021\/12\/27\/abattage-des-genisses-importes-des-poursuites-contre-les-contrevenants\/#primaryimage","url":"https:\/\/lasentinelle.dz\/wp-content\/uploads\/2021\/12\/fiches_Charolaises-1000x562-1.png","contentUrl":"https:\/\/lasentinelle.dz\/wp-content\/uploads\/2021\/12\/fiches_Charolaises-1000x562-1.png","width":1604,"height":900},{"@type":"BreadcrumbList","@id":"https:\/\/lasentinelle.dz\/index.php\/2021\/12\/27\/abattage-des-genisses-importes-des-poursuites-contre-les-contrevenants\/#breadcrumb","itemListElement":[{"@type":"ListItem","position":1,"name":"Accueil","item":"https:\/\/lasentinelle.dz\/"},{"@type":"ListItem","position":2,"name":"Abattage des g\u00e9nisses import\u00e9s : Des poursuites contre les contrevenants"}]},{"@type":"WebSite","@id":"https:\/\/lasentinelle.dz\/#website","url":"https:\/\/lasentinelle.dz\/","name":"La Sentinelle","description":"Quotidien national d&#039;information","publisher":{"@id":"https:\/\/lasentinelle.dz\/#organization"},"potentialAction":[{"@type":"SearchAction","target":{"@type":"EntryPoint","urlTemplate":"https:\/\/lasentinelle.dz\/?s={search_term_string}"},"query-input":{"@type":"PropertyValueSpecification","valueRequired":true,"valueName":"search_term_string"}}],"inLanguage":"fr-FR"},{"@type":"Organization","@id":"https:\/\/lasentinelle.dz\/#organization","name":"Quotidien La Sentinelle","url":"https:\/\/lasentinelle.dz\/","logo":{"@type":"ImageObject","inLanguage":"fr-FR","@id":"https:\/\/lasentinelle.dz\/#\/schema\/logo\/image\/","url":"https:\/\/lasentinelle.dz\/wp-content\/uploads\/2021\/09\/logo-sentinelleSLOGAN-1.png","contentUrl":"https:\/\/lasentinelle.dz\/wp-content\/uploads\/2021\/09\/logo-sentinelleSLOGAN-1.png","width":615,"height":142,"caption":"Quotidien La Sentinelle"},"image":{"@id":"https:\/\/lasentinelle.dz\/#\/schema\/logo\/image\/"},"sameAs":["https:\/\/www.facebook.com\/La-Sentinelle-104059864394773"]},{"@type":"Person","@id":"https:\/\/lasentinelle.dz\/#\/schema\/person\/d865044e22e70a75174ce8bcad3acfb3","name":"La Sentinelle","image":{"@type":"ImageObject","inLanguage":"fr-FR","@id":"https:\/\/secure.gravatar.com\/avatar\/57de8e5d4b15d43fb361a71fbb36338450fe67865b528a43dd10ef7c51a20392?s=96&d=mm&r=g","url":"https:\/\/secure.gravatar.com\/avatar\/57de8e5d4b15d43fb361a71fbb36338450fe67865b528a43dd10ef7c51a20392?s=96&d=mm&r=g","contentUrl":"https:\/\/secure.gravatar.com\/avatar\/57de8e5d4b15d43fb361a71fbb36338450fe67865b528a43dd10ef7c51a20392?s=96&d=mm&r=g","caption":"La Sentinelle"},"sameAs":["http:\/\/www.lasentinelle.dz"],"url":"https:\/\/lasentinelle.dz\/author\/redaction\/"}]}},"_links":{"self":[{"href":"https:\/\/lasentinelle.dz\/index.php\/wp-json\/wp\/v2\/posts\/15563","targetHints":{"allow":["GET"]}}],"collection":[{"href":"https:\/\/lasentinelle.dz\/index.php\/wp-json\/wp\/v2\/posts"}],"about":[{"href":"https:\/\/lasentinelle.dz\/index.php\/wp-json\/wp\/v2\/types\/post"}],"author":[{"embeddable":true,"href":"https:\/\/lasentinelle.dz\/index.php\/wp-json\/wp\/v2\/users\/3"}],"replies":[{"embeddable":true,"href":"https:\/\/lasentinelle.dz\/index.php\/wp-json\/wp\/v2\/comments?post=15563"}],"version-history":[{"count":1,"href":"https:\/\/lasentinelle.dz\/index.php\/wp-json\/wp\/v2\/posts\/15563\/revisions"}],"predecessor-version":[{"id":15568,"href":"https:\/\/lasentinelle.dz\/index.php\/wp-json\/wp\/v2\/posts\/15563\/revisions\/15568"}],"wp:featuredmedia":[{"embeddable":true,"href":"https:\/\/lasentinelle.dz\/index.php\/wp-json\/wp\/v2\/media\/15567"}],"wp:attachment":[{"href":"https:\/\/lasentinelle.dz\/index.php\/wp-json\/wp\/v2\/media?parent=15563"}],"wp:term":[{"taxonomy":"category","embeddable":true,"href":"https:\/\/lasentinelle.dz\/index.php\/wp-json\/wp\/v2\/categories?post=15563"},{"taxonomy":"post_tag","embeddable":true,"href":"https:\/\/lasentinelle.dz\/index.php\/wp-json\/wp\/v2\/tags?post=15563"}],"curies":[{"name":"wp","href":"https:\/\/api.w.org\/{rel}","templated":true}]}}