{"id":15575,"date":"2021-12-27T00:05:00","date_gmt":"2021-12-26T23:05:00","guid":{"rendered":"https:\/\/lasentinelle.dz\/?p=15575"},"modified":"2021-12-26T21:32:16","modified_gmt":"2021-12-26T20:32:16","slug":"promotions-des-exportations-vers-lafrique-tamanrasset-en-base-logistique","status":"publish","type":"post","link":"https:\/\/lasentinelle.dz\/index.php\/2021\/12\/27\/promotions-des-exportations-vers-lafrique-tamanrasset-en-base-logistique\/","title":{"rendered":"Promotions des exportations vers l\u2019Afrique : Tamanrasset en base logistique"},"content":{"rendered":"\n<p>L\u2019Alg\u00e9rie entend se tourner vers sa profondeur africaine et l\u2019ouverture de la 35<sup>e<\/sup>&nbsp;\u00e9dition de l\u2019Assihar, manifestation \u00e9conomique d\u00e9di\u00e9e \u00e0 la promotion des \u00e9changes \u00e9conomiques avec l\u2019Afrique saharienne et subsaharienne, et qui prend de plus en plus d\u2019ampleur, a \u00e9t\u00e9 l\u2019occasion de mettre en avant les objectifs de l\u2019Alg\u00e9rie.&nbsp;<\/p>\n\n\n\n<p>Il s\u2019agit en premier lieu de multiplier les \u00e9changes \u00e9conomiques avec les pays du voisinage avant d\u2019aller investir l\u2019ensemble des march\u00e9s africains gr\u00e2ce aux projets structurants en cours et son destin\u00e9s \u00e0 renforcer l\u2019int\u00e9gration l\u2019Alg\u00e9rie et l\u2019Afrique subsaharienne. C\u2019est dans ce contexte que le ministre du Commerce et de la Promotion des exportations, Kamel Rezig de mettre en avant ces objectifs. Ainsi, \u00e0 la veille de la visite du pr\u00e9sident mauritanien en Alg\u00e9rie, le ministre du Commerce a soulign\u00e9 le fait que&nbsp;la Mauritanie qui repr\u00e9sente l&rsquo;un des partenaires africains les plus important et qui repr\u00e9sente une grande destination des produits alg\u00e9riens&nbsp;et avec lesquels l\u2019Alg\u00e9rie a renforc\u00e9 les \u00e9changes en attendant l\u2019ouverture du poste frontalier \u00ab&nbsp;Chahid Mustapha Benboulaid&nbsp;\u00bb. L\u2019occasion aussi de mettre en avant la volont\u00e9 de l\u2019Alg\u00e9rie de renforcer les \u00e9changes avec les pays du voisinage, en empruntant les routes terrestres. Kamel Rezig a ainsi rappel\u00e9 l\u2019acc\u00e9l\u00e9ration des proc\u00e9dures et des travaux pour la r\u00e9ouverture du poste frontalier de Debdeb-Ghadames entre l\u2019Alg\u00e9rie et la Libye, ainsi que le poste frontalier d\u2019In Guezzam \u00e0 la fronti\u00e8re alg\u00e9ro-nig\u00e9rienne.&nbsp;<\/p>\n\n\n\n<p>Un premier pas pour le d\u00e9ploiement du commerce alg\u00e9rien sur l\u2019ensemble du continent. Ainsi, le ministre du Commerce a soulign\u00e9 que l&rsquo;Alg\u00e9rie qui peut repr\u00e9senter un portail vers le continent pour le flux mondial des marchandises, en sus de placer ses exportateurs dans une posture favorable pour aller \u00e0 la conqu\u00eate du march\u00e9 africain.&nbsp;<\/p>\n\n\n\n<p>Kamel Rezig a, en ce sens,&nbsp;soulign\u00e9 la volont\u00e9 de l&rsquo;Etat \u00e0 accompagner le produit national vers l&rsquo;exportation via une strat\u00e9gie bas\u00e9e sur de nombreux m\u00e9canismes dont notamment l&rsquo;ouverture des postes frontaliers. Aussi,&nbsp;le minist\u00e8re compte prendre part \u00e0 beaucoup de salons et surtout \u00e0 \u00e9tablir des liens commerciaux avec tous les pays africains car, estime-t-il l&rsquo;Alg\u00e9rie poss\u00e8de beaucoup de produits qui peuvent int\u00e9resser leurs march\u00e9s et leurs consommateurs. D&rsquo;autres moyens seront bient\u00f4t mobilis\u00e9s dont notamment l&rsquo;ouverture des postes frontaliers de Debdeb et In Guezzam. Le ministre du Commerce a cit\u00e9 quelques produits qui pourraient faire l&rsquo;objet d&rsquo;exportation \u00e0 l&rsquo;instar des fruits et les dattes. M. Rezig a, dans sa m\u00eame intervention, soulign\u00e9 que cette manifestation qui se tient dans la wilaya de Tamanrasset jusqu&rsquo;au 8 du mois de janvier entre dans le cadre de la strat\u00e9gie nationale d&rsquo;int\u00e9grer les march\u00e9 africains et internationaux afin de diversifier les rentr\u00e9es en devises du pays et de se lib\u00e9rer de la d\u00e9pendance aux hydrocarbures.&nbsp;<\/p>\n\n\n\n<p><strong>L\u2019apport des bases logistiques<\/strong><\/p>\n\n\n\n<p>Au-del\u00e0, cette strat\u00e9gie repose sur la mise en place de bases logistiques dans le sud du pays pour accompagner les exportateurs. Et premi\u00e8re de ces bases&nbsp;logistiques a \u00e9t\u00e9 inaugur\u00e9e hier \u00e0 Tamanrasset en marge de l\u2019Assihar, par le groupe public de transport et de logistique Logitrans. Ainsi, Le ministre des Transports, A\u00efssa Bekka\u00ef a affirm\u00e9 que \u00a0\u00bbla cr\u00e9ation de cette plateforme tend \u00e0 impulser la dynamique \u00e9conomique, \u00e0 d\u00e9velopper la r\u00e9gion, \u00e0 g\u00e9n\u00e9rer des emplois et \u00e0 contribuer \u00e0 l&rsquo;am\u00e9lioration des conditions de vie du citoyen\u00a0\u00bb ainsi qu&rsquo;\u00e0 promouvoir les diff\u00e9rents moyens de transports, terrestre et a\u00e9rien, en plus du ferroviaire qui devra atteindre \u00e0 l&rsquo;avenir la wilaya de Tamanrasset, \u00e0 la faveur de l&rsquo;\u00e9tude men\u00e9e actuellement pour la r\u00e9alisation, \u00e0 l&rsquo;\u00e9chelle nationale, d&rsquo;un lin\u00e9aire de 6.000 km de voies ferr\u00e9es.<\/p>\n\n\n\n<p>En plus de cette base Logitrans inaugur\u00e9e, la wilaya de Tamanrasset sera dot\u00e9e d&rsquo;autres infrastructures du m\u00eame type pour devenir un p\u00f4le logistique. Couvrant une superficie de 16 hectares, ce p\u00f4le sera dot\u00e9 d&rsquo;un centre de fret a\u00e9rien et d&rsquo;une plateforme logistique, \u00e9quip\u00e9s de moyens techniques conformes aux normes internationales, dont un scanner et des chargeurs de containeurs, afin d&rsquo;assurer des prestations de qualit\u00e9 aux op\u00e9rateurs \u00e9conomiques, selon les responsables de Logitrans. Il permettra d&rsquo;assurer la fluidit\u00e9 du mouvement des marchandises, l&rsquo;impulsion du commerce entre pays africains, le d\u00e9veloppement des activit\u00e9s \u00e9conomiques dans la r\u00e9gion et la cr\u00e9ation d&#8217;emplois.Enfin, il est \u00e0 rappeler que dans le cadre de ses activit\u00e9s une caravane a \u00e9t\u00e9 lanc\u00e9e hier en pr\u00e9sence des officiels dont les ministres par Logitrans. Cette caravane, dont le d\u00e9part a \u00e9t\u00e9 donn\u00e9 par le ministre du Commerce et de la Promotion des exportations, Kamel Rezzig, s\u2019inscrit dans le cadre de la mise en \u0153uvre du programme des pouvoirs publics visant la promotion des exportations hors hydrocarbures et de la contribution du secteur des Transports aux efforts d\u2019impulsion de la dynamique des exportations. Vingt-deux (22) camions semi-remorques acheminent ces exportations vers le Niger, \u00e0 savoir 576 tonnes de canalisations, 94 tonnes de produits de l\u2019agro-industrie et 20 tonnes de meubles, devront parcourir une distance de 1.990 km en sept jours, selon les donn\u00e9es du groupe public de transport terrestre de marchandises et de logistique \u00ab\u00a0Logitrans\u00a0\u00bb.&nbsp;<\/p>\n\n\n\n<p><strong>Kamel Nait Ameur<\/strong><\/p>\n","protected":false},"excerpt":{"rendered":"<p>L\u2019Alg\u00e9rie entend se tourner vers sa profondeur africaine et l\u2019ouverture de la 35e&nbsp;\u00e9dition de l\u2019Assihar, manifestation \u00e9conomique d\u00e9di\u00e9e \u00e0 la<\/p>\n","protected":false},"author":3,"featured_media":15576,"comment_status":"open","ping_status":"closed","sticky":false,"template":"","format":"standard","meta":{"colormag_page_container_layout":"default_layout","colormag_page_sidebar_layout":"default_layout","om_disable_all_campaigns":false,"_monsterinsights_skip_tracking":false,"_monsterinsights_sitenote_active":false,"_monsterinsights_sitenote_note":"","_monsterinsights_sitenote_category":0,"footnotes":"","_wpscppro_dont_share_socialmedia":false,"_wpscppro_custom_social_share_image":0,"_facebook_share_type":"","_twitter_share_type":"","_linkedin_share_type":"","_pinterest_share_type":"","_linkedin_share_type_page":"","_instagram_share_type":"","_medium_share_type":"","_threads_share_type":"","_google_business_share_type":"","_selected_social_profile":[],"_wpsp_enable_custom_social_template":false,"_wpsp_social_scheduling":{"enabled":false,"datetime":null,"platforms":[],"status":"template_only","dateOption":"today","timeOption":"now","customDays":"","customHours":"","customDate":"","customTime":"","schedulingType":"absolute"},"_wpsp_active_default_template":true},"categories":[52,29],"tags":[],"class_list":["post-15575","post","type-post","status-publish","format-standard","has-post-thumbnail","hentry","category-a-la-une","category-economie"],"aioseo_notices":[],"yoast_head":"<!-- This site is optimized with the Yoast SEO plugin v27.5 - https:\/\/yoast.com\/product\/yoast-seo-wordpress\/ -->\n<title>Promotions des exportations vers l\u2019Afrique : Tamanrasset en base logistique - La Sentinelle<\/title>\n<meta name=\"robots\" content=\"index, follow, max-snippet:-1, max-image-preview:large, max-video-preview:-1\" \/>\n<link rel=\"canonical\" href=\"https:\/\/lasentinelle.dz\/index.php\/2021\/12\/27\/promotions-des-exportations-vers-lafrique-tamanrasset-en-base-logistique\/\" \/>\n<meta property=\"og:locale\" content=\"fr_FR\" \/>\n<meta property=\"og:type\" content=\"article\" \/>\n<meta property=\"og:title\" content=\"Promotions des exportations vers l\u2019Afrique : Tamanrasset en base logistique - La Sentinelle\" \/>\n<meta property=\"og:description\" content=\"L\u2019Alg\u00e9rie entend se tourner vers sa profondeur africaine et l\u2019ouverture de la 35e&nbsp;\u00e9dition de l\u2019Assihar, manifestation \u00e9conomique d\u00e9di\u00e9e \u00e0 la\" \/>\n<meta property=\"og:url\" content=\"https:\/\/lasentinelle.dz\/index.php\/2021\/12\/27\/promotions-des-exportations-vers-lafrique-tamanrasset-en-base-logistique\/\" \/>\n<meta property=\"og:site_name\" content=\"La Sentinelle\" \/>\n<meta property=\"article:publisher\" content=\"https:\/\/www.facebook.com\/La-Sentinelle-104059864394773\" \/>\n<meta property=\"article:published_time\" content=\"2021-12-26T23:05:00+00:00\" \/>\n<meta property=\"og:image\" content=\"https:\/\/lasentinelle.dz\/wp-content\/uploads\/2021\/12\/Assihar.png\" \/>\n\t<meta property=\"og:image:width\" content=\"1202\" \/>\n\t<meta property=\"og:image:height\" content=\"900\" \/>\n\t<meta property=\"og:image:type\" content=\"image\/png\" \/>\n<meta name=\"author\" content=\"La Sentinelle\" \/>\n<meta name=\"twitter:card\" content=\"summary_large_image\" \/>\n<meta name=\"twitter:label1\" content=\"\u00c9crit par\" \/>\n\t<meta name=\"twitter:data1\" content=\"La Sentinelle\" \/>\n\t<meta name=\"twitter:label2\" content=\"Dur\u00e9e de lecture estim\u00e9e\" \/>\n\t<meta name=\"twitter:data2\" content=\"4 minutes\" \/>\n<script type=\"application\/ld+json\" class=\"yoast-schema-graph\">{\"@context\":\"https:\\\/\\\/schema.org\",\"@graph\":[{\"@type\":\"Article\",\"@id\":\"https:\\\/\\\/lasentinelle.dz\\\/index.php\\\/2021\\\/12\\\/27\\\/promotions-des-exportations-vers-lafrique-tamanrasset-en-base-logistique\\\/#article\",\"isPartOf\":{\"@id\":\"https:\\\/\\\/lasentinelle.dz\\\/index.php\\\/2021\\\/12\\\/27\\\/promotions-des-exportations-vers-lafrique-tamanrasset-en-base-logistique\\\/\"},\"author\":{\"name\":\"La Sentinelle\",\"@id\":\"https:\\\/\\\/lasentinelle.dz\\\/#\\\/schema\\\/person\\\/d865044e22e70a75174ce8bcad3acfb3\"},\"headline\":\"Promotions des exportations vers l\u2019Afrique : Tamanrasset en base logistique\",\"datePublished\":\"2021-12-26T23:05:00+00:00\",\"mainEntityOfPage\":{\"@id\":\"https:\\\/\\\/lasentinelle.dz\\\/index.php\\\/2021\\\/12\\\/27\\\/promotions-des-exportations-vers-lafrique-tamanrasset-en-base-logistique\\\/\"},\"wordCount\":943,\"commentCount\":0,\"publisher\":{\"@id\":\"https:\\\/\\\/lasentinelle.dz\\\/#organization\"},\"image\":{\"@id\":\"https:\\\/\\\/lasentinelle.dz\\\/index.php\\\/2021\\\/12\\\/27\\\/promotions-des-exportations-vers-lafrique-tamanrasset-en-base-logistique\\\/#primaryimage\"},\"thumbnailUrl\":\"https:\\\/\\\/lasentinelle.dz\\\/wp-content\\\/uploads\\\/2021\\\/12\\\/Assihar.png\",\"articleSection\":[\"\u00c0 la Une\",\"\u00c9conomie\"],\"inLanguage\":\"fr-FR\",\"potentialAction\":[{\"@type\":\"CommentAction\",\"name\":\"Comment\",\"target\":[\"https:\\\/\\\/lasentinelle.dz\\\/index.php\\\/2021\\\/12\\\/27\\\/promotions-des-exportations-vers-lafrique-tamanrasset-en-base-logistique\\\/#respond\"]}]},{\"@type\":\"WebPage\",\"@id\":\"https:\\\/\\\/lasentinelle.dz\\\/index.php\\\/2021\\\/12\\\/27\\\/promotions-des-exportations-vers-lafrique-tamanrasset-en-base-logistique\\\/\",\"url\":\"https:\\\/\\\/lasentinelle.dz\\\/index.php\\\/2021\\\/12\\\/27\\\/promotions-des-exportations-vers-lafrique-tamanrasset-en-base-logistique\\\/\",\"name\":\"Promotions des exportations vers l\u2019Afrique : Tamanrasset en base logistique - La Sentinelle\",\"isPartOf\":{\"@id\":\"https:\\\/\\\/lasentinelle.dz\\\/#website\"},\"primaryImageOfPage\":{\"@id\":\"https:\\\/\\\/lasentinelle.dz\\\/index.php\\\/2021\\\/12\\\/27\\\/promotions-des-exportations-vers-lafrique-tamanrasset-en-base-logistique\\\/#primaryimage\"},\"image\":{\"@id\":\"https:\\\/\\\/lasentinelle.dz\\\/index.php\\\/2021\\\/12\\\/27\\\/promotions-des-exportations-vers-lafrique-tamanrasset-en-base-logistique\\\/#primaryimage\"},\"thumbnailUrl\":\"https:\\\/\\\/lasentinelle.dz\\\/wp-content\\\/uploads\\\/2021\\\/12\\\/Assihar.png\",\"datePublished\":\"2021-12-26T23:05:00+00:00\",\"breadcrumb\":{\"@id\":\"https:\\\/\\\/lasentinelle.dz\\\/index.php\\\/2021\\\/12\\\/27\\\/promotions-des-exportations-vers-lafrique-tamanrasset-en-base-logistique\\\/#breadcrumb\"},\"inLanguage\":\"fr-FR\",\"potentialAction\":[{\"@type\":\"ReadAction\",\"target\":[\"https:\\\/\\\/lasentinelle.dz\\\/index.php\\\/2021\\\/12\\\/27\\\/promotions-des-exportations-vers-lafrique-tamanrasset-en-base-logistique\\\/\"]}]},{\"@type\":\"ImageObject\",\"inLanguage\":\"fr-FR\",\"@id\":\"https:\\\/\\\/lasentinelle.dz\\\/index.php\\\/2021\\\/12\\\/27\\\/promotions-des-exportations-vers-lafrique-tamanrasset-en-base-logistique\\\/#primaryimage\",\"url\":\"https:\\\/\\\/lasentinelle.dz\\\/wp-content\\\/uploads\\\/2021\\\/12\\\/Assihar.png\",\"contentUrl\":\"https:\\\/\\\/lasentinelle.dz\\\/wp-content\\\/uploads\\\/2021\\\/12\\\/Assihar.png\",\"width\":1202,\"height\":900},{\"@type\":\"BreadcrumbList\",\"@id\":\"https:\\\/\\\/lasentinelle.dz\\\/index.php\\\/2021\\\/12\\\/27\\\/promotions-des-exportations-vers-lafrique-tamanrasset-en-base-logistique\\\/#breadcrumb\",\"itemListElement\":[{\"@type\":\"ListItem\",\"position\":1,\"name\":\"Accueil\",\"item\":\"https:\\\/\\\/lasentinelle.dz\\\/\"},{\"@type\":\"ListItem\",\"position\":2,\"name\":\"Promotions des exportations vers l\u2019Afrique : Tamanrasset en base logistique\"}]},{\"@type\":\"WebSite\",\"@id\":\"https:\\\/\\\/lasentinelle.dz\\\/#website\",\"url\":\"https:\\\/\\\/lasentinelle.dz\\\/\",\"name\":\"La Sentinelle\",\"description\":\"Quotidien national d&#039;information\",\"publisher\":{\"@id\":\"https:\\\/\\\/lasentinelle.dz\\\/#organization\"},\"potentialAction\":[{\"@type\":\"SearchAction\",\"target\":{\"@type\":\"EntryPoint\",\"urlTemplate\":\"https:\\\/\\\/lasentinelle.dz\\\/?s={search_term_string}\"},\"query-input\":{\"@type\":\"PropertyValueSpecification\",\"valueRequired\":true,\"valueName\":\"search_term_string\"}}],\"inLanguage\":\"fr-FR\"},{\"@type\":\"Organization\",\"@id\":\"https:\\\/\\\/lasentinelle.dz\\\/#organization\",\"name\":\"Quotidien La Sentinelle\",\"url\":\"https:\\\/\\\/lasentinelle.dz\\\/\",\"logo\":{\"@type\":\"ImageObject\",\"inLanguage\":\"fr-FR\",\"@id\":\"https:\\\/\\\/lasentinelle.dz\\\/#\\\/schema\\\/logo\\\/image\\\/\",\"url\":\"https:\\\/\\\/lasentinelle.dz\\\/wp-content\\\/uploads\\\/2021\\\/09\\\/logo-sentinelleSLOGAN-1.png\",\"contentUrl\":\"https:\\\/\\\/lasentinelle.dz\\\/wp-content\\\/uploads\\\/2021\\\/09\\\/logo-sentinelleSLOGAN-1.png\",\"width\":615,\"height\":142,\"caption\":\"Quotidien La Sentinelle\"},\"image\":{\"@id\":\"https:\\\/\\\/lasentinelle.dz\\\/#\\\/schema\\\/logo\\\/image\\\/\"},\"sameAs\":[\"https:\\\/\\\/www.facebook.com\\\/La-Sentinelle-104059864394773\"]},{\"@type\":\"Person\",\"@id\":\"https:\\\/\\\/lasentinelle.dz\\\/#\\\/schema\\\/person\\\/d865044e22e70a75174ce8bcad3acfb3\",\"name\":\"La Sentinelle\",\"image\":{\"@type\":\"ImageObject\",\"inLanguage\":\"fr-FR\",\"@id\":\"https:\\\/\\\/secure.gravatar.com\\\/avatar\\\/57de8e5d4b15d43fb361a71fbb36338450fe67865b528a43dd10ef7c51a20392?s=96&d=mm&r=g\",\"url\":\"https:\\\/\\\/secure.gravatar.com\\\/avatar\\\/57de8e5d4b15d43fb361a71fbb36338450fe67865b528a43dd10ef7c51a20392?s=96&d=mm&r=g\",\"contentUrl\":\"https:\\\/\\\/secure.gravatar.com\\\/avatar\\\/57de8e5d4b15d43fb361a71fbb36338450fe67865b528a43dd10ef7c51a20392?s=96&d=mm&r=g\",\"caption\":\"La Sentinelle\"},\"sameAs\":[\"http:\\\/\\\/www.lasentinelle.dz\"],\"url\":\"https:\\\/\\\/lasentinelle.dz\\\/author\\\/redaction\\\/\"}]}<\/script>\n<!-- \/ Yoast SEO plugin. -->","yoast_head_json":{"title":"Promotions des exportations vers l\u2019Afrique : Tamanrasset en base logistique - La Sentinelle","robots":{"index":"index","follow":"follow","max-snippet":"max-snippet:-1","max-image-preview":"max-image-preview:large","max-video-preview":"max-video-preview:-1"},"canonical":"https:\/\/lasentinelle.dz\/index.php\/2021\/12\/27\/promotions-des-exportations-vers-lafrique-tamanrasset-en-base-logistique\/","og_locale":"fr_FR","og_type":"article","og_title":"Promotions des exportations vers l\u2019Afrique : Tamanrasset en base logistique - La Sentinelle","og_description":"L\u2019Alg\u00e9rie entend se tourner vers sa profondeur africaine et l\u2019ouverture de la 35e&nbsp;\u00e9dition de l\u2019Assihar, manifestation \u00e9conomique d\u00e9di\u00e9e \u00e0 la","og_url":"https:\/\/lasentinelle.dz\/index.php\/2021\/12\/27\/promotions-des-exportations-vers-lafrique-tamanrasset-en-base-logistique\/","og_site_name":"La Sentinelle","article_publisher":"https:\/\/www.facebook.com\/La-Sentinelle-104059864394773","article_published_time":"2021-12-26T23:05:00+00:00","og_image":[{"width":1202,"height":900,"url":"https:\/\/lasentinelle.dz\/wp-content\/uploads\/2021\/12\/Assihar.png","type":"image\/png"}],"author":"La Sentinelle","twitter_card":"summary_large_image","twitter_misc":{"\u00c9crit par":"La Sentinelle","Dur\u00e9e de lecture estim\u00e9e":"4 minutes"},"schema":{"@context":"https:\/\/schema.org","@graph":[{"@type":"Article","@id":"https:\/\/lasentinelle.dz\/index.php\/2021\/12\/27\/promotions-des-exportations-vers-lafrique-tamanrasset-en-base-logistique\/#article","isPartOf":{"@id":"https:\/\/lasentinelle.dz\/index.php\/2021\/12\/27\/promotions-des-exportations-vers-lafrique-tamanrasset-en-base-logistique\/"},"author":{"name":"La Sentinelle","@id":"https:\/\/lasentinelle.dz\/#\/schema\/person\/d865044e22e70a75174ce8bcad3acfb3"},"headline":"Promotions des exportations vers l\u2019Afrique : Tamanrasset en base logistique","datePublished":"2021-12-26T23:05:00+00:00","mainEntityOfPage":{"@id":"https:\/\/lasentinelle.dz\/index.php\/2021\/12\/27\/promotions-des-exportations-vers-lafrique-tamanrasset-en-base-logistique\/"},"wordCount":943,"commentCount":0,"publisher":{"@id":"https:\/\/lasentinelle.dz\/#organization"},"image":{"@id":"https:\/\/lasentinelle.dz\/index.php\/2021\/12\/27\/promotions-des-exportations-vers-lafrique-tamanrasset-en-base-logistique\/#primaryimage"},"thumbnailUrl":"https:\/\/lasentinelle.dz\/wp-content\/uploads\/2021\/12\/Assihar.png","articleSection":["\u00c0 la Une","\u00c9conomie"],"inLanguage":"fr-FR","potentialAction":[{"@type":"CommentAction","name":"Comment","target":["https:\/\/lasentinelle.dz\/index.php\/2021\/12\/27\/promotions-des-exportations-vers-lafrique-tamanrasset-en-base-logistique\/#respond"]}]},{"@type":"WebPage","@id":"https:\/\/lasentinelle.dz\/index.php\/2021\/12\/27\/promotions-des-exportations-vers-lafrique-tamanrasset-en-base-logistique\/","url":"https:\/\/lasentinelle.dz\/index.php\/2021\/12\/27\/promotions-des-exportations-vers-lafrique-tamanrasset-en-base-logistique\/","name":"Promotions des exportations vers l\u2019Afrique : Tamanrasset en base logistique - La Sentinelle","isPartOf":{"@id":"https:\/\/lasentinelle.dz\/#website"},"primaryImageOfPage":{"@id":"https:\/\/lasentinelle.dz\/index.php\/2021\/12\/27\/promotions-des-exportations-vers-lafrique-tamanrasset-en-base-logistique\/#primaryimage"},"image":{"@id":"https:\/\/lasentinelle.dz\/index.php\/2021\/12\/27\/promotions-des-exportations-vers-lafrique-tamanrasset-en-base-logistique\/#primaryimage"},"thumbnailUrl":"https:\/\/lasentinelle.dz\/wp-content\/uploads\/2021\/12\/Assihar.png","datePublished":"2021-12-26T23:05:00+00:00","breadcrumb":{"@id":"https:\/\/lasentinelle.dz\/index.php\/2021\/12\/27\/promotions-des-exportations-vers-lafrique-tamanrasset-en-base-logistique\/#breadcrumb"},"inLanguage":"fr-FR","potentialAction":[{"@type":"ReadAction","target":["https:\/\/lasentinelle.dz\/index.php\/2021\/12\/27\/promotions-des-exportations-vers-lafrique-tamanrasset-en-base-logistique\/"]}]},{"@type":"ImageObject","inLanguage":"fr-FR","@id":"https:\/\/lasentinelle.dz\/index.php\/2021\/12\/27\/promotions-des-exportations-vers-lafrique-tamanrasset-en-base-logistique\/#primaryimage","url":"https:\/\/lasentinelle.dz\/wp-content\/uploads\/2021\/12\/Assihar.png","contentUrl":"https:\/\/lasentinelle.dz\/wp-content\/uploads\/2021\/12\/Assihar.png","width":1202,"height":900},{"@type":"BreadcrumbList","@id":"https:\/\/lasentinelle.dz\/index.php\/2021\/12\/27\/promotions-des-exportations-vers-lafrique-tamanrasset-en-base-logistique\/#breadcrumb","itemListElement":[{"@type":"ListItem","position":1,"name":"Accueil","item":"https:\/\/lasentinelle.dz\/"},{"@type":"ListItem","position":2,"name":"Promotions des exportations vers l\u2019Afrique : Tamanrasset en base logistique"}]},{"@type":"WebSite","@id":"https:\/\/lasentinelle.dz\/#website","url":"https:\/\/lasentinelle.dz\/","name":"La Sentinelle","description":"Quotidien national d&#039;information","publisher":{"@id":"https:\/\/lasentinelle.dz\/#organization"},"potentialAction":[{"@type":"SearchAction","target":{"@type":"EntryPoint","urlTemplate":"https:\/\/lasentinelle.dz\/?s={search_term_string}"},"query-input":{"@type":"PropertyValueSpecification","valueRequired":true,"valueName":"search_term_string"}}],"inLanguage":"fr-FR"},{"@type":"Organization","@id":"https:\/\/lasentinelle.dz\/#organization","name":"Quotidien La Sentinelle","url":"https:\/\/lasentinelle.dz\/","logo":{"@type":"ImageObject","inLanguage":"fr-FR","@id":"https:\/\/lasentinelle.dz\/#\/schema\/logo\/image\/","url":"https:\/\/lasentinelle.dz\/wp-content\/uploads\/2021\/09\/logo-sentinelleSLOGAN-1.png","contentUrl":"https:\/\/lasentinelle.dz\/wp-content\/uploads\/2021\/09\/logo-sentinelleSLOGAN-1.png","width":615,"height":142,"caption":"Quotidien La Sentinelle"},"image":{"@id":"https:\/\/lasentinelle.dz\/#\/schema\/logo\/image\/"},"sameAs":["https:\/\/www.facebook.com\/La-Sentinelle-104059864394773"]},{"@type":"Person","@id":"https:\/\/lasentinelle.dz\/#\/schema\/person\/d865044e22e70a75174ce8bcad3acfb3","name":"La Sentinelle","image":{"@type":"ImageObject","inLanguage":"fr-FR","@id":"https:\/\/secure.gravatar.com\/avatar\/57de8e5d4b15d43fb361a71fbb36338450fe67865b528a43dd10ef7c51a20392?s=96&d=mm&r=g","url":"https:\/\/secure.gravatar.com\/avatar\/57de8e5d4b15d43fb361a71fbb36338450fe67865b528a43dd10ef7c51a20392?s=96&d=mm&r=g","contentUrl":"https:\/\/secure.gravatar.com\/avatar\/57de8e5d4b15d43fb361a71fbb36338450fe67865b528a43dd10ef7c51a20392?s=96&d=mm&r=g","caption":"La Sentinelle"},"sameAs":["http:\/\/www.lasentinelle.dz"],"url":"https:\/\/lasentinelle.dz\/author\/redaction\/"}]}},"_links":{"self":[{"href":"https:\/\/lasentinelle.dz\/index.php\/wp-json\/wp\/v2\/posts\/15575","targetHints":{"allow":["GET"]}}],"collection":[{"href":"https:\/\/lasentinelle.dz\/index.php\/wp-json\/wp\/v2\/posts"}],"about":[{"href":"https:\/\/lasentinelle.dz\/index.php\/wp-json\/wp\/v2\/types\/post"}],"author":[{"embeddable":true,"href":"https:\/\/lasentinelle.dz\/index.php\/wp-json\/wp\/v2\/users\/3"}],"replies":[{"embeddable":true,"href":"https:\/\/lasentinelle.dz\/index.php\/wp-json\/wp\/v2\/comments?post=15575"}],"version-history":[{"count":1,"href":"https:\/\/lasentinelle.dz\/index.php\/wp-json\/wp\/v2\/posts\/15575\/revisions"}],"predecessor-version":[{"id":15577,"href":"https:\/\/lasentinelle.dz\/index.php\/wp-json\/wp\/v2\/posts\/15575\/revisions\/15577"}],"wp:featuredmedia":[{"embeddable":true,"href":"https:\/\/lasentinelle.dz\/index.php\/wp-json\/wp\/v2\/media\/15576"}],"wp:attachment":[{"href":"https:\/\/lasentinelle.dz\/index.php\/wp-json\/wp\/v2\/media?parent=15575"}],"wp:term":[{"taxonomy":"category","embeddable":true,"href":"https:\/\/lasentinelle.dz\/index.php\/wp-json\/wp\/v2\/categories?post=15575"},{"taxonomy":"post_tag","embeddable":true,"href":"https:\/\/lasentinelle.dz\/index.php\/wp-json\/wp\/v2\/tags?post=15575"}],"curies":[{"name":"wp","href":"https:\/\/api.w.org\/{rel}","templated":true}]}}