{"id":15589,"date":"2021-12-28T00:05:00","date_gmt":"2021-12-27T23:05:00","guid":{"rendered":"https:\/\/lasentinelle.dz\/?p=15589"},"modified":"2021-12-27T23:42:20","modified_gmt":"2021-12-27T22:42:20","slug":"relance-economique-et-transition-numerique-de-la-necessite-dameliorer-le-debit-internet","status":"publish","type":"post","link":"https:\/\/lasentinelle.dz\/index.php\/2021\/12\/28\/relance-economique-et-transition-numerique-de-la-necessite-dameliorer-le-debit-internet\/","title":{"rendered":"Relance \u00e9conomique et transition num\u00e9rique : De la n\u00e9cessit\u00e9 d\u2019am\u00e9liorer le d\u00e9bit internet"},"content":{"rendered":"\n<p>90% de la population\u00a0sont\u00a0connect\u00e9s\u00a0\u00a0\u00e0 Internet, selon le ministre de\u00a0la\u00a0Poste et\u00a0des\u00a0T\u00e9l\u00e9communications.\u00a0\u00a0\u00a0\u00a0<\/p>\n\n\n\n<p>L&rsquo;ann\u00e9e 2022 qui s&rsquo;approche sera une ann\u00e9e d\u00e9di\u00e9e \u00e0 la relance \u00e9conomique \u00e0 travers tous les secteurs\u00a0notamment en ce qui concerne\u00a0la transition num\u00e9rique. Un chapitre qui a d\u00e9j\u00e0 connu un d\u00e9marrage notamment via le cr\u00e9neau du paiement \u00e9lectronique qui repr\u00e9sente un \u00e9l\u00e9ment cl\u00e9 pour arrimer les services, les organismes \u00e9conomiques et les assurances \u00e0 l&rsquo;air du num\u00e9rique. Un d\u00e9veloppement qui passe par la mise sur pied d&rsquo;une strat\u00e9gie de l&rsquo;int\u00e9gration \u00e9lectronique et la s\u00e9curit\u00e9 financi\u00e8re parall\u00e8lement \u00e0 la n\u00e9cessit\u00e9 d&rsquo;am\u00e9liorer le d\u00e9bit Internet.\u00a0\u00a0\u00a0Tout ces points ont donc \u00e9t\u00e9\u00a0\u00e9voqu\u00e9s hier par le\u00a0ministre des Postes et T\u00e9l\u00e9communications, Karim Bibi Triki qui \u00e9tait l&rsquo;invit\u00e9 du\u00a0Forum de la\u00a0Radio nationale.\u00a0\u00a0\u00a0\u00a0\u00a0\u00a0<\/p>\n\n\n\n<p>\u00ab\u00a0Aujourd&rsquo;hui, en plus du service qu&rsquo;il&nbsp;&nbsp;fournit aux citoyens et aux op\u00e9rateurs \u00e9conomiques ainsi que tous les acteurs du d\u00e9veloppement national, le secteur de&nbsp;la&nbsp;Poste et&nbsp;des&nbsp;T\u00e9l\u00e9communications est devant un grand d\u00e9fi, celui&nbsp;de donner satisfaction \u00e0 tous ces cr\u00e9neaux qui oeuvrent dans le cadre du nouveau plan de relance&nbsp;\u00bb, a-t-il affirm\u00e9 expliquant que ce r\u00f4le&nbsp;fait&nbsp;partie int\u00e9grante de ce plan. Un r\u00f4le important, explique M.&nbsp;Bibi&nbsp;Triki, qui a n\u00e9cessit\u00e9 une strat\u00e9gie et un plan d&rsquo;action d\u00e9clin\u00e9 en plusieurs axes importants. Le premier consiste ainsi \u00e0 unifier et harmoniser les efforts de tous les intervenant dans le plan d&rsquo;action du gouvernement en passant notamment au d\u00e9veloppement des infrastructures de base.<\/p>\n\n\n\n<p>\u00ab\u00a0Ce qui a \u00e9t\u00e9 concr\u00e9tis\u00e9 comme r\u00e9alisations durant les deux derni\u00e8res d\u00e9cennies a permis de rapprocher les distances entre les Alg\u00e9riens et il sera proc\u00e9d\u00e9, \u00e0 plus d&rsquo;un titre, au rel\u00e8vement du niveau des prestations fournies aux citoyens, ce qui permettra \u00e9galement de contribuer \u00e0 la relance de l&rsquo;\u00e9conomie nationale\u00a0\u00bb, a ajout\u00e9 le ministre.&nbsp;M.Triki a abord\u00e9 les plus importants axes du plan d&rsquo;action du secteur, issus du plan d&rsquo;action du Gouvernement. Ces axes englobent, a-t-il dit, \u00a0\u00bb l&rsquo;unification des efforts des acteurs concern\u00e9s par ce domaine, en vue de moderniser et d\u00e9velopper l&rsquo;infrastructure actuelle qui englobe les centres de donn\u00e9es et les plateformes \u00e9lectroniques, ainsi que les prestations habituelles que fournit le secteur des T\u00e9l\u00e9communications\u00a0\u00bb.&nbsp;Le deuxi\u00e8me axe est, lui, relatif \u00e0 l&rsquo;am\u00e9lioration du service public fourni par&nbsp;la&nbsp;poste en am\u00e9liorant la couverture du territoire national par les agences et en modernisant via la num\u00e9risation les services. Enfin, l&rsquo;utilisation des nouvelles technologies tout en veillant, pr\u00e9cise-t-il, \u00e0 mettre les garde-fous n\u00e9cessaires pour l&rsquo;utilisation de ces technologies en harmonie avec les valeurs nationales et sociales. Ainsi, le ministre de&nbsp;la&nbsp;Poste et&nbsp;des&nbsp;T\u00e9l\u00e9communication a estim\u00e9 que \u00ab\u00a0l&rsquo;\u00e9tendue du r\u00e9seau Internet repr\u00e9sente le crit\u00e8re principal dans l&rsquo;\u00e9valuation des avanc\u00e9es r\u00e9alis\u00e9es dans ce domaine. Il citera d&rsquo;ailleurs l&rsquo;Internet via l&rsquo;ADSL qui a atteint 4,1&nbsp;millions&nbsp;d&rsquo;abonn\u00e9s. Ce qui repr\u00e9sente 9% de la population ou 46% des habitations\u00a0\u00bb, pr\u00e9cise-t-il tout en rappelant que l&rsquo;Alg\u00e9rie est ainsi au m\u00eame niveau que les pays arabes et plus d\u00e9velopp\u00e9e en la mati\u00e8re que les pays africains qui souffrent de la faiblesse de l&rsquo;ADSL. L&rsquo;Internet via les r\u00e9seaux mobiles, quant \u00e0 lui, ajoute M. Triki d\u00e9passera 39 millions d&rsquo;abonn\u00e9s&nbsp;&nbsp;\u00e0 la fin de l&rsquo;ann\u00e9e en cours. Ce qui repr\u00e9sente plus de 90% de la population, pr\u00e9cise M. Triki qui pr\u00e9cise que ce taux d\u00e9passe le taux mondial qui est lui de 75%. Des chiffres qui laissent&nbsp;appara\u00eetre une avanc\u00e9e remarquable de la politique nationale pour le d\u00e9veloppement de l&rsquo;Internet .&nbsp;<\/p>\n\n\n\n<p>Kamel Nait Ameur<\/p>\n","protected":false},"excerpt":{"rendered":"<p>90% de la population\u00a0sont\u00a0connect\u00e9s\u00a0\u00a0\u00e0 Internet, selon le ministre de\u00a0la\u00a0Poste et\u00a0des\u00a0T\u00e9l\u00e9communications.\u00a0\u00a0\u00a0\u00a0 L&rsquo;ann\u00e9e 2022 qui s&rsquo;approche sera une ann\u00e9e d\u00e9di\u00e9e \u00e0 la<\/p>\n","protected":false},"author":3,"featured_media":9967,"comment_status":"open","ping_status":"closed","sticky":false,"template":"","format":"standard","meta":{"colormag_page_container_layout":"default_layout","colormag_page_sidebar_layout":"default_layout","om_disable_all_campaigns":false,"_monsterinsights_skip_tracking":false,"_monsterinsights_sitenote_active":false,"_monsterinsights_sitenote_note":"","_monsterinsights_sitenote_category":0,"footnotes":"","_wpscppro_dont_share_socialmedia":false,"_wpscppro_custom_social_share_image":0,"_facebook_share_type":"","_twitter_share_type":"","_linkedin_share_type":"","_pinterest_share_type":"","_linkedin_share_type_page":"","_instagram_share_type":"","_medium_share_type":"","_threads_share_type":"","_google_business_share_type":"","_selected_social_profile":[],"_wpsp_enable_custom_social_template":false,"_wpsp_social_scheduling":{"enabled":false,"datetime":null,"platforms":[],"status":"template_only","dateOption":"today","timeOption":"now","customDays":"","customHours":"","customDate":"","customTime":"","schedulingType":"absolute"},"_wpsp_active_default_template":true},"categories":[52,29],"tags":[],"class_list":["post-15589","post","type-post","status-publish","format-standard","has-post-thumbnail","hentry","category-a-la-une","category-economie"],"aioseo_notices":[],"yoast_head":"<!-- This site is optimized with the Yoast SEO plugin v27.5 - https:\/\/yoast.com\/product\/yoast-seo-wordpress\/ -->\n<title>Relance \u00e9conomique et transition num\u00e9rique : De la n\u00e9cessit\u00e9 d\u2019am\u00e9liorer le d\u00e9bit internet - La Sentinelle<\/title>\n<meta name=\"robots\" content=\"index, follow, max-snippet:-1, max-image-preview:large, max-video-preview:-1\" \/>\n<link rel=\"canonical\" href=\"https:\/\/lasentinelle.dz\/index.php\/2021\/12\/28\/relance-economique-et-transition-numerique-de-la-necessite-dameliorer-le-debit-internet\/\" \/>\n<meta property=\"og:locale\" content=\"fr_FR\" \/>\n<meta property=\"og:type\" content=\"article\" \/>\n<meta property=\"og:title\" content=\"Relance \u00e9conomique et transition num\u00e9rique : De la n\u00e9cessit\u00e9 d\u2019am\u00e9liorer le d\u00e9bit internet - La Sentinelle\" \/>\n<meta property=\"og:description\" content=\"90% de la population\u00a0sont\u00a0connect\u00e9s\u00a0\u00a0\u00e0 Internet, selon le ministre de\u00a0la\u00a0Poste et\u00a0des\u00a0T\u00e9l\u00e9communications.\u00a0\u00a0\u00a0\u00a0 L&rsquo;ann\u00e9e 2022 qui s&rsquo;approche sera une ann\u00e9e d\u00e9di\u00e9e \u00e0 la\" \/>\n<meta property=\"og:url\" content=\"https:\/\/lasentinelle.dz\/index.php\/2021\/12\/28\/relance-economique-et-transition-numerique-de-la-necessite-dameliorer-le-debit-internet\/\" \/>\n<meta property=\"og:site_name\" content=\"La Sentinelle\" \/>\n<meta property=\"article:publisher\" content=\"https:\/\/www.facebook.com\/La-Sentinelle-104059864394773\" \/>\n<meta property=\"article:published_time\" content=\"2021-12-27T23:05:00+00:00\" \/>\n<meta property=\"og:image\" content=\"https:\/\/lasentinelle.dz\/wp-content\/uploads\/2021\/10\/internet-haut-debit.jpeg\" \/>\n\t<meta property=\"og:image:width\" content=\"630\" \/>\n\t<meta property=\"og:image:height\" content=\"420\" \/>\n\t<meta property=\"og:image:type\" content=\"image\/jpeg\" \/>\n<meta name=\"author\" content=\"La Sentinelle\" \/>\n<meta name=\"twitter:card\" content=\"summary_large_image\" \/>\n<meta name=\"twitter:label1\" content=\"\u00c9crit par\" \/>\n\t<meta name=\"twitter:data1\" content=\"La Sentinelle\" \/>\n\t<meta name=\"twitter:label2\" content=\"Dur\u00e9e de lecture estim\u00e9e\" \/>\n\t<meta name=\"twitter:data2\" content=\"3 minutes\" \/>\n<script type=\"application\/ld+json\" class=\"yoast-schema-graph\">{\"@context\":\"https:\\\/\\\/schema.org\",\"@graph\":[{\"@type\":\"Article\",\"@id\":\"https:\\\/\\\/lasentinelle.dz\\\/index.php\\\/2021\\\/12\\\/28\\\/relance-economique-et-transition-numerique-de-la-necessite-dameliorer-le-debit-internet\\\/#article\",\"isPartOf\":{\"@id\":\"https:\\\/\\\/lasentinelle.dz\\\/index.php\\\/2021\\\/12\\\/28\\\/relance-economique-et-transition-numerique-de-la-necessite-dameliorer-le-debit-internet\\\/\"},\"author\":{\"name\":\"La Sentinelle\",\"@id\":\"https:\\\/\\\/lasentinelle.dz\\\/#\\\/schema\\\/person\\\/d865044e22e70a75174ce8bcad3acfb3\"},\"headline\":\"Relance \u00e9conomique et transition num\u00e9rique : De la n\u00e9cessit\u00e9 d\u2019am\u00e9liorer le d\u00e9bit internet\",\"datePublished\":\"2021-12-27T23:05:00+00:00\",\"mainEntityOfPage\":{\"@id\":\"https:\\\/\\\/lasentinelle.dz\\\/index.php\\\/2021\\\/12\\\/28\\\/relance-economique-et-transition-numerique-de-la-necessite-dameliorer-le-debit-internet\\\/\"},\"wordCount\":708,\"commentCount\":0,\"publisher\":{\"@id\":\"https:\\\/\\\/lasentinelle.dz\\\/#organization\"},\"image\":{\"@id\":\"https:\\\/\\\/lasentinelle.dz\\\/index.php\\\/2021\\\/12\\\/28\\\/relance-economique-et-transition-numerique-de-la-necessite-dameliorer-le-debit-internet\\\/#primaryimage\"},\"thumbnailUrl\":\"https:\\\/\\\/lasentinelle.dz\\\/wp-content\\\/uploads\\\/2021\\\/10\\\/internet-haut-debit.jpeg\",\"articleSection\":[\"\u00c0 la Une\",\"\u00c9conomie\"],\"inLanguage\":\"fr-FR\",\"potentialAction\":[{\"@type\":\"CommentAction\",\"name\":\"Comment\",\"target\":[\"https:\\\/\\\/lasentinelle.dz\\\/index.php\\\/2021\\\/12\\\/28\\\/relance-economique-et-transition-numerique-de-la-necessite-dameliorer-le-debit-internet\\\/#respond\"]}]},{\"@type\":\"WebPage\",\"@id\":\"https:\\\/\\\/lasentinelle.dz\\\/index.php\\\/2021\\\/12\\\/28\\\/relance-economique-et-transition-numerique-de-la-necessite-dameliorer-le-debit-internet\\\/\",\"url\":\"https:\\\/\\\/lasentinelle.dz\\\/index.php\\\/2021\\\/12\\\/28\\\/relance-economique-et-transition-numerique-de-la-necessite-dameliorer-le-debit-internet\\\/\",\"name\":\"Relance \u00e9conomique et transition num\u00e9rique : De la n\u00e9cessit\u00e9 d\u2019am\u00e9liorer le d\u00e9bit internet - La Sentinelle\",\"isPartOf\":{\"@id\":\"https:\\\/\\\/lasentinelle.dz\\\/#website\"},\"primaryImageOfPage\":{\"@id\":\"https:\\\/\\\/lasentinelle.dz\\\/index.php\\\/2021\\\/12\\\/28\\\/relance-economique-et-transition-numerique-de-la-necessite-dameliorer-le-debit-internet\\\/#primaryimage\"},\"image\":{\"@id\":\"https:\\\/\\\/lasentinelle.dz\\\/index.php\\\/2021\\\/12\\\/28\\\/relance-economique-et-transition-numerique-de-la-necessite-dameliorer-le-debit-internet\\\/#primaryimage\"},\"thumbnailUrl\":\"https:\\\/\\\/lasentinelle.dz\\\/wp-content\\\/uploads\\\/2021\\\/10\\\/internet-haut-debit.jpeg\",\"datePublished\":\"2021-12-27T23:05:00+00:00\",\"breadcrumb\":{\"@id\":\"https:\\\/\\\/lasentinelle.dz\\\/index.php\\\/2021\\\/12\\\/28\\\/relance-economique-et-transition-numerique-de-la-necessite-dameliorer-le-debit-internet\\\/#breadcrumb\"},\"inLanguage\":\"fr-FR\",\"potentialAction\":[{\"@type\":\"ReadAction\",\"target\":[\"https:\\\/\\\/lasentinelle.dz\\\/index.php\\\/2021\\\/12\\\/28\\\/relance-economique-et-transition-numerique-de-la-necessite-dameliorer-le-debit-internet\\\/\"]}]},{\"@type\":\"ImageObject\",\"inLanguage\":\"fr-FR\",\"@id\":\"https:\\\/\\\/lasentinelle.dz\\\/index.php\\\/2021\\\/12\\\/28\\\/relance-economique-et-transition-numerique-de-la-necessite-dameliorer-le-debit-internet\\\/#primaryimage\",\"url\":\"https:\\\/\\\/lasentinelle.dz\\\/wp-content\\\/uploads\\\/2021\\\/10\\\/internet-haut-debit.jpeg\",\"contentUrl\":\"https:\\\/\\\/lasentinelle.dz\\\/wp-content\\\/uploads\\\/2021\\\/10\\\/internet-haut-debit.jpeg\",\"width\":630,\"height\":420},{\"@type\":\"BreadcrumbList\",\"@id\":\"https:\\\/\\\/lasentinelle.dz\\\/index.php\\\/2021\\\/12\\\/28\\\/relance-economique-et-transition-numerique-de-la-necessite-dameliorer-le-debit-internet\\\/#breadcrumb\",\"itemListElement\":[{\"@type\":\"ListItem\",\"position\":1,\"name\":\"Accueil\",\"item\":\"https:\\\/\\\/lasentinelle.dz\\\/\"},{\"@type\":\"ListItem\",\"position\":2,\"name\":\"Relance \u00e9conomique et transition num\u00e9rique : De la n\u00e9cessit\u00e9 d\u2019am\u00e9liorer le d\u00e9bit internet\"}]},{\"@type\":\"WebSite\",\"@id\":\"https:\\\/\\\/lasentinelle.dz\\\/#website\",\"url\":\"https:\\\/\\\/lasentinelle.dz\\\/\",\"name\":\"La Sentinelle\",\"description\":\"Quotidien national d&#039;information\",\"publisher\":{\"@id\":\"https:\\\/\\\/lasentinelle.dz\\\/#organization\"},\"potentialAction\":[{\"@type\":\"SearchAction\",\"target\":{\"@type\":\"EntryPoint\",\"urlTemplate\":\"https:\\\/\\\/lasentinelle.dz\\\/?s={search_term_string}\"},\"query-input\":{\"@type\":\"PropertyValueSpecification\",\"valueRequired\":true,\"valueName\":\"search_term_string\"}}],\"inLanguage\":\"fr-FR\"},{\"@type\":\"Organization\",\"@id\":\"https:\\\/\\\/lasentinelle.dz\\\/#organization\",\"name\":\"Quotidien La Sentinelle\",\"url\":\"https:\\\/\\\/lasentinelle.dz\\\/\",\"logo\":{\"@type\":\"ImageObject\",\"inLanguage\":\"fr-FR\",\"@id\":\"https:\\\/\\\/lasentinelle.dz\\\/#\\\/schema\\\/logo\\\/image\\\/\",\"url\":\"https:\\\/\\\/lasentinelle.dz\\\/wp-content\\\/uploads\\\/2021\\\/09\\\/logo-sentinelleSLOGAN-1.png\",\"contentUrl\":\"https:\\\/\\\/lasentinelle.dz\\\/wp-content\\\/uploads\\\/2021\\\/09\\\/logo-sentinelleSLOGAN-1.png\",\"width\":615,\"height\":142,\"caption\":\"Quotidien La Sentinelle\"},\"image\":{\"@id\":\"https:\\\/\\\/lasentinelle.dz\\\/#\\\/schema\\\/logo\\\/image\\\/\"},\"sameAs\":[\"https:\\\/\\\/www.facebook.com\\\/La-Sentinelle-104059864394773\"]},{\"@type\":\"Person\",\"@id\":\"https:\\\/\\\/lasentinelle.dz\\\/#\\\/schema\\\/person\\\/d865044e22e70a75174ce8bcad3acfb3\",\"name\":\"La Sentinelle\",\"image\":{\"@type\":\"ImageObject\",\"inLanguage\":\"fr-FR\",\"@id\":\"https:\\\/\\\/secure.gravatar.com\\\/avatar\\\/57de8e5d4b15d43fb361a71fbb36338450fe67865b528a43dd10ef7c51a20392?s=96&d=mm&r=g\",\"url\":\"https:\\\/\\\/secure.gravatar.com\\\/avatar\\\/57de8e5d4b15d43fb361a71fbb36338450fe67865b528a43dd10ef7c51a20392?s=96&d=mm&r=g\",\"contentUrl\":\"https:\\\/\\\/secure.gravatar.com\\\/avatar\\\/57de8e5d4b15d43fb361a71fbb36338450fe67865b528a43dd10ef7c51a20392?s=96&d=mm&r=g\",\"caption\":\"La Sentinelle\"},\"sameAs\":[\"http:\\\/\\\/www.lasentinelle.dz\"],\"url\":\"https:\\\/\\\/lasentinelle.dz\\\/author\\\/redaction\\\/\"}]}<\/script>\n<!-- \/ Yoast SEO plugin. -->","yoast_head_json":{"title":"Relance \u00e9conomique et transition num\u00e9rique : De la n\u00e9cessit\u00e9 d\u2019am\u00e9liorer le d\u00e9bit internet - La Sentinelle","robots":{"index":"index","follow":"follow","max-snippet":"max-snippet:-1","max-image-preview":"max-image-preview:large","max-video-preview":"max-video-preview:-1"},"canonical":"https:\/\/lasentinelle.dz\/index.php\/2021\/12\/28\/relance-economique-et-transition-numerique-de-la-necessite-dameliorer-le-debit-internet\/","og_locale":"fr_FR","og_type":"article","og_title":"Relance \u00e9conomique et transition num\u00e9rique : De la n\u00e9cessit\u00e9 d\u2019am\u00e9liorer le d\u00e9bit internet - La Sentinelle","og_description":"90% de la population\u00a0sont\u00a0connect\u00e9s\u00a0\u00a0\u00e0 Internet, selon le ministre de\u00a0la\u00a0Poste et\u00a0des\u00a0T\u00e9l\u00e9communications.\u00a0\u00a0\u00a0\u00a0 L&rsquo;ann\u00e9e 2022 qui s&rsquo;approche sera une ann\u00e9e d\u00e9di\u00e9e \u00e0 la","og_url":"https:\/\/lasentinelle.dz\/index.php\/2021\/12\/28\/relance-economique-et-transition-numerique-de-la-necessite-dameliorer-le-debit-internet\/","og_site_name":"La Sentinelle","article_publisher":"https:\/\/www.facebook.com\/La-Sentinelle-104059864394773","article_published_time":"2021-12-27T23:05:00+00:00","og_image":[{"width":630,"height":420,"url":"https:\/\/lasentinelle.dz\/wp-content\/uploads\/2021\/10\/internet-haut-debit.jpeg","type":"image\/jpeg"}],"author":"La Sentinelle","twitter_card":"summary_large_image","twitter_misc":{"\u00c9crit par":"La Sentinelle","Dur\u00e9e de lecture estim\u00e9e":"3 minutes"},"schema":{"@context":"https:\/\/schema.org","@graph":[{"@type":"Article","@id":"https:\/\/lasentinelle.dz\/index.php\/2021\/12\/28\/relance-economique-et-transition-numerique-de-la-necessite-dameliorer-le-debit-internet\/#article","isPartOf":{"@id":"https:\/\/lasentinelle.dz\/index.php\/2021\/12\/28\/relance-economique-et-transition-numerique-de-la-necessite-dameliorer-le-debit-internet\/"},"author":{"name":"La Sentinelle","@id":"https:\/\/lasentinelle.dz\/#\/schema\/person\/d865044e22e70a75174ce8bcad3acfb3"},"headline":"Relance \u00e9conomique et transition num\u00e9rique : De la n\u00e9cessit\u00e9 d\u2019am\u00e9liorer le d\u00e9bit internet","datePublished":"2021-12-27T23:05:00+00:00","mainEntityOfPage":{"@id":"https:\/\/lasentinelle.dz\/index.php\/2021\/12\/28\/relance-economique-et-transition-numerique-de-la-necessite-dameliorer-le-debit-internet\/"},"wordCount":708,"commentCount":0,"publisher":{"@id":"https:\/\/lasentinelle.dz\/#organization"},"image":{"@id":"https:\/\/lasentinelle.dz\/index.php\/2021\/12\/28\/relance-economique-et-transition-numerique-de-la-necessite-dameliorer-le-debit-internet\/#primaryimage"},"thumbnailUrl":"https:\/\/lasentinelle.dz\/wp-content\/uploads\/2021\/10\/internet-haut-debit.jpeg","articleSection":["\u00c0 la Une","\u00c9conomie"],"inLanguage":"fr-FR","potentialAction":[{"@type":"CommentAction","name":"Comment","target":["https:\/\/lasentinelle.dz\/index.php\/2021\/12\/28\/relance-economique-et-transition-numerique-de-la-necessite-dameliorer-le-debit-internet\/#respond"]}]},{"@type":"WebPage","@id":"https:\/\/lasentinelle.dz\/index.php\/2021\/12\/28\/relance-economique-et-transition-numerique-de-la-necessite-dameliorer-le-debit-internet\/","url":"https:\/\/lasentinelle.dz\/index.php\/2021\/12\/28\/relance-economique-et-transition-numerique-de-la-necessite-dameliorer-le-debit-internet\/","name":"Relance \u00e9conomique et transition num\u00e9rique : De la n\u00e9cessit\u00e9 d\u2019am\u00e9liorer le d\u00e9bit internet - La Sentinelle","isPartOf":{"@id":"https:\/\/lasentinelle.dz\/#website"},"primaryImageOfPage":{"@id":"https:\/\/lasentinelle.dz\/index.php\/2021\/12\/28\/relance-economique-et-transition-numerique-de-la-necessite-dameliorer-le-debit-internet\/#primaryimage"},"image":{"@id":"https:\/\/lasentinelle.dz\/index.php\/2021\/12\/28\/relance-economique-et-transition-numerique-de-la-necessite-dameliorer-le-debit-internet\/#primaryimage"},"thumbnailUrl":"https:\/\/lasentinelle.dz\/wp-content\/uploads\/2021\/10\/internet-haut-debit.jpeg","datePublished":"2021-12-27T23:05:00+00:00","breadcrumb":{"@id":"https:\/\/lasentinelle.dz\/index.php\/2021\/12\/28\/relance-economique-et-transition-numerique-de-la-necessite-dameliorer-le-debit-internet\/#breadcrumb"},"inLanguage":"fr-FR","potentialAction":[{"@type":"ReadAction","target":["https:\/\/lasentinelle.dz\/index.php\/2021\/12\/28\/relance-economique-et-transition-numerique-de-la-necessite-dameliorer-le-debit-internet\/"]}]},{"@type":"ImageObject","inLanguage":"fr-FR","@id":"https:\/\/lasentinelle.dz\/index.php\/2021\/12\/28\/relance-economique-et-transition-numerique-de-la-necessite-dameliorer-le-debit-internet\/#primaryimage","url":"https:\/\/lasentinelle.dz\/wp-content\/uploads\/2021\/10\/internet-haut-debit.jpeg","contentUrl":"https:\/\/lasentinelle.dz\/wp-content\/uploads\/2021\/10\/internet-haut-debit.jpeg","width":630,"height":420},{"@type":"BreadcrumbList","@id":"https:\/\/lasentinelle.dz\/index.php\/2021\/12\/28\/relance-economique-et-transition-numerique-de-la-necessite-dameliorer-le-debit-internet\/#breadcrumb","itemListElement":[{"@type":"ListItem","position":1,"name":"Accueil","item":"https:\/\/lasentinelle.dz\/"},{"@type":"ListItem","position":2,"name":"Relance \u00e9conomique et transition num\u00e9rique : De la n\u00e9cessit\u00e9 d\u2019am\u00e9liorer le d\u00e9bit internet"}]},{"@type":"WebSite","@id":"https:\/\/lasentinelle.dz\/#website","url":"https:\/\/lasentinelle.dz\/","name":"La Sentinelle","description":"Quotidien national d&#039;information","publisher":{"@id":"https:\/\/lasentinelle.dz\/#organization"},"potentialAction":[{"@type":"SearchAction","target":{"@type":"EntryPoint","urlTemplate":"https:\/\/lasentinelle.dz\/?s={search_term_string}"},"query-input":{"@type":"PropertyValueSpecification","valueRequired":true,"valueName":"search_term_string"}}],"inLanguage":"fr-FR"},{"@type":"Organization","@id":"https:\/\/lasentinelle.dz\/#organization","name":"Quotidien La Sentinelle","url":"https:\/\/lasentinelle.dz\/","logo":{"@type":"ImageObject","inLanguage":"fr-FR","@id":"https:\/\/lasentinelle.dz\/#\/schema\/logo\/image\/","url":"https:\/\/lasentinelle.dz\/wp-content\/uploads\/2021\/09\/logo-sentinelleSLOGAN-1.png","contentUrl":"https:\/\/lasentinelle.dz\/wp-content\/uploads\/2021\/09\/logo-sentinelleSLOGAN-1.png","width":615,"height":142,"caption":"Quotidien La Sentinelle"},"image":{"@id":"https:\/\/lasentinelle.dz\/#\/schema\/logo\/image\/"},"sameAs":["https:\/\/www.facebook.com\/La-Sentinelle-104059864394773"]},{"@type":"Person","@id":"https:\/\/lasentinelle.dz\/#\/schema\/person\/d865044e22e70a75174ce8bcad3acfb3","name":"La Sentinelle","image":{"@type":"ImageObject","inLanguage":"fr-FR","@id":"https:\/\/secure.gravatar.com\/avatar\/57de8e5d4b15d43fb361a71fbb36338450fe67865b528a43dd10ef7c51a20392?s=96&d=mm&r=g","url":"https:\/\/secure.gravatar.com\/avatar\/57de8e5d4b15d43fb361a71fbb36338450fe67865b528a43dd10ef7c51a20392?s=96&d=mm&r=g","contentUrl":"https:\/\/secure.gravatar.com\/avatar\/57de8e5d4b15d43fb361a71fbb36338450fe67865b528a43dd10ef7c51a20392?s=96&d=mm&r=g","caption":"La Sentinelle"},"sameAs":["http:\/\/www.lasentinelle.dz"],"url":"https:\/\/lasentinelle.dz\/author\/redaction\/"}]}},"_links":{"self":[{"href":"https:\/\/lasentinelle.dz\/index.php\/wp-json\/wp\/v2\/posts\/15589","targetHints":{"allow":["GET"]}}],"collection":[{"href":"https:\/\/lasentinelle.dz\/index.php\/wp-json\/wp\/v2\/posts"}],"about":[{"href":"https:\/\/lasentinelle.dz\/index.php\/wp-json\/wp\/v2\/types\/post"}],"author":[{"embeddable":true,"href":"https:\/\/lasentinelle.dz\/index.php\/wp-json\/wp\/v2\/users\/3"}],"replies":[{"embeddable":true,"href":"https:\/\/lasentinelle.dz\/index.php\/wp-json\/wp\/v2\/comments?post=15589"}],"version-history":[{"count":1,"href":"https:\/\/lasentinelle.dz\/index.php\/wp-json\/wp\/v2\/posts\/15589\/revisions"}],"predecessor-version":[{"id":15619,"href":"https:\/\/lasentinelle.dz\/index.php\/wp-json\/wp\/v2\/posts\/15589\/revisions\/15619"}],"wp:featuredmedia":[{"embeddable":true,"href":"https:\/\/lasentinelle.dz\/index.php\/wp-json\/wp\/v2\/media\/9967"}],"wp:attachment":[{"href":"https:\/\/lasentinelle.dz\/index.php\/wp-json\/wp\/v2\/media?parent=15589"}],"wp:term":[{"taxonomy":"category","embeddable":true,"href":"https:\/\/lasentinelle.dz\/index.php\/wp-json\/wp\/v2\/categories?post=15589"},{"taxonomy":"post_tag","embeddable":true,"href":"https:\/\/lasentinelle.dz\/index.php\/wp-json\/wp\/v2\/tags?post=15589"}],"curies":[{"name":"wp","href":"https:\/\/api.w.org\/{rel}","templated":true}]}}