{"id":15692,"date":"2022-01-03T00:05:00","date_gmt":"2022-01-02T23:05:00","guid":{"rendered":"https:\/\/lasentinelle.dz\/?p=15692"},"modified":"2022-01-02T17:17:45","modified_gmt":"2022-01-02T16:17:45","slug":"can-2021-le-covid-19-menace-le-tournoi","status":"publish","type":"post","link":"https:\/\/lasentinelle.dz\/index.php\/2022\/01\/03\/can-2021-le-covid-19-menace-le-tournoi\/","title":{"rendered":"CAN-2021 : Le Covid-19 menace le tournoi"},"content":{"rendered":"\n<p>La menace du Covid-19 plane toujours sur l\u2019organisation de la Coupe d\u2019Afrique des nations, qu\u2019abritera le Cameroun \u00e0 partir du 9 du mois courant.&nbsp;<\/p>\n\n\n\n<p>Avant m\u00eame le match d\u2019ouverture de la comp\u00e9tition, entre la s\u00e9lection du pays h\u00f4te et le Burkina Faso, plusieurs rencontres amicales ont \u00e9t\u00e9 report\u00e9es \u00e0 cause du virus et son variant, Omicron. La derni\u00e8re en date est celle de l\u2019Equipe alg\u00e9rienne face \u00e0 la Gambie, qui devait avoir lieu samedi dernier \u00e0 Doha, au Qatar. La Gambie, qui a aussi annul\u00e9 son deuxi\u00e8me match amical face \u00e0 la Syrie, doit faire son entr\u00e9e en Coupe d&rsquo;Afrique le 12 janvier prochain contre la Mauritanie et ne sait pas encore sur combien de joueurs elle pourra compter \u00e0 cause des mesures de quarantaine au Cameroun. Avant le Gabon, plusieurs autres nations ont annonc\u00e9 des cas confirm\u00e9s au sein de leurs s\u00e9lections, \u00e0 l\u2019image du Cameroun, du Maroc et du Nigeria. La s\u00e9lection alg\u00e9rienne a, elle aussi, \u00e9t\u00e9 touch\u00e9e, mais tous les joueurs sont r\u00e9tablis et ont fini par rejoindre le groupe en regroupement au Qatar. Le dernier est le milieu de terrain Sofiane Bendebka. Le risque du Coronavirus plane sur la CAN et l\u2019organisation des rencontres en pleine comp\u00e9tition. Dans une d\u00e9claration au Forum du quotidien Echa\u00e2b, le Docteur Yacine Zerguini, pr\u00e9sident de la commission m\u00e9dicale f\u00e9d\u00e9rale et ancien m\u00eame de celle de la CAF, a indiqu\u00e9 que si des s\u00e9lections ne parviennent \u00e0 avoir le nombre requis pour jouer (14, Ndlr), l\u2019instance continentale se r\u00e9unira pour prendre les d\u00e9cisions qui s\u2019imposent selon le cas de chacune d\u2019entre-elles. Le m\u00eame intervenant, membre de la commission Covid-19 de la FIFA, a indiqu\u00e9 que le seul cas o\u00f9 une s\u00e9lection se retire de la comp\u00e9tition est la contamination de ses trois gardiens de but. Les autorit\u00e9s camerounaises, et apr\u00e8s un investissement colossal pour organiser le tournoi et un bras de fer avec la FIFA et des clubs europ\u00e9ens, ne veulent surtout pas voir ces efforts partir en fum\u00e9e. Ils font des pieds et des mains afin que le tournoi ait bel et bien lieu en mettant en place un protocole sanitaire strict et obliger tout le monde \u00e0 le suivre. Cela concerne tous ceux qui seront sur place \u00e0 l\u2019occasion de cette comp\u00e9tition qui, faut-il le rappeler, avait \u00e9t\u00e9 report\u00e9e d\u2019une ann\u00e9e pour ces m\u00eames raisons sanitaires. Tout le monde croise les doigts et esp\u00e8re que la CAN se d\u00e9roule sans&nbsp;accrocs.&nbsp;&nbsp;<\/p>\n\n\n\n<p>Abderrahim Mahious&nbsp;<\/p>\n","protected":false},"excerpt":{"rendered":"<p>La menace du Covid-19 plane toujours sur l\u2019organisation de la Coupe d\u2019Afrique des nations, qu\u2019abritera le Cameroun \u00e0 partir du<\/p>\n","protected":false},"author":3,"featured_media":15693,"comment_status":"open","ping_status":"closed","sticky":false,"template":"","format":"standard","meta":{"colormag_page_container_layout":"default_layout","colormag_page_sidebar_layout":"default_layout","om_disable_all_campaigns":false,"_monsterinsights_skip_tracking":false,"_monsterinsights_sitenote_active":false,"_monsterinsights_sitenote_note":"","_monsterinsights_sitenote_category":0,"footnotes":"","_wpscppro_dont_share_socialmedia":false,"_wpscppro_custom_social_share_image":0,"_facebook_share_type":"","_twitter_share_type":"","_linkedin_share_type":"","_pinterest_share_type":"","_linkedin_share_type_page":"","_instagram_share_type":"","_medium_share_type":"","_threads_share_type":"","_google_business_share_type":"","_selected_social_profile":[],"_wpsp_enable_custom_social_template":false,"_wpsp_social_scheduling":{"enabled":false,"datetime":null,"platforms":[],"status":"template_only","dateOption":"today","timeOption":"now","customDays":"","customHours":"","customDate":"","customTime":"","schedulingType":"absolute"},"_wpsp_active_default_template":true},"categories":[52,33],"tags":[],"class_list":["post-15692","post","type-post","status-publish","format-standard","has-post-thumbnail","hentry","category-a-la-une","category-sports"],"aioseo_notices":[],"yoast_head":"<!-- This site is optimized with the Yoast SEO plugin v27.5 - https:\/\/yoast.com\/product\/yoast-seo-wordpress\/ -->\n<title>CAN-2021 : Le Covid-19 menace le tournoi - La Sentinelle<\/title>\n<meta name=\"robots\" content=\"index, follow, max-snippet:-1, max-image-preview:large, max-video-preview:-1\" \/>\n<link rel=\"canonical\" href=\"https:\/\/lasentinelle.dz\/index.php\/2022\/01\/03\/can-2021-le-covid-19-menace-le-tournoi\/\" \/>\n<meta property=\"og:locale\" content=\"fr_FR\" \/>\n<meta property=\"og:type\" content=\"article\" \/>\n<meta property=\"og:title\" content=\"CAN-2021 : Le Covid-19 menace le tournoi - La Sentinelle\" \/>\n<meta property=\"og:description\" content=\"La menace du Covid-19 plane toujours sur l\u2019organisation de la Coupe d\u2019Afrique des nations, qu\u2019abritera le Cameroun \u00e0 partir du\" \/>\n<meta property=\"og:url\" content=\"https:\/\/lasentinelle.dz\/index.php\/2022\/01\/03\/can-2021-le-covid-19-menace-le-tournoi\/\" \/>\n<meta property=\"og:site_name\" content=\"La Sentinelle\" \/>\n<meta property=\"article:publisher\" content=\"https:\/\/www.facebook.com\/La-Sentinelle-104059864394773\" \/>\n<meta property=\"article:published_time\" content=\"2022-01-02T23:05:00+00:00\" \/>\n<meta property=\"og:image\" content=\"https:\/\/lasentinelle.dz\/wp-content\/uploads\/2022\/01\/COVID.png\" \/>\n\t<meta property=\"og:image:width\" content=\"1600\" \/>\n\t<meta property=\"og:image:height\" content=\"900\" \/>\n\t<meta property=\"og:image:type\" content=\"image\/png\" \/>\n<meta name=\"author\" content=\"La Sentinelle\" \/>\n<meta name=\"twitter:card\" content=\"summary_large_image\" \/>\n<meta name=\"twitter:label1\" content=\"\u00c9crit par\" \/>\n\t<meta name=\"twitter:data1\" content=\"La Sentinelle\" \/>\n\t<meta name=\"twitter:label2\" content=\"Dur\u00e9e de lecture estim\u00e9e\" \/>\n\t<meta name=\"twitter:data2\" content=\"2 minutes\" \/>\n<script type=\"application\/ld+json\" class=\"yoast-schema-graph\">{\"@context\":\"https:\\\/\\\/schema.org\",\"@graph\":[{\"@type\":\"Article\",\"@id\":\"https:\\\/\\\/lasentinelle.dz\\\/index.php\\\/2022\\\/01\\\/03\\\/can-2021-le-covid-19-menace-le-tournoi\\\/#article\",\"isPartOf\":{\"@id\":\"https:\\\/\\\/lasentinelle.dz\\\/index.php\\\/2022\\\/01\\\/03\\\/can-2021-le-covid-19-menace-le-tournoi\\\/\"},\"author\":{\"name\":\"La Sentinelle\",\"@id\":\"https:\\\/\\\/lasentinelle.dz\\\/#\\\/schema\\\/person\\\/d865044e22e70a75174ce8bcad3acfb3\"},\"headline\":\"CAN-2021 : Le Covid-19 menace le tournoi\",\"datePublished\":\"2022-01-02T23:05:00+00:00\",\"mainEntityOfPage\":{\"@id\":\"https:\\\/\\\/lasentinelle.dz\\\/index.php\\\/2022\\\/01\\\/03\\\/can-2021-le-covid-19-menace-le-tournoi\\\/\"},\"wordCount\":454,\"commentCount\":0,\"publisher\":{\"@id\":\"https:\\\/\\\/lasentinelle.dz\\\/#organization\"},\"image\":{\"@id\":\"https:\\\/\\\/lasentinelle.dz\\\/index.php\\\/2022\\\/01\\\/03\\\/can-2021-le-covid-19-menace-le-tournoi\\\/#primaryimage\"},\"thumbnailUrl\":\"https:\\\/\\\/lasentinelle.dz\\\/wp-content\\\/uploads\\\/2022\\\/01\\\/COVID.png\",\"articleSection\":[\"\u00c0 la Une\",\"Sports\"],\"inLanguage\":\"fr-FR\",\"potentialAction\":[{\"@type\":\"CommentAction\",\"name\":\"Comment\",\"target\":[\"https:\\\/\\\/lasentinelle.dz\\\/index.php\\\/2022\\\/01\\\/03\\\/can-2021-le-covid-19-menace-le-tournoi\\\/#respond\"]}]},{\"@type\":\"WebPage\",\"@id\":\"https:\\\/\\\/lasentinelle.dz\\\/index.php\\\/2022\\\/01\\\/03\\\/can-2021-le-covid-19-menace-le-tournoi\\\/\",\"url\":\"https:\\\/\\\/lasentinelle.dz\\\/index.php\\\/2022\\\/01\\\/03\\\/can-2021-le-covid-19-menace-le-tournoi\\\/\",\"name\":\"CAN-2021 : Le Covid-19 menace le tournoi - La Sentinelle\",\"isPartOf\":{\"@id\":\"https:\\\/\\\/lasentinelle.dz\\\/#website\"},\"primaryImageOfPage\":{\"@id\":\"https:\\\/\\\/lasentinelle.dz\\\/index.php\\\/2022\\\/01\\\/03\\\/can-2021-le-covid-19-menace-le-tournoi\\\/#primaryimage\"},\"image\":{\"@id\":\"https:\\\/\\\/lasentinelle.dz\\\/index.php\\\/2022\\\/01\\\/03\\\/can-2021-le-covid-19-menace-le-tournoi\\\/#primaryimage\"},\"thumbnailUrl\":\"https:\\\/\\\/lasentinelle.dz\\\/wp-content\\\/uploads\\\/2022\\\/01\\\/COVID.png\",\"datePublished\":\"2022-01-02T23:05:00+00:00\",\"breadcrumb\":{\"@id\":\"https:\\\/\\\/lasentinelle.dz\\\/index.php\\\/2022\\\/01\\\/03\\\/can-2021-le-covid-19-menace-le-tournoi\\\/#breadcrumb\"},\"inLanguage\":\"fr-FR\",\"potentialAction\":[{\"@type\":\"ReadAction\",\"target\":[\"https:\\\/\\\/lasentinelle.dz\\\/index.php\\\/2022\\\/01\\\/03\\\/can-2021-le-covid-19-menace-le-tournoi\\\/\"]}]},{\"@type\":\"ImageObject\",\"inLanguage\":\"fr-FR\",\"@id\":\"https:\\\/\\\/lasentinelle.dz\\\/index.php\\\/2022\\\/01\\\/03\\\/can-2021-le-covid-19-menace-le-tournoi\\\/#primaryimage\",\"url\":\"https:\\\/\\\/lasentinelle.dz\\\/wp-content\\\/uploads\\\/2022\\\/01\\\/COVID.png\",\"contentUrl\":\"https:\\\/\\\/lasentinelle.dz\\\/wp-content\\\/uploads\\\/2022\\\/01\\\/COVID.png\",\"width\":1600,\"height\":900},{\"@type\":\"BreadcrumbList\",\"@id\":\"https:\\\/\\\/lasentinelle.dz\\\/index.php\\\/2022\\\/01\\\/03\\\/can-2021-le-covid-19-menace-le-tournoi\\\/#breadcrumb\",\"itemListElement\":[{\"@type\":\"ListItem\",\"position\":1,\"name\":\"Accueil\",\"item\":\"https:\\\/\\\/lasentinelle.dz\\\/\"},{\"@type\":\"ListItem\",\"position\":2,\"name\":\"CAN-2021 : Le Covid-19 menace le tournoi\"}]},{\"@type\":\"WebSite\",\"@id\":\"https:\\\/\\\/lasentinelle.dz\\\/#website\",\"url\":\"https:\\\/\\\/lasentinelle.dz\\\/\",\"name\":\"La Sentinelle\",\"description\":\"Quotidien national d&#039;information\",\"publisher\":{\"@id\":\"https:\\\/\\\/lasentinelle.dz\\\/#organization\"},\"potentialAction\":[{\"@type\":\"SearchAction\",\"target\":{\"@type\":\"EntryPoint\",\"urlTemplate\":\"https:\\\/\\\/lasentinelle.dz\\\/?s={search_term_string}\"},\"query-input\":{\"@type\":\"PropertyValueSpecification\",\"valueRequired\":true,\"valueName\":\"search_term_string\"}}],\"inLanguage\":\"fr-FR\"},{\"@type\":\"Organization\",\"@id\":\"https:\\\/\\\/lasentinelle.dz\\\/#organization\",\"name\":\"Quotidien La Sentinelle\",\"url\":\"https:\\\/\\\/lasentinelle.dz\\\/\",\"logo\":{\"@type\":\"ImageObject\",\"inLanguage\":\"fr-FR\",\"@id\":\"https:\\\/\\\/lasentinelle.dz\\\/#\\\/schema\\\/logo\\\/image\\\/\",\"url\":\"https:\\\/\\\/lasentinelle.dz\\\/wp-content\\\/uploads\\\/2021\\\/09\\\/logo-sentinelleSLOGAN-1.png\",\"contentUrl\":\"https:\\\/\\\/lasentinelle.dz\\\/wp-content\\\/uploads\\\/2021\\\/09\\\/logo-sentinelleSLOGAN-1.png\",\"width\":615,\"height\":142,\"caption\":\"Quotidien La Sentinelle\"},\"image\":{\"@id\":\"https:\\\/\\\/lasentinelle.dz\\\/#\\\/schema\\\/logo\\\/image\\\/\"},\"sameAs\":[\"https:\\\/\\\/www.facebook.com\\\/La-Sentinelle-104059864394773\"]},{\"@type\":\"Person\",\"@id\":\"https:\\\/\\\/lasentinelle.dz\\\/#\\\/schema\\\/person\\\/d865044e22e70a75174ce8bcad3acfb3\",\"name\":\"La Sentinelle\",\"image\":{\"@type\":\"ImageObject\",\"inLanguage\":\"fr-FR\",\"@id\":\"https:\\\/\\\/secure.gravatar.com\\\/avatar\\\/57de8e5d4b15d43fb361a71fbb36338450fe67865b528a43dd10ef7c51a20392?s=96&d=mm&r=g\",\"url\":\"https:\\\/\\\/secure.gravatar.com\\\/avatar\\\/57de8e5d4b15d43fb361a71fbb36338450fe67865b528a43dd10ef7c51a20392?s=96&d=mm&r=g\",\"contentUrl\":\"https:\\\/\\\/secure.gravatar.com\\\/avatar\\\/57de8e5d4b15d43fb361a71fbb36338450fe67865b528a43dd10ef7c51a20392?s=96&d=mm&r=g\",\"caption\":\"La Sentinelle\"},\"sameAs\":[\"http:\\\/\\\/www.lasentinelle.dz\"],\"url\":\"https:\\\/\\\/lasentinelle.dz\\\/author\\\/redaction\\\/\"}]}<\/script>\n<!-- \/ Yoast SEO plugin. -->","yoast_head_json":{"title":"CAN-2021 : Le Covid-19 menace le tournoi - La Sentinelle","robots":{"index":"index","follow":"follow","max-snippet":"max-snippet:-1","max-image-preview":"max-image-preview:large","max-video-preview":"max-video-preview:-1"},"canonical":"https:\/\/lasentinelle.dz\/index.php\/2022\/01\/03\/can-2021-le-covid-19-menace-le-tournoi\/","og_locale":"fr_FR","og_type":"article","og_title":"CAN-2021 : Le Covid-19 menace le tournoi - La Sentinelle","og_description":"La menace du Covid-19 plane toujours sur l\u2019organisation de la Coupe d\u2019Afrique des nations, qu\u2019abritera le Cameroun \u00e0 partir du","og_url":"https:\/\/lasentinelle.dz\/index.php\/2022\/01\/03\/can-2021-le-covid-19-menace-le-tournoi\/","og_site_name":"La Sentinelle","article_publisher":"https:\/\/www.facebook.com\/La-Sentinelle-104059864394773","article_published_time":"2022-01-02T23:05:00+00:00","og_image":[{"width":1600,"height":900,"url":"https:\/\/lasentinelle.dz\/wp-content\/uploads\/2022\/01\/COVID.png","type":"image\/png"}],"author":"La Sentinelle","twitter_card":"summary_large_image","twitter_misc":{"\u00c9crit par":"La Sentinelle","Dur\u00e9e de lecture estim\u00e9e":"2 minutes"},"schema":{"@context":"https:\/\/schema.org","@graph":[{"@type":"Article","@id":"https:\/\/lasentinelle.dz\/index.php\/2022\/01\/03\/can-2021-le-covid-19-menace-le-tournoi\/#article","isPartOf":{"@id":"https:\/\/lasentinelle.dz\/index.php\/2022\/01\/03\/can-2021-le-covid-19-menace-le-tournoi\/"},"author":{"name":"La Sentinelle","@id":"https:\/\/lasentinelle.dz\/#\/schema\/person\/d865044e22e70a75174ce8bcad3acfb3"},"headline":"CAN-2021 : Le Covid-19 menace le tournoi","datePublished":"2022-01-02T23:05:00+00:00","mainEntityOfPage":{"@id":"https:\/\/lasentinelle.dz\/index.php\/2022\/01\/03\/can-2021-le-covid-19-menace-le-tournoi\/"},"wordCount":454,"commentCount":0,"publisher":{"@id":"https:\/\/lasentinelle.dz\/#organization"},"image":{"@id":"https:\/\/lasentinelle.dz\/index.php\/2022\/01\/03\/can-2021-le-covid-19-menace-le-tournoi\/#primaryimage"},"thumbnailUrl":"https:\/\/lasentinelle.dz\/wp-content\/uploads\/2022\/01\/COVID.png","articleSection":["\u00c0 la Une","Sports"],"inLanguage":"fr-FR","potentialAction":[{"@type":"CommentAction","name":"Comment","target":["https:\/\/lasentinelle.dz\/index.php\/2022\/01\/03\/can-2021-le-covid-19-menace-le-tournoi\/#respond"]}]},{"@type":"WebPage","@id":"https:\/\/lasentinelle.dz\/index.php\/2022\/01\/03\/can-2021-le-covid-19-menace-le-tournoi\/","url":"https:\/\/lasentinelle.dz\/index.php\/2022\/01\/03\/can-2021-le-covid-19-menace-le-tournoi\/","name":"CAN-2021 : Le Covid-19 menace le tournoi - La Sentinelle","isPartOf":{"@id":"https:\/\/lasentinelle.dz\/#website"},"primaryImageOfPage":{"@id":"https:\/\/lasentinelle.dz\/index.php\/2022\/01\/03\/can-2021-le-covid-19-menace-le-tournoi\/#primaryimage"},"image":{"@id":"https:\/\/lasentinelle.dz\/index.php\/2022\/01\/03\/can-2021-le-covid-19-menace-le-tournoi\/#primaryimage"},"thumbnailUrl":"https:\/\/lasentinelle.dz\/wp-content\/uploads\/2022\/01\/COVID.png","datePublished":"2022-01-02T23:05:00+00:00","breadcrumb":{"@id":"https:\/\/lasentinelle.dz\/index.php\/2022\/01\/03\/can-2021-le-covid-19-menace-le-tournoi\/#breadcrumb"},"inLanguage":"fr-FR","potentialAction":[{"@type":"ReadAction","target":["https:\/\/lasentinelle.dz\/index.php\/2022\/01\/03\/can-2021-le-covid-19-menace-le-tournoi\/"]}]},{"@type":"ImageObject","inLanguage":"fr-FR","@id":"https:\/\/lasentinelle.dz\/index.php\/2022\/01\/03\/can-2021-le-covid-19-menace-le-tournoi\/#primaryimage","url":"https:\/\/lasentinelle.dz\/wp-content\/uploads\/2022\/01\/COVID.png","contentUrl":"https:\/\/lasentinelle.dz\/wp-content\/uploads\/2022\/01\/COVID.png","width":1600,"height":900},{"@type":"BreadcrumbList","@id":"https:\/\/lasentinelle.dz\/index.php\/2022\/01\/03\/can-2021-le-covid-19-menace-le-tournoi\/#breadcrumb","itemListElement":[{"@type":"ListItem","position":1,"name":"Accueil","item":"https:\/\/lasentinelle.dz\/"},{"@type":"ListItem","position":2,"name":"CAN-2021 : Le Covid-19 menace le tournoi"}]},{"@type":"WebSite","@id":"https:\/\/lasentinelle.dz\/#website","url":"https:\/\/lasentinelle.dz\/","name":"La Sentinelle","description":"Quotidien national d&#039;information","publisher":{"@id":"https:\/\/lasentinelle.dz\/#organization"},"potentialAction":[{"@type":"SearchAction","target":{"@type":"EntryPoint","urlTemplate":"https:\/\/lasentinelle.dz\/?s={search_term_string}"},"query-input":{"@type":"PropertyValueSpecification","valueRequired":true,"valueName":"search_term_string"}}],"inLanguage":"fr-FR"},{"@type":"Organization","@id":"https:\/\/lasentinelle.dz\/#organization","name":"Quotidien La Sentinelle","url":"https:\/\/lasentinelle.dz\/","logo":{"@type":"ImageObject","inLanguage":"fr-FR","@id":"https:\/\/lasentinelle.dz\/#\/schema\/logo\/image\/","url":"https:\/\/lasentinelle.dz\/wp-content\/uploads\/2021\/09\/logo-sentinelleSLOGAN-1.png","contentUrl":"https:\/\/lasentinelle.dz\/wp-content\/uploads\/2021\/09\/logo-sentinelleSLOGAN-1.png","width":615,"height":142,"caption":"Quotidien La Sentinelle"},"image":{"@id":"https:\/\/lasentinelle.dz\/#\/schema\/logo\/image\/"},"sameAs":["https:\/\/www.facebook.com\/La-Sentinelle-104059864394773"]},{"@type":"Person","@id":"https:\/\/lasentinelle.dz\/#\/schema\/person\/d865044e22e70a75174ce8bcad3acfb3","name":"La Sentinelle","image":{"@type":"ImageObject","inLanguage":"fr-FR","@id":"https:\/\/secure.gravatar.com\/avatar\/57de8e5d4b15d43fb361a71fbb36338450fe67865b528a43dd10ef7c51a20392?s=96&d=mm&r=g","url":"https:\/\/secure.gravatar.com\/avatar\/57de8e5d4b15d43fb361a71fbb36338450fe67865b528a43dd10ef7c51a20392?s=96&d=mm&r=g","contentUrl":"https:\/\/secure.gravatar.com\/avatar\/57de8e5d4b15d43fb361a71fbb36338450fe67865b528a43dd10ef7c51a20392?s=96&d=mm&r=g","caption":"La Sentinelle"},"sameAs":["http:\/\/www.lasentinelle.dz"],"url":"https:\/\/lasentinelle.dz\/author\/redaction\/"}]}},"_links":{"self":[{"href":"https:\/\/lasentinelle.dz\/index.php\/wp-json\/wp\/v2\/posts\/15692","targetHints":{"allow":["GET"]}}],"collection":[{"href":"https:\/\/lasentinelle.dz\/index.php\/wp-json\/wp\/v2\/posts"}],"about":[{"href":"https:\/\/lasentinelle.dz\/index.php\/wp-json\/wp\/v2\/types\/post"}],"author":[{"embeddable":true,"href":"https:\/\/lasentinelle.dz\/index.php\/wp-json\/wp\/v2\/users\/3"}],"replies":[{"embeddable":true,"href":"https:\/\/lasentinelle.dz\/index.php\/wp-json\/wp\/v2\/comments?post=15692"}],"version-history":[{"count":1,"href":"https:\/\/lasentinelle.dz\/index.php\/wp-json\/wp\/v2\/posts\/15692\/revisions"}],"predecessor-version":[{"id":15694,"href":"https:\/\/lasentinelle.dz\/index.php\/wp-json\/wp\/v2\/posts\/15692\/revisions\/15694"}],"wp:featuredmedia":[{"embeddable":true,"href":"https:\/\/lasentinelle.dz\/index.php\/wp-json\/wp\/v2\/media\/15693"}],"wp:attachment":[{"href":"https:\/\/lasentinelle.dz\/index.php\/wp-json\/wp\/v2\/media?parent=15692"}],"wp:term":[{"taxonomy":"category","embeddable":true,"href":"https:\/\/lasentinelle.dz\/index.php\/wp-json\/wp\/v2\/categories?post=15692"},{"taxonomy":"post_tag","embeddable":true,"href":"https:\/\/lasentinelle.dz\/index.php\/wp-json\/wp\/v2\/tags?post=15692"}],"curies":[{"name":"wp","href":"https:\/\/api.w.org\/{rel}","templated":true}]}}