{"id":15704,"date":"2022-01-03T00:05:00","date_gmt":"2022-01-02T23:05:00","guid":{"rendered":"https:\/\/lasentinelle.dz\/?p=15704"},"modified":"2022-01-02T19:34:58","modified_gmt":"2022-01-02T18:34:58","slug":"appels-a-augmenter-le-prix-du-pain-lugcaa-appelle-les-boulangers-a-la-vigilance","status":"publish","type":"post","link":"https:\/\/lasentinelle.dz\/index.php\/2022\/01\/03\/appels-a-augmenter-le-prix-du-pain-lugcaa-appelle-les-boulangers-a-la-vigilance\/","title":{"rendered":"Appels \u00e0 augmenter le prix du pain : L&rsquo;UGCAA appelle les boulangers \u00e0 la vigilance"},"content":{"rendered":"\n<p>Dans un communiqu\u00e9 rendu public samedi, l&rsquo;Union g\u00e9n\u00e9rale des commer\u00e7ants et artisans alg\u00e9riens (UGCAA) a pris ses distances en se d\u00e9marquant des appels \u00e0 augmenter le prix de la baguette subventionn\u00e9e \u00e0 15 DA. L\u2019UGCAA&nbsp;assure&nbsp;que toutes les revendications l\u00e9gitimes des boulangers avaient \u00e9t\u00e9 soumises aux autorit\u00e9s publiques.&nbsp;<\/p>\n\n\n\n<p>\u00ab&nbsp;L&rsquo;UGCAA se d\u00e9marque des appels \u00e0 augmenter le prix du pain subventionn\u00e9 \u00e0 15 dinars, et affirme que ce comportement exposera le boulanger aux sanctions en vigueur&nbsp;\u00bb, affirme l&rsquo;Union&nbsp;des commer\u00e7ants qui a en effet rassur\u00e9 les boulangers que&nbsp;\u00ab&nbsp;&nbsp;toutes leurs revendications l\u00e9gitimes&nbsp;\u00bb&nbsp;ont \u00e9t\u00e9 soumises aux pouvoirs publics pour les prendre en charge, notamment apr\u00e8s la hausse des prix des intrants \u00e0 l&rsquo;instar de la levure et des am\u00e9liorants, en vue d&rsquo;assurer une marge b\u00e9n\u00e9ficiaire acceptable pour les boulangers sans pour autant compromettre le pouvoir d&rsquo;achat du citoyen.<\/p>\n\n\n\n<p>Toujours \u00e0 l&rsquo;adresse des boulangers qui ont \u00e9t\u00e9 destinataires des appels anonymes pour l&rsquo;augmentation des prix de la baguette de pain \u00e0 15 dinars, l&rsquo;Union g\u00e9n\u00e9rale des commer\u00e7ants et artisans alg\u00e9riens a indiqu\u00e9 dans son communiqu\u00e9 que ces revendications portant toutes les pr\u00e9occupations de cette cat\u00e9gorie professionnelle sont actuellement au niveau du Gouvernement, et ce apr\u00e8s les multiples r\u00e9unions tenues au si\u00e8ge du minist\u00e8re du Commerce, avec la participation de repr\u00e9sentants des boulangers sous la banni\u00e8re de l&rsquo;Union, et en pr\u00e9sence de repr\u00e9sentants des autres d\u00e9partements minist\u00e9riels concern\u00e9s par le dossier. Une d\u00e9marche initi\u00e9e suite aux instructions du Premier ministre, ministre des Finances, A\u00efmene Benabderrahmane.<\/p>\n\n\n\n<p>Rappelant que la porte du dialogue et du d\u00e9bat avec la tutelle est toujours ouverte, et son engagement \u00e0 respecter les promesses des pouvoirs publics, l&rsquo;UGCCA a, dans son communiqu\u00e9, exhort\u00e9 les boulangers \u00e0&nbsp;&nbsp;\u00ab&nbsp;faire pr\u00e9valoir l&rsquo;int\u00e9r\u00eat public&nbsp;\u00bb&nbsp;&nbsp;et \u00e0&nbsp;\u00ab&nbsp;faire montre de conscience, d&rsquo;esprit patriotique et ne pas se pr\u00e9cipiter \u00e0 augmenter les prix, de mani\u00e8re al\u00e9atoire, \u00e0 compter du 1er janvier 2022&nbsp;\u00bb. L&rsquo;Union g\u00e9n\u00e9rale des commer\u00e7ants et artisans alg\u00e9riens&nbsp;&nbsp;appelle aussi&nbsp;&nbsp;les boulangers \u00e0&nbsp;\u00ab&nbsp;ne pas se laisser induire par les rumeurs malveillantes et les intox relay\u00e9es par les r\u00e9seaux sociaux, dont les auteurs cherchent, comme \u00e0 l&rsquo;accoutum\u00e9e, \u00e0 semer la discorde et le d\u00e9sespoir en ciblant le gagne-pain du citoyen lambda, en exploitant les revendications l\u00e9gitimes des professionnels pour ex\u00e9cuter leurs ignobles complots et dessins belliqueux&nbsp;\u00bb.<\/p>\n\n\n\n<p>L&rsquo;organisation des commer\u00e7ants rappelle qu&rsquo;&nbsp;\u00ab&nbsp;au moment o\u00f9 notre pays conna\u00eet un fort d\u00e9collage \u00e9conomique et un grand succ\u00e8s, traduits par les indicateurs positifs enregistr\u00e9s r\u00e9cemment, suite \u00e0 la mise en \u0153uvre des orientations du Pr\u00e9sident de la R\u00e9publique, Abdelmadjid Tebboune, visant la relance de l&rsquo;\u00e9conomie nationale&nbsp;\u00bb, des parties occultes tentent de semer la zizanie en fomentant des complots.&nbsp;<\/p>\n\n\n\n<p><strong>Akli Amor&nbsp;<\/strong><\/p>\n","protected":false},"excerpt":{"rendered":"<p>Dans un communiqu\u00e9 rendu public samedi, l&rsquo;Union g\u00e9n\u00e9rale des commer\u00e7ants et artisans alg\u00e9riens (UGCAA) a pris ses distances en se<\/p>\n","protected":false},"author":3,"featured_media":15710,"comment_status":"open","ping_status":"closed","sticky":false,"template":"","format":"standard","meta":{"colormag_page_container_layout":"default_layout","colormag_page_sidebar_layout":"default_layout","om_disable_all_campaigns":false,"_monsterinsights_skip_tracking":false,"_monsterinsights_sitenote_active":false,"_monsterinsights_sitenote_note":"","_monsterinsights_sitenote_category":0,"footnotes":"","_wpscppro_dont_share_socialmedia":false,"_wpscppro_custom_social_share_image":0,"_facebook_share_type":"","_twitter_share_type":"","_linkedin_share_type":"","_pinterest_share_type":"","_linkedin_share_type_page":"","_instagram_share_type":"","_medium_share_type":"","_threads_share_type":"","_google_business_share_type":"","_selected_social_profile":[],"_wpsp_enable_custom_social_template":false,"_wpsp_social_scheduling":{"enabled":false,"datetime":null,"platforms":[],"status":"template_only","dateOption":"today","timeOption":"now","customDays":"","customHours":"","customDate":"","customTime":"","schedulingType":"absolute"},"_wpsp_active_default_template":true},"categories":[52,27],"tags":[],"class_list":["post-15704","post","type-post","status-publish","format-standard","has-post-thumbnail","hentry","category-a-la-une","category-actualite"],"aioseo_notices":[],"yoast_head":"<!-- This site is optimized with the Yoast SEO plugin v27.5 - https:\/\/yoast.com\/product\/yoast-seo-wordpress\/ -->\n<title>Appels \u00e0 augmenter le prix du pain : L&#039;UGCAA appelle les boulangers \u00e0 la vigilance - La Sentinelle<\/title>\n<meta name=\"robots\" content=\"index, follow, max-snippet:-1, max-image-preview:large, max-video-preview:-1\" \/>\n<link rel=\"canonical\" href=\"https:\/\/lasentinelle.dz\/index.php\/2022\/01\/03\/appels-a-augmenter-le-prix-du-pain-lugcaa-appelle-les-boulangers-a-la-vigilance\/\" \/>\n<meta property=\"og:locale\" content=\"fr_FR\" \/>\n<meta property=\"og:type\" content=\"article\" \/>\n<meta property=\"og:title\" content=\"Appels \u00e0 augmenter le prix du pain : L&#039;UGCAA appelle les boulangers \u00e0 la vigilance - La Sentinelle\" \/>\n<meta property=\"og:description\" content=\"Dans un communiqu\u00e9 rendu public samedi, l&rsquo;Union g\u00e9n\u00e9rale des commer\u00e7ants et artisans alg\u00e9riens (UGCAA) a pris ses distances en se\" \/>\n<meta property=\"og:url\" content=\"https:\/\/lasentinelle.dz\/index.php\/2022\/01\/03\/appels-a-augmenter-le-prix-du-pain-lugcaa-appelle-les-boulangers-a-la-vigilance\/\" \/>\n<meta property=\"og:site_name\" content=\"La Sentinelle\" \/>\n<meta property=\"article:publisher\" content=\"https:\/\/www.facebook.com\/La-Sentinelle-104059864394773\" \/>\n<meta property=\"article:published_time\" content=\"2022-01-02T23:05:00+00:00\" \/>\n<meta property=\"og:image\" content=\"https:\/\/lasentinelle.dz\/wp-content\/uploads\/2022\/01\/boulangers.png\" \/>\n\t<meta property=\"og:image:width\" content=\"1361\" \/>\n\t<meta property=\"og:image:height\" content=\"900\" \/>\n\t<meta property=\"og:image:type\" content=\"image\/png\" \/>\n<meta name=\"author\" content=\"La Sentinelle\" \/>\n<meta name=\"twitter:card\" content=\"summary_large_image\" \/>\n<meta name=\"twitter:label1\" content=\"\u00c9crit par\" \/>\n\t<meta name=\"twitter:data1\" content=\"La Sentinelle\" \/>\n\t<meta name=\"twitter:label2\" content=\"Dur\u00e9e de lecture estim\u00e9e\" \/>\n\t<meta name=\"twitter:data2\" content=\"2 minutes\" \/>\n<script type=\"application\/ld+json\" class=\"yoast-schema-graph\">{\"@context\":\"https:\\\/\\\/schema.org\",\"@graph\":[{\"@type\":\"Article\",\"@id\":\"https:\\\/\\\/lasentinelle.dz\\\/index.php\\\/2022\\\/01\\\/03\\\/appels-a-augmenter-le-prix-du-pain-lugcaa-appelle-les-boulangers-a-la-vigilance\\\/#article\",\"isPartOf\":{\"@id\":\"https:\\\/\\\/lasentinelle.dz\\\/index.php\\\/2022\\\/01\\\/03\\\/appels-a-augmenter-le-prix-du-pain-lugcaa-appelle-les-boulangers-a-la-vigilance\\\/\"},\"author\":{\"name\":\"La Sentinelle\",\"@id\":\"https:\\\/\\\/lasentinelle.dz\\\/#\\\/schema\\\/person\\\/d865044e22e70a75174ce8bcad3acfb3\"},\"headline\":\"Appels \u00e0 augmenter le prix du pain : L&rsquo;UGCAA appelle les boulangers \u00e0 la vigilance\",\"datePublished\":\"2022-01-02T23:05:00+00:00\",\"mainEntityOfPage\":{\"@id\":\"https:\\\/\\\/lasentinelle.dz\\\/index.php\\\/2022\\\/01\\\/03\\\/appels-a-augmenter-le-prix-du-pain-lugcaa-appelle-les-boulangers-a-la-vigilance\\\/\"},\"wordCount\":536,\"commentCount\":0,\"publisher\":{\"@id\":\"https:\\\/\\\/lasentinelle.dz\\\/#organization\"},\"image\":{\"@id\":\"https:\\\/\\\/lasentinelle.dz\\\/index.php\\\/2022\\\/01\\\/03\\\/appels-a-augmenter-le-prix-du-pain-lugcaa-appelle-les-boulangers-a-la-vigilance\\\/#primaryimage\"},\"thumbnailUrl\":\"https:\\\/\\\/lasentinelle.dz\\\/wp-content\\\/uploads\\\/2022\\\/01\\\/boulangers.png\",\"articleSection\":[\"\u00c0 la Une\",\"Actualit\u00e9\"],\"inLanguage\":\"fr-FR\",\"potentialAction\":[{\"@type\":\"CommentAction\",\"name\":\"Comment\",\"target\":[\"https:\\\/\\\/lasentinelle.dz\\\/index.php\\\/2022\\\/01\\\/03\\\/appels-a-augmenter-le-prix-du-pain-lugcaa-appelle-les-boulangers-a-la-vigilance\\\/#respond\"]}]},{\"@type\":\"WebPage\",\"@id\":\"https:\\\/\\\/lasentinelle.dz\\\/index.php\\\/2022\\\/01\\\/03\\\/appels-a-augmenter-le-prix-du-pain-lugcaa-appelle-les-boulangers-a-la-vigilance\\\/\",\"url\":\"https:\\\/\\\/lasentinelle.dz\\\/index.php\\\/2022\\\/01\\\/03\\\/appels-a-augmenter-le-prix-du-pain-lugcaa-appelle-les-boulangers-a-la-vigilance\\\/\",\"name\":\"Appels \u00e0 augmenter le prix du pain : L'UGCAA appelle les boulangers \u00e0 la vigilance - La Sentinelle\",\"isPartOf\":{\"@id\":\"https:\\\/\\\/lasentinelle.dz\\\/#website\"},\"primaryImageOfPage\":{\"@id\":\"https:\\\/\\\/lasentinelle.dz\\\/index.php\\\/2022\\\/01\\\/03\\\/appels-a-augmenter-le-prix-du-pain-lugcaa-appelle-les-boulangers-a-la-vigilance\\\/#primaryimage\"},\"image\":{\"@id\":\"https:\\\/\\\/lasentinelle.dz\\\/index.php\\\/2022\\\/01\\\/03\\\/appels-a-augmenter-le-prix-du-pain-lugcaa-appelle-les-boulangers-a-la-vigilance\\\/#primaryimage\"},\"thumbnailUrl\":\"https:\\\/\\\/lasentinelle.dz\\\/wp-content\\\/uploads\\\/2022\\\/01\\\/boulangers.png\",\"datePublished\":\"2022-01-02T23:05:00+00:00\",\"breadcrumb\":{\"@id\":\"https:\\\/\\\/lasentinelle.dz\\\/index.php\\\/2022\\\/01\\\/03\\\/appels-a-augmenter-le-prix-du-pain-lugcaa-appelle-les-boulangers-a-la-vigilance\\\/#breadcrumb\"},\"inLanguage\":\"fr-FR\",\"potentialAction\":[{\"@type\":\"ReadAction\",\"target\":[\"https:\\\/\\\/lasentinelle.dz\\\/index.php\\\/2022\\\/01\\\/03\\\/appels-a-augmenter-le-prix-du-pain-lugcaa-appelle-les-boulangers-a-la-vigilance\\\/\"]}]},{\"@type\":\"ImageObject\",\"inLanguage\":\"fr-FR\",\"@id\":\"https:\\\/\\\/lasentinelle.dz\\\/index.php\\\/2022\\\/01\\\/03\\\/appels-a-augmenter-le-prix-du-pain-lugcaa-appelle-les-boulangers-a-la-vigilance\\\/#primaryimage\",\"url\":\"https:\\\/\\\/lasentinelle.dz\\\/wp-content\\\/uploads\\\/2022\\\/01\\\/boulangers.png\",\"contentUrl\":\"https:\\\/\\\/lasentinelle.dz\\\/wp-content\\\/uploads\\\/2022\\\/01\\\/boulangers.png\",\"width\":1361,\"height\":900},{\"@type\":\"BreadcrumbList\",\"@id\":\"https:\\\/\\\/lasentinelle.dz\\\/index.php\\\/2022\\\/01\\\/03\\\/appels-a-augmenter-le-prix-du-pain-lugcaa-appelle-les-boulangers-a-la-vigilance\\\/#breadcrumb\",\"itemListElement\":[{\"@type\":\"ListItem\",\"position\":1,\"name\":\"Accueil\",\"item\":\"https:\\\/\\\/lasentinelle.dz\\\/\"},{\"@type\":\"ListItem\",\"position\":2,\"name\":\"Appels \u00e0 augmenter le prix du pain : L&rsquo;UGCAA appelle les boulangers \u00e0 la vigilance\"}]},{\"@type\":\"WebSite\",\"@id\":\"https:\\\/\\\/lasentinelle.dz\\\/#website\",\"url\":\"https:\\\/\\\/lasentinelle.dz\\\/\",\"name\":\"La Sentinelle\",\"description\":\"Quotidien national d&#039;information\",\"publisher\":{\"@id\":\"https:\\\/\\\/lasentinelle.dz\\\/#organization\"},\"potentialAction\":[{\"@type\":\"SearchAction\",\"target\":{\"@type\":\"EntryPoint\",\"urlTemplate\":\"https:\\\/\\\/lasentinelle.dz\\\/?s={search_term_string}\"},\"query-input\":{\"@type\":\"PropertyValueSpecification\",\"valueRequired\":true,\"valueName\":\"search_term_string\"}}],\"inLanguage\":\"fr-FR\"},{\"@type\":\"Organization\",\"@id\":\"https:\\\/\\\/lasentinelle.dz\\\/#organization\",\"name\":\"Quotidien La Sentinelle\",\"url\":\"https:\\\/\\\/lasentinelle.dz\\\/\",\"logo\":{\"@type\":\"ImageObject\",\"inLanguage\":\"fr-FR\",\"@id\":\"https:\\\/\\\/lasentinelle.dz\\\/#\\\/schema\\\/logo\\\/image\\\/\",\"url\":\"https:\\\/\\\/lasentinelle.dz\\\/wp-content\\\/uploads\\\/2021\\\/09\\\/logo-sentinelleSLOGAN-1.png\",\"contentUrl\":\"https:\\\/\\\/lasentinelle.dz\\\/wp-content\\\/uploads\\\/2021\\\/09\\\/logo-sentinelleSLOGAN-1.png\",\"width\":615,\"height\":142,\"caption\":\"Quotidien La Sentinelle\"},\"image\":{\"@id\":\"https:\\\/\\\/lasentinelle.dz\\\/#\\\/schema\\\/logo\\\/image\\\/\"},\"sameAs\":[\"https:\\\/\\\/www.facebook.com\\\/La-Sentinelle-104059864394773\"]},{\"@type\":\"Person\",\"@id\":\"https:\\\/\\\/lasentinelle.dz\\\/#\\\/schema\\\/person\\\/d865044e22e70a75174ce8bcad3acfb3\",\"name\":\"La Sentinelle\",\"image\":{\"@type\":\"ImageObject\",\"inLanguage\":\"fr-FR\",\"@id\":\"https:\\\/\\\/secure.gravatar.com\\\/avatar\\\/57de8e5d4b15d43fb361a71fbb36338450fe67865b528a43dd10ef7c51a20392?s=96&d=mm&r=g\",\"url\":\"https:\\\/\\\/secure.gravatar.com\\\/avatar\\\/57de8e5d4b15d43fb361a71fbb36338450fe67865b528a43dd10ef7c51a20392?s=96&d=mm&r=g\",\"contentUrl\":\"https:\\\/\\\/secure.gravatar.com\\\/avatar\\\/57de8e5d4b15d43fb361a71fbb36338450fe67865b528a43dd10ef7c51a20392?s=96&d=mm&r=g\",\"caption\":\"La Sentinelle\"},\"sameAs\":[\"http:\\\/\\\/www.lasentinelle.dz\"],\"url\":\"https:\\\/\\\/lasentinelle.dz\\\/author\\\/redaction\\\/\"}]}<\/script>\n<!-- \/ Yoast SEO plugin. -->","yoast_head_json":{"title":"Appels \u00e0 augmenter le prix du pain : L'UGCAA appelle les boulangers \u00e0 la vigilance - La Sentinelle","robots":{"index":"index","follow":"follow","max-snippet":"max-snippet:-1","max-image-preview":"max-image-preview:large","max-video-preview":"max-video-preview:-1"},"canonical":"https:\/\/lasentinelle.dz\/index.php\/2022\/01\/03\/appels-a-augmenter-le-prix-du-pain-lugcaa-appelle-les-boulangers-a-la-vigilance\/","og_locale":"fr_FR","og_type":"article","og_title":"Appels \u00e0 augmenter le prix du pain : L'UGCAA appelle les boulangers \u00e0 la vigilance - La Sentinelle","og_description":"Dans un communiqu\u00e9 rendu public samedi, l&rsquo;Union g\u00e9n\u00e9rale des commer\u00e7ants et artisans alg\u00e9riens (UGCAA) a pris ses distances en se","og_url":"https:\/\/lasentinelle.dz\/index.php\/2022\/01\/03\/appels-a-augmenter-le-prix-du-pain-lugcaa-appelle-les-boulangers-a-la-vigilance\/","og_site_name":"La Sentinelle","article_publisher":"https:\/\/www.facebook.com\/La-Sentinelle-104059864394773","article_published_time":"2022-01-02T23:05:00+00:00","og_image":[{"width":1361,"height":900,"url":"https:\/\/lasentinelle.dz\/wp-content\/uploads\/2022\/01\/boulangers.png","type":"image\/png"}],"author":"La Sentinelle","twitter_card":"summary_large_image","twitter_misc":{"\u00c9crit par":"La Sentinelle","Dur\u00e9e de lecture estim\u00e9e":"2 minutes"},"schema":{"@context":"https:\/\/schema.org","@graph":[{"@type":"Article","@id":"https:\/\/lasentinelle.dz\/index.php\/2022\/01\/03\/appels-a-augmenter-le-prix-du-pain-lugcaa-appelle-les-boulangers-a-la-vigilance\/#article","isPartOf":{"@id":"https:\/\/lasentinelle.dz\/index.php\/2022\/01\/03\/appels-a-augmenter-le-prix-du-pain-lugcaa-appelle-les-boulangers-a-la-vigilance\/"},"author":{"name":"La Sentinelle","@id":"https:\/\/lasentinelle.dz\/#\/schema\/person\/d865044e22e70a75174ce8bcad3acfb3"},"headline":"Appels \u00e0 augmenter le prix du pain : L&rsquo;UGCAA appelle les boulangers \u00e0 la vigilance","datePublished":"2022-01-02T23:05:00+00:00","mainEntityOfPage":{"@id":"https:\/\/lasentinelle.dz\/index.php\/2022\/01\/03\/appels-a-augmenter-le-prix-du-pain-lugcaa-appelle-les-boulangers-a-la-vigilance\/"},"wordCount":536,"commentCount":0,"publisher":{"@id":"https:\/\/lasentinelle.dz\/#organization"},"image":{"@id":"https:\/\/lasentinelle.dz\/index.php\/2022\/01\/03\/appels-a-augmenter-le-prix-du-pain-lugcaa-appelle-les-boulangers-a-la-vigilance\/#primaryimage"},"thumbnailUrl":"https:\/\/lasentinelle.dz\/wp-content\/uploads\/2022\/01\/boulangers.png","articleSection":["\u00c0 la Une","Actualit\u00e9"],"inLanguage":"fr-FR","potentialAction":[{"@type":"CommentAction","name":"Comment","target":["https:\/\/lasentinelle.dz\/index.php\/2022\/01\/03\/appels-a-augmenter-le-prix-du-pain-lugcaa-appelle-les-boulangers-a-la-vigilance\/#respond"]}]},{"@type":"WebPage","@id":"https:\/\/lasentinelle.dz\/index.php\/2022\/01\/03\/appels-a-augmenter-le-prix-du-pain-lugcaa-appelle-les-boulangers-a-la-vigilance\/","url":"https:\/\/lasentinelle.dz\/index.php\/2022\/01\/03\/appels-a-augmenter-le-prix-du-pain-lugcaa-appelle-les-boulangers-a-la-vigilance\/","name":"Appels \u00e0 augmenter le prix du pain : L'UGCAA appelle les boulangers \u00e0 la vigilance - La Sentinelle","isPartOf":{"@id":"https:\/\/lasentinelle.dz\/#website"},"primaryImageOfPage":{"@id":"https:\/\/lasentinelle.dz\/index.php\/2022\/01\/03\/appels-a-augmenter-le-prix-du-pain-lugcaa-appelle-les-boulangers-a-la-vigilance\/#primaryimage"},"image":{"@id":"https:\/\/lasentinelle.dz\/index.php\/2022\/01\/03\/appels-a-augmenter-le-prix-du-pain-lugcaa-appelle-les-boulangers-a-la-vigilance\/#primaryimage"},"thumbnailUrl":"https:\/\/lasentinelle.dz\/wp-content\/uploads\/2022\/01\/boulangers.png","datePublished":"2022-01-02T23:05:00+00:00","breadcrumb":{"@id":"https:\/\/lasentinelle.dz\/index.php\/2022\/01\/03\/appels-a-augmenter-le-prix-du-pain-lugcaa-appelle-les-boulangers-a-la-vigilance\/#breadcrumb"},"inLanguage":"fr-FR","potentialAction":[{"@type":"ReadAction","target":["https:\/\/lasentinelle.dz\/index.php\/2022\/01\/03\/appels-a-augmenter-le-prix-du-pain-lugcaa-appelle-les-boulangers-a-la-vigilance\/"]}]},{"@type":"ImageObject","inLanguage":"fr-FR","@id":"https:\/\/lasentinelle.dz\/index.php\/2022\/01\/03\/appels-a-augmenter-le-prix-du-pain-lugcaa-appelle-les-boulangers-a-la-vigilance\/#primaryimage","url":"https:\/\/lasentinelle.dz\/wp-content\/uploads\/2022\/01\/boulangers.png","contentUrl":"https:\/\/lasentinelle.dz\/wp-content\/uploads\/2022\/01\/boulangers.png","width":1361,"height":900},{"@type":"BreadcrumbList","@id":"https:\/\/lasentinelle.dz\/index.php\/2022\/01\/03\/appels-a-augmenter-le-prix-du-pain-lugcaa-appelle-les-boulangers-a-la-vigilance\/#breadcrumb","itemListElement":[{"@type":"ListItem","position":1,"name":"Accueil","item":"https:\/\/lasentinelle.dz\/"},{"@type":"ListItem","position":2,"name":"Appels \u00e0 augmenter le prix du pain : L&rsquo;UGCAA appelle les boulangers \u00e0 la vigilance"}]},{"@type":"WebSite","@id":"https:\/\/lasentinelle.dz\/#website","url":"https:\/\/lasentinelle.dz\/","name":"La Sentinelle","description":"Quotidien national d&#039;information","publisher":{"@id":"https:\/\/lasentinelle.dz\/#organization"},"potentialAction":[{"@type":"SearchAction","target":{"@type":"EntryPoint","urlTemplate":"https:\/\/lasentinelle.dz\/?s={search_term_string}"},"query-input":{"@type":"PropertyValueSpecification","valueRequired":true,"valueName":"search_term_string"}}],"inLanguage":"fr-FR"},{"@type":"Organization","@id":"https:\/\/lasentinelle.dz\/#organization","name":"Quotidien La Sentinelle","url":"https:\/\/lasentinelle.dz\/","logo":{"@type":"ImageObject","inLanguage":"fr-FR","@id":"https:\/\/lasentinelle.dz\/#\/schema\/logo\/image\/","url":"https:\/\/lasentinelle.dz\/wp-content\/uploads\/2021\/09\/logo-sentinelleSLOGAN-1.png","contentUrl":"https:\/\/lasentinelle.dz\/wp-content\/uploads\/2021\/09\/logo-sentinelleSLOGAN-1.png","width":615,"height":142,"caption":"Quotidien La Sentinelle"},"image":{"@id":"https:\/\/lasentinelle.dz\/#\/schema\/logo\/image\/"},"sameAs":["https:\/\/www.facebook.com\/La-Sentinelle-104059864394773"]},{"@type":"Person","@id":"https:\/\/lasentinelle.dz\/#\/schema\/person\/d865044e22e70a75174ce8bcad3acfb3","name":"La Sentinelle","image":{"@type":"ImageObject","inLanguage":"fr-FR","@id":"https:\/\/secure.gravatar.com\/avatar\/57de8e5d4b15d43fb361a71fbb36338450fe67865b528a43dd10ef7c51a20392?s=96&d=mm&r=g","url":"https:\/\/secure.gravatar.com\/avatar\/57de8e5d4b15d43fb361a71fbb36338450fe67865b528a43dd10ef7c51a20392?s=96&d=mm&r=g","contentUrl":"https:\/\/secure.gravatar.com\/avatar\/57de8e5d4b15d43fb361a71fbb36338450fe67865b528a43dd10ef7c51a20392?s=96&d=mm&r=g","caption":"La Sentinelle"},"sameAs":["http:\/\/www.lasentinelle.dz"],"url":"https:\/\/lasentinelle.dz\/author\/redaction\/"}]}},"_links":{"self":[{"href":"https:\/\/lasentinelle.dz\/index.php\/wp-json\/wp\/v2\/posts\/15704","targetHints":{"allow":["GET"]}}],"collection":[{"href":"https:\/\/lasentinelle.dz\/index.php\/wp-json\/wp\/v2\/posts"}],"about":[{"href":"https:\/\/lasentinelle.dz\/index.php\/wp-json\/wp\/v2\/types\/post"}],"author":[{"embeddable":true,"href":"https:\/\/lasentinelle.dz\/index.php\/wp-json\/wp\/v2\/users\/3"}],"replies":[{"embeddable":true,"href":"https:\/\/lasentinelle.dz\/index.php\/wp-json\/wp\/v2\/comments?post=15704"}],"version-history":[{"count":1,"href":"https:\/\/lasentinelle.dz\/index.php\/wp-json\/wp\/v2\/posts\/15704\/revisions"}],"predecessor-version":[{"id":15711,"href":"https:\/\/lasentinelle.dz\/index.php\/wp-json\/wp\/v2\/posts\/15704\/revisions\/15711"}],"wp:featuredmedia":[{"embeddable":true,"href":"https:\/\/lasentinelle.dz\/index.php\/wp-json\/wp\/v2\/media\/15710"}],"wp:attachment":[{"href":"https:\/\/lasentinelle.dz\/index.php\/wp-json\/wp\/v2\/media?parent=15704"}],"wp:term":[{"taxonomy":"category","embeddable":true,"href":"https:\/\/lasentinelle.dz\/index.php\/wp-json\/wp\/v2\/categories?post=15704"},{"taxonomy":"post_tag","embeddable":true,"href":"https:\/\/lasentinelle.dz\/index.php\/wp-json\/wp\/v2\/tags?post=15704"}],"curies":[{"name":"wp","href":"https:\/\/api.w.org\/{rel}","templated":true}]}}