{"id":1571,"date":"2021-07-18T00:01:00","date_gmt":"2021-07-17T23:01:00","guid":{"rendered":"https:\/\/lasentinelle.dz\/?p=1571"},"modified":"2021-07-17T18:29:38","modified_gmt":"2021-07-17T17:29:38","slug":"annaba-les-prix-des-produits-frais-flambent","status":"publish","type":"post","link":"https:\/\/lasentinelle.dz\/index.php\/2021\/07\/18\/annaba-les-prix-des-produits-frais-flambent\/","title":{"rendered":"Annaba : Les prix des produits frais flambent"},"content":{"rendered":"\n<p>\u00c0 Annaba, rien ne semble dissuader les commer\u00e7ants d\u2019abandonner les pratiques mercantilistes. Ces comportements sont devenus un ph\u00e9nom\u00e8ne \u00e9chappant \u00e0 tout contr\u00f4le.<\/p>\n\n\n\n<p>En d\u00e9pit de la disponibilit\u00e9 des produits, dont les prix \u00e9taient, il y a quelques jours, \u00e0 la port\u00e9e des m\u00e9nages, les prix ont consid\u00e9rablement augment\u00e9, ces derniers jours. Sans pouvoir rivaliser avec le mouton de l\u2019A\u00efd El Adha, les prix de la volaille atteint les 450 DA, le kg. Un fait qui n\u2019est plus anodin mais un ph\u00e9nom\u00e8ne r\u00e9current.En effet, le kilo de poulet de chair est devenu plus cher en passant de 350 DA \u00e0 380 DA avant d\u2019atteindre 450 DA en l&rsquo;espace de deux jours au grand dam des m\u00e9nages \u00e0 faible revenu. Il faut dire que toutes les mesures prises par le minist\u00e8re de Commercen\u2019ont pas r\u00e9ussi \u00e0 faire dispara\u00eetre cette tendance de hausse des prix du poulet sur les \u00e9tals, notamment durant les c\u00e9l\u00e9brations religieuses notamment.Chaque vendeur argumente comme il veut pour expliquer cette subite envol\u00e9e du prix de la viande blanche. Les commer\u00e7ants parlent de l\u2019absence d\u2019une offre abondante sur le march\u00e9, en raison de l\u2019approche de l&rsquo;A\u00efd El Adha. D\u2019autres avancent que les producteurs de poulet de chair le font en petites quantit\u00e9s sous pr\u00e9texte que dans leurs batteries d\u2019\u00e9levage les sujets n\u2019ont pas encore atteint l&rsquo;\u00e2ge de l\u2019abattage. Du coup, la production a connu une tendance baissi\u00e8re, entra\u00eenant ainsi un recul de l\u2019offre et par cons\u00e9quence une augmentation du prix du kilo. Apparemment ce d\u00e9s\u00e9quilibre entre l\u2019offre et la demande est mis \u00e0 profit par les sp\u00e9culateurs qui ont fait main basse sur les batteries d\u2019\u00e9levage. Du c\u00f4t\u00e9 des \u00e9leveurs, on attribue la chert\u00e9 du poulet au prix \u00e9lev\u00e9 des aliments de b\u00e9tail. Dans tous ces cas de figures, c\u2019est le consommateur qui est l\u2019\u00e9ternel otage des pratiques commerciales malsaines.Il en est de m\u00eame pour les prix des fruits et l\u00e9gumes, dont les prix ont subitement grimp\u00e9 \u00e0 la veille de l\u2019A\u00efd El-Adha et devraient le rester apr\u00e8s la f\u00eate. En d\u00e9pit de l\u2019abondance des produits sur le march\u00e9 de gros d\u2019El Bouni, les prix ont augment\u00e9. Cela traduit la hausse des prix chez les d\u00e9taillants. Selon le responsable de l\u2019association des consommateurs \u00e0 Annaba \u00ab&nbsp;s\u2019il y a une flamb\u00e9e des prix, elle est l\u2019\u0153uvredes marchands de gros et des d\u00e9taillants&nbsp;\u00bb.Une d\u00e9faillance imput\u00e9e au r\u00f4le des services de contr\u00f4le relevant de la direction du contr\u00f4le des prix (DCP) d\u2019Annaba, pour parer \u00e0 toute hausse injustifi\u00e9e des prix sur les march\u00e9s de d\u00e9tail. Il est \u00e0 souligner que, le march\u00e9 de gros d\u2019El Bouni qui alimente 55% des besoins des march\u00e9s en fruits et 75% en l\u00e9gumes est en mesure de couvrir toutes les demandes des d\u00e9taillants car, tous produits de saison, sont disponibles en abondance \u00e0 cette p\u00e9riode de l\u2019\u00e9t\u00e9. Plusieurs commer\u00e7ants ont refus\u00e9 de nous expliquer cette flamb\u00e9e des prix, qui a enregistr\u00e9entre 20 et 30% d\u2019augmentation en deux jours. Ainsi, la pomme de terre est c\u00e9d\u00e9e \u00e0 70 DA\/kg, la tomate \u00e0 90 DA\/kg, la laitue \u00e0 140 DA\/ kg, les haricots verts \u00e0 220 DA\/kg, les courgettes \u00e0 100 DA\/kg, le poivron affiche les 80 DA le kg et carottes \u00e0 60 DA kg. Les fruits quant \u00e0 eux affichent des prix allant entre 200 et 450 DA le kg. Certes le choix y est mais \u00e0 quel prix. Pour les m\u00e9nages faire le march\u00e9, c\u2019est devenu un cauchemar.Ilstrouvent inadmissible cette flamb\u00e9e des prix des fruits et l\u00e9gumes \u00e0 48 heures de l&rsquo;A\u00efd El Adha.<\/p>\n\n\n\n<p>SOFIA CHAHINE<\/p>\n","protected":false},"excerpt":{"rendered":"<p>\u00c0 Annaba, rien ne semble dissuader les commer\u00e7ants d\u2019abandonner les pratiques mercantilistes. Ces comportements sont devenus un ph\u00e9nom\u00e8ne \u00e9chappant \u00e0<\/p>\n","protected":false},"author":3,"featured_media":1575,"comment_status":"open","ping_status":"closed","sticky":false,"template":"","format":"standard","meta":{"colormag_page_container_layout":"default_layout","colormag_page_sidebar_layout":"default_layout","om_disable_all_campaigns":false,"_monsterinsights_skip_tracking":false,"_monsterinsights_sitenote_active":false,"_monsterinsights_sitenote_note":"","_monsterinsights_sitenote_category":0,"footnotes":"","_wpscppro_dont_share_socialmedia":false,"_wpscppro_custom_social_share_image":0,"_facebook_share_type":"","_twitter_share_type":"","_linkedin_share_type":"","_pinterest_share_type":"","_linkedin_share_type_page":"","_instagram_share_type":"","_medium_share_type":"","_threads_share_type":"","_google_business_share_type":"","_selected_social_profile":[],"_wpsp_enable_custom_social_template":false,"_wpsp_social_scheduling":{"enabled":false,"datetime":null,"platforms":[],"status":"template_only","dateOption":"today","timeOption":"now","customDays":"","customHours":"","customDate":"","customTime":"","schedulingType":"absolute"},"_wpsp_active_default_template":true},"categories":[31],"tags":[],"class_list":["post-1571","post","type-post","status-publish","format-standard","has-post-thumbnail","hentry","category-regions"],"aioseo_notices":[],"yoast_head":"<!-- This site is optimized with the Yoast SEO plugin v27.5 - https:\/\/yoast.com\/product\/yoast-seo-wordpress\/ -->\n<title>Annaba : Les prix des produits frais flambent - La Sentinelle<\/title>\n<meta name=\"robots\" content=\"index, follow, max-snippet:-1, max-image-preview:large, max-video-preview:-1\" \/>\n<link rel=\"canonical\" href=\"https:\/\/lasentinelle.dz\/index.php\/2021\/07\/18\/annaba-les-prix-des-produits-frais-flambent\/\" \/>\n<meta property=\"og:locale\" content=\"fr_FR\" \/>\n<meta property=\"og:type\" content=\"article\" \/>\n<meta property=\"og:title\" content=\"Annaba : Les prix des produits frais flambent - La Sentinelle\" \/>\n<meta property=\"og:description\" content=\"\u00c0 Annaba, rien ne semble dissuader les commer\u00e7ants d\u2019abandonner les pratiques mercantilistes. Ces comportements sont devenus un ph\u00e9nom\u00e8ne \u00e9chappant \u00e0\" \/>\n<meta property=\"og:url\" content=\"https:\/\/lasentinelle.dz\/index.php\/2021\/07\/18\/annaba-les-prix-des-produits-frais-flambent\/\" \/>\n<meta property=\"og:site_name\" content=\"La Sentinelle\" \/>\n<meta property=\"article:publisher\" content=\"https:\/\/www.facebook.com\/La-Sentinelle-104059864394773\" \/>\n<meta property=\"article:published_time\" content=\"2021-07-17T23:01:00+00:00\" \/>\n<meta property=\"og:image\" content=\"https:\/\/lasentinelle.dz\/wp-content\/uploads\/2021\/07\/legume-1024x502.png\" \/>\n\t<meta property=\"og:image:width\" content=\"1024\" \/>\n\t<meta property=\"og:image:height\" content=\"502\" \/>\n\t<meta property=\"og:image:type\" content=\"image\/png\" \/>\n<meta name=\"author\" content=\"La Sentinelle\" \/>\n<meta name=\"twitter:card\" content=\"summary_large_image\" \/>\n<meta name=\"twitter:label1\" content=\"\u00c9crit par\" \/>\n\t<meta name=\"twitter:data1\" content=\"La Sentinelle\" \/>\n\t<meta name=\"twitter:label2\" content=\"Dur\u00e9e de lecture estim\u00e9e\" \/>\n\t<meta name=\"twitter:data2\" content=\"3 minutes\" \/>\n<script type=\"application\/ld+json\" class=\"yoast-schema-graph\">{\"@context\":\"https:\\\/\\\/schema.org\",\"@graph\":[{\"@type\":\"Article\",\"@id\":\"https:\\\/\\\/lasentinelle.dz\\\/index.php\\\/2021\\\/07\\\/18\\\/annaba-les-prix-des-produits-frais-flambent\\\/#article\",\"isPartOf\":{\"@id\":\"https:\\\/\\\/lasentinelle.dz\\\/index.php\\\/2021\\\/07\\\/18\\\/annaba-les-prix-des-produits-frais-flambent\\\/\"},\"author\":{\"name\":\"La Sentinelle\",\"@id\":\"https:\\\/\\\/lasentinelle.dz\\\/#\\\/schema\\\/person\\\/d865044e22e70a75174ce8bcad3acfb3\"},\"headline\":\"Annaba : Les prix des produits frais flambent\",\"datePublished\":\"2021-07-17T23:01:00+00:00\",\"mainEntityOfPage\":{\"@id\":\"https:\\\/\\\/lasentinelle.dz\\\/index.php\\\/2021\\\/07\\\/18\\\/annaba-les-prix-des-produits-frais-flambent\\\/\"},\"wordCount\":652,\"commentCount\":0,\"publisher\":{\"@id\":\"https:\\\/\\\/lasentinelle.dz\\\/#organization\"},\"image\":{\"@id\":\"https:\\\/\\\/lasentinelle.dz\\\/index.php\\\/2021\\\/07\\\/18\\\/annaba-les-prix-des-produits-frais-flambent\\\/#primaryimage\"},\"thumbnailUrl\":\"https:\\\/\\\/lasentinelle.dz\\\/wp-content\\\/uploads\\\/2021\\\/07\\\/legume.png\",\"articleSection\":[\"R\u00e9gions\"],\"inLanguage\":\"fr-FR\",\"potentialAction\":[{\"@type\":\"CommentAction\",\"name\":\"Comment\",\"target\":[\"https:\\\/\\\/lasentinelle.dz\\\/index.php\\\/2021\\\/07\\\/18\\\/annaba-les-prix-des-produits-frais-flambent\\\/#respond\"]}]},{\"@type\":\"WebPage\",\"@id\":\"https:\\\/\\\/lasentinelle.dz\\\/index.php\\\/2021\\\/07\\\/18\\\/annaba-les-prix-des-produits-frais-flambent\\\/\",\"url\":\"https:\\\/\\\/lasentinelle.dz\\\/index.php\\\/2021\\\/07\\\/18\\\/annaba-les-prix-des-produits-frais-flambent\\\/\",\"name\":\"Annaba : Les prix des produits frais flambent - La Sentinelle\",\"isPartOf\":{\"@id\":\"https:\\\/\\\/lasentinelle.dz\\\/#website\"},\"primaryImageOfPage\":{\"@id\":\"https:\\\/\\\/lasentinelle.dz\\\/index.php\\\/2021\\\/07\\\/18\\\/annaba-les-prix-des-produits-frais-flambent\\\/#primaryimage\"},\"image\":{\"@id\":\"https:\\\/\\\/lasentinelle.dz\\\/index.php\\\/2021\\\/07\\\/18\\\/annaba-les-prix-des-produits-frais-flambent\\\/#primaryimage\"},\"thumbnailUrl\":\"https:\\\/\\\/lasentinelle.dz\\\/wp-content\\\/uploads\\\/2021\\\/07\\\/legume.png\",\"datePublished\":\"2021-07-17T23:01:00+00:00\",\"breadcrumb\":{\"@id\":\"https:\\\/\\\/lasentinelle.dz\\\/index.php\\\/2021\\\/07\\\/18\\\/annaba-les-prix-des-produits-frais-flambent\\\/#breadcrumb\"},\"inLanguage\":\"fr-FR\",\"potentialAction\":[{\"@type\":\"ReadAction\",\"target\":[\"https:\\\/\\\/lasentinelle.dz\\\/index.php\\\/2021\\\/07\\\/18\\\/annaba-les-prix-des-produits-frais-flambent\\\/\"]}]},{\"@type\":\"ImageObject\",\"inLanguage\":\"fr-FR\",\"@id\":\"https:\\\/\\\/lasentinelle.dz\\\/index.php\\\/2021\\\/07\\\/18\\\/annaba-les-prix-des-produits-frais-flambent\\\/#primaryimage\",\"url\":\"https:\\\/\\\/lasentinelle.dz\\\/wp-content\\\/uploads\\\/2021\\\/07\\\/legume.png\",\"contentUrl\":\"https:\\\/\\\/lasentinelle.dz\\\/wp-content\\\/uploads\\\/2021\\\/07\\\/legume.png\",\"width\":1836,\"height\":900},{\"@type\":\"BreadcrumbList\",\"@id\":\"https:\\\/\\\/lasentinelle.dz\\\/index.php\\\/2021\\\/07\\\/18\\\/annaba-les-prix-des-produits-frais-flambent\\\/#breadcrumb\",\"itemListElement\":[{\"@type\":\"ListItem\",\"position\":1,\"name\":\"Accueil\",\"item\":\"https:\\\/\\\/lasentinelle.dz\\\/\"},{\"@type\":\"ListItem\",\"position\":2,\"name\":\"Annaba : Les prix des produits frais flambent\"}]},{\"@type\":\"WebSite\",\"@id\":\"https:\\\/\\\/lasentinelle.dz\\\/#website\",\"url\":\"https:\\\/\\\/lasentinelle.dz\\\/\",\"name\":\"La Sentinelle\",\"description\":\"Quotidien national d&#039;information\",\"publisher\":{\"@id\":\"https:\\\/\\\/lasentinelle.dz\\\/#organization\"},\"potentialAction\":[{\"@type\":\"SearchAction\",\"target\":{\"@type\":\"EntryPoint\",\"urlTemplate\":\"https:\\\/\\\/lasentinelle.dz\\\/?s={search_term_string}\"},\"query-input\":{\"@type\":\"PropertyValueSpecification\",\"valueRequired\":true,\"valueName\":\"search_term_string\"}}],\"inLanguage\":\"fr-FR\"},{\"@type\":\"Organization\",\"@id\":\"https:\\\/\\\/lasentinelle.dz\\\/#organization\",\"name\":\"Quotidien La Sentinelle\",\"url\":\"https:\\\/\\\/lasentinelle.dz\\\/\",\"logo\":{\"@type\":\"ImageObject\",\"inLanguage\":\"fr-FR\",\"@id\":\"https:\\\/\\\/lasentinelle.dz\\\/#\\\/schema\\\/logo\\\/image\\\/\",\"url\":\"https:\\\/\\\/lasentinelle.dz\\\/wp-content\\\/uploads\\\/2021\\\/09\\\/logo-sentinelleSLOGAN-1.png\",\"contentUrl\":\"https:\\\/\\\/lasentinelle.dz\\\/wp-content\\\/uploads\\\/2021\\\/09\\\/logo-sentinelleSLOGAN-1.png\",\"width\":615,\"height\":142,\"caption\":\"Quotidien La Sentinelle\"},\"image\":{\"@id\":\"https:\\\/\\\/lasentinelle.dz\\\/#\\\/schema\\\/logo\\\/image\\\/\"},\"sameAs\":[\"https:\\\/\\\/www.facebook.com\\\/La-Sentinelle-104059864394773\"]},{\"@type\":\"Person\",\"@id\":\"https:\\\/\\\/lasentinelle.dz\\\/#\\\/schema\\\/person\\\/d865044e22e70a75174ce8bcad3acfb3\",\"name\":\"La Sentinelle\",\"image\":{\"@type\":\"ImageObject\",\"inLanguage\":\"fr-FR\",\"@id\":\"https:\\\/\\\/secure.gravatar.com\\\/avatar\\\/57de8e5d4b15d43fb361a71fbb36338450fe67865b528a43dd10ef7c51a20392?s=96&d=mm&r=g\",\"url\":\"https:\\\/\\\/secure.gravatar.com\\\/avatar\\\/57de8e5d4b15d43fb361a71fbb36338450fe67865b528a43dd10ef7c51a20392?s=96&d=mm&r=g\",\"contentUrl\":\"https:\\\/\\\/secure.gravatar.com\\\/avatar\\\/57de8e5d4b15d43fb361a71fbb36338450fe67865b528a43dd10ef7c51a20392?s=96&d=mm&r=g\",\"caption\":\"La Sentinelle\"},\"sameAs\":[\"http:\\\/\\\/www.lasentinelle.dz\"],\"url\":\"https:\\\/\\\/lasentinelle.dz\\\/author\\\/redaction\\\/\"}]}<\/script>\n<!-- \/ Yoast SEO plugin. -->","yoast_head_json":{"title":"Annaba : Les prix des produits frais flambent - La Sentinelle","robots":{"index":"index","follow":"follow","max-snippet":"max-snippet:-1","max-image-preview":"max-image-preview:large","max-video-preview":"max-video-preview:-1"},"canonical":"https:\/\/lasentinelle.dz\/index.php\/2021\/07\/18\/annaba-les-prix-des-produits-frais-flambent\/","og_locale":"fr_FR","og_type":"article","og_title":"Annaba : Les prix des produits frais flambent - La Sentinelle","og_description":"\u00c0 Annaba, rien ne semble dissuader les commer\u00e7ants d\u2019abandonner les pratiques mercantilistes. Ces comportements sont devenus un ph\u00e9nom\u00e8ne \u00e9chappant \u00e0","og_url":"https:\/\/lasentinelle.dz\/index.php\/2021\/07\/18\/annaba-les-prix-des-produits-frais-flambent\/","og_site_name":"La Sentinelle","article_publisher":"https:\/\/www.facebook.com\/La-Sentinelle-104059864394773","article_published_time":"2021-07-17T23:01:00+00:00","og_image":[{"width":1024,"height":502,"url":"https:\/\/lasentinelle.dz\/wp-content\/uploads\/2021\/07\/legume-1024x502.png","type":"image\/png"}],"author":"La Sentinelle","twitter_card":"summary_large_image","twitter_misc":{"\u00c9crit par":"La Sentinelle","Dur\u00e9e de lecture estim\u00e9e":"3 minutes"},"schema":{"@context":"https:\/\/schema.org","@graph":[{"@type":"Article","@id":"https:\/\/lasentinelle.dz\/index.php\/2021\/07\/18\/annaba-les-prix-des-produits-frais-flambent\/#article","isPartOf":{"@id":"https:\/\/lasentinelle.dz\/index.php\/2021\/07\/18\/annaba-les-prix-des-produits-frais-flambent\/"},"author":{"name":"La Sentinelle","@id":"https:\/\/lasentinelle.dz\/#\/schema\/person\/d865044e22e70a75174ce8bcad3acfb3"},"headline":"Annaba : Les prix des produits frais flambent","datePublished":"2021-07-17T23:01:00+00:00","mainEntityOfPage":{"@id":"https:\/\/lasentinelle.dz\/index.php\/2021\/07\/18\/annaba-les-prix-des-produits-frais-flambent\/"},"wordCount":652,"commentCount":0,"publisher":{"@id":"https:\/\/lasentinelle.dz\/#organization"},"image":{"@id":"https:\/\/lasentinelle.dz\/index.php\/2021\/07\/18\/annaba-les-prix-des-produits-frais-flambent\/#primaryimage"},"thumbnailUrl":"https:\/\/lasentinelle.dz\/wp-content\/uploads\/2021\/07\/legume.png","articleSection":["R\u00e9gions"],"inLanguage":"fr-FR","potentialAction":[{"@type":"CommentAction","name":"Comment","target":["https:\/\/lasentinelle.dz\/index.php\/2021\/07\/18\/annaba-les-prix-des-produits-frais-flambent\/#respond"]}]},{"@type":"WebPage","@id":"https:\/\/lasentinelle.dz\/index.php\/2021\/07\/18\/annaba-les-prix-des-produits-frais-flambent\/","url":"https:\/\/lasentinelle.dz\/index.php\/2021\/07\/18\/annaba-les-prix-des-produits-frais-flambent\/","name":"Annaba : Les prix des produits frais flambent - La Sentinelle","isPartOf":{"@id":"https:\/\/lasentinelle.dz\/#website"},"primaryImageOfPage":{"@id":"https:\/\/lasentinelle.dz\/index.php\/2021\/07\/18\/annaba-les-prix-des-produits-frais-flambent\/#primaryimage"},"image":{"@id":"https:\/\/lasentinelle.dz\/index.php\/2021\/07\/18\/annaba-les-prix-des-produits-frais-flambent\/#primaryimage"},"thumbnailUrl":"https:\/\/lasentinelle.dz\/wp-content\/uploads\/2021\/07\/legume.png","datePublished":"2021-07-17T23:01:00+00:00","breadcrumb":{"@id":"https:\/\/lasentinelle.dz\/index.php\/2021\/07\/18\/annaba-les-prix-des-produits-frais-flambent\/#breadcrumb"},"inLanguage":"fr-FR","potentialAction":[{"@type":"ReadAction","target":["https:\/\/lasentinelle.dz\/index.php\/2021\/07\/18\/annaba-les-prix-des-produits-frais-flambent\/"]}]},{"@type":"ImageObject","inLanguage":"fr-FR","@id":"https:\/\/lasentinelle.dz\/index.php\/2021\/07\/18\/annaba-les-prix-des-produits-frais-flambent\/#primaryimage","url":"https:\/\/lasentinelle.dz\/wp-content\/uploads\/2021\/07\/legume.png","contentUrl":"https:\/\/lasentinelle.dz\/wp-content\/uploads\/2021\/07\/legume.png","width":1836,"height":900},{"@type":"BreadcrumbList","@id":"https:\/\/lasentinelle.dz\/index.php\/2021\/07\/18\/annaba-les-prix-des-produits-frais-flambent\/#breadcrumb","itemListElement":[{"@type":"ListItem","position":1,"name":"Accueil","item":"https:\/\/lasentinelle.dz\/"},{"@type":"ListItem","position":2,"name":"Annaba : Les prix des produits frais flambent"}]},{"@type":"WebSite","@id":"https:\/\/lasentinelle.dz\/#website","url":"https:\/\/lasentinelle.dz\/","name":"La Sentinelle","description":"Quotidien national d&#039;information","publisher":{"@id":"https:\/\/lasentinelle.dz\/#organization"},"potentialAction":[{"@type":"SearchAction","target":{"@type":"EntryPoint","urlTemplate":"https:\/\/lasentinelle.dz\/?s={search_term_string}"},"query-input":{"@type":"PropertyValueSpecification","valueRequired":true,"valueName":"search_term_string"}}],"inLanguage":"fr-FR"},{"@type":"Organization","@id":"https:\/\/lasentinelle.dz\/#organization","name":"Quotidien La Sentinelle","url":"https:\/\/lasentinelle.dz\/","logo":{"@type":"ImageObject","inLanguage":"fr-FR","@id":"https:\/\/lasentinelle.dz\/#\/schema\/logo\/image\/","url":"https:\/\/lasentinelle.dz\/wp-content\/uploads\/2021\/09\/logo-sentinelleSLOGAN-1.png","contentUrl":"https:\/\/lasentinelle.dz\/wp-content\/uploads\/2021\/09\/logo-sentinelleSLOGAN-1.png","width":615,"height":142,"caption":"Quotidien La Sentinelle"},"image":{"@id":"https:\/\/lasentinelle.dz\/#\/schema\/logo\/image\/"},"sameAs":["https:\/\/www.facebook.com\/La-Sentinelle-104059864394773"]},{"@type":"Person","@id":"https:\/\/lasentinelle.dz\/#\/schema\/person\/d865044e22e70a75174ce8bcad3acfb3","name":"La Sentinelle","image":{"@type":"ImageObject","inLanguage":"fr-FR","@id":"https:\/\/secure.gravatar.com\/avatar\/57de8e5d4b15d43fb361a71fbb36338450fe67865b528a43dd10ef7c51a20392?s=96&d=mm&r=g","url":"https:\/\/secure.gravatar.com\/avatar\/57de8e5d4b15d43fb361a71fbb36338450fe67865b528a43dd10ef7c51a20392?s=96&d=mm&r=g","contentUrl":"https:\/\/secure.gravatar.com\/avatar\/57de8e5d4b15d43fb361a71fbb36338450fe67865b528a43dd10ef7c51a20392?s=96&d=mm&r=g","caption":"La Sentinelle"},"sameAs":["http:\/\/www.lasentinelle.dz"],"url":"https:\/\/lasentinelle.dz\/author\/redaction\/"}]}},"_links":{"self":[{"href":"https:\/\/lasentinelle.dz\/index.php\/wp-json\/wp\/v2\/posts\/1571","targetHints":{"allow":["GET"]}}],"collection":[{"href":"https:\/\/lasentinelle.dz\/index.php\/wp-json\/wp\/v2\/posts"}],"about":[{"href":"https:\/\/lasentinelle.dz\/index.php\/wp-json\/wp\/v2\/types\/post"}],"author":[{"embeddable":true,"href":"https:\/\/lasentinelle.dz\/index.php\/wp-json\/wp\/v2\/users\/3"}],"replies":[{"embeddable":true,"href":"https:\/\/lasentinelle.dz\/index.php\/wp-json\/wp\/v2\/comments?post=1571"}],"version-history":[{"count":1,"href":"https:\/\/lasentinelle.dz\/index.php\/wp-json\/wp\/v2\/posts\/1571\/revisions"}],"predecessor-version":[{"id":1578,"href":"https:\/\/lasentinelle.dz\/index.php\/wp-json\/wp\/v2\/posts\/1571\/revisions\/1578"}],"wp:featuredmedia":[{"embeddable":true,"href":"https:\/\/lasentinelle.dz\/index.php\/wp-json\/wp\/v2\/media\/1575"}],"wp:attachment":[{"href":"https:\/\/lasentinelle.dz\/index.php\/wp-json\/wp\/v2\/media?parent=1571"}],"wp:term":[{"taxonomy":"category","embeddable":true,"href":"https:\/\/lasentinelle.dz\/index.php\/wp-json\/wp\/v2\/categories?post=1571"},{"taxonomy":"post_tag","embeddable":true,"href":"https:\/\/lasentinelle.dz\/index.php\/wp-json\/wp\/v2\/tags?post=1571"}],"curies":[{"name":"wp","href":"https:\/\/api.w.org\/{rel}","templated":true}]}}