{"id":15731,"date":"2022-01-04T00:05:00","date_gmt":"2022-01-03T23:05:00","guid":{"rendered":"https:\/\/lasentinelle.dz\/?p=15731"},"modified":"2022-01-03T19:59:42","modified_gmt":"2022-01-03T18:59:42","slug":"revision-de-la-loi-portant-activite-syndicale-les-syndicats-divergent","status":"publish","type":"post","link":"https:\/\/lasentinelle.dz\/index.php\/2022\/01\/04\/revision-de-la-loi-portant-activite-syndicale-les-syndicats-divergent\/","title":{"rendered":"R\u00e9vision de la loi portant activit\u00e9 syndicale : Les syndicats divergent"},"content":{"rendered":"\n<p>La r\u00e9union du Conseil des ministres s\u2019est pench\u00e9e dimanche sur le projet de Loi modifiant et compl\u00e9tant la Loi n 90-14, du 02\/06\/1990, relative aux modalit\u00e9s d&rsquo;exercice du droit syndical. Un texte qui doit renforcer les droits et libert\u00e9s syndicales, tout en \u00e9loignant les syndicats des cercles de d\u00e9cisions et de la sph\u00e8re politique.&nbsp;<\/p>\n\n\n\n<p>Bien que les organisations syndicales appellent depuis de nombreuses ann\u00e9es au renforcement des libert\u00e9s syndicales, beaucoup de syndicalistes pr\u00e9f\u00e8rent aujourd\u2019hui r\u00e9server leurs opinions et attendent de lire les nouvelles dispositions et les amendements propos\u00e9es avant de s\u2019exprimer sur la teneur du texte et sur ses objectifs.&nbsp;Il est n\u00e9anmoins des th\u00e8mes qui suscitent d\u00e9j\u00e0 le d\u00e9bat au sein du mouvement syndical et qui fait d\u00e9j\u00e0 l\u2019objet de divergences. Il s\u2019agit notamment de la question des rapports qu\u2019entretient le monde syndical avec le monde politique.&nbsp;&nbsp;Et en cela,&nbsp;les lectures diff\u00e8rent d\u2019une organisation \u00e0&nbsp;l\u2019autre.&nbsp;Si du c\u00f4t\u00e9 de l\u2019UGTA, on estime que certains syndicats ne sont en r\u00e9alit\u00e9 que des arri\u00e8res boutiques de partis politiques, certaines organisations autonomes pensent qu\u2019il est tr\u00e8s difficile de s\u00e9parer l\u2019action syndicale de l\u2019action politique.<\/p>\n\n\n\n<p>En effet, de l\u2019avis du secr\u00e9taire g\u00e9n\u00e9ral de l\u2019Union de wilaya&nbsp;de B\u00e9ja\u00efa&nbsp;de l\u2019UGTA Abdelaziz Hamlaoui, \u00ab il faudra avant tout mettre en application les lois du&nbsp;Code du travail en vigueur \u00bb, citant l\u2019exemple du secteur de l\u2019\u00e9ducation qui, dit-il \u00ab compte 28 syndicats \u00e0 l\u2019\u00e9chelle nationale repr\u00e9sentant \u00e0 elles toutes moins de 20% de la totalit\u00e9 des travailleurs de ce secteur \u00bb.<\/p>\n\n\n\n<p>Sur un autre volet, ce responsable de l\u2019UGTA reconnait que plusieurs organisations&nbsp;syndicales&nbsp;d\u00e9vient de leurs objectifs en s\u2019inscrivant carr\u00e9ment dans des actions \u00ab purement politiques \u00bb, estimant que \u00ab dans le secteur de l\u2019\u00e9ducation par exemple, le nombre de syndicats ne devrait pas d\u00e9passer cinq organisations \u00e0 l\u2019\u00e9chelle nationale \u00bb.<\/p>\n\n\n\n<p>L\u2019autre repr\u00e9sentant des travailleurs, en l\u2019occurrence Nabil Ferguenis, du syndicat national&nbsp;&nbsp;des fonctionnaires&nbsp;&nbsp;de l\u2019\u00e9ducation&nbsp;&nbsp;estime que \u00ab l\u2019erreur \u00bb commise auparavant c\u2019est d\u2019avoir poursuivi l\u2019octroi d\u2019agr\u00e9ments \u00e0 des syndicats qui en r\u00e9alit\u00e9 ne repr\u00e9sentent aucunement les travailleurs, pr\u00e9conisant \u00ab la mise en place d\u2019un r\u00e9gime d\u00e9claratif en remplacement \u00e0 celui d\u2019octroi d\u2019agr\u00e9ments \u00bb.&nbsp;Il estime en ce sens que \u00abla r\u00e9elle repr\u00e9sentativit\u00e9 se mesure sur le seul degr\u00e9 de mobilisation \u00bb, avant de reconnaitre que des mouvements de gr\u00e8ves et autres actions avaient des arri\u00e8res pens\u00e9es politiques.<\/p>\n\n\n\n<p>Le repr\u00e9sentant du SNAFE estime qu\u2019 \u00ab il est certes difficile de s\u00e9parer le syndicaliste de l\u2019homme politique \u00bb, mais il admet que \u00ab des mouvements ont \u00e9t\u00e9 d\u00e9clench\u00e9s, avec des vis\u00e9es purement politiques \u00bb.<\/p>\n\n\n\n<p>Dans tous les cas, ce qui est certain, c\u2019est que tous admettent qu\u2019il ya une pl\u00e9thore de syndicats, notamment dans le secteur de l\u2019\u00e9ducation, pour ne citer que celui l\u00e0, mais aussi que toutes les gr\u00e8ves d\u00e9clench\u00e9es n\u2019ont pas souvent comme objectifs la satisfaction des revendications socioprofessionnelles mais r\u00e9pondent plut\u00f4t \u00e0 des sch\u00e9mas \u00e9tablis avec comme seul objectif, de saper une action mise en place par le minist\u00e8re de tutelle ou carr\u00e9ment les autorit\u00e9s du pays.&nbsp;C\u2019est le cas des gr\u00e8ves, programm\u00e9es \u00e0 la veille d\u2019un \u00e9v\u00e9nement politique comme l\u2019organisation d\u2019une \u00e9lection. Et les exemples \u00e0 ce sujet ne manquent pas.&nbsp;Pour rappel, le pr\u00e9sident de la R\u00e9publique a&nbsp;indiqu\u00e9 dimanche en conseil des ministres&nbsp;&nbsp;que \u00ab\u00a0l&rsquo;exercice du droit syndical compte parmi les principaux fondements de la D\u00e9mocratie et la Constitution de 2020 garantit et consacre ce droit\u00a0\u00bb, pr\u00e9cisant que \u00ab\u00a0la r\u00e9vision de la loi portant modalit\u00e9s d&rsquo;exercice de l&rsquo;action syndicale doit \u00eatre adapt\u00e9e aux r\u00e9solutions du bureau international du Travail (BIT)\u00a0\u00bb.&nbsp;\u00ab\u00a0Ladite loi doit respecter les normes de repr\u00e9sentation effective des syndicats, en associant les syndicats sectoriels \u00e0 la mise en place de m\u00e9canismes juridiques pour \u00e9valuer la performance syndicale\u00a0\u00bb, a soutenu le pr\u00e9sident de la R\u00e9publique.&nbsp;M. Tebboune a insist\u00e9, en outre, sur l&rsquo;importance de \u00ab\u00a0distinguer l&rsquo;action syndicale de la responsabilit\u00e9 dans la gestion et de l&rsquo;appartenance politique\u00a0\u00bb.<\/p>\n\n\n\n<p>Les modifications apport\u00e9es \u00e0 ladite loi visent \u00e0 \u00ab\u00a0renforcer les droits acquis des travailleurs, en permettant aux organisations syndicales de constituer des F\u00e9d\u00e9rations, Unions et Conf\u00e9d\u00e9rations quelles que soient la profession, la branche et le secteur d&rsquo;activit\u00e9 auquel elles appartiennent\u00a0\u00bb, \u00e0 la faveur de \u00ab\u00a0la mise en conformit\u00e9 des dispositions de la Loi pr\u00e9cit\u00e9e avec les dispositions de la Convention internationale du Travail\u00a0\u00bb.&nbsp;Lesdites modifications permettront \u00ab\u00a0d&rsquo;assurer la protection du d\u00e9l\u00e9gu\u00e9 syndical contre toute d\u00e9cision de licenciement arbitraire, ayant un lien avec l&rsquo;exercice du droit syndical\u00a0\u00bb, en pr\u00e9voyant des m\u00e9canismes suppl\u00e9mentaires devant permettre sa r\u00e9int\u00e9gration l\u00e9gale en cas de refus manifeste de l&#8217;employeur de proc\u00e9der \u00e0 sa r\u00e9int\u00e9gration.<\/p>\n\n\n\n<p><strong>Boubekeur Amrani<\/strong><\/p>\n","protected":false},"excerpt":{"rendered":"<p>La r\u00e9union du Conseil des ministres s\u2019est pench\u00e9e dimanche sur le projet de Loi modifiant et compl\u00e9tant la Loi n<\/p>\n","protected":false},"author":3,"featured_media":15732,"comment_status":"open","ping_status":"closed","sticky":false,"template":"","format":"standard","meta":{"colormag_page_container_layout":"default_layout","colormag_page_sidebar_layout":"default_layout","om_disable_all_campaigns":false,"_monsterinsights_skip_tracking":false,"_monsterinsights_sitenote_active":false,"_monsterinsights_sitenote_note":"","_monsterinsights_sitenote_category":0,"footnotes":"","_wpscppro_dont_share_socialmedia":false,"_wpscppro_custom_social_share_image":0,"_facebook_share_type":"","_twitter_share_type":"","_linkedin_share_type":"","_pinterest_share_type":"","_linkedin_share_type_page":"","_instagram_share_type":"","_medium_share_type":"","_threads_share_type":"","_google_business_share_type":"","_selected_social_profile":[],"_wpsp_enable_custom_social_template":false,"_wpsp_social_scheduling":{"enabled":false,"datetime":null,"platforms":[],"status":"template_only","dateOption":"today","timeOption":"now","customDays":"","customHours":"","customDate":"","customTime":"","schedulingType":"absolute"},"_wpsp_active_default_template":true},"categories":[52,27],"tags":[],"class_list":["post-15731","post","type-post","status-publish","format-standard","has-post-thumbnail","hentry","category-a-la-une","category-actualite"],"aioseo_notices":[],"yoast_head":"<!-- This site is optimized with the Yoast SEO plugin v27.5 - https:\/\/yoast.com\/product\/yoast-seo-wordpress\/ -->\n<title>R\u00e9vision de la loi portant activit\u00e9 syndicale : Les syndicats divergent - La Sentinelle<\/title>\n<meta name=\"robots\" content=\"index, follow, max-snippet:-1, max-image-preview:large, max-video-preview:-1\" \/>\n<link rel=\"canonical\" href=\"https:\/\/lasentinelle.dz\/index.php\/2022\/01\/04\/revision-de-la-loi-portant-activite-syndicale-les-syndicats-divergent\/\" \/>\n<meta property=\"og:locale\" content=\"fr_FR\" \/>\n<meta property=\"og:type\" content=\"article\" \/>\n<meta property=\"og:title\" content=\"R\u00e9vision de la loi portant activit\u00e9 syndicale : Les syndicats divergent - La Sentinelle\" \/>\n<meta property=\"og:description\" content=\"La r\u00e9union du Conseil des ministres s\u2019est pench\u00e9e dimanche sur le projet de Loi modifiant et compl\u00e9tant la Loi n\" \/>\n<meta property=\"og:url\" content=\"https:\/\/lasentinelle.dz\/index.php\/2022\/01\/04\/revision-de-la-loi-portant-activite-syndicale-les-syndicats-divergent\/\" \/>\n<meta property=\"og:site_name\" content=\"La Sentinelle\" \/>\n<meta property=\"article:publisher\" content=\"https:\/\/www.facebook.com\/La-Sentinelle-104059864394773\" \/>\n<meta property=\"article:published_time\" content=\"2022-01-03T23:05:00+00:00\" \/>\n<meta property=\"og:image\" content=\"https:\/\/lasentinelle.dz\/wp-content\/uploads\/2022\/01\/099_L.png\" \/>\n\t<meta property=\"og:image:width\" content=\"1491\" \/>\n\t<meta property=\"og:image:height\" content=\"900\" \/>\n\t<meta property=\"og:image:type\" content=\"image\/png\" \/>\n<meta name=\"author\" content=\"La Sentinelle\" \/>\n<meta name=\"twitter:card\" content=\"summary_large_image\" \/>\n<meta name=\"twitter:label1\" content=\"\u00c9crit par\" \/>\n\t<meta name=\"twitter:data1\" content=\"La Sentinelle\" \/>\n\t<meta name=\"twitter:label2\" content=\"Dur\u00e9e de lecture estim\u00e9e\" \/>\n\t<meta name=\"twitter:data2\" content=\"4 minutes\" \/>\n<script type=\"application\/ld+json\" class=\"yoast-schema-graph\">{\"@context\":\"https:\\\/\\\/schema.org\",\"@graph\":[{\"@type\":\"Article\",\"@id\":\"https:\\\/\\\/lasentinelle.dz\\\/index.php\\\/2022\\\/01\\\/04\\\/revision-de-la-loi-portant-activite-syndicale-les-syndicats-divergent\\\/#article\",\"isPartOf\":{\"@id\":\"https:\\\/\\\/lasentinelle.dz\\\/index.php\\\/2022\\\/01\\\/04\\\/revision-de-la-loi-portant-activite-syndicale-les-syndicats-divergent\\\/\"},\"author\":{\"name\":\"La Sentinelle\",\"@id\":\"https:\\\/\\\/lasentinelle.dz\\\/#\\\/schema\\\/person\\\/d865044e22e70a75174ce8bcad3acfb3\"},\"headline\":\"R\u00e9vision de la loi portant activit\u00e9 syndicale : Les syndicats divergent\",\"datePublished\":\"2022-01-03T23:05:00+00:00\",\"mainEntityOfPage\":{\"@id\":\"https:\\\/\\\/lasentinelle.dz\\\/index.php\\\/2022\\\/01\\\/04\\\/revision-de-la-loi-portant-activite-syndicale-les-syndicats-divergent\\\/\"},\"wordCount\":904,\"commentCount\":0,\"publisher\":{\"@id\":\"https:\\\/\\\/lasentinelle.dz\\\/#organization\"},\"image\":{\"@id\":\"https:\\\/\\\/lasentinelle.dz\\\/index.php\\\/2022\\\/01\\\/04\\\/revision-de-la-loi-portant-activite-syndicale-les-syndicats-divergent\\\/#primaryimage\"},\"thumbnailUrl\":\"https:\\\/\\\/lasentinelle.dz\\\/wp-content\\\/uploads\\\/2022\\\/01\\\/099_L.png\",\"articleSection\":[\"\u00c0 la Une\",\"Actualit\u00e9\"],\"inLanguage\":\"fr-FR\",\"potentialAction\":[{\"@type\":\"CommentAction\",\"name\":\"Comment\",\"target\":[\"https:\\\/\\\/lasentinelle.dz\\\/index.php\\\/2022\\\/01\\\/04\\\/revision-de-la-loi-portant-activite-syndicale-les-syndicats-divergent\\\/#respond\"]}]},{\"@type\":\"WebPage\",\"@id\":\"https:\\\/\\\/lasentinelle.dz\\\/index.php\\\/2022\\\/01\\\/04\\\/revision-de-la-loi-portant-activite-syndicale-les-syndicats-divergent\\\/\",\"url\":\"https:\\\/\\\/lasentinelle.dz\\\/index.php\\\/2022\\\/01\\\/04\\\/revision-de-la-loi-portant-activite-syndicale-les-syndicats-divergent\\\/\",\"name\":\"R\u00e9vision de la loi portant activit\u00e9 syndicale : Les syndicats divergent - La Sentinelle\",\"isPartOf\":{\"@id\":\"https:\\\/\\\/lasentinelle.dz\\\/#website\"},\"primaryImageOfPage\":{\"@id\":\"https:\\\/\\\/lasentinelle.dz\\\/index.php\\\/2022\\\/01\\\/04\\\/revision-de-la-loi-portant-activite-syndicale-les-syndicats-divergent\\\/#primaryimage\"},\"image\":{\"@id\":\"https:\\\/\\\/lasentinelle.dz\\\/index.php\\\/2022\\\/01\\\/04\\\/revision-de-la-loi-portant-activite-syndicale-les-syndicats-divergent\\\/#primaryimage\"},\"thumbnailUrl\":\"https:\\\/\\\/lasentinelle.dz\\\/wp-content\\\/uploads\\\/2022\\\/01\\\/099_L.png\",\"datePublished\":\"2022-01-03T23:05:00+00:00\",\"breadcrumb\":{\"@id\":\"https:\\\/\\\/lasentinelle.dz\\\/index.php\\\/2022\\\/01\\\/04\\\/revision-de-la-loi-portant-activite-syndicale-les-syndicats-divergent\\\/#breadcrumb\"},\"inLanguage\":\"fr-FR\",\"potentialAction\":[{\"@type\":\"ReadAction\",\"target\":[\"https:\\\/\\\/lasentinelle.dz\\\/index.php\\\/2022\\\/01\\\/04\\\/revision-de-la-loi-portant-activite-syndicale-les-syndicats-divergent\\\/\"]}]},{\"@type\":\"ImageObject\",\"inLanguage\":\"fr-FR\",\"@id\":\"https:\\\/\\\/lasentinelle.dz\\\/index.php\\\/2022\\\/01\\\/04\\\/revision-de-la-loi-portant-activite-syndicale-les-syndicats-divergent\\\/#primaryimage\",\"url\":\"https:\\\/\\\/lasentinelle.dz\\\/wp-content\\\/uploads\\\/2022\\\/01\\\/099_L.png\",\"contentUrl\":\"https:\\\/\\\/lasentinelle.dz\\\/wp-content\\\/uploads\\\/2022\\\/01\\\/099_L.png\",\"width\":1491,\"height\":900},{\"@type\":\"BreadcrumbList\",\"@id\":\"https:\\\/\\\/lasentinelle.dz\\\/index.php\\\/2022\\\/01\\\/04\\\/revision-de-la-loi-portant-activite-syndicale-les-syndicats-divergent\\\/#breadcrumb\",\"itemListElement\":[{\"@type\":\"ListItem\",\"position\":1,\"name\":\"Accueil\",\"item\":\"https:\\\/\\\/lasentinelle.dz\\\/\"},{\"@type\":\"ListItem\",\"position\":2,\"name\":\"R\u00e9vision de la loi portant activit\u00e9 syndicale : Les syndicats divergent\"}]},{\"@type\":\"WebSite\",\"@id\":\"https:\\\/\\\/lasentinelle.dz\\\/#website\",\"url\":\"https:\\\/\\\/lasentinelle.dz\\\/\",\"name\":\"La Sentinelle\",\"description\":\"Quotidien national d&#039;information\",\"publisher\":{\"@id\":\"https:\\\/\\\/lasentinelle.dz\\\/#organization\"},\"potentialAction\":[{\"@type\":\"SearchAction\",\"target\":{\"@type\":\"EntryPoint\",\"urlTemplate\":\"https:\\\/\\\/lasentinelle.dz\\\/?s={search_term_string}\"},\"query-input\":{\"@type\":\"PropertyValueSpecification\",\"valueRequired\":true,\"valueName\":\"search_term_string\"}}],\"inLanguage\":\"fr-FR\"},{\"@type\":\"Organization\",\"@id\":\"https:\\\/\\\/lasentinelle.dz\\\/#organization\",\"name\":\"Quotidien La Sentinelle\",\"url\":\"https:\\\/\\\/lasentinelle.dz\\\/\",\"logo\":{\"@type\":\"ImageObject\",\"inLanguage\":\"fr-FR\",\"@id\":\"https:\\\/\\\/lasentinelle.dz\\\/#\\\/schema\\\/logo\\\/image\\\/\",\"url\":\"https:\\\/\\\/lasentinelle.dz\\\/wp-content\\\/uploads\\\/2021\\\/09\\\/logo-sentinelleSLOGAN-1.png\",\"contentUrl\":\"https:\\\/\\\/lasentinelle.dz\\\/wp-content\\\/uploads\\\/2021\\\/09\\\/logo-sentinelleSLOGAN-1.png\",\"width\":615,\"height\":142,\"caption\":\"Quotidien La Sentinelle\"},\"image\":{\"@id\":\"https:\\\/\\\/lasentinelle.dz\\\/#\\\/schema\\\/logo\\\/image\\\/\"},\"sameAs\":[\"https:\\\/\\\/www.facebook.com\\\/La-Sentinelle-104059864394773\"]},{\"@type\":\"Person\",\"@id\":\"https:\\\/\\\/lasentinelle.dz\\\/#\\\/schema\\\/person\\\/d865044e22e70a75174ce8bcad3acfb3\",\"name\":\"La Sentinelle\",\"image\":{\"@type\":\"ImageObject\",\"inLanguage\":\"fr-FR\",\"@id\":\"https:\\\/\\\/secure.gravatar.com\\\/avatar\\\/57de8e5d4b15d43fb361a71fbb36338450fe67865b528a43dd10ef7c51a20392?s=96&d=mm&r=g\",\"url\":\"https:\\\/\\\/secure.gravatar.com\\\/avatar\\\/57de8e5d4b15d43fb361a71fbb36338450fe67865b528a43dd10ef7c51a20392?s=96&d=mm&r=g\",\"contentUrl\":\"https:\\\/\\\/secure.gravatar.com\\\/avatar\\\/57de8e5d4b15d43fb361a71fbb36338450fe67865b528a43dd10ef7c51a20392?s=96&d=mm&r=g\",\"caption\":\"La Sentinelle\"},\"sameAs\":[\"http:\\\/\\\/www.lasentinelle.dz\"],\"url\":\"https:\\\/\\\/lasentinelle.dz\\\/author\\\/redaction\\\/\"}]}<\/script>\n<!-- \/ Yoast SEO plugin. -->","yoast_head_json":{"title":"R\u00e9vision de la loi portant activit\u00e9 syndicale : Les syndicats divergent - La Sentinelle","robots":{"index":"index","follow":"follow","max-snippet":"max-snippet:-1","max-image-preview":"max-image-preview:large","max-video-preview":"max-video-preview:-1"},"canonical":"https:\/\/lasentinelle.dz\/index.php\/2022\/01\/04\/revision-de-la-loi-portant-activite-syndicale-les-syndicats-divergent\/","og_locale":"fr_FR","og_type":"article","og_title":"R\u00e9vision de la loi portant activit\u00e9 syndicale : Les syndicats divergent - La Sentinelle","og_description":"La r\u00e9union du Conseil des ministres s\u2019est pench\u00e9e dimanche sur le projet de Loi modifiant et compl\u00e9tant la Loi n","og_url":"https:\/\/lasentinelle.dz\/index.php\/2022\/01\/04\/revision-de-la-loi-portant-activite-syndicale-les-syndicats-divergent\/","og_site_name":"La Sentinelle","article_publisher":"https:\/\/www.facebook.com\/La-Sentinelle-104059864394773","article_published_time":"2022-01-03T23:05:00+00:00","og_image":[{"width":1491,"height":900,"url":"https:\/\/lasentinelle.dz\/wp-content\/uploads\/2022\/01\/099_L.png","type":"image\/png"}],"author":"La Sentinelle","twitter_card":"summary_large_image","twitter_misc":{"\u00c9crit par":"La Sentinelle","Dur\u00e9e de lecture estim\u00e9e":"4 minutes"},"schema":{"@context":"https:\/\/schema.org","@graph":[{"@type":"Article","@id":"https:\/\/lasentinelle.dz\/index.php\/2022\/01\/04\/revision-de-la-loi-portant-activite-syndicale-les-syndicats-divergent\/#article","isPartOf":{"@id":"https:\/\/lasentinelle.dz\/index.php\/2022\/01\/04\/revision-de-la-loi-portant-activite-syndicale-les-syndicats-divergent\/"},"author":{"name":"La Sentinelle","@id":"https:\/\/lasentinelle.dz\/#\/schema\/person\/d865044e22e70a75174ce8bcad3acfb3"},"headline":"R\u00e9vision de la loi portant activit\u00e9 syndicale : Les syndicats divergent","datePublished":"2022-01-03T23:05:00+00:00","mainEntityOfPage":{"@id":"https:\/\/lasentinelle.dz\/index.php\/2022\/01\/04\/revision-de-la-loi-portant-activite-syndicale-les-syndicats-divergent\/"},"wordCount":904,"commentCount":0,"publisher":{"@id":"https:\/\/lasentinelle.dz\/#organization"},"image":{"@id":"https:\/\/lasentinelle.dz\/index.php\/2022\/01\/04\/revision-de-la-loi-portant-activite-syndicale-les-syndicats-divergent\/#primaryimage"},"thumbnailUrl":"https:\/\/lasentinelle.dz\/wp-content\/uploads\/2022\/01\/099_L.png","articleSection":["\u00c0 la Une","Actualit\u00e9"],"inLanguage":"fr-FR","potentialAction":[{"@type":"CommentAction","name":"Comment","target":["https:\/\/lasentinelle.dz\/index.php\/2022\/01\/04\/revision-de-la-loi-portant-activite-syndicale-les-syndicats-divergent\/#respond"]}]},{"@type":"WebPage","@id":"https:\/\/lasentinelle.dz\/index.php\/2022\/01\/04\/revision-de-la-loi-portant-activite-syndicale-les-syndicats-divergent\/","url":"https:\/\/lasentinelle.dz\/index.php\/2022\/01\/04\/revision-de-la-loi-portant-activite-syndicale-les-syndicats-divergent\/","name":"R\u00e9vision de la loi portant activit\u00e9 syndicale : Les syndicats divergent - La Sentinelle","isPartOf":{"@id":"https:\/\/lasentinelle.dz\/#website"},"primaryImageOfPage":{"@id":"https:\/\/lasentinelle.dz\/index.php\/2022\/01\/04\/revision-de-la-loi-portant-activite-syndicale-les-syndicats-divergent\/#primaryimage"},"image":{"@id":"https:\/\/lasentinelle.dz\/index.php\/2022\/01\/04\/revision-de-la-loi-portant-activite-syndicale-les-syndicats-divergent\/#primaryimage"},"thumbnailUrl":"https:\/\/lasentinelle.dz\/wp-content\/uploads\/2022\/01\/099_L.png","datePublished":"2022-01-03T23:05:00+00:00","breadcrumb":{"@id":"https:\/\/lasentinelle.dz\/index.php\/2022\/01\/04\/revision-de-la-loi-portant-activite-syndicale-les-syndicats-divergent\/#breadcrumb"},"inLanguage":"fr-FR","potentialAction":[{"@type":"ReadAction","target":["https:\/\/lasentinelle.dz\/index.php\/2022\/01\/04\/revision-de-la-loi-portant-activite-syndicale-les-syndicats-divergent\/"]}]},{"@type":"ImageObject","inLanguage":"fr-FR","@id":"https:\/\/lasentinelle.dz\/index.php\/2022\/01\/04\/revision-de-la-loi-portant-activite-syndicale-les-syndicats-divergent\/#primaryimage","url":"https:\/\/lasentinelle.dz\/wp-content\/uploads\/2022\/01\/099_L.png","contentUrl":"https:\/\/lasentinelle.dz\/wp-content\/uploads\/2022\/01\/099_L.png","width":1491,"height":900},{"@type":"BreadcrumbList","@id":"https:\/\/lasentinelle.dz\/index.php\/2022\/01\/04\/revision-de-la-loi-portant-activite-syndicale-les-syndicats-divergent\/#breadcrumb","itemListElement":[{"@type":"ListItem","position":1,"name":"Accueil","item":"https:\/\/lasentinelle.dz\/"},{"@type":"ListItem","position":2,"name":"R\u00e9vision de la loi portant activit\u00e9 syndicale : Les syndicats divergent"}]},{"@type":"WebSite","@id":"https:\/\/lasentinelle.dz\/#website","url":"https:\/\/lasentinelle.dz\/","name":"La Sentinelle","description":"Quotidien national d&#039;information","publisher":{"@id":"https:\/\/lasentinelle.dz\/#organization"},"potentialAction":[{"@type":"SearchAction","target":{"@type":"EntryPoint","urlTemplate":"https:\/\/lasentinelle.dz\/?s={search_term_string}"},"query-input":{"@type":"PropertyValueSpecification","valueRequired":true,"valueName":"search_term_string"}}],"inLanguage":"fr-FR"},{"@type":"Organization","@id":"https:\/\/lasentinelle.dz\/#organization","name":"Quotidien La Sentinelle","url":"https:\/\/lasentinelle.dz\/","logo":{"@type":"ImageObject","inLanguage":"fr-FR","@id":"https:\/\/lasentinelle.dz\/#\/schema\/logo\/image\/","url":"https:\/\/lasentinelle.dz\/wp-content\/uploads\/2021\/09\/logo-sentinelleSLOGAN-1.png","contentUrl":"https:\/\/lasentinelle.dz\/wp-content\/uploads\/2021\/09\/logo-sentinelleSLOGAN-1.png","width":615,"height":142,"caption":"Quotidien La Sentinelle"},"image":{"@id":"https:\/\/lasentinelle.dz\/#\/schema\/logo\/image\/"},"sameAs":["https:\/\/www.facebook.com\/La-Sentinelle-104059864394773"]},{"@type":"Person","@id":"https:\/\/lasentinelle.dz\/#\/schema\/person\/d865044e22e70a75174ce8bcad3acfb3","name":"La Sentinelle","image":{"@type":"ImageObject","inLanguage":"fr-FR","@id":"https:\/\/secure.gravatar.com\/avatar\/57de8e5d4b15d43fb361a71fbb36338450fe67865b528a43dd10ef7c51a20392?s=96&d=mm&r=g","url":"https:\/\/secure.gravatar.com\/avatar\/57de8e5d4b15d43fb361a71fbb36338450fe67865b528a43dd10ef7c51a20392?s=96&d=mm&r=g","contentUrl":"https:\/\/secure.gravatar.com\/avatar\/57de8e5d4b15d43fb361a71fbb36338450fe67865b528a43dd10ef7c51a20392?s=96&d=mm&r=g","caption":"La Sentinelle"},"sameAs":["http:\/\/www.lasentinelle.dz"],"url":"https:\/\/lasentinelle.dz\/author\/redaction\/"}]}},"_links":{"self":[{"href":"https:\/\/lasentinelle.dz\/index.php\/wp-json\/wp\/v2\/posts\/15731","targetHints":{"allow":["GET"]}}],"collection":[{"href":"https:\/\/lasentinelle.dz\/index.php\/wp-json\/wp\/v2\/posts"}],"about":[{"href":"https:\/\/lasentinelle.dz\/index.php\/wp-json\/wp\/v2\/types\/post"}],"author":[{"embeddable":true,"href":"https:\/\/lasentinelle.dz\/index.php\/wp-json\/wp\/v2\/users\/3"}],"replies":[{"embeddable":true,"href":"https:\/\/lasentinelle.dz\/index.php\/wp-json\/wp\/v2\/comments?post=15731"}],"version-history":[{"count":1,"href":"https:\/\/lasentinelle.dz\/index.php\/wp-json\/wp\/v2\/posts\/15731\/revisions"}],"predecessor-version":[{"id":15734,"href":"https:\/\/lasentinelle.dz\/index.php\/wp-json\/wp\/v2\/posts\/15731\/revisions\/15734"}],"wp:featuredmedia":[{"embeddable":true,"href":"https:\/\/lasentinelle.dz\/index.php\/wp-json\/wp\/v2\/media\/15732"}],"wp:attachment":[{"href":"https:\/\/lasentinelle.dz\/index.php\/wp-json\/wp\/v2\/media?parent=15731"}],"wp:term":[{"taxonomy":"category","embeddable":true,"href":"https:\/\/lasentinelle.dz\/index.php\/wp-json\/wp\/v2\/categories?post=15731"},{"taxonomy":"post_tag","embeddable":true,"href":"https:\/\/lasentinelle.dz\/index.php\/wp-json\/wp\/v2\/tags?post=15731"}],"curies":[{"name":"wp","href":"https:\/\/api.w.org\/{rel}","templated":true}]}}