{"id":15751,"date":"2022-01-05T00:05:00","date_gmt":"2022-01-04T23:05:00","guid":{"rendered":"https:\/\/lasentinelle.dz\/?p=15751"},"modified":"2022-01-04T20:09:08","modified_gmt":"2022-01-04T19:09:08","slug":"hausse-des-prix-du-pain-subventionne-des-poursuites-judiciaires-engagees","status":"publish","type":"post","link":"https:\/\/lasentinelle.dz\/index.php\/2022\/01\/05\/hausse-des-prix-du-pain-subventionne-des-poursuites-judiciaires-engagees\/","title":{"rendered":"Hausse des prix du pain subventionn\u00e9 : Des poursuites judiciaires engag\u00e9es"},"content":{"rendered":"\n<p>Les services du commerce r\u00e9agissent enfin \u00e0 la hausse des prix de la baguette de pain \u00e0 15 DA, impos\u00e9e de mani\u00e8re unilat\u00e9rale par certaines boulangeries depuis le 1<sup>er<\/sup>&nbsp;janvier en cours. Des poursuites judiciaires seront engag\u00e9es contre les boulangeries qui ne respectent pas les dispositions r\u00e9glementaires actuelles.<\/p>\n\n\n\n<p>Les \u00e9l\u00e9ments des Directions de la concurrence et des prix au niveau de plusieurs wilayas se sont d\u00e9ploy\u00e9s sur le terrain pour d\u00e9busquer les boulangers qui ne se seraient pli\u00e9s au mot d\u2019ordre et \u00e0 l\u2019appel \u00e0 la vigilance lanc\u00e9 par leurs associations professionnelles et qui ont augment\u00e9 de mani\u00e8re unilat\u00e9rale les prix du pain subventionn\u00e9, ou qui aurait d\u00e9cid\u00e9 de baisser rideau pour forcer la main aux pouvoirs publics.&nbsp;<\/p>\n\n\n\n<p>Il faut savoir dans ce contexte que des dizaines de boulangers ont d\u00e9cid\u00e9 de fermer leurs commerces dans plusieurs wilayas en signe de protestation contre le maintien du prix de la baguette subventionn\u00e9e \u00e0 8,50 DA. A B\u00e9ja\u00efa une bonne partie des boulangeries a ferm\u00e9, tandis qu\u2019\u00e0 Constantine ce sont pas moins de soixante boulangeries qui ont baiss\u00e9 rideau. Les propri\u00e9taires de ces boulangeries ont d\u2019ailleurs \u00e9t\u00e9 convoqu\u00e9s par les services du commerce, qui menacent de sanctions. Il en est de m\u00eame pour les boulangeries qui ont d\u00e9cid\u00e9 de c\u00e9der la baguette subventionn\u00e9e \u00e0 15 DA.&nbsp;<\/p>\n\n\n\n<p>\u00c0 Annaba, la Direction du commerce a mobilis\u00e9 des brigades pour d\u00e9busquer les commer\u00e7ants ind\u00e9licats.&nbsp;&nbsp;Selon&nbsp;la DCP d\u2019Annaba, les brigades doivent contr\u00f4ler les prix de la baguette subventionn\u00e9e. Cette hausse du prix soudaine&nbsp;et unilat\u00e9rale&nbsp;a suscit\u00e9 la col\u00e8re des consommateurs. Au terme de cette campagne, men\u00e9e \u00e0 travers les 12 communes de la wilaya, il a \u00e9t\u00e9 enregistr\u00e9 des dizaines d\u2019infractions, aboutissant \u00e0 l\u2019\u00e9tablissement de&nbsp;&nbsp;dossiers judiciaires \u00e0 l\u2019encontre des contrevenants. \u00c0 l\u2019issue de cette op\u00e9ration, les boulangers ont observ\u00e9 un mouvement de contestation devant la DCP.&nbsp;&nbsp;Certains d\u2019entre les contestataires pour justifier cette augmentation, ont mis en avant, les co\u00fbts \u00e9lev\u00e9s des mati\u00e8res premi\u00e8res entrant dans la pr\u00e9paration du pain. \u00c0&nbsp;&nbsp;l\u2019unanimit\u00e9, les&nbsp;&nbsp;protestataires ont soulev\u00e9 le d\u00e9faut de la marge b\u00e9n\u00e9ficiaire, en raison \u00e9galement de la chert\u00e9 de la main d\u2019\u0153uvre et l\u2019\u00e9lectricit\u00e9, sans omettre d\u2019ouvrir une br\u00e8che sur le fisc.&nbsp;&nbsp;Il s\u2019agit de dol\u00e9ances relev\u00e9es \u00e0 moult reprises \u00e0 la tutelle qui, selon les m\u00eames protestataires, n\u2019a pas affich\u00e9 sa volont\u00e9&nbsp;de dialoguer. Par ailleurs, la foule de boulangers devant la DCP refl\u00e8te la col\u00e8re des professionnels du pain convoqu\u00e9s pour expliquer les raisons de ce d\u00e9passement.&nbsp;&nbsp;Selon une source de l\u2019Union g\u00e9n\u00e9rale des commer\u00e7ants et artisans alg\u00e9riens (UGCAA) d\u2019Annaba, aucune autorisation n\u2019a \u00e9t\u00e9 d\u00e9livr\u00e9e pour&nbsp;permettre&nbsp;les boulangers \u00e0 augmenter les prix. C\u2019est pour dire que ce comportement unilat\u00e9ral expose le boulanger aux sanctions. La m\u00eame source a fait savoir que les&nbsp;&nbsp;revendications des boulangers, ont \u00e9t\u00e9 soumises aux pouvoirs publics pour les prendre en charge, notamment apr\u00e8s la hausse des prix des intrants \u00e0 l\u2019instar de la levure et des am\u00e9liorants, en vue de leur assurer une marge b\u00e9n\u00e9ficiaire acceptable sans pour autant compromettre le pouvoir d\u2019achat du citoyen.<\/p>\n\n\n\n<p><strong>Sofia Chahine<\/strong><\/p>\n","protected":false},"excerpt":{"rendered":"<p>Les services du commerce r\u00e9agissent enfin \u00e0 la hausse des prix de la baguette de pain \u00e0 15 DA, impos\u00e9e<\/p>\n","protected":false},"author":3,"featured_media":15753,"comment_status":"open","ping_status":"closed","sticky":false,"template":"","format":"standard","meta":{"colormag_page_container_layout":"default_layout","colormag_page_sidebar_layout":"default_layout","om_disable_all_campaigns":false,"_monsterinsights_skip_tracking":false,"_monsterinsights_sitenote_active":false,"_monsterinsights_sitenote_note":"","_monsterinsights_sitenote_category":0,"footnotes":"","_wpscppro_dont_share_socialmedia":false,"_wpscppro_custom_social_share_image":0,"_facebook_share_type":"","_twitter_share_type":"","_linkedin_share_type":"","_pinterest_share_type":"","_linkedin_share_type_page":"","_instagram_share_type":"","_medium_share_type":"","_threads_share_type":"","_google_business_share_type":"","_selected_social_profile":[],"_wpsp_enable_custom_social_template":false,"_wpsp_social_scheduling":{"enabled":false,"datetime":null,"platforms":[],"status":"template_only","dateOption":"today","timeOption":"now","customDays":"","customHours":"","customDate":"","customTime":"","schedulingType":"absolute"},"_wpsp_active_default_template":true},"categories":[52,27],"tags":[],"class_list":["post-15751","post","type-post","status-publish","format-standard","has-post-thumbnail","hentry","category-a-la-une","category-actualite"],"aioseo_notices":[],"yoast_head":"<!-- This site is optimized with the Yoast SEO plugin v27.5 - https:\/\/yoast.com\/product\/yoast-seo-wordpress\/ -->\n<title>Hausse des prix du pain subventionn\u00e9 : Des poursuites judiciaires engag\u00e9es - La Sentinelle<\/title>\n<meta name=\"robots\" content=\"index, follow, max-snippet:-1, max-image-preview:large, max-video-preview:-1\" \/>\n<link rel=\"canonical\" href=\"https:\/\/lasentinelle.dz\/index.php\/2022\/01\/05\/hausse-des-prix-du-pain-subventionne-des-poursuites-judiciaires-engagees\/\" \/>\n<meta property=\"og:locale\" content=\"fr_FR\" \/>\n<meta property=\"og:type\" content=\"article\" \/>\n<meta property=\"og:title\" content=\"Hausse des prix du pain subventionn\u00e9 : Des poursuites judiciaires engag\u00e9es - La Sentinelle\" \/>\n<meta property=\"og:description\" content=\"Les services du commerce r\u00e9agissent enfin \u00e0 la hausse des prix de la baguette de pain \u00e0 15 DA, impos\u00e9e\" \/>\n<meta property=\"og:url\" content=\"https:\/\/lasentinelle.dz\/index.php\/2022\/01\/05\/hausse-des-prix-du-pain-subventionne-des-poursuites-judiciaires-engagees\/\" \/>\n<meta property=\"og:site_name\" content=\"La Sentinelle\" \/>\n<meta property=\"article:publisher\" content=\"https:\/\/www.facebook.com\/La-Sentinelle-104059864394773\" \/>\n<meta property=\"article:published_time\" content=\"2022-01-04T23:05:00+00:00\" \/>\n<meta property=\"og:image\" content=\"https:\/\/lasentinelle.dz\/wp-content\/uploads\/2022\/01\/pain.png\" \/>\n\t<meta property=\"og:image:width\" content=\"1491\" \/>\n\t<meta property=\"og:image:height\" content=\"900\" \/>\n\t<meta property=\"og:image:type\" content=\"image\/png\" \/>\n<meta name=\"author\" content=\"La Sentinelle\" \/>\n<meta name=\"twitter:card\" content=\"summary_large_image\" \/>\n<meta name=\"twitter:label1\" content=\"\u00c9crit par\" \/>\n\t<meta name=\"twitter:data1\" content=\"La Sentinelle\" \/>\n\t<meta name=\"twitter:label2\" content=\"Dur\u00e9e de lecture estim\u00e9e\" \/>\n\t<meta name=\"twitter:data2\" content=\"3 minutes\" \/>\n<script type=\"application\/ld+json\" class=\"yoast-schema-graph\">{\"@context\":\"https:\\\/\\\/schema.org\",\"@graph\":[{\"@type\":\"Article\",\"@id\":\"https:\\\/\\\/lasentinelle.dz\\\/index.php\\\/2022\\\/01\\\/05\\\/hausse-des-prix-du-pain-subventionne-des-poursuites-judiciaires-engagees\\\/#article\",\"isPartOf\":{\"@id\":\"https:\\\/\\\/lasentinelle.dz\\\/index.php\\\/2022\\\/01\\\/05\\\/hausse-des-prix-du-pain-subventionne-des-poursuites-judiciaires-engagees\\\/\"},\"author\":{\"name\":\"La Sentinelle\",\"@id\":\"https:\\\/\\\/lasentinelle.dz\\\/#\\\/schema\\\/person\\\/d865044e22e70a75174ce8bcad3acfb3\"},\"headline\":\"Hausse des prix du pain subventionn\u00e9 : Des poursuites judiciaires engag\u00e9es\",\"datePublished\":\"2022-01-04T23:05:00+00:00\",\"mainEntityOfPage\":{\"@id\":\"https:\\\/\\\/lasentinelle.dz\\\/index.php\\\/2022\\\/01\\\/05\\\/hausse-des-prix-du-pain-subventionne-des-poursuites-judiciaires-engagees\\\/\"},\"wordCount\":600,\"commentCount\":0,\"publisher\":{\"@id\":\"https:\\\/\\\/lasentinelle.dz\\\/#organization\"},\"image\":{\"@id\":\"https:\\\/\\\/lasentinelle.dz\\\/index.php\\\/2022\\\/01\\\/05\\\/hausse-des-prix-du-pain-subventionne-des-poursuites-judiciaires-engagees\\\/#primaryimage\"},\"thumbnailUrl\":\"https:\\\/\\\/lasentinelle.dz\\\/wp-content\\\/uploads\\\/2022\\\/01\\\/pain.png\",\"articleSection\":[\"\u00c0 la Une\",\"Actualit\u00e9\"],\"inLanguage\":\"fr-FR\",\"potentialAction\":[{\"@type\":\"CommentAction\",\"name\":\"Comment\",\"target\":[\"https:\\\/\\\/lasentinelle.dz\\\/index.php\\\/2022\\\/01\\\/05\\\/hausse-des-prix-du-pain-subventionne-des-poursuites-judiciaires-engagees\\\/#respond\"]}]},{\"@type\":\"WebPage\",\"@id\":\"https:\\\/\\\/lasentinelle.dz\\\/index.php\\\/2022\\\/01\\\/05\\\/hausse-des-prix-du-pain-subventionne-des-poursuites-judiciaires-engagees\\\/\",\"url\":\"https:\\\/\\\/lasentinelle.dz\\\/index.php\\\/2022\\\/01\\\/05\\\/hausse-des-prix-du-pain-subventionne-des-poursuites-judiciaires-engagees\\\/\",\"name\":\"Hausse des prix du pain subventionn\u00e9 : Des poursuites judiciaires engag\u00e9es - La Sentinelle\",\"isPartOf\":{\"@id\":\"https:\\\/\\\/lasentinelle.dz\\\/#website\"},\"primaryImageOfPage\":{\"@id\":\"https:\\\/\\\/lasentinelle.dz\\\/index.php\\\/2022\\\/01\\\/05\\\/hausse-des-prix-du-pain-subventionne-des-poursuites-judiciaires-engagees\\\/#primaryimage\"},\"image\":{\"@id\":\"https:\\\/\\\/lasentinelle.dz\\\/index.php\\\/2022\\\/01\\\/05\\\/hausse-des-prix-du-pain-subventionne-des-poursuites-judiciaires-engagees\\\/#primaryimage\"},\"thumbnailUrl\":\"https:\\\/\\\/lasentinelle.dz\\\/wp-content\\\/uploads\\\/2022\\\/01\\\/pain.png\",\"datePublished\":\"2022-01-04T23:05:00+00:00\",\"breadcrumb\":{\"@id\":\"https:\\\/\\\/lasentinelle.dz\\\/index.php\\\/2022\\\/01\\\/05\\\/hausse-des-prix-du-pain-subventionne-des-poursuites-judiciaires-engagees\\\/#breadcrumb\"},\"inLanguage\":\"fr-FR\",\"potentialAction\":[{\"@type\":\"ReadAction\",\"target\":[\"https:\\\/\\\/lasentinelle.dz\\\/index.php\\\/2022\\\/01\\\/05\\\/hausse-des-prix-du-pain-subventionne-des-poursuites-judiciaires-engagees\\\/\"]}]},{\"@type\":\"ImageObject\",\"inLanguage\":\"fr-FR\",\"@id\":\"https:\\\/\\\/lasentinelle.dz\\\/index.php\\\/2022\\\/01\\\/05\\\/hausse-des-prix-du-pain-subventionne-des-poursuites-judiciaires-engagees\\\/#primaryimage\",\"url\":\"https:\\\/\\\/lasentinelle.dz\\\/wp-content\\\/uploads\\\/2022\\\/01\\\/pain.png\",\"contentUrl\":\"https:\\\/\\\/lasentinelle.dz\\\/wp-content\\\/uploads\\\/2022\\\/01\\\/pain.png\",\"width\":1491,\"height\":900},{\"@type\":\"BreadcrumbList\",\"@id\":\"https:\\\/\\\/lasentinelle.dz\\\/index.php\\\/2022\\\/01\\\/05\\\/hausse-des-prix-du-pain-subventionne-des-poursuites-judiciaires-engagees\\\/#breadcrumb\",\"itemListElement\":[{\"@type\":\"ListItem\",\"position\":1,\"name\":\"Accueil\",\"item\":\"https:\\\/\\\/lasentinelle.dz\\\/\"},{\"@type\":\"ListItem\",\"position\":2,\"name\":\"Hausse des prix du pain subventionn\u00e9 : Des poursuites judiciaires engag\u00e9es\"}]},{\"@type\":\"WebSite\",\"@id\":\"https:\\\/\\\/lasentinelle.dz\\\/#website\",\"url\":\"https:\\\/\\\/lasentinelle.dz\\\/\",\"name\":\"La Sentinelle\",\"description\":\"Quotidien national d&#039;information\",\"publisher\":{\"@id\":\"https:\\\/\\\/lasentinelle.dz\\\/#organization\"},\"potentialAction\":[{\"@type\":\"SearchAction\",\"target\":{\"@type\":\"EntryPoint\",\"urlTemplate\":\"https:\\\/\\\/lasentinelle.dz\\\/?s={search_term_string}\"},\"query-input\":{\"@type\":\"PropertyValueSpecification\",\"valueRequired\":true,\"valueName\":\"search_term_string\"}}],\"inLanguage\":\"fr-FR\"},{\"@type\":\"Organization\",\"@id\":\"https:\\\/\\\/lasentinelle.dz\\\/#organization\",\"name\":\"Quotidien La Sentinelle\",\"url\":\"https:\\\/\\\/lasentinelle.dz\\\/\",\"logo\":{\"@type\":\"ImageObject\",\"inLanguage\":\"fr-FR\",\"@id\":\"https:\\\/\\\/lasentinelle.dz\\\/#\\\/schema\\\/logo\\\/image\\\/\",\"url\":\"https:\\\/\\\/lasentinelle.dz\\\/wp-content\\\/uploads\\\/2021\\\/09\\\/logo-sentinelleSLOGAN-1.png\",\"contentUrl\":\"https:\\\/\\\/lasentinelle.dz\\\/wp-content\\\/uploads\\\/2021\\\/09\\\/logo-sentinelleSLOGAN-1.png\",\"width\":615,\"height\":142,\"caption\":\"Quotidien La Sentinelle\"},\"image\":{\"@id\":\"https:\\\/\\\/lasentinelle.dz\\\/#\\\/schema\\\/logo\\\/image\\\/\"},\"sameAs\":[\"https:\\\/\\\/www.facebook.com\\\/La-Sentinelle-104059864394773\"]},{\"@type\":\"Person\",\"@id\":\"https:\\\/\\\/lasentinelle.dz\\\/#\\\/schema\\\/person\\\/d865044e22e70a75174ce8bcad3acfb3\",\"name\":\"La Sentinelle\",\"image\":{\"@type\":\"ImageObject\",\"inLanguage\":\"fr-FR\",\"@id\":\"https:\\\/\\\/secure.gravatar.com\\\/avatar\\\/57de8e5d4b15d43fb361a71fbb36338450fe67865b528a43dd10ef7c51a20392?s=96&d=mm&r=g\",\"url\":\"https:\\\/\\\/secure.gravatar.com\\\/avatar\\\/57de8e5d4b15d43fb361a71fbb36338450fe67865b528a43dd10ef7c51a20392?s=96&d=mm&r=g\",\"contentUrl\":\"https:\\\/\\\/secure.gravatar.com\\\/avatar\\\/57de8e5d4b15d43fb361a71fbb36338450fe67865b528a43dd10ef7c51a20392?s=96&d=mm&r=g\",\"caption\":\"La Sentinelle\"},\"sameAs\":[\"http:\\\/\\\/www.lasentinelle.dz\"],\"url\":\"https:\\\/\\\/lasentinelle.dz\\\/author\\\/redaction\\\/\"}]}<\/script>\n<!-- \/ Yoast SEO plugin. -->","yoast_head_json":{"title":"Hausse des prix du pain subventionn\u00e9 : Des poursuites judiciaires engag\u00e9es - La Sentinelle","robots":{"index":"index","follow":"follow","max-snippet":"max-snippet:-1","max-image-preview":"max-image-preview:large","max-video-preview":"max-video-preview:-1"},"canonical":"https:\/\/lasentinelle.dz\/index.php\/2022\/01\/05\/hausse-des-prix-du-pain-subventionne-des-poursuites-judiciaires-engagees\/","og_locale":"fr_FR","og_type":"article","og_title":"Hausse des prix du pain subventionn\u00e9 : Des poursuites judiciaires engag\u00e9es - La Sentinelle","og_description":"Les services du commerce r\u00e9agissent enfin \u00e0 la hausse des prix de la baguette de pain \u00e0 15 DA, impos\u00e9e","og_url":"https:\/\/lasentinelle.dz\/index.php\/2022\/01\/05\/hausse-des-prix-du-pain-subventionne-des-poursuites-judiciaires-engagees\/","og_site_name":"La Sentinelle","article_publisher":"https:\/\/www.facebook.com\/La-Sentinelle-104059864394773","article_published_time":"2022-01-04T23:05:00+00:00","og_image":[{"width":1491,"height":900,"url":"https:\/\/lasentinelle.dz\/wp-content\/uploads\/2022\/01\/pain.png","type":"image\/png"}],"author":"La Sentinelle","twitter_card":"summary_large_image","twitter_misc":{"\u00c9crit par":"La Sentinelle","Dur\u00e9e de lecture estim\u00e9e":"3 minutes"},"schema":{"@context":"https:\/\/schema.org","@graph":[{"@type":"Article","@id":"https:\/\/lasentinelle.dz\/index.php\/2022\/01\/05\/hausse-des-prix-du-pain-subventionne-des-poursuites-judiciaires-engagees\/#article","isPartOf":{"@id":"https:\/\/lasentinelle.dz\/index.php\/2022\/01\/05\/hausse-des-prix-du-pain-subventionne-des-poursuites-judiciaires-engagees\/"},"author":{"name":"La Sentinelle","@id":"https:\/\/lasentinelle.dz\/#\/schema\/person\/d865044e22e70a75174ce8bcad3acfb3"},"headline":"Hausse des prix du pain subventionn\u00e9 : Des poursuites judiciaires engag\u00e9es","datePublished":"2022-01-04T23:05:00+00:00","mainEntityOfPage":{"@id":"https:\/\/lasentinelle.dz\/index.php\/2022\/01\/05\/hausse-des-prix-du-pain-subventionne-des-poursuites-judiciaires-engagees\/"},"wordCount":600,"commentCount":0,"publisher":{"@id":"https:\/\/lasentinelle.dz\/#organization"},"image":{"@id":"https:\/\/lasentinelle.dz\/index.php\/2022\/01\/05\/hausse-des-prix-du-pain-subventionne-des-poursuites-judiciaires-engagees\/#primaryimage"},"thumbnailUrl":"https:\/\/lasentinelle.dz\/wp-content\/uploads\/2022\/01\/pain.png","articleSection":["\u00c0 la Une","Actualit\u00e9"],"inLanguage":"fr-FR","potentialAction":[{"@type":"CommentAction","name":"Comment","target":["https:\/\/lasentinelle.dz\/index.php\/2022\/01\/05\/hausse-des-prix-du-pain-subventionne-des-poursuites-judiciaires-engagees\/#respond"]}]},{"@type":"WebPage","@id":"https:\/\/lasentinelle.dz\/index.php\/2022\/01\/05\/hausse-des-prix-du-pain-subventionne-des-poursuites-judiciaires-engagees\/","url":"https:\/\/lasentinelle.dz\/index.php\/2022\/01\/05\/hausse-des-prix-du-pain-subventionne-des-poursuites-judiciaires-engagees\/","name":"Hausse des prix du pain subventionn\u00e9 : Des poursuites judiciaires engag\u00e9es - La Sentinelle","isPartOf":{"@id":"https:\/\/lasentinelle.dz\/#website"},"primaryImageOfPage":{"@id":"https:\/\/lasentinelle.dz\/index.php\/2022\/01\/05\/hausse-des-prix-du-pain-subventionne-des-poursuites-judiciaires-engagees\/#primaryimage"},"image":{"@id":"https:\/\/lasentinelle.dz\/index.php\/2022\/01\/05\/hausse-des-prix-du-pain-subventionne-des-poursuites-judiciaires-engagees\/#primaryimage"},"thumbnailUrl":"https:\/\/lasentinelle.dz\/wp-content\/uploads\/2022\/01\/pain.png","datePublished":"2022-01-04T23:05:00+00:00","breadcrumb":{"@id":"https:\/\/lasentinelle.dz\/index.php\/2022\/01\/05\/hausse-des-prix-du-pain-subventionne-des-poursuites-judiciaires-engagees\/#breadcrumb"},"inLanguage":"fr-FR","potentialAction":[{"@type":"ReadAction","target":["https:\/\/lasentinelle.dz\/index.php\/2022\/01\/05\/hausse-des-prix-du-pain-subventionne-des-poursuites-judiciaires-engagees\/"]}]},{"@type":"ImageObject","inLanguage":"fr-FR","@id":"https:\/\/lasentinelle.dz\/index.php\/2022\/01\/05\/hausse-des-prix-du-pain-subventionne-des-poursuites-judiciaires-engagees\/#primaryimage","url":"https:\/\/lasentinelle.dz\/wp-content\/uploads\/2022\/01\/pain.png","contentUrl":"https:\/\/lasentinelle.dz\/wp-content\/uploads\/2022\/01\/pain.png","width":1491,"height":900},{"@type":"BreadcrumbList","@id":"https:\/\/lasentinelle.dz\/index.php\/2022\/01\/05\/hausse-des-prix-du-pain-subventionne-des-poursuites-judiciaires-engagees\/#breadcrumb","itemListElement":[{"@type":"ListItem","position":1,"name":"Accueil","item":"https:\/\/lasentinelle.dz\/"},{"@type":"ListItem","position":2,"name":"Hausse des prix du pain subventionn\u00e9 : Des poursuites judiciaires engag\u00e9es"}]},{"@type":"WebSite","@id":"https:\/\/lasentinelle.dz\/#website","url":"https:\/\/lasentinelle.dz\/","name":"La Sentinelle","description":"Quotidien national d&#039;information","publisher":{"@id":"https:\/\/lasentinelle.dz\/#organization"},"potentialAction":[{"@type":"SearchAction","target":{"@type":"EntryPoint","urlTemplate":"https:\/\/lasentinelle.dz\/?s={search_term_string}"},"query-input":{"@type":"PropertyValueSpecification","valueRequired":true,"valueName":"search_term_string"}}],"inLanguage":"fr-FR"},{"@type":"Organization","@id":"https:\/\/lasentinelle.dz\/#organization","name":"Quotidien La Sentinelle","url":"https:\/\/lasentinelle.dz\/","logo":{"@type":"ImageObject","inLanguage":"fr-FR","@id":"https:\/\/lasentinelle.dz\/#\/schema\/logo\/image\/","url":"https:\/\/lasentinelle.dz\/wp-content\/uploads\/2021\/09\/logo-sentinelleSLOGAN-1.png","contentUrl":"https:\/\/lasentinelle.dz\/wp-content\/uploads\/2021\/09\/logo-sentinelleSLOGAN-1.png","width":615,"height":142,"caption":"Quotidien La Sentinelle"},"image":{"@id":"https:\/\/lasentinelle.dz\/#\/schema\/logo\/image\/"},"sameAs":["https:\/\/www.facebook.com\/La-Sentinelle-104059864394773"]},{"@type":"Person","@id":"https:\/\/lasentinelle.dz\/#\/schema\/person\/d865044e22e70a75174ce8bcad3acfb3","name":"La Sentinelle","image":{"@type":"ImageObject","inLanguage":"fr-FR","@id":"https:\/\/secure.gravatar.com\/avatar\/57de8e5d4b15d43fb361a71fbb36338450fe67865b528a43dd10ef7c51a20392?s=96&d=mm&r=g","url":"https:\/\/secure.gravatar.com\/avatar\/57de8e5d4b15d43fb361a71fbb36338450fe67865b528a43dd10ef7c51a20392?s=96&d=mm&r=g","contentUrl":"https:\/\/secure.gravatar.com\/avatar\/57de8e5d4b15d43fb361a71fbb36338450fe67865b528a43dd10ef7c51a20392?s=96&d=mm&r=g","caption":"La Sentinelle"},"sameAs":["http:\/\/www.lasentinelle.dz"],"url":"https:\/\/lasentinelle.dz\/author\/redaction\/"}]}},"_links":{"self":[{"href":"https:\/\/lasentinelle.dz\/index.php\/wp-json\/wp\/v2\/posts\/15751","targetHints":{"allow":["GET"]}}],"collection":[{"href":"https:\/\/lasentinelle.dz\/index.php\/wp-json\/wp\/v2\/posts"}],"about":[{"href":"https:\/\/lasentinelle.dz\/index.php\/wp-json\/wp\/v2\/types\/post"}],"author":[{"embeddable":true,"href":"https:\/\/lasentinelle.dz\/index.php\/wp-json\/wp\/v2\/users\/3"}],"replies":[{"embeddable":true,"href":"https:\/\/lasentinelle.dz\/index.php\/wp-json\/wp\/v2\/comments?post=15751"}],"version-history":[{"count":1,"href":"https:\/\/lasentinelle.dz\/index.php\/wp-json\/wp\/v2\/posts\/15751\/revisions"}],"predecessor-version":[{"id":15754,"href":"https:\/\/lasentinelle.dz\/index.php\/wp-json\/wp\/v2\/posts\/15751\/revisions\/15754"}],"wp:featuredmedia":[{"embeddable":true,"href":"https:\/\/lasentinelle.dz\/index.php\/wp-json\/wp\/v2\/media\/15753"}],"wp:attachment":[{"href":"https:\/\/lasentinelle.dz\/index.php\/wp-json\/wp\/v2\/media?parent=15751"}],"wp:term":[{"taxonomy":"category","embeddable":true,"href":"https:\/\/lasentinelle.dz\/index.php\/wp-json\/wp\/v2\/categories?post=15751"},{"taxonomy":"post_tag","embeddable":true,"href":"https:\/\/lasentinelle.dz\/index.php\/wp-json\/wp\/v2\/tags?post=15751"}],"curies":[{"name":"wp","href":"https:\/\/api.w.org\/{rel}","templated":true}]}}