{"id":15755,"date":"2022-01-05T00:05:00","date_gmt":"2022-01-04T23:05:00","guid":{"rendered":"https:\/\/lasentinelle.dz\/?p=15755"},"modified":"2022-01-04T20:13:32","modified_gmt":"2022-01-04T19:13:32","slug":"hausse-des-cas-de-contamination-au-covid-19-la-situation-est-maitrisee-assure-benbouzid","status":"publish","type":"post","link":"https:\/\/lasentinelle.dz\/index.php\/2022\/01\/05\/hausse-des-cas-de-contamination-au-covid-19-la-situation-est-maitrisee-assure-benbouzid\/","title":{"rendered":"Hausse des cas de contamination au covid-19 : \u00ab La situation est ma\u00eetris\u00e9e \u00bb, assure Benbouzid"},"content":{"rendered":"\n<p>Le nombre des contaminations au covid-19 augmente et d\u00e9passe aujourd\u2019hui les 400 cas en 24 heures. Cependant, le premier responsable du secteur de la sant\u00e9 estime que la situation \u00e9pid\u00e9miologique demeure ma\u00eetris\u00e9e.<\/p>\n\n\n\n<p>Le dernier bilan du minist\u00e8re de la Sant\u00e9, de la Population et de la R\u00e9forme hospitali\u00e8re a fait \u00e9t\u00e9 hier de 421 nouveaux cas confirm\u00e9s de coronavirus (covid-19), 266 gu\u00e9risons et 5 d\u00e9c\u00e8s recens\u00e9s en 24 heures. Le d\u00e9partement d\u2019Abderrahmane Benbouzid, qui souligne que la situation \u00e9pid\u00e9miologique actuelle exige de tout citoyen vigilance et respect des r\u00e8gles d&rsquo;hygi\u00e8ne et de distanciation physique, tout en insistant sur le respect du port du masque, pr\u00e9cise que 32 patients sont actuellement en soins intensifs. Et d\u2019ajouter que 19 wilayas n&rsquo;ont recens\u00e9 aucun cas durant les derni\u00e8res 24 heures, 17 autres ont enregistr\u00e9 de 1 \u00e0 9 cas, tandis que 12 wilayas ont enregistr\u00e9 10 cas et plus. Des chiffres qui appellent \u00e0 la vigilance, mais qui ne doivent cependant pas inspirer la panique, car la situation sanitaire \u00ab&nbsp;est ma\u00eetris\u00e9e&nbsp;\u00bb, a assur\u00e9 hier le ministre de la Sant\u00e9.&nbsp;Intervenant lors de la c\u00e9r\u00e9monie de pr\u00e9sentation des r\u00e9sultats des travaux des groupes de travail conjoints sur les comit\u00e9s consultatifs hospitalo-universitaires locaux et national, la r\u00e9vision de la grille d&rsquo;\u00e9valuation des promotions dans les diff\u00e9rents grades des enseignants hospitalo-universitaires, ainsi que sur la r\u00e9forme de la formation en m\u00e9decine, le ministre de la sant\u00e9, de la Population et de la recherche scientifique Pr Abderrahmane Benbouzid&nbsp;a indiqu\u00e9 que la situation \u00e9pid\u00e9miologique&nbsp;est&nbsp;\u00ab\u00a0stable et ma\u00eetris\u00e9e\u00a0\u00bb. Le ministre de la Sant\u00e9 a estim\u00e9 que la conjoncture est \u00ab\u00a0d\u00e9sormais propice au travail\u00a0\u00bb, et les diff\u00e9rents intervenants peuvent d\u00e9sormais entamer le travail de r\u00e9habilitation du syst\u00e8me de sant\u00e9, le rel\u00e8vement du niveau des universit\u00e9s et des h\u00f4pitaux, \u00e9tant, note-t-il,&nbsp;&nbsp;car, dans une situation qui nous oblige \u00e0 se comparer \u00e0 ce qui se fait dans les pays avanc\u00e9s \u00ab\u00a0.<\/p>\n\n\n\n<p>En ce qui. concerne les hospitalo-universitaires, le ministre&nbsp;s\u2019est engag\u00e9 \u00e0 \u00ab\u00a0transmettre toutes les pr\u00e9occupations des membres des comit\u00e9s au pr\u00e9sident de la R\u00e9publique, Abdelmadjid Tebboune et a assur\u00e9 de la disponibilit\u00e9 de son d\u00e9partement minist\u00e9riel \u00e0 r\u00e9unir toutes les conditions n\u00e9cessaires en vue d\u2019une application \u00ab\u00a0idoine\u00a0\u00bb des r\u00e9sultats de travail de ces comit\u00e9s. Pr Benbouzid a par ailleurs consid\u00e9r\u00e9 que le travail de ces comit\u00e9s vient en continuit\u00e9 du travail accompli et qu&rsquo;il reste d&rsquo;autres efforts \u00e0 d\u00e9ployer en r\u00e9ponse aux exigences de la m\u00e9decine et des centres h\u00f4spitalo-universitaires.&nbsp;Pour sa part, le ministre de l&rsquo;Enseignement sup\u00e9rieur et de la recherche scientifique M. Abdelbaki Benziane a assur\u00e9 que \u00ab\u00a0les r\u00e9sultats des travaux de ces groupes se traduiront&nbsp;&nbsp;par l&rsquo;\u00e9laboration de textes r\u00e9glementaires, permettant l&rsquo;am\u00e9lioration du syst\u00e8me de Sant\u00e9 et de soins en Alg\u00e9rie\u00a0\u00bb. Des r\u00e9sultats des groupes de travail conjoints entre le minist\u00e8re de l&rsquo;Enseignement sup\u00e9rieur et celui de la Sant\u00e9 se traduiront par l&rsquo;\u00e9laboration de textes r\u00e9glementaires en vue d&rsquo;am\u00e9liorer le syst\u00e8me de sant\u00e9 et de soins en Alg\u00e9rie, a-t-il en effet indiqu\u00e9.<\/p>\n\n\n\n<p>Par ailleurs,&nbsp;le ministre de l&rsquo;Enseignement sup\u00e9rieur et de la Recherche scientifique qui a rappel\u00e9 l&rsquo;\u00e9volution enregistr\u00e9e de par le monde dans les programmes d&rsquo;enseignement sup\u00e9rieur et de sciences m\u00e9dicales, en sus des pr\u00e9occupations professionnelles exprim\u00e9es par le personnel hospitalo-universitaire notamment en ce qui concerne la r\u00e9habilitation des structures et des diff\u00e9rentes activit\u00e9s des services hospitaliers, n&rsquo;a pas manqu\u00e9 de souligner l&rsquo;importance et la&nbsp;&nbsp;n\u00e9cessit\u00e9 de mettre en place de nouveaux m\u00e9canismes pour pr\u00e9senter des visions et formuler des propositions. M. Benziane s&rsquo;est \u00e9galement engag\u00e9 \u00e0 mettre en mouvement son d\u00e9partement dans l&rsquo;optique d&rsquo; \u00ab\u00a0appliquer une strat\u00e9gie de d\u00e9veloppement inscrite au titre du plan d\u2019action du secteur de l\u2019Enseignement sup\u00e9rieur et de la Recherche scientifique, visant \u00e0 approfondir la r\u00e9forme de l\u2019enseignement, de la formation et de la recherche dans les sciences m\u00e9dicales afin d&rsquo;assurer un enseignement de qualit\u00e9\u00a0\u00bb.&nbsp;<\/p>\n\n\n\n<p><strong>Kamel&nbsp;Nait Ameur<\/strong><\/p>\n","protected":false},"excerpt":{"rendered":"<p>Le nombre des contaminations au covid-19 augmente et d\u00e9passe aujourd\u2019hui les 400 cas en 24 heures. Cependant, le premier responsable<\/p>\n","protected":false},"author":3,"featured_media":15756,"comment_status":"open","ping_status":"closed","sticky":false,"template":"","format":"standard","meta":{"colormag_page_container_layout":"default_layout","colormag_page_sidebar_layout":"default_layout","om_disable_all_campaigns":false,"_monsterinsights_skip_tracking":false,"_monsterinsights_sitenote_active":false,"_monsterinsights_sitenote_note":"","_monsterinsights_sitenote_category":0,"footnotes":"","_wpscppro_dont_share_socialmedia":false,"_wpscppro_custom_social_share_image":0,"_facebook_share_type":"","_twitter_share_type":"","_linkedin_share_type":"","_pinterest_share_type":"","_linkedin_share_type_page":"","_instagram_share_type":"","_medium_share_type":"","_threads_share_type":"","_google_business_share_type":"","_selected_social_profile":[],"_wpsp_enable_custom_social_template":false,"_wpsp_social_scheduling":{"enabled":false,"datetime":null,"platforms":[],"status":"template_only","dateOption":"today","timeOption":"now","customDays":"","customHours":"","customDate":"","customTime":"","schedulingType":"absolute"},"_wpsp_active_default_template":true},"categories":[52,27],"tags":[],"class_list":["post-15755","post","type-post","status-publish","format-standard","has-post-thumbnail","hentry","category-a-la-une","category-actualite"],"aioseo_notices":[],"yoast_head":"<!-- This site is optimized with the Yoast SEO plugin v27.4 - https:\/\/yoast.com\/product\/yoast-seo-wordpress\/ -->\n<title>Hausse des cas de contamination au covid-19 : \u00ab La situation est ma\u00eetris\u00e9e \u00bb, assure Benbouzid - La Sentinelle<\/title>\n<meta name=\"robots\" content=\"index, follow, max-snippet:-1, max-image-preview:large, max-video-preview:-1\" \/>\n<link rel=\"canonical\" href=\"https:\/\/lasentinelle.dz\/index.php\/2022\/01\/05\/hausse-des-cas-de-contamination-au-covid-19-la-situation-est-maitrisee-assure-benbouzid\/\" \/>\n<meta property=\"og:locale\" content=\"fr_FR\" \/>\n<meta property=\"og:type\" content=\"article\" \/>\n<meta property=\"og:title\" content=\"Hausse des cas de contamination au covid-19 : \u00ab La situation est ma\u00eetris\u00e9e \u00bb, assure Benbouzid - La Sentinelle\" \/>\n<meta property=\"og:description\" content=\"Le nombre des contaminations au covid-19 augmente et d\u00e9passe aujourd\u2019hui les 400 cas en 24 heures. Cependant, le premier responsable\" \/>\n<meta property=\"og:url\" content=\"https:\/\/lasentinelle.dz\/index.php\/2022\/01\/05\/hausse-des-cas-de-contamination-au-covid-19-la-situation-est-maitrisee-assure-benbouzid\/\" \/>\n<meta property=\"og:site_name\" content=\"La Sentinelle\" \/>\n<meta property=\"article:publisher\" content=\"https:\/\/www.facebook.com\/La-Sentinelle-104059864394773\" \/>\n<meta property=\"article:published_time\" content=\"2022-01-04T23:05:00+00:00\" \/>\n<meta property=\"og:image\" content=\"https:\/\/lasentinelle.dz\/wp-content\/uploads\/2022\/01\/benbouzid-1.png\" \/>\n\t<meta property=\"og:image:width\" content=\"797\" \/>\n\t<meta property=\"og:image:height\" content=\"900\" \/>\n\t<meta property=\"og:image:type\" content=\"image\/png\" \/>\n<meta name=\"author\" content=\"La Sentinelle\" \/>\n<meta name=\"twitter:card\" content=\"summary_large_image\" \/>\n<meta name=\"twitter:label1\" content=\"\u00c9crit par\" \/>\n\t<meta name=\"twitter:data1\" content=\"La Sentinelle\" \/>\n\t<meta name=\"twitter:label2\" content=\"Dur\u00e9e de lecture estim\u00e9e\" \/>\n\t<meta name=\"twitter:data2\" content=\"3 minutes\" \/>\n<script type=\"application\/ld+json\" class=\"yoast-schema-graph\">{\"@context\":\"https:\\\/\\\/schema.org\",\"@graph\":[{\"@type\":\"Article\",\"@id\":\"https:\\\/\\\/lasentinelle.dz\\\/index.php\\\/2022\\\/01\\\/05\\\/hausse-des-cas-de-contamination-au-covid-19-la-situation-est-maitrisee-assure-benbouzid\\\/#article\",\"isPartOf\":{\"@id\":\"https:\\\/\\\/lasentinelle.dz\\\/index.php\\\/2022\\\/01\\\/05\\\/hausse-des-cas-de-contamination-au-covid-19-la-situation-est-maitrisee-assure-benbouzid\\\/\"},\"author\":{\"name\":\"La Sentinelle\",\"@id\":\"https:\\\/\\\/lasentinelle.dz\\\/#\\\/schema\\\/person\\\/d865044e22e70a75174ce8bcad3acfb3\"},\"headline\":\"Hausse des cas de contamination au covid-19 : \u00ab La situation est ma\u00eetris\u00e9e \u00bb, assure Benbouzid\",\"datePublished\":\"2022-01-04T23:05:00+00:00\",\"mainEntityOfPage\":{\"@id\":\"https:\\\/\\\/lasentinelle.dz\\\/index.php\\\/2022\\\/01\\\/05\\\/hausse-des-cas-de-contamination-au-covid-19-la-situation-est-maitrisee-assure-benbouzid\\\/\"},\"wordCount\":752,\"commentCount\":0,\"publisher\":{\"@id\":\"https:\\\/\\\/lasentinelle.dz\\\/#organization\"},\"image\":{\"@id\":\"https:\\\/\\\/lasentinelle.dz\\\/index.php\\\/2022\\\/01\\\/05\\\/hausse-des-cas-de-contamination-au-covid-19-la-situation-est-maitrisee-assure-benbouzid\\\/#primaryimage\"},\"thumbnailUrl\":\"https:\\\/\\\/lasentinelle.dz\\\/wp-content\\\/uploads\\\/2022\\\/01\\\/benbouzid-1.png\",\"articleSection\":[\"\u00c0 la Une\",\"Actualit\u00e9\"],\"inLanguage\":\"fr-FR\",\"potentialAction\":[{\"@type\":\"CommentAction\",\"name\":\"Comment\",\"target\":[\"https:\\\/\\\/lasentinelle.dz\\\/index.php\\\/2022\\\/01\\\/05\\\/hausse-des-cas-de-contamination-au-covid-19-la-situation-est-maitrisee-assure-benbouzid\\\/#respond\"]}]},{\"@type\":\"WebPage\",\"@id\":\"https:\\\/\\\/lasentinelle.dz\\\/index.php\\\/2022\\\/01\\\/05\\\/hausse-des-cas-de-contamination-au-covid-19-la-situation-est-maitrisee-assure-benbouzid\\\/\",\"url\":\"https:\\\/\\\/lasentinelle.dz\\\/index.php\\\/2022\\\/01\\\/05\\\/hausse-des-cas-de-contamination-au-covid-19-la-situation-est-maitrisee-assure-benbouzid\\\/\",\"name\":\"Hausse des cas de contamination au covid-19 : \u00ab La situation est ma\u00eetris\u00e9e \u00bb, assure Benbouzid - La Sentinelle\",\"isPartOf\":{\"@id\":\"https:\\\/\\\/lasentinelle.dz\\\/#website\"},\"primaryImageOfPage\":{\"@id\":\"https:\\\/\\\/lasentinelle.dz\\\/index.php\\\/2022\\\/01\\\/05\\\/hausse-des-cas-de-contamination-au-covid-19-la-situation-est-maitrisee-assure-benbouzid\\\/#primaryimage\"},\"image\":{\"@id\":\"https:\\\/\\\/lasentinelle.dz\\\/index.php\\\/2022\\\/01\\\/05\\\/hausse-des-cas-de-contamination-au-covid-19-la-situation-est-maitrisee-assure-benbouzid\\\/#primaryimage\"},\"thumbnailUrl\":\"https:\\\/\\\/lasentinelle.dz\\\/wp-content\\\/uploads\\\/2022\\\/01\\\/benbouzid-1.png\",\"datePublished\":\"2022-01-04T23:05:00+00:00\",\"breadcrumb\":{\"@id\":\"https:\\\/\\\/lasentinelle.dz\\\/index.php\\\/2022\\\/01\\\/05\\\/hausse-des-cas-de-contamination-au-covid-19-la-situation-est-maitrisee-assure-benbouzid\\\/#breadcrumb\"},\"inLanguage\":\"fr-FR\",\"potentialAction\":[{\"@type\":\"ReadAction\",\"target\":[\"https:\\\/\\\/lasentinelle.dz\\\/index.php\\\/2022\\\/01\\\/05\\\/hausse-des-cas-de-contamination-au-covid-19-la-situation-est-maitrisee-assure-benbouzid\\\/\"]}]},{\"@type\":\"ImageObject\",\"inLanguage\":\"fr-FR\",\"@id\":\"https:\\\/\\\/lasentinelle.dz\\\/index.php\\\/2022\\\/01\\\/05\\\/hausse-des-cas-de-contamination-au-covid-19-la-situation-est-maitrisee-assure-benbouzid\\\/#primaryimage\",\"url\":\"https:\\\/\\\/lasentinelle.dz\\\/wp-content\\\/uploads\\\/2022\\\/01\\\/benbouzid-1.png\",\"contentUrl\":\"https:\\\/\\\/lasentinelle.dz\\\/wp-content\\\/uploads\\\/2022\\\/01\\\/benbouzid-1.png\",\"width\":797,\"height\":900},{\"@type\":\"BreadcrumbList\",\"@id\":\"https:\\\/\\\/lasentinelle.dz\\\/index.php\\\/2022\\\/01\\\/05\\\/hausse-des-cas-de-contamination-au-covid-19-la-situation-est-maitrisee-assure-benbouzid\\\/#breadcrumb\",\"itemListElement\":[{\"@type\":\"ListItem\",\"position\":1,\"name\":\"Accueil\",\"item\":\"https:\\\/\\\/lasentinelle.dz\\\/\"},{\"@type\":\"ListItem\",\"position\":2,\"name\":\"Hausse des cas de contamination au covid-19 : \u00ab La situation est ma\u00eetris\u00e9e \u00bb, assure Benbouzid\"}]},{\"@type\":\"WebSite\",\"@id\":\"https:\\\/\\\/lasentinelle.dz\\\/#website\",\"url\":\"https:\\\/\\\/lasentinelle.dz\\\/\",\"name\":\"La Sentinelle\",\"description\":\"Quotidien national d&#039;information\",\"publisher\":{\"@id\":\"https:\\\/\\\/lasentinelle.dz\\\/#organization\"},\"potentialAction\":[{\"@type\":\"SearchAction\",\"target\":{\"@type\":\"EntryPoint\",\"urlTemplate\":\"https:\\\/\\\/lasentinelle.dz\\\/?s={search_term_string}\"},\"query-input\":{\"@type\":\"PropertyValueSpecification\",\"valueRequired\":true,\"valueName\":\"search_term_string\"}}],\"inLanguage\":\"fr-FR\"},{\"@type\":\"Organization\",\"@id\":\"https:\\\/\\\/lasentinelle.dz\\\/#organization\",\"name\":\"Quotidien La Sentinelle\",\"url\":\"https:\\\/\\\/lasentinelle.dz\\\/\",\"logo\":{\"@type\":\"ImageObject\",\"inLanguage\":\"fr-FR\",\"@id\":\"https:\\\/\\\/lasentinelle.dz\\\/#\\\/schema\\\/logo\\\/image\\\/\",\"url\":\"https:\\\/\\\/lasentinelle.dz\\\/wp-content\\\/uploads\\\/2021\\\/09\\\/logo-sentinelleSLOGAN-1.png\",\"contentUrl\":\"https:\\\/\\\/lasentinelle.dz\\\/wp-content\\\/uploads\\\/2021\\\/09\\\/logo-sentinelleSLOGAN-1.png\",\"width\":615,\"height\":142,\"caption\":\"Quotidien La Sentinelle\"},\"image\":{\"@id\":\"https:\\\/\\\/lasentinelle.dz\\\/#\\\/schema\\\/logo\\\/image\\\/\"},\"sameAs\":[\"https:\\\/\\\/www.facebook.com\\\/La-Sentinelle-104059864394773\"]},{\"@type\":\"Person\",\"@id\":\"https:\\\/\\\/lasentinelle.dz\\\/#\\\/schema\\\/person\\\/d865044e22e70a75174ce8bcad3acfb3\",\"name\":\"La Sentinelle\",\"image\":{\"@type\":\"ImageObject\",\"inLanguage\":\"fr-FR\",\"@id\":\"https:\\\/\\\/secure.gravatar.com\\\/avatar\\\/57de8e5d4b15d43fb361a71fbb36338450fe67865b528a43dd10ef7c51a20392?s=96&d=mm&r=g\",\"url\":\"https:\\\/\\\/secure.gravatar.com\\\/avatar\\\/57de8e5d4b15d43fb361a71fbb36338450fe67865b528a43dd10ef7c51a20392?s=96&d=mm&r=g\",\"contentUrl\":\"https:\\\/\\\/secure.gravatar.com\\\/avatar\\\/57de8e5d4b15d43fb361a71fbb36338450fe67865b528a43dd10ef7c51a20392?s=96&d=mm&r=g\",\"caption\":\"La Sentinelle\"},\"sameAs\":[\"http:\\\/\\\/www.lasentinelle.dz\"],\"url\":\"https:\\\/\\\/lasentinelle.dz\\\/author\\\/redaction\\\/\"}]}<\/script>\n<!-- \/ Yoast SEO plugin. -->","yoast_head_json":{"title":"Hausse des cas de contamination au covid-19 : \u00ab La situation est ma\u00eetris\u00e9e \u00bb, assure Benbouzid - La Sentinelle","robots":{"index":"index","follow":"follow","max-snippet":"max-snippet:-1","max-image-preview":"max-image-preview:large","max-video-preview":"max-video-preview:-1"},"canonical":"https:\/\/lasentinelle.dz\/index.php\/2022\/01\/05\/hausse-des-cas-de-contamination-au-covid-19-la-situation-est-maitrisee-assure-benbouzid\/","og_locale":"fr_FR","og_type":"article","og_title":"Hausse des cas de contamination au covid-19 : \u00ab La situation est ma\u00eetris\u00e9e \u00bb, assure Benbouzid - La Sentinelle","og_description":"Le nombre des contaminations au covid-19 augmente et d\u00e9passe aujourd\u2019hui les 400 cas en 24 heures. Cependant, le premier responsable","og_url":"https:\/\/lasentinelle.dz\/index.php\/2022\/01\/05\/hausse-des-cas-de-contamination-au-covid-19-la-situation-est-maitrisee-assure-benbouzid\/","og_site_name":"La Sentinelle","article_publisher":"https:\/\/www.facebook.com\/La-Sentinelle-104059864394773","article_published_time":"2022-01-04T23:05:00+00:00","og_image":[{"width":797,"height":900,"url":"https:\/\/lasentinelle.dz\/wp-content\/uploads\/2022\/01\/benbouzid-1.png","type":"image\/png"}],"author":"La Sentinelle","twitter_card":"summary_large_image","twitter_misc":{"\u00c9crit par":"La Sentinelle","Dur\u00e9e de lecture estim\u00e9e":"3 minutes"},"schema":{"@context":"https:\/\/schema.org","@graph":[{"@type":"Article","@id":"https:\/\/lasentinelle.dz\/index.php\/2022\/01\/05\/hausse-des-cas-de-contamination-au-covid-19-la-situation-est-maitrisee-assure-benbouzid\/#article","isPartOf":{"@id":"https:\/\/lasentinelle.dz\/index.php\/2022\/01\/05\/hausse-des-cas-de-contamination-au-covid-19-la-situation-est-maitrisee-assure-benbouzid\/"},"author":{"name":"La Sentinelle","@id":"https:\/\/lasentinelle.dz\/#\/schema\/person\/d865044e22e70a75174ce8bcad3acfb3"},"headline":"Hausse des cas de contamination au covid-19 : \u00ab La situation est ma\u00eetris\u00e9e \u00bb, assure Benbouzid","datePublished":"2022-01-04T23:05:00+00:00","mainEntityOfPage":{"@id":"https:\/\/lasentinelle.dz\/index.php\/2022\/01\/05\/hausse-des-cas-de-contamination-au-covid-19-la-situation-est-maitrisee-assure-benbouzid\/"},"wordCount":752,"commentCount":0,"publisher":{"@id":"https:\/\/lasentinelle.dz\/#organization"},"image":{"@id":"https:\/\/lasentinelle.dz\/index.php\/2022\/01\/05\/hausse-des-cas-de-contamination-au-covid-19-la-situation-est-maitrisee-assure-benbouzid\/#primaryimage"},"thumbnailUrl":"https:\/\/lasentinelle.dz\/wp-content\/uploads\/2022\/01\/benbouzid-1.png","articleSection":["\u00c0 la Une","Actualit\u00e9"],"inLanguage":"fr-FR","potentialAction":[{"@type":"CommentAction","name":"Comment","target":["https:\/\/lasentinelle.dz\/index.php\/2022\/01\/05\/hausse-des-cas-de-contamination-au-covid-19-la-situation-est-maitrisee-assure-benbouzid\/#respond"]}]},{"@type":"WebPage","@id":"https:\/\/lasentinelle.dz\/index.php\/2022\/01\/05\/hausse-des-cas-de-contamination-au-covid-19-la-situation-est-maitrisee-assure-benbouzid\/","url":"https:\/\/lasentinelle.dz\/index.php\/2022\/01\/05\/hausse-des-cas-de-contamination-au-covid-19-la-situation-est-maitrisee-assure-benbouzid\/","name":"Hausse des cas de contamination au covid-19 : \u00ab La situation est ma\u00eetris\u00e9e \u00bb, assure Benbouzid - La Sentinelle","isPartOf":{"@id":"https:\/\/lasentinelle.dz\/#website"},"primaryImageOfPage":{"@id":"https:\/\/lasentinelle.dz\/index.php\/2022\/01\/05\/hausse-des-cas-de-contamination-au-covid-19-la-situation-est-maitrisee-assure-benbouzid\/#primaryimage"},"image":{"@id":"https:\/\/lasentinelle.dz\/index.php\/2022\/01\/05\/hausse-des-cas-de-contamination-au-covid-19-la-situation-est-maitrisee-assure-benbouzid\/#primaryimage"},"thumbnailUrl":"https:\/\/lasentinelle.dz\/wp-content\/uploads\/2022\/01\/benbouzid-1.png","datePublished":"2022-01-04T23:05:00+00:00","breadcrumb":{"@id":"https:\/\/lasentinelle.dz\/index.php\/2022\/01\/05\/hausse-des-cas-de-contamination-au-covid-19-la-situation-est-maitrisee-assure-benbouzid\/#breadcrumb"},"inLanguage":"fr-FR","potentialAction":[{"@type":"ReadAction","target":["https:\/\/lasentinelle.dz\/index.php\/2022\/01\/05\/hausse-des-cas-de-contamination-au-covid-19-la-situation-est-maitrisee-assure-benbouzid\/"]}]},{"@type":"ImageObject","inLanguage":"fr-FR","@id":"https:\/\/lasentinelle.dz\/index.php\/2022\/01\/05\/hausse-des-cas-de-contamination-au-covid-19-la-situation-est-maitrisee-assure-benbouzid\/#primaryimage","url":"https:\/\/lasentinelle.dz\/wp-content\/uploads\/2022\/01\/benbouzid-1.png","contentUrl":"https:\/\/lasentinelle.dz\/wp-content\/uploads\/2022\/01\/benbouzid-1.png","width":797,"height":900},{"@type":"BreadcrumbList","@id":"https:\/\/lasentinelle.dz\/index.php\/2022\/01\/05\/hausse-des-cas-de-contamination-au-covid-19-la-situation-est-maitrisee-assure-benbouzid\/#breadcrumb","itemListElement":[{"@type":"ListItem","position":1,"name":"Accueil","item":"https:\/\/lasentinelle.dz\/"},{"@type":"ListItem","position":2,"name":"Hausse des cas de contamination au covid-19 : \u00ab La situation est ma\u00eetris\u00e9e \u00bb, assure Benbouzid"}]},{"@type":"WebSite","@id":"https:\/\/lasentinelle.dz\/#website","url":"https:\/\/lasentinelle.dz\/","name":"La Sentinelle","description":"Quotidien national d&#039;information","publisher":{"@id":"https:\/\/lasentinelle.dz\/#organization"},"potentialAction":[{"@type":"SearchAction","target":{"@type":"EntryPoint","urlTemplate":"https:\/\/lasentinelle.dz\/?s={search_term_string}"},"query-input":{"@type":"PropertyValueSpecification","valueRequired":true,"valueName":"search_term_string"}}],"inLanguage":"fr-FR"},{"@type":"Organization","@id":"https:\/\/lasentinelle.dz\/#organization","name":"Quotidien La Sentinelle","url":"https:\/\/lasentinelle.dz\/","logo":{"@type":"ImageObject","inLanguage":"fr-FR","@id":"https:\/\/lasentinelle.dz\/#\/schema\/logo\/image\/","url":"https:\/\/lasentinelle.dz\/wp-content\/uploads\/2021\/09\/logo-sentinelleSLOGAN-1.png","contentUrl":"https:\/\/lasentinelle.dz\/wp-content\/uploads\/2021\/09\/logo-sentinelleSLOGAN-1.png","width":615,"height":142,"caption":"Quotidien La Sentinelle"},"image":{"@id":"https:\/\/lasentinelle.dz\/#\/schema\/logo\/image\/"},"sameAs":["https:\/\/www.facebook.com\/La-Sentinelle-104059864394773"]},{"@type":"Person","@id":"https:\/\/lasentinelle.dz\/#\/schema\/person\/d865044e22e70a75174ce8bcad3acfb3","name":"La Sentinelle","image":{"@type":"ImageObject","inLanguage":"fr-FR","@id":"https:\/\/secure.gravatar.com\/avatar\/57de8e5d4b15d43fb361a71fbb36338450fe67865b528a43dd10ef7c51a20392?s=96&d=mm&r=g","url":"https:\/\/secure.gravatar.com\/avatar\/57de8e5d4b15d43fb361a71fbb36338450fe67865b528a43dd10ef7c51a20392?s=96&d=mm&r=g","contentUrl":"https:\/\/secure.gravatar.com\/avatar\/57de8e5d4b15d43fb361a71fbb36338450fe67865b528a43dd10ef7c51a20392?s=96&d=mm&r=g","caption":"La Sentinelle"},"sameAs":["http:\/\/www.lasentinelle.dz"],"url":"https:\/\/lasentinelle.dz\/author\/redaction\/"}]}},"_links":{"self":[{"href":"https:\/\/lasentinelle.dz\/index.php\/wp-json\/wp\/v2\/posts\/15755","targetHints":{"allow":["GET"]}}],"collection":[{"href":"https:\/\/lasentinelle.dz\/index.php\/wp-json\/wp\/v2\/posts"}],"about":[{"href":"https:\/\/lasentinelle.dz\/index.php\/wp-json\/wp\/v2\/types\/post"}],"author":[{"embeddable":true,"href":"https:\/\/lasentinelle.dz\/index.php\/wp-json\/wp\/v2\/users\/3"}],"replies":[{"embeddable":true,"href":"https:\/\/lasentinelle.dz\/index.php\/wp-json\/wp\/v2\/comments?post=15755"}],"version-history":[{"count":1,"href":"https:\/\/lasentinelle.dz\/index.php\/wp-json\/wp\/v2\/posts\/15755\/revisions"}],"predecessor-version":[{"id":15757,"href":"https:\/\/lasentinelle.dz\/index.php\/wp-json\/wp\/v2\/posts\/15755\/revisions\/15757"}],"wp:featuredmedia":[{"embeddable":true,"href":"https:\/\/lasentinelle.dz\/index.php\/wp-json\/wp\/v2\/media\/15756"}],"wp:attachment":[{"href":"https:\/\/lasentinelle.dz\/index.php\/wp-json\/wp\/v2\/media?parent=15755"}],"wp:term":[{"taxonomy":"category","embeddable":true,"href":"https:\/\/lasentinelle.dz\/index.php\/wp-json\/wp\/v2\/categories?post=15755"},{"taxonomy":"post_tag","embeddable":true,"href":"https:\/\/lasentinelle.dz\/index.php\/wp-json\/wp\/v2\/tags?post=15755"}],"curies":[{"name":"wp","href":"https:\/\/api.w.org\/{rel}","templated":true}]}}