{"id":15781,"date":"2022-01-06T00:05:00","date_gmt":"2022-01-05T23:05:00","guid":{"rendered":"https:\/\/lasentinelle.dz\/?p=15781"},"modified":"2022-01-05T20:22:05","modified_gmt":"2022-01-05T19:22:05","slug":"conseil-superieur-de-la-jeunesse-le-processus-delection-des-membres-lance","status":"publish","type":"post","link":"https:\/\/lasentinelle.dz\/index.php\/2022\/01\/06\/conseil-superieur-de-la-jeunesse-le-processus-delection-des-membres-lance\/","title":{"rendered":"Conseil sup\u00e9rieur de la jeunesse : Le processus d\u2019\u00e9lection des membres lanc\u00e9"},"content":{"rendered":"\n<p>Le processus qui doit aboutir \u00e0 l\u2019installation du Conseil sup\u00e9rieur de la Jeunesse, dernier maillon qui doit parachever le processus de r\u00e9formes politiques et institutionnelles lanc\u00e9 par la r\u00e9vision de la Constitution est lanc\u00e9. Ainsi, apr\u00e8s l\u2019installation de le renouvellement des assembl\u00e9es \u00e9lues, l\u2019installation de la Cour constitutionnelle, du Conseil sup\u00e9rieur de la magistrature, et de l\u2019Observatoire nationale de la soci\u00e9t\u00e9 civile, ainsi que le renouvellement de la composante du Conseil national des droits de l\u2019Homme, c\u2019est au tour de la jeunesse d\u2019\u00eatre au c\u0153ur de la concr\u00e9tisation des engagement pr\u00e9sidentiels, via l\u2019installation du Conseil sup\u00e9rieur de la jeunesse, gr\u00e2ce \u00e0 l\u2019\u00e9lection de ses membres. C\u2019est en ce sens qu\u2019un arr\u00eat\u00e9 minist\u00e9riel a \u00e9t\u00e9 publi\u00e9 dans le dernier journal officiel de l\u2019ann\u00e9e 2021 afin de d\u00e9finir les modalit\u00e9s d\u2019\u00e9lections des membres de ce nouveau conseil au titre de la repr\u00e9sentation au niveau des wilayas. Le texte co-sign\u00e9 par le ministre de l\u2019Int\u00e9rieur, des Collectivit\u00e9s locales et de l\u2019Am\u00e9nagement du territoire, Kamel Beldjoud, et son coll\u00e8gue du d\u00e9partement de la Jeunesse et des Sports, Abderrezak Sebgag, pr\u00e9cise ainsi que des conf\u00e9rences des jeunes seront organis\u00e9es en vue de ces \u00e9lections et seront prises en charge par des commissions locales d\u00e9sign\u00e9es par les autorit\u00e9s locales, le wali en t\u00eate. L\u2019article 10&nbsp;de l\u2019arr\u00eat\u00e9 pr\u00e9cise&nbsp;que la commune publie trente jours avant la date de la tenue de la conf\u00e9rence des jeunes de la commune, conform\u00e9ment au calendrier fix\u00e9 par le wali, un appel \u00e0 participation devant obligatoirement comporter l\u2019objet de la conf\u00e9rence portant sur l\u2019\u00e9lection de jeunes repr\u00e9sentant la commune \u00e0 la conf\u00e9rence de jeunes de wilaya, pour l\u2019\u00e9lection des membres du Conseil sup\u00e9rieur de la jeunesse.<\/p>\n\n\n\n<p>Toutes les questions relatives \u00e0 la participation, comme la p\u00e9riode de la dur\u00e9e d\u2019inscription \u00e0 la conf\u00e9rence de jeunes au niveau de la commune, sont arr\u00eat\u00e9es par la loi qui fixe ces inscriptions \u00e0 sept jours apr\u00e8s la publication de l\u2019appel \u00e0 participation.&nbsp;Quant aux modalit\u00e9s d\u2019inscriptions, celles-ci, seront connues via une plate forme num\u00e9rique mise en place par le minist\u00e8re de la jeunesse et des sports, en collaboration avec le minist\u00e8re de l\u2019int\u00e9rieur, des collectivit\u00e9s locales et de l\u2019am\u00e9nagement du territoire.<\/p>\n\n\n\n<p>Cet appel \u00e0 participation, fixe \u00e9galement les conditions d\u2019\u00e9ligibilit\u00e9 au Conseil sup\u00e9rieur&nbsp;&nbsp;de la jeunesse, au titre de repr\u00e9sentation de jeunes des wilayas, comme l\u2019\u00e2ge, arr\u00eat\u00e9 entre 18 \u00e0 35 ans, la justification d\u2019un niveau universitaire, la jouissance de ses droits civiques, ne pas avoir fait l\u2019objet d\u2019une condamnation relative \u00e0 une atteinte \u00e0 l\u2019honneur, ne pas \u00eatre \u00e9lu dans une quelconque assembl\u00e9e ou repr\u00e9sentation consultative..et autres postes d\u00e9finis par la pr\u00e9sente loi.&nbsp;Dans son article 11 il est stipul\u00e9 que quinze jours avant la date de la conf\u00e9rence de jeunes de la commune, ne figurant pas sur la liste des participants peuvent&nbsp;&nbsp;introduire un recours aupr\u00e8s de la commission communale dans les 24h qui suivent la publication de la liste des participants.&nbsp;Concernant la conf\u00e9rence de wilaya, celle-ci est organis\u00e9e par la commission de wilaya pr\u00e9vue \u00e0 l\u2019article 5 dans les d\u00e9lais fix\u00e9s par la circulaire interminist\u00e9rielle pr\u00e9vue par l\u2019article 9.<\/p>\n\n\n\n<p>L\u2019article 18&nbsp;stipule que les jeunes repr\u00e9sentant des communes, se r\u00e9unissent dans une conf\u00e9rence de jeunes de wilaya et \u00e9lisent parmi eux leurs repr\u00e9sentants au Conseil sup\u00e9rieur de la jeunesse et l\u2019article 19 pr\u00e9voit que les r\u00e9sultats de l\u2019\u00e9lection comportant la liste des repr\u00e9sentants de wilaya et la liste des suppl\u00e9ants, conform\u00e9ment au nombre fix\u00e9 sont annonc\u00e9s s\u00e9ance tenante par la commission de wilaya et consign\u00e9s dans un PV sign\u00e9 par le pr\u00e9sident de la commission et adress\u00e9 au ministre charg\u00e9 de l\u2019int\u00e9rieur et au ministre charg\u00e9 de la jeunesse.&nbsp;La cat\u00e9gorie de la jeunesse, repr\u00e9sente l\u2019\u00e9crasante majorit\u00e9 de la soci\u00e9t\u00e9 de la population globale du pays, ce qui n\u2019est un secret pour personne et c\u2019est dans l\u2019optique de favoriser l\u2019\u00e9mergence de nouvelles id\u00e9es et de nouvelles fa\u00e7ons de faire en vue de mettre en place de nouvelles strat\u00e9gies efficientes, la nouvelle Constitution de 2020 a pr\u00e9vu la mise en place du Conseil sup\u00e9rieur de la jeunesse, qui est un organe consultatif plac\u00e9 sous l\u2019autorit\u00e9 du pr\u00e9sident de la R\u00e9publique, lequel organe est appel\u00e9 \u00e0 \u00e9laborer un rapport d\u2019activit\u00e9s et d\u2019\u00e9valuation de la mise en \u0153uvre du plan national de la jeunesse.<\/p>\n\n\n\n<p>Ces rapports, seront \u00e0 la fois adress\u00e9s, en premier lieu au chef de l\u2019Etat et en second lieu au Premier ministre.&nbsp;Pour rappel, ce Conseil a \u00e9t\u00e9 officiellement mis sur pied suite \u00e0 la publication au dernier num\u00e9ro du Journal officiel du d\u00e9cret pr\u00e9sidentiel n\u00b0 21-416 du 20 Rabie El Aouel 1443 correspondant au 27 octobre 2021 fixant ses attributions, sa composition, son organisation et son fonctionnement. Cet organe consultatif est compos\u00e9 de 348 membres \u00e9lus en plus du pr\u00e9sident nomm\u00e9 par d\u00e9cret pr\u00e9sidentiel, des membres \u00e9lus au titre de la repr\u00e9sentation des jeunes des wilayas, \u00e0 parit\u00e9 homme-femme pour un mandat de quatre ann\u00e9es.<\/p>\n\n\n\n<p><strong>Boubekeur Amrani<\/strong><\/p>\n","protected":false},"excerpt":{"rendered":"<p>Le processus qui doit aboutir \u00e0 l\u2019installation du Conseil sup\u00e9rieur de la Jeunesse, dernier maillon qui doit parachever le processus<\/p>\n","protected":false},"author":3,"featured_media":15786,"comment_status":"open","ping_status":"closed","sticky":false,"template":"","format":"standard","meta":{"colormag_page_container_layout":"default_layout","colormag_page_sidebar_layout":"default_layout","om_disable_all_campaigns":false,"_monsterinsights_skip_tracking":false,"_monsterinsights_sitenote_active":false,"_monsterinsights_sitenote_note":"","_monsterinsights_sitenote_category":0,"footnotes":"","_wpscppro_dont_share_socialmedia":false,"_wpscppro_custom_social_share_image":0,"_facebook_share_type":"","_twitter_share_type":"","_linkedin_share_type":"","_pinterest_share_type":"","_linkedin_share_type_page":"","_instagram_share_type":"","_medium_share_type":"","_threads_share_type":"","_google_business_share_type":"","_selected_social_profile":[],"_wpsp_enable_custom_social_template":false,"_wpsp_social_scheduling":{"enabled":false,"datetime":null,"platforms":[],"status":"template_only","dateOption":"today","timeOption":"now","customDays":"","customHours":"","customDate":"","customTime":"","schedulingType":"absolute"},"_wpsp_active_default_template":true},"categories":[52,27],"tags":[],"class_list":["post-15781","post","type-post","status-publish","format-standard","has-post-thumbnail","hentry","category-a-la-une","category-actualite"],"aioseo_notices":[],"yoast_head":"<!-- This site is optimized with the Yoast SEO plugin v27.5 - https:\/\/yoast.com\/product\/yoast-seo-wordpress\/ -->\n<title>Conseil sup\u00e9rieur de la jeunesse : Le processus d\u2019\u00e9lection des membres lanc\u00e9 - La Sentinelle<\/title>\n<meta name=\"robots\" content=\"index, follow, max-snippet:-1, max-image-preview:large, max-video-preview:-1\" \/>\n<link rel=\"canonical\" href=\"https:\/\/lasentinelle.dz\/index.php\/2022\/01\/06\/conseil-superieur-de-la-jeunesse-le-processus-delection-des-membres-lance\/\" \/>\n<meta property=\"og:locale\" content=\"fr_FR\" \/>\n<meta property=\"og:type\" content=\"article\" \/>\n<meta property=\"og:title\" content=\"Conseil sup\u00e9rieur de la jeunesse : Le processus d\u2019\u00e9lection des membres lanc\u00e9 - La Sentinelle\" \/>\n<meta property=\"og:description\" content=\"Le processus qui doit aboutir \u00e0 l\u2019installation du Conseil sup\u00e9rieur de la Jeunesse, dernier maillon qui doit parachever le processus\" \/>\n<meta property=\"og:url\" content=\"https:\/\/lasentinelle.dz\/index.php\/2022\/01\/06\/conseil-superieur-de-la-jeunesse-le-processus-delection-des-membres-lance\/\" \/>\n<meta property=\"og:site_name\" content=\"La Sentinelle\" \/>\n<meta property=\"article:publisher\" content=\"https:\/\/www.facebook.com\/La-Sentinelle-104059864394773\" \/>\n<meta property=\"article:published_time\" content=\"2022-01-05T23:05:00+00:00\" \/>\n<meta property=\"og:image\" content=\"https:\/\/lasentinelle.dz\/wp-content\/uploads\/2022\/01\/555.png\" \/>\n\t<meta property=\"og:image:width\" content=\"1352\" \/>\n\t<meta property=\"og:image:height\" content=\"900\" \/>\n\t<meta property=\"og:image:type\" content=\"image\/png\" \/>\n<meta name=\"author\" content=\"La Sentinelle\" \/>\n<meta name=\"twitter:card\" content=\"summary_large_image\" \/>\n<meta name=\"twitter:label1\" content=\"\u00c9crit par\" \/>\n\t<meta name=\"twitter:data1\" content=\"La Sentinelle\" \/>\n\t<meta name=\"twitter:label2\" content=\"Dur\u00e9e de lecture estim\u00e9e\" \/>\n\t<meta name=\"twitter:data2\" content=\"4 minutes\" \/>\n<script type=\"application\/ld+json\" class=\"yoast-schema-graph\">{\"@context\":\"https:\\\/\\\/schema.org\",\"@graph\":[{\"@type\":\"Article\",\"@id\":\"https:\\\/\\\/lasentinelle.dz\\\/index.php\\\/2022\\\/01\\\/06\\\/conseil-superieur-de-la-jeunesse-le-processus-delection-des-membres-lance\\\/#article\",\"isPartOf\":{\"@id\":\"https:\\\/\\\/lasentinelle.dz\\\/index.php\\\/2022\\\/01\\\/06\\\/conseil-superieur-de-la-jeunesse-le-processus-delection-des-membres-lance\\\/\"},\"author\":{\"name\":\"La Sentinelle\",\"@id\":\"https:\\\/\\\/lasentinelle.dz\\\/#\\\/schema\\\/person\\\/d865044e22e70a75174ce8bcad3acfb3\"},\"headline\":\"Conseil sup\u00e9rieur de la jeunesse : Le processus d\u2019\u00e9lection des membres lanc\u00e9\",\"datePublished\":\"2022-01-05T23:05:00+00:00\",\"mainEntityOfPage\":{\"@id\":\"https:\\\/\\\/lasentinelle.dz\\\/index.php\\\/2022\\\/01\\\/06\\\/conseil-superieur-de-la-jeunesse-le-processus-delection-des-membres-lance\\\/\"},\"wordCount\":950,\"commentCount\":0,\"publisher\":{\"@id\":\"https:\\\/\\\/lasentinelle.dz\\\/#organization\"},\"image\":{\"@id\":\"https:\\\/\\\/lasentinelle.dz\\\/index.php\\\/2022\\\/01\\\/06\\\/conseil-superieur-de-la-jeunesse-le-processus-delection-des-membres-lance\\\/#primaryimage\"},\"thumbnailUrl\":\"https:\\\/\\\/lasentinelle.dz\\\/wp-content\\\/uploads\\\/2022\\\/01\\\/555.png\",\"articleSection\":[\"\u00c0 la Une\",\"Actualit\u00e9\"],\"inLanguage\":\"fr-FR\",\"potentialAction\":[{\"@type\":\"CommentAction\",\"name\":\"Comment\",\"target\":[\"https:\\\/\\\/lasentinelle.dz\\\/index.php\\\/2022\\\/01\\\/06\\\/conseil-superieur-de-la-jeunesse-le-processus-delection-des-membres-lance\\\/#respond\"]}]},{\"@type\":\"WebPage\",\"@id\":\"https:\\\/\\\/lasentinelle.dz\\\/index.php\\\/2022\\\/01\\\/06\\\/conseil-superieur-de-la-jeunesse-le-processus-delection-des-membres-lance\\\/\",\"url\":\"https:\\\/\\\/lasentinelle.dz\\\/index.php\\\/2022\\\/01\\\/06\\\/conseil-superieur-de-la-jeunesse-le-processus-delection-des-membres-lance\\\/\",\"name\":\"Conseil sup\u00e9rieur de la jeunesse : Le processus d\u2019\u00e9lection des membres lanc\u00e9 - La Sentinelle\",\"isPartOf\":{\"@id\":\"https:\\\/\\\/lasentinelle.dz\\\/#website\"},\"primaryImageOfPage\":{\"@id\":\"https:\\\/\\\/lasentinelle.dz\\\/index.php\\\/2022\\\/01\\\/06\\\/conseil-superieur-de-la-jeunesse-le-processus-delection-des-membres-lance\\\/#primaryimage\"},\"image\":{\"@id\":\"https:\\\/\\\/lasentinelle.dz\\\/index.php\\\/2022\\\/01\\\/06\\\/conseil-superieur-de-la-jeunesse-le-processus-delection-des-membres-lance\\\/#primaryimage\"},\"thumbnailUrl\":\"https:\\\/\\\/lasentinelle.dz\\\/wp-content\\\/uploads\\\/2022\\\/01\\\/555.png\",\"datePublished\":\"2022-01-05T23:05:00+00:00\",\"breadcrumb\":{\"@id\":\"https:\\\/\\\/lasentinelle.dz\\\/index.php\\\/2022\\\/01\\\/06\\\/conseil-superieur-de-la-jeunesse-le-processus-delection-des-membres-lance\\\/#breadcrumb\"},\"inLanguage\":\"fr-FR\",\"potentialAction\":[{\"@type\":\"ReadAction\",\"target\":[\"https:\\\/\\\/lasentinelle.dz\\\/index.php\\\/2022\\\/01\\\/06\\\/conseil-superieur-de-la-jeunesse-le-processus-delection-des-membres-lance\\\/\"]}]},{\"@type\":\"ImageObject\",\"inLanguage\":\"fr-FR\",\"@id\":\"https:\\\/\\\/lasentinelle.dz\\\/index.php\\\/2022\\\/01\\\/06\\\/conseil-superieur-de-la-jeunesse-le-processus-delection-des-membres-lance\\\/#primaryimage\",\"url\":\"https:\\\/\\\/lasentinelle.dz\\\/wp-content\\\/uploads\\\/2022\\\/01\\\/555.png\",\"contentUrl\":\"https:\\\/\\\/lasentinelle.dz\\\/wp-content\\\/uploads\\\/2022\\\/01\\\/555.png\",\"width\":1352,\"height\":900},{\"@type\":\"BreadcrumbList\",\"@id\":\"https:\\\/\\\/lasentinelle.dz\\\/index.php\\\/2022\\\/01\\\/06\\\/conseil-superieur-de-la-jeunesse-le-processus-delection-des-membres-lance\\\/#breadcrumb\",\"itemListElement\":[{\"@type\":\"ListItem\",\"position\":1,\"name\":\"Accueil\",\"item\":\"https:\\\/\\\/lasentinelle.dz\\\/\"},{\"@type\":\"ListItem\",\"position\":2,\"name\":\"Conseil sup\u00e9rieur de la jeunesse : Le processus d\u2019\u00e9lection des membres lanc\u00e9\"}]},{\"@type\":\"WebSite\",\"@id\":\"https:\\\/\\\/lasentinelle.dz\\\/#website\",\"url\":\"https:\\\/\\\/lasentinelle.dz\\\/\",\"name\":\"La Sentinelle\",\"description\":\"Quotidien national d&#039;information\",\"publisher\":{\"@id\":\"https:\\\/\\\/lasentinelle.dz\\\/#organization\"},\"potentialAction\":[{\"@type\":\"SearchAction\",\"target\":{\"@type\":\"EntryPoint\",\"urlTemplate\":\"https:\\\/\\\/lasentinelle.dz\\\/?s={search_term_string}\"},\"query-input\":{\"@type\":\"PropertyValueSpecification\",\"valueRequired\":true,\"valueName\":\"search_term_string\"}}],\"inLanguage\":\"fr-FR\"},{\"@type\":\"Organization\",\"@id\":\"https:\\\/\\\/lasentinelle.dz\\\/#organization\",\"name\":\"Quotidien La Sentinelle\",\"url\":\"https:\\\/\\\/lasentinelle.dz\\\/\",\"logo\":{\"@type\":\"ImageObject\",\"inLanguage\":\"fr-FR\",\"@id\":\"https:\\\/\\\/lasentinelle.dz\\\/#\\\/schema\\\/logo\\\/image\\\/\",\"url\":\"https:\\\/\\\/lasentinelle.dz\\\/wp-content\\\/uploads\\\/2021\\\/09\\\/logo-sentinelleSLOGAN-1.png\",\"contentUrl\":\"https:\\\/\\\/lasentinelle.dz\\\/wp-content\\\/uploads\\\/2021\\\/09\\\/logo-sentinelleSLOGAN-1.png\",\"width\":615,\"height\":142,\"caption\":\"Quotidien La Sentinelle\"},\"image\":{\"@id\":\"https:\\\/\\\/lasentinelle.dz\\\/#\\\/schema\\\/logo\\\/image\\\/\"},\"sameAs\":[\"https:\\\/\\\/www.facebook.com\\\/La-Sentinelle-104059864394773\"]},{\"@type\":\"Person\",\"@id\":\"https:\\\/\\\/lasentinelle.dz\\\/#\\\/schema\\\/person\\\/d865044e22e70a75174ce8bcad3acfb3\",\"name\":\"La Sentinelle\",\"image\":{\"@type\":\"ImageObject\",\"inLanguage\":\"fr-FR\",\"@id\":\"https:\\\/\\\/secure.gravatar.com\\\/avatar\\\/57de8e5d4b15d43fb361a71fbb36338450fe67865b528a43dd10ef7c51a20392?s=96&d=mm&r=g\",\"url\":\"https:\\\/\\\/secure.gravatar.com\\\/avatar\\\/57de8e5d4b15d43fb361a71fbb36338450fe67865b528a43dd10ef7c51a20392?s=96&d=mm&r=g\",\"contentUrl\":\"https:\\\/\\\/secure.gravatar.com\\\/avatar\\\/57de8e5d4b15d43fb361a71fbb36338450fe67865b528a43dd10ef7c51a20392?s=96&d=mm&r=g\",\"caption\":\"La Sentinelle\"},\"sameAs\":[\"http:\\\/\\\/www.lasentinelle.dz\"],\"url\":\"https:\\\/\\\/lasentinelle.dz\\\/author\\\/redaction\\\/\"}]}<\/script>\n<!-- \/ Yoast SEO plugin. -->","yoast_head_json":{"title":"Conseil sup\u00e9rieur de la jeunesse : Le processus d\u2019\u00e9lection des membres lanc\u00e9 - La Sentinelle","robots":{"index":"index","follow":"follow","max-snippet":"max-snippet:-1","max-image-preview":"max-image-preview:large","max-video-preview":"max-video-preview:-1"},"canonical":"https:\/\/lasentinelle.dz\/index.php\/2022\/01\/06\/conseil-superieur-de-la-jeunesse-le-processus-delection-des-membres-lance\/","og_locale":"fr_FR","og_type":"article","og_title":"Conseil sup\u00e9rieur de la jeunesse : Le processus d\u2019\u00e9lection des membres lanc\u00e9 - La Sentinelle","og_description":"Le processus qui doit aboutir \u00e0 l\u2019installation du Conseil sup\u00e9rieur de la Jeunesse, dernier maillon qui doit parachever le processus","og_url":"https:\/\/lasentinelle.dz\/index.php\/2022\/01\/06\/conseil-superieur-de-la-jeunesse-le-processus-delection-des-membres-lance\/","og_site_name":"La Sentinelle","article_publisher":"https:\/\/www.facebook.com\/La-Sentinelle-104059864394773","article_published_time":"2022-01-05T23:05:00+00:00","og_image":[{"width":1352,"height":900,"url":"https:\/\/lasentinelle.dz\/wp-content\/uploads\/2022\/01\/555.png","type":"image\/png"}],"author":"La Sentinelle","twitter_card":"summary_large_image","twitter_misc":{"\u00c9crit par":"La Sentinelle","Dur\u00e9e de lecture estim\u00e9e":"4 minutes"},"schema":{"@context":"https:\/\/schema.org","@graph":[{"@type":"Article","@id":"https:\/\/lasentinelle.dz\/index.php\/2022\/01\/06\/conseil-superieur-de-la-jeunesse-le-processus-delection-des-membres-lance\/#article","isPartOf":{"@id":"https:\/\/lasentinelle.dz\/index.php\/2022\/01\/06\/conseil-superieur-de-la-jeunesse-le-processus-delection-des-membres-lance\/"},"author":{"name":"La Sentinelle","@id":"https:\/\/lasentinelle.dz\/#\/schema\/person\/d865044e22e70a75174ce8bcad3acfb3"},"headline":"Conseil sup\u00e9rieur de la jeunesse : Le processus d\u2019\u00e9lection des membres lanc\u00e9","datePublished":"2022-01-05T23:05:00+00:00","mainEntityOfPage":{"@id":"https:\/\/lasentinelle.dz\/index.php\/2022\/01\/06\/conseil-superieur-de-la-jeunesse-le-processus-delection-des-membres-lance\/"},"wordCount":950,"commentCount":0,"publisher":{"@id":"https:\/\/lasentinelle.dz\/#organization"},"image":{"@id":"https:\/\/lasentinelle.dz\/index.php\/2022\/01\/06\/conseil-superieur-de-la-jeunesse-le-processus-delection-des-membres-lance\/#primaryimage"},"thumbnailUrl":"https:\/\/lasentinelle.dz\/wp-content\/uploads\/2022\/01\/555.png","articleSection":["\u00c0 la Une","Actualit\u00e9"],"inLanguage":"fr-FR","potentialAction":[{"@type":"CommentAction","name":"Comment","target":["https:\/\/lasentinelle.dz\/index.php\/2022\/01\/06\/conseil-superieur-de-la-jeunesse-le-processus-delection-des-membres-lance\/#respond"]}]},{"@type":"WebPage","@id":"https:\/\/lasentinelle.dz\/index.php\/2022\/01\/06\/conseil-superieur-de-la-jeunesse-le-processus-delection-des-membres-lance\/","url":"https:\/\/lasentinelle.dz\/index.php\/2022\/01\/06\/conseil-superieur-de-la-jeunesse-le-processus-delection-des-membres-lance\/","name":"Conseil sup\u00e9rieur de la jeunesse : Le processus d\u2019\u00e9lection des membres lanc\u00e9 - La Sentinelle","isPartOf":{"@id":"https:\/\/lasentinelle.dz\/#website"},"primaryImageOfPage":{"@id":"https:\/\/lasentinelle.dz\/index.php\/2022\/01\/06\/conseil-superieur-de-la-jeunesse-le-processus-delection-des-membres-lance\/#primaryimage"},"image":{"@id":"https:\/\/lasentinelle.dz\/index.php\/2022\/01\/06\/conseil-superieur-de-la-jeunesse-le-processus-delection-des-membres-lance\/#primaryimage"},"thumbnailUrl":"https:\/\/lasentinelle.dz\/wp-content\/uploads\/2022\/01\/555.png","datePublished":"2022-01-05T23:05:00+00:00","breadcrumb":{"@id":"https:\/\/lasentinelle.dz\/index.php\/2022\/01\/06\/conseil-superieur-de-la-jeunesse-le-processus-delection-des-membres-lance\/#breadcrumb"},"inLanguage":"fr-FR","potentialAction":[{"@type":"ReadAction","target":["https:\/\/lasentinelle.dz\/index.php\/2022\/01\/06\/conseil-superieur-de-la-jeunesse-le-processus-delection-des-membres-lance\/"]}]},{"@type":"ImageObject","inLanguage":"fr-FR","@id":"https:\/\/lasentinelle.dz\/index.php\/2022\/01\/06\/conseil-superieur-de-la-jeunesse-le-processus-delection-des-membres-lance\/#primaryimage","url":"https:\/\/lasentinelle.dz\/wp-content\/uploads\/2022\/01\/555.png","contentUrl":"https:\/\/lasentinelle.dz\/wp-content\/uploads\/2022\/01\/555.png","width":1352,"height":900},{"@type":"BreadcrumbList","@id":"https:\/\/lasentinelle.dz\/index.php\/2022\/01\/06\/conseil-superieur-de-la-jeunesse-le-processus-delection-des-membres-lance\/#breadcrumb","itemListElement":[{"@type":"ListItem","position":1,"name":"Accueil","item":"https:\/\/lasentinelle.dz\/"},{"@type":"ListItem","position":2,"name":"Conseil sup\u00e9rieur de la jeunesse : Le processus d\u2019\u00e9lection des membres lanc\u00e9"}]},{"@type":"WebSite","@id":"https:\/\/lasentinelle.dz\/#website","url":"https:\/\/lasentinelle.dz\/","name":"La Sentinelle","description":"Quotidien national d&#039;information","publisher":{"@id":"https:\/\/lasentinelle.dz\/#organization"},"potentialAction":[{"@type":"SearchAction","target":{"@type":"EntryPoint","urlTemplate":"https:\/\/lasentinelle.dz\/?s={search_term_string}"},"query-input":{"@type":"PropertyValueSpecification","valueRequired":true,"valueName":"search_term_string"}}],"inLanguage":"fr-FR"},{"@type":"Organization","@id":"https:\/\/lasentinelle.dz\/#organization","name":"Quotidien La Sentinelle","url":"https:\/\/lasentinelle.dz\/","logo":{"@type":"ImageObject","inLanguage":"fr-FR","@id":"https:\/\/lasentinelle.dz\/#\/schema\/logo\/image\/","url":"https:\/\/lasentinelle.dz\/wp-content\/uploads\/2021\/09\/logo-sentinelleSLOGAN-1.png","contentUrl":"https:\/\/lasentinelle.dz\/wp-content\/uploads\/2021\/09\/logo-sentinelleSLOGAN-1.png","width":615,"height":142,"caption":"Quotidien La Sentinelle"},"image":{"@id":"https:\/\/lasentinelle.dz\/#\/schema\/logo\/image\/"},"sameAs":["https:\/\/www.facebook.com\/La-Sentinelle-104059864394773"]},{"@type":"Person","@id":"https:\/\/lasentinelle.dz\/#\/schema\/person\/d865044e22e70a75174ce8bcad3acfb3","name":"La Sentinelle","image":{"@type":"ImageObject","inLanguage":"fr-FR","@id":"https:\/\/secure.gravatar.com\/avatar\/57de8e5d4b15d43fb361a71fbb36338450fe67865b528a43dd10ef7c51a20392?s=96&d=mm&r=g","url":"https:\/\/secure.gravatar.com\/avatar\/57de8e5d4b15d43fb361a71fbb36338450fe67865b528a43dd10ef7c51a20392?s=96&d=mm&r=g","contentUrl":"https:\/\/secure.gravatar.com\/avatar\/57de8e5d4b15d43fb361a71fbb36338450fe67865b528a43dd10ef7c51a20392?s=96&d=mm&r=g","caption":"La Sentinelle"},"sameAs":["http:\/\/www.lasentinelle.dz"],"url":"https:\/\/lasentinelle.dz\/author\/redaction\/"}]}},"_links":{"self":[{"href":"https:\/\/lasentinelle.dz\/index.php\/wp-json\/wp\/v2\/posts\/15781","targetHints":{"allow":["GET"]}}],"collection":[{"href":"https:\/\/lasentinelle.dz\/index.php\/wp-json\/wp\/v2\/posts"}],"about":[{"href":"https:\/\/lasentinelle.dz\/index.php\/wp-json\/wp\/v2\/types\/post"}],"author":[{"embeddable":true,"href":"https:\/\/lasentinelle.dz\/index.php\/wp-json\/wp\/v2\/users\/3"}],"replies":[{"embeddable":true,"href":"https:\/\/lasentinelle.dz\/index.php\/wp-json\/wp\/v2\/comments?post=15781"}],"version-history":[{"count":1,"href":"https:\/\/lasentinelle.dz\/index.php\/wp-json\/wp\/v2\/posts\/15781\/revisions"}],"predecessor-version":[{"id":15787,"href":"https:\/\/lasentinelle.dz\/index.php\/wp-json\/wp\/v2\/posts\/15781\/revisions\/15787"}],"wp:featuredmedia":[{"embeddable":true,"href":"https:\/\/lasentinelle.dz\/index.php\/wp-json\/wp\/v2\/media\/15786"}],"wp:attachment":[{"href":"https:\/\/lasentinelle.dz\/index.php\/wp-json\/wp\/v2\/media?parent=15781"}],"wp:term":[{"taxonomy":"category","embeddable":true,"href":"https:\/\/lasentinelle.dz\/index.php\/wp-json\/wp\/v2\/categories?post=15781"},{"taxonomy":"post_tag","embeddable":true,"href":"https:\/\/lasentinelle.dz\/index.php\/wp-json\/wp\/v2\/tags?post=15781"}],"curies":[{"name":"wp","href":"https:\/\/api.w.org\/{rel}","templated":true}]}}