{"id":15793,"date":"2022-01-06T00:05:00","date_gmt":"2022-01-05T23:05:00","guid":{"rendered":"https:\/\/lasentinelle.dz\/?p=15793"},"modified":"2022-01-05T20:41:02","modified_gmt":"2022-01-05T19:41:02","slug":"lambassadeur-dalgerie-en-france-reprend-ses-fonctions-a-paris-algerie-france-le-degel","status":"publish","type":"post","link":"https:\/\/lasentinelle.dz\/index.php\/2022\/01\/06\/lambassadeur-dalgerie-en-france-reprend-ses-fonctions-a-paris-algerie-france-le-degel\/","title":{"rendered":"L\u2019ambassadeur d\u2019Alg\u00e9rie en France reprend ses fonctions \u00e0 Paris : Alg\u00e9rie-France : Le d\u00e9gel"},"content":{"rendered":"\n<p>Apr\u00e8s plus de trois mois d\u2019une crise diplomatique qui s\u2019est traduite par le rappel \u00e0 Alger de l\u2019ambassadeur d\u2019Alg\u00e9rie en France, les relations entre les deux pays semble s\u2019inscrire de nouveau dans la voie de la r\u00e9conciliation.<\/p>\n\n\n\n<p>L\u2019ambassadeur d\u2019Alg\u00e9rie en France, Mohamed Antar Daoud, doit reprendre ses fonctions, aujourd\u2019hui, \u00e0 Paris.&nbsp;Un communiqu\u00e9&nbsp;des services&nbsp;de la Pr\u00e9sidence de la R\u00e9publique&nbsp;a indiqu\u00e9 hier&nbsp;que le pr\u00e9sident de la R\u00e9publique, Abdelmadjid Tebboune, a re\u00e7u le m\u00eame jour l&rsquo;ambassadeur d&rsquo;Alg\u00e9rie en France, Mohamed Antar Daoud. \u00ab\u00a0Le Pr\u00e9sident de la R\u00e9publique, M. Abdelmadjid Tebboune, a re\u00e7u mercredi l&rsquo;ambassadeur d&rsquo;Alg\u00e9rie en France, Mohamed Antar Daoud, qui reprendra ses fonctions \u00e0 Paris \u00e0 partir de ce jeudi 06 janvier 2022\u00a0\u00bb, est-il \u00e9crit dans le&nbsp;communiqu\u00e9. Un retour qui signe d\u2019ailleurs un d\u00e9gel des relations alg\u00e9ro-fran\u00e7aises apr\u00e8s des tensions diplomatiques qui auront dur\u00e9 plus de trois mois. Un retour \u00e0 la normale qui avait \u00e9t\u00e9&nbsp;conditionn\u00e9 par le pr\u00e9sident de la&nbsp;R\u00e9publique,&nbsp;Abdelmadjid Tebboune, pour rappel&nbsp;&nbsp;par un respect total et in\u00e9luctable&nbsp;&nbsp;de l\u2019Alg\u00e9rie. \u00ab&nbsp;Le retour \u00e0 la normale des relations alg\u00e9ro-fran\u00e7aises est in\u00e9luctable, mais \u00e0 des conditions. L&rsquo;autre partie doit comprendre que le traitement d&rsquo;\u00e9gal \u00e0 \u00e9gal n&rsquo;est nullement une provocation, mais plut\u00f4t un garant de la souverainet\u00e9 d&rsquo;un pays, arrach\u00e9e au prix de 5.630.000 de martyrs tomb\u00e9s au champ d&rsquo;honneur entre 1830 et 1962&nbsp;\u00bb, avait pour rappel indiqu\u00e9 le pr\u00e9sident de la R\u00e9publique.<\/p>\n\n\n\n<p>Ainsi, le retour \u00e0 son poste de l&rsquo;ambassadeur signe&nbsp;&nbsp;le retour \u00e0 relation apr\u00e8s un arr\u00eat qui a dur\u00e9 depuis la d\u00e9t\u00e9rioration caus\u00e9e par les d\u00e9clarations du pr\u00e9sident fran\u00e7ais Emmanuel Macron&nbsp;en ce qui concerne l\u2019Histoire de l\u2019Alg\u00e9rie et des propos portant&nbsp;atteinte \u00e0&nbsp;la souverainet\u00e9&nbsp;de l\u2019Alg\u00e9rie. Des d\u00e9clarations qui ont fait r\u00e9agir les plus hautes autorit\u00e9s du pays \u00e0 leur t\u00eate le pr\u00e9sident de la&nbsp;R\u00e9publique qui a pris des mesures imm\u00e9diates. Celui-ci, apr\u00e8s avoir regrett\u00e9 ces propos, a d\u00e9cid\u00e9&nbsp;au d\u00e9but du mois d\u2019octobre dernier de rappeler \u00e0 Alger&nbsp;&nbsp;l\u2019ambassadeur&nbsp;d\u2019Alg\u00e9rie en France, Mohamed Antar Daoud, en sus de&nbsp;de fermer l&rsquo;espace a\u00e9rien national aux avions fran\u00e7ais intervenant au Sahel dans le cadre de l&rsquo;op\u00e9ration Barkhane.&nbsp;<\/p>\n\n\n\n<p>Le Pr\u00e9sident Tebboune avait alors sp\u00e9cifi\u00e9 que l\u2019Alg\u00e9rie ne fera pas le premier pas dans la voir du d\u00e9gel. La position alg\u00e9rienne a contraint les autorit\u00e9s fran\u00e7aises \u00e0 r\u00e9agir pour r\u00e9tablir les choses et ouvrir la voie \u00e0 un d\u00e9nouement. Les visites de repr\u00e9sentants de l&rsquo;Etat fran\u00e7ais se sont multipli\u00e9es tendant toutes \u00e0 corriger le \u00ab\u00a0tort\u00a0\u00bb et tenter de calmer la col\u00e8re du cot\u00e9 alg\u00e9rien.<\/p>\n\n\n\n<p>Ainsi au d\u00e9but du mois de novembre, \u00e0 la veille de la Conf\u00e9rence de Paris sur la Libye, que l\u2019Elys\u00e9e a publi\u00e9 un communiqu\u00e9 pour faire part des regrets du pr\u00e9sident fran\u00e7ais Emmanuel Macron, quant \u00ab&nbsp;aux pol\u00e9miques et les malentendus\u00a0\u00bb avec l&rsquo;Alg\u00e9rie et a affich\u00e9 son \u00a0\u00bb plus grand respect pour la nation alg\u00e9rienne\u00a0\u00bb et \u00ab\u00a0son histoire\u00a0\u00bb. Cependant, Alger et Paris n\u2019ont r\u00e9ellement repris langue qu\u2019\u00e0 la suite de la visite du chef de la diplomatie fran\u00e7aise, Jean-Yves Le Drian en Alg\u00e9rie le 8 d\u00e9cembre dernier. Une visite qui avait pour objectif de \u00ab\u00a0renouer une relation de confiance\u00a0\u00bb, marqu\u00e9e par le respect de la souverainet\u00e9 de chacun, exprimant son \u00ab\u00a0souhait\u00a0\u00bb de travailler \u00e0 \u00ab\u00a0lever les blocages et les malentendus qui peuvent exister entre les deux pays\u00a0\u00bb.<\/p>\n\n\n\n<p>Le chef de la diplomatie fran\u00e7aise&nbsp;avait alors&nbsp;\u00ab\u00a0exprim\u00e9 le souhait de travailler \u00e0 lever les blocages et les malentendus qui peuvent exister entre les deux pays\u00a0\u00bb, pr\u00e9cisant qu&rsquo;au cours des \u00e9changes, les deux parties ont convenu de reprendre certains axes de la coop\u00e9ration bilat\u00e9rale.&nbsp;\u00ab\u00a0Cela se traduira par la reprise d&rsquo;un dialogue op\u00e9rationnel entre partenaires sur les questions humaines et migratoires, et aussi par la reprise d&rsquo;un dialogue op\u00e9rationnel sur la lutte contre le terrorisme et par nos efforts communs pour assurer la s\u00e9curit\u00e9 de nos deux pays\u00a0\u00bb, a-t-il dit, exprimant aussi son \u00ab\u00a0souhait que le dialogue que nous relan\u00e7ons aujourd&rsquo;hui puisse conduire \u00e0 une reprise des \u00e9changes politiques entre nos deux gouvernements en 2022\u00a0\u00bb.<\/p>\n\n\n\n<p>Akli Amor&nbsp;&nbsp;<\/p>\n","protected":false},"excerpt":{"rendered":"<p>Apr\u00e8s plus de trois mois d\u2019une crise diplomatique qui s\u2019est traduite par le rappel \u00e0 Alger de l\u2019ambassadeur d\u2019Alg\u00e9rie en<\/p>\n","protected":false},"author":3,"featured_media":15794,"comment_status":"open","ping_status":"closed","sticky":false,"template":"","format":"standard","meta":{"colormag_page_container_layout":"default_layout","colormag_page_sidebar_layout":"default_layout","om_disable_all_campaigns":false,"_monsterinsights_skip_tracking":false,"_monsterinsights_sitenote_active":false,"_monsterinsights_sitenote_note":"","_monsterinsights_sitenote_category":0,"footnotes":"","_wpscppro_dont_share_socialmedia":false,"_wpscppro_custom_social_share_image":0,"_facebook_share_type":"","_twitter_share_type":"","_linkedin_share_type":"","_pinterest_share_type":"","_linkedin_share_type_page":"","_instagram_share_type":"","_medium_share_type":"","_threads_share_type":"","_google_business_share_type":"","_selected_social_profile":[],"_wpsp_enable_custom_social_template":false,"_wpsp_social_scheduling":{"enabled":false,"datetime":null,"platforms":[],"status":"template_only","dateOption":"today","timeOption":"now","customDays":"","customHours":"","customDate":"","customTime":"","schedulingType":"absolute"},"_wpsp_active_default_template":true},"categories":[52,27],"tags":[],"class_list":["post-15793","post","type-post","status-publish","format-standard","has-post-thumbnail","hentry","category-a-la-une","category-actualite"],"aioseo_notices":[],"yoast_head":"<!-- This site is optimized with the Yoast SEO plugin v27.5 - https:\/\/yoast.com\/product\/yoast-seo-wordpress\/ -->\n<title>L\u2019ambassadeur d\u2019Alg\u00e9rie en France reprend ses fonctions \u00e0 Paris : Alg\u00e9rie-France : Le d\u00e9gel - La Sentinelle<\/title>\n<meta name=\"robots\" content=\"index, follow, max-snippet:-1, max-image-preview:large, max-video-preview:-1\" \/>\n<link rel=\"canonical\" href=\"https:\/\/lasentinelle.dz\/index.php\/2022\/01\/06\/lambassadeur-dalgerie-en-france-reprend-ses-fonctions-a-paris-algerie-france-le-degel\/\" \/>\n<meta property=\"og:locale\" content=\"fr_FR\" \/>\n<meta property=\"og:type\" content=\"article\" \/>\n<meta property=\"og:title\" content=\"L\u2019ambassadeur d\u2019Alg\u00e9rie en France reprend ses fonctions \u00e0 Paris : Alg\u00e9rie-France : Le d\u00e9gel - La Sentinelle\" \/>\n<meta property=\"og:description\" content=\"Apr\u00e8s plus de trois mois d\u2019une crise diplomatique qui s\u2019est traduite par le rappel \u00e0 Alger de l\u2019ambassadeur d\u2019Alg\u00e9rie en\" \/>\n<meta property=\"og:url\" content=\"https:\/\/lasentinelle.dz\/index.php\/2022\/01\/06\/lambassadeur-dalgerie-en-france-reprend-ses-fonctions-a-paris-algerie-france-le-degel\/\" \/>\n<meta property=\"og:site_name\" content=\"La Sentinelle\" \/>\n<meta property=\"article:publisher\" content=\"https:\/\/www.facebook.com\/La-Sentinelle-104059864394773\" \/>\n<meta property=\"article:published_time\" content=\"2022-01-05T23:05:00+00:00\" \/>\n<meta property=\"og:image\" content=\"https:\/\/lasentinelle.dz\/wp-content\/uploads\/2022\/01\/tebboune-macron.png\" \/>\n\t<meta property=\"og:image:width\" content=\"1641\" \/>\n\t<meta property=\"og:image:height\" content=\"900\" \/>\n\t<meta property=\"og:image:type\" content=\"image\/png\" \/>\n<meta name=\"author\" content=\"La Sentinelle\" \/>\n<meta name=\"twitter:card\" content=\"summary_large_image\" \/>\n<meta name=\"twitter:label1\" content=\"\u00c9crit par\" \/>\n\t<meta name=\"twitter:data1\" content=\"La Sentinelle\" \/>\n\t<meta name=\"twitter:label2\" content=\"Dur\u00e9e de lecture estim\u00e9e\" \/>\n\t<meta name=\"twitter:data2\" content=\"3 minutes\" \/>\n<script type=\"application\/ld+json\" class=\"yoast-schema-graph\">{\"@context\":\"https:\\\/\\\/schema.org\",\"@graph\":[{\"@type\":\"Article\",\"@id\":\"https:\\\/\\\/lasentinelle.dz\\\/index.php\\\/2022\\\/01\\\/06\\\/lambassadeur-dalgerie-en-france-reprend-ses-fonctions-a-paris-algerie-france-le-degel\\\/#article\",\"isPartOf\":{\"@id\":\"https:\\\/\\\/lasentinelle.dz\\\/index.php\\\/2022\\\/01\\\/06\\\/lambassadeur-dalgerie-en-france-reprend-ses-fonctions-a-paris-algerie-france-le-degel\\\/\"},\"author\":{\"name\":\"La Sentinelle\",\"@id\":\"https:\\\/\\\/lasentinelle.dz\\\/#\\\/schema\\\/person\\\/d865044e22e70a75174ce8bcad3acfb3\"},\"headline\":\"L\u2019ambassadeur d\u2019Alg\u00e9rie en France reprend ses fonctions \u00e0 Paris : Alg\u00e9rie-France : Le d\u00e9gel\",\"datePublished\":\"2022-01-05T23:05:00+00:00\",\"mainEntityOfPage\":{\"@id\":\"https:\\\/\\\/lasentinelle.dz\\\/index.php\\\/2022\\\/01\\\/06\\\/lambassadeur-dalgerie-en-france-reprend-ses-fonctions-a-paris-algerie-france-le-degel\\\/\"},\"wordCount\":808,\"commentCount\":0,\"publisher\":{\"@id\":\"https:\\\/\\\/lasentinelle.dz\\\/#organization\"},\"image\":{\"@id\":\"https:\\\/\\\/lasentinelle.dz\\\/index.php\\\/2022\\\/01\\\/06\\\/lambassadeur-dalgerie-en-france-reprend-ses-fonctions-a-paris-algerie-france-le-degel\\\/#primaryimage\"},\"thumbnailUrl\":\"https:\\\/\\\/lasentinelle.dz\\\/wp-content\\\/uploads\\\/2022\\\/01\\\/tebboune-macron.png\",\"articleSection\":[\"\u00c0 la Une\",\"Actualit\u00e9\"],\"inLanguage\":\"fr-FR\",\"potentialAction\":[{\"@type\":\"CommentAction\",\"name\":\"Comment\",\"target\":[\"https:\\\/\\\/lasentinelle.dz\\\/index.php\\\/2022\\\/01\\\/06\\\/lambassadeur-dalgerie-en-france-reprend-ses-fonctions-a-paris-algerie-france-le-degel\\\/#respond\"]}]},{\"@type\":\"WebPage\",\"@id\":\"https:\\\/\\\/lasentinelle.dz\\\/index.php\\\/2022\\\/01\\\/06\\\/lambassadeur-dalgerie-en-france-reprend-ses-fonctions-a-paris-algerie-france-le-degel\\\/\",\"url\":\"https:\\\/\\\/lasentinelle.dz\\\/index.php\\\/2022\\\/01\\\/06\\\/lambassadeur-dalgerie-en-france-reprend-ses-fonctions-a-paris-algerie-france-le-degel\\\/\",\"name\":\"L\u2019ambassadeur d\u2019Alg\u00e9rie en France reprend ses fonctions \u00e0 Paris : Alg\u00e9rie-France : Le d\u00e9gel - La Sentinelle\",\"isPartOf\":{\"@id\":\"https:\\\/\\\/lasentinelle.dz\\\/#website\"},\"primaryImageOfPage\":{\"@id\":\"https:\\\/\\\/lasentinelle.dz\\\/index.php\\\/2022\\\/01\\\/06\\\/lambassadeur-dalgerie-en-france-reprend-ses-fonctions-a-paris-algerie-france-le-degel\\\/#primaryimage\"},\"image\":{\"@id\":\"https:\\\/\\\/lasentinelle.dz\\\/index.php\\\/2022\\\/01\\\/06\\\/lambassadeur-dalgerie-en-france-reprend-ses-fonctions-a-paris-algerie-france-le-degel\\\/#primaryimage\"},\"thumbnailUrl\":\"https:\\\/\\\/lasentinelle.dz\\\/wp-content\\\/uploads\\\/2022\\\/01\\\/tebboune-macron.png\",\"datePublished\":\"2022-01-05T23:05:00+00:00\",\"breadcrumb\":{\"@id\":\"https:\\\/\\\/lasentinelle.dz\\\/index.php\\\/2022\\\/01\\\/06\\\/lambassadeur-dalgerie-en-france-reprend-ses-fonctions-a-paris-algerie-france-le-degel\\\/#breadcrumb\"},\"inLanguage\":\"fr-FR\",\"potentialAction\":[{\"@type\":\"ReadAction\",\"target\":[\"https:\\\/\\\/lasentinelle.dz\\\/index.php\\\/2022\\\/01\\\/06\\\/lambassadeur-dalgerie-en-france-reprend-ses-fonctions-a-paris-algerie-france-le-degel\\\/\"]}]},{\"@type\":\"ImageObject\",\"inLanguage\":\"fr-FR\",\"@id\":\"https:\\\/\\\/lasentinelle.dz\\\/index.php\\\/2022\\\/01\\\/06\\\/lambassadeur-dalgerie-en-france-reprend-ses-fonctions-a-paris-algerie-france-le-degel\\\/#primaryimage\",\"url\":\"https:\\\/\\\/lasentinelle.dz\\\/wp-content\\\/uploads\\\/2022\\\/01\\\/tebboune-macron.png\",\"contentUrl\":\"https:\\\/\\\/lasentinelle.dz\\\/wp-content\\\/uploads\\\/2022\\\/01\\\/tebboune-macron.png\",\"width\":1641,\"height\":900},{\"@type\":\"BreadcrumbList\",\"@id\":\"https:\\\/\\\/lasentinelle.dz\\\/index.php\\\/2022\\\/01\\\/06\\\/lambassadeur-dalgerie-en-france-reprend-ses-fonctions-a-paris-algerie-france-le-degel\\\/#breadcrumb\",\"itemListElement\":[{\"@type\":\"ListItem\",\"position\":1,\"name\":\"Accueil\",\"item\":\"https:\\\/\\\/lasentinelle.dz\\\/\"},{\"@type\":\"ListItem\",\"position\":2,\"name\":\"L\u2019ambassadeur d\u2019Alg\u00e9rie en France reprend ses fonctions \u00e0 Paris : Alg\u00e9rie-France : Le d\u00e9gel\"}]},{\"@type\":\"WebSite\",\"@id\":\"https:\\\/\\\/lasentinelle.dz\\\/#website\",\"url\":\"https:\\\/\\\/lasentinelle.dz\\\/\",\"name\":\"La Sentinelle\",\"description\":\"Quotidien national d&#039;information\",\"publisher\":{\"@id\":\"https:\\\/\\\/lasentinelle.dz\\\/#organization\"},\"potentialAction\":[{\"@type\":\"SearchAction\",\"target\":{\"@type\":\"EntryPoint\",\"urlTemplate\":\"https:\\\/\\\/lasentinelle.dz\\\/?s={search_term_string}\"},\"query-input\":{\"@type\":\"PropertyValueSpecification\",\"valueRequired\":true,\"valueName\":\"search_term_string\"}}],\"inLanguage\":\"fr-FR\"},{\"@type\":\"Organization\",\"@id\":\"https:\\\/\\\/lasentinelle.dz\\\/#organization\",\"name\":\"Quotidien La Sentinelle\",\"url\":\"https:\\\/\\\/lasentinelle.dz\\\/\",\"logo\":{\"@type\":\"ImageObject\",\"inLanguage\":\"fr-FR\",\"@id\":\"https:\\\/\\\/lasentinelle.dz\\\/#\\\/schema\\\/logo\\\/image\\\/\",\"url\":\"https:\\\/\\\/lasentinelle.dz\\\/wp-content\\\/uploads\\\/2021\\\/09\\\/logo-sentinelleSLOGAN-1.png\",\"contentUrl\":\"https:\\\/\\\/lasentinelle.dz\\\/wp-content\\\/uploads\\\/2021\\\/09\\\/logo-sentinelleSLOGAN-1.png\",\"width\":615,\"height\":142,\"caption\":\"Quotidien La Sentinelle\"},\"image\":{\"@id\":\"https:\\\/\\\/lasentinelle.dz\\\/#\\\/schema\\\/logo\\\/image\\\/\"},\"sameAs\":[\"https:\\\/\\\/www.facebook.com\\\/La-Sentinelle-104059864394773\"]},{\"@type\":\"Person\",\"@id\":\"https:\\\/\\\/lasentinelle.dz\\\/#\\\/schema\\\/person\\\/d865044e22e70a75174ce8bcad3acfb3\",\"name\":\"La Sentinelle\",\"image\":{\"@type\":\"ImageObject\",\"inLanguage\":\"fr-FR\",\"@id\":\"https:\\\/\\\/secure.gravatar.com\\\/avatar\\\/57de8e5d4b15d43fb361a71fbb36338450fe67865b528a43dd10ef7c51a20392?s=96&d=mm&r=g\",\"url\":\"https:\\\/\\\/secure.gravatar.com\\\/avatar\\\/57de8e5d4b15d43fb361a71fbb36338450fe67865b528a43dd10ef7c51a20392?s=96&d=mm&r=g\",\"contentUrl\":\"https:\\\/\\\/secure.gravatar.com\\\/avatar\\\/57de8e5d4b15d43fb361a71fbb36338450fe67865b528a43dd10ef7c51a20392?s=96&d=mm&r=g\",\"caption\":\"La Sentinelle\"},\"sameAs\":[\"http:\\\/\\\/www.lasentinelle.dz\"],\"url\":\"https:\\\/\\\/lasentinelle.dz\\\/author\\\/redaction\\\/\"}]}<\/script>\n<!-- \/ Yoast SEO plugin. -->","yoast_head_json":{"title":"L\u2019ambassadeur d\u2019Alg\u00e9rie en France reprend ses fonctions \u00e0 Paris : Alg\u00e9rie-France : Le d\u00e9gel - La Sentinelle","robots":{"index":"index","follow":"follow","max-snippet":"max-snippet:-1","max-image-preview":"max-image-preview:large","max-video-preview":"max-video-preview:-1"},"canonical":"https:\/\/lasentinelle.dz\/index.php\/2022\/01\/06\/lambassadeur-dalgerie-en-france-reprend-ses-fonctions-a-paris-algerie-france-le-degel\/","og_locale":"fr_FR","og_type":"article","og_title":"L\u2019ambassadeur d\u2019Alg\u00e9rie en France reprend ses fonctions \u00e0 Paris : Alg\u00e9rie-France : Le d\u00e9gel - La Sentinelle","og_description":"Apr\u00e8s plus de trois mois d\u2019une crise diplomatique qui s\u2019est traduite par le rappel \u00e0 Alger de l\u2019ambassadeur d\u2019Alg\u00e9rie en","og_url":"https:\/\/lasentinelle.dz\/index.php\/2022\/01\/06\/lambassadeur-dalgerie-en-france-reprend-ses-fonctions-a-paris-algerie-france-le-degel\/","og_site_name":"La Sentinelle","article_publisher":"https:\/\/www.facebook.com\/La-Sentinelle-104059864394773","article_published_time":"2022-01-05T23:05:00+00:00","og_image":[{"width":1641,"height":900,"url":"https:\/\/lasentinelle.dz\/wp-content\/uploads\/2022\/01\/tebboune-macron.png","type":"image\/png"}],"author":"La Sentinelle","twitter_card":"summary_large_image","twitter_misc":{"\u00c9crit par":"La Sentinelle","Dur\u00e9e de lecture estim\u00e9e":"3 minutes"},"schema":{"@context":"https:\/\/schema.org","@graph":[{"@type":"Article","@id":"https:\/\/lasentinelle.dz\/index.php\/2022\/01\/06\/lambassadeur-dalgerie-en-france-reprend-ses-fonctions-a-paris-algerie-france-le-degel\/#article","isPartOf":{"@id":"https:\/\/lasentinelle.dz\/index.php\/2022\/01\/06\/lambassadeur-dalgerie-en-france-reprend-ses-fonctions-a-paris-algerie-france-le-degel\/"},"author":{"name":"La Sentinelle","@id":"https:\/\/lasentinelle.dz\/#\/schema\/person\/d865044e22e70a75174ce8bcad3acfb3"},"headline":"L\u2019ambassadeur d\u2019Alg\u00e9rie en France reprend ses fonctions \u00e0 Paris : Alg\u00e9rie-France : Le d\u00e9gel","datePublished":"2022-01-05T23:05:00+00:00","mainEntityOfPage":{"@id":"https:\/\/lasentinelle.dz\/index.php\/2022\/01\/06\/lambassadeur-dalgerie-en-france-reprend-ses-fonctions-a-paris-algerie-france-le-degel\/"},"wordCount":808,"commentCount":0,"publisher":{"@id":"https:\/\/lasentinelle.dz\/#organization"},"image":{"@id":"https:\/\/lasentinelle.dz\/index.php\/2022\/01\/06\/lambassadeur-dalgerie-en-france-reprend-ses-fonctions-a-paris-algerie-france-le-degel\/#primaryimage"},"thumbnailUrl":"https:\/\/lasentinelle.dz\/wp-content\/uploads\/2022\/01\/tebboune-macron.png","articleSection":["\u00c0 la Une","Actualit\u00e9"],"inLanguage":"fr-FR","potentialAction":[{"@type":"CommentAction","name":"Comment","target":["https:\/\/lasentinelle.dz\/index.php\/2022\/01\/06\/lambassadeur-dalgerie-en-france-reprend-ses-fonctions-a-paris-algerie-france-le-degel\/#respond"]}]},{"@type":"WebPage","@id":"https:\/\/lasentinelle.dz\/index.php\/2022\/01\/06\/lambassadeur-dalgerie-en-france-reprend-ses-fonctions-a-paris-algerie-france-le-degel\/","url":"https:\/\/lasentinelle.dz\/index.php\/2022\/01\/06\/lambassadeur-dalgerie-en-france-reprend-ses-fonctions-a-paris-algerie-france-le-degel\/","name":"L\u2019ambassadeur d\u2019Alg\u00e9rie en France reprend ses fonctions \u00e0 Paris : Alg\u00e9rie-France : Le d\u00e9gel - La Sentinelle","isPartOf":{"@id":"https:\/\/lasentinelle.dz\/#website"},"primaryImageOfPage":{"@id":"https:\/\/lasentinelle.dz\/index.php\/2022\/01\/06\/lambassadeur-dalgerie-en-france-reprend-ses-fonctions-a-paris-algerie-france-le-degel\/#primaryimage"},"image":{"@id":"https:\/\/lasentinelle.dz\/index.php\/2022\/01\/06\/lambassadeur-dalgerie-en-france-reprend-ses-fonctions-a-paris-algerie-france-le-degel\/#primaryimage"},"thumbnailUrl":"https:\/\/lasentinelle.dz\/wp-content\/uploads\/2022\/01\/tebboune-macron.png","datePublished":"2022-01-05T23:05:00+00:00","breadcrumb":{"@id":"https:\/\/lasentinelle.dz\/index.php\/2022\/01\/06\/lambassadeur-dalgerie-en-france-reprend-ses-fonctions-a-paris-algerie-france-le-degel\/#breadcrumb"},"inLanguage":"fr-FR","potentialAction":[{"@type":"ReadAction","target":["https:\/\/lasentinelle.dz\/index.php\/2022\/01\/06\/lambassadeur-dalgerie-en-france-reprend-ses-fonctions-a-paris-algerie-france-le-degel\/"]}]},{"@type":"ImageObject","inLanguage":"fr-FR","@id":"https:\/\/lasentinelle.dz\/index.php\/2022\/01\/06\/lambassadeur-dalgerie-en-france-reprend-ses-fonctions-a-paris-algerie-france-le-degel\/#primaryimage","url":"https:\/\/lasentinelle.dz\/wp-content\/uploads\/2022\/01\/tebboune-macron.png","contentUrl":"https:\/\/lasentinelle.dz\/wp-content\/uploads\/2022\/01\/tebboune-macron.png","width":1641,"height":900},{"@type":"BreadcrumbList","@id":"https:\/\/lasentinelle.dz\/index.php\/2022\/01\/06\/lambassadeur-dalgerie-en-france-reprend-ses-fonctions-a-paris-algerie-france-le-degel\/#breadcrumb","itemListElement":[{"@type":"ListItem","position":1,"name":"Accueil","item":"https:\/\/lasentinelle.dz\/"},{"@type":"ListItem","position":2,"name":"L\u2019ambassadeur d\u2019Alg\u00e9rie en France reprend ses fonctions \u00e0 Paris : Alg\u00e9rie-France : Le d\u00e9gel"}]},{"@type":"WebSite","@id":"https:\/\/lasentinelle.dz\/#website","url":"https:\/\/lasentinelle.dz\/","name":"La Sentinelle","description":"Quotidien national d&#039;information","publisher":{"@id":"https:\/\/lasentinelle.dz\/#organization"},"potentialAction":[{"@type":"SearchAction","target":{"@type":"EntryPoint","urlTemplate":"https:\/\/lasentinelle.dz\/?s={search_term_string}"},"query-input":{"@type":"PropertyValueSpecification","valueRequired":true,"valueName":"search_term_string"}}],"inLanguage":"fr-FR"},{"@type":"Organization","@id":"https:\/\/lasentinelle.dz\/#organization","name":"Quotidien La Sentinelle","url":"https:\/\/lasentinelle.dz\/","logo":{"@type":"ImageObject","inLanguage":"fr-FR","@id":"https:\/\/lasentinelle.dz\/#\/schema\/logo\/image\/","url":"https:\/\/lasentinelle.dz\/wp-content\/uploads\/2021\/09\/logo-sentinelleSLOGAN-1.png","contentUrl":"https:\/\/lasentinelle.dz\/wp-content\/uploads\/2021\/09\/logo-sentinelleSLOGAN-1.png","width":615,"height":142,"caption":"Quotidien La Sentinelle"},"image":{"@id":"https:\/\/lasentinelle.dz\/#\/schema\/logo\/image\/"},"sameAs":["https:\/\/www.facebook.com\/La-Sentinelle-104059864394773"]},{"@type":"Person","@id":"https:\/\/lasentinelle.dz\/#\/schema\/person\/d865044e22e70a75174ce8bcad3acfb3","name":"La Sentinelle","image":{"@type":"ImageObject","inLanguage":"fr-FR","@id":"https:\/\/secure.gravatar.com\/avatar\/57de8e5d4b15d43fb361a71fbb36338450fe67865b528a43dd10ef7c51a20392?s=96&d=mm&r=g","url":"https:\/\/secure.gravatar.com\/avatar\/57de8e5d4b15d43fb361a71fbb36338450fe67865b528a43dd10ef7c51a20392?s=96&d=mm&r=g","contentUrl":"https:\/\/secure.gravatar.com\/avatar\/57de8e5d4b15d43fb361a71fbb36338450fe67865b528a43dd10ef7c51a20392?s=96&d=mm&r=g","caption":"La Sentinelle"},"sameAs":["http:\/\/www.lasentinelle.dz"],"url":"https:\/\/lasentinelle.dz\/author\/redaction\/"}]}},"_links":{"self":[{"href":"https:\/\/lasentinelle.dz\/index.php\/wp-json\/wp\/v2\/posts\/15793","targetHints":{"allow":["GET"]}}],"collection":[{"href":"https:\/\/lasentinelle.dz\/index.php\/wp-json\/wp\/v2\/posts"}],"about":[{"href":"https:\/\/lasentinelle.dz\/index.php\/wp-json\/wp\/v2\/types\/post"}],"author":[{"embeddable":true,"href":"https:\/\/lasentinelle.dz\/index.php\/wp-json\/wp\/v2\/users\/3"}],"replies":[{"embeddable":true,"href":"https:\/\/lasentinelle.dz\/index.php\/wp-json\/wp\/v2\/comments?post=15793"}],"version-history":[{"count":1,"href":"https:\/\/lasentinelle.dz\/index.php\/wp-json\/wp\/v2\/posts\/15793\/revisions"}],"predecessor-version":[{"id":15795,"href":"https:\/\/lasentinelle.dz\/index.php\/wp-json\/wp\/v2\/posts\/15793\/revisions\/15795"}],"wp:featuredmedia":[{"embeddable":true,"href":"https:\/\/lasentinelle.dz\/index.php\/wp-json\/wp\/v2\/media\/15794"}],"wp:attachment":[{"href":"https:\/\/lasentinelle.dz\/index.php\/wp-json\/wp\/v2\/media?parent=15793"}],"wp:term":[{"taxonomy":"category","embeddable":true,"href":"https:\/\/lasentinelle.dz\/index.php\/wp-json\/wp\/v2\/categories?post=15793"},{"taxonomy":"post_tag","embeddable":true,"href":"https:\/\/lasentinelle.dz\/index.php\/wp-json\/wp\/v2\/tags?post=15793"}],"curies":[{"name":"wp","href":"https:\/\/api.w.org\/{rel}","templated":true}]}}