{"id":15803,"date":"2022-01-09T00:05:00","date_gmt":"2022-01-08T23:05:00","guid":{"rendered":"https:\/\/lasentinelle.dz\/?p=15803"},"modified":"2022-01-08T20:33:04","modified_gmt":"2022-01-08T19:33:04","slug":"ecole-superieure-de-guerre-chanegriha-met-en-avant-les-defis-securitaires-a-relever","status":"publish","type":"post","link":"https:\/\/lasentinelle.dz\/index.php\/2022\/01\/09\/ecole-superieure-de-guerre-chanegriha-met-en-avant-les-defis-securitaires-a-relever\/","title":{"rendered":"\u00c9cole sup\u00e9rieure de guerre : Chanegriha met en avant les d\u00e9fis s\u00e9curitaires \u00e0 relever"},"content":{"rendered":"\n<p>Le Chef de l\u2019\u00c9tat-major de l\u2019ANP,&nbsp;le G\u00e9n\u00e9ral de Corps d\u2019Arm\u00e9e&nbsp;Said Chengriha, a mis l\u2019accent&nbsp;jeudi&nbsp;sur l\u2019int\u00e9r\u00eat accord\u00e9 par le Haut commandement de l\u2019arm\u00e9e \u00e0 l\u2019appareil de formation, en g\u00e9n\u00e9ral et \u00e0 l\u2019\u00c9cole sup\u00e9rieure&nbsp;de guerre en particulier, laquelle&nbsp;\u00ab est investie d\u2019une mission hautement vitale au regard du contexte international et r\u00e9gional particulier visant \u00e0 cr\u00e9er des foyers de tensions dans la sous r\u00e9gion \u00bb.<\/p>\n\n\n\n<p>Ayant pr\u00e9sid\u00e9 les travaux de la 15e session du Conseil d\u2019orientation de cette \u00e9cole sup\u00e9rieure de guerre, le g\u00e9n\u00e9ral de corps d\u2019arm\u00e9e et chef d\u2019\u00e9tat de l\u2019ANP avait soulign\u00e9 selon&nbsp;un&nbsp;communiqu\u00e9 du&nbsp;minist\u00e8re de la D\u00e9fense nationale&nbsp;que \u00ab le Haut commandement de l\u2019ANP, veille, sous la conduite de Monsieur le pr\u00e9sident de la R\u00e9publique, chef supr\u00eame des arm\u00e9es et ministre de la d\u00e9fense nationale, \u00e0 accorder&nbsp;&nbsp;tout l\u2019int\u00e9r\u00eat voulu \u00e0 notre appareil de formation, en g\u00e9n\u00e9ral et \u00e0 l\u2019Ecole sup\u00e9rieur de guerre en particulier \u00bb et ce \u00ab en ce qu\u2019elle est investie d\u2019une mission hautement vitale, qui consiste \u00e0 d\u00e9velopper les capacit\u00e9s des officiers sup\u00e9rieurs, notamment en termes d\u2019assimilation des donn\u00e9es strat\u00e9giques, technologiques et humaines, se rapportant au domaine de la d\u00e9fense et de la s\u00e9curit\u00e9 nationale et de les qualifier \u00e0 occuper des postes sup\u00e9rieurs au sein du commandement op\u00e9rationnel \u00bb.<\/p>\n\n\n\n<p>Le chef de l\u2019\u00c9tat-major de l\u2019ANP a en ce sens mis l\u2019accent sur \u00ab la sensibilit\u00e9 de la mission qui incombe \u00e0 l\u2019Ecole&nbsp;&nbsp;sup\u00e9rieure de guerre, au regard des \u00e9v\u00e9nements internationaux et du contexte r\u00e9gional particulier que traverse la sous- r\u00e9gion \u00bb, pr\u00e9cisant dans le m\u00eame sillage qu\u2019 \u00ab en effet cette mission est aussi sensible que vitale pour l\u2019ANP, au regard des \u00e9v\u00e9nements internationaux et du contexte r\u00e9gional particulier que nous traversons ces deniers temps, \u00e0 l\u2019aune des man\u0153uvres que m\u00e8nent les ennemis des peuples, visant \u00e0 cr\u00e9er des foyers de tensions dans la sous-r\u00e9gion visant de ses Etats et la spoliation de leurs ressources naturelle \u00bb.&nbsp;Soit, est-il indiqu\u00e9 \u00ab sous le couvert d\u2019organisations non gouvernementales (ONG) et de multinationales qui exercent le chantage et la pression pour s\u2019ing\u00e9rer dans les affaires internes de ses Etats \u00bb.&nbsp;A ce cela, pr\u00e9cise le chef de l\u2019\u00c9tat-major de l\u2019ANP \u00ab s\u2019ajoutent les mutations profondes op\u00e9r\u00e9es sur les caract\u00e9ristiques des guerres modernes, qui sont men\u00e9es, d\u00e9sormais, par procuration ou par le recours \u00e0 des organismes militaires priv\u00e9s, \u00e0 des organisations terroristes subversives, \u00e0 la criminalit\u00e9 organis\u00e9e et \u00e0 l\u2019emploi de la drogue comme arme \u00bb, relevant que \u00ab de plus, il est fait appel, \u00e0 la manipulation de l\u2019opinion publique, \u00e0 travers la propagande tendancieuse, visant \u00e0 \u00e9branler le moral des populations, \u00e0 semer la discorde et \u00e0 attiser les conflits entre ses composantes ethniques, religieuses et tribales, de m\u00eame aux diff\u00e9rentes formes d\u2019op\u00e9rations militaires hybrides, visant \u00e0 la destruction des Etats et le renversement de leurs r\u00e9gimes \u00bb.<\/p>\n\n\n\n<p>C\u2019est en ce sens que le&nbsp;G\u00e9n\u00e9ral de corps d\u2019Arm\u00e9e, Said&nbsp;a donn\u00e9 des instructions aux responsables de cette \u00e9cole, \u00e0 l\u2019effet de d\u00e9ployer plus d\u2019efforts afin de s\u2019adapter&nbsp;&nbsp;\u00e0 toutes les mutations, \u00e0 relever les d\u00e9fis et \u00e0 remporter l\u2019enjeu du monde d\u2019aujourd\u2019hui, en l\u2019occurrence la sauvegarde de la souverainet\u00e9 du pays et la pr\u00e9servation de sa s\u00e9curit\u00e9 et de sa stabilit\u00e9.&nbsp;&nbsp;\u00ab Aussi, vous appartient-il en tant que responsables de cette \u00e9cole, de consentir davantage d\u2019efforts, pour adapter les programmes d\u2019enseignement dispens\u00e9s aux \u00e9volutions sus \u00e9voqu\u00e9es et aux grandes avanc\u00e9es technologiques enregistr\u00e9es dans diff\u00e9rents armements et syst\u00e8me d\u2019armes \u00bb, a soulign\u00e9 le&nbsp;Chef de l\u2019\u00c9tat-major de l\u2019ANP, expliquant qu\u2019 \u00ab en r\u00e9volutionnant les m\u00e9thodes de combats et tactiques de la bataille moderne, ces nouveaux syst\u00e8mes ont chang\u00e9 le cours des guerres \u00bb, d\u2019o\u00f9, dit-il \u00ab la n\u00e9cessit\u00e9 de relever les d\u00e9fis et de remporter l\u2019enjeu du monde aujourd\u2019hui qui consiste en la sauvegarde de la souverainet\u00e9 de notre pays et de la pr\u00e9servation de sa s\u00e9curit\u00e9 et sa stabilit\u00e9 \u00bb.<\/p>\n\n\n\n<p><strong>Boubekeur Amrani&nbsp;&nbsp;&nbsp;<\/strong><\/p>\n","protected":false},"excerpt":{"rendered":"<p>Le Chef de l\u2019\u00c9tat-major de l\u2019ANP,&nbsp;le G\u00e9n\u00e9ral de Corps d\u2019Arm\u00e9e&nbsp;Said Chengriha, a mis l\u2019accent&nbsp;jeudi&nbsp;sur l\u2019int\u00e9r\u00eat accord\u00e9 par le Haut commandement<\/p>\n","protected":false},"author":3,"featured_media":15805,"comment_status":"open","ping_status":"closed","sticky":false,"template":"","format":"standard","meta":{"colormag_page_container_layout":"default_layout","colormag_page_sidebar_layout":"default_layout","om_disable_all_campaigns":false,"_monsterinsights_skip_tracking":false,"_monsterinsights_sitenote_active":false,"_monsterinsights_sitenote_note":"","_monsterinsights_sitenote_category":0,"footnotes":"","_wpscppro_dont_share_socialmedia":false,"_wpscppro_custom_social_share_image":0,"_facebook_share_type":"","_twitter_share_type":"","_linkedin_share_type":"","_pinterest_share_type":"","_linkedin_share_type_page":"","_instagram_share_type":"","_medium_share_type":"","_threads_share_type":"","_google_business_share_type":"","_selected_social_profile":[],"_wpsp_enable_custom_social_template":false,"_wpsp_social_scheduling":{"enabled":false,"datetime":null,"platforms":[],"status":"template_only","dateOption":"today","timeOption":"now","customDays":"","customHours":"","customDate":"","customTime":"","schedulingType":"absolute"},"_wpsp_active_default_template":true},"categories":[52,27],"tags":[],"class_list":["post-15803","post","type-post","status-publish","format-standard","has-post-thumbnail","hentry","category-a-la-une","category-actualite"],"aioseo_notices":[],"yoast_head":"<!-- This site is optimized with the Yoast SEO plugin v27.5 - https:\/\/yoast.com\/product\/yoast-seo-wordpress\/ -->\n<title>\u00c9cole sup\u00e9rieure de guerre : Chanegriha met en avant les d\u00e9fis s\u00e9curitaires \u00e0 relever - La Sentinelle<\/title>\n<meta name=\"robots\" content=\"index, follow, max-snippet:-1, max-image-preview:large, max-video-preview:-1\" \/>\n<link rel=\"canonical\" href=\"https:\/\/lasentinelle.dz\/index.php\/2022\/01\/09\/ecole-superieure-de-guerre-chanegriha-met-en-avant-les-defis-securitaires-a-relever\/\" \/>\n<meta property=\"og:locale\" content=\"fr_FR\" \/>\n<meta property=\"og:type\" content=\"article\" \/>\n<meta property=\"og:title\" content=\"\u00c9cole sup\u00e9rieure de guerre : Chanegriha met en avant les d\u00e9fis s\u00e9curitaires \u00e0 relever - La Sentinelle\" \/>\n<meta property=\"og:description\" content=\"Le Chef de l\u2019\u00c9tat-major de l\u2019ANP,&nbsp;le G\u00e9n\u00e9ral de Corps d\u2019Arm\u00e9e&nbsp;Said Chengriha, a mis l\u2019accent&nbsp;jeudi&nbsp;sur l\u2019int\u00e9r\u00eat accord\u00e9 par le Haut commandement\" \/>\n<meta property=\"og:url\" content=\"https:\/\/lasentinelle.dz\/index.php\/2022\/01\/09\/ecole-superieure-de-guerre-chanegriha-met-en-avant-les-defis-securitaires-a-relever\/\" \/>\n<meta property=\"og:site_name\" content=\"La Sentinelle\" \/>\n<meta property=\"article:publisher\" content=\"https:\/\/www.facebook.com\/La-Sentinelle-104059864394773\" \/>\n<meta property=\"article:published_time\" content=\"2022-01-08T23:05:00+00:00\" \/>\n<meta property=\"og:image\" content=\"https:\/\/lasentinelle.dz\/wp-content\/uploads\/2022\/01\/chanegriha.png\" \/>\n\t<meta property=\"og:image:width\" content=\"1184\" \/>\n\t<meta property=\"og:image:height\" content=\"900\" \/>\n\t<meta property=\"og:image:type\" content=\"image\/png\" \/>\n<meta name=\"author\" content=\"La Sentinelle\" \/>\n<meta name=\"twitter:card\" content=\"summary_large_image\" \/>\n<meta name=\"twitter:label1\" content=\"\u00c9crit par\" \/>\n\t<meta name=\"twitter:data1\" content=\"La Sentinelle\" \/>\n\t<meta name=\"twitter:label2\" content=\"Dur\u00e9e de lecture estim\u00e9e\" \/>\n\t<meta name=\"twitter:data2\" content=\"3 minutes\" \/>\n<script type=\"application\/ld+json\" class=\"yoast-schema-graph\">{\"@context\":\"https:\\\/\\\/schema.org\",\"@graph\":[{\"@type\":\"Article\",\"@id\":\"https:\\\/\\\/lasentinelle.dz\\\/index.php\\\/2022\\\/01\\\/09\\\/ecole-superieure-de-guerre-chanegriha-met-en-avant-les-defis-securitaires-a-relever\\\/#article\",\"isPartOf\":{\"@id\":\"https:\\\/\\\/lasentinelle.dz\\\/index.php\\\/2022\\\/01\\\/09\\\/ecole-superieure-de-guerre-chanegriha-met-en-avant-les-defis-securitaires-a-relever\\\/\"},\"author\":{\"name\":\"La Sentinelle\",\"@id\":\"https:\\\/\\\/lasentinelle.dz\\\/#\\\/schema\\\/person\\\/d865044e22e70a75174ce8bcad3acfb3\"},\"headline\":\"\u00c9cole sup\u00e9rieure de guerre : Chanegriha met en avant les d\u00e9fis s\u00e9curitaires \u00e0 relever\",\"datePublished\":\"2022-01-08T23:05:00+00:00\",\"mainEntityOfPage\":{\"@id\":\"https:\\\/\\\/lasentinelle.dz\\\/index.php\\\/2022\\\/01\\\/09\\\/ecole-superieure-de-guerre-chanegriha-met-en-avant-les-defis-securitaires-a-relever\\\/\"},\"wordCount\":772,\"commentCount\":0,\"publisher\":{\"@id\":\"https:\\\/\\\/lasentinelle.dz\\\/#organization\"},\"image\":{\"@id\":\"https:\\\/\\\/lasentinelle.dz\\\/index.php\\\/2022\\\/01\\\/09\\\/ecole-superieure-de-guerre-chanegriha-met-en-avant-les-defis-securitaires-a-relever\\\/#primaryimage\"},\"thumbnailUrl\":\"https:\\\/\\\/lasentinelle.dz\\\/wp-content\\\/uploads\\\/2022\\\/01\\\/chanegriha.png\",\"articleSection\":[\"\u00c0 la Une\",\"Actualit\u00e9\"],\"inLanguage\":\"fr-FR\",\"potentialAction\":[{\"@type\":\"CommentAction\",\"name\":\"Comment\",\"target\":[\"https:\\\/\\\/lasentinelle.dz\\\/index.php\\\/2022\\\/01\\\/09\\\/ecole-superieure-de-guerre-chanegriha-met-en-avant-les-defis-securitaires-a-relever\\\/#respond\"]}]},{\"@type\":\"WebPage\",\"@id\":\"https:\\\/\\\/lasentinelle.dz\\\/index.php\\\/2022\\\/01\\\/09\\\/ecole-superieure-de-guerre-chanegriha-met-en-avant-les-defis-securitaires-a-relever\\\/\",\"url\":\"https:\\\/\\\/lasentinelle.dz\\\/index.php\\\/2022\\\/01\\\/09\\\/ecole-superieure-de-guerre-chanegriha-met-en-avant-les-defis-securitaires-a-relever\\\/\",\"name\":\"\u00c9cole sup\u00e9rieure de guerre : Chanegriha met en avant les d\u00e9fis s\u00e9curitaires \u00e0 relever - La Sentinelle\",\"isPartOf\":{\"@id\":\"https:\\\/\\\/lasentinelle.dz\\\/#website\"},\"primaryImageOfPage\":{\"@id\":\"https:\\\/\\\/lasentinelle.dz\\\/index.php\\\/2022\\\/01\\\/09\\\/ecole-superieure-de-guerre-chanegriha-met-en-avant-les-defis-securitaires-a-relever\\\/#primaryimage\"},\"image\":{\"@id\":\"https:\\\/\\\/lasentinelle.dz\\\/index.php\\\/2022\\\/01\\\/09\\\/ecole-superieure-de-guerre-chanegriha-met-en-avant-les-defis-securitaires-a-relever\\\/#primaryimage\"},\"thumbnailUrl\":\"https:\\\/\\\/lasentinelle.dz\\\/wp-content\\\/uploads\\\/2022\\\/01\\\/chanegriha.png\",\"datePublished\":\"2022-01-08T23:05:00+00:00\",\"breadcrumb\":{\"@id\":\"https:\\\/\\\/lasentinelle.dz\\\/index.php\\\/2022\\\/01\\\/09\\\/ecole-superieure-de-guerre-chanegriha-met-en-avant-les-defis-securitaires-a-relever\\\/#breadcrumb\"},\"inLanguage\":\"fr-FR\",\"potentialAction\":[{\"@type\":\"ReadAction\",\"target\":[\"https:\\\/\\\/lasentinelle.dz\\\/index.php\\\/2022\\\/01\\\/09\\\/ecole-superieure-de-guerre-chanegriha-met-en-avant-les-defis-securitaires-a-relever\\\/\"]}]},{\"@type\":\"ImageObject\",\"inLanguage\":\"fr-FR\",\"@id\":\"https:\\\/\\\/lasentinelle.dz\\\/index.php\\\/2022\\\/01\\\/09\\\/ecole-superieure-de-guerre-chanegriha-met-en-avant-les-defis-securitaires-a-relever\\\/#primaryimage\",\"url\":\"https:\\\/\\\/lasentinelle.dz\\\/wp-content\\\/uploads\\\/2022\\\/01\\\/chanegriha.png\",\"contentUrl\":\"https:\\\/\\\/lasentinelle.dz\\\/wp-content\\\/uploads\\\/2022\\\/01\\\/chanegriha.png\",\"width\":1184,\"height\":900},{\"@type\":\"BreadcrumbList\",\"@id\":\"https:\\\/\\\/lasentinelle.dz\\\/index.php\\\/2022\\\/01\\\/09\\\/ecole-superieure-de-guerre-chanegriha-met-en-avant-les-defis-securitaires-a-relever\\\/#breadcrumb\",\"itemListElement\":[{\"@type\":\"ListItem\",\"position\":1,\"name\":\"Accueil\",\"item\":\"https:\\\/\\\/lasentinelle.dz\\\/\"},{\"@type\":\"ListItem\",\"position\":2,\"name\":\"\u00c9cole sup\u00e9rieure de guerre : Chanegriha met en avant les d\u00e9fis s\u00e9curitaires \u00e0 relever\"}]},{\"@type\":\"WebSite\",\"@id\":\"https:\\\/\\\/lasentinelle.dz\\\/#website\",\"url\":\"https:\\\/\\\/lasentinelle.dz\\\/\",\"name\":\"La Sentinelle\",\"description\":\"Quotidien national d&#039;information\",\"publisher\":{\"@id\":\"https:\\\/\\\/lasentinelle.dz\\\/#organization\"},\"potentialAction\":[{\"@type\":\"SearchAction\",\"target\":{\"@type\":\"EntryPoint\",\"urlTemplate\":\"https:\\\/\\\/lasentinelle.dz\\\/?s={search_term_string}\"},\"query-input\":{\"@type\":\"PropertyValueSpecification\",\"valueRequired\":true,\"valueName\":\"search_term_string\"}}],\"inLanguage\":\"fr-FR\"},{\"@type\":\"Organization\",\"@id\":\"https:\\\/\\\/lasentinelle.dz\\\/#organization\",\"name\":\"Quotidien La Sentinelle\",\"url\":\"https:\\\/\\\/lasentinelle.dz\\\/\",\"logo\":{\"@type\":\"ImageObject\",\"inLanguage\":\"fr-FR\",\"@id\":\"https:\\\/\\\/lasentinelle.dz\\\/#\\\/schema\\\/logo\\\/image\\\/\",\"url\":\"https:\\\/\\\/lasentinelle.dz\\\/wp-content\\\/uploads\\\/2021\\\/09\\\/logo-sentinelleSLOGAN-1.png\",\"contentUrl\":\"https:\\\/\\\/lasentinelle.dz\\\/wp-content\\\/uploads\\\/2021\\\/09\\\/logo-sentinelleSLOGAN-1.png\",\"width\":615,\"height\":142,\"caption\":\"Quotidien La Sentinelle\"},\"image\":{\"@id\":\"https:\\\/\\\/lasentinelle.dz\\\/#\\\/schema\\\/logo\\\/image\\\/\"},\"sameAs\":[\"https:\\\/\\\/www.facebook.com\\\/La-Sentinelle-104059864394773\"]},{\"@type\":\"Person\",\"@id\":\"https:\\\/\\\/lasentinelle.dz\\\/#\\\/schema\\\/person\\\/d865044e22e70a75174ce8bcad3acfb3\",\"name\":\"La Sentinelle\",\"image\":{\"@type\":\"ImageObject\",\"inLanguage\":\"fr-FR\",\"@id\":\"https:\\\/\\\/secure.gravatar.com\\\/avatar\\\/57de8e5d4b15d43fb361a71fbb36338450fe67865b528a43dd10ef7c51a20392?s=96&d=mm&r=g\",\"url\":\"https:\\\/\\\/secure.gravatar.com\\\/avatar\\\/57de8e5d4b15d43fb361a71fbb36338450fe67865b528a43dd10ef7c51a20392?s=96&d=mm&r=g\",\"contentUrl\":\"https:\\\/\\\/secure.gravatar.com\\\/avatar\\\/57de8e5d4b15d43fb361a71fbb36338450fe67865b528a43dd10ef7c51a20392?s=96&d=mm&r=g\",\"caption\":\"La Sentinelle\"},\"sameAs\":[\"http:\\\/\\\/www.lasentinelle.dz\"],\"url\":\"https:\\\/\\\/lasentinelle.dz\\\/author\\\/redaction\\\/\"}]}<\/script>\n<!-- \/ Yoast SEO plugin. -->","yoast_head_json":{"title":"\u00c9cole sup\u00e9rieure de guerre : Chanegriha met en avant les d\u00e9fis s\u00e9curitaires \u00e0 relever - La Sentinelle","robots":{"index":"index","follow":"follow","max-snippet":"max-snippet:-1","max-image-preview":"max-image-preview:large","max-video-preview":"max-video-preview:-1"},"canonical":"https:\/\/lasentinelle.dz\/index.php\/2022\/01\/09\/ecole-superieure-de-guerre-chanegriha-met-en-avant-les-defis-securitaires-a-relever\/","og_locale":"fr_FR","og_type":"article","og_title":"\u00c9cole sup\u00e9rieure de guerre : Chanegriha met en avant les d\u00e9fis s\u00e9curitaires \u00e0 relever - La Sentinelle","og_description":"Le Chef de l\u2019\u00c9tat-major de l\u2019ANP,&nbsp;le G\u00e9n\u00e9ral de Corps d\u2019Arm\u00e9e&nbsp;Said Chengriha, a mis l\u2019accent&nbsp;jeudi&nbsp;sur l\u2019int\u00e9r\u00eat accord\u00e9 par le Haut commandement","og_url":"https:\/\/lasentinelle.dz\/index.php\/2022\/01\/09\/ecole-superieure-de-guerre-chanegriha-met-en-avant-les-defis-securitaires-a-relever\/","og_site_name":"La Sentinelle","article_publisher":"https:\/\/www.facebook.com\/La-Sentinelle-104059864394773","article_published_time":"2022-01-08T23:05:00+00:00","og_image":[{"width":1184,"height":900,"url":"https:\/\/lasentinelle.dz\/wp-content\/uploads\/2022\/01\/chanegriha.png","type":"image\/png"}],"author":"La Sentinelle","twitter_card":"summary_large_image","twitter_misc":{"\u00c9crit par":"La Sentinelle","Dur\u00e9e de lecture estim\u00e9e":"3 minutes"},"schema":{"@context":"https:\/\/schema.org","@graph":[{"@type":"Article","@id":"https:\/\/lasentinelle.dz\/index.php\/2022\/01\/09\/ecole-superieure-de-guerre-chanegriha-met-en-avant-les-defis-securitaires-a-relever\/#article","isPartOf":{"@id":"https:\/\/lasentinelle.dz\/index.php\/2022\/01\/09\/ecole-superieure-de-guerre-chanegriha-met-en-avant-les-defis-securitaires-a-relever\/"},"author":{"name":"La Sentinelle","@id":"https:\/\/lasentinelle.dz\/#\/schema\/person\/d865044e22e70a75174ce8bcad3acfb3"},"headline":"\u00c9cole sup\u00e9rieure de guerre : Chanegriha met en avant les d\u00e9fis s\u00e9curitaires \u00e0 relever","datePublished":"2022-01-08T23:05:00+00:00","mainEntityOfPage":{"@id":"https:\/\/lasentinelle.dz\/index.php\/2022\/01\/09\/ecole-superieure-de-guerre-chanegriha-met-en-avant-les-defis-securitaires-a-relever\/"},"wordCount":772,"commentCount":0,"publisher":{"@id":"https:\/\/lasentinelle.dz\/#organization"},"image":{"@id":"https:\/\/lasentinelle.dz\/index.php\/2022\/01\/09\/ecole-superieure-de-guerre-chanegriha-met-en-avant-les-defis-securitaires-a-relever\/#primaryimage"},"thumbnailUrl":"https:\/\/lasentinelle.dz\/wp-content\/uploads\/2022\/01\/chanegriha.png","articleSection":["\u00c0 la Une","Actualit\u00e9"],"inLanguage":"fr-FR","potentialAction":[{"@type":"CommentAction","name":"Comment","target":["https:\/\/lasentinelle.dz\/index.php\/2022\/01\/09\/ecole-superieure-de-guerre-chanegriha-met-en-avant-les-defis-securitaires-a-relever\/#respond"]}]},{"@type":"WebPage","@id":"https:\/\/lasentinelle.dz\/index.php\/2022\/01\/09\/ecole-superieure-de-guerre-chanegriha-met-en-avant-les-defis-securitaires-a-relever\/","url":"https:\/\/lasentinelle.dz\/index.php\/2022\/01\/09\/ecole-superieure-de-guerre-chanegriha-met-en-avant-les-defis-securitaires-a-relever\/","name":"\u00c9cole sup\u00e9rieure de guerre : Chanegriha met en avant les d\u00e9fis s\u00e9curitaires \u00e0 relever - La Sentinelle","isPartOf":{"@id":"https:\/\/lasentinelle.dz\/#website"},"primaryImageOfPage":{"@id":"https:\/\/lasentinelle.dz\/index.php\/2022\/01\/09\/ecole-superieure-de-guerre-chanegriha-met-en-avant-les-defis-securitaires-a-relever\/#primaryimage"},"image":{"@id":"https:\/\/lasentinelle.dz\/index.php\/2022\/01\/09\/ecole-superieure-de-guerre-chanegriha-met-en-avant-les-defis-securitaires-a-relever\/#primaryimage"},"thumbnailUrl":"https:\/\/lasentinelle.dz\/wp-content\/uploads\/2022\/01\/chanegriha.png","datePublished":"2022-01-08T23:05:00+00:00","breadcrumb":{"@id":"https:\/\/lasentinelle.dz\/index.php\/2022\/01\/09\/ecole-superieure-de-guerre-chanegriha-met-en-avant-les-defis-securitaires-a-relever\/#breadcrumb"},"inLanguage":"fr-FR","potentialAction":[{"@type":"ReadAction","target":["https:\/\/lasentinelle.dz\/index.php\/2022\/01\/09\/ecole-superieure-de-guerre-chanegriha-met-en-avant-les-defis-securitaires-a-relever\/"]}]},{"@type":"ImageObject","inLanguage":"fr-FR","@id":"https:\/\/lasentinelle.dz\/index.php\/2022\/01\/09\/ecole-superieure-de-guerre-chanegriha-met-en-avant-les-defis-securitaires-a-relever\/#primaryimage","url":"https:\/\/lasentinelle.dz\/wp-content\/uploads\/2022\/01\/chanegriha.png","contentUrl":"https:\/\/lasentinelle.dz\/wp-content\/uploads\/2022\/01\/chanegriha.png","width":1184,"height":900},{"@type":"BreadcrumbList","@id":"https:\/\/lasentinelle.dz\/index.php\/2022\/01\/09\/ecole-superieure-de-guerre-chanegriha-met-en-avant-les-defis-securitaires-a-relever\/#breadcrumb","itemListElement":[{"@type":"ListItem","position":1,"name":"Accueil","item":"https:\/\/lasentinelle.dz\/"},{"@type":"ListItem","position":2,"name":"\u00c9cole sup\u00e9rieure de guerre : Chanegriha met en avant les d\u00e9fis s\u00e9curitaires \u00e0 relever"}]},{"@type":"WebSite","@id":"https:\/\/lasentinelle.dz\/#website","url":"https:\/\/lasentinelle.dz\/","name":"La Sentinelle","description":"Quotidien national d&#039;information","publisher":{"@id":"https:\/\/lasentinelle.dz\/#organization"},"potentialAction":[{"@type":"SearchAction","target":{"@type":"EntryPoint","urlTemplate":"https:\/\/lasentinelle.dz\/?s={search_term_string}"},"query-input":{"@type":"PropertyValueSpecification","valueRequired":true,"valueName":"search_term_string"}}],"inLanguage":"fr-FR"},{"@type":"Organization","@id":"https:\/\/lasentinelle.dz\/#organization","name":"Quotidien La Sentinelle","url":"https:\/\/lasentinelle.dz\/","logo":{"@type":"ImageObject","inLanguage":"fr-FR","@id":"https:\/\/lasentinelle.dz\/#\/schema\/logo\/image\/","url":"https:\/\/lasentinelle.dz\/wp-content\/uploads\/2021\/09\/logo-sentinelleSLOGAN-1.png","contentUrl":"https:\/\/lasentinelle.dz\/wp-content\/uploads\/2021\/09\/logo-sentinelleSLOGAN-1.png","width":615,"height":142,"caption":"Quotidien La Sentinelle"},"image":{"@id":"https:\/\/lasentinelle.dz\/#\/schema\/logo\/image\/"},"sameAs":["https:\/\/www.facebook.com\/La-Sentinelle-104059864394773"]},{"@type":"Person","@id":"https:\/\/lasentinelle.dz\/#\/schema\/person\/d865044e22e70a75174ce8bcad3acfb3","name":"La Sentinelle","image":{"@type":"ImageObject","inLanguage":"fr-FR","@id":"https:\/\/secure.gravatar.com\/avatar\/57de8e5d4b15d43fb361a71fbb36338450fe67865b528a43dd10ef7c51a20392?s=96&d=mm&r=g","url":"https:\/\/secure.gravatar.com\/avatar\/57de8e5d4b15d43fb361a71fbb36338450fe67865b528a43dd10ef7c51a20392?s=96&d=mm&r=g","contentUrl":"https:\/\/secure.gravatar.com\/avatar\/57de8e5d4b15d43fb361a71fbb36338450fe67865b528a43dd10ef7c51a20392?s=96&d=mm&r=g","caption":"La Sentinelle"},"sameAs":["http:\/\/www.lasentinelle.dz"],"url":"https:\/\/lasentinelle.dz\/author\/redaction\/"}]}},"_links":{"self":[{"href":"https:\/\/lasentinelle.dz\/index.php\/wp-json\/wp\/v2\/posts\/15803","targetHints":{"allow":["GET"]}}],"collection":[{"href":"https:\/\/lasentinelle.dz\/index.php\/wp-json\/wp\/v2\/posts"}],"about":[{"href":"https:\/\/lasentinelle.dz\/index.php\/wp-json\/wp\/v2\/types\/post"}],"author":[{"embeddable":true,"href":"https:\/\/lasentinelle.dz\/index.php\/wp-json\/wp\/v2\/users\/3"}],"replies":[{"embeddable":true,"href":"https:\/\/lasentinelle.dz\/index.php\/wp-json\/wp\/v2\/comments?post=15803"}],"version-history":[{"count":1,"href":"https:\/\/lasentinelle.dz\/index.php\/wp-json\/wp\/v2\/posts\/15803\/revisions"}],"predecessor-version":[{"id":15806,"href":"https:\/\/lasentinelle.dz\/index.php\/wp-json\/wp\/v2\/posts\/15803\/revisions\/15806"}],"wp:featuredmedia":[{"embeddable":true,"href":"https:\/\/lasentinelle.dz\/index.php\/wp-json\/wp\/v2\/media\/15805"}],"wp:attachment":[{"href":"https:\/\/lasentinelle.dz\/index.php\/wp-json\/wp\/v2\/media?parent=15803"}],"wp:term":[{"taxonomy":"category","embeddable":true,"href":"https:\/\/lasentinelle.dz\/index.php\/wp-json\/wp\/v2\/categories?post=15803"},{"taxonomy":"post_tag","embeddable":true,"href":"https:\/\/lasentinelle.dz\/index.php\/wp-json\/wp\/v2\/tags?post=15803"}],"curies":[{"name":"wp","href":"https:\/\/api.w.org\/{rel}","templated":true}]}}