{"id":15811,"date":"2022-01-09T00:05:00","date_gmt":"2022-01-08T23:05:00","guid":{"rendered":"https:\/\/lasentinelle.dz\/?p=15811"},"modified":"2022-01-08T20:41:13","modified_gmt":"2022-01-08T19:41:13","slug":"pass-vaccinal-la-disposition-officialisee-par-decret","status":"publish","type":"post","link":"https:\/\/lasentinelle.dz\/index.php\/2022\/01\/09\/pass-vaccinal-la-disposition-officialisee-par-decret\/","title":{"rendered":"Pass vaccinal : La disposition officialis\u00e9e par d\u00e9cret"},"content":{"rendered":"\n<p>Introduite dans le cadre du dispositif du dispositif sanitaire de pr\u00e9vention et de lutte contre le covid-19, la mesure portant instauration du pass vaccinal a \u00e9t\u00e9 officialis\u00e9e par un d\u00e9cret publi\u00e9 sur le Journal officiel du 29 d\u00e9cembre dernier. Ainsi, le&nbsp;d\u00e9cret ex\u00e9cutif&nbsp;N&nbsp;21-544 du 28 d\u00e9cembre 2021&nbsp;\u00ab&nbsp;&nbsp;a pour objet d\u2019instituer un pass vaccinale dans le respect des dispositions visant \u00e0 pr\u00e9server la sant\u00e9 des citoyens et \u00e0 la pr\u00e9munir contre tout risque de propagation du coronavirus \u00bb.Ce&nbsp;pass vaccinal est un document justifiant la vaccination compl\u00e8te contre le coronavirus et il est \u00e9tendu par la vaccination compl\u00e8te l\u2019administration d\u2019une, de deux doses de vaccin selon le type de vaccin, pr\u00e9cise-t-on.&nbsp;Et d\u2019ajouter que le pass vaccinal est d\u00e9livr\u00e9 par l\u2019autorit\u00e9 sanitaire habilit\u00e9e \u00bb, pr\u00e9cisant que \u00ab le mod\u00e8le et les caract\u00e9ristiques du pass vaccinal sont fix\u00e9s par arr\u00eat\u00e9 du ministre charg\u00e9 de la sant\u00e9 \u00bb.<\/p>\n\n\n\n<p>Le pass vaccinal,&nbsp;&nbsp;concerne selon l\u2019article 4 \u00ab toute personne \u00e2g\u00e9e de 18 ans et plus \u00bb, pr\u00e9cisant que \u00ab la condition d\u2019\u00e2ge peut \u00eatre r\u00e9vis\u00e9e sur proposition de l\u2019autorit\u00e9 sanitaire habilit\u00e9e apr\u00e8s avis du conseil scientifique de suivi de l\u2019\u00e9volution du covid19 \u00bb.&nbsp;L\u2019article 5 stipule que \u00ab la pr\u00e9sentation du pass vaccinal, est exig\u00e9 par les services de contr\u00f4le sanitaire aux fronti\u00e8res, pour l\u2019entr\u00e9e et la sortie du territoire national \u00bb.<\/p>\n\n\n\n<p>L\u2019article 6&nbsp;stipule&nbsp;&nbsp;que \u00ab le pass vaccinale est exig\u00e9e pour l\u2019acc\u00e8s aux espaces, lieux et \u00e9difices affect\u00e9s \u00e0 usage collectif ou accueillant du public ou se d\u00e9roulent, les c\u00e9r\u00e9monies, f\u00eates, et manifestations d\u2019ordre culturel, sportif ou festif \u00bb, il s\u2019agit, \u00ab des stades, des lieux de d\u00e9roulement de manifestations sportives, des salles de sports, des infrastructures sportives et piscines, des espaces et lieux accueillant des rencontres, s\u00e9minaires et conf\u00e9rences, des salles de cin\u00e9ma, th\u00e9\u00e2tres, mus\u00e9es et espaces et lieux de spectacles \u00bb.<\/p>\n\n\n\n<p>\u00ab&nbsp;Les espaces et lieux de c\u00e9l\u00e9brations de c\u00e9r\u00e9monies et \u00e9v\u00e9nements \u00e0 caract\u00e8re national et local, des salles, salons et foires d\u2019expositions, les salles des f\u00eates, les hammams \u00bb, sont aussi concern\u00e9s par le pass vaccinal.&nbsp;\u00ab La liste des espaces, lieux et \u00e9difices cit\u00e9e \u00e0 l\u2019alin\u00e9a ce dessus, peut \u00eatre r\u00e9vis\u00e9e en fonction de l\u2019\u00e9volution de la pand\u00e9mie \u00bb, pr\u00e9cisant dans l\u2019article 7 que \u00ab les responsables et gestionnaires des espaces, lieux et \u00e9difices ainsi que les organisateurs des manifestations et \u00e9v\u00e9nements, cit\u00e9s \u00e0 l\u2019article 7 sont tenus d\u2019en assurer le contr\u00f4le de l\u2019acc\u00e8s et d\u2019exiger la pr\u00e9sentation du pass vaccinal par tous les moyens, y compris en faisant appel \u00e0 la force publique \u00bb.<\/p>\n\n\n\n<p>Enfin,&nbsp;&nbsp;il est mentionn\u00e9 que \u00ab le pass vaccinal ne dispense pas de l\u2019application du protocole sanitaire et du respect des gestes barri\u00e8res, \u00e0 avoir le port de masque, les mesures d\u2019hygi\u00e8ne et la distanciation physique \u00bb.<\/p>\n\n\n\n<p><strong>Boubekeur Amrani<\/strong><\/p>\n","protected":false},"excerpt":{"rendered":"<p>Introduite dans le cadre du dispositif du dispositif sanitaire de pr\u00e9vention et de lutte contre le covid-19, la mesure portant<\/p>\n","protected":false},"author":3,"featured_media":15812,"comment_status":"open","ping_status":"closed","sticky":false,"template":"","format":"standard","meta":{"colormag_page_container_layout":"default_layout","colormag_page_sidebar_layout":"default_layout","om_disable_all_campaigns":false,"_monsterinsights_skip_tracking":false,"_monsterinsights_sitenote_active":false,"_monsterinsights_sitenote_note":"","_monsterinsights_sitenote_category":0,"footnotes":"","_wpscppro_dont_share_socialmedia":false,"_wpscppro_custom_social_share_image":0,"_facebook_share_type":"","_twitter_share_type":"","_linkedin_share_type":"","_pinterest_share_type":"","_linkedin_share_type_page":"","_instagram_share_type":"","_medium_share_type":"","_threads_share_type":"","_google_business_share_type":"","_selected_social_profile":[],"_wpsp_enable_custom_social_template":false,"_wpsp_social_scheduling":{"enabled":false,"datetime":null,"platforms":[],"status":"template_only","dateOption":"today","timeOption":"now","customDays":"","customHours":"","customDate":"","customTime":"","schedulingType":"absolute"},"_wpsp_active_default_template":true},"categories":[52,27],"tags":[],"class_list":["post-15811","post","type-post","status-publish","format-standard","has-post-thumbnail","hentry","category-a-la-une","category-actualite"],"aioseo_notices":[],"yoast_head":"<!-- This site is optimized with the Yoast SEO plugin v27.5 - https:\/\/yoast.com\/product\/yoast-seo-wordpress\/ -->\n<title>Pass vaccinal : La disposition officialis\u00e9e par d\u00e9cret - La Sentinelle<\/title>\n<meta name=\"robots\" content=\"index, follow, max-snippet:-1, max-image-preview:large, max-video-preview:-1\" \/>\n<link rel=\"canonical\" href=\"https:\/\/lasentinelle.dz\/index.php\/2022\/01\/09\/pass-vaccinal-la-disposition-officialisee-par-decret\/\" \/>\n<meta property=\"og:locale\" content=\"fr_FR\" \/>\n<meta property=\"og:type\" content=\"article\" \/>\n<meta property=\"og:title\" content=\"Pass vaccinal : La disposition officialis\u00e9e par d\u00e9cret - La Sentinelle\" \/>\n<meta property=\"og:description\" content=\"Introduite dans le cadre du dispositif du dispositif sanitaire de pr\u00e9vention et de lutte contre le covid-19, la mesure portant\" \/>\n<meta property=\"og:url\" content=\"https:\/\/lasentinelle.dz\/index.php\/2022\/01\/09\/pass-vaccinal-la-disposition-officialisee-par-decret\/\" \/>\n<meta property=\"og:site_name\" content=\"La Sentinelle\" \/>\n<meta property=\"article:publisher\" content=\"https:\/\/www.facebook.com\/La-Sentinelle-104059864394773\" \/>\n<meta property=\"article:published_time\" content=\"2022-01-08T23:05:00+00:00\" \/>\n<meta property=\"og:image\" content=\"https:\/\/lasentinelle.dz\/wp-content\/uploads\/2022\/01\/pass-vaccinal-algerie-scaled-1.png\" \/>\n\t<meta property=\"og:image:width\" content=\"1842\" \/>\n\t<meta property=\"og:image:height\" content=\"900\" \/>\n\t<meta property=\"og:image:type\" content=\"image\/png\" \/>\n<meta name=\"author\" content=\"La Sentinelle\" \/>\n<meta name=\"twitter:card\" content=\"summary_large_image\" \/>\n<meta name=\"twitter:label1\" content=\"\u00c9crit par\" \/>\n\t<meta name=\"twitter:data1\" content=\"La Sentinelle\" \/>\n\t<meta name=\"twitter:label2\" content=\"Dur\u00e9e de lecture estim\u00e9e\" \/>\n\t<meta name=\"twitter:data2\" content=\"2 minutes\" \/>\n<script type=\"application\/ld+json\" class=\"yoast-schema-graph\">{\"@context\":\"https:\\\/\\\/schema.org\",\"@graph\":[{\"@type\":\"Article\",\"@id\":\"https:\\\/\\\/lasentinelle.dz\\\/index.php\\\/2022\\\/01\\\/09\\\/pass-vaccinal-la-disposition-officialisee-par-decret\\\/#article\",\"isPartOf\":{\"@id\":\"https:\\\/\\\/lasentinelle.dz\\\/index.php\\\/2022\\\/01\\\/09\\\/pass-vaccinal-la-disposition-officialisee-par-decret\\\/\"},\"author\":{\"name\":\"La Sentinelle\",\"@id\":\"https:\\\/\\\/lasentinelle.dz\\\/#\\\/schema\\\/person\\\/d865044e22e70a75174ce8bcad3acfb3\"},\"headline\":\"Pass vaccinal : La disposition officialis\u00e9e par d\u00e9cret\",\"datePublished\":\"2022-01-08T23:05:00+00:00\",\"mainEntityOfPage\":{\"@id\":\"https:\\\/\\\/lasentinelle.dz\\\/index.php\\\/2022\\\/01\\\/09\\\/pass-vaccinal-la-disposition-officialisee-par-decret\\\/\"},\"wordCount\":536,\"commentCount\":0,\"publisher\":{\"@id\":\"https:\\\/\\\/lasentinelle.dz\\\/#organization\"},\"image\":{\"@id\":\"https:\\\/\\\/lasentinelle.dz\\\/index.php\\\/2022\\\/01\\\/09\\\/pass-vaccinal-la-disposition-officialisee-par-decret\\\/#primaryimage\"},\"thumbnailUrl\":\"https:\\\/\\\/lasentinelle.dz\\\/wp-content\\\/uploads\\\/2022\\\/01\\\/pass-vaccinal-algerie-scaled-1.png\",\"articleSection\":[\"\u00c0 la Une\",\"Actualit\u00e9\"],\"inLanguage\":\"fr-FR\",\"potentialAction\":[{\"@type\":\"CommentAction\",\"name\":\"Comment\",\"target\":[\"https:\\\/\\\/lasentinelle.dz\\\/index.php\\\/2022\\\/01\\\/09\\\/pass-vaccinal-la-disposition-officialisee-par-decret\\\/#respond\"]}]},{\"@type\":\"WebPage\",\"@id\":\"https:\\\/\\\/lasentinelle.dz\\\/index.php\\\/2022\\\/01\\\/09\\\/pass-vaccinal-la-disposition-officialisee-par-decret\\\/\",\"url\":\"https:\\\/\\\/lasentinelle.dz\\\/index.php\\\/2022\\\/01\\\/09\\\/pass-vaccinal-la-disposition-officialisee-par-decret\\\/\",\"name\":\"Pass vaccinal : La disposition officialis\u00e9e par d\u00e9cret - La Sentinelle\",\"isPartOf\":{\"@id\":\"https:\\\/\\\/lasentinelle.dz\\\/#website\"},\"primaryImageOfPage\":{\"@id\":\"https:\\\/\\\/lasentinelle.dz\\\/index.php\\\/2022\\\/01\\\/09\\\/pass-vaccinal-la-disposition-officialisee-par-decret\\\/#primaryimage\"},\"image\":{\"@id\":\"https:\\\/\\\/lasentinelle.dz\\\/index.php\\\/2022\\\/01\\\/09\\\/pass-vaccinal-la-disposition-officialisee-par-decret\\\/#primaryimage\"},\"thumbnailUrl\":\"https:\\\/\\\/lasentinelle.dz\\\/wp-content\\\/uploads\\\/2022\\\/01\\\/pass-vaccinal-algerie-scaled-1.png\",\"datePublished\":\"2022-01-08T23:05:00+00:00\",\"breadcrumb\":{\"@id\":\"https:\\\/\\\/lasentinelle.dz\\\/index.php\\\/2022\\\/01\\\/09\\\/pass-vaccinal-la-disposition-officialisee-par-decret\\\/#breadcrumb\"},\"inLanguage\":\"fr-FR\",\"potentialAction\":[{\"@type\":\"ReadAction\",\"target\":[\"https:\\\/\\\/lasentinelle.dz\\\/index.php\\\/2022\\\/01\\\/09\\\/pass-vaccinal-la-disposition-officialisee-par-decret\\\/\"]}]},{\"@type\":\"ImageObject\",\"inLanguage\":\"fr-FR\",\"@id\":\"https:\\\/\\\/lasentinelle.dz\\\/index.php\\\/2022\\\/01\\\/09\\\/pass-vaccinal-la-disposition-officialisee-par-decret\\\/#primaryimage\",\"url\":\"https:\\\/\\\/lasentinelle.dz\\\/wp-content\\\/uploads\\\/2022\\\/01\\\/pass-vaccinal-algerie-scaled-1.png\",\"contentUrl\":\"https:\\\/\\\/lasentinelle.dz\\\/wp-content\\\/uploads\\\/2022\\\/01\\\/pass-vaccinal-algerie-scaled-1.png\",\"width\":1842,\"height\":900},{\"@type\":\"BreadcrumbList\",\"@id\":\"https:\\\/\\\/lasentinelle.dz\\\/index.php\\\/2022\\\/01\\\/09\\\/pass-vaccinal-la-disposition-officialisee-par-decret\\\/#breadcrumb\",\"itemListElement\":[{\"@type\":\"ListItem\",\"position\":1,\"name\":\"Accueil\",\"item\":\"https:\\\/\\\/lasentinelle.dz\\\/\"},{\"@type\":\"ListItem\",\"position\":2,\"name\":\"Pass vaccinal : La disposition officialis\u00e9e par d\u00e9cret\"}]},{\"@type\":\"WebSite\",\"@id\":\"https:\\\/\\\/lasentinelle.dz\\\/#website\",\"url\":\"https:\\\/\\\/lasentinelle.dz\\\/\",\"name\":\"La Sentinelle\",\"description\":\"Quotidien national d&#039;information\",\"publisher\":{\"@id\":\"https:\\\/\\\/lasentinelle.dz\\\/#organization\"},\"potentialAction\":[{\"@type\":\"SearchAction\",\"target\":{\"@type\":\"EntryPoint\",\"urlTemplate\":\"https:\\\/\\\/lasentinelle.dz\\\/?s={search_term_string}\"},\"query-input\":{\"@type\":\"PropertyValueSpecification\",\"valueRequired\":true,\"valueName\":\"search_term_string\"}}],\"inLanguage\":\"fr-FR\"},{\"@type\":\"Organization\",\"@id\":\"https:\\\/\\\/lasentinelle.dz\\\/#organization\",\"name\":\"Quotidien La Sentinelle\",\"url\":\"https:\\\/\\\/lasentinelle.dz\\\/\",\"logo\":{\"@type\":\"ImageObject\",\"inLanguage\":\"fr-FR\",\"@id\":\"https:\\\/\\\/lasentinelle.dz\\\/#\\\/schema\\\/logo\\\/image\\\/\",\"url\":\"https:\\\/\\\/lasentinelle.dz\\\/wp-content\\\/uploads\\\/2021\\\/09\\\/logo-sentinelleSLOGAN-1.png\",\"contentUrl\":\"https:\\\/\\\/lasentinelle.dz\\\/wp-content\\\/uploads\\\/2021\\\/09\\\/logo-sentinelleSLOGAN-1.png\",\"width\":615,\"height\":142,\"caption\":\"Quotidien La Sentinelle\"},\"image\":{\"@id\":\"https:\\\/\\\/lasentinelle.dz\\\/#\\\/schema\\\/logo\\\/image\\\/\"},\"sameAs\":[\"https:\\\/\\\/www.facebook.com\\\/La-Sentinelle-104059864394773\"]},{\"@type\":\"Person\",\"@id\":\"https:\\\/\\\/lasentinelle.dz\\\/#\\\/schema\\\/person\\\/d865044e22e70a75174ce8bcad3acfb3\",\"name\":\"La Sentinelle\",\"image\":{\"@type\":\"ImageObject\",\"inLanguage\":\"fr-FR\",\"@id\":\"https:\\\/\\\/secure.gravatar.com\\\/avatar\\\/57de8e5d4b15d43fb361a71fbb36338450fe67865b528a43dd10ef7c51a20392?s=96&d=mm&r=g\",\"url\":\"https:\\\/\\\/secure.gravatar.com\\\/avatar\\\/57de8e5d4b15d43fb361a71fbb36338450fe67865b528a43dd10ef7c51a20392?s=96&d=mm&r=g\",\"contentUrl\":\"https:\\\/\\\/secure.gravatar.com\\\/avatar\\\/57de8e5d4b15d43fb361a71fbb36338450fe67865b528a43dd10ef7c51a20392?s=96&d=mm&r=g\",\"caption\":\"La Sentinelle\"},\"sameAs\":[\"http:\\\/\\\/www.lasentinelle.dz\"],\"url\":\"https:\\\/\\\/lasentinelle.dz\\\/author\\\/redaction\\\/\"}]}<\/script>\n<!-- \/ Yoast SEO plugin. -->","yoast_head_json":{"title":"Pass vaccinal : La disposition officialis\u00e9e par d\u00e9cret - La Sentinelle","robots":{"index":"index","follow":"follow","max-snippet":"max-snippet:-1","max-image-preview":"max-image-preview:large","max-video-preview":"max-video-preview:-1"},"canonical":"https:\/\/lasentinelle.dz\/index.php\/2022\/01\/09\/pass-vaccinal-la-disposition-officialisee-par-decret\/","og_locale":"fr_FR","og_type":"article","og_title":"Pass vaccinal : La disposition officialis\u00e9e par d\u00e9cret - La Sentinelle","og_description":"Introduite dans le cadre du dispositif du dispositif sanitaire de pr\u00e9vention et de lutte contre le covid-19, la mesure portant","og_url":"https:\/\/lasentinelle.dz\/index.php\/2022\/01\/09\/pass-vaccinal-la-disposition-officialisee-par-decret\/","og_site_name":"La Sentinelle","article_publisher":"https:\/\/www.facebook.com\/La-Sentinelle-104059864394773","article_published_time":"2022-01-08T23:05:00+00:00","og_image":[{"width":1842,"height":900,"url":"https:\/\/lasentinelle.dz\/wp-content\/uploads\/2022\/01\/pass-vaccinal-algerie-scaled-1.png","type":"image\/png"}],"author":"La Sentinelle","twitter_card":"summary_large_image","twitter_misc":{"\u00c9crit par":"La Sentinelle","Dur\u00e9e de lecture estim\u00e9e":"2 minutes"},"schema":{"@context":"https:\/\/schema.org","@graph":[{"@type":"Article","@id":"https:\/\/lasentinelle.dz\/index.php\/2022\/01\/09\/pass-vaccinal-la-disposition-officialisee-par-decret\/#article","isPartOf":{"@id":"https:\/\/lasentinelle.dz\/index.php\/2022\/01\/09\/pass-vaccinal-la-disposition-officialisee-par-decret\/"},"author":{"name":"La Sentinelle","@id":"https:\/\/lasentinelle.dz\/#\/schema\/person\/d865044e22e70a75174ce8bcad3acfb3"},"headline":"Pass vaccinal : La disposition officialis\u00e9e par d\u00e9cret","datePublished":"2022-01-08T23:05:00+00:00","mainEntityOfPage":{"@id":"https:\/\/lasentinelle.dz\/index.php\/2022\/01\/09\/pass-vaccinal-la-disposition-officialisee-par-decret\/"},"wordCount":536,"commentCount":0,"publisher":{"@id":"https:\/\/lasentinelle.dz\/#organization"},"image":{"@id":"https:\/\/lasentinelle.dz\/index.php\/2022\/01\/09\/pass-vaccinal-la-disposition-officialisee-par-decret\/#primaryimage"},"thumbnailUrl":"https:\/\/lasentinelle.dz\/wp-content\/uploads\/2022\/01\/pass-vaccinal-algerie-scaled-1.png","articleSection":["\u00c0 la Une","Actualit\u00e9"],"inLanguage":"fr-FR","potentialAction":[{"@type":"CommentAction","name":"Comment","target":["https:\/\/lasentinelle.dz\/index.php\/2022\/01\/09\/pass-vaccinal-la-disposition-officialisee-par-decret\/#respond"]}]},{"@type":"WebPage","@id":"https:\/\/lasentinelle.dz\/index.php\/2022\/01\/09\/pass-vaccinal-la-disposition-officialisee-par-decret\/","url":"https:\/\/lasentinelle.dz\/index.php\/2022\/01\/09\/pass-vaccinal-la-disposition-officialisee-par-decret\/","name":"Pass vaccinal : La disposition officialis\u00e9e par d\u00e9cret - La Sentinelle","isPartOf":{"@id":"https:\/\/lasentinelle.dz\/#website"},"primaryImageOfPage":{"@id":"https:\/\/lasentinelle.dz\/index.php\/2022\/01\/09\/pass-vaccinal-la-disposition-officialisee-par-decret\/#primaryimage"},"image":{"@id":"https:\/\/lasentinelle.dz\/index.php\/2022\/01\/09\/pass-vaccinal-la-disposition-officialisee-par-decret\/#primaryimage"},"thumbnailUrl":"https:\/\/lasentinelle.dz\/wp-content\/uploads\/2022\/01\/pass-vaccinal-algerie-scaled-1.png","datePublished":"2022-01-08T23:05:00+00:00","breadcrumb":{"@id":"https:\/\/lasentinelle.dz\/index.php\/2022\/01\/09\/pass-vaccinal-la-disposition-officialisee-par-decret\/#breadcrumb"},"inLanguage":"fr-FR","potentialAction":[{"@type":"ReadAction","target":["https:\/\/lasentinelle.dz\/index.php\/2022\/01\/09\/pass-vaccinal-la-disposition-officialisee-par-decret\/"]}]},{"@type":"ImageObject","inLanguage":"fr-FR","@id":"https:\/\/lasentinelle.dz\/index.php\/2022\/01\/09\/pass-vaccinal-la-disposition-officialisee-par-decret\/#primaryimage","url":"https:\/\/lasentinelle.dz\/wp-content\/uploads\/2022\/01\/pass-vaccinal-algerie-scaled-1.png","contentUrl":"https:\/\/lasentinelle.dz\/wp-content\/uploads\/2022\/01\/pass-vaccinal-algerie-scaled-1.png","width":1842,"height":900},{"@type":"BreadcrumbList","@id":"https:\/\/lasentinelle.dz\/index.php\/2022\/01\/09\/pass-vaccinal-la-disposition-officialisee-par-decret\/#breadcrumb","itemListElement":[{"@type":"ListItem","position":1,"name":"Accueil","item":"https:\/\/lasentinelle.dz\/"},{"@type":"ListItem","position":2,"name":"Pass vaccinal : La disposition officialis\u00e9e par d\u00e9cret"}]},{"@type":"WebSite","@id":"https:\/\/lasentinelle.dz\/#website","url":"https:\/\/lasentinelle.dz\/","name":"La Sentinelle","description":"Quotidien national d&#039;information","publisher":{"@id":"https:\/\/lasentinelle.dz\/#organization"},"potentialAction":[{"@type":"SearchAction","target":{"@type":"EntryPoint","urlTemplate":"https:\/\/lasentinelle.dz\/?s={search_term_string}"},"query-input":{"@type":"PropertyValueSpecification","valueRequired":true,"valueName":"search_term_string"}}],"inLanguage":"fr-FR"},{"@type":"Organization","@id":"https:\/\/lasentinelle.dz\/#organization","name":"Quotidien La Sentinelle","url":"https:\/\/lasentinelle.dz\/","logo":{"@type":"ImageObject","inLanguage":"fr-FR","@id":"https:\/\/lasentinelle.dz\/#\/schema\/logo\/image\/","url":"https:\/\/lasentinelle.dz\/wp-content\/uploads\/2021\/09\/logo-sentinelleSLOGAN-1.png","contentUrl":"https:\/\/lasentinelle.dz\/wp-content\/uploads\/2021\/09\/logo-sentinelleSLOGAN-1.png","width":615,"height":142,"caption":"Quotidien La Sentinelle"},"image":{"@id":"https:\/\/lasentinelle.dz\/#\/schema\/logo\/image\/"},"sameAs":["https:\/\/www.facebook.com\/La-Sentinelle-104059864394773"]},{"@type":"Person","@id":"https:\/\/lasentinelle.dz\/#\/schema\/person\/d865044e22e70a75174ce8bcad3acfb3","name":"La Sentinelle","image":{"@type":"ImageObject","inLanguage":"fr-FR","@id":"https:\/\/secure.gravatar.com\/avatar\/57de8e5d4b15d43fb361a71fbb36338450fe67865b528a43dd10ef7c51a20392?s=96&d=mm&r=g","url":"https:\/\/secure.gravatar.com\/avatar\/57de8e5d4b15d43fb361a71fbb36338450fe67865b528a43dd10ef7c51a20392?s=96&d=mm&r=g","contentUrl":"https:\/\/secure.gravatar.com\/avatar\/57de8e5d4b15d43fb361a71fbb36338450fe67865b528a43dd10ef7c51a20392?s=96&d=mm&r=g","caption":"La Sentinelle"},"sameAs":["http:\/\/www.lasentinelle.dz"],"url":"https:\/\/lasentinelle.dz\/author\/redaction\/"}]}},"_links":{"self":[{"href":"https:\/\/lasentinelle.dz\/index.php\/wp-json\/wp\/v2\/posts\/15811","targetHints":{"allow":["GET"]}}],"collection":[{"href":"https:\/\/lasentinelle.dz\/index.php\/wp-json\/wp\/v2\/posts"}],"about":[{"href":"https:\/\/lasentinelle.dz\/index.php\/wp-json\/wp\/v2\/types\/post"}],"author":[{"embeddable":true,"href":"https:\/\/lasentinelle.dz\/index.php\/wp-json\/wp\/v2\/users\/3"}],"replies":[{"embeddable":true,"href":"https:\/\/lasentinelle.dz\/index.php\/wp-json\/wp\/v2\/comments?post=15811"}],"version-history":[{"count":1,"href":"https:\/\/lasentinelle.dz\/index.php\/wp-json\/wp\/v2\/posts\/15811\/revisions"}],"predecessor-version":[{"id":15813,"href":"https:\/\/lasentinelle.dz\/index.php\/wp-json\/wp\/v2\/posts\/15811\/revisions\/15813"}],"wp:featuredmedia":[{"embeddable":true,"href":"https:\/\/lasentinelle.dz\/index.php\/wp-json\/wp\/v2\/media\/15812"}],"wp:attachment":[{"href":"https:\/\/lasentinelle.dz\/index.php\/wp-json\/wp\/v2\/media?parent=15811"}],"wp:term":[{"taxonomy":"category","embeddable":true,"href":"https:\/\/lasentinelle.dz\/index.php\/wp-json\/wp\/v2\/categories?post=15811"},{"taxonomy":"post_tag","embeddable":true,"href":"https:\/\/lasentinelle.dz\/index.php\/wp-json\/wp\/v2\/tags?post=15811"}],"curies":[{"name":"wp","href":"https:\/\/api.w.org\/{rel}","templated":true}]}}