{"id":15843,"date":"2022-01-10T00:05:00","date_gmt":"2022-01-09T23:05:00","guid":{"rendered":"https:\/\/lasentinelle.dz\/?p=15843"},"modified":"2022-01-09T21:38:19","modified_gmt":"2022-01-09T20:38:19","slug":"vaccination-qualite-des-soins-et-revendications-des-personnels-soignants-les-mises-au-point-de-tebboune","status":"publish","type":"post","link":"https:\/\/lasentinelle.dz\/index.php\/2022\/01\/10\/vaccination-qualite-des-soins-et-revendications-des-personnels-soignants-les-mises-au-point-de-tebboune\/","title":{"rendered":"Vaccination, qualit\u00e9 des soins et revendications des personnels soignants : Les mises au point de Tebboune"},"content":{"rendered":"\n<p>Le pr\u00e9sident de la R\u00e9publique, Abdelmadjid Tebboune, a affirm\u00e9 hier que 2022 sera l\u2019ann\u00e9e de la r\u00e9forme du syst\u00e8me de sant\u00e9 et de la refonte des textes r\u00e9gissant le secteur. Il s\u2019est engag\u00e9 dans ce sens \u00e0 prendre en charge des pr\u00e9occupations et revendications l\u00e9gitimes personnels de la sant\u00e9, lesquels se sont d\u2019ailleurs illustr\u00e9s par leur abn\u00e9gation et leur engagement lors de la crise sanitaire.<\/p>\n\n\n\n<p>Le ton a \u00e9t\u00e9 donn\u00e9 d\u00e8s le d\u00e9but de la c\u00e9r\u00e9monie de cl\u00f4ture de la conf\u00e9rence sur la r\u00e9forme du syst\u00e8me de sant\u00e9, le pr\u00e9sident de la R\u00e9publique ayant observ\u00e9 une minute de silence \u00e0 la m\u00e9moire des personnels soignants disparus lors de la pand\u00e9mie.&nbsp;Abdelmadjid Tebboune&nbsp;qui a pr\u00e9sid\u00e9 cette c\u00e9r\u00e9monie cl\u00f4ture afin de faire certaines mises au points. Il&nbsp;a&nbsp;ainsi&nbsp;assur\u00e9 de la d\u00e9termination de l&rsquo;Etat \u00e0 prendre en charge toutes les pr\u00e9occupations des personnels du secteur de la sant\u00e9 \u00ab\u00a0avant la fin de l&rsquo;ann\u00e9e en cours\u00a0\u00bb. \u00ab\u00a0Nous sommes d\u00e9termin\u00e9s \u00e0 mettre en \u0153uvre les recommandations de ce s\u00e9minaire dans la mesure du possible et selon les moyens financiers du pays, ainsi qu&rsquo;\u00e0 prendre en charge toutes les pr\u00e9occupations des personnels du secteur de la sant\u00e9 \u00e0 l&rsquo;image des questions financi\u00e8res, des statuts et de la carri\u00e8re professionnelle, et ce, avant la fin de l&rsquo;ann\u00e9e en cours \u00bb, a-t-il en effet affirm\u00e9 avant de rappeler que les circonstances qu\u2019a travers\u00e9es notre pays \u00ab\u00a0ont impos\u00e9\u00a0\u00bb l&rsquo;ajournement de la prise en charge des pr\u00e9occupations des personnels du secteur durant les deux derni\u00e8res ann\u00e9es, au vu des \u00ab\u00a0priorit\u00e9s\u00a0\u00bb.<\/p>\n\n\n\n<p>Le pr\u00e9sident de la&nbsp;R\u00e9publique&nbsp;n&rsquo;a&nbsp;d\u2019ailleurs&nbsp;pas manqu\u00e9 de mentionner qu'\u00a0\u00bbil&nbsp;est temps de prendre en charge les revendications l\u00e9gitimes des affili\u00e9s du secteur\u00a0\u00bb et de leur accorder leurs droits en reconnaissance des efforts consentis dans l\u2019int\u00e9r\u00eat du pays.&nbsp;Par ailleurs, rappelant les grands progr\u00e8s r\u00e9alis\u00e9s dans ce secteur depuis l\u2019ind\u00e9pendance gr\u00e2ce \u00e0 la mobilisation des m\u00e9decins et \u00e0 leur r\u00f4le dans l\u2019\u00e9radication de nombreuses maladies mortelles, le pr\u00e9sident de la R\u00e9publique a qualifi\u00e9 le syst\u00e8me national de&rsquo; sant\u00e9 de \u00ab\u00a0l&rsquo;un des meilleurs syst\u00e8mes en Afrique en termes de gratuit\u00e9 des soins et de couverture sanitaire\u00a0\u00bb avant de noter que \u00ab\u00a0l\u2019adoption d\u2019un syst\u00e8me de vaccination dont les r\u00e9sultats sont aujourd&rsquo;hui patents a fait que l\u2019Alg\u00e9rie est aujourd&rsquo;hui&nbsp;&nbsp;le premier pays en Afrique dans ce domaine\u00a0\u00bb, ainsi que d&rsquo;autres indicateurs positifs tels que l&rsquo;augmentation de l&rsquo;esp\u00e9rance de vie.<\/p>\n\n\n\n<p>Sur un autre chapitre et faisant remarquer que \u00ab\u00a0les insuffisances ne sont pas li\u00e9es au manque de moyens et d&rsquo;\u00e9quipements mais au niveau \u00e9lev\u00e9 des attentes des citoyens\u00a0\u00bb, M. Tebboune a mis l&rsquo;accent sur l&rsquo;importance de la \u00ab\u00a0r\u00e9forme\u00a0\u00bb du syst\u00e8me de sant\u00e9 lanc\u00e9e actuellement mais qui, pr\u00e9cise-t-il, ne pourra aboutir sans la conjugaison des efforts et \u00e0 la participation de tout un chacun \u00e0 l&rsquo;am\u00e9lioration du syst\u00e8me de sant\u00e9 et de la qualit\u00e9 des soins afin d\u2019aller vers une autre \u00e9tape pour \u00ab\u00a0se rapprocher du niveau des syst\u00e8mes de sant\u00e9 d\u2019Europe occidentale\u00a0\u00bb. \u00ab\u00a0Nous ne sommes pas les meilleurs au monde, mais nous ne sommes pas non plus les pires, nous avons des points forts qu\u2019il faut pr\u00e9server et des points faibles qu\u2019il faut corriger\u00a0\u00bb dira-t-il \u00e0 l&rsquo;adresse de ceux qui critiquent&nbsp;le syst\u00e8me national de sant\u00e9 et le niveau des m\u00e9decins alg\u00e9riens qu&rsquo;il qualifie de &lsquo;\u00a0\u00bbmeilleurs au monde\u00a0\u00bb. Le pr\u00e9sident de la&nbsp;R\u00e9publique a par ailleurs fustig\u00e9&nbsp;certains&nbsp;\u00ab&nbsp;m\u00e9dias qui sont \u00e0 l&rsquo;aff\u00fbt des points noirs et critiquent pour saper le moral des citoyens \u00e0 chaque occasion&nbsp;\u00bb, mais n&rsquo;a pas manqu\u00e9 de&nbsp;rappeler que si&nbsp;\u00ab\u00a0la critique constructive est la bienvenue\u00a0\u00bb, les&nbsp;d\u00e9marches de d\u00e9moralisation&nbsp;sont&nbsp;inadmissibles.&nbsp;Il en profitera d\u2019ailleurs pour d\u00e9cocher quelques fl\u00e8ches contre ceux qui saisissent l\u2019occasion de la p\u00e9nurie actuelle de produits de large consommation afin de lui donner une dimension bien plus grave.&nbsp;&nbsp;Au chapitre de la situation sanitaire actuelle induite par l&rsquo;\u00e9mergence de la pand\u00e9mie du Covid 19, Abdelmadjid Tebboune&nbsp;&nbsp;qui a assur\u00e9 de \u00ab\u00a0la d\u00e9termination de l\u2019Etat \u00e0 r\u00e9unir tous les moyens pour venir \u00e0 bout de la pand\u00e9mie\u00a0\u00bb gr\u00e2ce notamment&nbsp;\u00e0&nbsp;la \u00ab\u00a0mobilisation\u00a0\u00bb pour mener \u00e0 bien l\u2019op\u00e9ration de la vaccination qualifi\u00e9e \u00ab\u00a0d&rsquo;unique voie pour vaincre la pand\u00e9mie\u00a0\u00bb a ainsi rassur\u00e9 que \u00ab\u00a0nous sommes capables de lutter contre la Covid-19 avec nos moyens\u00a0\u00bb, fustigeant \u00ab\u00a0certains Alg\u00e9riens qui pr\u00e9voient le pire\u00a0\u00bb, appelant \u00e0 les confronter \u00ab\u00a0collectivement\u00a0\u00bb.<\/p>\n\n\n\n<p>Enfin, le pr\u00e9sident de la&nbsp;R\u00e9publique qui s&rsquo;est engag\u00e9 \u00e0 mettre en application les recommandations \u00e9mises \u00e0 l&rsquo;issue du s\u00e9minaire notamment en ce qui concerne le volet financier n\u00e9cessaire \u00e0 l&rsquo;am\u00e9lioration des conditions socioprofessionnelles des personnels avant la fin de l&rsquo;ann\u00e9e 2022, n&rsquo;a pas manqu\u00e9 de rappeler qu&rsquo;il \u00ab\u00a0est d\u00e9sormais temps de r\u00e9pondre aux dol\u00e9ances de cette cat\u00e9gorie professionnelle.&nbsp;<\/p>\n\n\n\n<p><strong>Akli Amor<\/strong><\/p>\n","protected":false},"excerpt":{"rendered":"<p>Le pr\u00e9sident de la R\u00e9publique, Abdelmadjid Tebboune, a affirm\u00e9 hier que 2022 sera l\u2019ann\u00e9e de la r\u00e9forme du syst\u00e8me de<\/p>\n","protected":false},"author":3,"featured_media":15846,"comment_status":"open","ping_status":"closed","sticky":false,"template":"","format":"standard","meta":{"colormag_page_container_layout":"default_layout","colormag_page_sidebar_layout":"default_layout","om_disable_all_campaigns":false,"_monsterinsights_skip_tracking":false,"_monsterinsights_sitenote_active":false,"_monsterinsights_sitenote_note":"","_monsterinsights_sitenote_category":0,"footnotes":"","_wpscppro_dont_share_socialmedia":false,"_wpscppro_custom_social_share_image":0,"_facebook_share_type":"","_twitter_share_type":"","_linkedin_share_type":"","_pinterest_share_type":"","_linkedin_share_type_page":"","_instagram_share_type":"","_medium_share_type":"","_threads_share_type":"","_google_business_share_type":"","_selected_social_profile":[],"_wpsp_enable_custom_social_template":false,"_wpsp_social_scheduling":{"enabled":false,"datetime":null,"platforms":[],"status":"template_only","dateOption":"today","timeOption":"now","customDays":"","customHours":"","customDate":"","customTime":"","schedulingType":"absolute"},"_wpsp_active_default_template":true},"categories":[52,27],"tags":[],"class_list":["post-15843","post","type-post","status-publish","format-standard","has-post-thumbnail","hentry","category-a-la-une","category-actualite"],"aioseo_notices":[],"yoast_head":"<!-- This site is optimized with the Yoast SEO plugin v27.4 - https:\/\/yoast.com\/product\/yoast-seo-wordpress\/ -->\n<title>Vaccination, qualit\u00e9 des soins et revendications des personnels soignants : Les mises au point de Tebboune - La Sentinelle<\/title>\n<meta name=\"robots\" content=\"index, follow, max-snippet:-1, max-image-preview:large, max-video-preview:-1\" \/>\n<link rel=\"canonical\" href=\"https:\/\/lasentinelle.dz\/index.php\/2022\/01\/10\/vaccination-qualite-des-soins-et-revendications-des-personnels-soignants-les-mises-au-point-de-tebboune\/\" \/>\n<meta property=\"og:locale\" content=\"fr_FR\" \/>\n<meta property=\"og:type\" content=\"article\" \/>\n<meta property=\"og:title\" content=\"Vaccination, qualit\u00e9 des soins et revendications des personnels soignants : Les mises au point de Tebboune - La Sentinelle\" \/>\n<meta property=\"og:description\" content=\"Le pr\u00e9sident de la R\u00e9publique, Abdelmadjid Tebboune, a affirm\u00e9 hier que 2022 sera l\u2019ann\u00e9e de la r\u00e9forme du syst\u00e8me de\" \/>\n<meta property=\"og:url\" content=\"https:\/\/lasentinelle.dz\/index.php\/2022\/01\/10\/vaccination-qualite-des-soins-et-revendications-des-personnels-soignants-les-mises-au-point-de-tebboune\/\" \/>\n<meta property=\"og:site_name\" content=\"La Sentinelle\" \/>\n<meta property=\"article:publisher\" content=\"https:\/\/www.facebook.com\/La-Sentinelle-104059864394773\" \/>\n<meta property=\"article:published_time\" content=\"2022-01-09T23:05:00+00:00\" \/>\n<meta property=\"og:image\" content=\"https:\/\/lasentinelle.dz\/wp-content\/uploads\/2022\/01\/tebboune.png\" \/>\n\t<meta property=\"og:image:width\" content=\"1349\" \/>\n\t<meta property=\"og:image:height\" content=\"900\" \/>\n\t<meta property=\"og:image:type\" content=\"image\/png\" \/>\n<meta name=\"author\" content=\"La Sentinelle\" \/>\n<meta name=\"twitter:card\" content=\"summary_large_image\" \/>\n<meta name=\"twitter:label1\" content=\"\u00c9crit par\" \/>\n\t<meta name=\"twitter:data1\" content=\"La Sentinelle\" \/>\n\t<meta name=\"twitter:label2\" content=\"Dur\u00e9e de lecture estim\u00e9e\" \/>\n\t<meta name=\"twitter:data2\" content=\"4 minutes\" \/>\n<script type=\"application\/ld+json\" class=\"yoast-schema-graph\">{\"@context\":\"https:\\\/\\\/schema.org\",\"@graph\":[{\"@type\":\"Article\",\"@id\":\"https:\\\/\\\/lasentinelle.dz\\\/index.php\\\/2022\\\/01\\\/10\\\/vaccination-qualite-des-soins-et-revendications-des-personnels-soignants-les-mises-au-point-de-tebboune\\\/#article\",\"isPartOf\":{\"@id\":\"https:\\\/\\\/lasentinelle.dz\\\/index.php\\\/2022\\\/01\\\/10\\\/vaccination-qualite-des-soins-et-revendications-des-personnels-soignants-les-mises-au-point-de-tebboune\\\/\"},\"author\":{\"name\":\"La Sentinelle\",\"@id\":\"https:\\\/\\\/lasentinelle.dz\\\/#\\\/schema\\\/person\\\/d865044e22e70a75174ce8bcad3acfb3\"},\"headline\":\"Vaccination, qualit\u00e9 des soins et revendications des personnels soignants : Les mises au point de Tebboune\",\"datePublished\":\"2022-01-09T23:05:00+00:00\",\"mainEntityOfPage\":{\"@id\":\"https:\\\/\\\/lasentinelle.dz\\\/index.php\\\/2022\\\/01\\\/10\\\/vaccination-qualite-des-soins-et-revendications-des-personnels-soignants-les-mises-au-point-de-tebboune\\\/\"},\"wordCount\":940,\"commentCount\":0,\"publisher\":{\"@id\":\"https:\\\/\\\/lasentinelle.dz\\\/#organization\"},\"image\":{\"@id\":\"https:\\\/\\\/lasentinelle.dz\\\/index.php\\\/2022\\\/01\\\/10\\\/vaccination-qualite-des-soins-et-revendications-des-personnels-soignants-les-mises-au-point-de-tebboune\\\/#primaryimage\"},\"thumbnailUrl\":\"https:\\\/\\\/lasentinelle.dz\\\/wp-content\\\/uploads\\\/2022\\\/01\\\/tebboune.png\",\"articleSection\":[\"\u00c0 la Une\",\"Actualit\u00e9\"],\"inLanguage\":\"fr-FR\",\"potentialAction\":[{\"@type\":\"CommentAction\",\"name\":\"Comment\",\"target\":[\"https:\\\/\\\/lasentinelle.dz\\\/index.php\\\/2022\\\/01\\\/10\\\/vaccination-qualite-des-soins-et-revendications-des-personnels-soignants-les-mises-au-point-de-tebboune\\\/#respond\"]}]},{\"@type\":\"WebPage\",\"@id\":\"https:\\\/\\\/lasentinelle.dz\\\/index.php\\\/2022\\\/01\\\/10\\\/vaccination-qualite-des-soins-et-revendications-des-personnels-soignants-les-mises-au-point-de-tebboune\\\/\",\"url\":\"https:\\\/\\\/lasentinelle.dz\\\/index.php\\\/2022\\\/01\\\/10\\\/vaccination-qualite-des-soins-et-revendications-des-personnels-soignants-les-mises-au-point-de-tebboune\\\/\",\"name\":\"Vaccination, qualit\u00e9 des soins et revendications des personnels soignants : Les mises au point de Tebboune - La Sentinelle\",\"isPartOf\":{\"@id\":\"https:\\\/\\\/lasentinelle.dz\\\/#website\"},\"primaryImageOfPage\":{\"@id\":\"https:\\\/\\\/lasentinelle.dz\\\/index.php\\\/2022\\\/01\\\/10\\\/vaccination-qualite-des-soins-et-revendications-des-personnels-soignants-les-mises-au-point-de-tebboune\\\/#primaryimage\"},\"image\":{\"@id\":\"https:\\\/\\\/lasentinelle.dz\\\/index.php\\\/2022\\\/01\\\/10\\\/vaccination-qualite-des-soins-et-revendications-des-personnels-soignants-les-mises-au-point-de-tebboune\\\/#primaryimage\"},\"thumbnailUrl\":\"https:\\\/\\\/lasentinelle.dz\\\/wp-content\\\/uploads\\\/2022\\\/01\\\/tebboune.png\",\"datePublished\":\"2022-01-09T23:05:00+00:00\",\"breadcrumb\":{\"@id\":\"https:\\\/\\\/lasentinelle.dz\\\/index.php\\\/2022\\\/01\\\/10\\\/vaccination-qualite-des-soins-et-revendications-des-personnels-soignants-les-mises-au-point-de-tebboune\\\/#breadcrumb\"},\"inLanguage\":\"fr-FR\",\"potentialAction\":[{\"@type\":\"ReadAction\",\"target\":[\"https:\\\/\\\/lasentinelle.dz\\\/index.php\\\/2022\\\/01\\\/10\\\/vaccination-qualite-des-soins-et-revendications-des-personnels-soignants-les-mises-au-point-de-tebboune\\\/\"]}]},{\"@type\":\"ImageObject\",\"inLanguage\":\"fr-FR\",\"@id\":\"https:\\\/\\\/lasentinelle.dz\\\/index.php\\\/2022\\\/01\\\/10\\\/vaccination-qualite-des-soins-et-revendications-des-personnels-soignants-les-mises-au-point-de-tebboune\\\/#primaryimage\",\"url\":\"https:\\\/\\\/lasentinelle.dz\\\/wp-content\\\/uploads\\\/2022\\\/01\\\/tebboune.png\",\"contentUrl\":\"https:\\\/\\\/lasentinelle.dz\\\/wp-content\\\/uploads\\\/2022\\\/01\\\/tebboune.png\",\"width\":1349,\"height\":900},{\"@type\":\"BreadcrumbList\",\"@id\":\"https:\\\/\\\/lasentinelle.dz\\\/index.php\\\/2022\\\/01\\\/10\\\/vaccination-qualite-des-soins-et-revendications-des-personnels-soignants-les-mises-au-point-de-tebboune\\\/#breadcrumb\",\"itemListElement\":[{\"@type\":\"ListItem\",\"position\":1,\"name\":\"Accueil\",\"item\":\"https:\\\/\\\/lasentinelle.dz\\\/\"},{\"@type\":\"ListItem\",\"position\":2,\"name\":\"Vaccination, qualit\u00e9 des soins et revendications des personnels soignants : Les mises au point de Tebboune\"}]},{\"@type\":\"WebSite\",\"@id\":\"https:\\\/\\\/lasentinelle.dz\\\/#website\",\"url\":\"https:\\\/\\\/lasentinelle.dz\\\/\",\"name\":\"La Sentinelle\",\"description\":\"Quotidien national d&#039;information\",\"publisher\":{\"@id\":\"https:\\\/\\\/lasentinelle.dz\\\/#organization\"},\"potentialAction\":[{\"@type\":\"SearchAction\",\"target\":{\"@type\":\"EntryPoint\",\"urlTemplate\":\"https:\\\/\\\/lasentinelle.dz\\\/?s={search_term_string}\"},\"query-input\":{\"@type\":\"PropertyValueSpecification\",\"valueRequired\":true,\"valueName\":\"search_term_string\"}}],\"inLanguage\":\"fr-FR\"},{\"@type\":\"Organization\",\"@id\":\"https:\\\/\\\/lasentinelle.dz\\\/#organization\",\"name\":\"Quotidien La Sentinelle\",\"url\":\"https:\\\/\\\/lasentinelle.dz\\\/\",\"logo\":{\"@type\":\"ImageObject\",\"inLanguage\":\"fr-FR\",\"@id\":\"https:\\\/\\\/lasentinelle.dz\\\/#\\\/schema\\\/logo\\\/image\\\/\",\"url\":\"https:\\\/\\\/lasentinelle.dz\\\/wp-content\\\/uploads\\\/2021\\\/09\\\/logo-sentinelleSLOGAN-1.png\",\"contentUrl\":\"https:\\\/\\\/lasentinelle.dz\\\/wp-content\\\/uploads\\\/2021\\\/09\\\/logo-sentinelleSLOGAN-1.png\",\"width\":615,\"height\":142,\"caption\":\"Quotidien La Sentinelle\"},\"image\":{\"@id\":\"https:\\\/\\\/lasentinelle.dz\\\/#\\\/schema\\\/logo\\\/image\\\/\"},\"sameAs\":[\"https:\\\/\\\/www.facebook.com\\\/La-Sentinelle-104059864394773\"]},{\"@type\":\"Person\",\"@id\":\"https:\\\/\\\/lasentinelle.dz\\\/#\\\/schema\\\/person\\\/d865044e22e70a75174ce8bcad3acfb3\",\"name\":\"La Sentinelle\",\"image\":{\"@type\":\"ImageObject\",\"inLanguage\":\"fr-FR\",\"@id\":\"https:\\\/\\\/secure.gravatar.com\\\/avatar\\\/57de8e5d4b15d43fb361a71fbb36338450fe67865b528a43dd10ef7c51a20392?s=96&d=mm&r=g\",\"url\":\"https:\\\/\\\/secure.gravatar.com\\\/avatar\\\/57de8e5d4b15d43fb361a71fbb36338450fe67865b528a43dd10ef7c51a20392?s=96&d=mm&r=g\",\"contentUrl\":\"https:\\\/\\\/secure.gravatar.com\\\/avatar\\\/57de8e5d4b15d43fb361a71fbb36338450fe67865b528a43dd10ef7c51a20392?s=96&d=mm&r=g\",\"caption\":\"La Sentinelle\"},\"sameAs\":[\"http:\\\/\\\/www.lasentinelle.dz\"],\"url\":\"https:\\\/\\\/lasentinelle.dz\\\/author\\\/redaction\\\/\"}]}<\/script>\n<!-- \/ Yoast SEO plugin. -->","yoast_head_json":{"title":"Vaccination, qualit\u00e9 des soins et revendications des personnels soignants : Les mises au point de Tebboune - La Sentinelle","robots":{"index":"index","follow":"follow","max-snippet":"max-snippet:-1","max-image-preview":"max-image-preview:large","max-video-preview":"max-video-preview:-1"},"canonical":"https:\/\/lasentinelle.dz\/index.php\/2022\/01\/10\/vaccination-qualite-des-soins-et-revendications-des-personnels-soignants-les-mises-au-point-de-tebboune\/","og_locale":"fr_FR","og_type":"article","og_title":"Vaccination, qualit\u00e9 des soins et revendications des personnels soignants : Les mises au point de Tebboune - La Sentinelle","og_description":"Le pr\u00e9sident de la R\u00e9publique, Abdelmadjid Tebboune, a affirm\u00e9 hier que 2022 sera l\u2019ann\u00e9e de la r\u00e9forme du syst\u00e8me de","og_url":"https:\/\/lasentinelle.dz\/index.php\/2022\/01\/10\/vaccination-qualite-des-soins-et-revendications-des-personnels-soignants-les-mises-au-point-de-tebboune\/","og_site_name":"La Sentinelle","article_publisher":"https:\/\/www.facebook.com\/La-Sentinelle-104059864394773","article_published_time":"2022-01-09T23:05:00+00:00","og_image":[{"width":1349,"height":900,"url":"https:\/\/lasentinelle.dz\/wp-content\/uploads\/2022\/01\/tebboune.png","type":"image\/png"}],"author":"La Sentinelle","twitter_card":"summary_large_image","twitter_misc":{"\u00c9crit par":"La Sentinelle","Dur\u00e9e de lecture estim\u00e9e":"4 minutes"},"schema":{"@context":"https:\/\/schema.org","@graph":[{"@type":"Article","@id":"https:\/\/lasentinelle.dz\/index.php\/2022\/01\/10\/vaccination-qualite-des-soins-et-revendications-des-personnels-soignants-les-mises-au-point-de-tebboune\/#article","isPartOf":{"@id":"https:\/\/lasentinelle.dz\/index.php\/2022\/01\/10\/vaccination-qualite-des-soins-et-revendications-des-personnels-soignants-les-mises-au-point-de-tebboune\/"},"author":{"name":"La Sentinelle","@id":"https:\/\/lasentinelle.dz\/#\/schema\/person\/d865044e22e70a75174ce8bcad3acfb3"},"headline":"Vaccination, qualit\u00e9 des soins et revendications des personnels soignants : Les mises au point de Tebboune","datePublished":"2022-01-09T23:05:00+00:00","mainEntityOfPage":{"@id":"https:\/\/lasentinelle.dz\/index.php\/2022\/01\/10\/vaccination-qualite-des-soins-et-revendications-des-personnels-soignants-les-mises-au-point-de-tebboune\/"},"wordCount":940,"commentCount":0,"publisher":{"@id":"https:\/\/lasentinelle.dz\/#organization"},"image":{"@id":"https:\/\/lasentinelle.dz\/index.php\/2022\/01\/10\/vaccination-qualite-des-soins-et-revendications-des-personnels-soignants-les-mises-au-point-de-tebboune\/#primaryimage"},"thumbnailUrl":"https:\/\/lasentinelle.dz\/wp-content\/uploads\/2022\/01\/tebboune.png","articleSection":["\u00c0 la Une","Actualit\u00e9"],"inLanguage":"fr-FR","potentialAction":[{"@type":"CommentAction","name":"Comment","target":["https:\/\/lasentinelle.dz\/index.php\/2022\/01\/10\/vaccination-qualite-des-soins-et-revendications-des-personnels-soignants-les-mises-au-point-de-tebboune\/#respond"]}]},{"@type":"WebPage","@id":"https:\/\/lasentinelle.dz\/index.php\/2022\/01\/10\/vaccination-qualite-des-soins-et-revendications-des-personnels-soignants-les-mises-au-point-de-tebboune\/","url":"https:\/\/lasentinelle.dz\/index.php\/2022\/01\/10\/vaccination-qualite-des-soins-et-revendications-des-personnels-soignants-les-mises-au-point-de-tebboune\/","name":"Vaccination, qualit\u00e9 des soins et revendications des personnels soignants : Les mises au point de Tebboune - La Sentinelle","isPartOf":{"@id":"https:\/\/lasentinelle.dz\/#website"},"primaryImageOfPage":{"@id":"https:\/\/lasentinelle.dz\/index.php\/2022\/01\/10\/vaccination-qualite-des-soins-et-revendications-des-personnels-soignants-les-mises-au-point-de-tebboune\/#primaryimage"},"image":{"@id":"https:\/\/lasentinelle.dz\/index.php\/2022\/01\/10\/vaccination-qualite-des-soins-et-revendications-des-personnels-soignants-les-mises-au-point-de-tebboune\/#primaryimage"},"thumbnailUrl":"https:\/\/lasentinelle.dz\/wp-content\/uploads\/2022\/01\/tebboune.png","datePublished":"2022-01-09T23:05:00+00:00","breadcrumb":{"@id":"https:\/\/lasentinelle.dz\/index.php\/2022\/01\/10\/vaccination-qualite-des-soins-et-revendications-des-personnels-soignants-les-mises-au-point-de-tebboune\/#breadcrumb"},"inLanguage":"fr-FR","potentialAction":[{"@type":"ReadAction","target":["https:\/\/lasentinelle.dz\/index.php\/2022\/01\/10\/vaccination-qualite-des-soins-et-revendications-des-personnels-soignants-les-mises-au-point-de-tebboune\/"]}]},{"@type":"ImageObject","inLanguage":"fr-FR","@id":"https:\/\/lasentinelle.dz\/index.php\/2022\/01\/10\/vaccination-qualite-des-soins-et-revendications-des-personnels-soignants-les-mises-au-point-de-tebboune\/#primaryimage","url":"https:\/\/lasentinelle.dz\/wp-content\/uploads\/2022\/01\/tebboune.png","contentUrl":"https:\/\/lasentinelle.dz\/wp-content\/uploads\/2022\/01\/tebboune.png","width":1349,"height":900},{"@type":"BreadcrumbList","@id":"https:\/\/lasentinelle.dz\/index.php\/2022\/01\/10\/vaccination-qualite-des-soins-et-revendications-des-personnels-soignants-les-mises-au-point-de-tebboune\/#breadcrumb","itemListElement":[{"@type":"ListItem","position":1,"name":"Accueil","item":"https:\/\/lasentinelle.dz\/"},{"@type":"ListItem","position":2,"name":"Vaccination, qualit\u00e9 des soins et revendications des personnels soignants : Les mises au point de Tebboune"}]},{"@type":"WebSite","@id":"https:\/\/lasentinelle.dz\/#website","url":"https:\/\/lasentinelle.dz\/","name":"La Sentinelle","description":"Quotidien national d&#039;information","publisher":{"@id":"https:\/\/lasentinelle.dz\/#organization"},"potentialAction":[{"@type":"SearchAction","target":{"@type":"EntryPoint","urlTemplate":"https:\/\/lasentinelle.dz\/?s={search_term_string}"},"query-input":{"@type":"PropertyValueSpecification","valueRequired":true,"valueName":"search_term_string"}}],"inLanguage":"fr-FR"},{"@type":"Organization","@id":"https:\/\/lasentinelle.dz\/#organization","name":"Quotidien La Sentinelle","url":"https:\/\/lasentinelle.dz\/","logo":{"@type":"ImageObject","inLanguage":"fr-FR","@id":"https:\/\/lasentinelle.dz\/#\/schema\/logo\/image\/","url":"https:\/\/lasentinelle.dz\/wp-content\/uploads\/2021\/09\/logo-sentinelleSLOGAN-1.png","contentUrl":"https:\/\/lasentinelle.dz\/wp-content\/uploads\/2021\/09\/logo-sentinelleSLOGAN-1.png","width":615,"height":142,"caption":"Quotidien La Sentinelle"},"image":{"@id":"https:\/\/lasentinelle.dz\/#\/schema\/logo\/image\/"},"sameAs":["https:\/\/www.facebook.com\/La-Sentinelle-104059864394773"]},{"@type":"Person","@id":"https:\/\/lasentinelle.dz\/#\/schema\/person\/d865044e22e70a75174ce8bcad3acfb3","name":"La Sentinelle","image":{"@type":"ImageObject","inLanguage":"fr-FR","@id":"https:\/\/secure.gravatar.com\/avatar\/57de8e5d4b15d43fb361a71fbb36338450fe67865b528a43dd10ef7c51a20392?s=96&d=mm&r=g","url":"https:\/\/secure.gravatar.com\/avatar\/57de8e5d4b15d43fb361a71fbb36338450fe67865b528a43dd10ef7c51a20392?s=96&d=mm&r=g","contentUrl":"https:\/\/secure.gravatar.com\/avatar\/57de8e5d4b15d43fb361a71fbb36338450fe67865b528a43dd10ef7c51a20392?s=96&d=mm&r=g","caption":"La Sentinelle"},"sameAs":["http:\/\/www.lasentinelle.dz"],"url":"https:\/\/lasentinelle.dz\/author\/redaction\/"}]}},"_links":{"self":[{"href":"https:\/\/lasentinelle.dz\/index.php\/wp-json\/wp\/v2\/posts\/15843","targetHints":{"allow":["GET"]}}],"collection":[{"href":"https:\/\/lasentinelle.dz\/index.php\/wp-json\/wp\/v2\/posts"}],"about":[{"href":"https:\/\/lasentinelle.dz\/index.php\/wp-json\/wp\/v2\/types\/post"}],"author":[{"embeddable":true,"href":"https:\/\/lasentinelle.dz\/index.php\/wp-json\/wp\/v2\/users\/3"}],"replies":[{"embeddable":true,"href":"https:\/\/lasentinelle.dz\/index.php\/wp-json\/wp\/v2\/comments?post=15843"}],"version-history":[{"count":1,"href":"https:\/\/lasentinelle.dz\/index.php\/wp-json\/wp\/v2\/posts\/15843\/revisions"}],"predecessor-version":[{"id":15847,"href":"https:\/\/lasentinelle.dz\/index.php\/wp-json\/wp\/v2\/posts\/15843\/revisions\/15847"}],"wp:featuredmedia":[{"embeddable":true,"href":"https:\/\/lasentinelle.dz\/index.php\/wp-json\/wp\/v2\/media\/15846"}],"wp:attachment":[{"href":"https:\/\/lasentinelle.dz\/index.php\/wp-json\/wp\/v2\/media?parent=15843"}],"wp:term":[{"taxonomy":"category","embeddable":true,"href":"https:\/\/lasentinelle.dz\/index.php\/wp-json\/wp\/v2\/categories?post=15843"},{"taxonomy":"post_tag","embeddable":true,"href":"https:\/\/lasentinelle.dz\/index.php\/wp-json\/wp\/v2\/tags?post=15843"}],"curies":[{"name":"wp","href":"https:\/\/api.w.org\/{rel}","templated":true}]}}