{"id":15851,"date":"2022-01-11T00:05:00","date_gmt":"2022-01-10T23:05:00","guid":{"rendered":"https:\/\/lasentinelle.dz\/?p=15851"},"modified":"2022-01-10T21:11:04","modified_gmt":"2022-01-10T20:11:04","slug":"les-president-des-groupes-parlementaires-se-liguent-contre-boughali-bras-de-fer-a-lapn","status":"publish","type":"post","link":"https:\/\/lasentinelle.dz\/index.php\/2022\/01\/11\/les-president-des-groupes-parlementaires-se-liguent-contre-boughali-bras-de-fer-a-lapn\/","title":{"rendered":"Les pr\u00e9sidents des groupes parlementaires se liguent contre Boughali : Bras de fer \u00e0 l\u2019APN"},"content":{"rendered":"\n<p>L\u2019Assembl\u00e9e populaire nationale conna\u00eet ses premi\u00e8res tensions, six mois \u00e0 peine apr\u00e8s son \u00e9lection.&nbsp;<\/p>\n\n\n\n<p>Un bras de fer oppose depuis quelques jours le tenant du perchoir, issu du groupe parlementaire des ind\u00e9pendants, Brahim Boughali, aux pr\u00e9sidents de cinq groupes parlementaires de la majorit\u00e9 et de l\u2019opposition. Bien que les tensions soient dues, officiellement, \u00e0 une querelle sur des questions organisationnelles et protocolaires, l\u2019on s\u2019interroge d\u00e9j\u00e0 si cette querelle ne cache pas des dissensions plus profondes. Les groupes parlementaires&nbsp;du&nbsp;FLN,&nbsp;duRND,&nbsp;d\u2019El Bina,&nbsp;du&nbsp;MSP et&nbsp;d\u2019El Moustakbal se sont,&nbsp;semble-t-il, ligu\u00e9s contre le pr\u00e9sident&nbsp;de l\u2019APN, Brahmi Boughali, \u00e0 qui ils exigent le retour \u00e0 l\u2019application du r\u00e8glement int\u00e9rieur de l\u2019institution parlementaire.<\/p>\n\n\n\n<p>Une&nbsp;conf\u00e9rence de presse&nbsp;a, en effet, \u00e9t\u00e9 anim\u00e9e hier \u00e0 l\u2019issue d\u2019une pl\u00e9ni\u00e8re d\u00e9di\u00e9e \u00e0 l\u2019examen du projet de loi pourtant sur l\u2019organisation judiciaire, par les repr\u00e9sentants des&nbsp;cinq groupes parlementaires. Une conf\u00e9rence destin\u00e9e \u00e0 r\u00e9pondre, selon ses initiateurs, \u00ab&nbsp;aux d\u00e9passements&nbsp; du teneur du perchoir et de mettre les points sur les \u00ab&nbsp;i&nbsp;\u00bb. Ainsi,&nbsp;Sid Ahmed Temamri,&nbsp;pr\u00e9sident du groupe parlementaire FLN est revenu sur l\u2019incident qui mis le feu aux poudres lors de la journ\u00e9e consacr\u00e9e \u00e0 l\u2019\u00e9valuation de l\u2019action diplomatique du Parlement tenue mercredi. Il a ainsi reproch\u00e9 \u00e0 Boughali d\u2019avoir interdit l\u2019acc\u00e8s \u00e0 la salle o\u00f9 se tenaient les travaux de cette journ\u00e9e, \u00e0 certains pr\u00e9sidents de groupes parlementaires, au motif qu\u2019ils \u00e9taient en retard. Il lui reproche surtout de l\u2019avoir fait de mani\u00e8re peu cavali\u00e8re et qui ne respectent pas les dispositions du r\u00e8glement int\u00e9rieur de l\u2019institution parlementaire.&nbsp;&nbsp;Il pr\u00e9cisera&nbsp;dans son intervention, que \u00ab les retards sont r\u00e9currents \u00bb, d\u00e9plorant le fait que les m\u00e9dias&nbsp;aient impliqu\u00e9s, ce qui est,&nbsp;selon ses dires,&nbsp;\u00ab un comportement inadmissible \u00bb.&nbsp;Le d\u00e9put\u00e9 du parti d\u2019Abou El Fadhl B\u00e2adji&nbsp;a appel\u00e9 le pr\u00e9sident de l\u2019APN \u00e0 appliquer le r\u00e8glement int\u00e9rieur de cette institution \u00e9lue, estimant que \u00ab la base de la mission l\u00e9gislative est la prise en charge des pr\u00e9occupations des citoyens \u00bb.<\/p>\n\n\n\n<p>De son c\u00f4t\u00e9, le&nbsp;pr\u00e9sident du groupe parlementaire&nbsp;du RND, Mohamed Touil, a indiqu\u00e9 que \u00ab les chefs de groupes parlementaires n\u2019ont,&nbsp;\u00e0 aucun moment,&nbsp;enfreint le r\u00e8glement int\u00e9rieur de l\u2019APN \u00bb, expliquant que \u00ab la mission du parlementaire est dict\u00e9e par la Constitution et le r\u00e8glement int\u00e9rieur du&nbsp;Parlement \u00bb. Et de pr\u00e9ciser&nbsp;que \u00ab le pr\u00e9sident de l\u2019APN s\u2019est adress\u00e9 aux m\u00e9dias ce qui est contraire aux us parlementaires \u00bb.&nbsp;Le d\u00e9put\u00e9 du parti de Tayeb Zitouni estime qu\u2019 \u00ab il existe un simple diff\u00e9rend&nbsp;organisationnel que&nbsp;nous voulons r\u00e9soudre au sein de l\u2019institution\u00bb, appelant lui aussi \u00e0 l\u2019application du r\u00e8glement r\u00e9gissant cette institution.<\/p>\n\n\n\n<p>Du c\u00f4t\u00e9 du groupe parlementaire&nbsp;du MSP, Ahmed Sadouk a tenu \u00e0 assurer que \u00ab le conflit est loin d\u2019\u00eatre personnel ou un quelconque r\u00e8glement de comptes, avec le pr\u00e9sident de l\u2019APN \u00bb, expliquant que \u00ab ce qui c\u2019est pass\u00e9 est un manque de consid\u00e9ration, voire une humiliation \u00e0 l\u2019\u00e9gard des chefs de groupes parlementaires ainsi qu\u2019envers certains d\u00e9put\u00e9s \u00bb, et ce dit-il \u00ab en&nbsp;permettant \u00e0&nbsp;des employ\u00e9s de l\u2019APN de les chasser d\u2019une rencontre \u00e0 laquelle ils \u00e9taient convi\u00e9s \u00bb<\/p>\n\n\n\n<p>Pour sa part, le&nbsp;pr\u00e9sident du&nbsp;groupe&nbsp;parlementaired\u2019El Bina, Kamel Ben Khelouf, a rappel\u00e9 que \u00ab&nbsp;l\u2019Assembl\u00e9e populaire nationale&nbsp;est une institution&nbsp;constitutionnelle \u00bb, estimant que \u00ab l\u2019application du r\u00e8glement int\u00e9rieur et le contr\u00f4le de l\u2019action du gouvernement ainsi que la transmission des pr\u00e9occupations des citoyens, sont la base de la mission des chefs de groupes parlementaires \u00bb et non pas,&nbsp;dit-il \u00ab ces futilit\u00e9s qui ne m\u00e8nent \u00e0 rien \u00bb.&nbsp;Le chef de groupe d\u2019El Moustakbal Fatah Boutbik,&nbsp;&nbsp;estime&nbsp;&nbsp;que \u00ab l\u2019essentiel est de servir le citoyen en s\u2019\u00e9loignant des pratiques anciennes \u00bb.Et d\u2019ajouter \u00ab en ce qui concerne le travail quotidien du d\u00e9put\u00e9 est une affaire interne au parlement et il est inadmissible de l\u2019\u00e9taler en dehors de cette institution \u00bb, appelant \u00e0 \u00ab corriger les failles commises durant les derniers six mois \u00bb.<\/p>\n\n\n\n<p>Il est utile de noter dans ce contexte que le conflit a \u00e9clat\u00e9 au grand jour lorsque des chefs de groupes parlementaires \u00ab&nbsp;retardataires&nbsp;\u00bb ont \u00e9t\u00e9 interdits d\u2019acc\u00e8s aux travaux d\u2019une journ\u00e9e parlementaire organis\u00e9e mercredi. Le fait qui a \u00e9t\u00e9 rapport\u00e9 par un site \u00e9lectronique a conduit le pr\u00e9sident de l\u2019APN \u00e0 publier une mise au point, assez virulente, avant de r\u00e9tracter. Un incident qui a conduit \u00e0 une controverse entre le Brahim Boughali et les pr\u00e9sidents des groupes parlementaires. Cette querelle semble futile au regard des questions nationale sur lesquelles doit se pencher le Parlement. Or, cela laisse interrogateur quant aux motifs r\u00e9els de cette empoignade. Serait-ce un sursaut de dignit\u00e9 de parlementaires qui transcendent leurs appartenances politiques et se solidarisent pour imposer le respect des r\u00e8gles au sein de l\u2019institution parlementaire, ou ces tensions refl\u00e8tent-elles des dissensions plus profondes qui peuvent conduire \u00e0 la modification de la structure de la majorit\u00e9 parlementaire&nbsp;?<\/p>\n\n\n\n<p><strong>Boubekeur Amrani<\/strong><\/p>\n","protected":false},"excerpt":{"rendered":"<p>L\u2019Assembl\u00e9e populaire nationale conna\u00eet ses premi\u00e8res tensions, six mois \u00e0 peine apr\u00e8s son \u00e9lection.&nbsp; Un bras de fer oppose depuis<\/p>\n","protected":false},"author":3,"featured_media":15864,"comment_status":"open","ping_status":"closed","sticky":false,"template":"","format":"standard","meta":{"colormag_page_container_layout":"default_layout","colormag_page_sidebar_layout":"default_layout","om_disable_all_campaigns":false,"_monsterinsights_skip_tracking":false,"_monsterinsights_sitenote_active":false,"_monsterinsights_sitenote_note":"","_monsterinsights_sitenote_category":0,"footnotes":"","_wpscppro_dont_share_socialmedia":false,"_wpscppro_custom_social_share_image":0,"_facebook_share_type":"","_twitter_share_type":"","_linkedin_share_type":"","_pinterest_share_type":"","_linkedin_share_type_page":"","_instagram_share_type":"","_medium_share_type":"","_threads_share_type":"","_google_business_share_type":"","_selected_social_profile":[],"_wpsp_enable_custom_social_template":false,"_wpsp_social_scheduling":{"enabled":false,"datetime":null,"platforms":[],"status":"template_only","dateOption":"today","timeOption":"now","customDays":"","customHours":"","customDate":"","customTime":"","schedulingType":"absolute"},"_wpsp_active_default_template":true},"categories":[52,27],"tags":[],"class_list":["post-15851","post","type-post","status-publish","format-standard","has-post-thumbnail","hentry","category-a-la-une","category-actualite"],"aioseo_notices":[],"yoast_head":"<!-- This site is optimized with the Yoast SEO plugin v27.5 - https:\/\/yoast.com\/product\/yoast-seo-wordpress\/ -->\n<title>Les pr\u00e9sidents des groupes parlementaires se liguent contre Boughali : Bras de fer \u00e0 l\u2019APN - La Sentinelle<\/title>\n<meta name=\"robots\" content=\"index, follow, max-snippet:-1, max-image-preview:large, max-video-preview:-1\" \/>\n<link rel=\"canonical\" href=\"https:\/\/lasentinelle.dz\/index.php\/2022\/01\/11\/les-president-des-groupes-parlementaires-se-liguent-contre-boughali-bras-de-fer-a-lapn\/\" \/>\n<meta property=\"og:locale\" content=\"fr_FR\" \/>\n<meta property=\"og:type\" content=\"article\" \/>\n<meta property=\"og:title\" content=\"Les pr\u00e9sidents des groupes parlementaires se liguent contre Boughali : Bras de fer \u00e0 l\u2019APN - La Sentinelle\" \/>\n<meta property=\"og:description\" content=\"L\u2019Assembl\u00e9e populaire nationale conna\u00eet ses premi\u00e8res tensions, six mois \u00e0 peine apr\u00e8s son \u00e9lection.&nbsp; Un bras de fer oppose depuis\" \/>\n<meta property=\"og:url\" content=\"https:\/\/lasentinelle.dz\/index.php\/2022\/01\/11\/les-president-des-groupes-parlementaires-se-liguent-contre-boughali-bras-de-fer-a-lapn\/\" \/>\n<meta property=\"og:site_name\" content=\"La Sentinelle\" \/>\n<meta property=\"article:publisher\" content=\"https:\/\/www.facebook.com\/La-Sentinelle-104059864394773\" \/>\n<meta property=\"article:published_time\" content=\"2022-01-10T23:05:00+00:00\" \/>\n<meta property=\"og:image\" content=\"https:\/\/lasentinelle.dz\/wp-content\/uploads\/2022\/01\/apn.jpeg\" \/>\n\t<meta property=\"og:image:width\" content=\"730\" \/>\n\t<meta property=\"og:image:height\" content=\"438\" \/>\n\t<meta property=\"og:image:type\" content=\"image\/jpeg\" \/>\n<meta name=\"author\" content=\"La Sentinelle\" \/>\n<meta name=\"twitter:card\" content=\"summary_large_image\" \/>\n<meta name=\"twitter:label1\" content=\"\u00c9crit par\" \/>\n\t<meta name=\"twitter:data1\" content=\"La Sentinelle\" \/>\n\t<meta name=\"twitter:label2\" content=\"Dur\u00e9e de lecture estim\u00e9e\" \/>\n\t<meta name=\"twitter:data2\" content=\"4 minutes\" \/>\n<script type=\"application\/ld+json\" class=\"yoast-schema-graph\">{\"@context\":\"https:\\\/\\\/schema.org\",\"@graph\":[{\"@type\":\"Article\",\"@id\":\"https:\\\/\\\/lasentinelle.dz\\\/index.php\\\/2022\\\/01\\\/11\\\/les-president-des-groupes-parlementaires-se-liguent-contre-boughali-bras-de-fer-a-lapn\\\/#article\",\"isPartOf\":{\"@id\":\"https:\\\/\\\/lasentinelle.dz\\\/index.php\\\/2022\\\/01\\\/11\\\/les-president-des-groupes-parlementaires-se-liguent-contre-boughali-bras-de-fer-a-lapn\\\/\"},\"author\":{\"name\":\"La Sentinelle\",\"@id\":\"https:\\\/\\\/lasentinelle.dz\\\/#\\\/schema\\\/person\\\/d865044e22e70a75174ce8bcad3acfb3\"},\"headline\":\"Les pr\u00e9sidents des groupes parlementaires se liguent contre Boughali : Bras de fer \u00e0 l\u2019APN\",\"datePublished\":\"2022-01-10T23:05:00+00:00\",\"mainEntityOfPage\":{\"@id\":\"https:\\\/\\\/lasentinelle.dz\\\/index.php\\\/2022\\\/01\\\/11\\\/les-president-des-groupes-parlementaires-se-liguent-contre-boughali-bras-de-fer-a-lapn\\\/\"},\"wordCount\":958,\"commentCount\":0,\"publisher\":{\"@id\":\"https:\\\/\\\/lasentinelle.dz\\\/#organization\"},\"image\":{\"@id\":\"https:\\\/\\\/lasentinelle.dz\\\/index.php\\\/2022\\\/01\\\/11\\\/les-president-des-groupes-parlementaires-se-liguent-contre-boughali-bras-de-fer-a-lapn\\\/#primaryimage\"},\"thumbnailUrl\":\"https:\\\/\\\/lasentinelle.dz\\\/wp-content\\\/uploads\\\/2022\\\/01\\\/apn.jpeg\",\"articleSection\":[\"\u00c0 la Une\",\"Actualit\u00e9\"],\"inLanguage\":\"fr-FR\",\"potentialAction\":[{\"@type\":\"CommentAction\",\"name\":\"Comment\",\"target\":[\"https:\\\/\\\/lasentinelle.dz\\\/index.php\\\/2022\\\/01\\\/11\\\/les-president-des-groupes-parlementaires-se-liguent-contre-boughali-bras-de-fer-a-lapn\\\/#respond\"]}]},{\"@type\":\"WebPage\",\"@id\":\"https:\\\/\\\/lasentinelle.dz\\\/index.php\\\/2022\\\/01\\\/11\\\/les-president-des-groupes-parlementaires-se-liguent-contre-boughali-bras-de-fer-a-lapn\\\/\",\"url\":\"https:\\\/\\\/lasentinelle.dz\\\/index.php\\\/2022\\\/01\\\/11\\\/les-president-des-groupes-parlementaires-se-liguent-contre-boughali-bras-de-fer-a-lapn\\\/\",\"name\":\"Les pr\u00e9sidents des groupes parlementaires se liguent contre Boughali : Bras de fer \u00e0 l\u2019APN - La Sentinelle\",\"isPartOf\":{\"@id\":\"https:\\\/\\\/lasentinelle.dz\\\/#website\"},\"primaryImageOfPage\":{\"@id\":\"https:\\\/\\\/lasentinelle.dz\\\/index.php\\\/2022\\\/01\\\/11\\\/les-president-des-groupes-parlementaires-se-liguent-contre-boughali-bras-de-fer-a-lapn\\\/#primaryimage\"},\"image\":{\"@id\":\"https:\\\/\\\/lasentinelle.dz\\\/index.php\\\/2022\\\/01\\\/11\\\/les-president-des-groupes-parlementaires-se-liguent-contre-boughali-bras-de-fer-a-lapn\\\/#primaryimage\"},\"thumbnailUrl\":\"https:\\\/\\\/lasentinelle.dz\\\/wp-content\\\/uploads\\\/2022\\\/01\\\/apn.jpeg\",\"datePublished\":\"2022-01-10T23:05:00+00:00\",\"breadcrumb\":{\"@id\":\"https:\\\/\\\/lasentinelle.dz\\\/index.php\\\/2022\\\/01\\\/11\\\/les-president-des-groupes-parlementaires-se-liguent-contre-boughali-bras-de-fer-a-lapn\\\/#breadcrumb\"},\"inLanguage\":\"fr-FR\",\"potentialAction\":[{\"@type\":\"ReadAction\",\"target\":[\"https:\\\/\\\/lasentinelle.dz\\\/index.php\\\/2022\\\/01\\\/11\\\/les-president-des-groupes-parlementaires-se-liguent-contre-boughali-bras-de-fer-a-lapn\\\/\"]}]},{\"@type\":\"ImageObject\",\"inLanguage\":\"fr-FR\",\"@id\":\"https:\\\/\\\/lasentinelle.dz\\\/index.php\\\/2022\\\/01\\\/11\\\/les-president-des-groupes-parlementaires-se-liguent-contre-boughali-bras-de-fer-a-lapn\\\/#primaryimage\",\"url\":\"https:\\\/\\\/lasentinelle.dz\\\/wp-content\\\/uploads\\\/2022\\\/01\\\/apn.jpeg\",\"contentUrl\":\"https:\\\/\\\/lasentinelle.dz\\\/wp-content\\\/uploads\\\/2022\\\/01\\\/apn.jpeg\",\"width\":730,\"height\":438},{\"@type\":\"BreadcrumbList\",\"@id\":\"https:\\\/\\\/lasentinelle.dz\\\/index.php\\\/2022\\\/01\\\/11\\\/les-president-des-groupes-parlementaires-se-liguent-contre-boughali-bras-de-fer-a-lapn\\\/#breadcrumb\",\"itemListElement\":[{\"@type\":\"ListItem\",\"position\":1,\"name\":\"Accueil\",\"item\":\"https:\\\/\\\/lasentinelle.dz\\\/\"},{\"@type\":\"ListItem\",\"position\":2,\"name\":\"Les pr\u00e9sidents des groupes parlementaires se liguent contre Boughali : Bras de fer \u00e0 l\u2019APN\"}]},{\"@type\":\"WebSite\",\"@id\":\"https:\\\/\\\/lasentinelle.dz\\\/#website\",\"url\":\"https:\\\/\\\/lasentinelle.dz\\\/\",\"name\":\"La Sentinelle\",\"description\":\"Quotidien national d&#039;information\",\"publisher\":{\"@id\":\"https:\\\/\\\/lasentinelle.dz\\\/#organization\"},\"potentialAction\":[{\"@type\":\"SearchAction\",\"target\":{\"@type\":\"EntryPoint\",\"urlTemplate\":\"https:\\\/\\\/lasentinelle.dz\\\/?s={search_term_string}\"},\"query-input\":{\"@type\":\"PropertyValueSpecification\",\"valueRequired\":true,\"valueName\":\"search_term_string\"}}],\"inLanguage\":\"fr-FR\"},{\"@type\":\"Organization\",\"@id\":\"https:\\\/\\\/lasentinelle.dz\\\/#organization\",\"name\":\"Quotidien La Sentinelle\",\"url\":\"https:\\\/\\\/lasentinelle.dz\\\/\",\"logo\":{\"@type\":\"ImageObject\",\"inLanguage\":\"fr-FR\",\"@id\":\"https:\\\/\\\/lasentinelle.dz\\\/#\\\/schema\\\/logo\\\/image\\\/\",\"url\":\"https:\\\/\\\/lasentinelle.dz\\\/wp-content\\\/uploads\\\/2021\\\/09\\\/logo-sentinelleSLOGAN-1.png\",\"contentUrl\":\"https:\\\/\\\/lasentinelle.dz\\\/wp-content\\\/uploads\\\/2021\\\/09\\\/logo-sentinelleSLOGAN-1.png\",\"width\":615,\"height\":142,\"caption\":\"Quotidien La Sentinelle\"},\"image\":{\"@id\":\"https:\\\/\\\/lasentinelle.dz\\\/#\\\/schema\\\/logo\\\/image\\\/\"},\"sameAs\":[\"https:\\\/\\\/www.facebook.com\\\/La-Sentinelle-104059864394773\"]},{\"@type\":\"Person\",\"@id\":\"https:\\\/\\\/lasentinelle.dz\\\/#\\\/schema\\\/person\\\/d865044e22e70a75174ce8bcad3acfb3\",\"name\":\"La Sentinelle\",\"image\":{\"@type\":\"ImageObject\",\"inLanguage\":\"fr-FR\",\"@id\":\"https:\\\/\\\/secure.gravatar.com\\\/avatar\\\/57de8e5d4b15d43fb361a71fbb36338450fe67865b528a43dd10ef7c51a20392?s=96&d=mm&r=g\",\"url\":\"https:\\\/\\\/secure.gravatar.com\\\/avatar\\\/57de8e5d4b15d43fb361a71fbb36338450fe67865b528a43dd10ef7c51a20392?s=96&d=mm&r=g\",\"contentUrl\":\"https:\\\/\\\/secure.gravatar.com\\\/avatar\\\/57de8e5d4b15d43fb361a71fbb36338450fe67865b528a43dd10ef7c51a20392?s=96&d=mm&r=g\",\"caption\":\"La Sentinelle\"},\"sameAs\":[\"http:\\\/\\\/www.lasentinelle.dz\"],\"url\":\"https:\\\/\\\/lasentinelle.dz\\\/author\\\/redaction\\\/\"}]}<\/script>\n<!-- \/ Yoast SEO plugin. -->","yoast_head_json":{"title":"Les pr\u00e9sidents des groupes parlementaires se liguent contre Boughali : Bras de fer \u00e0 l\u2019APN - La Sentinelle","robots":{"index":"index","follow":"follow","max-snippet":"max-snippet:-1","max-image-preview":"max-image-preview:large","max-video-preview":"max-video-preview:-1"},"canonical":"https:\/\/lasentinelle.dz\/index.php\/2022\/01\/11\/les-president-des-groupes-parlementaires-se-liguent-contre-boughali-bras-de-fer-a-lapn\/","og_locale":"fr_FR","og_type":"article","og_title":"Les pr\u00e9sidents des groupes parlementaires se liguent contre Boughali : Bras de fer \u00e0 l\u2019APN - La Sentinelle","og_description":"L\u2019Assembl\u00e9e populaire nationale conna\u00eet ses premi\u00e8res tensions, six mois \u00e0 peine apr\u00e8s son \u00e9lection.&nbsp; Un bras de fer oppose depuis","og_url":"https:\/\/lasentinelle.dz\/index.php\/2022\/01\/11\/les-president-des-groupes-parlementaires-se-liguent-contre-boughali-bras-de-fer-a-lapn\/","og_site_name":"La Sentinelle","article_publisher":"https:\/\/www.facebook.com\/La-Sentinelle-104059864394773","article_published_time":"2022-01-10T23:05:00+00:00","og_image":[{"width":730,"height":438,"url":"https:\/\/lasentinelle.dz\/wp-content\/uploads\/2022\/01\/apn.jpeg","type":"image\/jpeg"}],"author":"La Sentinelle","twitter_card":"summary_large_image","twitter_misc":{"\u00c9crit par":"La Sentinelle","Dur\u00e9e de lecture estim\u00e9e":"4 minutes"},"schema":{"@context":"https:\/\/schema.org","@graph":[{"@type":"Article","@id":"https:\/\/lasentinelle.dz\/index.php\/2022\/01\/11\/les-president-des-groupes-parlementaires-se-liguent-contre-boughali-bras-de-fer-a-lapn\/#article","isPartOf":{"@id":"https:\/\/lasentinelle.dz\/index.php\/2022\/01\/11\/les-president-des-groupes-parlementaires-se-liguent-contre-boughali-bras-de-fer-a-lapn\/"},"author":{"name":"La Sentinelle","@id":"https:\/\/lasentinelle.dz\/#\/schema\/person\/d865044e22e70a75174ce8bcad3acfb3"},"headline":"Les pr\u00e9sidents des groupes parlementaires se liguent contre Boughali : Bras de fer \u00e0 l\u2019APN","datePublished":"2022-01-10T23:05:00+00:00","mainEntityOfPage":{"@id":"https:\/\/lasentinelle.dz\/index.php\/2022\/01\/11\/les-president-des-groupes-parlementaires-se-liguent-contre-boughali-bras-de-fer-a-lapn\/"},"wordCount":958,"commentCount":0,"publisher":{"@id":"https:\/\/lasentinelle.dz\/#organization"},"image":{"@id":"https:\/\/lasentinelle.dz\/index.php\/2022\/01\/11\/les-president-des-groupes-parlementaires-se-liguent-contre-boughali-bras-de-fer-a-lapn\/#primaryimage"},"thumbnailUrl":"https:\/\/lasentinelle.dz\/wp-content\/uploads\/2022\/01\/apn.jpeg","articleSection":["\u00c0 la Une","Actualit\u00e9"],"inLanguage":"fr-FR","potentialAction":[{"@type":"CommentAction","name":"Comment","target":["https:\/\/lasentinelle.dz\/index.php\/2022\/01\/11\/les-president-des-groupes-parlementaires-se-liguent-contre-boughali-bras-de-fer-a-lapn\/#respond"]}]},{"@type":"WebPage","@id":"https:\/\/lasentinelle.dz\/index.php\/2022\/01\/11\/les-president-des-groupes-parlementaires-se-liguent-contre-boughali-bras-de-fer-a-lapn\/","url":"https:\/\/lasentinelle.dz\/index.php\/2022\/01\/11\/les-president-des-groupes-parlementaires-se-liguent-contre-boughali-bras-de-fer-a-lapn\/","name":"Les pr\u00e9sidents des groupes parlementaires se liguent contre Boughali : Bras de fer \u00e0 l\u2019APN - La Sentinelle","isPartOf":{"@id":"https:\/\/lasentinelle.dz\/#website"},"primaryImageOfPage":{"@id":"https:\/\/lasentinelle.dz\/index.php\/2022\/01\/11\/les-president-des-groupes-parlementaires-se-liguent-contre-boughali-bras-de-fer-a-lapn\/#primaryimage"},"image":{"@id":"https:\/\/lasentinelle.dz\/index.php\/2022\/01\/11\/les-president-des-groupes-parlementaires-se-liguent-contre-boughali-bras-de-fer-a-lapn\/#primaryimage"},"thumbnailUrl":"https:\/\/lasentinelle.dz\/wp-content\/uploads\/2022\/01\/apn.jpeg","datePublished":"2022-01-10T23:05:00+00:00","breadcrumb":{"@id":"https:\/\/lasentinelle.dz\/index.php\/2022\/01\/11\/les-president-des-groupes-parlementaires-se-liguent-contre-boughali-bras-de-fer-a-lapn\/#breadcrumb"},"inLanguage":"fr-FR","potentialAction":[{"@type":"ReadAction","target":["https:\/\/lasentinelle.dz\/index.php\/2022\/01\/11\/les-president-des-groupes-parlementaires-se-liguent-contre-boughali-bras-de-fer-a-lapn\/"]}]},{"@type":"ImageObject","inLanguage":"fr-FR","@id":"https:\/\/lasentinelle.dz\/index.php\/2022\/01\/11\/les-president-des-groupes-parlementaires-se-liguent-contre-boughali-bras-de-fer-a-lapn\/#primaryimage","url":"https:\/\/lasentinelle.dz\/wp-content\/uploads\/2022\/01\/apn.jpeg","contentUrl":"https:\/\/lasentinelle.dz\/wp-content\/uploads\/2022\/01\/apn.jpeg","width":730,"height":438},{"@type":"BreadcrumbList","@id":"https:\/\/lasentinelle.dz\/index.php\/2022\/01\/11\/les-president-des-groupes-parlementaires-se-liguent-contre-boughali-bras-de-fer-a-lapn\/#breadcrumb","itemListElement":[{"@type":"ListItem","position":1,"name":"Accueil","item":"https:\/\/lasentinelle.dz\/"},{"@type":"ListItem","position":2,"name":"Les pr\u00e9sidents des groupes parlementaires se liguent contre Boughali : Bras de fer \u00e0 l\u2019APN"}]},{"@type":"WebSite","@id":"https:\/\/lasentinelle.dz\/#website","url":"https:\/\/lasentinelle.dz\/","name":"La Sentinelle","description":"Quotidien national d&#039;information","publisher":{"@id":"https:\/\/lasentinelle.dz\/#organization"},"potentialAction":[{"@type":"SearchAction","target":{"@type":"EntryPoint","urlTemplate":"https:\/\/lasentinelle.dz\/?s={search_term_string}"},"query-input":{"@type":"PropertyValueSpecification","valueRequired":true,"valueName":"search_term_string"}}],"inLanguage":"fr-FR"},{"@type":"Organization","@id":"https:\/\/lasentinelle.dz\/#organization","name":"Quotidien La Sentinelle","url":"https:\/\/lasentinelle.dz\/","logo":{"@type":"ImageObject","inLanguage":"fr-FR","@id":"https:\/\/lasentinelle.dz\/#\/schema\/logo\/image\/","url":"https:\/\/lasentinelle.dz\/wp-content\/uploads\/2021\/09\/logo-sentinelleSLOGAN-1.png","contentUrl":"https:\/\/lasentinelle.dz\/wp-content\/uploads\/2021\/09\/logo-sentinelleSLOGAN-1.png","width":615,"height":142,"caption":"Quotidien La Sentinelle"},"image":{"@id":"https:\/\/lasentinelle.dz\/#\/schema\/logo\/image\/"},"sameAs":["https:\/\/www.facebook.com\/La-Sentinelle-104059864394773"]},{"@type":"Person","@id":"https:\/\/lasentinelle.dz\/#\/schema\/person\/d865044e22e70a75174ce8bcad3acfb3","name":"La Sentinelle","image":{"@type":"ImageObject","inLanguage":"fr-FR","@id":"https:\/\/secure.gravatar.com\/avatar\/57de8e5d4b15d43fb361a71fbb36338450fe67865b528a43dd10ef7c51a20392?s=96&d=mm&r=g","url":"https:\/\/secure.gravatar.com\/avatar\/57de8e5d4b15d43fb361a71fbb36338450fe67865b528a43dd10ef7c51a20392?s=96&d=mm&r=g","contentUrl":"https:\/\/secure.gravatar.com\/avatar\/57de8e5d4b15d43fb361a71fbb36338450fe67865b528a43dd10ef7c51a20392?s=96&d=mm&r=g","caption":"La Sentinelle"},"sameAs":["http:\/\/www.lasentinelle.dz"],"url":"https:\/\/lasentinelle.dz\/author\/redaction\/"}]}},"_links":{"self":[{"href":"https:\/\/lasentinelle.dz\/index.php\/wp-json\/wp\/v2\/posts\/15851","targetHints":{"allow":["GET"]}}],"collection":[{"href":"https:\/\/lasentinelle.dz\/index.php\/wp-json\/wp\/v2\/posts"}],"about":[{"href":"https:\/\/lasentinelle.dz\/index.php\/wp-json\/wp\/v2\/types\/post"}],"author":[{"embeddable":true,"href":"https:\/\/lasentinelle.dz\/index.php\/wp-json\/wp\/v2\/users\/3"}],"replies":[{"embeddable":true,"href":"https:\/\/lasentinelle.dz\/index.php\/wp-json\/wp\/v2\/comments?post=15851"}],"version-history":[{"count":2,"href":"https:\/\/lasentinelle.dz\/index.php\/wp-json\/wp\/v2\/posts\/15851\/revisions"}],"predecessor-version":[{"id":15873,"href":"https:\/\/lasentinelle.dz\/index.php\/wp-json\/wp\/v2\/posts\/15851\/revisions\/15873"}],"wp:featuredmedia":[{"embeddable":true,"href":"https:\/\/lasentinelle.dz\/index.php\/wp-json\/wp\/v2\/media\/15864"}],"wp:attachment":[{"href":"https:\/\/lasentinelle.dz\/index.php\/wp-json\/wp\/v2\/media?parent=15851"}],"wp:term":[{"taxonomy":"category","embeddable":true,"href":"https:\/\/lasentinelle.dz\/index.php\/wp-json\/wp\/v2\/categories?post=15851"},{"taxonomy":"post_tag","embeddable":true,"href":"https:\/\/lasentinelle.dz\/index.php\/wp-json\/wp\/v2\/tags?post=15851"}],"curies":[{"name":"wp","href":"https:\/\/api.w.org\/{rel}","templated":true}]}}