{"id":15906,"date":"2022-01-16T00:05:00","date_gmt":"2022-01-15T23:05:00","guid":{"rendered":"https:\/\/lasentinelle.dz\/?p=15906"},"modified":"2022-01-15T20:37:30","modified_gmt":"2022-01-15T19:37:30","slug":"lamamra-rencontre-le-vice-premier-ministre-emirati-le-sommet-arabe-au-menu-des-entretiens","status":"publish","type":"post","link":"https:\/\/lasentinelle.dz\/index.php\/2022\/01\/16\/lamamra-rencontre-le-vice-premier-ministre-emirati-le-sommet-arabe-au-menu-des-entretiens\/","title":{"rendered":"Lamamra rencontre le vice-Premier ministre \u00e9mirati : Le Sommet arabe au menu des entretiens"},"content":{"rendered":"\n<p>Dans le cadre de la tourn\u00e9e qu\u2019il effectue dans le plusieurs pays arabes, en pr\u00e9vision de la tenue du Sommet arabe au mois de mars prochain \u00e0 Alger, le ministre des Affaires \u00e9trang\u00e8res et de la Communaut\u00e9 nationale \u00e0 l&rsquo;\u00e9tranger, Ramtane Lamamra,&nbsp;a fait une halte aux \u00c9mirats arabes unis. Une visite qui a \u00e9t\u00e9 l\u2019occasion de remettre un message du pr\u00e9sident de la R\u00e9publique Abdelmadjid Tebboune&nbsp;Cheikh Khalifa Ben Zayed Al Nahyane, mais aussi d\u2019\u00e9voquer le prochain sommet arabe. C\u2019est ainsi que le chef de la diplomatie alg\u00e9rienne&nbsp;s&rsquo;est entretenu avec son altesse Cheikh Mansour Ben Zayed, vice-Premier ministre, ministre des Affaires pr\u00e9sidentielles \u00e9mirati, dans le cadre de sa visite de travail aux Emirats arabes unis en sa qualit\u00e9 d&rsquo;envoy\u00e9 personnel du pr\u00e9sident de la R\u00e9publique, M. Abdelmadjid Tebboune, a indiqu\u00e9,&nbsp;hier, un communiqu\u00e9 du minist\u00e8re des Affaires \u00e9trang\u00e8res.&nbsp;\u00ab\u00a0M. Lamamra a transmis \u00e0 son altesse cheikh Mansour Ben Zayed, les salutations fraternelles et sinc\u00e8res du pr\u00e9sident de la R\u00e9publique, M. Abdelmadjid Tebboune, \u00e0 son altesse Cheikh Khalifa Ben Zayed Al Nahyane et \u00e0 tous les membres de la famille Al Zayed, et lui a remis une lettre du pr\u00e9sident de la R\u00e9publique \u00e0 son homologue, son fr\u00e8re le chef de l&rsquo;Etat \u00e9mirati\u00a0\u00bb, lit-on dans le communiqu\u00e9.&nbsp;\u00ab\u00a0Les entretiens qui se sont d\u00e9roul\u00e9s dans un climat de fraternit\u00e9 et de convergence de vues, ont permis de r\u00e9affirmer la forte volont\u00e9 des deux parties de poursuivre les efforts communs pour promouvoir la coop\u00e9ration bilat\u00e9rale dans le domaine \u00e9conomique et consacrer les traditions de concertation politique \u00e0 travers l&rsquo;intensification des visites entre les deux parties\u00a0\u00bb, pr\u00e9cise la m\u00eame source.&nbsp;Sur la situation r\u00e9gionale, \u00ab\u00a0les deux parties ont \u00e9chang\u00e9 les vues sur les d\u00e9veloppements de la situation dans le monde arabe&nbsp;&nbsp;et les pr\u00e9paratifs des prochaines \u00e9ch\u00e9ances, notamment le Sommet arabe pr\u00e9vu \u00e0 Alger\u00a0\u00bb.&nbsp;Son altesse Cheikh Mansour Ben Zayed a salu\u00e9 \u00ab\u00a0les efforts laborieux de l&rsquo;Alg\u00e9rie et son approche raisonnable pour assurer le succ\u00e8s de ce rendez-vous important et unifier les rangs arabes\u00a0\u00bb.&nbsp;Les deux parties ont convenu, \u00e0 ce propos, d&rsquo;intensifier la coordination bilat\u00e9rale et multilat\u00e9rale au sein de la Ligue arabe pour lancer un processus pr\u00e9paratoire \u00e0 m\u00eame de conf\u00e9rer \u00e0 l&rsquo;action arabe commune davantage d&rsquo;efficacit\u00e9 et de cr\u00e9dibilit\u00e9\u00a0\u00bb.&nbsp;Les deux responsables ont r\u00e9affirm\u00e9 l&rsquo;int\u00e9r\u00eat qu&rsquo;accorde les dirigeants des deux pays \u00e0 la consolidation des liens de fraternit\u00e9 et de coop\u00e9ration entre les deux pays et peuples fr\u00e8res\u00a0\u00bb, conclut la m\u00eame source.<\/p>\n\n\n\n<p><strong>R.N.<\/strong><\/p>\n","protected":false},"excerpt":{"rendered":"<p>Dans le cadre de la tourn\u00e9e qu\u2019il effectue dans le plusieurs pays arabes, en pr\u00e9vision de la tenue du Sommet<\/p>\n","protected":false},"author":3,"featured_media":15914,"comment_status":"open","ping_status":"closed","sticky":false,"template":"","format":"standard","meta":{"colormag_page_container_layout":"default_layout","colormag_page_sidebar_layout":"default_layout","om_disable_all_campaigns":false,"_monsterinsights_skip_tracking":false,"_monsterinsights_sitenote_active":false,"_monsterinsights_sitenote_note":"","_monsterinsights_sitenote_category":0,"footnotes":"","_wpscppro_dont_share_socialmedia":false,"_wpscppro_custom_social_share_image":0,"_facebook_share_type":"","_twitter_share_type":"","_linkedin_share_type":"","_pinterest_share_type":"","_linkedin_share_type_page":"","_instagram_share_type":"","_medium_share_type":"","_threads_share_type":"","_google_business_share_type":"","_selected_social_profile":[],"_wpsp_enable_custom_social_template":false,"_wpsp_social_scheduling":{"enabled":false,"datetime":null,"platforms":[],"status":"template_only","dateOption":"today","timeOption":"now","customDays":"","customHours":"","customDate":"","customTime":"","schedulingType":"absolute"},"_wpsp_active_default_template":true},"categories":[27],"tags":[],"class_list":["post-15906","post","type-post","status-publish","format-standard","has-post-thumbnail","hentry","category-actualite"],"aioseo_notices":[],"yoast_head":"<!-- This site is optimized with the Yoast SEO plugin v27.5 - https:\/\/yoast.com\/product\/yoast-seo-wordpress\/ -->\n<title>Lamamra rencontre le vice-Premier ministre \u00e9mirati : Le Sommet arabe au menu des entretiens - La Sentinelle<\/title>\n<meta name=\"robots\" content=\"index, follow, max-snippet:-1, max-image-preview:large, max-video-preview:-1\" \/>\n<link rel=\"canonical\" href=\"https:\/\/lasentinelle.dz\/index.php\/2022\/01\/16\/lamamra-rencontre-le-vice-premier-ministre-emirati-le-sommet-arabe-au-menu-des-entretiens\/\" \/>\n<meta property=\"og:locale\" content=\"fr_FR\" \/>\n<meta property=\"og:type\" content=\"article\" \/>\n<meta property=\"og:title\" content=\"Lamamra rencontre le vice-Premier ministre \u00e9mirati : Le Sommet arabe au menu des entretiens - La Sentinelle\" \/>\n<meta property=\"og:description\" content=\"Dans le cadre de la tourn\u00e9e qu\u2019il effectue dans le plusieurs pays arabes, en pr\u00e9vision de la tenue du Sommet\" \/>\n<meta property=\"og:url\" content=\"https:\/\/lasentinelle.dz\/index.php\/2022\/01\/16\/lamamra-rencontre-le-vice-premier-ministre-emirati-le-sommet-arabe-au-menu-des-entretiens\/\" \/>\n<meta property=\"og:site_name\" content=\"La Sentinelle\" \/>\n<meta property=\"article:publisher\" content=\"https:\/\/www.facebook.com\/La-Sentinelle-104059864394773\" \/>\n<meta property=\"article:published_time\" content=\"2022-01-15T23:05:00+00:00\" \/>\n<meta property=\"og:image\" content=\"https:\/\/lasentinelle.dz\/wp-content\/uploads\/2022\/01\/066bb9_L.png\" \/>\n\t<meta property=\"og:image:width\" content=\"1491\" \/>\n\t<meta property=\"og:image:height\" content=\"900\" \/>\n\t<meta property=\"og:image:type\" content=\"image\/png\" \/>\n<meta name=\"author\" content=\"La Sentinelle\" \/>\n<meta name=\"twitter:card\" content=\"summary_large_image\" \/>\n<meta name=\"twitter:label1\" content=\"\u00c9crit par\" \/>\n\t<meta name=\"twitter:data1\" content=\"La Sentinelle\" \/>\n\t<meta name=\"twitter:label2\" content=\"Dur\u00e9e de lecture estim\u00e9e\" \/>\n\t<meta name=\"twitter:data2\" content=\"2 minutes\" \/>\n<script type=\"application\/ld+json\" class=\"yoast-schema-graph\">{\"@context\":\"https:\\\/\\\/schema.org\",\"@graph\":[{\"@type\":\"Article\",\"@id\":\"https:\\\/\\\/lasentinelle.dz\\\/index.php\\\/2022\\\/01\\\/16\\\/lamamra-rencontre-le-vice-premier-ministre-emirati-le-sommet-arabe-au-menu-des-entretiens\\\/#article\",\"isPartOf\":{\"@id\":\"https:\\\/\\\/lasentinelle.dz\\\/index.php\\\/2022\\\/01\\\/16\\\/lamamra-rencontre-le-vice-premier-ministre-emirati-le-sommet-arabe-au-menu-des-entretiens\\\/\"},\"author\":{\"name\":\"La Sentinelle\",\"@id\":\"https:\\\/\\\/lasentinelle.dz\\\/#\\\/schema\\\/person\\\/d865044e22e70a75174ce8bcad3acfb3\"},\"headline\":\"Lamamra rencontre le vice-Premier ministre \u00e9mirati : Le Sommet arabe au menu des entretiens\",\"datePublished\":\"2022-01-15T23:05:00+00:00\",\"mainEntityOfPage\":{\"@id\":\"https:\\\/\\\/lasentinelle.dz\\\/index.php\\\/2022\\\/01\\\/16\\\/lamamra-rencontre-le-vice-premier-ministre-emirati-le-sommet-arabe-au-menu-des-entretiens\\\/\"},\"wordCount\":476,\"commentCount\":0,\"publisher\":{\"@id\":\"https:\\\/\\\/lasentinelle.dz\\\/#organization\"},\"image\":{\"@id\":\"https:\\\/\\\/lasentinelle.dz\\\/index.php\\\/2022\\\/01\\\/16\\\/lamamra-rencontre-le-vice-premier-ministre-emirati-le-sommet-arabe-au-menu-des-entretiens\\\/#primaryimage\"},\"thumbnailUrl\":\"https:\\\/\\\/lasentinelle.dz\\\/wp-content\\\/uploads\\\/2022\\\/01\\\/066bb9_L.png\",\"articleSection\":[\"Actualit\u00e9\"],\"inLanguage\":\"fr-FR\",\"potentialAction\":[{\"@type\":\"CommentAction\",\"name\":\"Comment\",\"target\":[\"https:\\\/\\\/lasentinelle.dz\\\/index.php\\\/2022\\\/01\\\/16\\\/lamamra-rencontre-le-vice-premier-ministre-emirati-le-sommet-arabe-au-menu-des-entretiens\\\/#respond\"]}]},{\"@type\":\"WebPage\",\"@id\":\"https:\\\/\\\/lasentinelle.dz\\\/index.php\\\/2022\\\/01\\\/16\\\/lamamra-rencontre-le-vice-premier-ministre-emirati-le-sommet-arabe-au-menu-des-entretiens\\\/\",\"url\":\"https:\\\/\\\/lasentinelle.dz\\\/index.php\\\/2022\\\/01\\\/16\\\/lamamra-rencontre-le-vice-premier-ministre-emirati-le-sommet-arabe-au-menu-des-entretiens\\\/\",\"name\":\"Lamamra rencontre le vice-Premier ministre \u00e9mirati : Le Sommet arabe au menu des entretiens - La Sentinelle\",\"isPartOf\":{\"@id\":\"https:\\\/\\\/lasentinelle.dz\\\/#website\"},\"primaryImageOfPage\":{\"@id\":\"https:\\\/\\\/lasentinelle.dz\\\/index.php\\\/2022\\\/01\\\/16\\\/lamamra-rencontre-le-vice-premier-ministre-emirati-le-sommet-arabe-au-menu-des-entretiens\\\/#primaryimage\"},\"image\":{\"@id\":\"https:\\\/\\\/lasentinelle.dz\\\/index.php\\\/2022\\\/01\\\/16\\\/lamamra-rencontre-le-vice-premier-ministre-emirati-le-sommet-arabe-au-menu-des-entretiens\\\/#primaryimage\"},\"thumbnailUrl\":\"https:\\\/\\\/lasentinelle.dz\\\/wp-content\\\/uploads\\\/2022\\\/01\\\/066bb9_L.png\",\"datePublished\":\"2022-01-15T23:05:00+00:00\",\"breadcrumb\":{\"@id\":\"https:\\\/\\\/lasentinelle.dz\\\/index.php\\\/2022\\\/01\\\/16\\\/lamamra-rencontre-le-vice-premier-ministre-emirati-le-sommet-arabe-au-menu-des-entretiens\\\/#breadcrumb\"},\"inLanguage\":\"fr-FR\",\"potentialAction\":[{\"@type\":\"ReadAction\",\"target\":[\"https:\\\/\\\/lasentinelle.dz\\\/index.php\\\/2022\\\/01\\\/16\\\/lamamra-rencontre-le-vice-premier-ministre-emirati-le-sommet-arabe-au-menu-des-entretiens\\\/\"]}]},{\"@type\":\"ImageObject\",\"inLanguage\":\"fr-FR\",\"@id\":\"https:\\\/\\\/lasentinelle.dz\\\/index.php\\\/2022\\\/01\\\/16\\\/lamamra-rencontre-le-vice-premier-ministre-emirati-le-sommet-arabe-au-menu-des-entretiens\\\/#primaryimage\",\"url\":\"https:\\\/\\\/lasentinelle.dz\\\/wp-content\\\/uploads\\\/2022\\\/01\\\/066bb9_L.png\",\"contentUrl\":\"https:\\\/\\\/lasentinelle.dz\\\/wp-content\\\/uploads\\\/2022\\\/01\\\/066bb9_L.png\",\"width\":1491,\"height\":900},{\"@type\":\"BreadcrumbList\",\"@id\":\"https:\\\/\\\/lasentinelle.dz\\\/index.php\\\/2022\\\/01\\\/16\\\/lamamra-rencontre-le-vice-premier-ministre-emirati-le-sommet-arabe-au-menu-des-entretiens\\\/#breadcrumb\",\"itemListElement\":[{\"@type\":\"ListItem\",\"position\":1,\"name\":\"Accueil\",\"item\":\"https:\\\/\\\/lasentinelle.dz\\\/\"},{\"@type\":\"ListItem\",\"position\":2,\"name\":\"Lamamra rencontre le vice-Premier ministre \u00e9mirati : Le Sommet arabe au menu des entretiens\"}]},{\"@type\":\"WebSite\",\"@id\":\"https:\\\/\\\/lasentinelle.dz\\\/#website\",\"url\":\"https:\\\/\\\/lasentinelle.dz\\\/\",\"name\":\"La Sentinelle\",\"description\":\"Quotidien national d&#039;information\",\"publisher\":{\"@id\":\"https:\\\/\\\/lasentinelle.dz\\\/#organization\"},\"potentialAction\":[{\"@type\":\"SearchAction\",\"target\":{\"@type\":\"EntryPoint\",\"urlTemplate\":\"https:\\\/\\\/lasentinelle.dz\\\/?s={search_term_string}\"},\"query-input\":{\"@type\":\"PropertyValueSpecification\",\"valueRequired\":true,\"valueName\":\"search_term_string\"}}],\"inLanguage\":\"fr-FR\"},{\"@type\":\"Organization\",\"@id\":\"https:\\\/\\\/lasentinelle.dz\\\/#organization\",\"name\":\"Quotidien La Sentinelle\",\"url\":\"https:\\\/\\\/lasentinelle.dz\\\/\",\"logo\":{\"@type\":\"ImageObject\",\"inLanguage\":\"fr-FR\",\"@id\":\"https:\\\/\\\/lasentinelle.dz\\\/#\\\/schema\\\/logo\\\/image\\\/\",\"url\":\"https:\\\/\\\/lasentinelle.dz\\\/wp-content\\\/uploads\\\/2021\\\/09\\\/logo-sentinelleSLOGAN-1.png\",\"contentUrl\":\"https:\\\/\\\/lasentinelle.dz\\\/wp-content\\\/uploads\\\/2021\\\/09\\\/logo-sentinelleSLOGAN-1.png\",\"width\":615,\"height\":142,\"caption\":\"Quotidien La Sentinelle\"},\"image\":{\"@id\":\"https:\\\/\\\/lasentinelle.dz\\\/#\\\/schema\\\/logo\\\/image\\\/\"},\"sameAs\":[\"https:\\\/\\\/www.facebook.com\\\/La-Sentinelle-104059864394773\"]},{\"@type\":\"Person\",\"@id\":\"https:\\\/\\\/lasentinelle.dz\\\/#\\\/schema\\\/person\\\/d865044e22e70a75174ce8bcad3acfb3\",\"name\":\"La Sentinelle\",\"image\":{\"@type\":\"ImageObject\",\"inLanguage\":\"fr-FR\",\"@id\":\"https:\\\/\\\/secure.gravatar.com\\\/avatar\\\/57de8e5d4b15d43fb361a71fbb36338450fe67865b528a43dd10ef7c51a20392?s=96&d=mm&r=g\",\"url\":\"https:\\\/\\\/secure.gravatar.com\\\/avatar\\\/57de8e5d4b15d43fb361a71fbb36338450fe67865b528a43dd10ef7c51a20392?s=96&d=mm&r=g\",\"contentUrl\":\"https:\\\/\\\/secure.gravatar.com\\\/avatar\\\/57de8e5d4b15d43fb361a71fbb36338450fe67865b528a43dd10ef7c51a20392?s=96&d=mm&r=g\",\"caption\":\"La Sentinelle\"},\"sameAs\":[\"http:\\\/\\\/www.lasentinelle.dz\"],\"url\":\"https:\\\/\\\/lasentinelle.dz\\\/author\\\/redaction\\\/\"}]}<\/script>\n<!-- \/ Yoast SEO plugin. -->","yoast_head_json":{"title":"Lamamra rencontre le vice-Premier ministre \u00e9mirati : Le Sommet arabe au menu des entretiens - La Sentinelle","robots":{"index":"index","follow":"follow","max-snippet":"max-snippet:-1","max-image-preview":"max-image-preview:large","max-video-preview":"max-video-preview:-1"},"canonical":"https:\/\/lasentinelle.dz\/index.php\/2022\/01\/16\/lamamra-rencontre-le-vice-premier-ministre-emirati-le-sommet-arabe-au-menu-des-entretiens\/","og_locale":"fr_FR","og_type":"article","og_title":"Lamamra rencontre le vice-Premier ministre \u00e9mirati : Le Sommet arabe au menu des entretiens - La Sentinelle","og_description":"Dans le cadre de la tourn\u00e9e qu\u2019il effectue dans le plusieurs pays arabes, en pr\u00e9vision de la tenue du Sommet","og_url":"https:\/\/lasentinelle.dz\/index.php\/2022\/01\/16\/lamamra-rencontre-le-vice-premier-ministre-emirati-le-sommet-arabe-au-menu-des-entretiens\/","og_site_name":"La Sentinelle","article_publisher":"https:\/\/www.facebook.com\/La-Sentinelle-104059864394773","article_published_time":"2022-01-15T23:05:00+00:00","og_image":[{"width":1491,"height":900,"url":"https:\/\/lasentinelle.dz\/wp-content\/uploads\/2022\/01\/066bb9_L.png","type":"image\/png"}],"author":"La Sentinelle","twitter_card":"summary_large_image","twitter_misc":{"\u00c9crit par":"La Sentinelle","Dur\u00e9e de lecture estim\u00e9e":"2 minutes"},"schema":{"@context":"https:\/\/schema.org","@graph":[{"@type":"Article","@id":"https:\/\/lasentinelle.dz\/index.php\/2022\/01\/16\/lamamra-rencontre-le-vice-premier-ministre-emirati-le-sommet-arabe-au-menu-des-entretiens\/#article","isPartOf":{"@id":"https:\/\/lasentinelle.dz\/index.php\/2022\/01\/16\/lamamra-rencontre-le-vice-premier-ministre-emirati-le-sommet-arabe-au-menu-des-entretiens\/"},"author":{"name":"La Sentinelle","@id":"https:\/\/lasentinelle.dz\/#\/schema\/person\/d865044e22e70a75174ce8bcad3acfb3"},"headline":"Lamamra rencontre le vice-Premier ministre \u00e9mirati : Le Sommet arabe au menu des entretiens","datePublished":"2022-01-15T23:05:00+00:00","mainEntityOfPage":{"@id":"https:\/\/lasentinelle.dz\/index.php\/2022\/01\/16\/lamamra-rencontre-le-vice-premier-ministre-emirati-le-sommet-arabe-au-menu-des-entretiens\/"},"wordCount":476,"commentCount":0,"publisher":{"@id":"https:\/\/lasentinelle.dz\/#organization"},"image":{"@id":"https:\/\/lasentinelle.dz\/index.php\/2022\/01\/16\/lamamra-rencontre-le-vice-premier-ministre-emirati-le-sommet-arabe-au-menu-des-entretiens\/#primaryimage"},"thumbnailUrl":"https:\/\/lasentinelle.dz\/wp-content\/uploads\/2022\/01\/066bb9_L.png","articleSection":["Actualit\u00e9"],"inLanguage":"fr-FR","potentialAction":[{"@type":"CommentAction","name":"Comment","target":["https:\/\/lasentinelle.dz\/index.php\/2022\/01\/16\/lamamra-rencontre-le-vice-premier-ministre-emirati-le-sommet-arabe-au-menu-des-entretiens\/#respond"]}]},{"@type":"WebPage","@id":"https:\/\/lasentinelle.dz\/index.php\/2022\/01\/16\/lamamra-rencontre-le-vice-premier-ministre-emirati-le-sommet-arabe-au-menu-des-entretiens\/","url":"https:\/\/lasentinelle.dz\/index.php\/2022\/01\/16\/lamamra-rencontre-le-vice-premier-ministre-emirati-le-sommet-arabe-au-menu-des-entretiens\/","name":"Lamamra rencontre le vice-Premier ministre \u00e9mirati : Le Sommet arabe au menu des entretiens - La Sentinelle","isPartOf":{"@id":"https:\/\/lasentinelle.dz\/#website"},"primaryImageOfPage":{"@id":"https:\/\/lasentinelle.dz\/index.php\/2022\/01\/16\/lamamra-rencontre-le-vice-premier-ministre-emirati-le-sommet-arabe-au-menu-des-entretiens\/#primaryimage"},"image":{"@id":"https:\/\/lasentinelle.dz\/index.php\/2022\/01\/16\/lamamra-rencontre-le-vice-premier-ministre-emirati-le-sommet-arabe-au-menu-des-entretiens\/#primaryimage"},"thumbnailUrl":"https:\/\/lasentinelle.dz\/wp-content\/uploads\/2022\/01\/066bb9_L.png","datePublished":"2022-01-15T23:05:00+00:00","breadcrumb":{"@id":"https:\/\/lasentinelle.dz\/index.php\/2022\/01\/16\/lamamra-rencontre-le-vice-premier-ministre-emirati-le-sommet-arabe-au-menu-des-entretiens\/#breadcrumb"},"inLanguage":"fr-FR","potentialAction":[{"@type":"ReadAction","target":["https:\/\/lasentinelle.dz\/index.php\/2022\/01\/16\/lamamra-rencontre-le-vice-premier-ministre-emirati-le-sommet-arabe-au-menu-des-entretiens\/"]}]},{"@type":"ImageObject","inLanguage":"fr-FR","@id":"https:\/\/lasentinelle.dz\/index.php\/2022\/01\/16\/lamamra-rencontre-le-vice-premier-ministre-emirati-le-sommet-arabe-au-menu-des-entretiens\/#primaryimage","url":"https:\/\/lasentinelle.dz\/wp-content\/uploads\/2022\/01\/066bb9_L.png","contentUrl":"https:\/\/lasentinelle.dz\/wp-content\/uploads\/2022\/01\/066bb9_L.png","width":1491,"height":900},{"@type":"BreadcrumbList","@id":"https:\/\/lasentinelle.dz\/index.php\/2022\/01\/16\/lamamra-rencontre-le-vice-premier-ministre-emirati-le-sommet-arabe-au-menu-des-entretiens\/#breadcrumb","itemListElement":[{"@type":"ListItem","position":1,"name":"Accueil","item":"https:\/\/lasentinelle.dz\/"},{"@type":"ListItem","position":2,"name":"Lamamra rencontre le vice-Premier ministre \u00e9mirati : Le Sommet arabe au menu des entretiens"}]},{"@type":"WebSite","@id":"https:\/\/lasentinelle.dz\/#website","url":"https:\/\/lasentinelle.dz\/","name":"La Sentinelle","description":"Quotidien national d&#039;information","publisher":{"@id":"https:\/\/lasentinelle.dz\/#organization"},"potentialAction":[{"@type":"SearchAction","target":{"@type":"EntryPoint","urlTemplate":"https:\/\/lasentinelle.dz\/?s={search_term_string}"},"query-input":{"@type":"PropertyValueSpecification","valueRequired":true,"valueName":"search_term_string"}}],"inLanguage":"fr-FR"},{"@type":"Organization","@id":"https:\/\/lasentinelle.dz\/#organization","name":"Quotidien La Sentinelle","url":"https:\/\/lasentinelle.dz\/","logo":{"@type":"ImageObject","inLanguage":"fr-FR","@id":"https:\/\/lasentinelle.dz\/#\/schema\/logo\/image\/","url":"https:\/\/lasentinelle.dz\/wp-content\/uploads\/2021\/09\/logo-sentinelleSLOGAN-1.png","contentUrl":"https:\/\/lasentinelle.dz\/wp-content\/uploads\/2021\/09\/logo-sentinelleSLOGAN-1.png","width":615,"height":142,"caption":"Quotidien La Sentinelle"},"image":{"@id":"https:\/\/lasentinelle.dz\/#\/schema\/logo\/image\/"},"sameAs":["https:\/\/www.facebook.com\/La-Sentinelle-104059864394773"]},{"@type":"Person","@id":"https:\/\/lasentinelle.dz\/#\/schema\/person\/d865044e22e70a75174ce8bcad3acfb3","name":"La Sentinelle","image":{"@type":"ImageObject","inLanguage":"fr-FR","@id":"https:\/\/secure.gravatar.com\/avatar\/57de8e5d4b15d43fb361a71fbb36338450fe67865b528a43dd10ef7c51a20392?s=96&d=mm&r=g","url":"https:\/\/secure.gravatar.com\/avatar\/57de8e5d4b15d43fb361a71fbb36338450fe67865b528a43dd10ef7c51a20392?s=96&d=mm&r=g","contentUrl":"https:\/\/secure.gravatar.com\/avatar\/57de8e5d4b15d43fb361a71fbb36338450fe67865b528a43dd10ef7c51a20392?s=96&d=mm&r=g","caption":"La Sentinelle"},"sameAs":["http:\/\/www.lasentinelle.dz"],"url":"https:\/\/lasentinelle.dz\/author\/redaction\/"}]}},"_links":{"self":[{"href":"https:\/\/lasentinelle.dz\/index.php\/wp-json\/wp\/v2\/posts\/15906","targetHints":{"allow":["GET"]}}],"collection":[{"href":"https:\/\/lasentinelle.dz\/index.php\/wp-json\/wp\/v2\/posts"}],"about":[{"href":"https:\/\/lasentinelle.dz\/index.php\/wp-json\/wp\/v2\/types\/post"}],"author":[{"embeddable":true,"href":"https:\/\/lasentinelle.dz\/index.php\/wp-json\/wp\/v2\/users\/3"}],"replies":[{"embeddable":true,"href":"https:\/\/lasentinelle.dz\/index.php\/wp-json\/wp\/v2\/comments?post=15906"}],"version-history":[{"count":1,"href":"https:\/\/lasentinelle.dz\/index.php\/wp-json\/wp\/v2\/posts\/15906\/revisions"}],"predecessor-version":[{"id":15915,"href":"https:\/\/lasentinelle.dz\/index.php\/wp-json\/wp\/v2\/posts\/15906\/revisions\/15915"}],"wp:featuredmedia":[{"embeddable":true,"href":"https:\/\/lasentinelle.dz\/index.php\/wp-json\/wp\/v2\/media\/15914"}],"wp:attachment":[{"href":"https:\/\/lasentinelle.dz\/index.php\/wp-json\/wp\/v2\/media?parent=15906"}],"wp:term":[{"taxonomy":"category","embeddable":true,"href":"https:\/\/lasentinelle.dz\/index.php\/wp-json\/wp\/v2\/categories?post=15906"},{"taxonomy":"post_tag","embeddable":true,"href":"https:\/\/lasentinelle.dz\/index.php\/wp-json\/wp\/v2\/tags?post=15906"}],"curies":[{"name":"wp","href":"https:\/\/api.w.org\/{rel}","templated":true}]}}