{"id":15908,"date":"2022-01-16T00:05:00","date_gmt":"2022-01-15T23:05:00","guid":{"rendered":"https:\/\/lasentinelle.dz\/?p=15908"},"modified":"2022-01-15T20:39:30","modified_gmt":"2022-01-15T19:39:30","slug":"gestion-des-collectivites-locales-quelles-prerogatives-pour-les-walis-et-pour-les-elus","status":"publish","type":"post","link":"https:\/\/lasentinelle.dz\/index.php\/2022\/01\/16\/gestion-des-collectivites-locales-quelles-prerogatives-pour-les-walis-et-pour-les-elus\/","title":{"rendered":"Gestion des collectivit\u00e9s locales : Quelles pr\u00e9rogatives pour les walis et pour les \u00e9lus ?"},"content":{"rendered":"\n<p>Les pr\u00e9rogatives des walis seront renforc\u00e9es \u00e0 la faveur d\u2019un d\u00e9cret ex\u00e9cutif qui sera sur la table du Conseil des ministres aujourd\u2019hui. Une consolidation des positions des walis dans la coordination de l\u2019action des d\u00e9membrements de l\u2019\u00c9tat et le suivi des projets de d\u00e9veloppement local qui intervient au moment o\u00f9 les d\u00e9bats autour des pr\u00e9rogatives des walis et des \u00e9lus locaux sont au c\u0153ur du processus de r\u00e9vision des codes de communes et des wilayas, ainsi que des vell\u00e9it\u00e9s de refonte de la fiscalit\u00e9 locale.&nbsp;&nbsp;<\/p>\n\n\n\n<p>Un d\u00e9cret ex\u00e9cutif fixant les modalit\u00e9s de mise en oeuvre des attributions du wali sera prochainement&nbsp;a \u00e9t\u00e9 examin\u00e9 jeudi par le gouvernement jeudi, selon un communiqu\u00e9 des services du&nbsp;Premier ministre. Un texte qui risque d\u2019\u00eatre au menu du Conseil des ministre qui se tient aujourd\u2019hui sous la houlette du pr\u00e9sident de la R\u00e9publique, Abdelmadjid Tebboune.&nbsp;<\/p>\n\n\n\n<p>Selon le communiqu\u00e9 publi\u00e9 jeudi par le Palais du Gouvernement, le nouveau texte&nbsp;fixe&nbsp;\u00ab&nbsp;les modalit\u00e9s de mise en \u0153uvre des attributions du Wali en mati\u00e8re d\u2019animation, de coordination et de contr\u00f4le des services d\u00e9concentr\u00e9s de l\u2019Etat charg\u00e9s des diff\u00e9rents secteurs d\u2019activit\u00e9s dans la Wilaya&nbsp;\u00bb.<\/p>\n\n\n\n<p>Les services du&nbsp;Premier ministre expliquent que \u00ab\u00a0ce projet de D\u00e9cret ex\u00e9cutif apporte ainsi les pr\u00e9cisions n\u00e9cessaires pour renforcer l\u2019autorit\u00e9 du Wali en pr\u00e9voyant les m\u00e9canismes qui permettent de f\u00e9d\u00e9rer les efforts au niveau local, d\u2019am\u00e9liorer l\u2019efficacit\u00e9 de fonctionnement de l\u2019appareil ex\u00e9cutif et d\u2019assurer la prise en charge des besoins de la population gr\u00e2ce \u00e0 une meilleure efficacit\u00e9 de l\u2019ex\u00e9cution des programmes et des projets de d\u00e9veloppement au niveau local\u00a0\u00bb. Le communiqu\u00e9 mentionne cependant que \u00a0\u00bb les institutions de contr\u00f4le demeurent en dehors de l\u2019autorit\u00e9 directe du Wali\u00a0\u00bb.<\/p>\n\n\n\n<p>Il est vrai que l\u2019actuel code des communes donne de larges pr\u00e9rogatives aux walis dans le cadre de l\u2019animation des d\u00e9membrements locaux de l\u2019\u00c9tat en tant qu\u2019autorit\u00e9 ex\u00e9cutive, charg\u00e9e de la mise en \u0153uvre des politiques publiques, mais aussi du maintien de l\u2019ordre et de la protection des droits des citoyens et de leur s\u00e9curit\u00e9. Le nouveau texte entend ainsi impliquer plus les walis dans le d\u00e9veloppement local et la prise en charge des besoins de la population.&nbsp;<\/p>\n\n\n\n<p>Cependant, l\u2019examen de ce nouveau texte relance le d\u00e9bat sur les pr\u00e9rogatives des walis en opposition \u00e0 celles des \u00e9lus, au moment o\u00f9 la question de la r\u00e9vision du Code des communes et du Code de wilaya pose la probl\u00e9matique du renforcement des pr\u00e9rogatives des \u00e9lus locaux.&nbsp;<\/p>\n\n\n\n<p>En fait, ce projet de d\u00e9cret qui intervient parall\u00e8lement \u00e0 la volont\u00e9 exprim\u00e9e du gouvernement et du pr\u00e9sident de la r\u00e9publique d&rsquo;apporter un souffle nouveau \u00e0 la gestion au niveau local via la r\u00e9forme du code des collectivit\u00e9s locales. Une r\u00e9forme qui entre dans le cadre de cette d\u00e9marche globale qui compte aussi lib\u00e9rer les initiatives en dotant les \u00e9lus locaux de pr\u00e9rogatives qui leur permettent de mieux appr\u00e9hender les questions du d\u00e9veloppement local via notamment une fiscalit\u00e9 locale adapt\u00e9e aux besoins de la d\u00e9marche outre la cr\u00e9ation du fond de solidarit\u00e9 des collectivit\u00e9s locales. Des \u00e9lus qui ont, en effet, depuis longtemps, fait \u00e9tat d&rsquo;un d\u00e9ficit de pr\u00e9rogatives freinant consid\u00e9rablement leur action sur le terrain au niveau de leur communes et de leurs wilayas et qui se sont m\u00eame plaint de l'\u00a0\u00bbombrage\u00a0\u00bb du wali qu&rsquo;ils consid\u00e9raient d\u00e9tenteur de plus d&rsquo;attributions . Cette dol\u00e9ance a, pour rappel, eu l&rsquo;\u00e9cho escompt\u00e9 aupr\u00e8s du pr\u00e9sident de la r\u00e9publique&nbsp;&nbsp;qui a annonc\u00e9 un nouveau code des communes durant l&rsquo;ann\u00e9e 2022 en cours.<\/p>\n\n\n\n<p><strong>Akli Amor<\/strong><\/p>\n","protected":false},"excerpt":{"rendered":"<p>Les pr\u00e9rogatives des walis seront renforc\u00e9es \u00e0 la faveur d\u2019un d\u00e9cret ex\u00e9cutif qui sera sur la table du Conseil des<\/p>\n","protected":false},"author":3,"featured_media":15917,"comment_status":"open","ping_status":"closed","sticky":false,"template":"","format":"standard","meta":{"colormag_page_container_layout":"default_layout","colormag_page_sidebar_layout":"default_layout","om_disable_all_campaigns":false,"_monsterinsights_skip_tracking":false,"_monsterinsights_sitenote_active":false,"_monsterinsights_sitenote_note":"","_monsterinsights_sitenote_category":0,"footnotes":"","_wpscppro_dont_share_socialmedia":false,"_wpscppro_custom_social_share_image":0,"_facebook_share_type":"","_twitter_share_type":"","_linkedin_share_type":"","_pinterest_share_type":"","_linkedin_share_type_page":"","_instagram_share_type":"","_medium_share_type":"","_threads_share_type":"","_google_business_share_type":"","_selected_social_profile":[],"_wpsp_enable_custom_social_template":false,"_wpsp_social_scheduling":{"enabled":false,"datetime":null,"platforms":[],"status":"template_only","dateOption":"today","timeOption":"now","customDays":"","customHours":"","customDate":"","customTime":"","schedulingType":"absolute"},"_wpsp_active_default_template":true},"categories":[52,27],"tags":[],"class_list":["post-15908","post","type-post","status-publish","format-standard","has-post-thumbnail","hentry","category-a-la-une","category-actualite"],"aioseo_notices":[],"yoast_head":"<!-- This site is optimized with the Yoast SEO plugin v27.4 - https:\/\/yoast.com\/product\/yoast-seo-wordpress\/ -->\n<title>Gestion des collectivit\u00e9s locales : Quelles pr\u00e9rogatives pour les walis et pour les \u00e9lus ? - La Sentinelle<\/title>\n<meta name=\"robots\" content=\"index, follow, max-snippet:-1, max-image-preview:large, max-video-preview:-1\" \/>\n<link rel=\"canonical\" href=\"https:\/\/lasentinelle.dz\/index.php\/2022\/01\/16\/gestion-des-collectivites-locales-quelles-prerogatives-pour-les-walis-et-pour-les-elus\/\" \/>\n<meta property=\"og:locale\" content=\"fr_FR\" \/>\n<meta property=\"og:type\" content=\"article\" \/>\n<meta property=\"og:title\" content=\"Gestion des collectivit\u00e9s locales : Quelles pr\u00e9rogatives pour les walis et pour les \u00e9lus ? - La Sentinelle\" \/>\n<meta property=\"og:description\" content=\"Les pr\u00e9rogatives des walis seront renforc\u00e9es \u00e0 la faveur d\u2019un d\u00e9cret ex\u00e9cutif qui sera sur la table du Conseil des\" \/>\n<meta property=\"og:url\" content=\"https:\/\/lasentinelle.dz\/index.php\/2022\/01\/16\/gestion-des-collectivites-locales-quelles-prerogatives-pour-les-walis-et-pour-les-elus\/\" \/>\n<meta property=\"og:site_name\" content=\"La Sentinelle\" \/>\n<meta property=\"article:publisher\" content=\"https:\/\/www.facebook.com\/La-Sentinelle-104059864394773\" \/>\n<meta property=\"article:published_time\" content=\"2022-01-15T23:05:00+00:00\" \/>\n<meta property=\"og:image\" content=\"https:\/\/lasentinelle.dz\/wp-content\/uploads\/2022\/01\/walis.png\" \/>\n\t<meta property=\"og:image:width\" content=\"1614\" \/>\n\t<meta property=\"og:image:height\" content=\"900\" \/>\n\t<meta property=\"og:image:type\" content=\"image\/png\" \/>\n<meta name=\"author\" content=\"La Sentinelle\" \/>\n<meta name=\"twitter:card\" content=\"summary_large_image\" \/>\n<meta name=\"twitter:label1\" content=\"\u00c9crit par\" \/>\n\t<meta name=\"twitter:data1\" content=\"La Sentinelle\" \/>\n\t<meta name=\"twitter:label2\" content=\"Dur\u00e9e de lecture estim\u00e9e\" \/>\n\t<meta name=\"twitter:data2\" content=\"3 minutes\" \/>\n<script type=\"application\/ld+json\" class=\"yoast-schema-graph\">{\"@context\":\"https:\\\/\\\/schema.org\",\"@graph\":[{\"@type\":\"Article\",\"@id\":\"https:\\\/\\\/lasentinelle.dz\\\/index.php\\\/2022\\\/01\\\/16\\\/gestion-des-collectivites-locales-quelles-prerogatives-pour-les-walis-et-pour-les-elus\\\/#article\",\"isPartOf\":{\"@id\":\"https:\\\/\\\/lasentinelle.dz\\\/index.php\\\/2022\\\/01\\\/16\\\/gestion-des-collectivites-locales-quelles-prerogatives-pour-les-walis-et-pour-les-elus\\\/\"},\"author\":{\"name\":\"La Sentinelle\",\"@id\":\"https:\\\/\\\/lasentinelle.dz\\\/#\\\/schema\\\/person\\\/d865044e22e70a75174ce8bcad3acfb3\"},\"headline\":\"Gestion des collectivit\u00e9s locales : Quelles pr\u00e9rogatives pour les walis et pour les \u00e9lus ?\",\"datePublished\":\"2022-01-15T23:05:00+00:00\",\"mainEntityOfPage\":{\"@id\":\"https:\\\/\\\/lasentinelle.dz\\\/index.php\\\/2022\\\/01\\\/16\\\/gestion-des-collectivites-locales-quelles-prerogatives-pour-les-walis-et-pour-les-elus\\\/\"},\"wordCount\":699,\"commentCount\":0,\"publisher\":{\"@id\":\"https:\\\/\\\/lasentinelle.dz\\\/#organization\"},\"image\":{\"@id\":\"https:\\\/\\\/lasentinelle.dz\\\/index.php\\\/2022\\\/01\\\/16\\\/gestion-des-collectivites-locales-quelles-prerogatives-pour-les-walis-et-pour-les-elus\\\/#primaryimage\"},\"thumbnailUrl\":\"https:\\\/\\\/lasentinelle.dz\\\/wp-content\\\/uploads\\\/2022\\\/01\\\/walis.png\",\"articleSection\":[\"\u00c0 la Une\",\"Actualit\u00e9\"],\"inLanguage\":\"fr-FR\",\"potentialAction\":[{\"@type\":\"CommentAction\",\"name\":\"Comment\",\"target\":[\"https:\\\/\\\/lasentinelle.dz\\\/index.php\\\/2022\\\/01\\\/16\\\/gestion-des-collectivites-locales-quelles-prerogatives-pour-les-walis-et-pour-les-elus\\\/#respond\"]}]},{\"@type\":\"WebPage\",\"@id\":\"https:\\\/\\\/lasentinelle.dz\\\/index.php\\\/2022\\\/01\\\/16\\\/gestion-des-collectivites-locales-quelles-prerogatives-pour-les-walis-et-pour-les-elus\\\/\",\"url\":\"https:\\\/\\\/lasentinelle.dz\\\/index.php\\\/2022\\\/01\\\/16\\\/gestion-des-collectivites-locales-quelles-prerogatives-pour-les-walis-et-pour-les-elus\\\/\",\"name\":\"Gestion des collectivit\u00e9s locales : Quelles pr\u00e9rogatives pour les walis et pour les \u00e9lus ? - La Sentinelle\",\"isPartOf\":{\"@id\":\"https:\\\/\\\/lasentinelle.dz\\\/#website\"},\"primaryImageOfPage\":{\"@id\":\"https:\\\/\\\/lasentinelle.dz\\\/index.php\\\/2022\\\/01\\\/16\\\/gestion-des-collectivites-locales-quelles-prerogatives-pour-les-walis-et-pour-les-elus\\\/#primaryimage\"},\"image\":{\"@id\":\"https:\\\/\\\/lasentinelle.dz\\\/index.php\\\/2022\\\/01\\\/16\\\/gestion-des-collectivites-locales-quelles-prerogatives-pour-les-walis-et-pour-les-elus\\\/#primaryimage\"},\"thumbnailUrl\":\"https:\\\/\\\/lasentinelle.dz\\\/wp-content\\\/uploads\\\/2022\\\/01\\\/walis.png\",\"datePublished\":\"2022-01-15T23:05:00+00:00\",\"breadcrumb\":{\"@id\":\"https:\\\/\\\/lasentinelle.dz\\\/index.php\\\/2022\\\/01\\\/16\\\/gestion-des-collectivites-locales-quelles-prerogatives-pour-les-walis-et-pour-les-elus\\\/#breadcrumb\"},\"inLanguage\":\"fr-FR\",\"potentialAction\":[{\"@type\":\"ReadAction\",\"target\":[\"https:\\\/\\\/lasentinelle.dz\\\/index.php\\\/2022\\\/01\\\/16\\\/gestion-des-collectivites-locales-quelles-prerogatives-pour-les-walis-et-pour-les-elus\\\/\"]}]},{\"@type\":\"ImageObject\",\"inLanguage\":\"fr-FR\",\"@id\":\"https:\\\/\\\/lasentinelle.dz\\\/index.php\\\/2022\\\/01\\\/16\\\/gestion-des-collectivites-locales-quelles-prerogatives-pour-les-walis-et-pour-les-elus\\\/#primaryimage\",\"url\":\"https:\\\/\\\/lasentinelle.dz\\\/wp-content\\\/uploads\\\/2022\\\/01\\\/walis.png\",\"contentUrl\":\"https:\\\/\\\/lasentinelle.dz\\\/wp-content\\\/uploads\\\/2022\\\/01\\\/walis.png\",\"width\":1614,\"height\":900},{\"@type\":\"BreadcrumbList\",\"@id\":\"https:\\\/\\\/lasentinelle.dz\\\/index.php\\\/2022\\\/01\\\/16\\\/gestion-des-collectivites-locales-quelles-prerogatives-pour-les-walis-et-pour-les-elus\\\/#breadcrumb\",\"itemListElement\":[{\"@type\":\"ListItem\",\"position\":1,\"name\":\"Accueil\",\"item\":\"https:\\\/\\\/lasentinelle.dz\\\/\"},{\"@type\":\"ListItem\",\"position\":2,\"name\":\"Gestion des collectivit\u00e9s locales : Quelles pr\u00e9rogatives pour les walis et pour les \u00e9lus ?\"}]},{\"@type\":\"WebSite\",\"@id\":\"https:\\\/\\\/lasentinelle.dz\\\/#website\",\"url\":\"https:\\\/\\\/lasentinelle.dz\\\/\",\"name\":\"La Sentinelle\",\"description\":\"Quotidien national d&#039;information\",\"publisher\":{\"@id\":\"https:\\\/\\\/lasentinelle.dz\\\/#organization\"},\"potentialAction\":[{\"@type\":\"SearchAction\",\"target\":{\"@type\":\"EntryPoint\",\"urlTemplate\":\"https:\\\/\\\/lasentinelle.dz\\\/?s={search_term_string}\"},\"query-input\":{\"@type\":\"PropertyValueSpecification\",\"valueRequired\":true,\"valueName\":\"search_term_string\"}}],\"inLanguage\":\"fr-FR\"},{\"@type\":\"Organization\",\"@id\":\"https:\\\/\\\/lasentinelle.dz\\\/#organization\",\"name\":\"Quotidien La Sentinelle\",\"url\":\"https:\\\/\\\/lasentinelle.dz\\\/\",\"logo\":{\"@type\":\"ImageObject\",\"inLanguage\":\"fr-FR\",\"@id\":\"https:\\\/\\\/lasentinelle.dz\\\/#\\\/schema\\\/logo\\\/image\\\/\",\"url\":\"https:\\\/\\\/lasentinelle.dz\\\/wp-content\\\/uploads\\\/2021\\\/09\\\/logo-sentinelleSLOGAN-1.png\",\"contentUrl\":\"https:\\\/\\\/lasentinelle.dz\\\/wp-content\\\/uploads\\\/2021\\\/09\\\/logo-sentinelleSLOGAN-1.png\",\"width\":615,\"height\":142,\"caption\":\"Quotidien La Sentinelle\"},\"image\":{\"@id\":\"https:\\\/\\\/lasentinelle.dz\\\/#\\\/schema\\\/logo\\\/image\\\/\"},\"sameAs\":[\"https:\\\/\\\/www.facebook.com\\\/La-Sentinelle-104059864394773\"]},{\"@type\":\"Person\",\"@id\":\"https:\\\/\\\/lasentinelle.dz\\\/#\\\/schema\\\/person\\\/d865044e22e70a75174ce8bcad3acfb3\",\"name\":\"La Sentinelle\",\"image\":{\"@type\":\"ImageObject\",\"inLanguage\":\"fr-FR\",\"@id\":\"https:\\\/\\\/secure.gravatar.com\\\/avatar\\\/57de8e5d4b15d43fb361a71fbb36338450fe67865b528a43dd10ef7c51a20392?s=96&d=mm&r=g\",\"url\":\"https:\\\/\\\/secure.gravatar.com\\\/avatar\\\/57de8e5d4b15d43fb361a71fbb36338450fe67865b528a43dd10ef7c51a20392?s=96&d=mm&r=g\",\"contentUrl\":\"https:\\\/\\\/secure.gravatar.com\\\/avatar\\\/57de8e5d4b15d43fb361a71fbb36338450fe67865b528a43dd10ef7c51a20392?s=96&d=mm&r=g\",\"caption\":\"La Sentinelle\"},\"sameAs\":[\"http:\\\/\\\/www.lasentinelle.dz\"],\"url\":\"https:\\\/\\\/lasentinelle.dz\\\/author\\\/redaction\\\/\"}]}<\/script>\n<!-- \/ Yoast SEO plugin. -->","yoast_head_json":{"title":"Gestion des collectivit\u00e9s locales : Quelles pr\u00e9rogatives pour les walis et pour les \u00e9lus ? - La Sentinelle","robots":{"index":"index","follow":"follow","max-snippet":"max-snippet:-1","max-image-preview":"max-image-preview:large","max-video-preview":"max-video-preview:-1"},"canonical":"https:\/\/lasentinelle.dz\/index.php\/2022\/01\/16\/gestion-des-collectivites-locales-quelles-prerogatives-pour-les-walis-et-pour-les-elus\/","og_locale":"fr_FR","og_type":"article","og_title":"Gestion des collectivit\u00e9s locales : Quelles pr\u00e9rogatives pour les walis et pour les \u00e9lus ? - La Sentinelle","og_description":"Les pr\u00e9rogatives des walis seront renforc\u00e9es \u00e0 la faveur d\u2019un d\u00e9cret ex\u00e9cutif qui sera sur la table du Conseil des","og_url":"https:\/\/lasentinelle.dz\/index.php\/2022\/01\/16\/gestion-des-collectivites-locales-quelles-prerogatives-pour-les-walis-et-pour-les-elus\/","og_site_name":"La Sentinelle","article_publisher":"https:\/\/www.facebook.com\/La-Sentinelle-104059864394773","article_published_time":"2022-01-15T23:05:00+00:00","og_image":[{"width":1614,"height":900,"url":"https:\/\/lasentinelle.dz\/wp-content\/uploads\/2022\/01\/walis.png","type":"image\/png"}],"author":"La Sentinelle","twitter_card":"summary_large_image","twitter_misc":{"\u00c9crit par":"La Sentinelle","Dur\u00e9e de lecture estim\u00e9e":"3 minutes"},"schema":{"@context":"https:\/\/schema.org","@graph":[{"@type":"Article","@id":"https:\/\/lasentinelle.dz\/index.php\/2022\/01\/16\/gestion-des-collectivites-locales-quelles-prerogatives-pour-les-walis-et-pour-les-elus\/#article","isPartOf":{"@id":"https:\/\/lasentinelle.dz\/index.php\/2022\/01\/16\/gestion-des-collectivites-locales-quelles-prerogatives-pour-les-walis-et-pour-les-elus\/"},"author":{"name":"La Sentinelle","@id":"https:\/\/lasentinelle.dz\/#\/schema\/person\/d865044e22e70a75174ce8bcad3acfb3"},"headline":"Gestion des collectivit\u00e9s locales : Quelles pr\u00e9rogatives pour les walis et pour les \u00e9lus ?","datePublished":"2022-01-15T23:05:00+00:00","mainEntityOfPage":{"@id":"https:\/\/lasentinelle.dz\/index.php\/2022\/01\/16\/gestion-des-collectivites-locales-quelles-prerogatives-pour-les-walis-et-pour-les-elus\/"},"wordCount":699,"commentCount":0,"publisher":{"@id":"https:\/\/lasentinelle.dz\/#organization"},"image":{"@id":"https:\/\/lasentinelle.dz\/index.php\/2022\/01\/16\/gestion-des-collectivites-locales-quelles-prerogatives-pour-les-walis-et-pour-les-elus\/#primaryimage"},"thumbnailUrl":"https:\/\/lasentinelle.dz\/wp-content\/uploads\/2022\/01\/walis.png","articleSection":["\u00c0 la Une","Actualit\u00e9"],"inLanguage":"fr-FR","potentialAction":[{"@type":"CommentAction","name":"Comment","target":["https:\/\/lasentinelle.dz\/index.php\/2022\/01\/16\/gestion-des-collectivites-locales-quelles-prerogatives-pour-les-walis-et-pour-les-elus\/#respond"]}]},{"@type":"WebPage","@id":"https:\/\/lasentinelle.dz\/index.php\/2022\/01\/16\/gestion-des-collectivites-locales-quelles-prerogatives-pour-les-walis-et-pour-les-elus\/","url":"https:\/\/lasentinelle.dz\/index.php\/2022\/01\/16\/gestion-des-collectivites-locales-quelles-prerogatives-pour-les-walis-et-pour-les-elus\/","name":"Gestion des collectivit\u00e9s locales : Quelles pr\u00e9rogatives pour les walis et pour les \u00e9lus ? - La Sentinelle","isPartOf":{"@id":"https:\/\/lasentinelle.dz\/#website"},"primaryImageOfPage":{"@id":"https:\/\/lasentinelle.dz\/index.php\/2022\/01\/16\/gestion-des-collectivites-locales-quelles-prerogatives-pour-les-walis-et-pour-les-elus\/#primaryimage"},"image":{"@id":"https:\/\/lasentinelle.dz\/index.php\/2022\/01\/16\/gestion-des-collectivites-locales-quelles-prerogatives-pour-les-walis-et-pour-les-elus\/#primaryimage"},"thumbnailUrl":"https:\/\/lasentinelle.dz\/wp-content\/uploads\/2022\/01\/walis.png","datePublished":"2022-01-15T23:05:00+00:00","breadcrumb":{"@id":"https:\/\/lasentinelle.dz\/index.php\/2022\/01\/16\/gestion-des-collectivites-locales-quelles-prerogatives-pour-les-walis-et-pour-les-elus\/#breadcrumb"},"inLanguage":"fr-FR","potentialAction":[{"@type":"ReadAction","target":["https:\/\/lasentinelle.dz\/index.php\/2022\/01\/16\/gestion-des-collectivites-locales-quelles-prerogatives-pour-les-walis-et-pour-les-elus\/"]}]},{"@type":"ImageObject","inLanguage":"fr-FR","@id":"https:\/\/lasentinelle.dz\/index.php\/2022\/01\/16\/gestion-des-collectivites-locales-quelles-prerogatives-pour-les-walis-et-pour-les-elus\/#primaryimage","url":"https:\/\/lasentinelle.dz\/wp-content\/uploads\/2022\/01\/walis.png","contentUrl":"https:\/\/lasentinelle.dz\/wp-content\/uploads\/2022\/01\/walis.png","width":1614,"height":900},{"@type":"BreadcrumbList","@id":"https:\/\/lasentinelle.dz\/index.php\/2022\/01\/16\/gestion-des-collectivites-locales-quelles-prerogatives-pour-les-walis-et-pour-les-elus\/#breadcrumb","itemListElement":[{"@type":"ListItem","position":1,"name":"Accueil","item":"https:\/\/lasentinelle.dz\/"},{"@type":"ListItem","position":2,"name":"Gestion des collectivit\u00e9s locales : Quelles pr\u00e9rogatives pour les walis et pour les \u00e9lus ?"}]},{"@type":"WebSite","@id":"https:\/\/lasentinelle.dz\/#website","url":"https:\/\/lasentinelle.dz\/","name":"La Sentinelle","description":"Quotidien national d&#039;information","publisher":{"@id":"https:\/\/lasentinelle.dz\/#organization"},"potentialAction":[{"@type":"SearchAction","target":{"@type":"EntryPoint","urlTemplate":"https:\/\/lasentinelle.dz\/?s={search_term_string}"},"query-input":{"@type":"PropertyValueSpecification","valueRequired":true,"valueName":"search_term_string"}}],"inLanguage":"fr-FR"},{"@type":"Organization","@id":"https:\/\/lasentinelle.dz\/#organization","name":"Quotidien La Sentinelle","url":"https:\/\/lasentinelle.dz\/","logo":{"@type":"ImageObject","inLanguage":"fr-FR","@id":"https:\/\/lasentinelle.dz\/#\/schema\/logo\/image\/","url":"https:\/\/lasentinelle.dz\/wp-content\/uploads\/2021\/09\/logo-sentinelleSLOGAN-1.png","contentUrl":"https:\/\/lasentinelle.dz\/wp-content\/uploads\/2021\/09\/logo-sentinelleSLOGAN-1.png","width":615,"height":142,"caption":"Quotidien La Sentinelle"},"image":{"@id":"https:\/\/lasentinelle.dz\/#\/schema\/logo\/image\/"},"sameAs":["https:\/\/www.facebook.com\/La-Sentinelle-104059864394773"]},{"@type":"Person","@id":"https:\/\/lasentinelle.dz\/#\/schema\/person\/d865044e22e70a75174ce8bcad3acfb3","name":"La Sentinelle","image":{"@type":"ImageObject","inLanguage":"fr-FR","@id":"https:\/\/secure.gravatar.com\/avatar\/57de8e5d4b15d43fb361a71fbb36338450fe67865b528a43dd10ef7c51a20392?s=96&d=mm&r=g","url":"https:\/\/secure.gravatar.com\/avatar\/57de8e5d4b15d43fb361a71fbb36338450fe67865b528a43dd10ef7c51a20392?s=96&d=mm&r=g","contentUrl":"https:\/\/secure.gravatar.com\/avatar\/57de8e5d4b15d43fb361a71fbb36338450fe67865b528a43dd10ef7c51a20392?s=96&d=mm&r=g","caption":"La Sentinelle"},"sameAs":["http:\/\/www.lasentinelle.dz"],"url":"https:\/\/lasentinelle.dz\/author\/redaction\/"}]}},"_links":{"self":[{"href":"https:\/\/lasentinelle.dz\/index.php\/wp-json\/wp\/v2\/posts\/15908","targetHints":{"allow":["GET"]}}],"collection":[{"href":"https:\/\/lasentinelle.dz\/index.php\/wp-json\/wp\/v2\/posts"}],"about":[{"href":"https:\/\/lasentinelle.dz\/index.php\/wp-json\/wp\/v2\/types\/post"}],"author":[{"embeddable":true,"href":"https:\/\/lasentinelle.dz\/index.php\/wp-json\/wp\/v2\/users\/3"}],"replies":[{"embeddable":true,"href":"https:\/\/lasentinelle.dz\/index.php\/wp-json\/wp\/v2\/comments?post=15908"}],"version-history":[{"count":1,"href":"https:\/\/lasentinelle.dz\/index.php\/wp-json\/wp\/v2\/posts\/15908\/revisions"}],"predecessor-version":[{"id":15918,"href":"https:\/\/lasentinelle.dz\/index.php\/wp-json\/wp\/v2\/posts\/15908\/revisions\/15918"}],"wp:featuredmedia":[{"embeddable":true,"href":"https:\/\/lasentinelle.dz\/index.php\/wp-json\/wp\/v2\/media\/15917"}],"wp:attachment":[{"href":"https:\/\/lasentinelle.dz\/index.php\/wp-json\/wp\/v2\/media?parent=15908"}],"wp:term":[{"taxonomy":"category","embeddable":true,"href":"https:\/\/lasentinelle.dz\/index.php\/wp-json\/wp\/v2\/categories?post=15908"},{"taxonomy":"post_tag","embeddable":true,"href":"https:\/\/lasentinelle.dz\/index.php\/wp-json\/wp\/v2\/tags?post=15908"}],"curies":[{"name":"wp","href":"https:\/\/api.w.org\/{rel}","templated":true}]}}