{"id":15953,"date":"2022-01-18T00:05:00","date_gmt":"2022-01-17T23:05:00","guid":{"rendered":"https:\/\/lasentinelle.dz\/?p=15953"},"modified":"2022-01-17T18:05:55","modified_gmt":"2022-01-17T17:05:55","slug":"au-bord-de-lelimination-de-la-can-2021-les-verts-a-la-croisee-des-chemins","status":"publish","type":"post","link":"https:\/\/lasentinelle.dz\/index.php\/2022\/01\/18\/au-bord-de-lelimination-de-la-can-2021-les-verts-a-la-croisee-des-chemins\/","title":{"rendered":"Au bord de l\u2019\u00e9limination de la CAN-2021 : Les Verts \u00e0 la crois\u00e9e des chemins"},"content":{"rendered":"\n<p>Grosse d\u00e9sillusion&nbsp;-encore !-&nbsp;dans le camp de l\u2019\u00c9quipe nationale alg\u00e9rienne de football. Celle-ci entame de la pire des mani\u00e8res sa qu\u00eate de d\u00e9fendre son titre africain, \u00e0 l\u2019occasion de la CAN, qui se tient actuellement au Cameroun.&nbsp;<\/p>\n\n\n\n<p>Apr\u00e8s un semi-\u00e9chec lors de la journ\u00e9e inaugurale face \u00e0 la Sierra leone, elle a conc\u00e9d\u00e9 une d\u00e9faite sur la plus petite des marges, dimanche dernier, face \u00e0 la Guin\u00e9e Equatoriale (0-1) au Japoma Stadium de Douala. Du coup, la victoire devient imp\u00e9rative, jeudi \u00e0 17&nbsp;h00, sur ce m\u00eame stade face \u00e0 la C\u00f4te d\u2019Ivoire pour esp\u00e9rer passer en 8e. Tout autre r\u00e9sultat sera synonyme d\u2019\u00e9limination. Ainsi, tous les efforts doivent \u00eatre conjugu\u00e9s dans le m\u00eame sens afin d\u2019\u00e9viter \u00ab le spectre de Ziguinchor \u00bb, en 1992, lorsque l\u2019Alg\u00e9rie, championne d\u2019Afrique d\u2019alors, avait quitt\u00e9 la CAN au premier tour. Mais qu\u2019est-ce qui n\u2019a pas march\u00e9, dimanche ? D\u00e9j\u00e0 que les \u00c9quato-Guin\u00e9ens ont impos\u00e9 un \u00ab faux rythme \u00bb aux Verts, sur une pelouse impraticable. D\u00e8s les premi\u00e8res minutes, les Verts ont vers\u00e9 dans la nervosit\u00e9, en t\u00e9moignent les cartons jaunes re\u00e7us par Bounedjah et Bensebaini \u00e0 peine 10 minutes apr\u00e8s le coup d\u2019envoi du match. La zone m\u00e9diane n\u2019assurait, elle, pas la liaison entre la d\u00e9fense et l\u2019attaque, obligeant, entre autres, Bounedjah et Mahrez \u00e0 faire appel \u00e0 leur technicit\u00e9 et aux balles a\u00e9riennes. Mais loin s\u2019en faut. Toutes les balles ont \u00e9t\u00e9 r\u00e9cup\u00e9r\u00e9es par la d\u00e9fense adverse. Pire encore, les adversaires des Verts \u00e9taient les plus dangereux devant une d\u00e9fense alg\u00e9rienne f\u00e9brile, mais fort heureusement que M\u2019bolhi \u00e9tait bien en place. Au retour des vestiaires, la donne n\u2019a pas chang\u00e9. Les Alg\u00e9riens confondent vitesse et pr\u00e9cipitation. Ne dit-on pas que quand on ne marque pas, on encaisse ? Les Alg\u00e9riens l\u2019ont v\u00e9rifi\u00e9 \u00e0 leurs d\u00e9pens. La sentence \u00e9quato-guin\u00e9enne arrive finalement d\u2019Esteban Obono, oubli\u00e9 sur corner et venu pousser le cuir au fond pour sanctionner des Verts m\u00e9connaissables. Dans la course \u00e0 l\u2019\u00e9galisation, les vagues blanches n\u2019auront abouti qu\u2019\u00e0 quelques situations bien ma\u00eetris\u00e9es par Owono et son arri\u00e8re-garde. Apr\u00e8s cette d\u00e9faite, qui vient mettre fin \u00e0 une s\u00e9rie d\u2019invisibilit\u00e9 de 35 matchs, l\u2019Alg\u00e9rie ferme la marche dans son groupe avec une seule unit\u00e9, une victoire devant les Ivoiriens lors de l\u2019ultime journ\u00e9e est primordiale. Pour cela, tout, ou presque, est \u00e0 revoir.<\/p>\n\n\n\n<p><strong>Abderrahim Mahious<\/strong><\/p>\n","protected":false},"excerpt":{"rendered":"<p>Grosse d\u00e9sillusion&nbsp;-encore !-&nbsp;dans le camp de l\u2019\u00c9quipe nationale alg\u00e9rienne de football. Celle-ci entame de la pire des mani\u00e8res sa qu\u00eate<\/p>\n","protected":false},"author":3,"featured_media":15959,"comment_status":"open","ping_status":"closed","sticky":false,"template":"","format":"standard","meta":{"colormag_page_container_layout":"default_layout","colormag_page_sidebar_layout":"default_layout","om_disable_all_campaigns":false,"_monsterinsights_skip_tracking":false,"_monsterinsights_sitenote_active":false,"_monsterinsights_sitenote_note":"","_monsterinsights_sitenote_category":0,"footnotes":"","_wpscppro_dont_share_socialmedia":false,"_wpscppro_custom_social_share_image":0,"_facebook_share_type":"","_twitter_share_type":"","_linkedin_share_type":"","_pinterest_share_type":"","_linkedin_share_type_page":"","_instagram_share_type":"","_medium_share_type":"","_threads_share_type":"","_google_business_share_type":"","_selected_social_profile":[],"_wpsp_enable_custom_social_template":false,"_wpsp_social_scheduling":{"enabled":false,"datetime":null,"platforms":[],"status":"template_only","dateOption":"today","timeOption":"now","customDays":"","customHours":"","customDate":"","customTime":"","schedulingType":"absolute"},"_wpsp_active_default_template":true},"categories":[52,33],"tags":[],"class_list":["post-15953","post","type-post","status-publish","format-standard","has-post-thumbnail","hentry","category-a-la-une","category-sports"],"aioseo_notices":[],"yoast_head":"<!-- This site is optimized with the Yoast SEO plugin v27.5 - https:\/\/yoast.com\/product\/yoast-seo-wordpress\/ -->\n<title>Au bord de l\u2019\u00e9limination de la CAN-2021 : Les Verts \u00e0 la crois\u00e9e des chemins - La Sentinelle<\/title>\n<meta name=\"robots\" content=\"index, follow, max-snippet:-1, max-image-preview:large, max-video-preview:-1\" \/>\n<link rel=\"canonical\" href=\"https:\/\/lasentinelle.dz\/index.php\/2022\/01\/18\/au-bord-de-lelimination-de-la-can-2021-les-verts-a-la-croisee-des-chemins\/\" \/>\n<meta property=\"og:locale\" content=\"fr_FR\" \/>\n<meta property=\"og:type\" content=\"article\" \/>\n<meta property=\"og:title\" content=\"Au bord de l\u2019\u00e9limination de la CAN-2021 : Les Verts \u00e0 la crois\u00e9e des chemins - La Sentinelle\" \/>\n<meta property=\"og:description\" content=\"Grosse d\u00e9sillusion&nbsp;-encore !-&nbsp;dans le camp de l\u2019\u00c9quipe nationale alg\u00e9rienne de football. Celle-ci entame de la pire des mani\u00e8res sa qu\u00eate\" \/>\n<meta property=\"og:url\" content=\"https:\/\/lasentinelle.dz\/index.php\/2022\/01\/18\/au-bord-de-lelimination-de-la-can-2021-les-verts-a-la-croisee-des-chemins\/\" \/>\n<meta property=\"og:site_name\" content=\"La Sentinelle\" \/>\n<meta property=\"article:publisher\" content=\"https:\/\/www.facebook.com\/La-Sentinelle-104059864394773\" \/>\n<meta property=\"article:published_time\" content=\"2022-01-17T23:05:00+00:00\" \/>\n<meta property=\"og:image\" content=\"https:\/\/lasentinelle.dz\/wp-content\/uploads\/2022\/01\/Algerie-Guinee.png\" \/>\n\t<meta property=\"og:image:width\" content=\"1258\" \/>\n\t<meta property=\"og:image:height\" content=\"900\" \/>\n\t<meta property=\"og:image:type\" content=\"image\/png\" \/>\n<meta name=\"author\" content=\"La Sentinelle\" \/>\n<meta name=\"twitter:card\" content=\"summary_large_image\" \/>\n<meta name=\"twitter:label1\" content=\"\u00c9crit par\" \/>\n\t<meta name=\"twitter:data1\" content=\"La Sentinelle\" \/>\n\t<meta name=\"twitter:label2\" content=\"Dur\u00e9e de lecture estim\u00e9e\" \/>\n\t<meta name=\"twitter:data2\" content=\"2 minutes\" \/>\n<script type=\"application\/ld+json\" class=\"yoast-schema-graph\">{\"@context\":\"https:\\\/\\\/schema.org\",\"@graph\":[{\"@type\":\"Article\",\"@id\":\"https:\\\/\\\/lasentinelle.dz\\\/index.php\\\/2022\\\/01\\\/18\\\/au-bord-de-lelimination-de-la-can-2021-les-verts-a-la-croisee-des-chemins\\\/#article\",\"isPartOf\":{\"@id\":\"https:\\\/\\\/lasentinelle.dz\\\/index.php\\\/2022\\\/01\\\/18\\\/au-bord-de-lelimination-de-la-can-2021-les-verts-a-la-croisee-des-chemins\\\/\"},\"author\":{\"name\":\"La Sentinelle\",\"@id\":\"https:\\\/\\\/lasentinelle.dz\\\/#\\\/schema\\\/person\\\/d865044e22e70a75174ce8bcad3acfb3\"},\"headline\":\"Au bord de l\u2019\u00e9limination de la CAN-2021 : Les Verts \u00e0 la crois\u00e9e des chemins\",\"datePublished\":\"2022-01-17T23:05:00+00:00\",\"mainEntityOfPage\":{\"@id\":\"https:\\\/\\\/lasentinelle.dz\\\/index.php\\\/2022\\\/01\\\/18\\\/au-bord-de-lelimination-de-la-can-2021-les-verts-a-la-croisee-des-chemins\\\/\"},\"wordCount\":454,\"commentCount\":0,\"publisher\":{\"@id\":\"https:\\\/\\\/lasentinelle.dz\\\/#organization\"},\"image\":{\"@id\":\"https:\\\/\\\/lasentinelle.dz\\\/index.php\\\/2022\\\/01\\\/18\\\/au-bord-de-lelimination-de-la-can-2021-les-verts-a-la-croisee-des-chemins\\\/#primaryimage\"},\"thumbnailUrl\":\"https:\\\/\\\/lasentinelle.dz\\\/wp-content\\\/uploads\\\/2022\\\/01\\\/Algerie-Guinee.png\",\"articleSection\":[\"\u00c0 la Une\",\"Sports\"],\"inLanguage\":\"fr-FR\",\"potentialAction\":[{\"@type\":\"CommentAction\",\"name\":\"Comment\",\"target\":[\"https:\\\/\\\/lasentinelle.dz\\\/index.php\\\/2022\\\/01\\\/18\\\/au-bord-de-lelimination-de-la-can-2021-les-verts-a-la-croisee-des-chemins\\\/#respond\"]}]},{\"@type\":\"WebPage\",\"@id\":\"https:\\\/\\\/lasentinelle.dz\\\/index.php\\\/2022\\\/01\\\/18\\\/au-bord-de-lelimination-de-la-can-2021-les-verts-a-la-croisee-des-chemins\\\/\",\"url\":\"https:\\\/\\\/lasentinelle.dz\\\/index.php\\\/2022\\\/01\\\/18\\\/au-bord-de-lelimination-de-la-can-2021-les-verts-a-la-croisee-des-chemins\\\/\",\"name\":\"Au bord de l\u2019\u00e9limination de la CAN-2021 : Les Verts \u00e0 la crois\u00e9e des chemins - La Sentinelle\",\"isPartOf\":{\"@id\":\"https:\\\/\\\/lasentinelle.dz\\\/#website\"},\"primaryImageOfPage\":{\"@id\":\"https:\\\/\\\/lasentinelle.dz\\\/index.php\\\/2022\\\/01\\\/18\\\/au-bord-de-lelimination-de-la-can-2021-les-verts-a-la-croisee-des-chemins\\\/#primaryimage\"},\"image\":{\"@id\":\"https:\\\/\\\/lasentinelle.dz\\\/index.php\\\/2022\\\/01\\\/18\\\/au-bord-de-lelimination-de-la-can-2021-les-verts-a-la-croisee-des-chemins\\\/#primaryimage\"},\"thumbnailUrl\":\"https:\\\/\\\/lasentinelle.dz\\\/wp-content\\\/uploads\\\/2022\\\/01\\\/Algerie-Guinee.png\",\"datePublished\":\"2022-01-17T23:05:00+00:00\",\"breadcrumb\":{\"@id\":\"https:\\\/\\\/lasentinelle.dz\\\/index.php\\\/2022\\\/01\\\/18\\\/au-bord-de-lelimination-de-la-can-2021-les-verts-a-la-croisee-des-chemins\\\/#breadcrumb\"},\"inLanguage\":\"fr-FR\",\"potentialAction\":[{\"@type\":\"ReadAction\",\"target\":[\"https:\\\/\\\/lasentinelle.dz\\\/index.php\\\/2022\\\/01\\\/18\\\/au-bord-de-lelimination-de-la-can-2021-les-verts-a-la-croisee-des-chemins\\\/\"]}]},{\"@type\":\"ImageObject\",\"inLanguage\":\"fr-FR\",\"@id\":\"https:\\\/\\\/lasentinelle.dz\\\/index.php\\\/2022\\\/01\\\/18\\\/au-bord-de-lelimination-de-la-can-2021-les-verts-a-la-croisee-des-chemins\\\/#primaryimage\",\"url\":\"https:\\\/\\\/lasentinelle.dz\\\/wp-content\\\/uploads\\\/2022\\\/01\\\/Algerie-Guinee.png\",\"contentUrl\":\"https:\\\/\\\/lasentinelle.dz\\\/wp-content\\\/uploads\\\/2022\\\/01\\\/Algerie-Guinee.png\",\"width\":1258,\"height\":900},{\"@type\":\"BreadcrumbList\",\"@id\":\"https:\\\/\\\/lasentinelle.dz\\\/index.php\\\/2022\\\/01\\\/18\\\/au-bord-de-lelimination-de-la-can-2021-les-verts-a-la-croisee-des-chemins\\\/#breadcrumb\",\"itemListElement\":[{\"@type\":\"ListItem\",\"position\":1,\"name\":\"Accueil\",\"item\":\"https:\\\/\\\/lasentinelle.dz\\\/\"},{\"@type\":\"ListItem\",\"position\":2,\"name\":\"Au bord de l\u2019\u00e9limination de la CAN-2021 : Les Verts \u00e0 la crois\u00e9e des chemins\"}]},{\"@type\":\"WebSite\",\"@id\":\"https:\\\/\\\/lasentinelle.dz\\\/#website\",\"url\":\"https:\\\/\\\/lasentinelle.dz\\\/\",\"name\":\"La Sentinelle\",\"description\":\"Quotidien national d&#039;information\",\"publisher\":{\"@id\":\"https:\\\/\\\/lasentinelle.dz\\\/#organization\"},\"potentialAction\":[{\"@type\":\"SearchAction\",\"target\":{\"@type\":\"EntryPoint\",\"urlTemplate\":\"https:\\\/\\\/lasentinelle.dz\\\/?s={search_term_string}\"},\"query-input\":{\"@type\":\"PropertyValueSpecification\",\"valueRequired\":true,\"valueName\":\"search_term_string\"}}],\"inLanguage\":\"fr-FR\"},{\"@type\":\"Organization\",\"@id\":\"https:\\\/\\\/lasentinelle.dz\\\/#organization\",\"name\":\"Quotidien La Sentinelle\",\"url\":\"https:\\\/\\\/lasentinelle.dz\\\/\",\"logo\":{\"@type\":\"ImageObject\",\"inLanguage\":\"fr-FR\",\"@id\":\"https:\\\/\\\/lasentinelle.dz\\\/#\\\/schema\\\/logo\\\/image\\\/\",\"url\":\"https:\\\/\\\/lasentinelle.dz\\\/wp-content\\\/uploads\\\/2021\\\/09\\\/logo-sentinelleSLOGAN-1.png\",\"contentUrl\":\"https:\\\/\\\/lasentinelle.dz\\\/wp-content\\\/uploads\\\/2021\\\/09\\\/logo-sentinelleSLOGAN-1.png\",\"width\":615,\"height\":142,\"caption\":\"Quotidien La Sentinelle\"},\"image\":{\"@id\":\"https:\\\/\\\/lasentinelle.dz\\\/#\\\/schema\\\/logo\\\/image\\\/\"},\"sameAs\":[\"https:\\\/\\\/www.facebook.com\\\/La-Sentinelle-104059864394773\"]},{\"@type\":\"Person\",\"@id\":\"https:\\\/\\\/lasentinelle.dz\\\/#\\\/schema\\\/person\\\/d865044e22e70a75174ce8bcad3acfb3\",\"name\":\"La Sentinelle\",\"image\":{\"@type\":\"ImageObject\",\"inLanguage\":\"fr-FR\",\"@id\":\"https:\\\/\\\/secure.gravatar.com\\\/avatar\\\/57de8e5d4b15d43fb361a71fbb36338450fe67865b528a43dd10ef7c51a20392?s=96&d=mm&r=g\",\"url\":\"https:\\\/\\\/secure.gravatar.com\\\/avatar\\\/57de8e5d4b15d43fb361a71fbb36338450fe67865b528a43dd10ef7c51a20392?s=96&d=mm&r=g\",\"contentUrl\":\"https:\\\/\\\/secure.gravatar.com\\\/avatar\\\/57de8e5d4b15d43fb361a71fbb36338450fe67865b528a43dd10ef7c51a20392?s=96&d=mm&r=g\",\"caption\":\"La Sentinelle\"},\"sameAs\":[\"http:\\\/\\\/www.lasentinelle.dz\"],\"url\":\"https:\\\/\\\/lasentinelle.dz\\\/author\\\/redaction\\\/\"}]}<\/script>\n<!-- \/ Yoast SEO plugin. -->","yoast_head_json":{"title":"Au bord de l\u2019\u00e9limination de la CAN-2021 : Les Verts \u00e0 la crois\u00e9e des chemins - La Sentinelle","robots":{"index":"index","follow":"follow","max-snippet":"max-snippet:-1","max-image-preview":"max-image-preview:large","max-video-preview":"max-video-preview:-1"},"canonical":"https:\/\/lasentinelle.dz\/index.php\/2022\/01\/18\/au-bord-de-lelimination-de-la-can-2021-les-verts-a-la-croisee-des-chemins\/","og_locale":"fr_FR","og_type":"article","og_title":"Au bord de l\u2019\u00e9limination de la CAN-2021 : Les Verts \u00e0 la crois\u00e9e des chemins - La Sentinelle","og_description":"Grosse d\u00e9sillusion&nbsp;-encore !-&nbsp;dans le camp de l\u2019\u00c9quipe nationale alg\u00e9rienne de football. Celle-ci entame de la pire des mani\u00e8res sa qu\u00eate","og_url":"https:\/\/lasentinelle.dz\/index.php\/2022\/01\/18\/au-bord-de-lelimination-de-la-can-2021-les-verts-a-la-croisee-des-chemins\/","og_site_name":"La Sentinelle","article_publisher":"https:\/\/www.facebook.com\/La-Sentinelle-104059864394773","article_published_time":"2022-01-17T23:05:00+00:00","og_image":[{"width":1258,"height":900,"url":"https:\/\/lasentinelle.dz\/wp-content\/uploads\/2022\/01\/Algerie-Guinee.png","type":"image\/png"}],"author":"La Sentinelle","twitter_card":"summary_large_image","twitter_misc":{"\u00c9crit par":"La Sentinelle","Dur\u00e9e de lecture estim\u00e9e":"2 minutes"},"schema":{"@context":"https:\/\/schema.org","@graph":[{"@type":"Article","@id":"https:\/\/lasentinelle.dz\/index.php\/2022\/01\/18\/au-bord-de-lelimination-de-la-can-2021-les-verts-a-la-croisee-des-chemins\/#article","isPartOf":{"@id":"https:\/\/lasentinelle.dz\/index.php\/2022\/01\/18\/au-bord-de-lelimination-de-la-can-2021-les-verts-a-la-croisee-des-chemins\/"},"author":{"name":"La Sentinelle","@id":"https:\/\/lasentinelle.dz\/#\/schema\/person\/d865044e22e70a75174ce8bcad3acfb3"},"headline":"Au bord de l\u2019\u00e9limination de la CAN-2021 : Les Verts \u00e0 la crois\u00e9e des chemins","datePublished":"2022-01-17T23:05:00+00:00","mainEntityOfPage":{"@id":"https:\/\/lasentinelle.dz\/index.php\/2022\/01\/18\/au-bord-de-lelimination-de-la-can-2021-les-verts-a-la-croisee-des-chemins\/"},"wordCount":454,"commentCount":0,"publisher":{"@id":"https:\/\/lasentinelle.dz\/#organization"},"image":{"@id":"https:\/\/lasentinelle.dz\/index.php\/2022\/01\/18\/au-bord-de-lelimination-de-la-can-2021-les-verts-a-la-croisee-des-chemins\/#primaryimage"},"thumbnailUrl":"https:\/\/lasentinelle.dz\/wp-content\/uploads\/2022\/01\/Algerie-Guinee.png","articleSection":["\u00c0 la Une","Sports"],"inLanguage":"fr-FR","potentialAction":[{"@type":"CommentAction","name":"Comment","target":["https:\/\/lasentinelle.dz\/index.php\/2022\/01\/18\/au-bord-de-lelimination-de-la-can-2021-les-verts-a-la-croisee-des-chemins\/#respond"]}]},{"@type":"WebPage","@id":"https:\/\/lasentinelle.dz\/index.php\/2022\/01\/18\/au-bord-de-lelimination-de-la-can-2021-les-verts-a-la-croisee-des-chemins\/","url":"https:\/\/lasentinelle.dz\/index.php\/2022\/01\/18\/au-bord-de-lelimination-de-la-can-2021-les-verts-a-la-croisee-des-chemins\/","name":"Au bord de l\u2019\u00e9limination de la CAN-2021 : Les Verts \u00e0 la crois\u00e9e des chemins - La Sentinelle","isPartOf":{"@id":"https:\/\/lasentinelle.dz\/#website"},"primaryImageOfPage":{"@id":"https:\/\/lasentinelle.dz\/index.php\/2022\/01\/18\/au-bord-de-lelimination-de-la-can-2021-les-verts-a-la-croisee-des-chemins\/#primaryimage"},"image":{"@id":"https:\/\/lasentinelle.dz\/index.php\/2022\/01\/18\/au-bord-de-lelimination-de-la-can-2021-les-verts-a-la-croisee-des-chemins\/#primaryimage"},"thumbnailUrl":"https:\/\/lasentinelle.dz\/wp-content\/uploads\/2022\/01\/Algerie-Guinee.png","datePublished":"2022-01-17T23:05:00+00:00","breadcrumb":{"@id":"https:\/\/lasentinelle.dz\/index.php\/2022\/01\/18\/au-bord-de-lelimination-de-la-can-2021-les-verts-a-la-croisee-des-chemins\/#breadcrumb"},"inLanguage":"fr-FR","potentialAction":[{"@type":"ReadAction","target":["https:\/\/lasentinelle.dz\/index.php\/2022\/01\/18\/au-bord-de-lelimination-de-la-can-2021-les-verts-a-la-croisee-des-chemins\/"]}]},{"@type":"ImageObject","inLanguage":"fr-FR","@id":"https:\/\/lasentinelle.dz\/index.php\/2022\/01\/18\/au-bord-de-lelimination-de-la-can-2021-les-verts-a-la-croisee-des-chemins\/#primaryimage","url":"https:\/\/lasentinelle.dz\/wp-content\/uploads\/2022\/01\/Algerie-Guinee.png","contentUrl":"https:\/\/lasentinelle.dz\/wp-content\/uploads\/2022\/01\/Algerie-Guinee.png","width":1258,"height":900},{"@type":"BreadcrumbList","@id":"https:\/\/lasentinelle.dz\/index.php\/2022\/01\/18\/au-bord-de-lelimination-de-la-can-2021-les-verts-a-la-croisee-des-chemins\/#breadcrumb","itemListElement":[{"@type":"ListItem","position":1,"name":"Accueil","item":"https:\/\/lasentinelle.dz\/"},{"@type":"ListItem","position":2,"name":"Au bord de l\u2019\u00e9limination de la CAN-2021 : Les Verts \u00e0 la crois\u00e9e des chemins"}]},{"@type":"WebSite","@id":"https:\/\/lasentinelle.dz\/#website","url":"https:\/\/lasentinelle.dz\/","name":"La Sentinelle","description":"Quotidien national d&#039;information","publisher":{"@id":"https:\/\/lasentinelle.dz\/#organization"},"potentialAction":[{"@type":"SearchAction","target":{"@type":"EntryPoint","urlTemplate":"https:\/\/lasentinelle.dz\/?s={search_term_string}"},"query-input":{"@type":"PropertyValueSpecification","valueRequired":true,"valueName":"search_term_string"}}],"inLanguage":"fr-FR"},{"@type":"Organization","@id":"https:\/\/lasentinelle.dz\/#organization","name":"Quotidien La Sentinelle","url":"https:\/\/lasentinelle.dz\/","logo":{"@type":"ImageObject","inLanguage":"fr-FR","@id":"https:\/\/lasentinelle.dz\/#\/schema\/logo\/image\/","url":"https:\/\/lasentinelle.dz\/wp-content\/uploads\/2021\/09\/logo-sentinelleSLOGAN-1.png","contentUrl":"https:\/\/lasentinelle.dz\/wp-content\/uploads\/2021\/09\/logo-sentinelleSLOGAN-1.png","width":615,"height":142,"caption":"Quotidien La Sentinelle"},"image":{"@id":"https:\/\/lasentinelle.dz\/#\/schema\/logo\/image\/"},"sameAs":["https:\/\/www.facebook.com\/La-Sentinelle-104059864394773"]},{"@type":"Person","@id":"https:\/\/lasentinelle.dz\/#\/schema\/person\/d865044e22e70a75174ce8bcad3acfb3","name":"La Sentinelle","image":{"@type":"ImageObject","inLanguage":"fr-FR","@id":"https:\/\/secure.gravatar.com\/avatar\/57de8e5d4b15d43fb361a71fbb36338450fe67865b528a43dd10ef7c51a20392?s=96&d=mm&r=g","url":"https:\/\/secure.gravatar.com\/avatar\/57de8e5d4b15d43fb361a71fbb36338450fe67865b528a43dd10ef7c51a20392?s=96&d=mm&r=g","contentUrl":"https:\/\/secure.gravatar.com\/avatar\/57de8e5d4b15d43fb361a71fbb36338450fe67865b528a43dd10ef7c51a20392?s=96&d=mm&r=g","caption":"La Sentinelle"},"sameAs":["http:\/\/www.lasentinelle.dz"],"url":"https:\/\/lasentinelle.dz\/author\/redaction\/"}]}},"_links":{"self":[{"href":"https:\/\/lasentinelle.dz\/index.php\/wp-json\/wp\/v2\/posts\/15953","targetHints":{"allow":["GET"]}}],"collection":[{"href":"https:\/\/lasentinelle.dz\/index.php\/wp-json\/wp\/v2\/posts"}],"about":[{"href":"https:\/\/lasentinelle.dz\/index.php\/wp-json\/wp\/v2\/types\/post"}],"author":[{"embeddable":true,"href":"https:\/\/lasentinelle.dz\/index.php\/wp-json\/wp\/v2\/users\/3"}],"replies":[{"embeddable":true,"href":"https:\/\/lasentinelle.dz\/index.php\/wp-json\/wp\/v2\/comments?post=15953"}],"version-history":[{"count":1,"href":"https:\/\/lasentinelle.dz\/index.php\/wp-json\/wp\/v2\/posts\/15953\/revisions"}],"predecessor-version":[{"id":15960,"href":"https:\/\/lasentinelle.dz\/index.php\/wp-json\/wp\/v2\/posts\/15953\/revisions\/15960"}],"wp:featuredmedia":[{"embeddable":true,"href":"https:\/\/lasentinelle.dz\/index.php\/wp-json\/wp\/v2\/media\/15959"}],"wp:attachment":[{"href":"https:\/\/lasentinelle.dz\/index.php\/wp-json\/wp\/v2\/media?parent=15953"}],"wp:term":[{"taxonomy":"category","embeddable":true,"href":"https:\/\/lasentinelle.dz\/index.php\/wp-json\/wp\/v2\/categories?post=15953"},{"taxonomy":"post_tag","embeddable":true,"href":"https:\/\/lasentinelle.dz\/index.php\/wp-json\/wp\/v2\/tags?post=15953"}],"curies":[{"name":"wp","href":"https:\/\/api.w.org\/{rel}","templated":true}]}}