{"id":15974,"date":"2022-01-19T00:05:00","date_gmt":"2022-01-18T23:05:00","guid":{"rendered":"https:\/\/lasentinelle.dz\/?p=15974"},"modified":"2022-01-18T16:40:45","modified_gmt":"2022-01-18T15:40:45","slug":"j-1-du-match-algerie-cote-divoire-lheure-de-la-remobilisation","status":"publish","type":"post","link":"https:\/\/lasentinelle.dz\/index.php\/2022\/01\/19\/j-1-du-match-algerie-cote-divoire-lheure-de-la-remobilisation\/","title":{"rendered":"J-1 du match Alg\u00e9rie \u2013 C\u00f4te d\u2019Ivoire : L\u2019heure de la remobilisation"},"content":{"rendered":"\n<p>Les joueurs de l\u2019\u00c9quipe nationale de football semblent avoir aval\u00e9 la pilule de la derni\u00e8re d\u00e9faite conc\u00e9d\u00e9e face \u00e0 la Guin\u00e9e \u00c9quatoriale (0-1). Ils savent qu\u2019il ne sert \u00e0 rien de se lamenter ou de trouver des excuses \u00e0 cette inattendue contre-performance.&nbsp;<\/p>\n\n\n\n<p>Le plus important est de retrouver ses esprits afin d\u2019aborder de la meilleure des mani\u00e8res la rencontre de demain face \u00e0 la C\u00f4te d\u2019Ivoire. Comptant pour l\u2019ultime journ\u00e9e du groupe E, les Verts n\u2019ont d\u2019autres alternatives que de l\u2019emporter afin de valider leur billet pour les 8es de finale. Un tout autre r\u00e9sultat sera synonyme d\u2019\u00e9limination. La pr\u00e9paration de cette rencontre a d\u00e9marr\u00e9 au lendemain du match face aux \u00c9quato-Guin\u00e9ens et les joueurs sont pleinement concentr\u00e9s sur ce qui les attend. Le coach national, Djamel Belmadi, a trouv\u00e9 les mots qu\u2019il faut afin de booster leur moral et de les pousser \u00e0 sortir le grand jeu dans cette rencontre. Le coach national peut se targuer, ce jeudi, de pouvoir r\u00e9cup\u00e9rer son milieu de terrain, Ramiz Zerrouki. Ce dernier est compl\u00e8tement r\u00e9tabli et sera, donc, d\u2019attaque, ce qui sera d\u2019un grand apport pour la zone m\u00e9diane, \u00e9tant donn\u00e9 que son absence a laiss\u00e9 un grand vide. Djamel Benlamri et Adam Ounas, quant \u00e0 eux, n\u2019ont que peu de chances de figurer dans la liste des joueurs retenus, demain. Belmadi L\u2019heure est \u00e0 la remobilisation et non pas aux lamentations, comme a tenu \u00e0 le rappeler le s\u00e9lectionneur national \u00e0 ses joueurs avec lesquels il s\u2019est r\u00e9uni longuement. Rien ne soulagera la d\u00e9ception que d\u2019y faire face, s\u2019armer d\u2019humilit\u00e9 et tout entreprendre pour aller chercher un succ\u00e8s lors du prochain match. Belmadi, qui a suivi les deux premiers matchs des Ivoiriens, conna\u00eet leurs points forts et faibles et mettra en place son dispositif tactique en fonction de ce qu\u2019il a constat\u00e9. Pour lui, le coup reste jouable, comme il l\u2019a fait savoir lors de sa derni\u00e8re conf\u00e9rence de presse : \u00ab Tant que je ne suis pas mort, il y a de l&rsquo;espoir \u00bb. Une ultime s\u00e9ance est programm\u00e9e aujourd\u2019hui afin d\u2019apporter les r\u00e9glages qui restent en attendant un sursaut d\u2019orgueil des joueurs demain.<\/p>\n\n\n\n<p><strong>Abderrahim Mahious<\/strong><\/p>\n","protected":false},"excerpt":{"rendered":"<p>Les joueurs de l\u2019\u00c9quipe nationale de football semblent avoir aval\u00e9 la pilule de la derni\u00e8re d\u00e9faite conc\u00e9d\u00e9e face \u00e0 la<\/p>\n","protected":false},"author":3,"featured_media":15983,"comment_status":"open","ping_status":"closed","sticky":false,"template":"","format":"standard","meta":{"colormag_page_container_layout":"default_layout","colormag_page_sidebar_layout":"default_layout","om_disable_all_campaigns":false,"_monsterinsights_skip_tracking":false,"_monsterinsights_sitenote_active":false,"_monsterinsights_sitenote_note":"","_monsterinsights_sitenote_category":0,"footnotes":"","_wpscppro_dont_share_socialmedia":false,"_wpscppro_custom_social_share_image":0,"_facebook_share_type":"","_twitter_share_type":"","_linkedin_share_type":"","_pinterest_share_type":"","_linkedin_share_type_page":"","_instagram_share_type":"","_medium_share_type":"","_threads_share_type":"","_google_business_share_type":"","_selected_social_profile":[],"_wpsp_enable_custom_social_template":false,"_wpsp_social_scheduling":{"enabled":false,"datetime":null,"platforms":[],"status":"template_only","dateOption":"today","timeOption":"now","customDays":"","customHours":"","customDate":"","customTime":"","schedulingType":"absolute"},"_wpsp_active_default_template":true},"categories":[52,33],"tags":[],"class_list":["post-15974","post","type-post","status-publish","format-standard","has-post-thumbnail","hentry","category-a-la-une","category-sports"],"aioseo_notices":[],"yoast_head":"<!-- This site is optimized with the Yoast SEO plugin v27.4 - https:\/\/yoast.com\/product\/yoast-seo-wordpress\/ -->\n<title>J-1 du match Alg\u00e9rie \u2013 C\u00f4te d\u2019Ivoire : L\u2019heure de la remobilisation - La Sentinelle<\/title>\n<meta name=\"robots\" content=\"index, follow, max-snippet:-1, max-image-preview:large, max-video-preview:-1\" \/>\n<link rel=\"canonical\" href=\"https:\/\/lasentinelle.dz\/index.php\/2022\/01\/19\/j-1-du-match-algerie-cote-divoire-lheure-de-la-remobilisation\/\" \/>\n<meta property=\"og:locale\" content=\"fr_FR\" \/>\n<meta property=\"og:type\" content=\"article\" \/>\n<meta property=\"og:title\" content=\"J-1 du match Alg\u00e9rie \u2013 C\u00f4te d\u2019Ivoire : L\u2019heure de la remobilisation - La Sentinelle\" \/>\n<meta property=\"og:description\" content=\"Les joueurs de l\u2019\u00c9quipe nationale de football semblent avoir aval\u00e9 la pilule de la derni\u00e8re d\u00e9faite conc\u00e9d\u00e9e face \u00e0 la\" \/>\n<meta property=\"og:url\" content=\"https:\/\/lasentinelle.dz\/index.php\/2022\/01\/19\/j-1-du-match-algerie-cote-divoire-lheure-de-la-remobilisation\/\" \/>\n<meta property=\"og:site_name\" content=\"La Sentinelle\" \/>\n<meta property=\"article:publisher\" content=\"https:\/\/www.facebook.com\/La-Sentinelle-104059864394773\" \/>\n<meta property=\"article:published_time\" content=\"2022-01-18T23:05:00+00:00\" \/>\n<meta property=\"og:image\" content=\"https:\/\/lasentinelle.dz\/wp-content\/uploads\/2022\/01\/ENNN.png\" \/>\n\t<meta property=\"og:image:width\" content=\"1295\" \/>\n\t<meta property=\"og:image:height\" content=\"900\" \/>\n\t<meta property=\"og:image:type\" content=\"image\/png\" \/>\n<meta name=\"author\" content=\"La Sentinelle\" \/>\n<meta name=\"twitter:card\" content=\"summary_large_image\" \/>\n<meta name=\"twitter:label1\" content=\"\u00c9crit par\" \/>\n\t<meta name=\"twitter:data1\" content=\"La Sentinelle\" \/>\n\t<meta name=\"twitter:label2\" content=\"Dur\u00e9e de lecture estim\u00e9e\" \/>\n\t<meta name=\"twitter:data2\" content=\"2 minutes\" \/>\n<script type=\"application\/ld+json\" class=\"yoast-schema-graph\">{\"@context\":\"https:\\\/\\\/schema.org\",\"@graph\":[{\"@type\":\"Article\",\"@id\":\"https:\\\/\\\/lasentinelle.dz\\\/index.php\\\/2022\\\/01\\\/19\\\/j-1-du-match-algerie-cote-divoire-lheure-de-la-remobilisation\\\/#article\",\"isPartOf\":{\"@id\":\"https:\\\/\\\/lasentinelle.dz\\\/index.php\\\/2022\\\/01\\\/19\\\/j-1-du-match-algerie-cote-divoire-lheure-de-la-remobilisation\\\/\"},\"author\":{\"name\":\"La Sentinelle\",\"@id\":\"https:\\\/\\\/lasentinelle.dz\\\/#\\\/schema\\\/person\\\/d865044e22e70a75174ce8bcad3acfb3\"},\"headline\":\"J-1 du match Alg\u00e9rie \u2013 C\u00f4te d\u2019Ivoire : L\u2019heure de la remobilisation\",\"datePublished\":\"2022-01-18T23:05:00+00:00\",\"mainEntityOfPage\":{\"@id\":\"https:\\\/\\\/lasentinelle.dz\\\/index.php\\\/2022\\\/01\\\/19\\\/j-1-du-match-algerie-cote-divoire-lheure-de-la-remobilisation\\\/\"},\"wordCount\":411,\"commentCount\":0,\"publisher\":{\"@id\":\"https:\\\/\\\/lasentinelle.dz\\\/#organization\"},\"image\":{\"@id\":\"https:\\\/\\\/lasentinelle.dz\\\/index.php\\\/2022\\\/01\\\/19\\\/j-1-du-match-algerie-cote-divoire-lheure-de-la-remobilisation\\\/#primaryimage\"},\"thumbnailUrl\":\"https:\\\/\\\/lasentinelle.dz\\\/wp-content\\\/uploads\\\/2022\\\/01\\\/ENNN.png\",\"articleSection\":[\"\u00c0 la Une\",\"Sports\"],\"inLanguage\":\"fr-FR\",\"potentialAction\":[{\"@type\":\"CommentAction\",\"name\":\"Comment\",\"target\":[\"https:\\\/\\\/lasentinelle.dz\\\/index.php\\\/2022\\\/01\\\/19\\\/j-1-du-match-algerie-cote-divoire-lheure-de-la-remobilisation\\\/#respond\"]}]},{\"@type\":\"WebPage\",\"@id\":\"https:\\\/\\\/lasentinelle.dz\\\/index.php\\\/2022\\\/01\\\/19\\\/j-1-du-match-algerie-cote-divoire-lheure-de-la-remobilisation\\\/\",\"url\":\"https:\\\/\\\/lasentinelle.dz\\\/index.php\\\/2022\\\/01\\\/19\\\/j-1-du-match-algerie-cote-divoire-lheure-de-la-remobilisation\\\/\",\"name\":\"J-1 du match Alg\u00e9rie \u2013 C\u00f4te d\u2019Ivoire : L\u2019heure de la remobilisation - La Sentinelle\",\"isPartOf\":{\"@id\":\"https:\\\/\\\/lasentinelle.dz\\\/#website\"},\"primaryImageOfPage\":{\"@id\":\"https:\\\/\\\/lasentinelle.dz\\\/index.php\\\/2022\\\/01\\\/19\\\/j-1-du-match-algerie-cote-divoire-lheure-de-la-remobilisation\\\/#primaryimage\"},\"image\":{\"@id\":\"https:\\\/\\\/lasentinelle.dz\\\/index.php\\\/2022\\\/01\\\/19\\\/j-1-du-match-algerie-cote-divoire-lheure-de-la-remobilisation\\\/#primaryimage\"},\"thumbnailUrl\":\"https:\\\/\\\/lasentinelle.dz\\\/wp-content\\\/uploads\\\/2022\\\/01\\\/ENNN.png\",\"datePublished\":\"2022-01-18T23:05:00+00:00\",\"breadcrumb\":{\"@id\":\"https:\\\/\\\/lasentinelle.dz\\\/index.php\\\/2022\\\/01\\\/19\\\/j-1-du-match-algerie-cote-divoire-lheure-de-la-remobilisation\\\/#breadcrumb\"},\"inLanguage\":\"fr-FR\",\"potentialAction\":[{\"@type\":\"ReadAction\",\"target\":[\"https:\\\/\\\/lasentinelle.dz\\\/index.php\\\/2022\\\/01\\\/19\\\/j-1-du-match-algerie-cote-divoire-lheure-de-la-remobilisation\\\/\"]}]},{\"@type\":\"ImageObject\",\"inLanguage\":\"fr-FR\",\"@id\":\"https:\\\/\\\/lasentinelle.dz\\\/index.php\\\/2022\\\/01\\\/19\\\/j-1-du-match-algerie-cote-divoire-lheure-de-la-remobilisation\\\/#primaryimage\",\"url\":\"https:\\\/\\\/lasentinelle.dz\\\/wp-content\\\/uploads\\\/2022\\\/01\\\/ENNN.png\",\"contentUrl\":\"https:\\\/\\\/lasentinelle.dz\\\/wp-content\\\/uploads\\\/2022\\\/01\\\/ENNN.png\",\"width\":1295,\"height\":900},{\"@type\":\"BreadcrumbList\",\"@id\":\"https:\\\/\\\/lasentinelle.dz\\\/index.php\\\/2022\\\/01\\\/19\\\/j-1-du-match-algerie-cote-divoire-lheure-de-la-remobilisation\\\/#breadcrumb\",\"itemListElement\":[{\"@type\":\"ListItem\",\"position\":1,\"name\":\"Accueil\",\"item\":\"https:\\\/\\\/lasentinelle.dz\\\/\"},{\"@type\":\"ListItem\",\"position\":2,\"name\":\"J-1 du match Alg\u00e9rie \u2013 C\u00f4te d\u2019Ivoire : L\u2019heure de la remobilisation\"}]},{\"@type\":\"WebSite\",\"@id\":\"https:\\\/\\\/lasentinelle.dz\\\/#website\",\"url\":\"https:\\\/\\\/lasentinelle.dz\\\/\",\"name\":\"La Sentinelle\",\"description\":\"Quotidien national d&#039;information\",\"publisher\":{\"@id\":\"https:\\\/\\\/lasentinelle.dz\\\/#organization\"},\"potentialAction\":[{\"@type\":\"SearchAction\",\"target\":{\"@type\":\"EntryPoint\",\"urlTemplate\":\"https:\\\/\\\/lasentinelle.dz\\\/?s={search_term_string}\"},\"query-input\":{\"@type\":\"PropertyValueSpecification\",\"valueRequired\":true,\"valueName\":\"search_term_string\"}}],\"inLanguage\":\"fr-FR\"},{\"@type\":\"Organization\",\"@id\":\"https:\\\/\\\/lasentinelle.dz\\\/#organization\",\"name\":\"Quotidien La Sentinelle\",\"url\":\"https:\\\/\\\/lasentinelle.dz\\\/\",\"logo\":{\"@type\":\"ImageObject\",\"inLanguage\":\"fr-FR\",\"@id\":\"https:\\\/\\\/lasentinelle.dz\\\/#\\\/schema\\\/logo\\\/image\\\/\",\"url\":\"https:\\\/\\\/lasentinelle.dz\\\/wp-content\\\/uploads\\\/2021\\\/09\\\/logo-sentinelleSLOGAN-1.png\",\"contentUrl\":\"https:\\\/\\\/lasentinelle.dz\\\/wp-content\\\/uploads\\\/2021\\\/09\\\/logo-sentinelleSLOGAN-1.png\",\"width\":615,\"height\":142,\"caption\":\"Quotidien La Sentinelle\"},\"image\":{\"@id\":\"https:\\\/\\\/lasentinelle.dz\\\/#\\\/schema\\\/logo\\\/image\\\/\"},\"sameAs\":[\"https:\\\/\\\/www.facebook.com\\\/La-Sentinelle-104059864394773\"]},{\"@type\":\"Person\",\"@id\":\"https:\\\/\\\/lasentinelle.dz\\\/#\\\/schema\\\/person\\\/d865044e22e70a75174ce8bcad3acfb3\",\"name\":\"La Sentinelle\",\"image\":{\"@type\":\"ImageObject\",\"inLanguage\":\"fr-FR\",\"@id\":\"https:\\\/\\\/secure.gravatar.com\\\/avatar\\\/57de8e5d4b15d43fb361a71fbb36338450fe67865b528a43dd10ef7c51a20392?s=96&d=mm&r=g\",\"url\":\"https:\\\/\\\/secure.gravatar.com\\\/avatar\\\/57de8e5d4b15d43fb361a71fbb36338450fe67865b528a43dd10ef7c51a20392?s=96&d=mm&r=g\",\"contentUrl\":\"https:\\\/\\\/secure.gravatar.com\\\/avatar\\\/57de8e5d4b15d43fb361a71fbb36338450fe67865b528a43dd10ef7c51a20392?s=96&d=mm&r=g\",\"caption\":\"La Sentinelle\"},\"sameAs\":[\"http:\\\/\\\/www.lasentinelle.dz\"],\"url\":\"https:\\\/\\\/lasentinelle.dz\\\/author\\\/redaction\\\/\"}]}<\/script>\n<!-- \/ Yoast SEO plugin. -->","yoast_head_json":{"title":"J-1 du match Alg\u00e9rie \u2013 C\u00f4te d\u2019Ivoire : L\u2019heure de la remobilisation - La Sentinelle","robots":{"index":"index","follow":"follow","max-snippet":"max-snippet:-1","max-image-preview":"max-image-preview:large","max-video-preview":"max-video-preview:-1"},"canonical":"https:\/\/lasentinelle.dz\/index.php\/2022\/01\/19\/j-1-du-match-algerie-cote-divoire-lheure-de-la-remobilisation\/","og_locale":"fr_FR","og_type":"article","og_title":"J-1 du match Alg\u00e9rie \u2013 C\u00f4te d\u2019Ivoire : L\u2019heure de la remobilisation - La Sentinelle","og_description":"Les joueurs de l\u2019\u00c9quipe nationale de football semblent avoir aval\u00e9 la pilule de la derni\u00e8re d\u00e9faite conc\u00e9d\u00e9e face \u00e0 la","og_url":"https:\/\/lasentinelle.dz\/index.php\/2022\/01\/19\/j-1-du-match-algerie-cote-divoire-lheure-de-la-remobilisation\/","og_site_name":"La Sentinelle","article_publisher":"https:\/\/www.facebook.com\/La-Sentinelle-104059864394773","article_published_time":"2022-01-18T23:05:00+00:00","og_image":[{"width":1295,"height":900,"url":"https:\/\/lasentinelle.dz\/wp-content\/uploads\/2022\/01\/ENNN.png","type":"image\/png"}],"author":"La Sentinelle","twitter_card":"summary_large_image","twitter_misc":{"\u00c9crit par":"La Sentinelle","Dur\u00e9e de lecture estim\u00e9e":"2 minutes"},"schema":{"@context":"https:\/\/schema.org","@graph":[{"@type":"Article","@id":"https:\/\/lasentinelle.dz\/index.php\/2022\/01\/19\/j-1-du-match-algerie-cote-divoire-lheure-de-la-remobilisation\/#article","isPartOf":{"@id":"https:\/\/lasentinelle.dz\/index.php\/2022\/01\/19\/j-1-du-match-algerie-cote-divoire-lheure-de-la-remobilisation\/"},"author":{"name":"La Sentinelle","@id":"https:\/\/lasentinelle.dz\/#\/schema\/person\/d865044e22e70a75174ce8bcad3acfb3"},"headline":"J-1 du match Alg\u00e9rie \u2013 C\u00f4te d\u2019Ivoire : L\u2019heure de la remobilisation","datePublished":"2022-01-18T23:05:00+00:00","mainEntityOfPage":{"@id":"https:\/\/lasentinelle.dz\/index.php\/2022\/01\/19\/j-1-du-match-algerie-cote-divoire-lheure-de-la-remobilisation\/"},"wordCount":411,"commentCount":0,"publisher":{"@id":"https:\/\/lasentinelle.dz\/#organization"},"image":{"@id":"https:\/\/lasentinelle.dz\/index.php\/2022\/01\/19\/j-1-du-match-algerie-cote-divoire-lheure-de-la-remobilisation\/#primaryimage"},"thumbnailUrl":"https:\/\/lasentinelle.dz\/wp-content\/uploads\/2022\/01\/ENNN.png","articleSection":["\u00c0 la Une","Sports"],"inLanguage":"fr-FR","potentialAction":[{"@type":"CommentAction","name":"Comment","target":["https:\/\/lasentinelle.dz\/index.php\/2022\/01\/19\/j-1-du-match-algerie-cote-divoire-lheure-de-la-remobilisation\/#respond"]}]},{"@type":"WebPage","@id":"https:\/\/lasentinelle.dz\/index.php\/2022\/01\/19\/j-1-du-match-algerie-cote-divoire-lheure-de-la-remobilisation\/","url":"https:\/\/lasentinelle.dz\/index.php\/2022\/01\/19\/j-1-du-match-algerie-cote-divoire-lheure-de-la-remobilisation\/","name":"J-1 du match Alg\u00e9rie \u2013 C\u00f4te d\u2019Ivoire : L\u2019heure de la remobilisation - La Sentinelle","isPartOf":{"@id":"https:\/\/lasentinelle.dz\/#website"},"primaryImageOfPage":{"@id":"https:\/\/lasentinelle.dz\/index.php\/2022\/01\/19\/j-1-du-match-algerie-cote-divoire-lheure-de-la-remobilisation\/#primaryimage"},"image":{"@id":"https:\/\/lasentinelle.dz\/index.php\/2022\/01\/19\/j-1-du-match-algerie-cote-divoire-lheure-de-la-remobilisation\/#primaryimage"},"thumbnailUrl":"https:\/\/lasentinelle.dz\/wp-content\/uploads\/2022\/01\/ENNN.png","datePublished":"2022-01-18T23:05:00+00:00","breadcrumb":{"@id":"https:\/\/lasentinelle.dz\/index.php\/2022\/01\/19\/j-1-du-match-algerie-cote-divoire-lheure-de-la-remobilisation\/#breadcrumb"},"inLanguage":"fr-FR","potentialAction":[{"@type":"ReadAction","target":["https:\/\/lasentinelle.dz\/index.php\/2022\/01\/19\/j-1-du-match-algerie-cote-divoire-lheure-de-la-remobilisation\/"]}]},{"@type":"ImageObject","inLanguage":"fr-FR","@id":"https:\/\/lasentinelle.dz\/index.php\/2022\/01\/19\/j-1-du-match-algerie-cote-divoire-lheure-de-la-remobilisation\/#primaryimage","url":"https:\/\/lasentinelle.dz\/wp-content\/uploads\/2022\/01\/ENNN.png","contentUrl":"https:\/\/lasentinelle.dz\/wp-content\/uploads\/2022\/01\/ENNN.png","width":1295,"height":900},{"@type":"BreadcrumbList","@id":"https:\/\/lasentinelle.dz\/index.php\/2022\/01\/19\/j-1-du-match-algerie-cote-divoire-lheure-de-la-remobilisation\/#breadcrumb","itemListElement":[{"@type":"ListItem","position":1,"name":"Accueil","item":"https:\/\/lasentinelle.dz\/"},{"@type":"ListItem","position":2,"name":"J-1 du match Alg\u00e9rie \u2013 C\u00f4te d\u2019Ivoire : L\u2019heure de la remobilisation"}]},{"@type":"WebSite","@id":"https:\/\/lasentinelle.dz\/#website","url":"https:\/\/lasentinelle.dz\/","name":"La Sentinelle","description":"Quotidien national d&#039;information","publisher":{"@id":"https:\/\/lasentinelle.dz\/#organization"},"potentialAction":[{"@type":"SearchAction","target":{"@type":"EntryPoint","urlTemplate":"https:\/\/lasentinelle.dz\/?s={search_term_string}"},"query-input":{"@type":"PropertyValueSpecification","valueRequired":true,"valueName":"search_term_string"}}],"inLanguage":"fr-FR"},{"@type":"Organization","@id":"https:\/\/lasentinelle.dz\/#organization","name":"Quotidien La Sentinelle","url":"https:\/\/lasentinelle.dz\/","logo":{"@type":"ImageObject","inLanguage":"fr-FR","@id":"https:\/\/lasentinelle.dz\/#\/schema\/logo\/image\/","url":"https:\/\/lasentinelle.dz\/wp-content\/uploads\/2021\/09\/logo-sentinelleSLOGAN-1.png","contentUrl":"https:\/\/lasentinelle.dz\/wp-content\/uploads\/2021\/09\/logo-sentinelleSLOGAN-1.png","width":615,"height":142,"caption":"Quotidien La Sentinelle"},"image":{"@id":"https:\/\/lasentinelle.dz\/#\/schema\/logo\/image\/"},"sameAs":["https:\/\/www.facebook.com\/La-Sentinelle-104059864394773"]},{"@type":"Person","@id":"https:\/\/lasentinelle.dz\/#\/schema\/person\/d865044e22e70a75174ce8bcad3acfb3","name":"La Sentinelle","image":{"@type":"ImageObject","inLanguage":"fr-FR","@id":"https:\/\/secure.gravatar.com\/avatar\/57de8e5d4b15d43fb361a71fbb36338450fe67865b528a43dd10ef7c51a20392?s=96&d=mm&r=g","url":"https:\/\/secure.gravatar.com\/avatar\/57de8e5d4b15d43fb361a71fbb36338450fe67865b528a43dd10ef7c51a20392?s=96&d=mm&r=g","contentUrl":"https:\/\/secure.gravatar.com\/avatar\/57de8e5d4b15d43fb361a71fbb36338450fe67865b528a43dd10ef7c51a20392?s=96&d=mm&r=g","caption":"La Sentinelle"},"sameAs":["http:\/\/www.lasentinelle.dz"],"url":"https:\/\/lasentinelle.dz\/author\/redaction\/"}]}},"_links":{"self":[{"href":"https:\/\/lasentinelle.dz\/index.php\/wp-json\/wp\/v2\/posts\/15974","targetHints":{"allow":["GET"]}}],"collection":[{"href":"https:\/\/lasentinelle.dz\/index.php\/wp-json\/wp\/v2\/posts"}],"about":[{"href":"https:\/\/lasentinelle.dz\/index.php\/wp-json\/wp\/v2\/types\/post"}],"author":[{"embeddable":true,"href":"https:\/\/lasentinelle.dz\/index.php\/wp-json\/wp\/v2\/users\/3"}],"replies":[{"embeddable":true,"href":"https:\/\/lasentinelle.dz\/index.php\/wp-json\/wp\/v2\/comments?post=15974"}],"version-history":[{"count":1,"href":"https:\/\/lasentinelle.dz\/index.php\/wp-json\/wp\/v2\/posts\/15974\/revisions"}],"predecessor-version":[{"id":15984,"href":"https:\/\/lasentinelle.dz\/index.php\/wp-json\/wp\/v2\/posts\/15974\/revisions\/15984"}],"wp:featuredmedia":[{"embeddable":true,"href":"https:\/\/lasentinelle.dz\/index.php\/wp-json\/wp\/v2\/media\/15983"}],"wp:attachment":[{"href":"https:\/\/lasentinelle.dz\/index.php\/wp-json\/wp\/v2\/media?parent=15974"}],"wp:term":[{"taxonomy":"category","embeddable":true,"href":"https:\/\/lasentinelle.dz\/index.php\/wp-json\/wp\/v2\/categories?post=15974"},{"taxonomy":"post_tag","embeddable":true,"href":"https:\/\/lasentinelle.dz\/index.php\/wp-json\/wp\/v2\/tags?post=15974"}],"curies":[{"name":"wp","href":"https:\/\/api.w.org\/{rel}","templated":true}]}}