{"id":16081,"date":"2022-01-25T00:05:00","date_gmt":"2022-01-24T23:05:00","guid":{"rendered":"https:\/\/lasentinelle.dz\/?p=16081"},"modified":"2022-01-24T19:40:01","modified_gmt":"2022-01-24T18:40:01","slug":"le-president-kabore-arrete-et-place-en-isolement-tentative-de-coup-detat-au-burkina-faso","status":"publish","type":"post","link":"https:\/\/lasentinelle.dz\/index.php\/2022\/01\/25\/le-president-kabore-arrete-et-place-en-isolement-tentative-de-coup-detat-au-burkina-faso\/","title":{"rendered":"Le pr\u00e9sident Kabor\u00e9 \u00ab\u00a0arr\u00eat\u00e9\u00a0\u00bb et plac\u00e9 en \u00ab\u00a0isolement\u00a0\u00bb : Tentative de coup d\u2019\u00c9tat au Burkina Faso"},"content":{"rendered":"\n<p>Le pr\u00e9sident du Burkina Faso, Roch Marc Christian Kabor\u00e9, au pouvoir depuis 2015, a \u00e9t\u00e9 arr\u00eat\u00e9 et plac\u00e9 en \u00ab\u00a0isolement\u00a0\u00bb, a rapport\u00e9 hier l&rsquo;agence de presse burkinab\u00e9 (AIB) citant des sources concordantes.<\/p>\n\n\n\n<p>Des militaires dont certains portant des cagoules, ont pris position devant la Radiodiffusion-t\u00e9l\u00e9vision nationale du Burkina (RTB). En milieu de journ\u00e9e, des manifestants se rassemblaient \u00e0 la place de la Nation, pour disent-ils, soutenir \u00ab\u00a0les leaders du mouvement\u00a0\u00bb. Selon AIB, lundi matin, dans la capitale Ouagadougou, le trafic \u00e9tait quasi-normal comme les jours ordinaires et les banques et services ont ouvert. Toutefois, le grand march\u00e9 de Ouagadougou (Rodwooko) et plusieurs march\u00e9s de quartier, sont rest\u00e9s ferm\u00e9s. Des sources s\u00e9curitaires cit\u00e9es par plusieurs m\u00e9dias dont France 24 et RFI ont annonc\u00e9 plus t\u00f4t que \u00ab\u00a0le pr\u00e9sident Kabor\u00e9, le chef du Parlement (Alassane Bala Sakand\u00e9) et des ministres sont effectivement aux mains des soldats\u00a0\u00bb, \u00e0 la caserne Sangoul\u00e9 Lamizana de Ouagadougou. En d\u00e9but d\u2019apr\u00e8s-midi, des sources contact\u00e9es par l\u2019AIB ont indiqu\u00e9 qu\u2019il s\u2019agit d\u2019un \u00ab\u00a0coup d\u2019Etat\u00a0\u00bb et que \u00ab\u00a0les auteurs\u00a0\u00bb feront une d\u00e9claration. Dimanche, des coups de feu ont \u00e9t\u00e9 entendus dans plusieurs casernes du pays, alors que samedi, des manifestations ont eu dans plusieurs villes contre la d\u00e9gradation de la situation s\u00e9curitaire. \u00ab Le pr\u00e9sident Kabor\u00e9, le chef du Parlement (Alassane Bala Sakand\u00e9) et des ministres sont effectivement aux mains des soldats \u00bb \u00e0 la caserne Sangoul\u00e9 Lamizana de Ouagadougou, a d\u00e9clar\u00e9 \u00e0 l\u2019AFP une source s\u00e9curitaire.<\/p>\n\n\n\n<p>Plus tard dans la journ\u00e9e de lundi, le parti du pr\u00e9sident du Burkina Faso, Roch Marc Kabor\u00e9, a d\u00e9nonc\u00e9 une \u00ab tentative avort\u00e9e d\u2019assassinat \u00bb du chef de l\u2019\u00c9tat.&nbsp;<\/p>\n\n\n\n<p>Le pr\u00e9sident de la Commission de l&rsquo;Union africaine (UA), Moussa Faki Mahamat, a condamn\u00e9, hier, \u00abla tentative de coup d&rsquo;Etat contre le pr\u00e9sident d\u00e9mocratiquement \u00e9lu\u00bb et appel\u00e9 \u00e0 \u00abprivil\u00e9gier le dialogue politique comme voix de solution des probl\u00e8mes du Burkina Faso\u00bb. \u00abMoussa Faki suit avec vive pr\u00e9occupation la situation tr\u00e8s grave au Burkina Faso et condamne fermement la tentative de coup d\u2019Etat contre le pr\u00e9sident d\u00e9mocratiquement \u00e9lu\u00bb, indique un communiqu\u00e9 publi\u00e9 sur le site de l&rsquo;Union africaine. Le pr\u00e9sident du Burkina Faso, Roch Marc Christian Kabor\u00e9, au pouvoir depuis 2015, a \u00e9t\u00e9 arr\u00eat\u00e9 et plac\u00e9 en \u00abisolement\u00bb, a rapport\u00e9 lundi l&rsquo;agence de presse officielle burkinab\u00e9 (AIB) citant des sources concordantes.&nbsp;&nbsp;Des militaires, dont certains portant des cagoules, ont pris position devant la Radiodiffusion-t\u00e9l\u00e9vision nationale du Burkina (RTB). En milieu de journ\u00e9e, des manifestants se rassemblaient \u00e0 la place de la Nation, pour disent-ils, soutenir \u00ables leaders du mouvement\u00bb. Moussa Faki Mahamat appelle l\u2019arm\u00e9e nationale du Burkina Fao et les forces de s\u00e9curit\u00e9 du pays \u00e0 \u00abs\u2019en tenir strictement \u00e0 leur vocation r\u00e9publicaine, \u00e0 savoir la d\u00e9fense de la s\u00e9curit\u00e9 int\u00e9rieure et ext\u00e9rieure du pays\u00bb. Le pr\u00e9sident de la Commission appelle \u00e9galement ces derni\u00e8res \u00e0 \u00abassurer l\u2019int\u00e9grit\u00e9 physique du pr\u00e9sident ainsi que tous les membres de son gouvernement\u00bb.<\/p>\n\n\n\n<p>En outre, il encourage le gouvernement et tous les acteurs civils et militaires \u00e0 \u00abprivil\u00e9gier le dialogue politique comme voix de solution des probl\u00e8mes du Burkina Faso\u00bb. \u00abAgissant d\u00e9j\u00e0 \u00e9troitement avec la Communaut\u00e9 \u00e9conomique des Etats de l&rsquo;Afrique de l&rsquo;Ouest (CEDEAO), le pr\u00e9sident de la Commission d\u00e9clare poursuivre sans rel\u00e2che les efforts conjugu\u00e9s avec l\u2019organisation r\u00e9gionale pour une solution rapide de cette crise\u00bb, conclut la source.<\/p>\n\n\n\n<p>Dimanche, des coups de feu ont \u00e9t\u00e9 entendus dans plusieurs casernes du pays, alors que samedi, des manifestations ont eu dans plusieurs villes contre la d\u00e9gradation de la situation s\u00e9curitaire. Une dizaine de soldats encagoul\u00e9s ont \u00e9galement pris position du si\u00e8ge de la t\u00e9l\u00e9vision nationale et depuis dimanche, les liaisons t\u00e9l\u00e9phoniques sont perturb\u00e9es et Internet coup\u00e9. Des soldats se sont mutin\u00e9s dimanche dans plusieurs casernes du pays pour r\u00e9clamer le d\u00e9part des chefs de l\u2019arm\u00e9e et des \u00ab moyens adapt\u00e9s \u00bb \u00e0 la lutte contre le terrorisme.&nbsp;<\/p>\n\n\n\n<p><strong>R.I. avec agences<\/strong><\/p>\n","protected":false},"excerpt":{"rendered":"<p>Le pr\u00e9sident du Burkina Faso, Roch Marc Christian Kabor\u00e9, au pouvoir depuis 2015, a \u00e9t\u00e9 arr\u00eat\u00e9 et plac\u00e9 en \u00ab\u00a0isolement\u00a0\u00bb,<\/p>\n","protected":false},"author":3,"featured_media":16098,"comment_status":"open","ping_status":"closed","sticky":false,"template":"","format":"standard","meta":{"colormag_page_container_layout":"default_layout","colormag_page_sidebar_layout":"default_layout","om_disable_all_campaigns":false,"_monsterinsights_skip_tracking":false,"_monsterinsights_sitenote_active":false,"_monsterinsights_sitenote_note":"","_monsterinsights_sitenote_category":0,"footnotes":"","_wpscppro_dont_share_socialmedia":false,"_wpscppro_custom_social_share_image":0,"_facebook_share_type":"","_twitter_share_type":"","_linkedin_share_type":"","_pinterest_share_type":"","_linkedin_share_type_page":"","_instagram_share_type":"","_medium_share_type":"","_threads_share_type":"","_google_business_share_type":"","_selected_social_profile":[],"_wpsp_enable_custom_social_template":false,"_wpsp_social_scheduling":{"enabled":false,"datetime":null,"platforms":[],"status":"template_only","dateOption":"today","timeOption":"now","customDays":"","customHours":"","customDate":"","customTime":"","schedulingType":"absolute"},"_wpsp_active_default_template":true},"categories":[52,37],"tags":[],"class_list":["post-16081","post","type-post","status-publish","format-standard","has-post-thumbnail","hentry","category-a-la-une","category-monde"],"aioseo_notices":[],"yoast_head":"<!-- This site is optimized with the Yoast SEO plugin v27.5 - https:\/\/yoast.com\/product\/yoast-seo-wordpress\/ -->\n<title>Le pr\u00e9sident Kabor\u00e9 &quot;arr\u00eat\u00e9&quot; et plac\u00e9 en &quot;isolement&quot; : Tentative de coup d\u2019\u00c9tat au Burkina Faso - La Sentinelle<\/title>\n<meta name=\"robots\" content=\"index, follow, max-snippet:-1, max-image-preview:large, max-video-preview:-1\" \/>\n<link rel=\"canonical\" href=\"https:\/\/lasentinelle.dz\/index.php\/2022\/01\/25\/le-president-kabore-arrete-et-place-en-isolement-tentative-de-coup-detat-au-burkina-faso\/\" \/>\n<meta property=\"og:locale\" content=\"fr_FR\" \/>\n<meta property=\"og:type\" content=\"article\" \/>\n<meta property=\"og:title\" content=\"Le pr\u00e9sident Kabor\u00e9 &quot;arr\u00eat\u00e9&quot; et plac\u00e9 en &quot;isolement&quot; : Tentative de coup d\u2019\u00c9tat au Burkina Faso - La Sentinelle\" \/>\n<meta property=\"og:description\" content=\"Le pr\u00e9sident du Burkina Faso, Roch Marc Christian Kabor\u00e9, au pouvoir depuis 2015, a \u00e9t\u00e9 arr\u00eat\u00e9 et plac\u00e9 en \u00ab\u00a0isolement\u00a0\u00bb,\" \/>\n<meta property=\"og:url\" content=\"https:\/\/lasentinelle.dz\/index.php\/2022\/01\/25\/le-president-kabore-arrete-et-place-en-isolement-tentative-de-coup-detat-au-burkina-faso\/\" \/>\n<meta property=\"og:site_name\" content=\"La Sentinelle\" \/>\n<meta property=\"article:publisher\" content=\"https:\/\/www.facebook.com\/La-Sentinelle-104059864394773\" \/>\n<meta property=\"article:published_time\" content=\"2022-01-24T23:05:00+00:00\" \/>\n<meta property=\"og:image\" content=\"https:\/\/lasentinelle.dz\/wp-content\/uploads\/2022\/01\/burkina.png\" \/>\n\t<meta property=\"og:image:width\" content=\"1491\" \/>\n\t<meta property=\"og:image:height\" content=\"900\" \/>\n\t<meta property=\"og:image:type\" content=\"image\/png\" \/>\n<meta name=\"author\" content=\"La Sentinelle\" \/>\n<meta name=\"twitter:card\" content=\"summary_large_image\" \/>\n<meta name=\"twitter:label1\" content=\"\u00c9crit par\" \/>\n\t<meta name=\"twitter:data1\" content=\"La Sentinelle\" \/>\n\t<meta name=\"twitter:label2\" content=\"Dur\u00e9e de lecture estim\u00e9e\" \/>\n\t<meta name=\"twitter:data2\" content=\"3 minutes\" \/>\n<script type=\"application\/ld+json\" class=\"yoast-schema-graph\">{\"@context\":\"https:\\\/\\\/schema.org\",\"@graph\":[{\"@type\":\"Article\",\"@id\":\"https:\\\/\\\/lasentinelle.dz\\\/index.php\\\/2022\\\/01\\\/25\\\/le-president-kabore-arrete-et-place-en-isolement-tentative-de-coup-detat-au-burkina-faso\\\/#article\",\"isPartOf\":{\"@id\":\"https:\\\/\\\/lasentinelle.dz\\\/index.php\\\/2022\\\/01\\\/25\\\/le-president-kabore-arrete-et-place-en-isolement-tentative-de-coup-detat-au-burkina-faso\\\/\"},\"author\":{\"name\":\"La Sentinelle\",\"@id\":\"https:\\\/\\\/lasentinelle.dz\\\/#\\\/schema\\\/person\\\/d865044e22e70a75174ce8bcad3acfb3\"},\"headline\":\"Le pr\u00e9sident Kabor\u00e9 \u00ab\u00a0arr\u00eat\u00e9\u00a0\u00bb et plac\u00e9 en \u00ab\u00a0isolement\u00a0\u00bb : Tentative de coup d\u2019\u00c9tat au Burkina Faso\",\"datePublished\":\"2022-01-24T23:05:00+00:00\",\"mainEntityOfPage\":{\"@id\":\"https:\\\/\\\/lasentinelle.dz\\\/index.php\\\/2022\\\/01\\\/25\\\/le-president-kabore-arrete-et-place-en-isolement-tentative-de-coup-detat-au-burkina-faso\\\/\"},\"wordCount\":727,\"commentCount\":0,\"publisher\":{\"@id\":\"https:\\\/\\\/lasentinelle.dz\\\/#organization\"},\"image\":{\"@id\":\"https:\\\/\\\/lasentinelle.dz\\\/index.php\\\/2022\\\/01\\\/25\\\/le-president-kabore-arrete-et-place-en-isolement-tentative-de-coup-detat-au-burkina-faso\\\/#primaryimage\"},\"thumbnailUrl\":\"https:\\\/\\\/lasentinelle.dz\\\/wp-content\\\/uploads\\\/2022\\\/01\\\/burkina.png\",\"articleSection\":[\"\u00c0 la Une\",\"Monde\"],\"inLanguage\":\"fr-FR\",\"potentialAction\":[{\"@type\":\"CommentAction\",\"name\":\"Comment\",\"target\":[\"https:\\\/\\\/lasentinelle.dz\\\/index.php\\\/2022\\\/01\\\/25\\\/le-president-kabore-arrete-et-place-en-isolement-tentative-de-coup-detat-au-burkina-faso\\\/#respond\"]}]},{\"@type\":\"WebPage\",\"@id\":\"https:\\\/\\\/lasentinelle.dz\\\/index.php\\\/2022\\\/01\\\/25\\\/le-president-kabore-arrete-et-place-en-isolement-tentative-de-coup-detat-au-burkina-faso\\\/\",\"url\":\"https:\\\/\\\/lasentinelle.dz\\\/index.php\\\/2022\\\/01\\\/25\\\/le-president-kabore-arrete-et-place-en-isolement-tentative-de-coup-detat-au-burkina-faso\\\/\",\"name\":\"Le pr\u00e9sident Kabor\u00e9 \\\"arr\u00eat\u00e9\\\" et plac\u00e9 en \\\"isolement\\\" : Tentative de coup d\u2019\u00c9tat au Burkina Faso - La Sentinelle\",\"isPartOf\":{\"@id\":\"https:\\\/\\\/lasentinelle.dz\\\/#website\"},\"primaryImageOfPage\":{\"@id\":\"https:\\\/\\\/lasentinelle.dz\\\/index.php\\\/2022\\\/01\\\/25\\\/le-president-kabore-arrete-et-place-en-isolement-tentative-de-coup-detat-au-burkina-faso\\\/#primaryimage\"},\"image\":{\"@id\":\"https:\\\/\\\/lasentinelle.dz\\\/index.php\\\/2022\\\/01\\\/25\\\/le-president-kabore-arrete-et-place-en-isolement-tentative-de-coup-detat-au-burkina-faso\\\/#primaryimage\"},\"thumbnailUrl\":\"https:\\\/\\\/lasentinelle.dz\\\/wp-content\\\/uploads\\\/2022\\\/01\\\/burkina.png\",\"datePublished\":\"2022-01-24T23:05:00+00:00\",\"breadcrumb\":{\"@id\":\"https:\\\/\\\/lasentinelle.dz\\\/index.php\\\/2022\\\/01\\\/25\\\/le-president-kabore-arrete-et-place-en-isolement-tentative-de-coup-detat-au-burkina-faso\\\/#breadcrumb\"},\"inLanguage\":\"fr-FR\",\"potentialAction\":[{\"@type\":\"ReadAction\",\"target\":[\"https:\\\/\\\/lasentinelle.dz\\\/index.php\\\/2022\\\/01\\\/25\\\/le-president-kabore-arrete-et-place-en-isolement-tentative-de-coup-detat-au-burkina-faso\\\/\"]}]},{\"@type\":\"ImageObject\",\"inLanguage\":\"fr-FR\",\"@id\":\"https:\\\/\\\/lasentinelle.dz\\\/index.php\\\/2022\\\/01\\\/25\\\/le-president-kabore-arrete-et-place-en-isolement-tentative-de-coup-detat-au-burkina-faso\\\/#primaryimage\",\"url\":\"https:\\\/\\\/lasentinelle.dz\\\/wp-content\\\/uploads\\\/2022\\\/01\\\/burkina.png\",\"contentUrl\":\"https:\\\/\\\/lasentinelle.dz\\\/wp-content\\\/uploads\\\/2022\\\/01\\\/burkina.png\",\"width\":1491,\"height\":900},{\"@type\":\"BreadcrumbList\",\"@id\":\"https:\\\/\\\/lasentinelle.dz\\\/index.php\\\/2022\\\/01\\\/25\\\/le-president-kabore-arrete-et-place-en-isolement-tentative-de-coup-detat-au-burkina-faso\\\/#breadcrumb\",\"itemListElement\":[{\"@type\":\"ListItem\",\"position\":1,\"name\":\"Accueil\",\"item\":\"https:\\\/\\\/lasentinelle.dz\\\/\"},{\"@type\":\"ListItem\",\"position\":2,\"name\":\"Le pr\u00e9sident Kabor\u00e9 \u00ab\u00a0arr\u00eat\u00e9\u00a0\u00bb et plac\u00e9 en \u00ab\u00a0isolement\u00a0\u00bb : Tentative de coup d\u2019\u00c9tat au Burkina Faso\"}]},{\"@type\":\"WebSite\",\"@id\":\"https:\\\/\\\/lasentinelle.dz\\\/#website\",\"url\":\"https:\\\/\\\/lasentinelle.dz\\\/\",\"name\":\"La Sentinelle\",\"description\":\"Quotidien national d&#039;information\",\"publisher\":{\"@id\":\"https:\\\/\\\/lasentinelle.dz\\\/#organization\"},\"potentialAction\":[{\"@type\":\"SearchAction\",\"target\":{\"@type\":\"EntryPoint\",\"urlTemplate\":\"https:\\\/\\\/lasentinelle.dz\\\/?s={search_term_string}\"},\"query-input\":{\"@type\":\"PropertyValueSpecification\",\"valueRequired\":true,\"valueName\":\"search_term_string\"}}],\"inLanguage\":\"fr-FR\"},{\"@type\":\"Organization\",\"@id\":\"https:\\\/\\\/lasentinelle.dz\\\/#organization\",\"name\":\"Quotidien La Sentinelle\",\"url\":\"https:\\\/\\\/lasentinelle.dz\\\/\",\"logo\":{\"@type\":\"ImageObject\",\"inLanguage\":\"fr-FR\",\"@id\":\"https:\\\/\\\/lasentinelle.dz\\\/#\\\/schema\\\/logo\\\/image\\\/\",\"url\":\"https:\\\/\\\/lasentinelle.dz\\\/wp-content\\\/uploads\\\/2021\\\/09\\\/logo-sentinelleSLOGAN-1.png\",\"contentUrl\":\"https:\\\/\\\/lasentinelle.dz\\\/wp-content\\\/uploads\\\/2021\\\/09\\\/logo-sentinelleSLOGAN-1.png\",\"width\":615,\"height\":142,\"caption\":\"Quotidien La Sentinelle\"},\"image\":{\"@id\":\"https:\\\/\\\/lasentinelle.dz\\\/#\\\/schema\\\/logo\\\/image\\\/\"},\"sameAs\":[\"https:\\\/\\\/www.facebook.com\\\/La-Sentinelle-104059864394773\"]},{\"@type\":\"Person\",\"@id\":\"https:\\\/\\\/lasentinelle.dz\\\/#\\\/schema\\\/person\\\/d865044e22e70a75174ce8bcad3acfb3\",\"name\":\"La Sentinelle\",\"image\":{\"@type\":\"ImageObject\",\"inLanguage\":\"fr-FR\",\"@id\":\"https:\\\/\\\/secure.gravatar.com\\\/avatar\\\/57de8e5d4b15d43fb361a71fbb36338450fe67865b528a43dd10ef7c51a20392?s=96&d=mm&r=g\",\"url\":\"https:\\\/\\\/secure.gravatar.com\\\/avatar\\\/57de8e5d4b15d43fb361a71fbb36338450fe67865b528a43dd10ef7c51a20392?s=96&d=mm&r=g\",\"contentUrl\":\"https:\\\/\\\/secure.gravatar.com\\\/avatar\\\/57de8e5d4b15d43fb361a71fbb36338450fe67865b528a43dd10ef7c51a20392?s=96&d=mm&r=g\",\"caption\":\"La Sentinelle\"},\"sameAs\":[\"http:\\\/\\\/www.lasentinelle.dz\"],\"url\":\"https:\\\/\\\/lasentinelle.dz\\\/author\\\/redaction\\\/\"}]}<\/script>\n<!-- \/ Yoast SEO plugin. -->","yoast_head_json":{"title":"Le pr\u00e9sident Kabor\u00e9 \"arr\u00eat\u00e9\" et plac\u00e9 en \"isolement\" : Tentative de coup d\u2019\u00c9tat au Burkina Faso - La Sentinelle","robots":{"index":"index","follow":"follow","max-snippet":"max-snippet:-1","max-image-preview":"max-image-preview:large","max-video-preview":"max-video-preview:-1"},"canonical":"https:\/\/lasentinelle.dz\/index.php\/2022\/01\/25\/le-president-kabore-arrete-et-place-en-isolement-tentative-de-coup-detat-au-burkina-faso\/","og_locale":"fr_FR","og_type":"article","og_title":"Le pr\u00e9sident Kabor\u00e9 \"arr\u00eat\u00e9\" et plac\u00e9 en \"isolement\" : Tentative de coup d\u2019\u00c9tat au Burkina Faso - La Sentinelle","og_description":"Le pr\u00e9sident du Burkina Faso, Roch Marc Christian Kabor\u00e9, au pouvoir depuis 2015, a \u00e9t\u00e9 arr\u00eat\u00e9 et plac\u00e9 en \u00ab\u00a0isolement\u00a0\u00bb,","og_url":"https:\/\/lasentinelle.dz\/index.php\/2022\/01\/25\/le-president-kabore-arrete-et-place-en-isolement-tentative-de-coup-detat-au-burkina-faso\/","og_site_name":"La Sentinelle","article_publisher":"https:\/\/www.facebook.com\/La-Sentinelle-104059864394773","article_published_time":"2022-01-24T23:05:00+00:00","og_image":[{"width":1491,"height":900,"url":"https:\/\/lasentinelle.dz\/wp-content\/uploads\/2022\/01\/burkina.png","type":"image\/png"}],"author":"La Sentinelle","twitter_card":"summary_large_image","twitter_misc":{"\u00c9crit par":"La Sentinelle","Dur\u00e9e de lecture estim\u00e9e":"3 minutes"},"schema":{"@context":"https:\/\/schema.org","@graph":[{"@type":"Article","@id":"https:\/\/lasentinelle.dz\/index.php\/2022\/01\/25\/le-president-kabore-arrete-et-place-en-isolement-tentative-de-coup-detat-au-burkina-faso\/#article","isPartOf":{"@id":"https:\/\/lasentinelle.dz\/index.php\/2022\/01\/25\/le-president-kabore-arrete-et-place-en-isolement-tentative-de-coup-detat-au-burkina-faso\/"},"author":{"name":"La Sentinelle","@id":"https:\/\/lasentinelle.dz\/#\/schema\/person\/d865044e22e70a75174ce8bcad3acfb3"},"headline":"Le pr\u00e9sident Kabor\u00e9 \u00ab\u00a0arr\u00eat\u00e9\u00a0\u00bb et plac\u00e9 en \u00ab\u00a0isolement\u00a0\u00bb : Tentative de coup d\u2019\u00c9tat au Burkina Faso","datePublished":"2022-01-24T23:05:00+00:00","mainEntityOfPage":{"@id":"https:\/\/lasentinelle.dz\/index.php\/2022\/01\/25\/le-president-kabore-arrete-et-place-en-isolement-tentative-de-coup-detat-au-burkina-faso\/"},"wordCount":727,"commentCount":0,"publisher":{"@id":"https:\/\/lasentinelle.dz\/#organization"},"image":{"@id":"https:\/\/lasentinelle.dz\/index.php\/2022\/01\/25\/le-president-kabore-arrete-et-place-en-isolement-tentative-de-coup-detat-au-burkina-faso\/#primaryimage"},"thumbnailUrl":"https:\/\/lasentinelle.dz\/wp-content\/uploads\/2022\/01\/burkina.png","articleSection":["\u00c0 la Une","Monde"],"inLanguage":"fr-FR","potentialAction":[{"@type":"CommentAction","name":"Comment","target":["https:\/\/lasentinelle.dz\/index.php\/2022\/01\/25\/le-president-kabore-arrete-et-place-en-isolement-tentative-de-coup-detat-au-burkina-faso\/#respond"]}]},{"@type":"WebPage","@id":"https:\/\/lasentinelle.dz\/index.php\/2022\/01\/25\/le-president-kabore-arrete-et-place-en-isolement-tentative-de-coup-detat-au-burkina-faso\/","url":"https:\/\/lasentinelle.dz\/index.php\/2022\/01\/25\/le-president-kabore-arrete-et-place-en-isolement-tentative-de-coup-detat-au-burkina-faso\/","name":"Le pr\u00e9sident Kabor\u00e9 \"arr\u00eat\u00e9\" et plac\u00e9 en \"isolement\" : Tentative de coup d\u2019\u00c9tat au Burkina Faso - La Sentinelle","isPartOf":{"@id":"https:\/\/lasentinelle.dz\/#website"},"primaryImageOfPage":{"@id":"https:\/\/lasentinelle.dz\/index.php\/2022\/01\/25\/le-president-kabore-arrete-et-place-en-isolement-tentative-de-coup-detat-au-burkina-faso\/#primaryimage"},"image":{"@id":"https:\/\/lasentinelle.dz\/index.php\/2022\/01\/25\/le-president-kabore-arrete-et-place-en-isolement-tentative-de-coup-detat-au-burkina-faso\/#primaryimage"},"thumbnailUrl":"https:\/\/lasentinelle.dz\/wp-content\/uploads\/2022\/01\/burkina.png","datePublished":"2022-01-24T23:05:00+00:00","breadcrumb":{"@id":"https:\/\/lasentinelle.dz\/index.php\/2022\/01\/25\/le-president-kabore-arrete-et-place-en-isolement-tentative-de-coup-detat-au-burkina-faso\/#breadcrumb"},"inLanguage":"fr-FR","potentialAction":[{"@type":"ReadAction","target":["https:\/\/lasentinelle.dz\/index.php\/2022\/01\/25\/le-president-kabore-arrete-et-place-en-isolement-tentative-de-coup-detat-au-burkina-faso\/"]}]},{"@type":"ImageObject","inLanguage":"fr-FR","@id":"https:\/\/lasentinelle.dz\/index.php\/2022\/01\/25\/le-president-kabore-arrete-et-place-en-isolement-tentative-de-coup-detat-au-burkina-faso\/#primaryimage","url":"https:\/\/lasentinelle.dz\/wp-content\/uploads\/2022\/01\/burkina.png","contentUrl":"https:\/\/lasentinelle.dz\/wp-content\/uploads\/2022\/01\/burkina.png","width":1491,"height":900},{"@type":"BreadcrumbList","@id":"https:\/\/lasentinelle.dz\/index.php\/2022\/01\/25\/le-president-kabore-arrete-et-place-en-isolement-tentative-de-coup-detat-au-burkina-faso\/#breadcrumb","itemListElement":[{"@type":"ListItem","position":1,"name":"Accueil","item":"https:\/\/lasentinelle.dz\/"},{"@type":"ListItem","position":2,"name":"Le pr\u00e9sident Kabor\u00e9 \u00ab\u00a0arr\u00eat\u00e9\u00a0\u00bb et plac\u00e9 en \u00ab\u00a0isolement\u00a0\u00bb : Tentative de coup d\u2019\u00c9tat au Burkina Faso"}]},{"@type":"WebSite","@id":"https:\/\/lasentinelle.dz\/#website","url":"https:\/\/lasentinelle.dz\/","name":"La Sentinelle","description":"Quotidien national d&#039;information","publisher":{"@id":"https:\/\/lasentinelle.dz\/#organization"},"potentialAction":[{"@type":"SearchAction","target":{"@type":"EntryPoint","urlTemplate":"https:\/\/lasentinelle.dz\/?s={search_term_string}"},"query-input":{"@type":"PropertyValueSpecification","valueRequired":true,"valueName":"search_term_string"}}],"inLanguage":"fr-FR"},{"@type":"Organization","@id":"https:\/\/lasentinelle.dz\/#organization","name":"Quotidien La Sentinelle","url":"https:\/\/lasentinelle.dz\/","logo":{"@type":"ImageObject","inLanguage":"fr-FR","@id":"https:\/\/lasentinelle.dz\/#\/schema\/logo\/image\/","url":"https:\/\/lasentinelle.dz\/wp-content\/uploads\/2021\/09\/logo-sentinelleSLOGAN-1.png","contentUrl":"https:\/\/lasentinelle.dz\/wp-content\/uploads\/2021\/09\/logo-sentinelleSLOGAN-1.png","width":615,"height":142,"caption":"Quotidien La Sentinelle"},"image":{"@id":"https:\/\/lasentinelle.dz\/#\/schema\/logo\/image\/"},"sameAs":["https:\/\/www.facebook.com\/La-Sentinelle-104059864394773"]},{"@type":"Person","@id":"https:\/\/lasentinelle.dz\/#\/schema\/person\/d865044e22e70a75174ce8bcad3acfb3","name":"La Sentinelle","image":{"@type":"ImageObject","inLanguage":"fr-FR","@id":"https:\/\/secure.gravatar.com\/avatar\/57de8e5d4b15d43fb361a71fbb36338450fe67865b528a43dd10ef7c51a20392?s=96&d=mm&r=g","url":"https:\/\/secure.gravatar.com\/avatar\/57de8e5d4b15d43fb361a71fbb36338450fe67865b528a43dd10ef7c51a20392?s=96&d=mm&r=g","contentUrl":"https:\/\/secure.gravatar.com\/avatar\/57de8e5d4b15d43fb361a71fbb36338450fe67865b528a43dd10ef7c51a20392?s=96&d=mm&r=g","caption":"La Sentinelle"},"sameAs":["http:\/\/www.lasentinelle.dz"],"url":"https:\/\/lasentinelle.dz\/author\/redaction\/"}]}},"_links":{"self":[{"href":"https:\/\/lasentinelle.dz\/index.php\/wp-json\/wp\/v2\/posts\/16081","targetHints":{"allow":["GET"]}}],"collection":[{"href":"https:\/\/lasentinelle.dz\/index.php\/wp-json\/wp\/v2\/posts"}],"about":[{"href":"https:\/\/lasentinelle.dz\/index.php\/wp-json\/wp\/v2\/types\/post"}],"author":[{"embeddable":true,"href":"https:\/\/lasentinelle.dz\/index.php\/wp-json\/wp\/v2\/users\/3"}],"replies":[{"embeddable":true,"href":"https:\/\/lasentinelle.dz\/index.php\/wp-json\/wp\/v2\/comments?post=16081"}],"version-history":[{"count":1,"href":"https:\/\/lasentinelle.dz\/index.php\/wp-json\/wp\/v2\/posts\/16081\/revisions"}],"predecessor-version":[{"id":16099,"href":"https:\/\/lasentinelle.dz\/index.php\/wp-json\/wp\/v2\/posts\/16081\/revisions\/16099"}],"wp:featuredmedia":[{"embeddable":true,"href":"https:\/\/lasentinelle.dz\/index.php\/wp-json\/wp\/v2\/media\/16098"}],"wp:attachment":[{"href":"https:\/\/lasentinelle.dz\/index.php\/wp-json\/wp\/v2\/media?parent=16081"}],"wp:term":[{"taxonomy":"category","embeddable":true,"href":"https:\/\/lasentinelle.dz\/index.php\/wp-json\/wp\/v2\/categories?post=16081"},{"taxonomy":"post_tag","embeddable":true,"href":"https:\/\/lasentinelle.dz\/index.php\/wp-json\/wp\/v2\/tags?post=16081"}],"curies":[{"name":"wp","href":"https:\/\/api.w.org\/{rel}","templated":true}]}}