{"id":16112,"date":"2022-01-26T00:05:00","date_gmt":"2022-01-25T23:05:00","guid":{"rendered":"https:\/\/lasentinelle.dz\/?p=16112"},"modified":"2022-01-25T19:37:43","modified_gmt":"2022-01-25T18:37:43","slug":"30-du-personnel-soignant-est-contamine-les-structures-sanitaires-sous-une-double-pression","status":"publish","type":"post","link":"https:\/\/lasentinelle.dz\/index.php\/2022\/01\/26\/30-du-personnel-soignant-est-contamine-les-structures-sanitaires-sous-une-double-pression\/","title":{"rendered":"30% du personnel soignant est contamin\u00e9 : Les structures sanitaires sous une double pression"},"content":{"rendered":"\n<p>Le variant sud africain, Omicron, continue sa progression fulgurante, frappant, outre les populations locales, le personnel soignant. La&nbsp;Direction de la sant\u00e9&nbsp;de la wilaya d\u2019Oran&nbsp;fait \u00e9tat d\u2019au moins \u00ab30% des praticiens, constitu\u00e9s de m\u00e9decins, des param\u00e9dicaux et autres employ\u00e9s de l\u2019administration&nbsp;hospitali\u00e8re&nbsp;qui sont contamin\u00e9s\u00bb. Le virus circule librement dans l\u2019ensemble des structures sanitaires, h\u00f4pitaux et \u00e9tablissements de sant\u00e9 de proximit\u00e9 de la wilaya\u00bb, a-t-on indiqu\u00e9, ajoutant que \u00able personnel en place est, en permanence, expos\u00e9 \u00e0 ce virus\u00bb. Cette situation n\u2019est pas sans impact direct sur le fonctionnement de l\u2019ensemble des structures sanitaires. Ces derni\u00e8res connaissent, ces derniers jours, un d\u00e9clin notable en mati\u00e8re&nbsp;de prise en charge. \u00abL\u2019ensemble des services fonctionnent tant bien que mal compte tenu des moyens humains en place\u00bb, a-t-on expliqu\u00e9, ajoutant que \u00able personnel malade s\u2019est vu contraint de se confiner pour une dur\u00e9e d\u2019au moins une semaine\u00bb. Aux fins de venir&nbsp;\u00e0 bout, ne serait est ce qu\u2019un tant soit peu,&nbsp;de&nbsp;cette \u00abcrise\u00bb depersonnel, la&nbsp;Direction de la sant\u00e9 jug\u00e9 utile de mettre en place une instruction interdisant&nbsp;au&nbsp;\u00ab personnel soignant et administratif des 07 h\u00f4pitaux et 30 cliniques sp\u00e9cialis\u00e9es de partir en cong\u00e9, sous quelque pr\u00e9texte&nbsp;que ce soit\u00bb. \u00abTout d\u00e9part est synonyme d\u2019abandon de poste\u00bb, a-t-on r\u00e9v\u00e9l\u00e9. La direction de l\u2019h\u00f4pital p\u00e9diatrique d\u2019El Menzah, ex-Canastel, a interdit tout cong\u00e9&nbsp;&nbsp;dans toutes ses formes, arr\u00eat de maladie, cong\u00e9 annuel ou autre. Cette mesure a \u00e9t\u00e9 motiv\u00e9e par la hausse des demandes des exemptions formul\u00e9es par des m\u00e9decins et param\u00e9dicaux, alors que les enfants en bas \u00e2ge constituent \u00ables premiers porteurs du virus \u00e0 soigner d\u00e8s leurs admissions\u00bb, a-t-on soulign\u00e9, expliquant que \u00ables services p\u00e9diatriques enregistrent pas moins de 400 nouveaux cas frappant les enfants\u00bb. \u00abD\u2019o\u00f9 la n\u00e9cessit\u00e9 de mobiliser l\u2019ensemble des moyens humains\u00bb, a-t-on fait savoir. \u00abAucun rel\u00e2chement n\u2019est permis\u00bb, a-t-on ajout\u00e9, expliquant que \u00abla note est fix\u00e9e \u00e0 la mobilisation de tous les moyens \u00e9tant donn\u00e9 que la situation est gravissime\u00bb.&nbsp;&nbsp;Dans un autre registre, la vaccination de ce personnel mobilis\u00e9 en premi\u00e8re ligne est tr\u00e8s faible, celle-ci n\u2019a, selon les derniers bilans, pas d\u00e9pass\u00e9 les seuils de 19%&nbsp;\u00e0 Oran. L\u2019h\u00f4pital du 1<sup>er&nbsp;<\/sup>Novembre 1954 de l\u2019USTO emploie pr\u00e8s de 5.000 employ\u00e9s. Ces derniers continuent, dans leur majorit\u00e9, \u00e0 bouder le vaccin alors que les pouvoirs publics ont, bien avant l\u2019importation des premi\u00e8res doses, d\u00e9cid\u00e9 d\u2019immuniser, en priorit\u00e9, les porteurs des blouses blanches. Cette politique a \u00e9t\u00e9 avalis\u00e9e suite au d\u00e9c\u00e8s d\u2019un nombre important de m\u00e9decins, param\u00e9dicaux, infirmiers et autres employ\u00e9s du secteur, des suites des complications provoqu\u00e9es par le covid-19 et ses variants, en particulier le Delta ayant s\u00e9v\u00e8rement s\u00e9vi l\u2019\u00e9t\u00e9&nbsp;dernier.<\/p>\n\n\n\n<p><strong>Salim A<\/strong><strong>.<\/strong><\/p>\n","protected":false},"excerpt":{"rendered":"<p>Le variant sud africain, Omicron, continue sa progression fulgurante, frappant, outre les populations locales, le personnel soignant. La&nbsp;Direction de la<\/p>\n","protected":false},"author":3,"featured_media":2301,"comment_status":"open","ping_status":"closed","sticky":false,"template":"","format":"standard","meta":{"colormag_page_container_layout":"default_layout","colormag_page_sidebar_layout":"default_layout","om_disable_all_campaigns":false,"_monsterinsights_skip_tracking":false,"_monsterinsights_sitenote_active":false,"_monsterinsights_sitenote_note":"","_monsterinsights_sitenote_category":0,"footnotes":"","_wpscppro_dont_share_socialmedia":false,"_wpscppro_custom_social_share_image":0,"_facebook_share_type":"","_twitter_share_type":"","_linkedin_share_type":"","_pinterest_share_type":"","_linkedin_share_type_page":"","_instagram_share_type":"","_medium_share_type":"","_threads_share_type":"","_google_business_share_type":"","_selected_social_profile":[],"_wpsp_enable_custom_social_template":false,"_wpsp_social_scheduling":{"enabled":false,"datetime":null,"platforms":[],"status":"template_only","dateOption":"today","timeOption":"now","customDays":"","customHours":"","customDate":"","customTime":"","schedulingType":"absolute"},"_wpsp_active_default_template":true},"categories":[52,27],"tags":[],"class_list":["post-16112","post","type-post","status-publish","format-standard","has-post-thumbnail","hentry","category-a-la-une","category-actualite"],"aioseo_notices":[],"yoast_head":"<!-- This site is optimized with the Yoast SEO plugin v27.5 - https:\/\/yoast.com\/product\/yoast-seo-wordpress\/ -->\n<title>30% du personnel soignant est contamin\u00e9 : Les structures sanitaires sous une double pression - La Sentinelle<\/title>\n<meta name=\"robots\" content=\"index, follow, max-snippet:-1, max-image-preview:large, max-video-preview:-1\" \/>\n<link rel=\"canonical\" href=\"https:\/\/lasentinelle.dz\/index.php\/2022\/01\/26\/30-du-personnel-soignant-est-contamine-les-structures-sanitaires-sous-une-double-pression\/\" \/>\n<meta property=\"og:locale\" content=\"fr_FR\" \/>\n<meta property=\"og:type\" content=\"article\" \/>\n<meta property=\"og:title\" content=\"30% du personnel soignant est contamin\u00e9 : Les structures sanitaires sous une double pression - La Sentinelle\" \/>\n<meta property=\"og:description\" content=\"Le variant sud africain, Omicron, continue sa progression fulgurante, frappant, outre les populations locales, le personnel soignant. La&nbsp;Direction de la\" \/>\n<meta property=\"og:url\" content=\"https:\/\/lasentinelle.dz\/index.php\/2022\/01\/26\/30-du-personnel-soignant-est-contamine-les-structures-sanitaires-sous-une-double-pression\/\" \/>\n<meta property=\"og:site_name\" content=\"La Sentinelle\" \/>\n<meta property=\"article:publisher\" content=\"https:\/\/www.facebook.com\/La-Sentinelle-104059864394773\" \/>\n<meta property=\"article:published_time\" content=\"2022-01-25T23:05:00+00:00\" \/>\n<meta property=\"og:image\" content=\"https:\/\/lasentinelle.dz\/wp-content\/uploads\/2021\/07\/corona.png\" \/>\n\t<meta property=\"og:image:width\" content=\"1491\" \/>\n\t<meta property=\"og:image:height\" content=\"900\" \/>\n\t<meta property=\"og:image:type\" content=\"image\/png\" \/>\n<meta name=\"author\" content=\"La Sentinelle\" \/>\n<meta name=\"twitter:card\" content=\"summary_large_image\" \/>\n<meta name=\"twitter:label1\" content=\"\u00c9crit par\" \/>\n\t<meta name=\"twitter:data1\" content=\"La Sentinelle\" \/>\n\t<meta name=\"twitter:label2\" content=\"Dur\u00e9e de lecture estim\u00e9e\" \/>\n\t<meta name=\"twitter:data2\" content=\"2 minutes\" \/>\n<script type=\"application\/ld+json\" class=\"yoast-schema-graph\">{\"@context\":\"https:\\\/\\\/schema.org\",\"@graph\":[{\"@type\":\"Article\",\"@id\":\"https:\\\/\\\/lasentinelle.dz\\\/index.php\\\/2022\\\/01\\\/26\\\/30-du-personnel-soignant-est-contamine-les-structures-sanitaires-sous-une-double-pression\\\/#article\",\"isPartOf\":{\"@id\":\"https:\\\/\\\/lasentinelle.dz\\\/index.php\\\/2022\\\/01\\\/26\\\/30-du-personnel-soignant-est-contamine-les-structures-sanitaires-sous-une-double-pression\\\/\"},\"author\":{\"name\":\"La Sentinelle\",\"@id\":\"https:\\\/\\\/lasentinelle.dz\\\/#\\\/schema\\\/person\\\/d865044e22e70a75174ce8bcad3acfb3\"},\"headline\":\"30% du personnel soignant est contamin\u00e9 : Les structures sanitaires sous une double pression\",\"datePublished\":\"2022-01-25T23:05:00+00:00\",\"mainEntityOfPage\":{\"@id\":\"https:\\\/\\\/lasentinelle.dz\\\/index.php\\\/2022\\\/01\\\/26\\\/30-du-personnel-soignant-est-contamine-les-structures-sanitaires-sous-une-double-pression\\\/\"},\"wordCount\":528,\"commentCount\":0,\"publisher\":{\"@id\":\"https:\\\/\\\/lasentinelle.dz\\\/#organization\"},\"image\":{\"@id\":\"https:\\\/\\\/lasentinelle.dz\\\/index.php\\\/2022\\\/01\\\/26\\\/30-du-personnel-soignant-est-contamine-les-structures-sanitaires-sous-une-double-pression\\\/#primaryimage\"},\"thumbnailUrl\":\"https:\\\/\\\/lasentinelle.dz\\\/wp-content\\\/uploads\\\/2021\\\/07\\\/corona.png\",\"articleSection\":[\"\u00c0 la Une\",\"Actualit\u00e9\"],\"inLanguage\":\"fr-FR\",\"potentialAction\":[{\"@type\":\"CommentAction\",\"name\":\"Comment\",\"target\":[\"https:\\\/\\\/lasentinelle.dz\\\/index.php\\\/2022\\\/01\\\/26\\\/30-du-personnel-soignant-est-contamine-les-structures-sanitaires-sous-une-double-pression\\\/#respond\"]}]},{\"@type\":\"WebPage\",\"@id\":\"https:\\\/\\\/lasentinelle.dz\\\/index.php\\\/2022\\\/01\\\/26\\\/30-du-personnel-soignant-est-contamine-les-structures-sanitaires-sous-une-double-pression\\\/\",\"url\":\"https:\\\/\\\/lasentinelle.dz\\\/index.php\\\/2022\\\/01\\\/26\\\/30-du-personnel-soignant-est-contamine-les-structures-sanitaires-sous-une-double-pression\\\/\",\"name\":\"30% du personnel soignant est contamin\u00e9 : Les structures sanitaires sous une double pression - La Sentinelle\",\"isPartOf\":{\"@id\":\"https:\\\/\\\/lasentinelle.dz\\\/#website\"},\"primaryImageOfPage\":{\"@id\":\"https:\\\/\\\/lasentinelle.dz\\\/index.php\\\/2022\\\/01\\\/26\\\/30-du-personnel-soignant-est-contamine-les-structures-sanitaires-sous-une-double-pression\\\/#primaryimage\"},\"image\":{\"@id\":\"https:\\\/\\\/lasentinelle.dz\\\/index.php\\\/2022\\\/01\\\/26\\\/30-du-personnel-soignant-est-contamine-les-structures-sanitaires-sous-une-double-pression\\\/#primaryimage\"},\"thumbnailUrl\":\"https:\\\/\\\/lasentinelle.dz\\\/wp-content\\\/uploads\\\/2021\\\/07\\\/corona.png\",\"datePublished\":\"2022-01-25T23:05:00+00:00\",\"breadcrumb\":{\"@id\":\"https:\\\/\\\/lasentinelle.dz\\\/index.php\\\/2022\\\/01\\\/26\\\/30-du-personnel-soignant-est-contamine-les-structures-sanitaires-sous-une-double-pression\\\/#breadcrumb\"},\"inLanguage\":\"fr-FR\",\"potentialAction\":[{\"@type\":\"ReadAction\",\"target\":[\"https:\\\/\\\/lasentinelle.dz\\\/index.php\\\/2022\\\/01\\\/26\\\/30-du-personnel-soignant-est-contamine-les-structures-sanitaires-sous-une-double-pression\\\/\"]}]},{\"@type\":\"ImageObject\",\"inLanguage\":\"fr-FR\",\"@id\":\"https:\\\/\\\/lasentinelle.dz\\\/index.php\\\/2022\\\/01\\\/26\\\/30-du-personnel-soignant-est-contamine-les-structures-sanitaires-sous-une-double-pression\\\/#primaryimage\",\"url\":\"https:\\\/\\\/lasentinelle.dz\\\/wp-content\\\/uploads\\\/2021\\\/07\\\/corona.png\",\"contentUrl\":\"https:\\\/\\\/lasentinelle.dz\\\/wp-content\\\/uploads\\\/2021\\\/07\\\/corona.png\",\"width\":1491,\"height\":900},{\"@type\":\"BreadcrumbList\",\"@id\":\"https:\\\/\\\/lasentinelle.dz\\\/index.php\\\/2022\\\/01\\\/26\\\/30-du-personnel-soignant-est-contamine-les-structures-sanitaires-sous-une-double-pression\\\/#breadcrumb\",\"itemListElement\":[{\"@type\":\"ListItem\",\"position\":1,\"name\":\"Accueil\",\"item\":\"https:\\\/\\\/lasentinelle.dz\\\/\"},{\"@type\":\"ListItem\",\"position\":2,\"name\":\"30% du personnel soignant est contamin\u00e9 : Les structures sanitaires sous une double pression\"}]},{\"@type\":\"WebSite\",\"@id\":\"https:\\\/\\\/lasentinelle.dz\\\/#website\",\"url\":\"https:\\\/\\\/lasentinelle.dz\\\/\",\"name\":\"La Sentinelle\",\"description\":\"Quotidien national d&#039;information\",\"publisher\":{\"@id\":\"https:\\\/\\\/lasentinelle.dz\\\/#organization\"},\"potentialAction\":[{\"@type\":\"SearchAction\",\"target\":{\"@type\":\"EntryPoint\",\"urlTemplate\":\"https:\\\/\\\/lasentinelle.dz\\\/?s={search_term_string}\"},\"query-input\":{\"@type\":\"PropertyValueSpecification\",\"valueRequired\":true,\"valueName\":\"search_term_string\"}}],\"inLanguage\":\"fr-FR\"},{\"@type\":\"Organization\",\"@id\":\"https:\\\/\\\/lasentinelle.dz\\\/#organization\",\"name\":\"Quotidien La Sentinelle\",\"url\":\"https:\\\/\\\/lasentinelle.dz\\\/\",\"logo\":{\"@type\":\"ImageObject\",\"inLanguage\":\"fr-FR\",\"@id\":\"https:\\\/\\\/lasentinelle.dz\\\/#\\\/schema\\\/logo\\\/image\\\/\",\"url\":\"https:\\\/\\\/lasentinelle.dz\\\/wp-content\\\/uploads\\\/2021\\\/09\\\/logo-sentinelleSLOGAN-1.png\",\"contentUrl\":\"https:\\\/\\\/lasentinelle.dz\\\/wp-content\\\/uploads\\\/2021\\\/09\\\/logo-sentinelleSLOGAN-1.png\",\"width\":615,\"height\":142,\"caption\":\"Quotidien La Sentinelle\"},\"image\":{\"@id\":\"https:\\\/\\\/lasentinelle.dz\\\/#\\\/schema\\\/logo\\\/image\\\/\"},\"sameAs\":[\"https:\\\/\\\/www.facebook.com\\\/La-Sentinelle-104059864394773\"]},{\"@type\":\"Person\",\"@id\":\"https:\\\/\\\/lasentinelle.dz\\\/#\\\/schema\\\/person\\\/d865044e22e70a75174ce8bcad3acfb3\",\"name\":\"La Sentinelle\",\"image\":{\"@type\":\"ImageObject\",\"inLanguage\":\"fr-FR\",\"@id\":\"https:\\\/\\\/secure.gravatar.com\\\/avatar\\\/57de8e5d4b15d43fb361a71fbb36338450fe67865b528a43dd10ef7c51a20392?s=96&d=mm&r=g\",\"url\":\"https:\\\/\\\/secure.gravatar.com\\\/avatar\\\/57de8e5d4b15d43fb361a71fbb36338450fe67865b528a43dd10ef7c51a20392?s=96&d=mm&r=g\",\"contentUrl\":\"https:\\\/\\\/secure.gravatar.com\\\/avatar\\\/57de8e5d4b15d43fb361a71fbb36338450fe67865b528a43dd10ef7c51a20392?s=96&d=mm&r=g\",\"caption\":\"La Sentinelle\"},\"sameAs\":[\"http:\\\/\\\/www.lasentinelle.dz\"],\"url\":\"https:\\\/\\\/lasentinelle.dz\\\/author\\\/redaction\\\/\"}]}<\/script>\n<!-- \/ Yoast SEO plugin. -->","yoast_head_json":{"title":"30% du personnel soignant est contamin\u00e9 : Les structures sanitaires sous une double pression - La Sentinelle","robots":{"index":"index","follow":"follow","max-snippet":"max-snippet:-1","max-image-preview":"max-image-preview:large","max-video-preview":"max-video-preview:-1"},"canonical":"https:\/\/lasentinelle.dz\/index.php\/2022\/01\/26\/30-du-personnel-soignant-est-contamine-les-structures-sanitaires-sous-une-double-pression\/","og_locale":"fr_FR","og_type":"article","og_title":"30% du personnel soignant est contamin\u00e9 : Les structures sanitaires sous une double pression - La Sentinelle","og_description":"Le variant sud africain, Omicron, continue sa progression fulgurante, frappant, outre les populations locales, le personnel soignant. La&nbsp;Direction de la","og_url":"https:\/\/lasentinelle.dz\/index.php\/2022\/01\/26\/30-du-personnel-soignant-est-contamine-les-structures-sanitaires-sous-une-double-pression\/","og_site_name":"La Sentinelle","article_publisher":"https:\/\/www.facebook.com\/La-Sentinelle-104059864394773","article_published_time":"2022-01-25T23:05:00+00:00","og_image":[{"width":1491,"height":900,"url":"https:\/\/lasentinelle.dz\/wp-content\/uploads\/2021\/07\/corona.png","type":"image\/png"}],"author":"La Sentinelle","twitter_card":"summary_large_image","twitter_misc":{"\u00c9crit par":"La Sentinelle","Dur\u00e9e de lecture estim\u00e9e":"2 minutes"},"schema":{"@context":"https:\/\/schema.org","@graph":[{"@type":"Article","@id":"https:\/\/lasentinelle.dz\/index.php\/2022\/01\/26\/30-du-personnel-soignant-est-contamine-les-structures-sanitaires-sous-une-double-pression\/#article","isPartOf":{"@id":"https:\/\/lasentinelle.dz\/index.php\/2022\/01\/26\/30-du-personnel-soignant-est-contamine-les-structures-sanitaires-sous-une-double-pression\/"},"author":{"name":"La Sentinelle","@id":"https:\/\/lasentinelle.dz\/#\/schema\/person\/d865044e22e70a75174ce8bcad3acfb3"},"headline":"30% du personnel soignant est contamin\u00e9 : Les structures sanitaires sous une double pression","datePublished":"2022-01-25T23:05:00+00:00","mainEntityOfPage":{"@id":"https:\/\/lasentinelle.dz\/index.php\/2022\/01\/26\/30-du-personnel-soignant-est-contamine-les-structures-sanitaires-sous-une-double-pression\/"},"wordCount":528,"commentCount":0,"publisher":{"@id":"https:\/\/lasentinelle.dz\/#organization"},"image":{"@id":"https:\/\/lasentinelle.dz\/index.php\/2022\/01\/26\/30-du-personnel-soignant-est-contamine-les-structures-sanitaires-sous-une-double-pression\/#primaryimage"},"thumbnailUrl":"https:\/\/lasentinelle.dz\/wp-content\/uploads\/2021\/07\/corona.png","articleSection":["\u00c0 la Une","Actualit\u00e9"],"inLanguage":"fr-FR","potentialAction":[{"@type":"CommentAction","name":"Comment","target":["https:\/\/lasentinelle.dz\/index.php\/2022\/01\/26\/30-du-personnel-soignant-est-contamine-les-structures-sanitaires-sous-une-double-pression\/#respond"]}]},{"@type":"WebPage","@id":"https:\/\/lasentinelle.dz\/index.php\/2022\/01\/26\/30-du-personnel-soignant-est-contamine-les-structures-sanitaires-sous-une-double-pression\/","url":"https:\/\/lasentinelle.dz\/index.php\/2022\/01\/26\/30-du-personnel-soignant-est-contamine-les-structures-sanitaires-sous-une-double-pression\/","name":"30% du personnel soignant est contamin\u00e9 : Les structures sanitaires sous une double pression - La Sentinelle","isPartOf":{"@id":"https:\/\/lasentinelle.dz\/#website"},"primaryImageOfPage":{"@id":"https:\/\/lasentinelle.dz\/index.php\/2022\/01\/26\/30-du-personnel-soignant-est-contamine-les-structures-sanitaires-sous-une-double-pression\/#primaryimage"},"image":{"@id":"https:\/\/lasentinelle.dz\/index.php\/2022\/01\/26\/30-du-personnel-soignant-est-contamine-les-structures-sanitaires-sous-une-double-pression\/#primaryimage"},"thumbnailUrl":"https:\/\/lasentinelle.dz\/wp-content\/uploads\/2021\/07\/corona.png","datePublished":"2022-01-25T23:05:00+00:00","breadcrumb":{"@id":"https:\/\/lasentinelle.dz\/index.php\/2022\/01\/26\/30-du-personnel-soignant-est-contamine-les-structures-sanitaires-sous-une-double-pression\/#breadcrumb"},"inLanguage":"fr-FR","potentialAction":[{"@type":"ReadAction","target":["https:\/\/lasentinelle.dz\/index.php\/2022\/01\/26\/30-du-personnel-soignant-est-contamine-les-structures-sanitaires-sous-une-double-pression\/"]}]},{"@type":"ImageObject","inLanguage":"fr-FR","@id":"https:\/\/lasentinelle.dz\/index.php\/2022\/01\/26\/30-du-personnel-soignant-est-contamine-les-structures-sanitaires-sous-une-double-pression\/#primaryimage","url":"https:\/\/lasentinelle.dz\/wp-content\/uploads\/2021\/07\/corona.png","contentUrl":"https:\/\/lasentinelle.dz\/wp-content\/uploads\/2021\/07\/corona.png","width":1491,"height":900},{"@type":"BreadcrumbList","@id":"https:\/\/lasentinelle.dz\/index.php\/2022\/01\/26\/30-du-personnel-soignant-est-contamine-les-structures-sanitaires-sous-une-double-pression\/#breadcrumb","itemListElement":[{"@type":"ListItem","position":1,"name":"Accueil","item":"https:\/\/lasentinelle.dz\/"},{"@type":"ListItem","position":2,"name":"30% du personnel soignant est contamin\u00e9 : Les structures sanitaires sous une double pression"}]},{"@type":"WebSite","@id":"https:\/\/lasentinelle.dz\/#website","url":"https:\/\/lasentinelle.dz\/","name":"La Sentinelle","description":"Quotidien national d&#039;information","publisher":{"@id":"https:\/\/lasentinelle.dz\/#organization"},"potentialAction":[{"@type":"SearchAction","target":{"@type":"EntryPoint","urlTemplate":"https:\/\/lasentinelle.dz\/?s={search_term_string}"},"query-input":{"@type":"PropertyValueSpecification","valueRequired":true,"valueName":"search_term_string"}}],"inLanguage":"fr-FR"},{"@type":"Organization","@id":"https:\/\/lasentinelle.dz\/#organization","name":"Quotidien La Sentinelle","url":"https:\/\/lasentinelle.dz\/","logo":{"@type":"ImageObject","inLanguage":"fr-FR","@id":"https:\/\/lasentinelle.dz\/#\/schema\/logo\/image\/","url":"https:\/\/lasentinelle.dz\/wp-content\/uploads\/2021\/09\/logo-sentinelleSLOGAN-1.png","contentUrl":"https:\/\/lasentinelle.dz\/wp-content\/uploads\/2021\/09\/logo-sentinelleSLOGAN-1.png","width":615,"height":142,"caption":"Quotidien La Sentinelle"},"image":{"@id":"https:\/\/lasentinelle.dz\/#\/schema\/logo\/image\/"},"sameAs":["https:\/\/www.facebook.com\/La-Sentinelle-104059864394773"]},{"@type":"Person","@id":"https:\/\/lasentinelle.dz\/#\/schema\/person\/d865044e22e70a75174ce8bcad3acfb3","name":"La Sentinelle","image":{"@type":"ImageObject","inLanguage":"fr-FR","@id":"https:\/\/secure.gravatar.com\/avatar\/57de8e5d4b15d43fb361a71fbb36338450fe67865b528a43dd10ef7c51a20392?s=96&d=mm&r=g","url":"https:\/\/secure.gravatar.com\/avatar\/57de8e5d4b15d43fb361a71fbb36338450fe67865b528a43dd10ef7c51a20392?s=96&d=mm&r=g","contentUrl":"https:\/\/secure.gravatar.com\/avatar\/57de8e5d4b15d43fb361a71fbb36338450fe67865b528a43dd10ef7c51a20392?s=96&d=mm&r=g","caption":"La Sentinelle"},"sameAs":["http:\/\/www.lasentinelle.dz"],"url":"https:\/\/lasentinelle.dz\/author\/redaction\/"}]}},"_links":{"self":[{"href":"https:\/\/lasentinelle.dz\/index.php\/wp-json\/wp\/v2\/posts\/16112","targetHints":{"allow":["GET"]}}],"collection":[{"href":"https:\/\/lasentinelle.dz\/index.php\/wp-json\/wp\/v2\/posts"}],"about":[{"href":"https:\/\/lasentinelle.dz\/index.php\/wp-json\/wp\/v2\/types\/post"}],"author":[{"embeddable":true,"href":"https:\/\/lasentinelle.dz\/index.php\/wp-json\/wp\/v2\/users\/3"}],"replies":[{"embeddable":true,"href":"https:\/\/lasentinelle.dz\/index.php\/wp-json\/wp\/v2\/comments?post=16112"}],"version-history":[{"count":1,"href":"https:\/\/lasentinelle.dz\/index.php\/wp-json\/wp\/v2\/posts\/16112\/revisions"}],"predecessor-version":[{"id":16129,"href":"https:\/\/lasentinelle.dz\/index.php\/wp-json\/wp\/v2\/posts\/16112\/revisions\/16129"}],"wp:featuredmedia":[{"embeddable":true,"href":"https:\/\/lasentinelle.dz\/index.php\/wp-json\/wp\/v2\/media\/2301"}],"wp:attachment":[{"href":"https:\/\/lasentinelle.dz\/index.php\/wp-json\/wp\/v2\/media?parent=16112"}],"wp:term":[{"taxonomy":"category","embeddable":true,"href":"https:\/\/lasentinelle.dz\/index.php\/wp-json\/wp\/v2\/categories?post=16112"},{"taxonomy":"post_tag","embeddable":true,"href":"https:\/\/lasentinelle.dz\/index.php\/wp-json\/wp\/v2\/tags?post=16112"}],"curies":[{"name":"wp","href":"https:\/\/api.w.org\/{rel}","templated":true}]}}