{"id":1621,"date":"2021-07-18T00:01:00","date_gmt":"2021-07-17T23:01:00","guid":{"rendered":"https:\/\/lasentinelle.dz\/?p=1621"},"modified":"2021-07-17T20:43:26","modified_gmt":"2021-07-17T19:43:26","slug":"il-multiplie-les-manoeuvres-irreflechies-et-pueriles-ce-qui-fait-peur-au-makhzen","status":"publish","type":"post","link":"https:\/\/lasentinelle.dz\/index.php\/2021\/07\/18\/il-multiplie-les-manoeuvres-irreflechies-et-pueriles-ce-qui-fait-peur-au-makhzen\/","title":{"rendered":"Il multiplie les man\u0153uvres irr\u00e9fl\u00e9chies et pu\u00e9riles : Ce qui fait peur au Makhzen"},"content":{"rendered":"\n<p>Le repr\u00e9sentant du Makhzen aux Nations-unies, Omar Hilale, s\u2019est illustr\u00e9 par une \u00e9ni\u00e8me provocation cette semaine, en distribuant une note aux membres du Mouvement des Non-align\u00e9s \u00e9voquant un soutien du r\u00e9gime marocain \u00e0 un pr\u00e9tendu \u00ab droit \u00e0 l\u2019auto-d\u00e9termination du peuple kabyle \u00bb. Une man\u0153uvre qui tente de capitaliser sur l\u2019amalgame avec le droit l\u00e9gitime du peuple sahraoui, colonis\u00e9 \u00e0 l\u2019ind\u00e9pendance et reconnu comme tel par la communaut\u00e9 internationale et le droit international.<\/p>\n\n\n\n<p>C\u2019est surtout le fruit d\u2019une r\u00e9action \u00e9pidermique et pu\u00e9rile du r\u00e9gime marocain au soutien de l\u2019Alg\u00e9rie \u00e0 la cause sahraouie qui se red\u00e9ploie sur le front diplomatique pour d\u00e9fendre des positions de principe inali\u00e9nable. L\u2019Alg\u00e9rie a d\u2019ailleurs appel\u00e9, lors de la r\u00e9union des Non-align\u00e9s, \u00e0 la nomination rapide d\u2019un nouveau repr\u00e9sentant du Secr\u00e9taire g\u00e9n\u00e9ral des Nations unies au Sahara occidental. Une question qui agace le Makhzen, lequel d\u00e9ploie des efforts incommensurables pour bloquer la nomination d\u2019un nouvel \u00e9missaire de l\u2019ONU, et par cons\u00e9quent le processus onusien devant aboutir, de mani\u00e8re incontournable, \u00e0 la tenue d\u2019un r\u00e9f\u00e9rendum pour l\u2019autod\u00e9termination du peuple sahraoui.<\/p>\n\n\n\n<p>Cette man\u0153uvre s\u2019inscrit pleinement dans les pratiques du Makhzen qui s\u2019imagine pouvoir influencer les positions des pays soutenant la cause sahraouie. C\u2019est cette m\u00eame attitude qui a pouss\u00e9 le r\u00e9gime marocain \u00e0 provoquer une crise diplomatique avec l\u2019Allemagne, et plus r\u00e9cemment une crise migratoire avec l\u2019Espagne et par extension l\u2019Union europ\u00e9enne dans son ensemble.&nbsp; Ce n\u2019a, au final, eu pour cons\u00e9quence que de renforcer l\u2019engagement de ces pays en faveur de la cause sahraouie.<\/p>\n\n\n\n<p>Les actes du Makhzen, qui semble jouer un poker menteur, sont irr\u00e9fl\u00e9chis. Et la derni\u00e8re man\u0153uvre men\u00e9e contre l\u2019Alg\u00e9rie le prouve. Il faut comprendre cependant que le Makhzen a associ\u00e9 sa survie \u00e0 la colonisation du Sahara occidental, en 1975, et la question sahraouie est toujours agit\u00e9e en tant qu\u2019\u00e9pouvantail \u00e0 chaque fois que le r\u00e9gime marocain voit se profiler les pr\u00e9mices de la contestation.<\/p>\n\n\n\n<p><strong>Les pr\u00e9mices d\u2019un printemps marocain<\/strong><\/p>\n\n\n\n<p>Or, le Makhzen est aujourd\u2019hui dans une situation plus d\u00e9licate. Car, il a justifi\u00e9 la normalisation ou plut\u00f4t l\u2019officialisation de ses relations avec l\u2019entit\u00e9 sioniste par le subterfuge de la question sahraouie. Le \u00ab deal du si\u00e8cle \u00bb promu par Trump promettait au Makhzen des armes, de l\u2019argent et une reconnaissance sur une pr\u00e9tendue souverainet\u00e9 du Maroc sur le Sahara occidental contre la normalisation.<\/p>\n\n\n\n<p>Or Trump est parti deux mois plus tard. L\u2019administration Biden n\u2019a pas valid\u00e9 la reconnaissance unilat\u00e9rale et personnelle de Trump et le congr\u00e8s US a appos\u00e9 son v\u00e9to contre la vente d\u2019armes am\u00e9ricaines au Makhzen. Ce qui ne fait qu\u2019alimenter la col\u00e8re des Marocains, profond\u00e9ment attach\u00e9s \u00e0 la cause palestinienne et qui ne comprennent pas la trahison du Makhzen qui a os\u00e9 vendre El-Qods, troisi\u00e8me lieu saint de l\u2019Islam.<\/p>\n\n\n\n<p>Une question qui peut d\u2019ailleurs \u00eatre l\u2019\u00e9tincelle d\u2019un d\u00e9chainement de col\u00e8re du peuple fr\u00e8re, opprim\u00e9 par un r\u00e9gime corrompu et qui leur fait subir les pires des in\u00e9galit\u00e9s et des injustices. Bien que les m\u00e9dias inf\u00e9od\u00e9s par le Makhzen tentent de dresser un tableau enjoliv\u00e9 de la situation au Maroc, la crise couve. Des rapports relay\u00e9s hier par les m\u00e9dias locaux indiquent que plus de 200.000 personnes ont perdu leur emploi au Maroc entre 2019 et 2020. Des chiffres qui peuvent donner une petite id\u00e9e sur la gravit\u00e9 de la crise et du ch\u00f4mage qui frappe le voisin de l\u2019Ouest dans une mesure beaucoup plus large. Mais ce qui est int\u00e9ressant \u00e0 \u00e9tudier est l\u2019ampleur des in\u00e9galit\u00e9s r\u00e9v\u00e9l\u00e9es par les m\u00eames rapports. Ces derniers pr\u00e9cisent ainsi que seuls 24,7% de la main-d\u2019\u0153uvre employ\u00e9e au Maroc disposent d\u2019une assurance m\u00e9dicale li\u00e9e au travail et plus de la moiti\u00e9 des travailleurs marocains (55,2%) n\u2019ont aucun contrat avec leur employeur.&nbsp; La m\u00eame \u00e9tude r\u00e9v\u00e8le aussi qu\u2019environ 54,3% de la main-d\u2019\u0153uvre employ\u00e9e au Maroc n\u2019a pas de dipl\u00f4me.<\/p>\n\n\n\n<p>Les Marocains souffrent de sous-qualifications, pour ne pas dire d\u2019analphab\u00e9tisme, de pauvret\u00e9 et de pr\u00e9carit\u00e9 de l\u2019emploi. Et c\u2019est l\u00e0 l\u2019origine du mal qui ronge la soci\u00e9t\u00e9 marocaine et qui alimente la col\u00e8re de la population. Ce fut l\u2019origine du Hirak du Rif, r\u00e9gion que le Makhzen imagine avoir pu acheter en l\u00e9galisant la culture du cannabis. Mais la col\u00e8re couve toujours. Une vid\u00e9o qui a fait le buzz sur les r\u00e9seaux sociaux ce week-end le d\u00e9montre. Un jeune homme d\u00e9non\u00e7ant la r\u00e9pression du Makhzen et r\u00e9clamant une vie descente et digne secoue les certitudes du r\u00e9gime marocain. Un jeune vendeur de cacahu\u00e8tes de Nador, dans le Rif oriental, s\u2019oppose \u00e0 des policiers et d\u00e9nonce le fait qu\u2019on lui enl\u00e8ve son gagne-pain. Une vid\u00e9o qui d\u00e9montre les cons\u00e9quences du ch\u00f4mage end\u00e9mique au Maroc et les conditions de vie difficiles des Marocains. Elle semble surtout devenir cette \u00e9tincelle qui peut mettre le feu aux poudres. Car le Makhzen joue avec le feu et risque de se br\u00fbler.&nbsp; Lui qui fait d\u00e9j\u00e0 l\u2019objet d\u2019une lev\u00e9e de boucliers pour ses atteintes syst\u00e9matiques aux droits de l\u2019Homme, aussi bien au Sahara occidental qu\u2019au Maroc. Ce sont m\u00eame ses alli\u00e9s sur lesquels il a compt\u00e9, le d\u00e9partement d\u2019Etat am\u00e9ricain et Euromed, qui sont les premiers \u00e0 le clouer au pilori.<\/p>\n\n\n\n<p><strong>Chokri Hafed<\/strong><\/p>\n","protected":false},"excerpt":{"rendered":"<p>Le repr\u00e9sentant du Makhzen aux Nations-unies, Omar Hilale, s\u2019est illustr\u00e9 par une \u00e9ni\u00e8me provocation cette semaine, en distribuant une note<\/p>\n","protected":false},"author":3,"featured_media":1622,"comment_status":"open","ping_status":"closed","sticky":false,"template":"","format":"standard","meta":{"colormag_page_container_layout":"default_layout","colormag_page_sidebar_layout":"default_layout","om_disable_all_campaigns":false,"_monsterinsights_skip_tracking":false,"_monsterinsights_sitenote_active":false,"_monsterinsights_sitenote_note":"","_monsterinsights_sitenote_category":0,"footnotes":"","_wpscppro_dont_share_socialmedia":false,"_wpscppro_custom_social_share_image":0,"_facebook_share_type":"","_twitter_share_type":"","_linkedin_share_type":"","_pinterest_share_type":"","_linkedin_share_type_page":"","_instagram_share_type":"","_medium_share_type":"","_threads_share_type":"","_google_business_share_type":"","_selected_social_profile":[],"_wpsp_enable_custom_social_template":false,"_wpsp_social_scheduling":{"enabled":false,"datetime":null,"platforms":[],"status":"template_only","dateOption":"today","timeOption":"now","customDays":"","customHours":"","customDate":"","customTime":"","schedulingType":"absolute"},"_wpsp_active_default_template":true},"categories":[52,27],"tags":[],"class_list":["post-1621","post","type-post","status-publish","format-standard","has-post-thumbnail","hentry","category-a-la-une","category-actualite"],"aioseo_notices":[],"yoast_head":"<!-- This site is optimized with the Yoast SEO plugin v27.5 - https:\/\/yoast.com\/product\/yoast-seo-wordpress\/ -->\n<title>Il multiplie les man\u0153uvres irr\u00e9fl\u00e9chies et pu\u00e9riles : Ce qui fait peur au Makhzen - La Sentinelle<\/title>\n<meta name=\"robots\" content=\"index, follow, max-snippet:-1, max-image-preview:large, max-video-preview:-1\" \/>\n<link rel=\"canonical\" href=\"https:\/\/lasentinelle.dz\/index.php\/2021\/07\/18\/il-multiplie-les-manoeuvres-irreflechies-et-pueriles-ce-qui-fait-peur-au-makhzen\/\" \/>\n<meta property=\"og:locale\" content=\"fr_FR\" \/>\n<meta property=\"og:type\" content=\"article\" \/>\n<meta property=\"og:title\" content=\"Il multiplie les man\u0153uvres irr\u00e9fl\u00e9chies et pu\u00e9riles : Ce qui fait peur au Makhzen - La Sentinelle\" \/>\n<meta property=\"og:description\" content=\"Le repr\u00e9sentant du Makhzen aux Nations-unies, Omar Hilale, s\u2019est illustr\u00e9 par une \u00e9ni\u00e8me provocation cette semaine, en distribuant une note\" \/>\n<meta property=\"og:url\" content=\"https:\/\/lasentinelle.dz\/index.php\/2021\/07\/18\/il-multiplie-les-manoeuvres-irreflechies-et-pueriles-ce-qui-fait-peur-au-makhzen\/\" \/>\n<meta property=\"og:site_name\" content=\"La Sentinelle\" \/>\n<meta property=\"article:publisher\" content=\"https:\/\/www.facebook.com\/La-Sentinelle-104059864394773\" \/>\n<meta property=\"article:published_time\" content=\"2021-07-17T23:01:00+00:00\" \/>\n<meta property=\"og:image\" content=\"https:\/\/lasentinelle.dz\/wp-content\/uploads\/2021\/07\/M6-inquiet.png\" \/>\n\t<meta property=\"og:image:width\" content=\"1607\" \/>\n\t<meta property=\"og:image:height\" content=\"900\" \/>\n\t<meta property=\"og:image:type\" content=\"image\/png\" \/>\n<meta name=\"author\" content=\"La Sentinelle\" \/>\n<meta name=\"twitter:card\" content=\"summary_large_image\" \/>\n<meta name=\"twitter:label1\" content=\"\u00c9crit par\" \/>\n\t<meta name=\"twitter:data1\" content=\"La Sentinelle\" \/>\n\t<meta name=\"twitter:label2\" content=\"Dur\u00e9e de lecture estim\u00e9e\" \/>\n\t<meta name=\"twitter:data2\" content=\"4 minutes\" \/>\n<script type=\"application\/ld+json\" class=\"yoast-schema-graph\">{\"@context\":\"https:\\\/\\\/schema.org\",\"@graph\":[{\"@type\":\"Article\",\"@id\":\"https:\\\/\\\/lasentinelle.dz\\\/index.php\\\/2021\\\/07\\\/18\\\/il-multiplie-les-manoeuvres-irreflechies-et-pueriles-ce-qui-fait-peur-au-makhzen\\\/#article\",\"isPartOf\":{\"@id\":\"https:\\\/\\\/lasentinelle.dz\\\/index.php\\\/2021\\\/07\\\/18\\\/il-multiplie-les-manoeuvres-irreflechies-et-pueriles-ce-qui-fait-peur-au-makhzen\\\/\"},\"author\":{\"name\":\"La Sentinelle\",\"@id\":\"https:\\\/\\\/lasentinelle.dz\\\/#\\\/schema\\\/person\\\/d865044e22e70a75174ce8bcad3acfb3\"},\"headline\":\"Il multiplie les man\u0153uvres irr\u00e9fl\u00e9chies et pu\u00e9riles : Ce qui fait peur au Makhzen\",\"datePublished\":\"2021-07-17T23:01:00+00:00\",\"mainEntityOfPage\":{\"@id\":\"https:\\\/\\\/lasentinelle.dz\\\/index.php\\\/2021\\\/07\\\/18\\\/il-multiplie-les-manoeuvres-irreflechies-et-pueriles-ce-qui-fait-peur-au-makhzen\\\/\"},\"wordCount\":1012,\"commentCount\":0,\"publisher\":{\"@id\":\"https:\\\/\\\/lasentinelle.dz\\\/#organization\"},\"image\":{\"@id\":\"https:\\\/\\\/lasentinelle.dz\\\/index.php\\\/2021\\\/07\\\/18\\\/il-multiplie-les-manoeuvres-irreflechies-et-pueriles-ce-qui-fait-peur-au-makhzen\\\/#primaryimage\"},\"thumbnailUrl\":\"https:\\\/\\\/lasentinelle.dz\\\/wp-content\\\/uploads\\\/2021\\\/07\\\/M6-inquiet.png\",\"articleSection\":[\"\u00c0 la Une\",\"Actualit\u00e9\"],\"inLanguage\":\"fr-FR\",\"potentialAction\":[{\"@type\":\"CommentAction\",\"name\":\"Comment\",\"target\":[\"https:\\\/\\\/lasentinelle.dz\\\/index.php\\\/2021\\\/07\\\/18\\\/il-multiplie-les-manoeuvres-irreflechies-et-pueriles-ce-qui-fait-peur-au-makhzen\\\/#respond\"]}]},{\"@type\":\"WebPage\",\"@id\":\"https:\\\/\\\/lasentinelle.dz\\\/index.php\\\/2021\\\/07\\\/18\\\/il-multiplie-les-manoeuvres-irreflechies-et-pueriles-ce-qui-fait-peur-au-makhzen\\\/\",\"url\":\"https:\\\/\\\/lasentinelle.dz\\\/index.php\\\/2021\\\/07\\\/18\\\/il-multiplie-les-manoeuvres-irreflechies-et-pueriles-ce-qui-fait-peur-au-makhzen\\\/\",\"name\":\"Il multiplie les man\u0153uvres irr\u00e9fl\u00e9chies et pu\u00e9riles : Ce qui fait peur au Makhzen - La Sentinelle\",\"isPartOf\":{\"@id\":\"https:\\\/\\\/lasentinelle.dz\\\/#website\"},\"primaryImageOfPage\":{\"@id\":\"https:\\\/\\\/lasentinelle.dz\\\/index.php\\\/2021\\\/07\\\/18\\\/il-multiplie-les-manoeuvres-irreflechies-et-pueriles-ce-qui-fait-peur-au-makhzen\\\/#primaryimage\"},\"image\":{\"@id\":\"https:\\\/\\\/lasentinelle.dz\\\/index.php\\\/2021\\\/07\\\/18\\\/il-multiplie-les-manoeuvres-irreflechies-et-pueriles-ce-qui-fait-peur-au-makhzen\\\/#primaryimage\"},\"thumbnailUrl\":\"https:\\\/\\\/lasentinelle.dz\\\/wp-content\\\/uploads\\\/2021\\\/07\\\/M6-inquiet.png\",\"datePublished\":\"2021-07-17T23:01:00+00:00\",\"breadcrumb\":{\"@id\":\"https:\\\/\\\/lasentinelle.dz\\\/index.php\\\/2021\\\/07\\\/18\\\/il-multiplie-les-manoeuvres-irreflechies-et-pueriles-ce-qui-fait-peur-au-makhzen\\\/#breadcrumb\"},\"inLanguage\":\"fr-FR\",\"potentialAction\":[{\"@type\":\"ReadAction\",\"target\":[\"https:\\\/\\\/lasentinelle.dz\\\/index.php\\\/2021\\\/07\\\/18\\\/il-multiplie-les-manoeuvres-irreflechies-et-pueriles-ce-qui-fait-peur-au-makhzen\\\/\"]}]},{\"@type\":\"ImageObject\",\"inLanguage\":\"fr-FR\",\"@id\":\"https:\\\/\\\/lasentinelle.dz\\\/index.php\\\/2021\\\/07\\\/18\\\/il-multiplie-les-manoeuvres-irreflechies-et-pueriles-ce-qui-fait-peur-au-makhzen\\\/#primaryimage\",\"url\":\"https:\\\/\\\/lasentinelle.dz\\\/wp-content\\\/uploads\\\/2021\\\/07\\\/M6-inquiet.png\",\"contentUrl\":\"https:\\\/\\\/lasentinelle.dz\\\/wp-content\\\/uploads\\\/2021\\\/07\\\/M6-inquiet.png\",\"width\":1607,\"height\":900},{\"@type\":\"BreadcrumbList\",\"@id\":\"https:\\\/\\\/lasentinelle.dz\\\/index.php\\\/2021\\\/07\\\/18\\\/il-multiplie-les-manoeuvres-irreflechies-et-pueriles-ce-qui-fait-peur-au-makhzen\\\/#breadcrumb\",\"itemListElement\":[{\"@type\":\"ListItem\",\"position\":1,\"name\":\"Accueil\",\"item\":\"https:\\\/\\\/lasentinelle.dz\\\/\"},{\"@type\":\"ListItem\",\"position\":2,\"name\":\"Il multiplie les man\u0153uvres irr\u00e9fl\u00e9chies et pu\u00e9riles : Ce qui fait peur au Makhzen\"}]},{\"@type\":\"WebSite\",\"@id\":\"https:\\\/\\\/lasentinelle.dz\\\/#website\",\"url\":\"https:\\\/\\\/lasentinelle.dz\\\/\",\"name\":\"La Sentinelle\",\"description\":\"Quotidien national d&#039;information\",\"publisher\":{\"@id\":\"https:\\\/\\\/lasentinelle.dz\\\/#organization\"},\"potentialAction\":[{\"@type\":\"SearchAction\",\"target\":{\"@type\":\"EntryPoint\",\"urlTemplate\":\"https:\\\/\\\/lasentinelle.dz\\\/?s={search_term_string}\"},\"query-input\":{\"@type\":\"PropertyValueSpecification\",\"valueRequired\":true,\"valueName\":\"search_term_string\"}}],\"inLanguage\":\"fr-FR\"},{\"@type\":\"Organization\",\"@id\":\"https:\\\/\\\/lasentinelle.dz\\\/#organization\",\"name\":\"Quotidien La Sentinelle\",\"url\":\"https:\\\/\\\/lasentinelle.dz\\\/\",\"logo\":{\"@type\":\"ImageObject\",\"inLanguage\":\"fr-FR\",\"@id\":\"https:\\\/\\\/lasentinelle.dz\\\/#\\\/schema\\\/logo\\\/image\\\/\",\"url\":\"https:\\\/\\\/lasentinelle.dz\\\/wp-content\\\/uploads\\\/2021\\\/09\\\/logo-sentinelleSLOGAN-1.png\",\"contentUrl\":\"https:\\\/\\\/lasentinelle.dz\\\/wp-content\\\/uploads\\\/2021\\\/09\\\/logo-sentinelleSLOGAN-1.png\",\"width\":615,\"height\":142,\"caption\":\"Quotidien La Sentinelle\"},\"image\":{\"@id\":\"https:\\\/\\\/lasentinelle.dz\\\/#\\\/schema\\\/logo\\\/image\\\/\"},\"sameAs\":[\"https:\\\/\\\/www.facebook.com\\\/La-Sentinelle-104059864394773\"]},{\"@type\":\"Person\",\"@id\":\"https:\\\/\\\/lasentinelle.dz\\\/#\\\/schema\\\/person\\\/d865044e22e70a75174ce8bcad3acfb3\",\"name\":\"La Sentinelle\",\"image\":{\"@type\":\"ImageObject\",\"inLanguage\":\"fr-FR\",\"@id\":\"https:\\\/\\\/secure.gravatar.com\\\/avatar\\\/57de8e5d4b15d43fb361a71fbb36338450fe67865b528a43dd10ef7c51a20392?s=96&d=mm&r=g\",\"url\":\"https:\\\/\\\/secure.gravatar.com\\\/avatar\\\/57de8e5d4b15d43fb361a71fbb36338450fe67865b528a43dd10ef7c51a20392?s=96&d=mm&r=g\",\"contentUrl\":\"https:\\\/\\\/secure.gravatar.com\\\/avatar\\\/57de8e5d4b15d43fb361a71fbb36338450fe67865b528a43dd10ef7c51a20392?s=96&d=mm&r=g\",\"caption\":\"La Sentinelle\"},\"sameAs\":[\"http:\\\/\\\/www.lasentinelle.dz\"],\"url\":\"https:\\\/\\\/lasentinelle.dz\\\/author\\\/redaction\\\/\"}]}<\/script>\n<!-- \/ Yoast SEO plugin. -->","yoast_head_json":{"title":"Il multiplie les man\u0153uvres irr\u00e9fl\u00e9chies et pu\u00e9riles : Ce qui fait peur au Makhzen - La Sentinelle","robots":{"index":"index","follow":"follow","max-snippet":"max-snippet:-1","max-image-preview":"max-image-preview:large","max-video-preview":"max-video-preview:-1"},"canonical":"https:\/\/lasentinelle.dz\/index.php\/2021\/07\/18\/il-multiplie-les-manoeuvres-irreflechies-et-pueriles-ce-qui-fait-peur-au-makhzen\/","og_locale":"fr_FR","og_type":"article","og_title":"Il multiplie les man\u0153uvres irr\u00e9fl\u00e9chies et pu\u00e9riles : Ce qui fait peur au Makhzen - La Sentinelle","og_description":"Le repr\u00e9sentant du Makhzen aux Nations-unies, Omar Hilale, s\u2019est illustr\u00e9 par une \u00e9ni\u00e8me provocation cette semaine, en distribuant une note","og_url":"https:\/\/lasentinelle.dz\/index.php\/2021\/07\/18\/il-multiplie-les-manoeuvres-irreflechies-et-pueriles-ce-qui-fait-peur-au-makhzen\/","og_site_name":"La Sentinelle","article_publisher":"https:\/\/www.facebook.com\/La-Sentinelle-104059864394773","article_published_time":"2021-07-17T23:01:00+00:00","og_image":[{"width":1607,"height":900,"url":"https:\/\/lasentinelle.dz\/wp-content\/uploads\/2021\/07\/M6-inquiet.png","type":"image\/png"}],"author":"La Sentinelle","twitter_card":"summary_large_image","twitter_misc":{"\u00c9crit par":"La Sentinelle","Dur\u00e9e de lecture estim\u00e9e":"4 minutes"},"schema":{"@context":"https:\/\/schema.org","@graph":[{"@type":"Article","@id":"https:\/\/lasentinelle.dz\/index.php\/2021\/07\/18\/il-multiplie-les-manoeuvres-irreflechies-et-pueriles-ce-qui-fait-peur-au-makhzen\/#article","isPartOf":{"@id":"https:\/\/lasentinelle.dz\/index.php\/2021\/07\/18\/il-multiplie-les-manoeuvres-irreflechies-et-pueriles-ce-qui-fait-peur-au-makhzen\/"},"author":{"name":"La Sentinelle","@id":"https:\/\/lasentinelle.dz\/#\/schema\/person\/d865044e22e70a75174ce8bcad3acfb3"},"headline":"Il multiplie les man\u0153uvres irr\u00e9fl\u00e9chies et pu\u00e9riles : Ce qui fait peur au Makhzen","datePublished":"2021-07-17T23:01:00+00:00","mainEntityOfPage":{"@id":"https:\/\/lasentinelle.dz\/index.php\/2021\/07\/18\/il-multiplie-les-manoeuvres-irreflechies-et-pueriles-ce-qui-fait-peur-au-makhzen\/"},"wordCount":1012,"commentCount":0,"publisher":{"@id":"https:\/\/lasentinelle.dz\/#organization"},"image":{"@id":"https:\/\/lasentinelle.dz\/index.php\/2021\/07\/18\/il-multiplie-les-manoeuvres-irreflechies-et-pueriles-ce-qui-fait-peur-au-makhzen\/#primaryimage"},"thumbnailUrl":"https:\/\/lasentinelle.dz\/wp-content\/uploads\/2021\/07\/M6-inquiet.png","articleSection":["\u00c0 la Une","Actualit\u00e9"],"inLanguage":"fr-FR","potentialAction":[{"@type":"CommentAction","name":"Comment","target":["https:\/\/lasentinelle.dz\/index.php\/2021\/07\/18\/il-multiplie-les-manoeuvres-irreflechies-et-pueriles-ce-qui-fait-peur-au-makhzen\/#respond"]}]},{"@type":"WebPage","@id":"https:\/\/lasentinelle.dz\/index.php\/2021\/07\/18\/il-multiplie-les-manoeuvres-irreflechies-et-pueriles-ce-qui-fait-peur-au-makhzen\/","url":"https:\/\/lasentinelle.dz\/index.php\/2021\/07\/18\/il-multiplie-les-manoeuvres-irreflechies-et-pueriles-ce-qui-fait-peur-au-makhzen\/","name":"Il multiplie les man\u0153uvres irr\u00e9fl\u00e9chies et pu\u00e9riles : Ce qui fait peur au Makhzen - La Sentinelle","isPartOf":{"@id":"https:\/\/lasentinelle.dz\/#website"},"primaryImageOfPage":{"@id":"https:\/\/lasentinelle.dz\/index.php\/2021\/07\/18\/il-multiplie-les-manoeuvres-irreflechies-et-pueriles-ce-qui-fait-peur-au-makhzen\/#primaryimage"},"image":{"@id":"https:\/\/lasentinelle.dz\/index.php\/2021\/07\/18\/il-multiplie-les-manoeuvres-irreflechies-et-pueriles-ce-qui-fait-peur-au-makhzen\/#primaryimage"},"thumbnailUrl":"https:\/\/lasentinelle.dz\/wp-content\/uploads\/2021\/07\/M6-inquiet.png","datePublished":"2021-07-17T23:01:00+00:00","breadcrumb":{"@id":"https:\/\/lasentinelle.dz\/index.php\/2021\/07\/18\/il-multiplie-les-manoeuvres-irreflechies-et-pueriles-ce-qui-fait-peur-au-makhzen\/#breadcrumb"},"inLanguage":"fr-FR","potentialAction":[{"@type":"ReadAction","target":["https:\/\/lasentinelle.dz\/index.php\/2021\/07\/18\/il-multiplie-les-manoeuvres-irreflechies-et-pueriles-ce-qui-fait-peur-au-makhzen\/"]}]},{"@type":"ImageObject","inLanguage":"fr-FR","@id":"https:\/\/lasentinelle.dz\/index.php\/2021\/07\/18\/il-multiplie-les-manoeuvres-irreflechies-et-pueriles-ce-qui-fait-peur-au-makhzen\/#primaryimage","url":"https:\/\/lasentinelle.dz\/wp-content\/uploads\/2021\/07\/M6-inquiet.png","contentUrl":"https:\/\/lasentinelle.dz\/wp-content\/uploads\/2021\/07\/M6-inquiet.png","width":1607,"height":900},{"@type":"BreadcrumbList","@id":"https:\/\/lasentinelle.dz\/index.php\/2021\/07\/18\/il-multiplie-les-manoeuvres-irreflechies-et-pueriles-ce-qui-fait-peur-au-makhzen\/#breadcrumb","itemListElement":[{"@type":"ListItem","position":1,"name":"Accueil","item":"https:\/\/lasentinelle.dz\/"},{"@type":"ListItem","position":2,"name":"Il multiplie les man\u0153uvres irr\u00e9fl\u00e9chies et pu\u00e9riles : Ce qui fait peur au Makhzen"}]},{"@type":"WebSite","@id":"https:\/\/lasentinelle.dz\/#website","url":"https:\/\/lasentinelle.dz\/","name":"La Sentinelle","description":"Quotidien national d&#039;information","publisher":{"@id":"https:\/\/lasentinelle.dz\/#organization"},"potentialAction":[{"@type":"SearchAction","target":{"@type":"EntryPoint","urlTemplate":"https:\/\/lasentinelle.dz\/?s={search_term_string}"},"query-input":{"@type":"PropertyValueSpecification","valueRequired":true,"valueName":"search_term_string"}}],"inLanguage":"fr-FR"},{"@type":"Organization","@id":"https:\/\/lasentinelle.dz\/#organization","name":"Quotidien La Sentinelle","url":"https:\/\/lasentinelle.dz\/","logo":{"@type":"ImageObject","inLanguage":"fr-FR","@id":"https:\/\/lasentinelle.dz\/#\/schema\/logo\/image\/","url":"https:\/\/lasentinelle.dz\/wp-content\/uploads\/2021\/09\/logo-sentinelleSLOGAN-1.png","contentUrl":"https:\/\/lasentinelle.dz\/wp-content\/uploads\/2021\/09\/logo-sentinelleSLOGAN-1.png","width":615,"height":142,"caption":"Quotidien La Sentinelle"},"image":{"@id":"https:\/\/lasentinelle.dz\/#\/schema\/logo\/image\/"},"sameAs":["https:\/\/www.facebook.com\/La-Sentinelle-104059864394773"]},{"@type":"Person","@id":"https:\/\/lasentinelle.dz\/#\/schema\/person\/d865044e22e70a75174ce8bcad3acfb3","name":"La Sentinelle","image":{"@type":"ImageObject","inLanguage":"fr-FR","@id":"https:\/\/secure.gravatar.com\/avatar\/57de8e5d4b15d43fb361a71fbb36338450fe67865b528a43dd10ef7c51a20392?s=96&d=mm&r=g","url":"https:\/\/secure.gravatar.com\/avatar\/57de8e5d4b15d43fb361a71fbb36338450fe67865b528a43dd10ef7c51a20392?s=96&d=mm&r=g","contentUrl":"https:\/\/secure.gravatar.com\/avatar\/57de8e5d4b15d43fb361a71fbb36338450fe67865b528a43dd10ef7c51a20392?s=96&d=mm&r=g","caption":"La Sentinelle"},"sameAs":["http:\/\/www.lasentinelle.dz"],"url":"https:\/\/lasentinelle.dz\/author\/redaction\/"}]}},"_links":{"self":[{"href":"https:\/\/lasentinelle.dz\/index.php\/wp-json\/wp\/v2\/posts\/1621","targetHints":{"allow":["GET"]}}],"collection":[{"href":"https:\/\/lasentinelle.dz\/index.php\/wp-json\/wp\/v2\/posts"}],"about":[{"href":"https:\/\/lasentinelle.dz\/index.php\/wp-json\/wp\/v2\/types\/post"}],"author":[{"embeddable":true,"href":"https:\/\/lasentinelle.dz\/index.php\/wp-json\/wp\/v2\/users\/3"}],"replies":[{"embeddable":true,"href":"https:\/\/lasentinelle.dz\/index.php\/wp-json\/wp\/v2\/comments?post=1621"}],"version-history":[{"count":1,"href":"https:\/\/lasentinelle.dz\/index.php\/wp-json\/wp\/v2\/posts\/1621\/revisions"}],"predecessor-version":[{"id":1623,"href":"https:\/\/lasentinelle.dz\/index.php\/wp-json\/wp\/v2\/posts\/1621\/revisions\/1623"}],"wp:featuredmedia":[{"embeddable":true,"href":"https:\/\/lasentinelle.dz\/index.php\/wp-json\/wp\/v2\/media\/1622"}],"wp:attachment":[{"href":"https:\/\/lasentinelle.dz\/index.php\/wp-json\/wp\/v2\/media?parent=1621"}],"wp:term":[{"taxonomy":"category","embeddable":true,"href":"https:\/\/lasentinelle.dz\/index.php\/wp-json\/wp\/v2\/categories?post=1621"},{"taxonomy":"post_tag","embeddable":true,"href":"https:\/\/lasentinelle.dz\/index.php\/wp-json\/wp\/v2\/tags?post=1621"}],"curies":[{"name":"wp","href":"https:\/\/api.w.org\/{rel}","templated":true}]}}