{"id":16221,"date":"2022-01-30T16:54:22","date_gmt":"2022-01-30T15:54:22","guid":{"rendered":"https:\/\/lasentinelle.dz\/?p=16221"},"modified":"2022-01-30T16:54:33","modified_gmt":"2022-01-30T15:54:33","slug":"naufrage-au-large-des-cotes-dannaba-six-pecheurs-sauves-in-extremis","status":"publish","type":"post","link":"https:\/\/lasentinelle.dz\/index.php\/2022\/01\/30\/naufrage-au-large-des-cotes-dannaba-six-pecheurs-sauves-in-extremis\/","title":{"rendered":"Naufrage au large des c\u00f4tes d\u2019Annaba\u00a0: Six\u00a0p\u00eacheurs sauv\u00e9s in-extremis"},"content":{"rendered":"\n<p>Le bateau de p\u00eache a coul\u00e9 dans les eaux apr\u00e8s avoir \u00e9t\u00e9 ravag\u00e9 par un incendie.<\/p>\n\n\n\n<p>Six marins-p\u00eacheurs, dont le commandant, ont \u00e9t\u00e9 sauv\u00e9s d\u2019une mort certaine, apr\u00e8s que leur bateau ait&nbsp;&nbsp;pris feu, au large des c\u00f4tes d\u2019Annaba, avons-nous&nbsp;appris hier. Ce dramatique accident est survenu le jeudi \u00e0 6h 43mn du matin&nbsp;&nbsp;au nord-est des eaux territoriales \u00e0 Annaba, a ajout\u00e9 la m\u00eame source. Celle-ci a fait savoir que les&nbsp;&nbsp;\u00e9l\u00e9ments du groupement r\u00e9gional des garde-c\u00f4tes&nbsp;&nbsp;d\u2019Annaba ont re\u00e7u un appel de d\u00e9tresse sur le naufrage. D\u00e9p\u00each\u00e9s les \u00e9l\u00e9ments de l\u2019unit\u00e9 principale de la&nbsp;Marine nationale, accompagn\u00e9s&nbsp;&nbsp;de la&nbsp;Protection civile d\u2019Annaba, ont rep\u00each\u00e9 les victimes&nbsp;qui souffraient&nbsp;hypothermie et en \u00e9tat de choc, nous dit-on. Sauv\u00e9s d\u2019une mort certaine, les six marins-p\u00eacheurs ont \u00e9t\u00e9 secourus sur place, avant d\u2019\u00eatre transf\u00e9r\u00e9s \u00e0 l\u2019unit\u00e9 de sant\u00e9 du centre -ville d\u2019Annaba. Leur \u00e9tat de sant\u00e9 n\u2019\u00e9tant pas pr\u00e9occupant, les six rescap\u00e9s, \u00e2g\u00e9s entre 24 et 49 ans&nbsp;ont pu rejoindre hier, leurs domiciles,&nbsp;&nbsp;apr\u00e8s avoir fait l\u2019objet d\u2019une observation m\u00e9dicale de 24 heures. Aussit\u00f4t inform\u00e9, le&nbsp;Directeur de la p\u00eache et de l&rsquo;aquaculture&nbsp;de la wilaya d\u2019Annaba, s\u2019est d\u00e9plac\u00e9 pour s\u2019enqu\u00e9rir de l\u2019\u00e9tat de sant\u00e9 des victimes. Dans le&nbsp;m\u00eame&nbsp;sillage, il a confirm\u00e9 que le bateau de p\u00eache portant&nbsp;&nbsp;le nom de \u00ab\u00a0Mohamed Zakaria A.N 1060\u00a0\u00bb, d&rsquo;une longueur de 21 m\u00e8tres,&nbsp;&nbsp;a totalement coul\u00e9, apr\u00e8s avoir pris feu, en soulignant que le naufrage n\u2019a occasionn\u00e9 aucune perte humaine. S\u2019exprimant sur les raisons de l\u2019incendie, le responsable du secteur de la p\u00eache \u00e0 Annaba a avanc\u00e9 la probabilit\u00e9 d\u2019une \u00e9tincelle \u00e9lectrique dans le moteur de l\u2019embarcation. C\u2019est ce que devra,&nbsp;d\u2019ailleurs, d\u00e9terminder&nbsp;l\u2019enqu\u00eate ouverte par le minist\u00e8re de la P\u00eache et des&nbsp;Ressources&nbsp;halieutiques. Puisque Hichem Sofiane Salaouatchi, ministre de la P\u00eache et des Productions halieutiques, a, dans un communiqu\u00e9 publi\u00e9 sur la page Facebook du m\u00eame d\u00e9partement, a annonc\u00e9 l\u2019ouverture d\u2019une enqu\u00eate sur les circonstances du drame. Selon la m\u00eame source des cadres de l&rsquo;administration centrale du minist\u00e8re de tutelle&nbsp;ont&nbsp;\u00e9t\u00e9 charg\u00e9s&nbsp;d\u2019enqu\u00eater sur les vrais raisons de l\u2019incendie et&nbsp;&nbsp;de veiller \u00e0 l\u2019accompagner des victimes. Il est \u00e0 souligner que&nbsp;&nbsp;l\u2019enqu\u00eate ouverte par les services comp\u00e9tents&nbsp;devra mettre toute la lumi\u00e8re sur ce drame qui a provoqu\u00e9 plus de peur que de mal. Pour rappel, il s\u2019agit du deuxi\u00e8me incident survenu dans la wilaya d\u2019Annaba en moins d\u2019un an. Un naufrage similaire avait \u00e9t\u00e9 enregistr\u00e9 au large d\u2019Annaba. Il s\u2019agit du chalutier&nbsp;\u00ab&nbsp;Giap Abou Marouane n\u00b0 A.N 990&nbsp;\u00bb, qui avait quitt\u00e9 le port de p\u00eache d\u2019Annaba avant d\u2019\u00eatre ravag\u00e9 par les flammes et faire naufrage au large de Ras El Hamra. Au bilan du sinistre, aucune victime n\u2019avait \u00e9t\u00e9 d\u00e9plor\u00e9e,&nbsp;&nbsp;hormis de l\u00e9g\u00e8res br\u00fblures, sans trop de danger, occasionn\u00e9es \u00e0 l\u2019un des p\u00eacheurs, qui avait tent\u00e9 d\u2019\u00e9teindre le feu, rappelle \u2013t-on. Les cinq rescap\u00e9s ont \u00e9t\u00e9 \u00e9vacu\u00e9s aux urgences de l\u2019h\u00f4pital Ibn Sina d\u2019Annaba.&nbsp;<\/p>\n\n\n\n<p><strong>Sofia Chahine<\/strong><\/p>\n","protected":false},"excerpt":{"rendered":"<p>Le bateau de p\u00eache a coul\u00e9 dans les eaux apr\u00e8s avoir \u00e9t\u00e9 ravag\u00e9 par un incendie. Six marins-p\u00eacheurs, dont le<\/p>\n","protected":false},"author":3,"featured_media":16222,"comment_status":"open","ping_status":"closed","sticky":false,"template":"","format":"standard","meta":{"colormag_page_container_layout":"default_layout","colormag_page_sidebar_layout":"default_layout","om_disable_all_campaigns":false,"_monsterinsights_skip_tracking":false,"_monsterinsights_sitenote_active":false,"_monsterinsights_sitenote_note":"","_monsterinsights_sitenote_category":0,"footnotes":"","_wpscppro_dont_share_socialmedia":false,"_wpscppro_custom_social_share_image":0,"_facebook_share_type":"","_twitter_share_type":"","_linkedin_share_type":"","_pinterest_share_type":"","_linkedin_share_type_page":"","_instagram_share_type":"","_medium_share_type":"","_threads_share_type":"","_google_business_share_type":"","_selected_social_profile":[],"_wpsp_enable_custom_social_template":false,"_wpsp_social_scheduling":{"enabled":false,"datetime":null,"platforms":[],"status":"template_only","dateOption":"today","timeOption":"now","customDays":"","customHours":"","customDate":"","customTime":"","schedulingType":"absolute"},"_wpsp_active_default_template":true},"categories":[31],"tags":[],"class_list":["post-16221","post","type-post","status-publish","format-standard","has-post-thumbnail","hentry","category-regions"],"aioseo_notices":[],"yoast_head":"<!-- This site is optimized with the Yoast SEO plugin v27.5 - https:\/\/yoast.com\/product\/yoast-seo-wordpress\/ -->\n<title>Naufrage au large des c\u00f4tes d\u2019Annaba\u00a0: Six\u00a0p\u00eacheurs sauv\u00e9s in-extremis - La Sentinelle<\/title>\n<meta name=\"robots\" content=\"index, follow, max-snippet:-1, max-image-preview:large, max-video-preview:-1\" \/>\n<link rel=\"canonical\" href=\"https:\/\/lasentinelle.dz\/index.php\/2022\/01\/30\/naufrage-au-large-des-cotes-dannaba-six-pecheurs-sauves-in-extremis\/\" \/>\n<meta property=\"og:locale\" content=\"fr_FR\" \/>\n<meta property=\"og:type\" content=\"article\" \/>\n<meta property=\"og:title\" content=\"Naufrage au large des c\u00f4tes d\u2019Annaba\u00a0: Six\u00a0p\u00eacheurs sauv\u00e9s in-extremis - La Sentinelle\" \/>\n<meta property=\"og:description\" content=\"Le bateau de p\u00eache a coul\u00e9 dans les eaux apr\u00e8s avoir \u00e9t\u00e9 ravag\u00e9 par un incendie. Six marins-p\u00eacheurs, dont le\" \/>\n<meta property=\"og:url\" content=\"https:\/\/lasentinelle.dz\/index.php\/2022\/01\/30\/naufrage-au-large-des-cotes-dannaba-six-pecheurs-sauves-in-extremis\/\" \/>\n<meta property=\"og:site_name\" content=\"La Sentinelle\" \/>\n<meta property=\"article:publisher\" content=\"https:\/\/www.facebook.com\/La-Sentinelle-104059864394773\" \/>\n<meta property=\"article:published_time\" content=\"2022-01-30T15:54:22+00:00\" \/>\n<meta property=\"article:modified_time\" content=\"2022-01-30T15:54:33+00:00\" \/>\n<meta property=\"og:image\" content=\"https:\/\/lasentinelle.dz\/wp-content\/uploads\/2022\/01\/d-aucun-signe-de-vie-des-six-marins-pecheurs-disparus-en-mer-7e250.png\" \/>\n\t<meta property=\"og:image:width\" content=\"620\" \/>\n\t<meta property=\"og:image:height\" content=\"400\" \/>\n\t<meta property=\"og:image:type\" content=\"image\/png\" \/>\n<meta name=\"author\" content=\"La Sentinelle\" \/>\n<meta name=\"twitter:card\" content=\"summary_large_image\" \/>\n<meta name=\"twitter:label1\" content=\"\u00c9crit par\" \/>\n\t<meta name=\"twitter:data1\" content=\"La Sentinelle\" \/>\n\t<meta name=\"twitter:label2\" content=\"Dur\u00e9e de lecture estim\u00e9e\" \/>\n\t<meta name=\"twitter:data2\" content=\"3 minutes\" \/>\n<script type=\"application\/ld+json\" class=\"yoast-schema-graph\">{\"@context\":\"https:\\\/\\\/schema.org\",\"@graph\":[{\"@type\":\"Article\",\"@id\":\"https:\\\/\\\/lasentinelle.dz\\\/index.php\\\/2022\\\/01\\\/30\\\/naufrage-au-large-des-cotes-dannaba-six-pecheurs-sauves-in-extremis\\\/#article\",\"isPartOf\":{\"@id\":\"https:\\\/\\\/lasentinelle.dz\\\/index.php\\\/2022\\\/01\\\/30\\\/naufrage-au-large-des-cotes-dannaba-six-pecheurs-sauves-in-extremis\\\/\"},\"author\":{\"name\":\"La Sentinelle\",\"@id\":\"https:\\\/\\\/lasentinelle.dz\\\/#\\\/schema\\\/person\\\/d865044e22e70a75174ce8bcad3acfb3\"},\"headline\":\"Naufrage au large des c\u00f4tes d\u2019Annaba\u00a0: Six\u00a0p\u00eacheurs sauv\u00e9s in-extremis\",\"datePublished\":\"2022-01-30T15:54:22+00:00\",\"dateModified\":\"2022-01-30T15:54:33+00:00\",\"mainEntityOfPage\":{\"@id\":\"https:\\\/\\\/lasentinelle.dz\\\/index.php\\\/2022\\\/01\\\/30\\\/naufrage-au-large-des-cotes-dannaba-six-pecheurs-sauves-in-extremis\\\/\"},\"wordCount\":634,\"commentCount\":0,\"publisher\":{\"@id\":\"https:\\\/\\\/lasentinelle.dz\\\/#organization\"},\"image\":{\"@id\":\"https:\\\/\\\/lasentinelle.dz\\\/index.php\\\/2022\\\/01\\\/30\\\/naufrage-au-large-des-cotes-dannaba-six-pecheurs-sauves-in-extremis\\\/#primaryimage\"},\"thumbnailUrl\":\"https:\\\/\\\/lasentinelle.dz\\\/wp-content\\\/uploads\\\/2022\\\/01\\\/d-aucun-signe-de-vie-des-six-marins-pecheurs-disparus-en-mer-7e250.png\",\"articleSection\":[\"R\u00e9gions\"],\"inLanguage\":\"fr-FR\",\"potentialAction\":[{\"@type\":\"CommentAction\",\"name\":\"Comment\",\"target\":[\"https:\\\/\\\/lasentinelle.dz\\\/index.php\\\/2022\\\/01\\\/30\\\/naufrage-au-large-des-cotes-dannaba-six-pecheurs-sauves-in-extremis\\\/#respond\"]}]},{\"@type\":\"WebPage\",\"@id\":\"https:\\\/\\\/lasentinelle.dz\\\/index.php\\\/2022\\\/01\\\/30\\\/naufrage-au-large-des-cotes-dannaba-six-pecheurs-sauves-in-extremis\\\/\",\"url\":\"https:\\\/\\\/lasentinelle.dz\\\/index.php\\\/2022\\\/01\\\/30\\\/naufrage-au-large-des-cotes-dannaba-six-pecheurs-sauves-in-extremis\\\/\",\"name\":\"Naufrage au large des c\u00f4tes d\u2019Annaba\u00a0: Six\u00a0p\u00eacheurs sauv\u00e9s in-extremis - La Sentinelle\",\"isPartOf\":{\"@id\":\"https:\\\/\\\/lasentinelle.dz\\\/#website\"},\"primaryImageOfPage\":{\"@id\":\"https:\\\/\\\/lasentinelle.dz\\\/index.php\\\/2022\\\/01\\\/30\\\/naufrage-au-large-des-cotes-dannaba-six-pecheurs-sauves-in-extremis\\\/#primaryimage\"},\"image\":{\"@id\":\"https:\\\/\\\/lasentinelle.dz\\\/index.php\\\/2022\\\/01\\\/30\\\/naufrage-au-large-des-cotes-dannaba-six-pecheurs-sauves-in-extremis\\\/#primaryimage\"},\"thumbnailUrl\":\"https:\\\/\\\/lasentinelle.dz\\\/wp-content\\\/uploads\\\/2022\\\/01\\\/d-aucun-signe-de-vie-des-six-marins-pecheurs-disparus-en-mer-7e250.png\",\"datePublished\":\"2022-01-30T15:54:22+00:00\",\"dateModified\":\"2022-01-30T15:54:33+00:00\",\"breadcrumb\":{\"@id\":\"https:\\\/\\\/lasentinelle.dz\\\/index.php\\\/2022\\\/01\\\/30\\\/naufrage-au-large-des-cotes-dannaba-six-pecheurs-sauves-in-extremis\\\/#breadcrumb\"},\"inLanguage\":\"fr-FR\",\"potentialAction\":[{\"@type\":\"ReadAction\",\"target\":[\"https:\\\/\\\/lasentinelle.dz\\\/index.php\\\/2022\\\/01\\\/30\\\/naufrage-au-large-des-cotes-dannaba-six-pecheurs-sauves-in-extremis\\\/\"]}]},{\"@type\":\"ImageObject\",\"inLanguage\":\"fr-FR\",\"@id\":\"https:\\\/\\\/lasentinelle.dz\\\/index.php\\\/2022\\\/01\\\/30\\\/naufrage-au-large-des-cotes-dannaba-six-pecheurs-sauves-in-extremis\\\/#primaryimage\",\"url\":\"https:\\\/\\\/lasentinelle.dz\\\/wp-content\\\/uploads\\\/2022\\\/01\\\/d-aucun-signe-de-vie-des-six-marins-pecheurs-disparus-en-mer-7e250.png\",\"contentUrl\":\"https:\\\/\\\/lasentinelle.dz\\\/wp-content\\\/uploads\\\/2022\\\/01\\\/d-aucun-signe-de-vie-des-six-marins-pecheurs-disparus-en-mer-7e250.png\",\"width\":620,\"height\":400},{\"@type\":\"BreadcrumbList\",\"@id\":\"https:\\\/\\\/lasentinelle.dz\\\/index.php\\\/2022\\\/01\\\/30\\\/naufrage-au-large-des-cotes-dannaba-six-pecheurs-sauves-in-extremis\\\/#breadcrumb\",\"itemListElement\":[{\"@type\":\"ListItem\",\"position\":1,\"name\":\"Accueil\",\"item\":\"https:\\\/\\\/lasentinelle.dz\\\/\"},{\"@type\":\"ListItem\",\"position\":2,\"name\":\"Naufrage au large des c\u00f4tes d\u2019Annaba\u00a0: Six\u00a0p\u00eacheurs sauv\u00e9s in-extremis\"}]},{\"@type\":\"WebSite\",\"@id\":\"https:\\\/\\\/lasentinelle.dz\\\/#website\",\"url\":\"https:\\\/\\\/lasentinelle.dz\\\/\",\"name\":\"La Sentinelle\",\"description\":\"Quotidien national d&#039;information\",\"publisher\":{\"@id\":\"https:\\\/\\\/lasentinelle.dz\\\/#organization\"},\"potentialAction\":[{\"@type\":\"SearchAction\",\"target\":{\"@type\":\"EntryPoint\",\"urlTemplate\":\"https:\\\/\\\/lasentinelle.dz\\\/?s={search_term_string}\"},\"query-input\":{\"@type\":\"PropertyValueSpecification\",\"valueRequired\":true,\"valueName\":\"search_term_string\"}}],\"inLanguage\":\"fr-FR\"},{\"@type\":\"Organization\",\"@id\":\"https:\\\/\\\/lasentinelle.dz\\\/#organization\",\"name\":\"Quotidien La Sentinelle\",\"url\":\"https:\\\/\\\/lasentinelle.dz\\\/\",\"logo\":{\"@type\":\"ImageObject\",\"inLanguage\":\"fr-FR\",\"@id\":\"https:\\\/\\\/lasentinelle.dz\\\/#\\\/schema\\\/logo\\\/image\\\/\",\"url\":\"https:\\\/\\\/lasentinelle.dz\\\/wp-content\\\/uploads\\\/2021\\\/09\\\/logo-sentinelleSLOGAN-1.png\",\"contentUrl\":\"https:\\\/\\\/lasentinelle.dz\\\/wp-content\\\/uploads\\\/2021\\\/09\\\/logo-sentinelleSLOGAN-1.png\",\"width\":615,\"height\":142,\"caption\":\"Quotidien La Sentinelle\"},\"image\":{\"@id\":\"https:\\\/\\\/lasentinelle.dz\\\/#\\\/schema\\\/logo\\\/image\\\/\"},\"sameAs\":[\"https:\\\/\\\/www.facebook.com\\\/La-Sentinelle-104059864394773\"]},{\"@type\":\"Person\",\"@id\":\"https:\\\/\\\/lasentinelle.dz\\\/#\\\/schema\\\/person\\\/d865044e22e70a75174ce8bcad3acfb3\",\"name\":\"La Sentinelle\",\"image\":{\"@type\":\"ImageObject\",\"inLanguage\":\"fr-FR\",\"@id\":\"https:\\\/\\\/secure.gravatar.com\\\/avatar\\\/57de8e5d4b15d43fb361a71fbb36338450fe67865b528a43dd10ef7c51a20392?s=96&d=mm&r=g\",\"url\":\"https:\\\/\\\/secure.gravatar.com\\\/avatar\\\/57de8e5d4b15d43fb361a71fbb36338450fe67865b528a43dd10ef7c51a20392?s=96&d=mm&r=g\",\"contentUrl\":\"https:\\\/\\\/secure.gravatar.com\\\/avatar\\\/57de8e5d4b15d43fb361a71fbb36338450fe67865b528a43dd10ef7c51a20392?s=96&d=mm&r=g\",\"caption\":\"La Sentinelle\"},\"sameAs\":[\"http:\\\/\\\/www.lasentinelle.dz\"],\"url\":\"https:\\\/\\\/lasentinelle.dz\\\/author\\\/redaction\\\/\"}]}<\/script>\n<!-- \/ Yoast SEO plugin. -->","yoast_head_json":{"title":"Naufrage au large des c\u00f4tes d\u2019Annaba\u00a0: Six\u00a0p\u00eacheurs sauv\u00e9s in-extremis - La Sentinelle","robots":{"index":"index","follow":"follow","max-snippet":"max-snippet:-1","max-image-preview":"max-image-preview:large","max-video-preview":"max-video-preview:-1"},"canonical":"https:\/\/lasentinelle.dz\/index.php\/2022\/01\/30\/naufrage-au-large-des-cotes-dannaba-six-pecheurs-sauves-in-extremis\/","og_locale":"fr_FR","og_type":"article","og_title":"Naufrage au large des c\u00f4tes d\u2019Annaba\u00a0: Six\u00a0p\u00eacheurs sauv\u00e9s in-extremis - La Sentinelle","og_description":"Le bateau de p\u00eache a coul\u00e9 dans les eaux apr\u00e8s avoir \u00e9t\u00e9 ravag\u00e9 par un incendie. Six marins-p\u00eacheurs, dont le","og_url":"https:\/\/lasentinelle.dz\/index.php\/2022\/01\/30\/naufrage-au-large-des-cotes-dannaba-six-pecheurs-sauves-in-extremis\/","og_site_name":"La Sentinelle","article_publisher":"https:\/\/www.facebook.com\/La-Sentinelle-104059864394773","article_published_time":"2022-01-30T15:54:22+00:00","article_modified_time":"2022-01-30T15:54:33+00:00","og_image":[{"width":620,"height":400,"url":"https:\/\/lasentinelle.dz\/wp-content\/uploads\/2022\/01\/d-aucun-signe-de-vie-des-six-marins-pecheurs-disparus-en-mer-7e250.png","type":"image\/png"}],"author":"La Sentinelle","twitter_card":"summary_large_image","twitter_misc":{"\u00c9crit par":"La Sentinelle","Dur\u00e9e de lecture estim\u00e9e":"3 minutes"},"schema":{"@context":"https:\/\/schema.org","@graph":[{"@type":"Article","@id":"https:\/\/lasentinelle.dz\/index.php\/2022\/01\/30\/naufrage-au-large-des-cotes-dannaba-six-pecheurs-sauves-in-extremis\/#article","isPartOf":{"@id":"https:\/\/lasentinelle.dz\/index.php\/2022\/01\/30\/naufrage-au-large-des-cotes-dannaba-six-pecheurs-sauves-in-extremis\/"},"author":{"name":"La Sentinelle","@id":"https:\/\/lasentinelle.dz\/#\/schema\/person\/d865044e22e70a75174ce8bcad3acfb3"},"headline":"Naufrage au large des c\u00f4tes d\u2019Annaba\u00a0: Six\u00a0p\u00eacheurs sauv\u00e9s in-extremis","datePublished":"2022-01-30T15:54:22+00:00","dateModified":"2022-01-30T15:54:33+00:00","mainEntityOfPage":{"@id":"https:\/\/lasentinelle.dz\/index.php\/2022\/01\/30\/naufrage-au-large-des-cotes-dannaba-six-pecheurs-sauves-in-extremis\/"},"wordCount":634,"commentCount":0,"publisher":{"@id":"https:\/\/lasentinelle.dz\/#organization"},"image":{"@id":"https:\/\/lasentinelle.dz\/index.php\/2022\/01\/30\/naufrage-au-large-des-cotes-dannaba-six-pecheurs-sauves-in-extremis\/#primaryimage"},"thumbnailUrl":"https:\/\/lasentinelle.dz\/wp-content\/uploads\/2022\/01\/d-aucun-signe-de-vie-des-six-marins-pecheurs-disparus-en-mer-7e250.png","articleSection":["R\u00e9gions"],"inLanguage":"fr-FR","potentialAction":[{"@type":"CommentAction","name":"Comment","target":["https:\/\/lasentinelle.dz\/index.php\/2022\/01\/30\/naufrage-au-large-des-cotes-dannaba-six-pecheurs-sauves-in-extremis\/#respond"]}]},{"@type":"WebPage","@id":"https:\/\/lasentinelle.dz\/index.php\/2022\/01\/30\/naufrage-au-large-des-cotes-dannaba-six-pecheurs-sauves-in-extremis\/","url":"https:\/\/lasentinelle.dz\/index.php\/2022\/01\/30\/naufrage-au-large-des-cotes-dannaba-six-pecheurs-sauves-in-extremis\/","name":"Naufrage au large des c\u00f4tes d\u2019Annaba\u00a0: Six\u00a0p\u00eacheurs sauv\u00e9s in-extremis - La Sentinelle","isPartOf":{"@id":"https:\/\/lasentinelle.dz\/#website"},"primaryImageOfPage":{"@id":"https:\/\/lasentinelle.dz\/index.php\/2022\/01\/30\/naufrage-au-large-des-cotes-dannaba-six-pecheurs-sauves-in-extremis\/#primaryimage"},"image":{"@id":"https:\/\/lasentinelle.dz\/index.php\/2022\/01\/30\/naufrage-au-large-des-cotes-dannaba-six-pecheurs-sauves-in-extremis\/#primaryimage"},"thumbnailUrl":"https:\/\/lasentinelle.dz\/wp-content\/uploads\/2022\/01\/d-aucun-signe-de-vie-des-six-marins-pecheurs-disparus-en-mer-7e250.png","datePublished":"2022-01-30T15:54:22+00:00","dateModified":"2022-01-30T15:54:33+00:00","breadcrumb":{"@id":"https:\/\/lasentinelle.dz\/index.php\/2022\/01\/30\/naufrage-au-large-des-cotes-dannaba-six-pecheurs-sauves-in-extremis\/#breadcrumb"},"inLanguage":"fr-FR","potentialAction":[{"@type":"ReadAction","target":["https:\/\/lasentinelle.dz\/index.php\/2022\/01\/30\/naufrage-au-large-des-cotes-dannaba-six-pecheurs-sauves-in-extremis\/"]}]},{"@type":"ImageObject","inLanguage":"fr-FR","@id":"https:\/\/lasentinelle.dz\/index.php\/2022\/01\/30\/naufrage-au-large-des-cotes-dannaba-six-pecheurs-sauves-in-extremis\/#primaryimage","url":"https:\/\/lasentinelle.dz\/wp-content\/uploads\/2022\/01\/d-aucun-signe-de-vie-des-six-marins-pecheurs-disparus-en-mer-7e250.png","contentUrl":"https:\/\/lasentinelle.dz\/wp-content\/uploads\/2022\/01\/d-aucun-signe-de-vie-des-six-marins-pecheurs-disparus-en-mer-7e250.png","width":620,"height":400},{"@type":"BreadcrumbList","@id":"https:\/\/lasentinelle.dz\/index.php\/2022\/01\/30\/naufrage-au-large-des-cotes-dannaba-six-pecheurs-sauves-in-extremis\/#breadcrumb","itemListElement":[{"@type":"ListItem","position":1,"name":"Accueil","item":"https:\/\/lasentinelle.dz\/"},{"@type":"ListItem","position":2,"name":"Naufrage au large des c\u00f4tes d\u2019Annaba\u00a0: Six\u00a0p\u00eacheurs sauv\u00e9s in-extremis"}]},{"@type":"WebSite","@id":"https:\/\/lasentinelle.dz\/#website","url":"https:\/\/lasentinelle.dz\/","name":"La Sentinelle","description":"Quotidien national d&#039;information","publisher":{"@id":"https:\/\/lasentinelle.dz\/#organization"},"potentialAction":[{"@type":"SearchAction","target":{"@type":"EntryPoint","urlTemplate":"https:\/\/lasentinelle.dz\/?s={search_term_string}"},"query-input":{"@type":"PropertyValueSpecification","valueRequired":true,"valueName":"search_term_string"}}],"inLanguage":"fr-FR"},{"@type":"Organization","@id":"https:\/\/lasentinelle.dz\/#organization","name":"Quotidien La Sentinelle","url":"https:\/\/lasentinelle.dz\/","logo":{"@type":"ImageObject","inLanguage":"fr-FR","@id":"https:\/\/lasentinelle.dz\/#\/schema\/logo\/image\/","url":"https:\/\/lasentinelle.dz\/wp-content\/uploads\/2021\/09\/logo-sentinelleSLOGAN-1.png","contentUrl":"https:\/\/lasentinelle.dz\/wp-content\/uploads\/2021\/09\/logo-sentinelleSLOGAN-1.png","width":615,"height":142,"caption":"Quotidien La Sentinelle"},"image":{"@id":"https:\/\/lasentinelle.dz\/#\/schema\/logo\/image\/"},"sameAs":["https:\/\/www.facebook.com\/La-Sentinelle-104059864394773"]},{"@type":"Person","@id":"https:\/\/lasentinelle.dz\/#\/schema\/person\/d865044e22e70a75174ce8bcad3acfb3","name":"La Sentinelle","image":{"@type":"ImageObject","inLanguage":"fr-FR","@id":"https:\/\/secure.gravatar.com\/avatar\/57de8e5d4b15d43fb361a71fbb36338450fe67865b528a43dd10ef7c51a20392?s=96&d=mm&r=g","url":"https:\/\/secure.gravatar.com\/avatar\/57de8e5d4b15d43fb361a71fbb36338450fe67865b528a43dd10ef7c51a20392?s=96&d=mm&r=g","contentUrl":"https:\/\/secure.gravatar.com\/avatar\/57de8e5d4b15d43fb361a71fbb36338450fe67865b528a43dd10ef7c51a20392?s=96&d=mm&r=g","caption":"La Sentinelle"},"sameAs":["http:\/\/www.lasentinelle.dz"],"url":"https:\/\/lasentinelle.dz\/author\/redaction\/"}]}},"_links":{"self":[{"href":"https:\/\/lasentinelle.dz\/index.php\/wp-json\/wp\/v2\/posts\/16221","targetHints":{"allow":["GET"]}}],"collection":[{"href":"https:\/\/lasentinelle.dz\/index.php\/wp-json\/wp\/v2\/posts"}],"about":[{"href":"https:\/\/lasentinelle.dz\/index.php\/wp-json\/wp\/v2\/types\/post"}],"author":[{"embeddable":true,"href":"https:\/\/lasentinelle.dz\/index.php\/wp-json\/wp\/v2\/users\/3"}],"replies":[{"embeddable":true,"href":"https:\/\/lasentinelle.dz\/index.php\/wp-json\/wp\/v2\/comments?post=16221"}],"version-history":[{"count":2,"href":"https:\/\/lasentinelle.dz\/index.php\/wp-json\/wp\/v2\/posts\/16221\/revisions"}],"predecessor-version":[{"id":16224,"href":"https:\/\/lasentinelle.dz\/index.php\/wp-json\/wp\/v2\/posts\/16221\/revisions\/16224"}],"wp:featuredmedia":[{"embeddable":true,"href":"https:\/\/lasentinelle.dz\/index.php\/wp-json\/wp\/v2\/media\/16222"}],"wp:attachment":[{"href":"https:\/\/lasentinelle.dz\/index.php\/wp-json\/wp\/v2\/media?parent=16221"}],"wp:term":[{"taxonomy":"category","embeddable":true,"href":"https:\/\/lasentinelle.dz\/index.php\/wp-json\/wp\/v2\/categories?post=16221"},{"taxonomy":"post_tag","embeddable":true,"href":"https:\/\/lasentinelle.dz\/index.php\/wp-json\/wp\/v2\/tags?post=16221"}],"curies":[{"name":"wp","href":"https:\/\/api.w.org\/{rel}","templated":true}]}}