{"id":16245,"date":"2022-01-31T00:01:00","date_gmt":"2022-01-30T23:01:00","guid":{"rendered":"https:\/\/lasentinelle.dz\/?p=16245"},"modified":"2022-01-30T17:39:37","modified_gmt":"2022-01-30T16:39:37","slug":"annaba-12-kg-de-kif-saisis-et-2-dealers-arretes","status":"publish","type":"post","link":"https:\/\/lasentinelle.dz\/index.php\/2022\/01\/31\/annaba-12-kg-de-kif-saisis-et-2-dealers-arretes\/","title":{"rendered":"Annaba\u00a0:\u00a012 kg de kif saisis et 2 dealers arr\u00eat\u00e9s"},"content":{"rendered":"\n<p class=\"wp-block-paragraph\">Dans le cadre de la lutte contre le&nbsp;&nbsp;trafic&nbsp;de&nbsp;narcotiques, les \u00e9l\u00e9ments du&nbsp;Centre r\u00e9gional de lutte contre le trafic de drogue d&rsquo;El Hadjar&nbsp;ont r\u00e9ussi,&nbsp;&nbsp;hier,&nbsp;\u00e0 mettre fin&nbsp;&nbsp;\u00e0 l\u2019activit\u00e9 de deux dealers et saisir 12 kg de r\u00e9sine de cannabis, deux t\u00e9l\u00e9phones portables et une voiture utilitaire utilis\u00e9e dans le transport de la substance narcotique, a rapport\u00e9 une source interne.&nbsp;&nbsp;L\u2019aboutissement de cette affaire est le r\u00e9sultat d\u2019investigations&nbsp;men\u00e9es apr\u00e8s l\u2019exploitation d\u2019informations faisant \u00e9tat du&nbsp;transport&nbsp;par&nbsp;des deux trafiquants de la quantit\u00e9 de kif saisie, nous dit-on. Aussit\u00f4t un plan&nbsp;&nbsp;d\u2019action a \u00e9t\u00e9 mis en place aboutissant \u00e0 l\u2019arrestation des deux individus \u00e0 bord du v\u00e9hicule en possession de la quantit\u00e9 saisie.&nbsp;&nbsp;Selon les pr\u00e9cisions fournies par la m\u00eame source,&nbsp;&nbsp;les deux trafiquants activent au sein d\u2019un r\u00e9seau r\u00e9gional, dont les ramifications s\u2019\u00e9tendent dans plusieurs wilayas de la r\u00e9gion est du pays. Apr\u00e8s le parach\u00e8vement des proc\u00e9dures judiciaires&nbsp;en vigueur, les mis en cause ont \u00e9t\u00e9 pr\u00e9sent\u00e9s \u00e0 la juridiction comp\u00e9tente qui a d\u00e9cid\u00e9 leur placement sous mandat de d\u00e9p\u00f4t, pour association de malfaiteurs, d\u00e9tention, transport et trafic de drogue destin\u00e9e&nbsp;\u00e0 la commercialisation. Rappelons que le&nbsp;Centre r\u00e9gional de lutte contre le trafic illicite de drogue d\u2019El Hadjar&nbsp;couvre 17 wilayas de l\u2019Est du pays.<\/p>\n\n\n\n<p class=\"wp-block-paragraph\"><strong>S<\/strong><strong>.&nbsp;Chahine<\/strong><\/p>\n","protected":false},"excerpt":{"rendered":"<p>Dans le cadre de la lutte contre le&nbsp;&nbsp;trafic&nbsp;de&nbsp;narcotiques, les \u00e9l\u00e9ments du&nbsp;Centre r\u00e9gional de lutte contre le trafic de drogue d&rsquo;El<\/p>\n","protected":false},"author":3,"featured_media":16254,"comment_status":"open","ping_status":"closed","sticky":false,"template":"","format":"standard","meta":{"colormag_page_container_layout":"default_layout","colormag_page_sidebar_layout":"default_layout","om_disable_all_campaigns":false,"_monsterinsights_skip_tracking":false,"footnotes":"","_wpscppro_dont_share_socialmedia":false,"_wpscppro_custom_social_share_image":0,"_facebook_share_type":"","_twitter_share_type":"","_linkedin_share_type":"","_pinterest_share_type":"","_linkedin_share_type_page":"","_instagram_share_type":"","_medium_share_type":"","_threads_share_type":"","_google_business_share_type":"","_bluesky_share_type":"","_mastodon_share_type":"","_selected_social_profile":[],"_wpsp_enable_custom_social_template":false,"_wpsp_social_scheduling":{"enabled":false,"datetime":null,"platforms":[],"status":"template_only","dateOption":"today","timeOption":"now","customDays":"","customHours":"","customDate":"","customTime":"","schedulingType":"absolute"},"_wpsp_active_default_template":true},"categories":[31],"tags":[],"class_list":["post-16245","post","type-post","status-publish","format-standard","has-post-thumbnail","hentry","category-regions"],"aioseo_notices":[],"aioseo_head":"\n\t\t<!-- All in One SEO 5.0.0.1 - aioseo.com -->\n\t<meta name=\"description\" content=\"Dans le cadre de la lutte contre le trafic de narcotiques, les \u00e9l\u00e9ments du Centre r\u00e9gional de lutte contre le trafic de drogue d&#039;El Hadjar ont r\u00e9ussi, hier, \u00e0 mettre fin \u00e0 l\u2019activit\u00e9 de deux dealers et saisir 12 kg de r\u00e9sine de cannabis, deux t\u00e9l\u00e9phones portables et une voiture utilitaire utilis\u00e9e dans le transport de la substance narcotique, a rapport\u00e9 une source\" \/>\n\t<meta name=\"robots\" content=\"max-image-preview:large\" \/>\n\t<meta name=\"author\" content=\"La Sentinelle\"\/>\n\t<link rel=\"canonical\" href=\"https:\/\/lasentinelle.dz\/index.php\/2022\/01\/31\/annaba-12-kg-de-kif-saisis-et-2-dealers-arretes\/\" \/>\n\t<meta name=\"generator\" content=\"All in One SEO (AIOSEO) 5.0.0.1\" \/>\n\t\t<meta property=\"og:locale\" content=\"fr_FR\" \/>\n\t\t<meta property=\"og:site_name\" content=\"La Sentinelle - Quotidien national d&#039;information\" \/>\n\t\t<meta property=\"og:type\" content=\"article\" \/>\n\t\t<meta property=\"og:title\" content=\"Annaba : 12 kg de kif saisis et 2 dealers arr\u00eat\u00e9s - La Sentinelle\" \/>\n\t\t<meta property=\"og:description\" content=\"Dans le cadre de la lutte contre le trafic de narcotiques, les \u00e9l\u00e9ments du Centre r\u00e9gional de lutte contre le trafic de drogue d&#039;El Hadjar ont r\u00e9ussi, hier, \u00e0 mettre fin \u00e0 l\u2019activit\u00e9 de deux dealers et saisir 12 kg de r\u00e9sine de cannabis, deux t\u00e9l\u00e9phones portables et une voiture utilitaire utilis\u00e9e dans le transport de la substance narcotique, a rapport\u00e9 une source\" \/>\n\t\t<meta property=\"og:url\" content=\"https:\/\/lasentinelle.dz\/index.php\/2022\/01\/31\/annaba-12-kg-de-kif-saisis-et-2-dealers-arretes\/\" \/>\n\t\t<meta property=\"og:image\" content=\"https:\/\/lasentinelle.dz\/wp-content\/uploads\/2021\/09\/cropped-la-sentinelle-earth-golden-anima-5.gif\" \/>\n\t\t<meta property=\"og:image:secure_url\" content=\"https:\/\/lasentinelle.dz\/wp-content\/uploads\/2021\/09\/cropped-la-sentinelle-earth-golden-anima-5.gif\" \/>\n\t\t<meta property=\"og:image:width\" content=\"450\" \/>\n\t\t<meta property=\"og:image:height\" content=\"213\" \/>\n\t\t<meta property=\"article:published_time\" content=\"2022-01-30T23:01:00+00:00\" \/>\n\t\t<meta property=\"article:modified_time\" content=\"2022-01-30T16:39:37+00:00\" \/>\n\t\t<meta property=\"article:publisher\" content=\"https:\/\/www.facebook.com\/azzedine.lasentinelle.1\" \/>\n\t\t<meta name=\"twitter:card\" content=\"summary_large_image\" \/>\n\t\t<meta name=\"twitter:title\" content=\"Annaba : 12 kg de kif saisis et 2 dealers arr\u00eat\u00e9s - La Sentinelle\" \/>\n\t\t<meta name=\"twitter:description\" content=\"Dans le cadre de la lutte contre le trafic de narcotiques, les \u00e9l\u00e9ments du Centre r\u00e9gional de lutte contre le trafic de drogue d&#039;El Hadjar ont r\u00e9ussi, hier, \u00e0 mettre fin \u00e0 l\u2019activit\u00e9 de deux dealers et saisir 12 kg de r\u00e9sine de cannabis, deux t\u00e9l\u00e9phones portables et une voiture utilitaire utilis\u00e9e dans le transport de la substance narcotique, a rapport\u00e9 une source\" \/>\n\t\t<meta name=\"twitter:image\" content=\"https:\/\/lasentinelle.dz\/wp-content\/uploads\/2021\/09\/cropped-la-sentinelle-earth-golden-anima-5.gif\" \/>\n\t\t<script type=\"application\/ld+json\" class=\"aioseo-schema\">\n\t\t\t{\"@context\":\"https:\\\/\\\/schema.org\",\"@graph\":[{\"@type\":\"BlogPosting\",\"@id\":\"https:\\\/\\\/lasentinelle.dz\\\/index.php\\\/2022\\\/01\\\/31\\\/annaba-12-kg-de-kif-saisis-et-2-dealers-arretes\\\/#blogposting\",\"name\":\"Annaba : 12 kg de kif saisis et 2 dealers arr\\u00eat\\u00e9s - La Sentinelle\",\"headline\":\"Annaba\\u00a0:\\u00a012 kg de kif saisis et 2 dealers arr\\u00eat\\u00e9s\",\"author\":{\"@id\":\"https:\\\/\\\/lasentinelle.dz\\\/author\\\/redaction\\\/#author\"},\"publisher\":{\"@id\":\"https:\\\/\\\/lasentinelle.dz\\\/#organization\"},\"image\":{\"@type\":\"ImageObject\",\"url\":\"https:\\\/\\\/lasentinelle.dz\\\/wp-content\\\/uploads\\\/2022\\\/01\\\/Unknown-1.jpeg\",\"width\":289,\"height\":174},\"datePublished\":\"2022-01-31T00:01:00+01:00\",\"dateModified\":\"2022-01-30T17:39:37+01:00\",\"inLanguage\":\"fr-FR\",\"mainEntityOfPage\":{\"@id\":\"https:\\\/\\\/lasentinelle.dz\\\/index.php\\\/2022\\\/01\\\/31\\\/annaba-12-kg-de-kif-saisis-et-2-dealers-arretes\\\/#webpage\"},\"isPartOf\":{\"@id\":\"https:\\\/\\\/lasentinelle.dz\\\/index.php\\\/2022\\\/01\\\/31\\\/annaba-12-kg-de-kif-saisis-et-2-dealers-arretes\\\/#webpage\"},\"articleSection\":\"R\\u00e9gions\"},{\"@type\":\"BreadcrumbList\",\"@id\":\"https:\\\/\\\/lasentinelle.dz\\\/index.php\\\/2022\\\/01\\\/31\\\/annaba-12-kg-de-kif-saisis-et-2-dealers-arretes\\\/#breadcrumblist\",\"itemListElement\":[{\"@type\":\"ListItem\",\"@id\":\"https:\\\/\\\/lasentinelle.dz#listItem\",\"position\":1,\"name\":\"Home\",\"item\":\"https:\\\/\\\/lasentinelle.dz\",\"nextItem\":{\"@type\":\"ListItem\",\"@id\":\"https:\\\/\\\/lasentinelle.dz\\\/index.php\\\/category\\\/regions\\\/#listItem\",\"name\":\"R\\u00e9gions\"}},{\"@type\":\"ListItem\",\"@id\":\"https:\\\/\\\/lasentinelle.dz\\\/index.php\\\/category\\\/regions\\\/#listItem\",\"position\":2,\"name\":\"R\\u00e9gions\",\"item\":\"https:\\\/\\\/lasentinelle.dz\\\/index.php\\\/category\\\/regions\\\/\",\"nextItem\":{\"@type\":\"ListItem\",\"@id\":\"https:\\\/\\\/lasentinelle.dz\\\/index.php\\\/2022\\\/01\\\/31\\\/annaba-12-kg-de-kif-saisis-et-2-dealers-arretes\\\/#listItem\",\"name\":\"Annaba\\u00a0:\\u00a012 kg de kif saisis et 2 dealers arr\\u00eat\\u00e9s\"},\"previousItem\":{\"@type\":\"ListItem\",\"@id\":\"https:\\\/\\\/lasentinelle.dz#listItem\",\"name\":\"Home\"}},{\"@type\":\"ListItem\",\"@id\":\"https:\\\/\\\/lasentinelle.dz\\\/index.php\\\/2022\\\/01\\\/31\\\/annaba-12-kg-de-kif-saisis-et-2-dealers-arretes\\\/#listItem\",\"position\":3,\"name\":\"Annaba\\u00a0:\\u00a012 kg de kif saisis et 2 dealers arr\\u00eat\\u00e9s\",\"previousItem\":{\"@type\":\"ListItem\",\"@id\":\"https:\\\/\\\/lasentinelle.dz\\\/index.php\\\/category\\\/regions\\\/#listItem\",\"name\":\"R\\u00e9gions\"}}]},{\"@type\":\"Organization\",\"@id\":\"https:\\\/\\\/lasentinelle.dz\\\/#organization\",\"name\":\"La Sentinelle La Sentinelle\",\"description\":\"Quotidien national d'information\",\"url\":\"https:\\\/\\\/lasentinelle.dz\\\/\",\"logo\":{\"@type\":\"ImageObject\",\"url\":\"https:\\\/\\\/lasentinelle.dz\\\/wp-content\\\/uploads\\\/2021\\\/09\\\/cropped-la-sentinelle-earth-golden-anima-5.gif\",\"@id\":\"https:\\\/\\\/lasentinelle.dz\\\/index.php\\\/2022\\\/01\\\/31\\\/annaba-12-kg-de-kif-saisis-et-2-dealers-arretes\\\/#organizationLogo\",\"width\":450,\"height\":213},\"image\":{\"@id\":\"https:\\\/\\\/lasentinelle.dz\\\/index.php\\\/2022\\\/01\\\/31\\\/annaba-12-kg-de-kif-saisis-et-2-dealers-arretes\\\/#organizationLogo\"},\"sameAs\":[\"https:\\\/\\\/www.facebook.com\\\/azzedine.lasentinelle.1\"]},{\"@type\":\"Person\",\"@id\":\"https:\\\/\\\/lasentinelle.dz\\\/author\\\/redaction\\\/#author\",\"url\":\"https:\\\/\\\/lasentinelle.dz\\\/author\\\/redaction\\\/\",\"name\":\"La Sentinelle\",\"image\":{\"@type\":\"ImageObject\",\"@id\":\"https:\\\/\\\/lasentinelle.dz\\\/index.php\\\/2022\\\/01\\\/31\\\/annaba-12-kg-de-kif-saisis-et-2-dealers-arretes\\\/#authorImage\",\"url\":\"https:\\\/\\\/secure.gravatar.com\\\/avatar\\\/57de8e5d4b15d43fb361a71fbb36338450fe67865b528a43dd10ef7c51a20392?s=96&d=mm&r=g\",\"width\":96,\"height\":96,\"caption\":\"La Sentinelle\"}},{\"@type\":\"WebPage\",\"@id\":\"https:\\\/\\\/lasentinelle.dz\\\/index.php\\\/2022\\\/01\\\/31\\\/annaba-12-kg-de-kif-saisis-et-2-dealers-arretes\\\/#webpage\",\"url\":\"https:\\\/\\\/lasentinelle.dz\\\/index.php\\\/2022\\\/01\\\/31\\\/annaba-12-kg-de-kif-saisis-et-2-dealers-arretes\\\/\",\"name\":\"Annaba : 12 kg de kif saisis et 2 dealers arr\\u00eat\\u00e9s - La Sentinelle\",\"description\":\"Dans le cadre de la lutte contre le trafic de narcotiques, les \\u00e9l\\u00e9ments du Centre r\\u00e9gional de lutte contre le trafic de drogue d'El Hadjar ont r\\u00e9ussi, hier, \\u00e0 mettre fin \\u00e0 l\\u2019activit\\u00e9 de deux dealers et saisir 12 kg de r\\u00e9sine de cannabis, deux t\\u00e9l\\u00e9phones portables et une voiture utilitaire utilis\\u00e9e dans le transport de la substance narcotique, a rapport\\u00e9 une source\",\"inLanguage\":\"fr-FR\",\"isPartOf\":{\"@id\":\"https:\\\/\\\/lasentinelle.dz\\\/#website\"},\"breadcrumb\":{\"@id\":\"https:\\\/\\\/lasentinelle.dz\\\/index.php\\\/2022\\\/01\\\/31\\\/annaba-12-kg-de-kif-saisis-et-2-dealers-arretes\\\/#breadcrumblist\"},\"author\":{\"@id\":\"https:\\\/\\\/lasentinelle.dz\\\/author\\\/redaction\\\/#author\"},\"creator\":{\"@id\":\"https:\\\/\\\/lasentinelle.dz\\\/author\\\/redaction\\\/#author\"},\"image\":{\"@type\":\"ImageObject\",\"url\":\"https:\\\/\\\/lasentinelle.dz\\\/wp-content\\\/uploads\\\/2022\\\/01\\\/Unknown-1.jpeg\",\"@id\":\"https:\\\/\\\/lasentinelle.dz\\\/index.php\\\/2022\\\/01\\\/31\\\/annaba-12-kg-de-kif-saisis-et-2-dealers-arretes\\\/#mainImage\",\"width\":289,\"height\":174},\"primaryImageOfPage\":{\"@id\":\"https:\\\/\\\/lasentinelle.dz\\\/index.php\\\/2022\\\/01\\\/31\\\/annaba-12-kg-de-kif-saisis-et-2-dealers-arretes\\\/#mainImage\"},\"datePublished\":\"2022-01-31T00:01:00+01:00\",\"dateModified\":\"2022-01-30T17:39:37+01:00\"},{\"@type\":\"WebSite\",\"@id\":\"https:\\\/\\\/lasentinelle.dz\\\/#website\",\"url\":\"https:\\\/\\\/lasentinelle.dz\\\/\",\"name\":\"La Sentinelle\",\"description\":\"Quotidien national d'information\",\"inLanguage\":\"fr-FR\",\"publisher\":{\"@id\":\"https:\\\/\\\/lasentinelle.dz\\\/#organization\"}}]}\n\t\t<\/script>\n\t\t<!-- All in One SEO -->\n\n","aioseo_head_json":{"title":"Annaba : 12 kg de kif saisis et 2 dealers arr\u00eat\u00e9s - La Sentinelle","description":"Dans le cadre de la lutte contre le trafic de narcotiques, les \u00e9l\u00e9ments du Centre r\u00e9gional de lutte contre le trafic de drogue d'El Hadjar ont r\u00e9ussi, hier, \u00e0 mettre fin \u00e0 l\u2019activit\u00e9 de deux dealers et saisir 12 kg de r\u00e9sine de cannabis, deux t\u00e9l\u00e9phones portables et une voiture utilitaire utilis\u00e9e dans le transport de la substance narcotique, a rapport\u00e9 une source","canonical_url":"https:\/\/lasentinelle.dz\/index.php\/2022\/01\/31\/annaba-12-kg-de-kif-saisis-et-2-dealers-arretes\/","robots":"max-image-preview:large","keywords":"","webmasterTools":{"miscellaneous":""},"schema":{"@context":"https:\/\/schema.org","@graph":[{"@type":"BlogPosting","@id":"https:\/\/lasentinelle.dz\/index.php\/2022\/01\/31\/annaba-12-kg-de-kif-saisis-et-2-dealers-arretes\/#blogposting","name":"Annaba : 12 kg de kif saisis et 2 dealers arr\u00eat\u00e9s - La Sentinelle","headline":"Annaba\u00a0:\u00a012 kg de kif saisis et 2 dealers arr\u00eat\u00e9s","author":{"@id":"https:\/\/lasentinelle.dz\/author\/redaction\/#author"},"publisher":{"@id":"https:\/\/lasentinelle.dz\/#organization"},"image":{"@type":"ImageObject","url":"https:\/\/lasentinelle.dz\/wp-content\/uploads\/2022\/01\/Unknown-1.jpeg","width":289,"height":174},"datePublished":"2022-01-31T00:01:00+01:00","dateModified":"2022-01-30T17:39:37+01:00","inLanguage":"fr-FR","mainEntityOfPage":{"@id":"https:\/\/lasentinelle.dz\/index.php\/2022\/01\/31\/annaba-12-kg-de-kif-saisis-et-2-dealers-arretes\/#webpage"},"isPartOf":{"@id":"https:\/\/lasentinelle.dz\/index.php\/2022\/01\/31\/annaba-12-kg-de-kif-saisis-et-2-dealers-arretes\/#webpage"},"articleSection":"R\u00e9gions"},{"@type":"BreadcrumbList","@id":"https:\/\/lasentinelle.dz\/index.php\/2022\/01\/31\/annaba-12-kg-de-kif-saisis-et-2-dealers-arretes\/#breadcrumblist","itemListElement":[{"@type":"ListItem","@id":"https:\/\/lasentinelle.dz#listItem","position":1,"name":"Home","item":"https:\/\/lasentinelle.dz","nextItem":{"@type":"ListItem","@id":"https:\/\/lasentinelle.dz\/index.php\/category\/regions\/#listItem","name":"R\u00e9gions"}},{"@type":"ListItem","@id":"https:\/\/lasentinelle.dz\/index.php\/category\/regions\/#listItem","position":2,"name":"R\u00e9gions","item":"https:\/\/lasentinelle.dz\/index.php\/category\/regions\/","nextItem":{"@type":"ListItem","@id":"https:\/\/lasentinelle.dz\/index.php\/2022\/01\/31\/annaba-12-kg-de-kif-saisis-et-2-dealers-arretes\/#listItem","name":"Annaba\u00a0:\u00a012 kg de kif saisis et 2 dealers arr\u00eat\u00e9s"},"previousItem":{"@type":"ListItem","@id":"https:\/\/lasentinelle.dz#listItem","name":"Home"}},{"@type":"ListItem","@id":"https:\/\/lasentinelle.dz\/index.php\/2022\/01\/31\/annaba-12-kg-de-kif-saisis-et-2-dealers-arretes\/#listItem","position":3,"name":"Annaba\u00a0:\u00a012 kg de kif saisis et 2 dealers arr\u00eat\u00e9s","previousItem":{"@type":"ListItem","@id":"https:\/\/lasentinelle.dz\/index.php\/category\/regions\/#listItem","name":"R\u00e9gions"}}]},{"@type":"Organization","@id":"https:\/\/lasentinelle.dz\/#organization","name":"La Sentinelle La Sentinelle","description":"Quotidien national d'information","url":"https:\/\/lasentinelle.dz\/","logo":{"@type":"ImageObject","url":"https:\/\/lasentinelle.dz\/wp-content\/uploads\/2021\/09\/cropped-la-sentinelle-earth-golden-anima-5.gif","@id":"https:\/\/lasentinelle.dz\/index.php\/2022\/01\/31\/annaba-12-kg-de-kif-saisis-et-2-dealers-arretes\/#organizationLogo","width":450,"height":213},"image":{"@id":"https:\/\/lasentinelle.dz\/index.php\/2022\/01\/31\/annaba-12-kg-de-kif-saisis-et-2-dealers-arretes\/#organizationLogo"},"sameAs":["https:\/\/www.facebook.com\/azzedine.lasentinelle.1"]},{"@type":"Person","@id":"https:\/\/lasentinelle.dz\/author\/redaction\/#author","url":"https:\/\/lasentinelle.dz\/author\/redaction\/","name":"La Sentinelle","image":{"@type":"ImageObject","@id":"https:\/\/lasentinelle.dz\/index.php\/2022\/01\/31\/annaba-12-kg-de-kif-saisis-et-2-dealers-arretes\/#authorImage","url":"https:\/\/secure.gravatar.com\/avatar\/57de8e5d4b15d43fb361a71fbb36338450fe67865b528a43dd10ef7c51a20392?s=96&d=mm&r=g","width":96,"height":96,"caption":"La Sentinelle"}},{"@type":"WebPage","@id":"https:\/\/lasentinelle.dz\/index.php\/2022\/01\/31\/annaba-12-kg-de-kif-saisis-et-2-dealers-arretes\/#webpage","url":"https:\/\/lasentinelle.dz\/index.php\/2022\/01\/31\/annaba-12-kg-de-kif-saisis-et-2-dealers-arretes\/","name":"Annaba : 12 kg de kif saisis et 2 dealers arr\u00eat\u00e9s - La Sentinelle","description":"Dans le cadre de la lutte contre le trafic de narcotiques, les \u00e9l\u00e9ments du Centre r\u00e9gional de lutte contre le trafic de drogue d'El Hadjar ont r\u00e9ussi, hier, \u00e0 mettre fin \u00e0 l\u2019activit\u00e9 de deux dealers et saisir 12 kg de r\u00e9sine de cannabis, deux t\u00e9l\u00e9phones portables et une voiture utilitaire utilis\u00e9e dans le transport de la substance narcotique, a rapport\u00e9 une source","inLanguage":"fr-FR","isPartOf":{"@id":"https:\/\/lasentinelle.dz\/#website"},"breadcrumb":{"@id":"https:\/\/lasentinelle.dz\/index.php\/2022\/01\/31\/annaba-12-kg-de-kif-saisis-et-2-dealers-arretes\/#breadcrumblist"},"author":{"@id":"https:\/\/lasentinelle.dz\/author\/redaction\/#author"},"creator":{"@id":"https:\/\/lasentinelle.dz\/author\/redaction\/#author"},"image":{"@type":"ImageObject","url":"https:\/\/lasentinelle.dz\/wp-content\/uploads\/2022\/01\/Unknown-1.jpeg","@id":"https:\/\/lasentinelle.dz\/index.php\/2022\/01\/31\/annaba-12-kg-de-kif-saisis-et-2-dealers-arretes\/#mainImage","width":289,"height":174},"primaryImageOfPage":{"@id":"https:\/\/lasentinelle.dz\/index.php\/2022\/01\/31\/annaba-12-kg-de-kif-saisis-et-2-dealers-arretes\/#mainImage"},"datePublished":"2022-01-31T00:01:00+01:00","dateModified":"2022-01-30T17:39:37+01:00"},{"@type":"WebSite","@id":"https:\/\/lasentinelle.dz\/#website","url":"https:\/\/lasentinelle.dz\/","name":"La Sentinelle","description":"Quotidien national d'information","inLanguage":"fr-FR","publisher":{"@id":"https:\/\/lasentinelle.dz\/#organization"}}]},"og:locale":"fr_FR","og:site_name":"La Sentinelle - Quotidien national d'information","og:type":"article","og:title":"Annaba : 12 kg de kif saisis et 2 dealers arr\u00eat\u00e9s - La Sentinelle","og:description":"Dans le cadre de la lutte contre le trafic de narcotiques, les \u00e9l\u00e9ments du Centre r\u00e9gional de lutte contre le trafic de drogue d'El Hadjar ont r\u00e9ussi, hier, \u00e0 mettre fin \u00e0 l\u2019activit\u00e9 de deux dealers et saisir 12 kg de r\u00e9sine de cannabis, deux t\u00e9l\u00e9phones portables et une voiture utilitaire utilis\u00e9e dans le transport de la substance narcotique, a rapport\u00e9 une source","og:url":"https:\/\/lasentinelle.dz\/index.php\/2022\/01\/31\/annaba-12-kg-de-kif-saisis-et-2-dealers-arretes\/","og:image":"https:\/\/lasentinelle.dz\/wp-content\/uploads\/2021\/09\/cropped-la-sentinelle-earth-golden-anima-5.gif","og:image:secure_url":"https:\/\/lasentinelle.dz\/wp-content\/uploads\/2021\/09\/cropped-la-sentinelle-earth-golden-anima-5.gif","og:image:width":450,"og:image:height":213,"article:published_time":"2022-01-30T23:01:00+00:00","article:modified_time":"2022-01-30T16:39:37+00:00","article:publisher":"https:\/\/www.facebook.com\/azzedine.lasentinelle.1","twitter:card":"summary_large_image","twitter:title":"Annaba : 12 kg de kif saisis et 2 dealers arr\u00eat\u00e9s - La Sentinelle","twitter:description":"Dans le cadre de la lutte contre le trafic de narcotiques, les \u00e9l\u00e9ments du Centre r\u00e9gional de lutte contre le trafic de drogue d'El Hadjar ont r\u00e9ussi, hier, \u00e0 mettre fin \u00e0 l\u2019activit\u00e9 de deux dealers et saisir 12 kg de r\u00e9sine de cannabis, deux t\u00e9l\u00e9phones portables et une voiture utilitaire utilis\u00e9e dans le transport de la substance narcotique, a rapport\u00e9 une source","twitter:image":"https:\/\/lasentinelle.dz\/wp-content\/uploads\/2021\/09\/cropped-la-sentinelle-earth-golden-anima-5.gif"},"aioseo_meta_data":{"post_id":"16245","title":null,"description":null,"keywords":null,"keyphrases":null,"primary_term":null,"canonical_url":null,"og_title":null,"og_description":null,"og_object_type":"default","og_image_type":"default","og_image_url":null,"og_image_width":null,"og_image_height":null,"og_image_custom_url":null,"og_image_custom_fields":null,"og_video":null,"og_custom_url":null,"og_article_section":null,"og_article_tags":null,"twitter_use_og":false,"twitter_card":"default","twitter_image_type":"default","twitter_image_url":null,"twitter_image_custom_url":null,"twitter_image_custom_fields":null,"twitter_title":null,"twitter_description":null,"schema":{"blockGraphs":[],"customGraphs":[],"default":{"data":{"Article":[],"Course":[],"Dataset":[],"FAQPage":[],"Movie":[],"Person":[],"Product":[],"ProductReview":[],"Car":[],"Recipe":[],"Service":[],"SoftwareApplication":[],"WebPage":[]},"graphName":"","isEnabled":true},"graphs":[]},"schema_type":"default","schema_type_options":null,"pillar_content":false,"robots_default":true,"robots_noindex":false,"robots_noarchive":false,"robots_nosnippet":false,"robots_nofollow":false,"robots_noimageindex":false,"robots_noodp":false,"robots_notranslate":false,"robots_max_snippet":null,"robots_max_videopreview":null,"robots_max_imagepreview":"large","priority":null,"frequency":null,"local_seo":null,"breadcrumb_settings":null,"limit_modified_date":false,"ai":null,"created":"2026-04-24 18:40:06","updated":"2026-04-24 18:40:06","focus_keyword":null,"additional_keywords":null,"truseo_locale":null,"seo_analyzer_scan_date":null},"aioseo_breadcrumb":"<div class=\"aioseo-breadcrumbs\"><span class=\"aioseo-breadcrumb\">\n\t\t\t<a href=\"https:\/\/lasentinelle.dz\" title=\"Home\">Home<\/a>\n\t\t<\/span><span class=\"aioseo-breadcrumb-separator\">&raquo;<\/span><span class=\"aioseo-breadcrumb\">\n\t\t\t<a href=\"https:\/\/lasentinelle.dz\/index.php\/category\/regions\/\" title=\"R\u00e9gions\">R\u00e9gions<\/a>\n\t\t<\/span><span class=\"aioseo-breadcrumb-separator\">&raquo;<\/span><span class=\"aioseo-breadcrumb\">\n\t\t\tAnnaba : 12 kg de kif saisis et 2 dealers arr\u00eat\u00e9s\n\t\t<\/span><\/div>","aioseo_breadcrumb_json":[{"label":"Home","link":"https:\/\/lasentinelle.dz"},{"label":"R\u00e9gions","link":"https:\/\/lasentinelle.dz\/index.php\/category\/regions\/"},{"label":"Annaba\u00a0:\u00a012 kg de kif saisis et 2 dealers arr\u00eat\u00e9s","link":"https:\/\/lasentinelle.dz\/index.php\/2022\/01\/31\/annaba-12-kg-de-kif-saisis-et-2-dealers-arretes\/"}],"yoast_head":"<!-- This site is optimized with the Yoast SEO plugin v28.4 - https:\/\/yoast.com\/product\/yoast-seo-wordpress\/ -->\n<title>Annaba\u00a0:\u00a012 kg de kif saisis et 2 dealers arr\u00eat\u00e9s - La Sentinelle<\/title>\n<meta name=\"robots\" content=\"index, follow, max-snippet:-1, max-image-preview:large, max-video-preview:-1\" \/>\n<link rel=\"canonical\" href=\"https:\/\/lasentinelle.dz\/index.php\/2022\/01\/31\/annaba-12-kg-de-kif-saisis-et-2-dealers-arretes\/\" \/>\n<meta property=\"og:locale\" content=\"fr_FR\" \/>\n<meta property=\"og:type\" content=\"article\" \/>\n<meta property=\"og:title\" content=\"Annaba\u00a0:\u00a012 kg de kif saisis et 2 dealers arr\u00eat\u00e9s - La Sentinelle\" \/>\n<meta property=\"og:description\" content=\"Dans le cadre de la lutte contre le&nbsp;&nbsp;trafic&nbsp;de&nbsp;narcotiques, les \u00e9l\u00e9ments du&nbsp;Centre r\u00e9gional de lutte contre le trafic de drogue d&rsquo;El\" \/>\n<meta property=\"og:url\" content=\"https:\/\/lasentinelle.dz\/index.php\/2022\/01\/31\/annaba-12-kg-de-kif-saisis-et-2-dealers-arretes\/\" \/>\n<meta property=\"og:site_name\" content=\"La Sentinelle\" \/>\n<meta property=\"article:publisher\" content=\"https:\/\/www.facebook.com\/La-Sentinelle-104059864394773\" \/>\n<meta property=\"article:published_time\" content=\"2022-01-30T23:01:00+00:00\" \/>\n<meta property=\"og:image\" content=\"https:\/\/lasentinelle.dz\/wp-content\/uploads\/2022\/01\/Unknown-1.jpeg\" \/>\n\t<meta property=\"og:image:width\" content=\"289\" \/>\n\t<meta property=\"og:image:height\" content=\"174\" \/>\n\t<meta property=\"og:image:type\" content=\"image\/jpeg\" \/>\n<meta name=\"author\" content=\"La Sentinelle\" \/>\n<meta name=\"twitter:card\" content=\"summary_large_image\" \/>\n<meta name=\"twitter:label1\" content=\"\u00c9crit par\" \/>\n\t<meta name=\"twitter:data1\" content=\"La Sentinelle\" \/>\n\t<meta name=\"twitter:label2\" content=\"Dur\u00e9e de lecture estim\u00e9e\" \/>\n\t<meta name=\"twitter:data2\" content=\"1 minute\" \/>\n<script type=\"application\/ld+json\" class=\"yoast-schema-graph\">{\"@context\":\"https:\\\/\\\/schema.org\",\"@graph\":[{\"@type\":\"Article\",\"@id\":\"https:\\\/\\\/lasentinelle.dz\\\/index.php\\\/2022\\\/01\\\/31\\\/annaba-12-kg-de-kif-saisis-et-2-dealers-arretes\\\/#article\",\"isPartOf\":{\"@id\":\"https:\\\/\\\/lasentinelle.dz\\\/index.php\\\/2022\\\/01\\\/31\\\/annaba-12-kg-de-kif-saisis-et-2-dealers-arretes\\\/\"},\"author\":{\"name\":\"La Sentinelle\",\"@id\":\"https:\\\/\\\/lasentinelle.dz\\\/#\\\/schema\\\/person\\\/d865044e22e70a75174ce8bcad3acfb3\"},\"headline\":\"Annaba\u00a0:\u00a012 kg de kif saisis et 2 dealers arr\u00eat\u00e9s\",\"datePublished\":\"2022-01-30T23:01:00+00:00\",\"mainEntityOfPage\":{\"@id\":\"https:\\\/\\\/lasentinelle.dz\\\/index.php\\\/2022\\\/01\\\/31\\\/annaba-12-kg-de-kif-saisis-et-2-dealers-arretes\\\/\"},\"wordCount\":284,\"commentCount\":0,\"publisher\":{\"@id\":\"https:\\\/\\\/lasentinelle.dz\\\/#organization\"},\"image\":{\"@id\":\"https:\\\/\\\/lasentinelle.dz\\\/index.php\\\/2022\\\/01\\\/31\\\/annaba-12-kg-de-kif-saisis-et-2-dealers-arretes\\\/#primaryimage\"},\"thumbnailUrl\":\"https:\\\/\\\/lasentinelle.dz\\\/wp-content\\\/uploads\\\/2022\\\/01\\\/Unknown-1.jpeg\",\"articleSection\":[\"R\u00e9gions\"],\"inLanguage\":\"fr-FR\",\"potentialAction\":[{\"@type\":\"CommentAction\",\"name\":\"Comment\",\"target\":[\"https:\\\/\\\/lasentinelle.dz\\\/index.php\\\/2022\\\/01\\\/31\\\/annaba-12-kg-de-kif-saisis-et-2-dealers-arretes\\\/#respond\"]}]},{\"@type\":\"WebPage\",\"@id\":\"https:\\\/\\\/lasentinelle.dz\\\/index.php\\\/2022\\\/01\\\/31\\\/annaba-12-kg-de-kif-saisis-et-2-dealers-arretes\\\/\",\"url\":\"https:\\\/\\\/lasentinelle.dz\\\/index.php\\\/2022\\\/01\\\/31\\\/annaba-12-kg-de-kif-saisis-et-2-dealers-arretes\\\/\",\"name\":\"Annaba\u00a0:\u00a012 kg de kif saisis et 2 dealers arr\u00eat\u00e9s - La Sentinelle\",\"isPartOf\":{\"@id\":\"https:\\\/\\\/lasentinelle.dz\\\/#website\"},\"primaryImageOfPage\":{\"@id\":\"https:\\\/\\\/lasentinelle.dz\\\/index.php\\\/2022\\\/01\\\/31\\\/annaba-12-kg-de-kif-saisis-et-2-dealers-arretes\\\/#primaryimage\"},\"image\":{\"@id\":\"https:\\\/\\\/lasentinelle.dz\\\/index.php\\\/2022\\\/01\\\/31\\\/annaba-12-kg-de-kif-saisis-et-2-dealers-arretes\\\/#primaryimage\"},\"thumbnailUrl\":\"https:\\\/\\\/lasentinelle.dz\\\/wp-content\\\/uploads\\\/2022\\\/01\\\/Unknown-1.jpeg\",\"datePublished\":\"2022-01-30T23:01:00+00:00\",\"breadcrumb\":{\"@id\":\"https:\\\/\\\/lasentinelle.dz\\\/index.php\\\/2022\\\/01\\\/31\\\/annaba-12-kg-de-kif-saisis-et-2-dealers-arretes\\\/#breadcrumb\"},\"inLanguage\":\"fr-FR\",\"potentialAction\":[{\"@type\":\"ReadAction\",\"target\":[\"https:\\\/\\\/lasentinelle.dz\\\/index.php\\\/2022\\\/01\\\/31\\\/annaba-12-kg-de-kif-saisis-et-2-dealers-arretes\\\/\"]}]},{\"@type\":\"ImageObject\",\"inLanguage\":\"fr-FR\",\"@id\":\"https:\\\/\\\/lasentinelle.dz\\\/index.php\\\/2022\\\/01\\\/31\\\/annaba-12-kg-de-kif-saisis-et-2-dealers-arretes\\\/#primaryimage\",\"url\":\"https:\\\/\\\/lasentinelle.dz\\\/wp-content\\\/uploads\\\/2022\\\/01\\\/Unknown-1.jpeg\",\"contentUrl\":\"https:\\\/\\\/lasentinelle.dz\\\/wp-content\\\/uploads\\\/2022\\\/01\\\/Unknown-1.jpeg\",\"width\":289,\"height\":174},{\"@type\":\"BreadcrumbList\",\"@id\":\"https:\\\/\\\/lasentinelle.dz\\\/index.php\\\/2022\\\/01\\\/31\\\/annaba-12-kg-de-kif-saisis-et-2-dealers-arretes\\\/#breadcrumb\",\"itemListElement\":[{\"@type\":\"ListItem\",\"position\":1,\"name\":\"Accueil\",\"item\":\"https:\\\/\\\/lasentinelle.dz\\\/\"},{\"@type\":\"ListItem\",\"position\":2,\"name\":\"Annaba\u00a0:\u00a012 kg de kif saisis et 2 dealers arr\u00eat\u00e9s\"}]},{\"@type\":\"WebSite\",\"@id\":\"https:\\\/\\\/lasentinelle.dz\\\/#website\",\"url\":\"https:\\\/\\\/lasentinelle.dz\\\/\",\"name\":\"La Sentinelle\",\"description\":\"Quotidien national d&#039;information\",\"publisher\":{\"@id\":\"https:\\\/\\\/lasentinelle.dz\\\/#organization\"},\"potentialAction\":[{\"@type\":\"SearchAction\",\"target\":{\"@type\":\"EntryPoint\",\"urlTemplate\":\"https:\\\/\\\/lasentinelle.dz\\\/?s={search_term_string}\"},\"query-input\":{\"@type\":\"PropertyValueSpecification\",\"valueRequired\":true,\"valueName\":\"search_term_string\"}}],\"inLanguage\":\"fr-FR\"},{\"@type\":\"Organization\",\"@id\":\"https:\\\/\\\/lasentinelle.dz\\\/#organization\",\"name\":\"Quotidien La Sentinelle\",\"url\":\"https:\\\/\\\/lasentinelle.dz\\\/\",\"logo\":{\"@type\":\"ImageObject\",\"inLanguage\":\"fr-FR\",\"@id\":\"https:\\\/\\\/lasentinelle.dz\\\/#\\\/schema\\\/logo\\\/image\\\/\",\"url\":\"https:\\\/\\\/lasentinelle.dz\\\/wp-content\\\/uploads\\\/2021\\\/09\\\/logo-sentinelleSLOGAN-1.png\",\"contentUrl\":\"https:\\\/\\\/lasentinelle.dz\\\/wp-content\\\/uploads\\\/2021\\\/09\\\/logo-sentinelleSLOGAN-1.png\",\"width\":615,\"height\":142,\"caption\":\"Quotidien La Sentinelle\"},\"image\":{\"@id\":\"https:\\\/\\\/lasentinelle.dz\\\/#\\\/schema\\\/logo\\\/image\\\/\"},\"sameAs\":[\"https:\\\/\\\/www.facebook.com\\\/La-Sentinelle-104059864394773\"]},{\"@type\":\"Person\",\"@id\":\"https:\\\/\\\/lasentinelle.dz\\\/#\\\/schema\\\/person\\\/d865044e22e70a75174ce8bcad3acfb3\",\"name\":\"La Sentinelle\",\"image\":{\"@type\":\"ImageObject\",\"inLanguage\":\"fr-FR\",\"@id\":\"https:\\\/\\\/secure.gravatar.com\\\/avatar\\\/57de8e5d4b15d43fb361a71fbb36338450fe67865b528a43dd10ef7c51a20392?s=96&d=mm&r=g\",\"url\":\"https:\\\/\\\/secure.gravatar.com\\\/avatar\\\/57de8e5d4b15d43fb361a71fbb36338450fe67865b528a43dd10ef7c51a20392?s=96&d=mm&r=g\",\"contentUrl\":\"https:\\\/\\\/secure.gravatar.com\\\/avatar\\\/57de8e5d4b15d43fb361a71fbb36338450fe67865b528a43dd10ef7c51a20392?s=96&d=mm&r=g\",\"caption\":\"La Sentinelle\"},\"sameAs\":[\"http:\\\/\\\/www.lasentinelle.dz\"],\"url\":\"https:\\\/\\\/lasentinelle.dz\\\/author\\\/redaction\\\/\"}]}<\/script>\n<!-- \/ Yoast SEO plugin. -->","yoast_head_json":{"title":"Annaba\u00a0:\u00a012 kg de kif saisis et 2 dealers arr\u00eat\u00e9s - La Sentinelle","robots":{"index":"index","follow":"follow","max-snippet":"max-snippet:-1","max-image-preview":"max-image-preview:large","max-video-preview":"max-video-preview:-1"},"canonical":"https:\/\/lasentinelle.dz\/index.php\/2022\/01\/31\/annaba-12-kg-de-kif-saisis-et-2-dealers-arretes\/","og_locale":"fr_FR","og_type":"article","og_title":"Annaba\u00a0:\u00a012 kg de kif saisis et 2 dealers arr\u00eat\u00e9s - La Sentinelle","og_description":"Dans le cadre de la lutte contre le&nbsp;&nbsp;trafic&nbsp;de&nbsp;narcotiques, les \u00e9l\u00e9ments du&nbsp;Centre r\u00e9gional de lutte contre le trafic de drogue d&rsquo;El","og_url":"https:\/\/lasentinelle.dz\/index.php\/2022\/01\/31\/annaba-12-kg-de-kif-saisis-et-2-dealers-arretes\/","og_site_name":"La Sentinelle","article_publisher":"https:\/\/www.facebook.com\/La-Sentinelle-104059864394773","article_published_time":"2022-01-30T23:01:00+00:00","og_image":[{"width":289,"height":174,"url":"https:\/\/lasentinelle.dz\/wp-content\/uploads\/2022\/01\/Unknown-1.jpeg","type":"image\/jpeg"}],"author":"La Sentinelle","twitter_card":"summary_large_image","twitter_misc":{"\u00c9crit par":"La Sentinelle","Dur\u00e9e de lecture estim\u00e9e":"1 minute"},"schema":{"@context":"https:\/\/schema.org","@graph":[{"@type":"Article","@id":"https:\/\/lasentinelle.dz\/index.php\/2022\/01\/31\/annaba-12-kg-de-kif-saisis-et-2-dealers-arretes\/#article","isPartOf":{"@id":"https:\/\/lasentinelle.dz\/index.php\/2022\/01\/31\/annaba-12-kg-de-kif-saisis-et-2-dealers-arretes\/"},"author":{"name":"La Sentinelle","@id":"https:\/\/lasentinelle.dz\/#\/schema\/person\/d865044e22e70a75174ce8bcad3acfb3"},"headline":"Annaba\u00a0:\u00a012 kg de kif saisis et 2 dealers arr\u00eat\u00e9s","datePublished":"2022-01-30T23:01:00+00:00","mainEntityOfPage":{"@id":"https:\/\/lasentinelle.dz\/index.php\/2022\/01\/31\/annaba-12-kg-de-kif-saisis-et-2-dealers-arretes\/"},"wordCount":284,"commentCount":0,"publisher":{"@id":"https:\/\/lasentinelle.dz\/#organization"},"image":{"@id":"https:\/\/lasentinelle.dz\/index.php\/2022\/01\/31\/annaba-12-kg-de-kif-saisis-et-2-dealers-arretes\/#primaryimage"},"thumbnailUrl":"https:\/\/lasentinelle.dz\/wp-content\/uploads\/2022\/01\/Unknown-1.jpeg","articleSection":["R\u00e9gions"],"inLanguage":"fr-FR","potentialAction":[{"@type":"CommentAction","name":"Comment","target":["https:\/\/lasentinelle.dz\/index.php\/2022\/01\/31\/annaba-12-kg-de-kif-saisis-et-2-dealers-arretes\/#respond"]}]},{"@type":"WebPage","@id":"https:\/\/lasentinelle.dz\/index.php\/2022\/01\/31\/annaba-12-kg-de-kif-saisis-et-2-dealers-arretes\/","url":"https:\/\/lasentinelle.dz\/index.php\/2022\/01\/31\/annaba-12-kg-de-kif-saisis-et-2-dealers-arretes\/","name":"Annaba\u00a0:\u00a012 kg de kif saisis et 2 dealers arr\u00eat\u00e9s - La Sentinelle","isPartOf":{"@id":"https:\/\/lasentinelle.dz\/#website"},"primaryImageOfPage":{"@id":"https:\/\/lasentinelle.dz\/index.php\/2022\/01\/31\/annaba-12-kg-de-kif-saisis-et-2-dealers-arretes\/#primaryimage"},"image":{"@id":"https:\/\/lasentinelle.dz\/index.php\/2022\/01\/31\/annaba-12-kg-de-kif-saisis-et-2-dealers-arretes\/#primaryimage"},"thumbnailUrl":"https:\/\/lasentinelle.dz\/wp-content\/uploads\/2022\/01\/Unknown-1.jpeg","datePublished":"2022-01-30T23:01:00+00:00","breadcrumb":{"@id":"https:\/\/lasentinelle.dz\/index.php\/2022\/01\/31\/annaba-12-kg-de-kif-saisis-et-2-dealers-arretes\/#breadcrumb"},"inLanguage":"fr-FR","potentialAction":[{"@type":"ReadAction","target":["https:\/\/lasentinelle.dz\/index.php\/2022\/01\/31\/annaba-12-kg-de-kif-saisis-et-2-dealers-arretes\/"]}]},{"@type":"ImageObject","inLanguage":"fr-FR","@id":"https:\/\/lasentinelle.dz\/index.php\/2022\/01\/31\/annaba-12-kg-de-kif-saisis-et-2-dealers-arretes\/#primaryimage","url":"https:\/\/lasentinelle.dz\/wp-content\/uploads\/2022\/01\/Unknown-1.jpeg","contentUrl":"https:\/\/lasentinelle.dz\/wp-content\/uploads\/2022\/01\/Unknown-1.jpeg","width":289,"height":174},{"@type":"BreadcrumbList","@id":"https:\/\/lasentinelle.dz\/index.php\/2022\/01\/31\/annaba-12-kg-de-kif-saisis-et-2-dealers-arretes\/#breadcrumb","itemListElement":[{"@type":"ListItem","position":1,"name":"Accueil","item":"https:\/\/lasentinelle.dz\/"},{"@type":"ListItem","position":2,"name":"Annaba\u00a0:\u00a012 kg de kif saisis et 2 dealers arr\u00eat\u00e9s"}]},{"@type":"WebSite","@id":"https:\/\/lasentinelle.dz\/#website","url":"https:\/\/lasentinelle.dz\/","name":"La Sentinelle","description":"Quotidien national d&#039;information","publisher":{"@id":"https:\/\/lasentinelle.dz\/#organization"},"potentialAction":[{"@type":"SearchAction","target":{"@type":"EntryPoint","urlTemplate":"https:\/\/lasentinelle.dz\/?s={search_term_string}"},"query-input":{"@type":"PropertyValueSpecification","valueRequired":true,"valueName":"search_term_string"}}],"inLanguage":"fr-FR"},{"@type":"Organization","@id":"https:\/\/lasentinelle.dz\/#organization","name":"Quotidien La Sentinelle","url":"https:\/\/lasentinelle.dz\/","logo":{"@type":"ImageObject","inLanguage":"fr-FR","@id":"https:\/\/lasentinelle.dz\/#\/schema\/logo\/image\/","url":"https:\/\/lasentinelle.dz\/wp-content\/uploads\/2021\/09\/logo-sentinelleSLOGAN-1.png","contentUrl":"https:\/\/lasentinelle.dz\/wp-content\/uploads\/2021\/09\/logo-sentinelleSLOGAN-1.png","width":615,"height":142,"caption":"Quotidien La Sentinelle"},"image":{"@id":"https:\/\/lasentinelle.dz\/#\/schema\/logo\/image\/"},"sameAs":["https:\/\/www.facebook.com\/La-Sentinelle-104059864394773"]},{"@type":"Person","@id":"https:\/\/lasentinelle.dz\/#\/schema\/person\/d865044e22e70a75174ce8bcad3acfb3","name":"La Sentinelle","image":{"@type":"ImageObject","inLanguage":"fr-FR","@id":"https:\/\/secure.gravatar.com\/avatar\/57de8e5d4b15d43fb361a71fbb36338450fe67865b528a43dd10ef7c51a20392?s=96&d=mm&r=g","url":"https:\/\/secure.gravatar.com\/avatar\/57de8e5d4b15d43fb361a71fbb36338450fe67865b528a43dd10ef7c51a20392?s=96&d=mm&r=g","contentUrl":"https:\/\/secure.gravatar.com\/avatar\/57de8e5d4b15d43fb361a71fbb36338450fe67865b528a43dd10ef7c51a20392?s=96&d=mm&r=g","caption":"La Sentinelle"},"sameAs":["http:\/\/www.lasentinelle.dz"],"url":"https:\/\/lasentinelle.dz\/author\/redaction\/"}]}},"_links":{"self":[{"href":"https:\/\/lasentinelle.dz\/index.php\/wp-json\/wp\/v2\/posts\/16245","targetHints":{"allow":["GET"]}}],"collection":[{"href":"https:\/\/lasentinelle.dz\/index.php\/wp-json\/wp\/v2\/posts"}],"about":[{"href":"https:\/\/lasentinelle.dz\/index.php\/wp-json\/wp\/v2\/types\/post"}],"author":[{"embeddable":true,"href":"https:\/\/lasentinelle.dz\/index.php\/wp-json\/wp\/v2\/users\/3"}],"replies":[{"embeddable":true,"href":"https:\/\/lasentinelle.dz\/index.php\/wp-json\/wp\/v2\/comments?post=16245"}],"version-history":[{"count":1,"href":"https:\/\/lasentinelle.dz\/index.php\/wp-json\/wp\/v2\/posts\/16245\/revisions"}],"predecessor-version":[{"id":16255,"href":"https:\/\/lasentinelle.dz\/index.php\/wp-json\/wp\/v2\/posts\/16245\/revisions\/16255"}],"wp:featuredmedia":[{"embeddable":true,"href":"https:\/\/lasentinelle.dz\/index.php\/wp-json\/wp\/v2\/media\/16254"}],"wp:attachment":[{"href":"https:\/\/lasentinelle.dz\/index.php\/wp-json\/wp\/v2\/media?parent=16245"}],"wp:term":[{"taxonomy":"category","embeddable":true,"href":"https:\/\/lasentinelle.dz\/index.php\/wp-json\/wp\/v2\/categories?post=16245"},{"taxonomy":"post_tag","embeddable":true,"href":"https:\/\/lasentinelle.dz\/index.php\/wp-json\/wp\/v2\/tags?post=16245"}],"curies":[{"name":"wp","href":"https:\/\/api.w.org\/{rel}","templated":true}]}}