{"id":16253,"date":"2022-01-31T00:01:00","date_gmt":"2022-01-30T23:01:00","guid":{"rendered":"https:\/\/lasentinelle.dz\/?p=16253"},"modified":"2022-01-30T17:40:59","modified_gmt":"2022-01-30T16:40:59","slug":"guelma-une-piste-dathletisme-en-montagne","status":"publish","type":"post","link":"https:\/\/lasentinelle.dz\/index.php\/2022\/01\/31\/guelma-une-piste-dathletisme-en-montagne\/","title":{"rendered":"Guelma\u00a0: Une piste d\u2019athl\u00e9tisme\u00a0en\u00a0montagne\u00a0"},"content":{"rendered":"\n<p class=\"wp-block-paragraph\">Dans une initiative&nbsp;destin\u00e9e&nbsp;\u00e0&nbsp;encourager la pratique du sport \u00e0 Guelma et plus pr\u00e9cis\u00e9ment la discipline de l\u2019athl\u00e9tisme, la&nbsp;Direction de la jeunesse et des sports et en \u00e9troite collaboration avec la&nbsp;Direction des travaux publiques et l\u2019Assembl\u00e9&nbsp;populaire&nbsp;communale de Ben-Djerah, a proc\u00e9d\u00e9 \u00e0 l\u2019ouverture d\u2019une piste d\u2019athl\u00e9tisme&nbsp;en&nbsp;montagne, au niveau du mont&nbsp;Ain-Sefra. En effet, la piste qui se trouve en plein milieu du Parc&nbsp;montagneux d\u2019Ain-Sefra et \u00e0 600&nbsp;m du camp le martyr Oumedour Belkacem&nbsp;compte deux boucles,&nbsp;l\u2019une de 1.500&nbsp;m et l\u2019autre de 1.000&nbsp;m.&nbsp;La piste&nbsp;sera consacr\u00e9e \u00e0 la pratique de tous les sports de montagne, en l\u2019occurrence, l\u2019athl\u00e9tisme, le v\u00e9lo de montagne, la marche en montagne.&nbsp;Avec son altitude de 1.200&nbsp;m,&nbsp;la structure&nbsp;constitue d\u00e9sormais le lieu propice pour les athl\u00e8tes qui envisageront pr\u00e9parer leurs comp\u00e9titions.&nbsp;Cela contribuera \u00e0 am\u00e9liorer leurs performances. Or elle permet aussi d\u2019autres diff\u00e9rentes utilisations comme les entrainements, le sport et les activit\u00e9s scolaires.&nbsp;&nbsp;D\u2019ailleurs, la piste a vu juste&nbsp;samedi&nbsp;le d\u00e9roulement du championnat de la wilaya du cross-country organis\u00e9 par la ligue d\u2019athl\u00e9tisme de Guelma. Dans le m\u00eame contexte la piste sera pr\u00eate \u00e0 accueillir les diff\u00e9rentes comp\u00e9titions r\u00e9gionales et nationales.&nbsp;Notons enfin que&nbsp;cette r\u00e9alisation va rendre la pratique du sport accessible pour tous les citoyens de Guelma amoureux du sport en montagne, notamment les jeunes.<\/p>\n\n\n\n<p class=\"wp-block-paragraph\"><strong>Zouheyr<\/strong><strong>&nbsp;Douakha<\/strong><strong><\/strong><\/p>\n","protected":false},"excerpt":{"rendered":"<p>Dans une initiative&nbsp;destin\u00e9e&nbsp;\u00e0&nbsp;encourager la pratique du sport \u00e0 Guelma et plus pr\u00e9cis\u00e9ment la discipline de l\u2019athl\u00e9tisme, la&nbsp;Direction de la jeunesse<\/p>\n","protected":false},"author":3,"featured_media":16257,"comment_status":"open","ping_status":"closed","sticky":false,"template":"","format":"standard","meta":{"colormag_page_container_layout":"default_layout","colormag_page_sidebar_layout":"default_layout","om_disable_all_campaigns":false,"_monsterinsights_skip_tracking":false,"footnotes":"","_wpscppro_dont_share_socialmedia":false,"_wpscppro_custom_social_share_image":0,"_facebook_share_type":"","_twitter_share_type":"","_linkedin_share_type":"","_pinterest_share_type":"","_linkedin_share_type_page":"","_instagram_share_type":"","_medium_share_type":"","_threads_share_type":"","_google_business_share_type":"","_bluesky_share_type":"","_mastodon_share_type":"","_selected_social_profile":[],"_wpsp_enable_custom_social_template":false,"_wpsp_social_scheduling":{"enabled":false,"datetime":null,"platforms":[],"status":"template_only","dateOption":"today","timeOption":"now","customDays":"","customHours":"","customDate":"","customTime":"","schedulingType":"absolute"},"_wpsp_active_default_template":true},"categories":[31],"tags":[],"class_list":["post-16253","post","type-post","status-publish","format-standard","has-post-thumbnail","hentry","category-regions"],"aioseo_notices":[],"aioseo_head":"\n\t\t<!-- All in One SEO 5.0.0.1 - aioseo.com -->\n\t<meta name=\"description\" content=\"Dans une initiative destin\u00e9e \u00e0 encourager la pratique du sport \u00e0 Guelma et plus pr\u00e9cis\u00e9ment la discipline de l\u2019athl\u00e9tisme, la Direction de la jeunesse et des sports et en \u00e9troite collaboration avec la Direction des travaux publiques et l\u2019Assembl\u00e9 populaire communale de Ben-Djerah, a proc\u00e9d\u00e9 \u00e0 l\u2019ouverture d\u2019une piste d\u2019athl\u00e9tisme en montagne, au niveau du mont Ain-Sefra. En effet, la piste qui se trouve en\" \/>\n\t<meta name=\"robots\" content=\"max-image-preview:large\" \/>\n\t<meta name=\"author\" content=\"La Sentinelle\"\/>\n\t<link rel=\"canonical\" href=\"https:\/\/lasentinelle.dz\/index.php\/2022\/01\/31\/guelma-une-piste-dathletisme-en-montagne\/\" \/>\n\t<meta name=\"generator\" content=\"All in One SEO (AIOSEO) 5.0.0.1\" \/>\n\t\t<meta property=\"og:locale\" content=\"fr_FR\" \/>\n\t\t<meta property=\"og:site_name\" content=\"La Sentinelle - Quotidien national d&#039;information\" \/>\n\t\t<meta property=\"og:type\" content=\"article\" \/>\n\t\t<meta property=\"og:title\" content=\"Guelma : Une piste d\u2019athl\u00e9tisme en montagne - La Sentinelle\" \/>\n\t\t<meta property=\"og:description\" content=\"Dans une initiative destin\u00e9e \u00e0 encourager la pratique du sport \u00e0 Guelma et plus pr\u00e9cis\u00e9ment la discipline de l\u2019athl\u00e9tisme, la Direction de la jeunesse et des sports et en \u00e9troite collaboration avec la Direction des travaux publiques et l\u2019Assembl\u00e9 populaire communale de Ben-Djerah, a proc\u00e9d\u00e9 \u00e0 l\u2019ouverture d\u2019une piste d\u2019athl\u00e9tisme en montagne, au niveau du mont Ain-Sefra. En effet, la piste qui se trouve en\" \/>\n\t\t<meta property=\"og:url\" content=\"https:\/\/lasentinelle.dz\/index.php\/2022\/01\/31\/guelma-une-piste-dathletisme-en-montagne\/\" \/>\n\t\t<meta property=\"og:image\" content=\"https:\/\/lasentinelle.dz\/wp-content\/uploads\/2021\/09\/cropped-la-sentinelle-earth-golden-anima-5.gif\" \/>\n\t\t<meta property=\"og:image:secure_url\" content=\"https:\/\/lasentinelle.dz\/wp-content\/uploads\/2021\/09\/cropped-la-sentinelle-earth-golden-anima-5.gif\" \/>\n\t\t<meta property=\"og:image:width\" content=\"450\" \/>\n\t\t<meta property=\"og:image:height\" content=\"213\" \/>\n\t\t<meta property=\"article:published_time\" content=\"2022-01-30T23:01:00+00:00\" \/>\n\t\t<meta property=\"article:modified_time\" content=\"2022-01-30T16:40:59+00:00\" \/>\n\t\t<meta property=\"article:publisher\" content=\"https:\/\/www.facebook.com\/azzedine.lasentinelle.1\" \/>\n\t\t<meta name=\"twitter:card\" content=\"summary_large_image\" \/>\n\t\t<meta name=\"twitter:title\" content=\"Guelma : Une piste d\u2019athl\u00e9tisme en montagne - La Sentinelle\" \/>\n\t\t<meta name=\"twitter:description\" content=\"Dans une initiative destin\u00e9e \u00e0 encourager la pratique du sport \u00e0 Guelma et plus pr\u00e9cis\u00e9ment la discipline de l\u2019athl\u00e9tisme, la Direction de la jeunesse et des sports et en \u00e9troite collaboration avec la Direction des travaux publiques et l\u2019Assembl\u00e9 populaire communale de Ben-Djerah, a proc\u00e9d\u00e9 \u00e0 l\u2019ouverture d\u2019une piste d\u2019athl\u00e9tisme en montagne, au niveau du mont Ain-Sefra. En effet, la piste qui se trouve en\" \/>\n\t\t<meta name=\"twitter:image\" content=\"https:\/\/lasentinelle.dz\/wp-content\/uploads\/2021\/09\/cropped-la-sentinelle-earth-golden-anima-5.gif\" \/>\n\t\t<script type=\"application\/ld+json\" class=\"aioseo-schema\">\n\t\t\t{\"@context\":\"https:\\\/\\\/schema.org\",\"@graph\":[{\"@type\":\"BlogPosting\",\"@id\":\"https:\\\/\\\/lasentinelle.dz\\\/index.php\\\/2022\\\/01\\\/31\\\/guelma-une-piste-dathletisme-en-montagne\\\/#blogposting\",\"name\":\"Guelma : Une piste d\\u2019athl\\u00e9tisme en montagne - La Sentinelle\",\"headline\":\"Guelma\\u00a0: Une piste d\\u2019athl\\u00e9tisme\\u00a0en\\u00a0montagne\\u00a0\",\"author\":{\"@id\":\"https:\\\/\\\/lasentinelle.dz\\\/author\\\/redaction\\\/#author\"},\"publisher\":{\"@id\":\"https:\\\/\\\/lasentinelle.dz\\\/#organization\"},\"image\":{\"@type\":\"ImageObject\",\"url\":\"https:\\\/\\\/lasentinelle.dz\\\/wp-content\\\/uploads\\\/2022\\\/01\\\/gulema.jpg\",\"width\":718,\"height\":960},\"datePublished\":\"2022-01-31T00:01:00+01:00\",\"dateModified\":\"2022-01-30T17:40:59+01:00\",\"inLanguage\":\"fr-FR\",\"mainEntityOfPage\":{\"@id\":\"https:\\\/\\\/lasentinelle.dz\\\/index.php\\\/2022\\\/01\\\/31\\\/guelma-une-piste-dathletisme-en-montagne\\\/#webpage\"},\"isPartOf\":{\"@id\":\"https:\\\/\\\/lasentinelle.dz\\\/index.php\\\/2022\\\/01\\\/31\\\/guelma-une-piste-dathletisme-en-montagne\\\/#webpage\"},\"articleSection\":\"R\\u00e9gions\"},{\"@type\":\"BreadcrumbList\",\"@id\":\"https:\\\/\\\/lasentinelle.dz\\\/index.php\\\/2022\\\/01\\\/31\\\/guelma-une-piste-dathletisme-en-montagne\\\/#breadcrumblist\",\"itemListElement\":[{\"@type\":\"ListItem\",\"@id\":\"https:\\\/\\\/lasentinelle.dz#listItem\",\"position\":1,\"name\":\"Home\",\"item\":\"https:\\\/\\\/lasentinelle.dz\",\"nextItem\":{\"@type\":\"ListItem\",\"@id\":\"https:\\\/\\\/lasentinelle.dz\\\/index.php\\\/category\\\/regions\\\/#listItem\",\"name\":\"R\\u00e9gions\"}},{\"@type\":\"ListItem\",\"@id\":\"https:\\\/\\\/lasentinelle.dz\\\/index.php\\\/category\\\/regions\\\/#listItem\",\"position\":2,\"name\":\"R\\u00e9gions\",\"item\":\"https:\\\/\\\/lasentinelle.dz\\\/index.php\\\/category\\\/regions\\\/\",\"nextItem\":{\"@type\":\"ListItem\",\"@id\":\"https:\\\/\\\/lasentinelle.dz\\\/index.php\\\/2022\\\/01\\\/31\\\/guelma-une-piste-dathletisme-en-montagne\\\/#listItem\",\"name\":\"Guelma\\u00a0: Une piste d\\u2019athl\\u00e9tisme\\u00a0en\\u00a0montagne\\u00a0\"},\"previousItem\":{\"@type\":\"ListItem\",\"@id\":\"https:\\\/\\\/lasentinelle.dz#listItem\",\"name\":\"Home\"}},{\"@type\":\"ListItem\",\"@id\":\"https:\\\/\\\/lasentinelle.dz\\\/index.php\\\/2022\\\/01\\\/31\\\/guelma-une-piste-dathletisme-en-montagne\\\/#listItem\",\"position\":3,\"name\":\"Guelma\\u00a0: Une piste d\\u2019athl\\u00e9tisme\\u00a0en\\u00a0montagne\\u00a0\",\"previousItem\":{\"@type\":\"ListItem\",\"@id\":\"https:\\\/\\\/lasentinelle.dz\\\/index.php\\\/category\\\/regions\\\/#listItem\",\"name\":\"R\\u00e9gions\"}}]},{\"@type\":\"Organization\",\"@id\":\"https:\\\/\\\/lasentinelle.dz\\\/#organization\",\"name\":\"La Sentinelle La Sentinelle\",\"description\":\"Quotidien national d'information\",\"url\":\"https:\\\/\\\/lasentinelle.dz\\\/\",\"logo\":{\"@type\":\"ImageObject\",\"url\":\"https:\\\/\\\/lasentinelle.dz\\\/wp-content\\\/uploads\\\/2021\\\/09\\\/cropped-la-sentinelle-earth-golden-anima-5.gif\",\"@id\":\"https:\\\/\\\/lasentinelle.dz\\\/index.php\\\/2022\\\/01\\\/31\\\/guelma-une-piste-dathletisme-en-montagne\\\/#organizationLogo\",\"width\":450,\"height\":213},\"image\":{\"@id\":\"https:\\\/\\\/lasentinelle.dz\\\/index.php\\\/2022\\\/01\\\/31\\\/guelma-une-piste-dathletisme-en-montagne\\\/#organizationLogo\"},\"sameAs\":[\"https:\\\/\\\/www.facebook.com\\\/azzedine.lasentinelle.1\"]},{\"@type\":\"Person\",\"@id\":\"https:\\\/\\\/lasentinelle.dz\\\/author\\\/redaction\\\/#author\",\"url\":\"https:\\\/\\\/lasentinelle.dz\\\/author\\\/redaction\\\/\",\"name\":\"La Sentinelle\",\"image\":{\"@type\":\"ImageObject\",\"@id\":\"https:\\\/\\\/lasentinelle.dz\\\/index.php\\\/2022\\\/01\\\/31\\\/guelma-une-piste-dathletisme-en-montagne\\\/#authorImage\",\"url\":\"https:\\\/\\\/secure.gravatar.com\\\/avatar\\\/57de8e5d4b15d43fb361a71fbb36338450fe67865b528a43dd10ef7c51a20392?s=96&d=mm&r=g\",\"width\":96,\"height\":96,\"caption\":\"La Sentinelle\"}},{\"@type\":\"WebPage\",\"@id\":\"https:\\\/\\\/lasentinelle.dz\\\/index.php\\\/2022\\\/01\\\/31\\\/guelma-une-piste-dathletisme-en-montagne\\\/#webpage\",\"url\":\"https:\\\/\\\/lasentinelle.dz\\\/index.php\\\/2022\\\/01\\\/31\\\/guelma-une-piste-dathletisme-en-montagne\\\/\",\"name\":\"Guelma : Une piste d\\u2019athl\\u00e9tisme en montagne - La Sentinelle\",\"description\":\"Dans une initiative destin\\u00e9e \\u00e0 encourager la pratique du sport \\u00e0 Guelma et plus pr\\u00e9cis\\u00e9ment la discipline de l\\u2019athl\\u00e9tisme, la Direction de la jeunesse et des sports et en \\u00e9troite collaboration avec la Direction des travaux publiques et l\\u2019Assembl\\u00e9 populaire communale de Ben-Djerah, a proc\\u00e9d\\u00e9 \\u00e0 l\\u2019ouverture d\\u2019une piste d\\u2019athl\\u00e9tisme en montagne, au niveau du mont Ain-Sefra. En effet, la piste qui se trouve en\",\"inLanguage\":\"fr-FR\",\"isPartOf\":{\"@id\":\"https:\\\/\\\/lasentinelle.dz\\\/#website\"},\"breadcrumb\":{\"@id\":\"https:\\\/\\\/lasentinelle.dz\\\/index.php\\\/2022\\\/01\\\/31\\\/guelma-une-piste-dathletisme-en-montagne\\\/#breadcrumblist\"},\"author\":{\"@id\":\"https:\\\/\\\/lasentinelle.dz\\\/author\\\/redaction\\\/#author\"},\"creator\":{\"@id\":\"https:\\\/\\\/lasentinelle.dz\\\/author\\\/redaction\\\/#author\"},\"image\":{\"@type\":\"ImageObject\",\"url\":\"https:\\\/\\\/lasentinelle.dz\\\/wp-content\\\/uploads\\\/2022\\\/01\\\/gulema.jpg\",\"@id\":\"https:\\\/\\\/lasentinelle.dz\\\/index.php\\\/2022\\\/01\\\/31\\\/guelma-une-piste-dathletisme-en-montagne\\\/#mainImage\",\"width\":718,\"height\":960},\"primaryImageOfPage\":{\"@id\":\"https:\\\/\\\/lasentinelle.dz\\\/index.php\\\/2022\\\/01\\\/31\\\/guelma-une-piste-dathletisme-en-montagne\\\/#mainImage\"},\"datePublished\":\"2022-01-31T00:01:00+01:00\",\"dateModified\":\"2022-01-30T17:40:59+01:00\"},{\"@type\":\"WebSite\",\"@id\":\"https:\\\/\\\/lasentinelle.dz\\\/#website\",\"url\":\"https:\\\/\\\/lasentinelle.dz\\\/\",\"name\":\"La Sentinelle\",\"description\":\"Quotidien national d'information\",\"inLanguage\":\"fr-FR\",\"publisher\":{\"@id\":\"https:\\\/\\\/lasentinelle.dz\\\/#organization\"}}]}\n\t\t<\/script>\n\t\t<!-- All in One SEO -->\n\n","aioseo_head_json":{"title":"Guelma : Une piste d\u2019athl\u00e9tisme en montagne - La Sentinelle","description":"Dans une initiative destin\u00e9e \u00e0 encourager la pratique du sport \u00e0 Guelma et plus pr\u00e9cis\u00e9ment la discipline de l\u2019athl\u00e9tisme, la Direction de la jeunesse et des sports et en \u00e9troite collaboration avec la Direction des travaux publiques et l\u2019Assembl\u00e9 populaire communale de Ben-Djerah, a proc\u00e9d\u00e9 \u00e0 l\u2019ouverture d\u2019une piste d\u2019athl\u00e9tisme en montagne, au niveau du mont Ain-Sefra. En effet, la piste qui se trouve en","canonical_url":"https:\/\/lasentinelle.dz\/index.php\/2022\/01\/31\/guelma-une-piste-dathletisme-en-montagne\/","robots":"max-image-preview:large","keywords":"","webmasterTools":{"miscellaneous":""},"schema":{"@context":"https:\/\/schema.org","@graph":[{"@type":"BlogPosting","@id":"https:\/\/lasentinelle.dz\/index.php\/2022\/01\/31\/guelma-une-piste-dathletisme-en-montagne\/#blogposting","name":"Guelma : Une piste d\u2019athl\u00e9tisme en montagne - La Sentinelle","headline":"Guelma\u00a0: Une piste d\u2019athl\u00e9tisme\u00a0en\u00a0montagne\u00a0","author":{"@id":"https:\/\/lasentinelle.dz\/author\/redaction\/#author"},"publisher":{"@id":"https:\/\/lasentinelle.dz\/#organization"},"image":{"@type":"ImageObject","url":"https:\/\/lasentinelle.dz\/wp-content\/uploads\/2022\/01\/gulema.jpg","width":718,"height":960},"datePublished":"2022-01-31T00:01:00+01:00","dateModified":"2022-01-30T17:40:59+01:00","inLanguage":"fr-FR","mainEntityOfPage":{"@id":"https:\/\/lasentinelle.dz\/index.php\/2022\/01\/31\/guelma-une-piste-dathletisme-en-montagne\/#webpage"},"isPartOf":{"@id":"https:\/\/lasentinelle.dz\/index.php\/2022\/01\/31\/guelma-une-piste-dathletisme-en-montagne\/#webpage"},"articleSection":"R\u00e9gions"},{"@type":"BreadcrumbList","@id":"https:\/\/lasentinelle.dz\/index.php\/2022\/01\/31\/guelma-une-piste-dathletisme-en-montagne\/#breadcrumblist","itemListElement":[{"@type":"ListItem","@id":"https:\/\/lasentinelle.dz#listItem","position":1,"name":"Home","item":"https:\/\/lasentinelle.dz","nextItem":{"@type":"ListItem","@id":"https:\/\/lasentinelle.dz\/index.php\/category\/regions\/#listItem","name":"R\u00e9gions"}},{"@type":"ListItem","@id":"https:\/\/lasentinelle.dz\/index.php\/category\/regions\/#listItem","position":2,"name":"R\u00e9gions","item":"https:\/\/lasentinelle.dz\/index.php\/category\/regions\/","nextItem":{"@type":"ListItem","@id":"https:\/\/lasentinelle.dz\/index.php\/2022\/01\/31\/guelma-une-piste-dathletisme-en-montagne\/#listItem","name":"Guelma\u00a0: Une piste d\u2019athl\u00e9tisme\u00a0en\u00a0montagne\u00a0"},"previousItem":{"@type":"ListItem","@id":"https:\/\/lasentinelle.dz#listItem","name":"Home"}},{"@type":"ListItem","@id":"https:\/\/lasentinelle.dz\/index.php\/2022\/01\/31\/guelma-une-piste-dathletisme-en-montagne\/#listItem","position":3,"name":"Guelma\u00a0: Une piste d\u2019athl\u00e9tisme\u00a0en\u00a0montagne\u00a0","previousItem":{"@type":"ListItem","@id":"https:\/\/lasentinelle.dz\/index.php\/category\/regions\/#listItem","name":"R\u00e9gions"}}]},{"@type":"Organization","@id":"https:\/\/lasentinelle.dz\/#organization","name":"La Sentinelle La Sentinelle","description":"Quotidien national d'information","url":"https:\/\/lasentinelle.dz\/","logo":{"@type":"ImageObject","url":"https:\/\/lasentinelle.dz\/wp-content\/uploads\/2021\/09\/cropped-la-sentinelle-earth-golden-anima-5.gif","@id":"https:\/\/lasentinelle.dz\/index.php\/2022\/01\/31\/guelma-une-piste-dathletisme-en-montagne\/#organizationLogo","width":450,"height":213},"image":{"@id":"https:\/\/lasentinelle.dz\/index.php\/2022\/01\/31\/guelma-une-piste-dathletisme-en-montagne\/#organizationLogo"},"sameAs":["https:\/\/www.facebook.com\/azzedine.lasentinelle.1"]},{"@type":"Person","@id":"https:\/\/lasentinelle.dz\/author\/redaction\/#author","url":"https:\/\/lasentinelle.dz\/author\/redaction\/","name":"La Sentinelle","image":{"@type":"ImageObject","@id":"https:\/\/lasentinelle.dz\/index.php\/2022\/01\/31\/guelma-une-piste-dathletisme-en-montagne\/#authorImage","url":"https:\/\/secure.gravatar.com\/avatar\/57de8e5d4b15d43fb361a71fbb36338450fe67865b528a43dd10ef7c51a20392?s=96&d=mm&r=g","width":96,"height":96,"caption":"La Sentinelle"}},{"@type":"WebPage","@id":"https:\/\/lasentinelle.dz\/index.php\/2022\/01\/31\/guelma-une-piste-dathletisme-en-montagne\/#webpage","url":"https:\/\/lasentinelle.dz\/index.php\/2022\/01\/31\/guelma-une-piste-dathletisme-en-montagne\/","name":"Guelma : Une piste d\u2019athl\u00e9tisme en montagne - La Sentinelle","description":"Dans une initiative destin\u00e9e \u00e0 encourager la pratique du sport \u00e0 Guelma et plus pr\u00e9cis\u00e9ment la discipline de l\u2019athl\u00e9tisme, la Direction de la jeunesse et des sports et en \u00e9troite collaboration avec la Direction des travaux publiques et l\u2019Assembl\u00e9 populaire communale de Ben-Djerah, a proc\u00e9d\u00e9 \u00e0 l\u2019ouverture d\u2019une piste d\u2019athl\u00e9tisme en montagne, au niveau du mont Ain-Sefra. En effet, la piste qui se trouve en","inLanguage":"fr-FR","isPartOf":{"@id":"https:\/\/lasentinelle.dz\/#website"},"breadcrumb":{"@id":"https:\/\/lasentinelle.dz\/index.php\/2022\/01\/31\/guelma-une-piste-dathletisme-en-montagne\/#breadcrumblist"},"author":{"@id":"https:\/\/lasentinelle.dz\/author\/redaction\/#author"},"creator":{"@id":"https:\/\/lasentinelle.dz\/author\/redaction\/#author"},"image":{"@type":"ImageObject","url":"https:\/\/lasentinelle.dz\/wp-content\/uploads\/2022\/01\/gulema.jpg","@id":"https:\/\/lasentinelle.dz\/index.php\/2022\/01\/31\/guelma-une-piste-dathletisme-en-montagne\/#mainImage","width":718,"height":960},"primaryImageOfPage":{"@id":"https:\/\/lasentinelle.dz\/index.php\/2022\/01\/31\/guelma-une-piste-dathletisme-en-montagne\/#mainImage"},"datePublished":"2022-01-31T00:01:00+01:00","dateModified":"2022-01-30T17:40:59+01:00"},{"@type":"WebSite","@id":"https:\/\/lasentinelle.dz\/#website","url":"https:\/\/lasentinelle.dz\/","name":"La Sentinelle","description":"Quotidien national d'information","inLanguage":"fr-FR","publisher":{"@id":"https:\/\/lasentinelle.dz\/#organization"}}]},"og:locale":"fr_FR","og:site_name":"La Sentinelle - Quotidien national d'information","og:type":"article","og:title":"Guelma : Une piste d\u2019athl\u00e9tisme en montagne - La Sentinelle","og:description":"Dans une initiative destin\u00e9e \u00e0 encourager la pratique du sport \u00e0 Guelma et plus pr\u00e9cis\u00e9ment la discipline de l\u2019athl\u00e9tisme, la Direction de la jeunesse et des sports et en \u00e9troite collaboration avec la Direction des travaux publiques et l\u2019Assembl\u00e9 populaire communale de Ben-Djerah, a proc\u00e9d\u00e9 \u00e0 l\u2019ouverture d\u2019une piste d\u2019athl\u00e9tisme en montagne, au niveau du mont Ain-Sefra. En effet, la piste qui se trouve en","og:url":"https:\/\/lasentinelle.dz\/index.php\/2022\/01\/31\/guelma-une-piste-dathletisme-en-montagne\/","og:image":"https:\/\/lasentinelle.dz\/wp-content\/uploads\/2021\/09\/cropped-la-sentinelle-earth-golden-anima-5.gif","og:image:secure_url":"https:\/\/lasentinelle.dz\/wp-content\/uploads\/2021\/09\/cropped-la-sentinelle-earth-golden-anima-5.gif","og:image:width":450,"og:image:height":213,"article:published_time":"2022-01-30T23:01:00+00:00","article:modified_time":"2022-01-30T16:40:59+00:00","article:publisher":"https:\/\/www.facebook.com\/azzedine.lasentinelle.1","twitter:card":"summary_large_image","twitter:title":"Guelma : Une piste d\u2019athl\u00e9tisme en montagne - La Sentinelle","twitter:description":"Dans une initiative destin\u00e9e \u00e0 encourager la pratique du sport \u00e0 Guelma et plus pr\u00e9cis\u00e9ment la discipline de l\u2019athl\u00e9tisme, la Direction de la jeunesse et des sports et en \u00e9troite collaboration avec la Direction des travaux publiques et l\u2019Assembl\u00e9 populaire communale de Ben-Djerah, a proc\u00e9d\u00e9 \u00e0 l\u2019ouverture d\u2019une piste d\u2019athl\u00e9tisme en montagne, au niveau du mont Ain-Sefra. En effet, la piste qui se trouve en","twitter:image":"https:\/\/lasentinelle.dz\/wp-content\/uploads\/2021\/09\/cropped-la-sentinelle-earth-golden-anima-5.gif"},"aioseo_meta_data":{"post_id":"16253","title":null,"description":null,"keywords":null,"keyphrases":null,"primary_term":null,"canonical_url":null,"og_title":null,"og_description":null,"og_object_type":"default","og_image_type":"default","og_image_url":null,"og_image_width":null,"og_image_height":null,"og_image_custom_url":null,"og_image_custom_fields":null,"og_video":null,"og_custom_url":null,"og_article_section":null,"og_article_tags":null,"twitter_use_og":false,"twitter_card":"default","twitter_image_type":"default","twitter_image_url":null,"twitter_image_custom_url":null,"twitter_image_custom_fields":null,"twitter_title":null,"twitter_description":null,"schema":{"blockGraphs":[],"customGraphs":[],"default":{"data":{"Article":[],"Course":[],"Dataset":[],"FAQPage":[],"Movie":[],"Person":[],"Product":[],"ProductReview":[],"Car":[],"Recipe":[],"Service":[],"SoftwareApplication":[],"WebPage":[]},"graphName":"","isEnabled":true},"graphs":[]},"schema_type":"default","schema_type_options":null,"pillar_content":false,"robots_default":true,"robots_noindex":false,"robots_noarchive":false,"robots_nosnippet":false,"robots_nofollow":false,"robots_noimageindex":false,"robots_noodp":false,"robots_notranslate":false,"robots_max_snippet":null,"robots_max_videopreview":null,"robots_max_imagepreview":"large","priority":null,"frequency":null,"local_seo":null,"breadcrumb_settings":null,"limit_modified_date":false,"ai":null,"created":"2026-04-24 18:44:31","updated":"2026-04-24 18:44:31","focus_keyword":null,"additional_keywords":null,"truseo_locale":null,"seo_analyzer_scan_date":null},"aioseo_breadcrumb":"<div class=\"aioseo-breadcrumbs\"><span class=\"aioseo-breadcrumb\">\n\t\t\t<a href=\"https:\/\/lasentinelle.dz\" title=\"Home\">Home<\/a>\n\t\t<\/span><span class=\"aioseo-breadcrumb-separator\">&raquo;<\/span><span class=\"aioseo-breadcrumb\">\n\t\t\t<a href=\"https:\/\/lasentinelle.dz\/index.php\/category\/regions\/\" title=\"R\u00e9gions\">R\u00e9gions<\/a>\n\t\t<\/span><span class=\"aioseo-breadcrumb-separator\">&raquo;<\/span><span class=\"aioseo-breadcrumb\">\n\t\t\tGuelma : Une piste d\u2019athl\u00e9tisme en montagne \n\t\t<\/span><\/div>","aioseo_breadcrumb_json":[{"label":"Home","link":"https:\/\/lasentinelle.dz"},{"label":"R\u00e9gions","link":"https:\/\/lasentinelle.dz\/index.php\/category\/regions\/"},{"label":"Guelma\u00a0: Une piste d\u2019athl\u00e9tisme\u00a0en\u00a0montagne\u00a0","link":"https:\/\/lasentinelle.dz\/index.php\/2022\/01\/31\/guelma-une-piste-dathletisme-en-montagne\/"}],"yoast_head":"<!-- This site is optimized with the Yoast SEO plugin v28.4 - https:\/\/yoast.com\/product\/yoast-seo-wordpress\/ -->\n<title>Guelma\u00a0: Une piste d\u2019athl\u00e9tisme\u00a0en\u00a0montagne\u00a0 - La Sentinelle<\/title>\n<meta name=\"robots\" content=\"index, follow, max-snippet:-1, max-image-preview:large, max-video-preview:-1\" \/>\n<link rel=\"canonical\" href=\"https:\/\/lasentinelle.dz\/index.php\/2022\/01\/31\/guelma-une-piste-dathletisme-en-montagne\/\" \/>\n<meta property=\"og:locale\" content=\"fr_FR\" \/>\n<meta property=\"og:type\" content=\"article\" \/>\n<meta property=\"og:title\" content=\"Guelma\u00a0: Une piste d\u2019athl\u00e9tisme\u00a0en\u00a0montagne\u00a0 - La Sentinelle\" \/>\n<meta property=\"og:description\" content=\"Dans une initiative&nbsp;destin\u00e9e&nbsp;\u00e0&nbsp;encourager la pratique du sport \u00e0 Guelma et plus pr\u00e9cis\u00e9ment la discipline de l\u2019athl\u00e9tisme, la&nbsp;Direction de la jeunesse\" \/>\n<meta property=\"og:url\" content=\"https:\/\/lasentinelle.dz\/index.php\/2022\/01\/31\/guelma-une-piste-dathletisme-en-montagne\/\" \/>\n<meta property=\"og:site_name\" content=\"La Sentinelle\" \/>\n<meta property=\"article:publisher\" content=\"https:\/\/www.facebook.com\/La-Sentinelle-104059864394773\" \/>\n<meta property=\"article:published_time\" content=\"2022-01-30T23:01:00+00:00\" \/>\n<meta property=\"og:image\" content=\"https:\/\/lasentinelle.dz\/wp-content\/uploads\/2022\/01\/gulema.jpg\" \/>\n\t<meta property=\"og:image:width\" content=\"718\" \/>\n\t<meta property=\"og:image:height\" content=\"960\" \/>\n\t<meta property=\"og:image:type\" content=\"image\/jpeg\" \/>\n<meta name=\"author\" content=\"La Sentinelle\" \/>\n<meta name=\"twitter:card\" content=\"summary_large_image\" \/>\n<meta name=\"twitter:label1\" content=\"\u00c9crit par\" \/>\n\t<meta name=\"twitter:data1\" content=\"La Sentinelle\" \/>\n\t<meta name=\"twitter:label2\" content=\"Dur\u00e9e de lecture estim\u00e9e\" \/>\n\t<meta name=\"twitter:data2\" content=\"2 minutes\" \/>\n<script type=\"application\/ld+json\" class=\"yoast-schema-graph\">{\"@context\":\"https:\\\/\\\/schema.org\",\"@graph\":[{\"@type\":\"Article\",\"@id\":\"https:\\\/\\\/lasentinelle.dz\\\/index.php\\\/2022\\\/01\\\/31\\\/guelma-une-piste-dathletisme-en-montagne\\\/#article\",\"isPartOf\":{\"@id\":\"https:\\\/\\\/lasentinelle.dz\\\/index.php\\\/2022\\\/01\\\/31\\\/guelma-une-piste-dathletisme-en-montagne\\\/\"},\"author\":{\"name\":\"La Sentinelle\",\"@id\":\"https:\\\/\\\/lasentinelle.dz\\\/#\\\/schema\\\/person\\\/d865044e22e70a75174ce8bcad3acfb3\"},\"headline\":\"Guelma\u00a0: Une piste d\u2019athl\u00e9tisme\u00a0en\u00a0montagne\u00a0\",\"datePublished\":\"2022-01-30T23:01:00+00:00\",\"mainEntityOfPage\":{\"@id\":\"https:\\\/\\\/lasentinelle.dz\\\/index.php\\\/2022\\\/01\\\/31\\\/guelma-une-piste-dathletisme-en-montagne\\\/\"},\"wordCount\":291,\"commentCount\":0,\"publisher\":{\"@id\":\"https:\\\/\\\/lasentinelle.dz\\\/#organization\"},\"image\":{\"@id\":\"https:\\\/\\\/lasentinelle.dz\\\/index.php\\\/2022\\\/01\\\/31\\\/guelma-une-piste-dathletisme-en-montagne\\\/#primaryimage\"},\"thumbnailUrl\":\"https:\\\/\\\/lasentinelle.dz\\\/wp-content\\\/uploads\\\/2022\\\/01\\\/gulema.jpg\",\"articleSection\":[\"R\u00e9gions\"],\"inLanguage\":\"fr-FR\",\"potentialAction\":[{\"@type\":\"CommentAction\",\"name\":\"Comment\",\"target\":[\"https:\\\/\\\/lasentinelle.dz\\\/index.php\\\/2022\\\/01\\\/31\\\/guelma-une-piste-dathletisme-en-montagne\\\/#respond\"]}]},{\"@type\":\"WebPage\",\"@id\":\"https:\\\/\\\/lasentinelle.dz\\\/index.php\\\/2022\\\/01\\\/31\\\/guelma-une-piste-dathletisme-en-montagne\\\/\",\"url\":\"https:\\\/\\\/lasentinelle.dz\\\/index.php\\\/2022\\\/01\\\/31\\\/guelma-une-piste-dathletisme-en-montagne\\\/\",\"name\":\"Guelma\u00a0: Une piste d\u2019athl\u00e9tisme\u00a0en\u00a0montagne\u00a0 - La Sentinelle\",\"isPartOf\":{\"@id\":\"https:\\\/\\\/lasentinelle.dz\\\/#website\"},\"primaryImageOfPage\":{\"@id\":\"https:\\\/\\\/lasentinelle.dz\\\/index.php\\\/2022\\\/01\\\/31\\\/guelma-une-piste-dathletisme-en-montagne\\\/#primaryimage\"},\"image\":{\"@id\":\"https:\\\/\\\/lasentinelle.dz\\\/index.php\\\/2022\\\/01\\\/31\\\/guelma-une-piste-dathletisme-en-montagne\\\/#primaryimage\"},\"thumbnailUrl\":\"https:\\\/\\\/lasentinelle.dz\\\/wp-content\\\/uploads\\\/2022\\\/01\\\/gulema.jpg\",\"datePublished\":\"2022-01-30T23:01:00+00:00\",\"breadcrumb\":{\"@id\":\"https:\\\/\\\/lasentinelle.dz\\\/index.php\\\/2022\\\/01\\\/31\\\/guelma-une-piste-dathletisme-en-montagne\\\/#breadcrumb\"},\"inLanguage\":\"fr-FR\",\"potentialAction\":[{\"@type\":\"ReadAction\",\"target\":[\"https:\\\/\\\/lasentinelle.dz\\\/index.php\\\/2022\\\/01\\\/31\\\/guelma-une-piste-dathletisme-en-montagne\\\/\"]}]},{\"@type\":\"ImageObject\",\"inLanguage\":\"fr-FR\",\"@id\":\"https:\\\/\\\/lasentinelle.dz\\\/index.php\\\/2022\\\/01\\\/31\\\/guelma-une-piste-dathletisme-en-montagne\\\/#primaryimage\",\"url\":\"https:\\\/\\\/lasentinelle.dz\\\/wp-content\\\/uploads\\\/2022\\\/01\\\/gulema.jpg\",\"contentUrl\":\"https:\\\/\\\/lasentinelle.dz\\\/wp-content\\\/uploads\\\/2022\\\/01\\\/gulema.jpg\",\"width\":718,\"height\":960},{\"@type\":\"BreadcrumbList\",\"@id\":\"https:\\\/\\\/lasentinelle.dz\\\/index.php\\\/2022\\\/01\\\/31\\\/guelma-une-piste-dathletisme-en-montagne\\\/#breadcrumb\",\"itemListElement\":[{\"@type\":\"ListItem\",\"position\":1,\"name\":\"Accueil\",\"item\":\"https:\\\/\\\/lasentinelle.dz\\\/\"},{\"@type\":\"ListItem\",\"position\":2,\"name\":\"Guelma\u00a0: Une piste d\u2019athl\u00e9tisme\u00a0en\u00a0montagne\u00a0\"}]},{\"@type\":\"WebSite\",\"@id\":\"https:\\\/\\\/lasentinelle.dz\\\/#website\",\"url\":\"https:\\\/\\\/lasentinelle.dz\\\/\",\"name\":\"La Sentinelle\",\"description\":\"Quotidien national d&#039;information\",\"publisher\":{\"@id\":\"https:\\\/\\\/lasentinelle.dz\\\/#organization\"},\"potentialAction\":[{\"@type\":\"SearchAction\",\"target\":{\"@type\":\"EntryPoint\",\"urlTemplate\":\"https:\\\/\\\/lasentinelle.dz\\\/?s={search_term_string}\"},\"query-input\":{\"@type\":\"PropertyValueSpecification\",\"valueRequired\":true,\"valueName\":\"search_term_string\"}}],\"inLanguage\":\"fr-FR\"},{\"@type\":\"Organization\",\"@id\":\"https:\\\/\\\/lasentinelle.dz\\\/#organization\",\"name\":\"Quotidien La Sentinelle\",\"url\":\"https:\\\/\\\/lasentinelle.dz\\\/\",\"logo\":{\"@type\":\"ImageObject\",\"inLanguage\":\"fr-FR\",\"@id\":\"https:\\\/\\\/lasentinelle.dz\\\/#\\\/schema\\\/logo\\\/image\\\/\",\"url\":\"https:\\\/\\\/lasentinelle.dz\\\/wp-content\\\/uploads\\\/2021\\\/09\\\/logo-sentinelleSLOGAN-1.png\",\"contentUrl\":\"https:\\\/\\\/lasentinelle.dz\\\/wp-content\\\/uploads\\\/2021\\\/09\\\/logo-sentinelleSLOGAN-1.png\",\"width\":615,\"height\":142,\"caption\":\"Quotidien La Sentinelle\"},\"image\":{\"@id\":\"https:\\\/\\\/lasentinelle.dz\\\/#\\\/schema\\\/logo\\\/image\\\/\"},\"sameAs\":[\"https:\\\/\\\/www.facebook.com\\\/La-Sentinelle-104059864394773\"]},{\"@type\":\"Person\",\"@id\":\"https:\\\/\\\/lasentinelle.dz\\\/#\\\/schema\\\/person\\\/d865044e22e70a75174ce8bcad3acfb3\",\"name\":\"La Sentinelle\",\"image\":{\"@type\":\"ImageObject\",\"inLanguage\":\"fr-FR\",\"@id\":\"https:\\\/\\\/secure.gravatar.com\\\/avatar\\\/57de8e5d4b15d43fb361a71fbb36338450fe67865b528a43dd10ef7c51a20392?s=96&d=mm&r=g\",\"url\":\"https:\\\/\\\/secure.gravatar.com\\\/avatar\\\/57de8e5d4b15d43fb361a71fbb36338450fe67865b528a43dd10ef7c51a20392?s=96&d=mm&r=g\",\"contentUrl\":\"https:\\\/\\\/secure.gravatar.com\\\/avatar\\\/57de8e5d4b15d43fb361a71fbb36338450fe67865b528a43dd10ef7c51a20392?s=96&d=mm&r=g\",\"caption\":\"La Sentinelle\"},\"sameAs\":[\"http:\\\/\\\/www.lasentinelle.dz\"],\"url\":\"https:\\\/\\\/lasentinelle.dz\\\/author\\\/redaction\\\/\"}]}<\/script>\n<!-- \/ Yoast SEO plugin. -->","yoast_head_json":{"title":"Guelma\u00a0: Une piste d\u2019athl\u00e9tisme\u00a0en\u00a0montagne\u00a0 - La Sentinelle","robots":{"index":"index","follow":"follow","max-snippet":"max-snippet:-1","max-image-preview":"max-image-preview:large","max-video-preview":"max-video-preview:-1"},"canonical":"https:\/\/lasentinelle.dz\/index.php\/2022\/01\/31\/guelma-une-piste-dathletisme-en-montagne\/","og_locale":"fr_FR","og_type":"article","og_title":"Guelma\u00a0: Une piste d\u2019athl\u00e9tisme\u00a0en\u00a0montagne\u00a0 - La Sentinelle","og_description":"Dans une initiative&nbsp;destin\u00e9e&nbsp;\u00e0&nbsp;encourager la pratique du sport \u00e0 Guelma et plus pr\u00e9cis\u00e9ment la discipline de l\u2019athl\u00e9tisme, la&nbsp;Direction de la jeunesse","og_url":"https:\/\/lasentinelle.dz\/index.php\/2022\/01\/31\/guelma-une-piste-dathletisme-en-montagne\/","og_site_name":"La Sentinelle","article_publisher":"https:\/\/www.facebook.com\/La-Sentinelle-104059864394773","article_published_time":"2022-01-30T23:01:00+00:00","og_image":[{"width":718,"height":960,"url":"https:\/\/lasentinelle.dz\/wp-content\/uploads\/2022\/01\/gulema.jpg","type":"image\/jpeg"}],"author":"La Sentinelle","twitter_card":"summary_large_image","twitter_misc":{"\u00c9crit par":"La Sentinelle","Dur\u00e9e de lecture estim\u00e9e":"2 minutes"},"schema":{"@context":"https:\/\/schema.org","@graph":[{"@type":"Article","@id":"https:\/\/lasentinelle.dz\/index.php\/2022\/01\/31\/guelma-une-piste-dathletisme-en-montagne\/#article","isPartOf":{"@id":"https:\/\/lasentinelle.dz\/index.php\/2022\/01\/31\/guelma-une-piste-dathletisme-en-montagne\/"},"author":{"name":"La Sentinelle","@id":"https:\/\/lasentinelle.dz\/#\/schema\/person\/d865044e22e70a75174ce8bcad3acfb3"},"headline":"Guelma\u00a0: Une piste d\u2019athl\u00e9tisme\u00a0en\u00a0montagne\u00a0","datePublished":"2022-01-30T23:01:00+00:00","mainEntityOfPage":{"@id":"https:\/\/lasentinelle.dz\/index.php\/2022\/01\/31\/guelma-une-piste-dathletisme-en-montagne\/"},"wordCount":291,"commentCount":0,"publisher":{"@id":"https:\/\/lasentinelle.dz\/#organization"},"image":{"@id":"https:\/\/lasentinelle.dz\/index.php\/2022\/01\/31\/guelma-une-piste-dathletisme-en-montagne\/#primaryimage"},"thumbnailUrl":"https:\/\/lasentinelle.dz\/wp-content\/uploads\/2022\/01\/gulema.jpg","articleSection":["R\u00e9gions"],"inLanguage":"fr-FR","potentialAction":[{"@type":"CommentAction","name":"Comment","target":["https:\/\/lasentinelle.dz\/index.php\/2022\/01\/31\/guelma-une-piste-dathletisme-en-montagne\/#respond"]}]},{"@type":"WebPage","@id":"https:\/\/lasentinelle.dz\/index.php\/2022\/01\/31\/guelma-une-piste-dathletisme-en-montagne\/","url":"https:\/\/lasentinelle.dz\/index.php\/2022\/01\/31\/guelma-une-piste-dathletisme-en-montagne\/","name":"Guelma\u00a0: Une piste d\u2019athl\u00e9tisme\u00a0en\u00a0montagne\u00a0 - La Sentinelle","isPartOf":{"@id":"https:\/\/lasentinelle.dz\/#website"},"primaryImageOfPage":{"@id":"https:\/\/lasentinelle.dz\/index.php\/2022\/01\/31\/guelma-une-piste-dathletisme-en-montagne\/#primaryimage"},"image":{"@id":"https:\/\/lasentinelle.dz\/index.php\/2022\/01\/31\/guelma-une-piste-dathletisme-en-montagne\/#primaryimage"},"thumbnailUrl":"https:\/\/lasentinelle.dz\/wp-content\/uploads\/2022\/01\/gulema.jpg","datePublished":"2022-01-30T23:01:00+00:00","breadcrumb":{"@id":"https:\/\/lasentinelle.dz\/index.php\/2022\/01\/31\/guelma-une-piste-dathletisme-en-montagne\/#breadcrumb"},"inLanguage":"fr-FR","potentialAction":[{"@type":"ReadAction","target":["https:\/\/lasentinelle.dz\/index.php\/2022\/01\/31\/guelma-une-piste-dathletisme-en-montagne\/"]}]},{"@type":"ImageObject","inLanguage":"fr-FR","@id":"https:\/\/lasentinelle.dz\/index.php\/2022\/01\/31\/guelma-une-piste-dathletisme-en-montagne\/#primaryimage","url":"https:\/\/lasentinelle.dz\/wp-content\/uploads\/2022\/01\/gulema.jpg","contentUrl":"https:\/\/lasentinelle.dz\/wp-content\/uploads\/2022\/01\/gulema.jpg","width":718,"height":960},{"@type":"BreadcrumbList","@id":"https:\/\/lasentinelle.dz\/index.php\/2022\/01\/31\/guelma-une-piste-dathletisme-en-montagne\/#breadcrumb","itemListElement":[{"@type":"ListItem","position":1,"name":"Accueil","item":"https:\/\/lasentinelle.dz\/"},{"@type":"ListItem","position":2,"name":"Guelma\u00a0: Une piste d\u2019athl\u00e9tisme\u00a0en\u00a0montagne\u00a0"}]},{"@type":"WebSite","@id":"https:\/\/lasentinelle.dz\/#website","url":"https:\/\/lasentinelle.dz\/","name":"La Sentinelle","description":"Quotidien national d&#039;information","publisher":{"@id":"https:\/\/lasentinelle.dz\/#organization"},"potentialAction":[{"@type":"SearchAction","target":{"@type":"EntryPoint","urlTemplate":"https:\/\/lasentinelle.dz\/?s={search_term_string}"},"query-input":{"@type":"PropertyValueSpecification","valueRequired":true,"valueName":"search_term_string"}}],"inLanguage":"fr-FR"},{"@type":"Organization","@id":"https:\/\/lasentinelle.dz\/#organization","name":"Quotidien La Sentinelle","url":"https:\/\/lasentinelle.dz\/","logo":{"@type":"ImageObject","inLanguage":"fr-FR","@id":"https:\/\/lasentinelle.dz\/#\/schema\/logo\/image\/","url":"https:\/\/lasentinelle.dz\/wp-content\/uploads\/2021\/09\/logo-sentinelleSLOGAN-1.png","contentUrl":"https:\/\/lasentinelle.dz\/wp-content\/uploads\/2021\/09\/logo-sentinelleSLOGAN-1.png","width":615,"height":142,"caption":"Quotidien La Sentinelle"},"image":{"@id":"https:\/\/lasentinelle.dz\/#\/schema\/logo\/image\/"},"sameAs":["https:\/\/www.facebook.com\/La-Sentinelle-104059864394773"]},{"@type":"Person","@id":"https:\/\/lasentinelle.dz\/#\/schema\/person\/d865044e22e70a75174ce8bcad3acfb3","name":"La Sentinelle","image":{"@type":"ImageObject","inLanguage":"fr-FR","@id":"https:\/\/secure.gravatar.com\/avatar\/57de8e5d4b15d43fb361a71fbb36338450fe67865b528a43dd10ef7c51a20392?s=96&d=mm&r=g","url":"https:\/\/secure.gravatar.com\/avatar\/57de8e5d4b15d43fb361a71fbb36338450fe67865b528a43dd10ef7c51a20392?s=96&d=mm&r=g","contentUrl":"https:\/\/secure.gravatar.com\/avatar\/57de8e5d4b15d43fb361a71fbb36338450fe67865b528a43dd10ef7c51a20392?s=96&d=mm&r=g","caption":"La Sentinelle"},"sameAs":["http:\/\/www.lasentinelle.dz"],"url":"https:\/\/lasentinelle.dz\/author\/redaction\/"}]}},"_links":{"self":[{"href":"https:\/\/lasentinelle.dz\/index.php\/wp-json\/wp\/v2\/posts\/16253","targetHints":{"allow":["GET"]}}],"collection":[{"href":"https:\/\/lasentinelle.dz\/index.php\/wp-json\/wp\/v2\/posts"}],"about":[{"href":"https:\/\/lasentinelle.dz\/index.php\/wp-json\/wp\/v2\/types\/post"}],"author":[{"embeddable":true,"href":"https:\/\/lasentinelle.dz\/index.php\/wp-json\/wp\/v2\/users\/3"}],"replies":[{"embeddable":true,"href":"https:\/\/lasentinelle.dz\/index.php\/wp-json\/wp\/v2\/comments?post=16253"}],"version-history":[{"count":1,"href":"https:\/\/lasentinelle.dz\/index.php\/wp-json\/wp\/v2\/posts\/16253\/revisions"}],"predecessor-version":[{"id":16258,"href":"https:\/\/lasentinelle.dz\/index.php\/wp-json\/wp\/v2\/posts\/16253\/revisions\/16258"}],"wp:featuredmedia":[{"embeddable":true,"href":"https:\/\/lasentinelle.dz\/index.php\/wp-json\/wp\/v2\/media\/16257"}],"wp:attachment":[{"href":"https:\/\/lasentinelle.dz\/index.php\/wp-json\/wp\/v2\/media?parent=16253"}],"wp:term":[{"taxonomy":"category","embeddable":true,"href":"https:\/\/lasentinelle.dz\/index.php\/wp-json\/wp\/v2\/categories?post=16253"},{"taxonomy":"post_tag","embeddable":true,"href":"https:\/\/lasentinelle.dz\/index.php\/wp-json\/wp\/v2\/tags?post=16253"}],"curies":[{"name":"wp","href":"https:\/\/api.w.org\/{rel}","templated":true}]}}