{"id":16305,"date":"2022-02-01T00:01:00","date_gmt":"2022-01-31T23:01:00","guid":{"rendered":"https:\/\/lasentinelle.dz\/?p=16305"},"modified":"2022-01-31T17:44:35","modified_gmt":"2022-01-31T16:44:35","slug":"can-2021-un-carre-das-royal","status":"publish","type":"post","link":"https:\/\/lasentinelle.dz\/index.php\/2022\/02\/01\/can-2021-un-carre-das-royal\/","title":{"rendered":"CAN-2021\u00a0:\u00a0Un carr\u00e9 d\u2019as royal\u00a0"},"content":{"rendered":"\n<p>Apr\u00e8s le num\u00e9ro de Salah contre le Maroc, Man\u00e9 a r\u00e9gal\u00e9 \u00e0 son tour les spectateurs de Yaound\u00e9, mais avec plus de parcimonie.<\/p>\n\n\n\n<p>Le S\u00e9n\u00e9gal a mis fin au r\u00eave de la Guin\u00e9e \u00e9quatoriale (3-1) et poursuit le sien, Sadio Man\u00e9 et ses \u00ab Lions \u00bb se qualifiant pour les demi-finales de la Coupe d&rsquo;Afrique des nations quelques heures apr\u00e8s l&rsquo;Egypte de Mohamed Salah, dimanche \u00e0 Yaound\u00e9. Toujours \u00e0 la poursuite de leur premi\u00e8re CAN, les S\u00e9n\u00e9galais retrouveront dans cette m\u00eame enceinte le Burkina Faso, demain, pour une place en finale. Et apr\u00e8s un d\u00e9but de tournoi souffreteux, ils commencent \u00e0 jouer vraiment comme les favoris annonc\u00e9s, m\u00eame s&rsquo;ils ont encaiss\u00e9 leur premier but de la comp\u00e9tition. L&rsquo;\u00e9patant \u00ab Nzalang Nacional \u00bb a, en effet, vendu ch\u00e8rement sa peau, Jannick Buyla (57\u2019) annihilant le but inscrit en premi\u00e8re p\u00e9riode par Famara Dhi\u00e9diou (28\u2019) sur un service de Man\u00e9. Mais les Lions de la Teranga ont impos\u00e9 leur sup\u00e9riorit\u00e9, par Cheikhou Kouyat\u00e9 (68\u2019) et Isma\u00efla Sarr (78\u2019), tous les deux sortis du banc du stade Omnisports Amadou Ahidjo. L&rsquo;enceinte a vu bien des stars africaines depuis sa construction en 1972, Fran\u00e7ois M&rsquo;Pel\u00e9 (Congo), Roger Milla, Georges Weah (au Tonnerre Yaound\u00e9) ou Samuel Eto&rsquo;o. Dimanche soir, il a eu droit au duo de Liverpool Mohamed Salah-Sadio Man\u00e9. Apr\u00e8s le num\u00e9ro de l&rsquo;Egyptien &#8211; un but et une passe g\u00e9niale contre le Maroc dans le premier quart de finale de la journ\u00e9e (2-1 AP)-, le S\u00e9n\u00e9galais a r\u00e9gal\u00e9 \u00e0 son tour les spectateurs de Yaound\u00e9, mais avec plus de parcimonie. Acc\u00e9l\u00e9rations foudroyantes, passes de l&rsquo;ext\u00e9rieur du pied, crochets diaboliques, Man\u00e9 a jou\u00e9 une premi\u00e8re demi-heure de haut vol. Touch\u00e9 dans un choc \u00e0 la t\u00eate contre le Cap-Vert (2-0) en 8e de finale, il a ensuite un peu perdu en acuit\u00e9, mais toujours ordonn\u00e9 le jeu de son \u00e9quipe. Ses partenaires ont parfois n\u00e9glig\u00e9 ses offrandes, mais Famara Dhi\u00e9diou a parfaitement exploit\u00e9 son service dans la profondeur pour ouvrir le score d&rsquo;une frappe sur le petit c\u00f4t\u00e9 du gardien. Mais cette \u00e9quipe de Guin\u00e9e \u00e9quatoriale a d\u00e9cid\u00e9ment de la ressource et du talent et s&rsquo;est bagarr\u00e9e jusqu&rsquo;au bout. \u00ab El Picaro \u00bb (le Filou) Iban Salvador a bien essay\u00e9 d&rsquo;obtenir un penalty, sa passe allant vers la main de Kalidou Koulibaly, coll\u00e9e \u00e0 son short. Mais apr\u00e8s avoir consult\u00e9 la vid\u00e9o, l&rsquo;arbitre sud-africain Victor Miguel de Freitas est revenu sur sa d\u00e9cision. Les repr\u00e9sentants de Bata et Malabo, voisines du Cameroun, ont \u00e9galis\u00e9 au bout d&rsquo;un \u00e9patant triangle ferm\u00e9 par la frappe de Jannick Buyla, d\u00e9clenchant la folie dans le virage de ses supporters, de nombreux Equato-Guin\u00e9ens vivant \u00e0 Yaound\u00e9. Le superbe parcours du \u00ab Nzalang Nacional \u00bb s&rsquo;arr\u00eate l\u00e0, apr\u00e8s avoir battu l&rsquo;Alg\u00e9rie et \u00e9limin\u00e9 le Mali, mais sa touche espagnole a embelli la CAN. Il est malheureux, apr\u00e8s toute cette bravoure, qu&rsquo;elle soit \u00e9limin\u00e9e sur une mauvaise d\u00e9fense, le capitaine Carlos Akapo et Saul Coco se g\u00eanant pour servir bien involontairement Cheikhou Kouyat\u00e9, plus rapide que le gardien Jesus Owono. Mais c&rsquo;\u00e9tait le soir d&rsquo;autres \u00ab Reds \u00bb, Man\u00e9 et Salah, qui peuvent toujours se retrouver en finale, avant de se disputer en mars une place en Coupe du monde dans un barrage \u00e9lectrique.&nbsp;&nbsp;<\/p>\n\n\n\n<p>R. S.<\/p>\n","protected":false},"excerpt":{"rendered":"<p>Apr\u00e8s le num\u00e9ro de Salah contre le Maroc, Man\u00e9 a r\u00e9gal\u00e9 \u00e0 son tour les spectateurs de Yaound\u00e9, mais avec<\/p>\n","protected":false},"author":3,"featured_media":16311,"comment_status":"open","ping_status":"closed","sticky":false,"template":"","format":"standard","meta":{"colormag_page_container_layout":"default_layout","colormag_page_sidebar_layout":"default_layout","om_disable_all_campaigns":false,"_monsterinsights_skip_tracking":false,"_monsterinsights_sitenote_active":false,"_monsterinsights_sitenote_note":"","_monsterinsights_sitenote_category":0,"footnotes":"","_wpscppro_dont_share_socialmedia":false,"_wpscppro_custom_social_share_image":0,"_facebook_share_type":"","_twitter_share_type":"","_linkedin_share_type":"","_pinterest_share_type":"","_linkedin_share_type_page":"","_instagram_share_type":"","_medium_share_type":"","_threads_share_type":"","_google_business_share_type":"","_selected_social_profile":[],"_wpsp_enable_custom_social_template":false,"_wpsp_social_scheduling":{"enabled":false,"datetime":null,"platforms":[],"status":"template_only","dateOption":"today","timeOption":"now","customDays":"","customHours":"","customDate":"","customTime":"","schedulingType":"absolute"},"_wpsp_active_default_template":true},"categories":[33],"tags":[],"class_list":["post-16305","post","type-post","status-publish","format-standard","has-post-thumbnail","hentry","category-sports"],"aioseo_notices":[],"yoast_head":"<!-- This site is optimized with the Yoast SEO plugin v27.5 - https:\/\/yoast.com\/product\/yoast-seo-wordpress\/ -->\n<title>CAN-2021\u00a0:\u00a0Un carr\u00e9 d\u2019as royal\u00a0 - La Sentinelle<\/title>\n<meta name=\"robots\" content=\"index, follow, max-snippet:-1, max-image-preview:large, max-video-preview:-1\" \/>\n<link rel=\"canonical\" href=\"https:\/\/lasentinelle.dz\/index.php\/2022\/02\/01\/can-2021-un-carre-das-royal\/\" \/>\n<meta property=\"og:locale\" content=\"fr_FR\" \/>\n<meta property=\"og:type\" content=\"article\" \/>\n<meta property=\"og:title\" content=\"CAN-2021\u00a0:\u00a0Un carr\u00e9 d\u2019as royal\u00a0 - La Sentinelle\" \/>\n<meta property=\"og:description\" content=\"Apr\u00e8s le num\u00e9ro de Salah contre le Maroc, Man\u00e9 a r\u00e9gal\u00e9 \u00e0 son tour les spectateurs de Yaound\u00e9, mais avec\" \/>\n<meta property=\"og:url\" content=\"https:\/\/lasentinelle.dz\/index.php\/2022\/02\/01\/can-2021-un-carre-das-royal\/\" \/>\n<meta property=\"og:site_name\" content=\"La Sentinelle\" \/>\n<meta property=\"article:publisher\" content=\"https:\/\/www.facebook.com\/La-Sentinelle-104059864394773\" \/>\n<meta property=\"article:published_time\" content=\"2022-01-31T23:01:00+00:00\" \/>\n<meta property=\"og:image\" content=\"https:\/\/lasentinelle.dz\/wp-content\/uploads\/2022\/01\/Salah.jpg\" \/>\n\t<meta property=\"og:image:width\" content=\"828\" \/>\n\t<meta property=\"og:image:height\" content=\"552\" \/>\n\t<meta property=\"og:image:type\" content=\"image\/jpeg\" \/>\n<meta name=\"author\" content=\"La Sentinelle\" \/>\n<meta name=\"twitter:card\" content=\"summary_large_image\" \/>\n<meta name=\"twitter:label1\" content=\"\u00c9crit par\" \/>\n\t<meta name=\"twitter:data1\" content=\"La Sentinelle\" \/>\n\t<meta name=\"twitter:label2\" content=\"Dur\u00e9e de lecture estim\u00e9e\" \/>\n\t<meta name=\"twitter:data2\" content=\"3 minutes\" \/>\n<script type=\"application\/ld+json\" class=\"yoast-schema-graph\">{\"@context\":\"https:\\\/\\\/schema.org\",\"@graph\":[{\"@type\":\"Article\",\"@id\":\"https:\\\/\\\/lasentinelle.dz\\\/index.php\\\/2022\\\/02\\\/01\\\/can-2021-un-carre-das-royal\\\/#article\",\"isPartOf\":{\"@id\":\"https:\\\/\\\/lasentinelle.dz\\\/index.php\\\/2022\\\/02\\\/01\\\/can-2021-un-carre-das-royal\\\/\"},\"author\":{\"name\":\"La Sentinelle\",\"@id\":\"https:\\\/\\\/lasentinelle.dz\\\/#\\\/schema\\\/person\\\/d865044e22e70a75174ce8bcad3acfb3\"},\"headline\":\"CAN-2021\u00a0:\u00a0Un carr\u00e9 d\u2019as royal\u00a0\",\"datePublished\":\"2022-01-31T23:01:00+00:00\",\"mainEntityOfPage\":{\"@id\":\"https:\\\/\\\/lasentinelle.dz\\\/index.php\\\/2022\\\/02\\\/01\\\/can-2021-un-carre-das-royal\\\/\"},\"wordCount\":598,\"commentCount\":0,\"publisher\":{\"@id\":\"https:\\\/\\\/lasentinelle.dz\\\/#organization\"},\"image\":{\"@id\":\"https:\\\/\\\/lasentinelle.dz\\\/index.php\\\/2022\\\/02\\\/01\\\/can-2021-un-carre-das-royal\\\/#primaryimage\"},\"thumbnailUrl\":\"https:\\\/\\\/lasentinelle.dz\\\/wp-content\\\/uploads\\\/2022\\\/01\\\/Salah.jpg\",\"articleSection\":[\"Sports\"],\"inLanguage\":\"fr-FR\",\"potentialAction\":[{\"@type\":\"CommentAction\",\"name\":\"Comment\",\"target\":[\"https:\\\/\\\/lasentinelle.dz\\\/index.php\\\/2022\\\/02\\\/01\\\/can-2021-un-carre-das-royal\\\/#respond\"]}]},{\"@type\":\"WebPage\",\"@id\":\"https:\\\/\\\/lasentinelle.dz\\\/index.php\\\/2022\\\/02\\\/01\\\/can-2021-un-carre-das-royal\\\/\",\"url\":\"https:\\\/\\\/lasentinelle.dz\\\/index.php\\\/2022\\\/02\\\/01\\\/can-2021-un-carre-das-royal\\\/\",\"name\":\"CAN-2021\u00a0:\u00a0Un carr\u00e9 d\u2019as royal\u00a0 - La Sentinelle\",\"isPartOf\":{\"@id\":\"https:\\\/\\\/lasentinelle.dz\\\/#website\"},\"primaryImageOfPage\":{\"@id\":\"https:\\\/\\\/lasentinelle.dz\\\/index.php\\\/2022\\\/02\\\/01\\\/can-2021-un-carre-das-royal\\\/#primaryimage\"},\"image\":{\"@id\":\"https:\\\/\\\/lasentinelle.dz\\\/index.php\\\/2022\\\/02\\\/01\\\/can-2021-un-carre-das-royal\\\/#primaryimage\"},\"thumbnailUrl\":\"https:\\\/\\\/lasentinelle.dz\\\/wp-content\\\/uploads\\\/2022\\\/01\\\/Salah.jpg\",\"datePublished\":\"2022-01-31T23:01:00+00:00\",\"breadcrumb\":{\"@id\":\"https:\\\/\\\/lasentinelle.dz\\\/index.php\\\/2022\\\/02\\\/01\\\/can-2021-un-carre-das-royal\\\/#breadcrumb\"},\"inLanguage\":\"fr-FR\",\"potentialAction\":[{\"@type\":\"ReadAction\",\"target\":[\"https:\\\/\\\/lasentinelle.dz\\\/index.php\\\/2022\\\/02\\\/01\\\/can-2021-un-carre-das-royal\\\/\"]}]},{\"@type\":\"ImageObject\",\"inLanguage\":\"fr-FR\",\"@id\":\"https:\\\/\\\/lasentinelle.dz\\\/index.php\\\/2022\\\/02\\\/01\\\/can-2021-un-carre-das-royal\\\/#primaryimage\",\"url\":\"https:\\\/\\\/lasentinelle.dz\\\/wp-content\\\/uploads\\\/2022\\\/01\\\/Salah.jpg\",\"contentUrl\":\"https:\\\/\\\/lasentinelle.dz\\\/wp-content\\\/uploads\\\/2022\\\/01\\\/Salah.jpg\",\"width\":828,\"height\":552},{\"@type\":\"BreadcrumbList\",\"@id\":\"https:\\\/\\\/lasentinelle.dz\\\/index.php\\\/2022\\\/02\\\/01\\\/can-2021-un-carre-das-royal\\\/#breadcrumb\",\"itemListElement\":[{\"@type\":\"ListItem\",\"position\":1,\"name\":\"Accueil\",\"item\":\"https:\\\/\\\/lasentinelle.dz\\\/\"},{\"@type\":\"ListItem\",\"position\":2,\"name\":\"CAN-2021\u00a0:\u00a0Un carr\u00e9 d\u2019as royal\u00a0\"}]},{\"@type\":\"WebSite\",\"@id\":\"https:\\\/\\\/lasentinelle.dz\\\/#website\",\"url\":\"https:\\\/\\\/lasentinelle.dz\\\/\",\"name\":\"La Sentinelle\",\"description\":\"Quotidien national d&#039;information\",\"publisher\":{\"@id\":\"https:\\\/\\\/lasentinelle.dz\\\/#organization\"},\"potentialAction\":[{\"@type\":\"SearchAction\",\"target\":{\"@type\":\"EntryPoint\",\"urlTemplate\":\"https:\\\/\\\/lasentinelle.dz\\\/?s={search_term_string}\"},\"query-input\":{\"@type\":\"PropertyValueSpecification\",\"valueRequired\":true,\"valueName\":\"search_term_string\"}}],\"inLanguage\":\"fr-FR\"},{\"@type\":\"Organization\",\"@id\":\"https:\\\/\\\/lasentinelle.dz\\\/#organization\",\"name\":\"Quotidien La Sentinelle\",\"url\":\"https:\\\/\\\/lasentinelle.dz\\\/\",\"logo\":{\"@type\":\"ImageObject\",\"inLanguage\":\"fr-FR\",\"@id\":\"https:\\\/\\\/lasentinelle.dz\\\/#\\\/schema\\\/logo\\\/image\\\/\",\"url\":\"https:\\\/\\\/lasentinelle.dz\\\/wp-content\\\/uploads\\\/2021\\\/09\\\/logo-sentinelleSLOGAN-1.png\",\"contentUrl\":\"https:\\\/\\\/lasentinelle.dz\\\/wp-content\\\/uploads\\\/2021\\\/09\\\/logo-sentinelleSLOGAN-1.png\",\"width\":615,\"height\":142,\"caption\":\"Quotidien La Sentinelle\"},\"image\":{\"@id\":\"https:\\\/\\\/lasentinelle.dz\\\/#\\\/schema\\\/logo\\\/image\\\/\"},\"sameAs\":[\"https:\\\/\\\/www.facebook.com\\\/La-Sentinelle-104059864394773\"]},{\"@type\":\"Person\",\"@id\":\"https:\\\/\\\/lasentinelle.dz\\\/#\\\/schema\\\/person\\\/d865044e22e70a75174ce8bcad3acfb3\",\"name\":\"La Sentinelle\",\"image\":{\"@type\":\"ImageObject\",\"inLanguage\":\"fr-FR\",\"@id\":\"https:\\\/\\\/secure.gravatar.com\\\/avatar\\\/57de8e5d4b15d43fb361a71fbb36338450fe67865b528a43dd10ef7c51a20392?s=96&d=mm&r=g\",\"url\":\"https:\\\/\\\/secure.gravatar.com\\\/avatar\\\/57de8e5d4b15d43fb361a71fbb36338450fe67865b528a43dd10ef7c51a20392?s=96&d=mm&r=g\",\"contentUrl\":\"https:\\\/\\\/secure.gravatar.com\\\/avatar\\\/57de8e5d4b15d43fb361a71fbb36338450fe67865b528a43dd10ef7c51a20392?s=96&d=mm&r=g\",\"caption\":\"La Sentinelle\"},\"sameAs\":[\"http:\\\/\\\/www.lasentinelle.dz\"],\"url\":\"https:\\\/\\\/lasentinelle.dz\\\/author\\\/redaction\\\/\"}]}<\/script>\n<!-- \/ Yoast SEO plugin. -->","yoast_head_json":{"title":"CAN-2021\u00a0:\u00a0Un carr\u00e9 d\u2019as royal\u00a0 - La Sentinelle","robots":{"index":"index","follow":"follow","max-snippet":"max-snippet:-1","max-image-preview":"max-image-preview:large","max-video-preview":"max-video-preview:-1"},"canonical":"https:\/\/lasentinelle.dz\/index.php\/2022\/02\/01\/can-2021-un-carre-das-royal\/","og_locale":"fr_FR","og_type":"article","og_title":"CAN-2021\u00a0:\u00a0Un carr\u00e9 d\u2019as royal\u00a0 - La Sentinelle","og_description":"Apr\u00e8s le num\u00e9ro de Salah contre le Maroc, Man\u00e9 a r\u00e9gal\u00e9 \u00e0 son tour les spectateurs de Yaound\u00e9, mais avec","og_url":"https:\/\/lasentinelle.dz\/index.php\/2022\/02\/01\/can-2021-un-carre-das-royal\/","og_site_name":"La Sentinelle","article_publisher":"https:\/\/www.facebook.com\/La-Sentinelle-104059864394773","article_published_time":"2022-01-31T23:01:00+00:00","og_image":[{"width":828,"height":552,"url":"https:\/\/lasentinelle.dz\/wp-content\/uploads\/2022\/01\/Salah.jpg","type":"image\/jpeg"}],"author":"La Sentinelle","twitter_card":"summary_large_image","twitter_misc":{"\u00c9crit par":"La Sentinelle","Dur\u00e9e de lecture estim\u00e9e":"3 minutes"},"schema":{"@context":"https:\/\/schema.org","@graph":[{"@type":"Article","@id":"https:\/\/lasentinelle.dz\/index.php\/2022\/02\/01\/can-2021-un-carre-das-royal\/#article","isPartOf":{"@id":"https:\/\/lasentinelle.dz\/index.php\/2022\/02\/01\/can-2021-un-carre-das-royal\/"},"author":{"name":"La Sentinelle","@id":"https:\/\/lasentinelle.dz\/#\/schema\/person\/d865044e22e70a75174ce8bcad3acfb3"},"headline":"CAN-2021\u00a0:\u00a0Un carr\u00e9 d\u2019as royal\u00a0","datePublished":"2022-01-31T23:01:00+00:00","mainEntityOfPage":{"@id":"https:\/\/lasentinelle.dz\/index.php\/2022\/02\/01\/can-2021-un-carre-das-royal\/"},"wordCount":598,"commentCount":0,"publisher":{"@id":"https:\/\/lasentinelle.dz\/#organization"},"image":{"@id":"https:\/\/lasentinelle.dz\/index.php\/2022\/02\/01\/can-2021-un-carre-das-royal\/#primaryimage"},"thumbnailUrl":"https:\/\/lasentinelle.dz\/wp-content\/uploads\/2022\/01\/Salah.jpg","articleSection":["Sports"],"inLanguage":"fr-FR","potentialAction":[{"@type":"CommentAction","name":"Comment","target":["https:\/\/lasentinelle.dz\/index.php\/2022\/02\/01\/can-2021-un-carre-das-royal\/#respond"]}]},{"@type":"WebPage","@id":"https:\/\/lasentinelle.dz\/index.php\/2022\/02\/01\/can-2021-un-carre-das-royal\/","url":"https:\/\/lasentinelle.dz\/index.php\/2022\/02\/01\/can-2021-un-carre-das-royal\/","name":"CAN-2021\u00a0:\u00a0Un carr\u00e9 d\u2019as royal\u00a0 - La Sentinelle","isPartOf":{"@id":"https:\/\/lasentinelle.dz\/#website"},"primaryImageOfPage":{"@id":"https:\/\/lasentinelle.dz\/index.php\/2022\/02\/01\/can-2021-un-carre-das-royal\/#primaryimage"},"image":{"@id":"https:\/\/lasentinelle.dz\/index.php\/2022\/02\/01\/can-2021-un-carre-das-royal\/#primaryimage"},"thumbnailUrl":"https:\/\/lasentinelle.dz\/wp-content\/uploads\/2022\/01\/Salah.jpg","datePublished":"2022-01-31T23:01:00+00:00","breadcrumb":{"@id":"https:\/\/lasentinelle.dz\/index.php\/2022\/02\/01\/can-2021-un-carre-das-royal\/#breadcrumb"},"inLanguage":"fr-FR","potentialAction":[{"@type":"ReadAction","target":["https:\/\/lasentinelle.dz\/index.php\/2022\/02\/01\/can-2021-un-carre-das-royal\/"]}]},{"@type":"ImageObject","inLanguage":"fr-FR","@id":"https:\/\/lasentinelle.dz\/index.php\/2022\/02\/01\/can-2021-un-carre-das-royal\/#primaryimage","url":"https:\/\/lasentinelle.dz\/wp-content\/uploads\/2022\/01\/Salah.jpg","contentUrl":"https:\/\/lasentinelle.dz\/wp-content\/uploads\/2022\/01\/Salah.jpg","width":828,"height":552},{"@type":"BreadcrumbList","@id":"https:\/\/lasentinelle.dz\/index.php\/2022\/02\/01\/can-2021-un-carre-das-royal\/#breadcrumb","itemListElement":[{"@type":"ListItem","position":1,"name":"Accueil","item":"https:\/\/lasentinelle.dz\/"},{"@type":"ListItem","position":2,"name":"CAN-2021\u00a0:\u00a0Un carr\u00e9 d\u2019as royal\u00a0"}]},{"@type":"WebSite","@id":"https:\/\/lasentinelle.dz\/#website","url":"https:\/\/lasentinelle.dz\/","name":"La Sentinelle","description":"Quotidien national d&#039;information","publisher":{"@id":"https:\/\/lasentinelle.dz\/#organization"},"potentialAction":[{"@type":"SearchAction","target":{"@type":"EntryPoint","urlTemplate":"https:\/\/lasentinelle.dz\/?s={search_term_string}"},"query-input":{"@type":"PropertyValueSpecification","valueRequired":true,"valueName":"search_term_string"}}],"inLanguage":"fr-FR"},{"@type":"Organization","@id":"https:\/\/lasentinelle.dz\/#organization","name":"Quotidien La Sentinelle","url":"https:\/\/lasentinelle.dz\/","logo":{"@type":"ImageObject","inLanguage":"fr-FR","@id":"https:\/\/lasentinelle.dz\/#\/schema\/logo\/image\/","url":"https:\/\/lasentinelle.dz\/wp-content\/uploads\/2021\/09\/logo-sentinelleSLOGAN-1.png","contentUrl":"https:\/\/lasentinelle.dz\/wp-content\/uploads\/2021\/09\/logo-sentinelleSLOGAN-1.png","width":615,"height":142,"caption":"Quotidien La Sentinelle"},"image":{"@id":"https:\/\/lasentinelle.dz\/#\/schema\/logo\/image\/"},"sameAs":["https:\/\/www.facebook.com\/La-Sentinelle-104059864394773"]},{"@type":"Person","@id":"https:\/\/lasentinelle.dz\/#\/schema\/person\/d865044e22e70a75174ce8bcad3acfb3","name":"La Sentinelle","image":{"@type":"ImageObject","inLanguage":"fr-FR","@id":"https:\/\/secure.gravatar.com\/avatar\/57de8e5d4b15d43fb361a71fbb36338450fe67865b528a43dd10ef7c51a20392?s=96&d=mm&r=g","url":"https:\/\/secure.gravatar.com\/avatar\/57de8e5d4b15d43fb361a71fbb36338450fe67865b528a43dd10ef7c51a20392?s=96&d=mm&r=g","contentUrl":"https:\/\/secure.gravatar.com\/avatar\/57de8e5d4b15d43fb361a71fbb36338450fe67865b528a43dd10ef7c51a20392?s=96&d=mm&r=g","caption":"La Sentinelle"},"sameAs":["http:\/\/www.lasentinelle.dz"],"url":"https:\/\/lasentinelle.dz\/author\/redaction\/"}]}},"_links":{"self":[{"href":"https:\/\/lasentinelle.dz\/index.php\/wp-json\/wp\/v2\/posts\/16305","targetHints":{"allow":["GET"]}}],"collection":[{"href":"https:\/\/lasentinelle.dz\/index.php\/wp-json\/wp\/v2\/posts"}],"about":[{"href":"https:\/\/lasentinelle.dz\/index.php\/wp-json\/wp\/v2\/types\/post"}],"author":[{"embeddable":true,"href":"https:\/\/lasentinelle.dz\/index.php\/wp-json\/wp\/v2\/users\/3"}],"replies":[{"embeddable":true,"href":"https:\/\/lasentinelle.dz\/index.php\/wp-json\/wp\/v2\/comments?post=16305"}],"version-history":[{"count":1,"href":"https:\/\/lasentinelle.dz\/index.php\/wp-json\/wp\/v2\/posts\/16305\/revisions"}],"predecessor-version":[{"id":16312,"href":"https:\/\/lasentinelle.dz\/index.php\/wp-json\/wp\/v2\/posts\/16305\/revisions\/16312"}],"wp:featuredmedia":[{"embeddable":true,"href":"https:\/\/lasentinelle.dz\/index.php\/wp-json\/wp\/v2\/media\/16311"}],"wp:attachment":[{"href":"https:\/\/lasentinelle.dz\/index.php\/wp-json\/wp\/v2\/media?parent=16305"}],"wp:term":[{"taxonomy":"category","embeddable":true,"href":"https:\/\/lasentinelle.dz\/index.php\/wp-json\/wp\/v2\/categories?post=16305"},{"taxonomy":"post_tag","embeddable":true,"href":"https:\/\/lasentinelle.dz\/index.php\/wp-json\/wp\/v2\/tags?post=16305"}],"curies":[{"name":"wp","href":"https:\/\/api.w.org\/{rel}","templated":true}]}}