{"id":16315,"date":"2022-02-01T00:01:00","date_gmt":"2022-01-31T23:01:00","guid":{"rendered":"https:\/\/lasentinelle.dz\/?p=16315"},"modified":"2022-01-31T20:25:11","modified_gmt":"2022-01-31T19:25:11","slug":"speculation-et-retention-de-medicaments-les-importateurs-au-banc-des-accuses","status":"publish","type":"post","link":"https:\/\/lasentinelle.dz\/index.php\/2022\/02\/01\/speculation-et-retention-de-medicaments-les-importateurs-au-banc-des-accuses\/","title":{"rendered":"Sp\u00e9culation et r\u00e9tention de m\u00e9dicaments\u00a0: Les importateurs au banc des accus\u00e9s"},"content":{"rendered":"\n<p>Un nouveau cahier des charges est en pr\u00e9paration pour renforcer la r\u00e9gulation du march\u00e9 du m\u00e9dicament et faire barrage \u00e0 la sp\u00e9culation dans ce segment strat\u00e9gique.&nbsp;<\/p>\n\n\n\n<p>C\u2019est ce qu\u2019a annonc\u00e9 hier le&nbsp;ministre de l\u2019Industrie pharmaceutique, Lotfi Benbahmed. Invit\u00e9 \u00e0 s\u2019exprimer sur les ondes de&nbsp;la cha\u00eene 3 de la&nbsp;Radio nationale,&nbsp;le ministre a \u00e9voqu\u00e9&nbsp;la probl\u00e9matique li\u00e9e \u00e0 la distribution du m\u00e9dicament, \u00abd\u2019o\u00f9 les mesures qui viennent d\u2019\u00eatre prises\u00bb. Car, a-t-il ajout\u00e9 \u00able m\u00e9dicament doit arriver au malade dans les 48 heures qui suivent les diff\u00e9rentes \u00e9tapes li\u00e9es au contr\u00f4le et d\u2019analyse de la qualit\u00e9 du m\u00e9dicament produit\u00bb. Benbahmed fait \u00e9tat de plusieurs mesures prises dans le cadre de la mise \u00e0 plat des ph\u00e9nom\u00e8nes de la sp\u00e9culation et de la r\u00e9tention qui caract\u00e9risent le m\u00e9dicament et la tension relev\u00e9e ces derniers mois sur ce march\u00e9. D\u2019ailleurs, \u00abune vingtaine de mises&nbsp;en demeure ont \u00e9t\u00e9 notifi\u00e9es \u00e0 des distributeurs, en plus des fermetures qui ont \u00e9t\u00e9 prononc\u00e9es dans le cadre des sorties d\u2019inspections men\u00e9es par les brigades mixtes avec le minist\u00e8re du Commerce\u00bb, annonce-t-il. Le ministre a, d\u2019un doigt accusateur, d\u00e9sign\u00e9 \u00able lobby de l&rsquo;importation qui \u00abse retrouve aussi au niveau de la distribution\u201d et qui a \u00e9t\u00e9&nbsp;&nbsp;\u00e0 l\u2019origine de \u00abcette tension des m\u00e9dicaments prescrits dans le protocole th\u00e9rapeutique contre le Covid-19\u00bb. En vue de concr\u00e9tiser cette nouvelle politique, l\u2019invit\u00e9 de la chaine 3 a fait part \u00abd\u2019un nouveau cahier des charges r\u00e9gissant la distribution des produits pharmaceutiques\u00bb, lequel \u201c sera publi\u00e9 dans les jours \u00e0 venir au journal officiel\u00bb, a-t-il r\u00e9v\u00e9l\u00e9. Il expliquera \u00e9galement que \u00abces nouveaux textes permettront de contrecarrer&nbsp;&nbsp;tout acte de r\u00e9tention ou sp\u00e9culatif de la part des distributeurs en vue d\u2019une vente concomitante\u00bb. \u00abCette r\u00e9tention est un proc\u00e9d\u00e9 qui est totalement interdit\u00bb, a-t-il r\u00e9it\u00e9r\u00e9.&nbsp;&nbsp;Le ministre a, en ce sens, annonc\u00e9 \u00abla mise en place des brigades mixtes compos\u00e9es de repr\u00e9sentants de l\u2019agence nationale du m\u00e9dicament et de ceux du minist\u00e8re du Commerce\u00bb. \u00abElles ont \u00e9t\u00e9 install\u00e9es la semaine pass\u00e9e\u00bb, a-t-il fait savoir avant d\u2019ajouter qu\u2019\u00ab\u00e0 travers notre inspection g\u00e9n\u00e9rale, nous avons mis en place des inspections et des contr\u00f4les qui se font aussi bien au niveau des producteurs que chez les distributeurs\u00bb. \u00abEt aux producteurs d\u2019augmenter au maximum la capacit\u00e9 de production et de ne pas retenir le produit \u00bb, a-t-il plaid\u00e9. Benbahmed \u00e9voquera la question li\u00e9e \u00e0 la sp\u00e9culation relev\u00e9e ces derniers jours dans le secteur de la distribution. \u00abCe qui s\u2019est pass\u00e9 est qu\u2019il y avait de la r\u00e9tention et de la sp\u00e9culation\u00bb, a affirm\u00e9 Lotfi Benbahmed. Le premier responsable du d\u00e9partement de l\u2019Industrie pharmaceutique a, dans ce sillage, annonc\u00e9 que \u00abl&rsquo;ensemble des distributeurs sera agr\u00e9\u00e9 de nouveau avant la fin du mois de f\u00e9vrier \u00bb. Il pr\u00e9cisera que \u00abce travail se fait de concert avec les associations des distributeurs, des producteurs, les syndicats et les ordres des pharmaciens\u00bb. Abordant la question relative aux stocks et une hypothetique \u201cdisette\u201d pouvant frapper le secteur du m\u00e9dicament, en particulier celui prescrit dans le cadre de la lutte contre le covid 19,&nbsp;&nbsp;Benbahmed a \u00e9t\u00e9 rassurant en soutenant qu&rsquo;il \u00abne peut pas y avoir de rupture car l&rsquo;ensemble de ces produits sont fabriqu\u00e9s localement y compris les tests et l&rsquo;oxyg\u00e8ne\u00bb. Sur sa lanc\u00e9e, il ajoutera que \u00able dispositif particulier de veille et de contr\u00f4le du programme d&rsquo;importation et de production des produits pharmaceutiques mis en place pour assurer une disponibilit\u00e9 continue\u00bb. Il a \u00e9galement soulign\u00e9 que \u00abla conjoncture actuelle est exceptionnelle. Car il s&rsquo;agit d&rsquo;une p\u00e9riode de pand\u00e9mie\u00bb. \u00abOn ne peut pas envisager la probl\u00e9matique li\u00e9e \u00e0 la consommation du produit pharmaceutique comme si nous \u00e9tions en temps normal\u00bb, a-t-il affirm\u00e9, Benabahmed expliquera aussi que \u00abnous&nbsp;&nbsp;vivons cette pand\u00e9mie depuis deux ans \u00bb et que \u00abpour pouvoir avoir ces m\u00e9dicaments en Alg\u00e9rie, nous avons d\u00fb anticiper et mettre en place des stocks de la mati\u00e8re premi\u00e8re, des principes actifs et d\u2019intrants\u00bb. \u00abLa m\u00eame chose pour le vaccin et pour l\u2019oxyg\u00e8ne, en mettant en place une coop\u00e9ration intersectorielle et reconstituer les stocks en lan\u00e7ant deux nouvelles unit\u00e9s de production\u00bb. \u00abTout cela concourt \u00e0 mettre en place un plan de lutte devant une situation exceptionnelle\u00bb, a-t-il dit. L\u2019intervenant \u00e9voquera les perspectives du secteur de l&rsquo;industrie pharmaceutique pour l&rsquo;ann\u00e9e 2022 en d\u00e9clarant qu\u2019elles&nbsp;&nbsp;sont \u201cplus que prometteuses m\u00eame en termes d&rsquo;exportation\u201d.&nbsp;&nbsp;En ce sens, le ministre a annonc\u00e9 \u00abla tenue en mai prochain, \u00e0 Dakar, d&rsquo;une foire sp\u00e9cifique \u00e0 l&rsquo;industrie pharmaceutique alg\u00e9rienne et d&rsquo;une autre, en cours de pr\u00e9paration, aux Emirats Arabes Unies\u00bb. Il rappellera que \u00abla facture d&rsquo;importation des m\u00e9dicaments a baiss\u00e9 en 2021 de 800 millions de dollars comparativement \u00e0 2019, reculant de 2 \u00e0 1,2 milliards de dollars, tandis que la production nationale a \u00e9volu\u00e9 d&rsquo;un milliard de dollars durant la m\u00eame p\u00e9riode\u00bb.&nbsp;<\/p>\n\n\n\n<p><strong>Salim Abdenour<\/strong><\/p>\n","protected":false},"excerpt":{"rendered":"<p>Un nouveau cahier des charges est en pr\u00e9paration pour renforcer la r\u00e9gulation du march\u00e9 du m\u00e9dicament et faire barrage \u00e0<\/p>\n","protected":false},"author":3,"featured_media":16333,"comment_status":"open","ping_status":"closed","sticky":false,"template":"","format":"standard","meta":{"colormag_page_container_layout":"default_layout","colormag_page_sidebar_layout":"default_layout","om_disable_all_campaigns":false,"_monsterinsights_skip_tracking":false,"_monsterinsights_sitenote_active":false,"_monsterinsights_sitenote_note":"","_monsterinsights_sitenote_category":0,"footnotes":"","_wpscppro_dont_share_socialmedia":false,"_wpscppro_custom_social_share_image":0,"_facebook_share_type":"","_twitter_share_type":"","_linkedin_share_type":"","_pinterest_share_type":"","_linkedin_share_type_page":"","_instagram_share_type":"","_medium_share_type":"","_threads_share_type":"","_google_business_share_type":"","_selected_social_profile":[],"_wpsp_enable_custom_social_template":false,"_wpsp_social_scheduling":{"enabled":false,"datetime":null,"platforms":[],"status":"template_only","dateOption":"today","timeOption":"now","customDays":"","customHours":"","customDate":"","customTime":"","schedulingType":"absolute"},"_wpsp_active_default_template":true},"categories":[52,29],"tags":[],"class_list":["post-16315","post","type-post","status-publish","format-standard","has-post-thumbnail","hentry","category-a-la-une","category-economie"],"aioseo_notices":[],"yoast_head":"<!-- This site is optimized with the Yoast SEO plugin v27.4 - https:\/\/yoast.com\/product\/yoast-seo-wordpress\/ -->\n<title>Sp\u00e9culation et r\u00e9tention de m\u00e9dicaments\u00a0: Les importateurs au banc des accus\u00e9s - La Sentinelle<\/title>\n<meta name=\"robots\" content=\"index, follow, max-snippet:-1, max-image-preview:large, max-video-preview:-1\" \/>\n<link rel=\"canonical\" href=\"https:\/\/lasentinelle.dz\/index.php\/2022\/02\/01\/speculation-et-retention-de-medicaments-les-importateurs-au-banc-des-accuses\/\" \/>\n<meta property=\"og:locale\" content=\"fr_FR\" \/>\n<meta property=\"og:type\" content=\"article\" \/>\n<meta property=\"og:title\" content=\"Sp\u00e9culation et r\u00e9tention de m\u00e9dicaments\u00a0: Les importateurs au banc des accus\u00e9s - La Sentinelle\" \/>\n<meta property=\"og:description\" content=\"Un nouveau cahier des charges est en pr\u00e9paration pour renforcer la r\u00e9gulation du march\u00e9 du m\u00e9dicament et faire barrage \u00e0\" \/>\n<meta property=\"og:url\" content=\"https:\/\/lasentinelle.dz\/index.php\/2022\/02\/01\/speculation-et-retention-de-medicaments-les-importateurs-au-banc-des-accuses\/\" \/>\n<meta property=\"og:site_name\" content=\"La Sentinelle\" \/>\n<meta property=\"article:publisher\" content=\"https:\/\/www.facebook.com\/La-Sentinelle-104059864394773\" \/>\n<meta property=\"article:published_time\" content=\"2022-01-31T23:01:00+00:00\" \/>\n<meta property=\"og:image\" content=\"https:\/\/lasentinelle.dz\/wp-content\/uploads\/2022\/01\/54s.png\" \/>\n\t<meta property=\"og:image:width\" content=\"1395\" \/>\n\t<meta property=\"og:image:height\" content=\"900\" \/>\n\t<meta property=\"og:image:type\" content=\"image\/png\" \/>\n<meta name=\"author\" content=\"La Sentinelle\" \/>\n<meta name=\"twitter:card\" content=\"summary_large_image\" \/>\n<meta name=\"twitter:label1\" content=\"\u00c9crit par\" \/>\n\t<meta name=\"twitter:data1\" content=\"La Sentinelle\" \/>\n\t<meta name=\"twitter:label2\" content=\"Dur\u00e9e de lecture estim\u00e9e\" \/>\n\t<meta name=\"twitter:data2\" content=\"4 minutes\" \/>\n<script type=\"application\/ld+json\" class=\"yoast-schema-graph\">{\"@context\":\"https:\\\/\\\/schema.org\",\"@graph\":[{\"@type\":\"Article\",\"@id\":\"https:\\\/\\\/lasentinelle.dz\\\/index.php\\\/2022\\\/02\\\/01\\\/speculation-et-retention-de-medicaments-les-importateurs-au-banc-des-accuses\\\/#article\",\"isPartOf\":{\"@id\":\"https:\\\/\\\/lasentinelle.dz\\\/index.php\\\/2022\\\/02\\\/01\\\/speculation-et-retention-de-medicaments-les-importateurs-au-banc-des-accuses\\\/\"},\"author\":{\"name\":\"La Sentinelle\",\"@id\":\"https:\\\/\\\/lasentinelle.dz\\\/#\\\/schema\\\/person\\\/d865044e22e70a75174ce8bcad3acfb3\"},\"headline\":\"Sp\u00e9culation et r\u00e9tention de m\u00e9dicaments\u00a0: Les importateurs au banc des accus\u00e9s\",\"datePublished\":\"2022-01-31T23:01:00+00:00\",\"mainEntityOfPage\":{\"@id\":\"https:\\\/\\\/lasentinelle.dz\\\/index.php\\\/2022\\\/02\\\/01\\\/speculation-et-retention-de-medicaments-les-importateurs-au-banc-des-accuses\\\/\"},\"wordCount\":915,\"commentCount\":0,\"publisher\":{\"@id\":\"https:\\\/\\\/lasentinelle.dz\\\/#organization\"},\"image\":{\"@id\":\"https:\\\/\\\/lasentinelle.dz\\\/index.php\\\/2022\\\/02\\\/01\\\/speculation-et-retention-de-medicaments-les-importateurs-au-banc-des-accuses\\\/#primaryimage\"},\"thumbnailUrl\":\"https:\\\/\\\/lasentinelle.dz\\\/wp-content\\\/uploads\\\/2022\\\/01\\\/54s.png\",\"articleSection\":[\"\u00c0 la Une\",\"\u00c9conomie\"],\"inLanguage\":\"fr-FR\",\"potentialAction\":[{\"@type\":\"CommentAction\",\"name\":\"Comment\",\"target\":[\"https:\\\/\\\/lasentinelle.dz\\\/index.php\\\/2022\\\/02\\\/01\\\/speculation-et-retention-de-medicaments-les-importateurs-au-banc-des-accuses\\\/#respond\"]}]},{\"@type\":\"WebPage\",\"@id\":\"https:\\\/\\\/lasentinelle.dz\\\/index.php\\\/2022\\\/02\\\/01\\\/speculation-et-retention-de-medicaments-les-importateurs-au-banc-des-accuses\\\/\",\"url\":\"https:\\\/\\\/lasentinelle.dz\\\/index.php\\\/2022\\\/02\\\/01\\\/speculation-et-retention-de-medicaments-les-importateurs-au-banc-des-accuses\\\/\",\"name\":\"Sp\u00e9culation et r\u00e9tention de m\u00e9dicaments\u00a0: Les importateurs au banc des accus\u00e9s - La Sentinelle\",\"isPartOf\":{\"@id\":\"https:\\\/\\\/lasentinelle.dz\\\/#website\"},\"primaryImageOfPage\":{\"@id\":\"https:\\\/\\\/lasentinelle.dz\\\/index.php\\\/2022\\\/02\\\/01\\\/speculation-et-retention-de-medicaments-les-importateurs-au-banc-des-accuses\\\/#primaryimage\"},\"image\":{\"@id\":\"https:\\\/\\\/lasentinelle.dz\\\/index.php\\\/2022\\\/02\\\/01\\\/speculation-et-retention-de-medicaments-les-importateurs-au-banc-des-accuses\\\/#primaryimage\"},\"thumbnailUrl\":\"https:\\\/\\\/lasentinelle.dz\\\/wp-content\\\/uploads\\\/2022\\\/01\\\/54s.png\",\"datePublished\":\"2022-01-31T23:01:00+00:00\",\"breadcrumb\":{\"@id\":\"https:\\\/\\\/lasentinelle.dz\\\/index.php\\\/2022\\\/02\\\/01\\\/speculation-et-retention-de-medicaments-les-importateurs-au-banc-des-accuses\\\/#breadcrumb\"},\"inLanguage\":\"fr-FR\",\"potentialAction\":[{\"@type\":\"ReadAction\",\"target\":[\"https:\\\/\\\/lasentinelle.dz\\\/index.php\\\/2022\\\/02\\\/01\\\/speculation-et-retention-de-medicaments-les-importateurs-au-banc-des-accuses\\\/\"]}]},{\"@type\":\"ImageObject\",\"inLanguage\":\"fr-FR\",\"@id\":\"https:\\\/\\\/lasentinelle.dz\\\/index.php\\\/2022\\\/02\\\/01\\\/speculation-et-retention-de-medicaments-les-importateurs-au-banc-des-accuses\\\/#primaryimage\",\"url\":\"https:\\\/\\\/lasentinelle.dz\\\/wp-content\\\/uploads\\\/2022\\\/01\\\/54s.png\",\"contentUrl\":\"https:\\\/\\\/lasentinelle.dz\\\/wp-content\\\/uploads\\\/2022\\\/01\\\/54s.png\",\"width\":1395,\"height\":900},{\"@type\":\"BreadcrumbList\",\"@id\":\"https:\\\/\\\/lasentinelle.dz\\\/index.php\\\/2022\\\/02\\\/01\\\/speculation-et-retention-de-medicaments-les-importateurs-au-banc-des-accuses\\\/#breadcrumb\",\"itemListElement\":[{\"@type\":\"ListItem\",\"position\":1,\"name\":\"Accueil\",\"item\":\"https:\\\/\\\/lasentinelle.dz\\\/\"},{\"@type\":\"ListItem\",\"position\":2,\"name\":\"Sp\u00e9culation et r\u00e9tention de m\u00e9dicaments\u00a0: Les importateurs au banc des accus\u00e9s\"}]},{\"@type\":\"WebSite\",\"@id\":\"https:\\\/\\\/lasentinelle.dz\\\/#website\",\"url\":\"https:\\\/\\\/lasentinelle.dz\\\/\",\"name\":\"La Sentinelle\",\"description\":\"Quotidien national d&#039;information\",\"publisher\":{\"@id\":\"https:\\\/\\\/lasentinelle.dz\\\/#organization\"},\"potentialAction\":[{\"@type\":\"SearchAction\",\"target\":{\"@type\":\"EntryPoint\",\"urlTemplate\":\"https:\\\/\\\/lasentinelle.dz\\\/?s={search_term_string}\"},\"query-input\":{\"@type\":\"PropertyValueSpecification\",\"valueRequired\":true,\"valueName\":\"search_term_string\"}}],\"inLanguage\":\"fr-FR\"},{\"@type\":\"Organization\",\"@id\":\"https:\\\/\\\/lasentinelle.dz\\\/#organization\",\"name\":\"Quotidien La Sentinelle\",\"url\":\"https:\\\/\\\/lasentinelle.dz\\\/\",\"logo\":{\"@type\":\"ImageObject\",\"inLanguage\":\"fr-FR\",\"@id\":\"https:\\\/\\\/lasentinelle.dz\\\/#\\\/schema\\\/logo\\\/image\\\/\",\"url\":\"https:\\\/\\\/lasentinelle.dz\\\/wp-content\\\/uploads\\\/2021\\\/09\\\/logo-sentinelleSLOGAN-1.png\",\"contentUrl\":\"https:\\\/\\\/lasentinelle.dz\\\/wp-content\\\/uploads\\\/2021\\\/09\\\/logo-sentinelleSLOGAN-1.png\",\"width\":615,\"height\":142,\"caption\":\"Quotidien La Sentinelle\"},\"image\":{\"@id\":\"https:\\\/\\\/lasentinelle.dz\\\/#\\\/schema\\\/logo\\\/image\\\/\"},\"sameAs\":[\"https:\\\/\\\/www.facebook.com\\\/La-Sentinelle-104059864394773\"]},{\"@type\":\"Person\",\"@id\":\"https:\\\/\\\/lasentinelle.dz\\\/#\\\/schema\\\/person\\\/d865044e22e70a75174ce8bcad3acfb3\",\"name\":\"La Sentinelle\",\"image\":{\"@type\":\"ImageObject\",\"inLanguage\":\"fr-FR\",\"@id\":\"https:\\\/\\\/secure.gravatar.com\\\/avatar\\\/57de8e5d4b15d43fb361a71fbb36338450fe67865b528a43dd10ef7c51a20392?s=96&d=mm&r=g\",\"url\":\"https:\\\/\\\/secure.gravatar.com\\\/avatar\\\/57de8e5d4b15d43fb361a71fbb36338450fe67865b528a43dd10ef7c51a20392?s=96&d=mm&r=g\",\"contentUrl\":\"https:\\\/\\\/secure.gravatar.com\\\/avatar\\\/57de8e5d4b15d43fb361a71fbb36338450fe67865b528a43dd10ef7c51a20392?s=96&d=mm&r=g\",\"caption\":\"La Sentinelle\"},\"sameAs\":[\"http:\\\/\\\/www.lasentinelle.dz\"],\"url\":\"https:\\\/\\\/lasentinelle.dz\\\/author\\\/redaction\\\/\"}]}<\/script>\n<!-- \/ Yoast SEO plugin. -->","yoast_head_json":{"title":"Sp\u00e9culation et r\u00e9tention de m\u00e9dicaments\u00a0: Les importateurs au banc des accus\u00e9s - La Sentinelle","robots":{"index":"index","follow":"follow","max-snippet":"max-snippet:-1","max-image-preview":"max-image-preview:large","max-video-preview":"max-video-preview:-1"},"canonical":"https:\/\/lasentinelle.dz\/index.php\/2022\/02\/01\/speculation-et-retention-de-medicaments-les-importateurs-au-banc-des-accuses\/","og_locale":"fr_FR","og_type":"article","og_title":"Sp\u00e9culation et r\u00e9tention de m\u00e9dicaments\u00a0: Les importateurs au banc des accus\u00e9s - La Sentinelle","og_description":"Un nouveau cahier des charges est en pr\u00e9paration pour renforcer la r\u00e9gulation du march\u00e9 du m\u00e9dicament et faire barrage \u00e0","og_url":"https:\/\/lasentinelle.dz\/index.php\/2022\/02\/01\/speculation-et-retention-de-medicaments-les-importateurs-au-banc-des-accuses\/","og_site_name":"La Sentinelle","article_publisher":"https:\/\/www.facebook.com\/La-Sentinelle-104059864394773","article_published_time":"2022-01-31T23:01:00+00:00","og_image":[{"width":1395,"height":900,"url":"https:\/\/lasentinelle.dz\/wp-content\/uploads\/2022\/01\/54s.png","type":"image\/png"}],"author":"La Sentinelle","twitter_card":"summary_large_image","twitter_misc":{"\u00c9crit par":"La Sentinelle","Dur\u00e9e de lecture estim\u00e9e":"4 minutes"},"schema":{"@context":"https:\/\/schema.org","@graph":[{"@type":"Article","@id":"https:\/\/lasentinelle.dz\/index.php\/2022\/02\/01\/speculation-et-retention-de-medicaments-les-importateurs-au-banc-des-accuses\/#article","isPartOf":{"@id":"https:\/\/lasentinelle.dz\/index.php\/2022\/02\/01\/speculation-et-retention-de-medicaments-les-importateurs-au-banc-des-accuses\/"},"author":{"name":"La Sentinelle","@id":"https:\/\/lasentinelle.dz\/#\/schema\/person\/d865044e22e70a75174ce8bcad3acfb3"},"headline":"Sp\u00e9culation et r\u00e9tention de m\u00e9dicaments\u00a0: Les importateurs au banc des accus\u00e9s","datePublished":"2022-01-31T23:01:00+00:00","mainEntityOfPage":{"@id":"https:\/\/lasentinelle.dz\/index.php\/2022\/02\/01\/speculation-et-retention-de-medicaments-les-importateurs-au-banc-des-accuses\/"},"wordCount":915,"commentCount":0,"publisher":{"@id":"https:\/\/lasentinelle.dz\/#organization"},"image":{"@id":"https:\/\/lasentinelle.dz\/index.php\/2022\/02\/01\/speculation-et-retention-de-medicaments-les-importateurs-au-banc-des-accuses\/#primaryimage"},"thumbnailUrl":"https:\/\/lasentinelle.dz\/wp-content\/uploads\/2022\/01\/54s.png","articleSection":["\u00c0 la Une","\u00c9conomie"],"inLanguage":"fr-FR","potentialAction":[{"@type":"CommentAction","name":"Comment","target":["https:\/\/lasentinelle.dz\/index.php\/2022\/02\/01\/speculation-et-retention-de-medicaments-les-importateurs-au-banc-des-accuses\/#respond"]}]},{"@type":"WebPage","@id":"https:\/\/lasentinelle.dz\/index.php\/2022\/02\/01\/speculation-et-retention-de-medicaments-les-importateurs-au-banc-des-accuses\/","url":"https:\/\/lasentinelle.dz\/index.php\/2022\/02\/01\/speculation-et-retention-de-medicaments-les-importateurs-au-banc-des-accuses\/","name":"Sp\u00e9culation et r\u00e9tention de m\u00e9dicaments\u00a0: Les importateurs au banc des accus\u00e9s - La Sentinelle","isPartOf":{"@id":"https:\/\/lasentinelle.dz\/#website"},"primaryImageOfPage":{"@id":"https:\/\/lasentinelle.dz\/index.php\/2022\/02\/01\/speculation-et-retention-de-medicaments-les-importateurs-au-banc-des-accuses\/#primaryimage"},"image":{"@id":"https:\/\/lasentinelle.dz\/index.php\/2022\/02\/01\/speculation-et-retention-de-medicaments-les-importateurs-au-banc-des-accuses\/#primaryimage"},"thumbnailUrl":"https:\/\/lasentinelle.dz\/wp-content\/uploads\/2022\/01\/54s.png","datePublished":"2022-01-31T23:01:00+00:00","breadcrumb":{"@id":"https:\/\/lasentinelle.dz\/index.php\/2022\/02\/01\/speculation-et-retention-de-medicaments-les-importateurs-au-banc-des-accuses\/#breadcrumb"},"inLanguage":"fr-FR","potentialAction":[{"@type":"ReadAction","target":["https:\/\/lasentinelle.dz\/index.php\/2022\/02\/01\/speculation-et-retention-de-medicaments-les-importateurs-au-banc-des-accuses\/"]}]},{"@type":"ImageObject","inLanguage":"fr-FR","@id":"https:\/\/lasentinelle.dz\/index.php\/2022\/02\/01\/speculation-et-retention-de-medicaments-les-importateurs-au-banc-des-accuses\/#primaryimage","url":"https:\/\/lasentinelle.dz\/wp-content\/uploads\/2022\/01\/54s.png","contentUrl":"https:\/\/lasentinelle.dz\/wp-content\/uploads\/2022\/01\/54s.png","width":1395,"height":900},{"@type":"BreadcrumbList","@id":"https:\/\/lasentinelle.dz\/index.php\/2022\/02\/01\/speculation-et-retention-de-medicaments-les-importateurs-au-banc-des-accuses\/#breadcrumb","itemListElement":[{"@type":"ListItem","position":1,"name":"Accueil","item":"https:\/\/lasentinelle.dz\/"},{"@type":"ListItem","position":2,"name":"Sp\u00e9culation et r\u00e9tention de m\u00e9dicaments\u00a0: Les importateurs au banc des accus\u00e9s"}]},{"@type":"WebSite","@id":"https:\/\/lasentinelle.dz\/#website","url":"https:\/\/lasentinelle.dz\/","name":"La Sentinelle","description":"Quotidien national d&#039;information","publisher":{"@id":"https:\/\/lasentinelle.dz\/#organization"},"potentialAction":[{"@type":"SearchAction","target":{"@type":"EntryPoint","urlTemplate":"https:\/\/lasentinelle.dz\/?s={search_term_string}"},"query-input":{"@type":"PropertyValueSpecification","valueRequired":true,"valueName":"search_term_string"}}],"inLanguage":"fr-FR"},{"@type":"Organization","@id":"https:\/\/lasentinelle.dz\/#organization","name":"Quotidien La Sentinelle","url":"https:\/\/lasentinelle.dz\/","logo":{"@type":"ImageObject","inLanguage":"fr-FR","@id":"https:\/\/lasentinelle.dz\/#\/schema\/logo\/image\/","url":"https:\/\/lasentinelle.dz\/wp-content\/uploads\/2021\/09\/logo-sentinelleSLOGAN-1.png","contentUrl":"https:\/\/lasentinelle.dz\/wp-content\/uploads\/2021\/09\/logo-sentinelleSLOGAN-1.png","width":615,"height":142,"caption":"Quotidien La Sentinelle"},"image":{"@id":"https:\/\/lasentinelle.dz\/#\/schema\/logo\/image\/"},"sameAs":["https:\/\/www.facebook.com\/La-Sentinelle-104059864394773"]},{"@type":"Person","@id":"https:\/\/lasentinelle.dz\/#\/schema\/person\/d865044e22e70a75174ce8bcad3acfb3","name":"La Sentinelle","image":{"@type":"ImageObject","inLanguage":"fr-FR","@id":"https:\/\/secure.gravatar.com\/avatar\/57de8e5d4b15d43fb361a71fbb36338450fe67865b528a43dd10ef7c51a20392?s=96&d=mm&r=g","url":"https:\/\/secure.gravatar.com\/avatar\/57de8e5d4b15d43fb361a71fbb36338450fe67865b528a43dd10ef7c51a20392?s=96&d=mm&r=g","contentUrl":"https:\/\/secure.gravatar.com\/avatar\/57de8e5d4b15d43fb361a71fbb36338450fe67865b528a43dd10ef7c51a20392?s=96&d=mm&r=g","caption":"La Sentinelle"},"sameAs":["http:\/\/www.lasentinelle.dz"],"url":"https:\/\/lasentinelle.dz\/author\/redaction\/"}]}},"_links":{"self":[{"href":"https:\/\/lasentinelle.dz\/index.php\/wp-json\/wp\/v2\/posts\/16315","targetHints":{"allow":["GET"]}}],"collection":[{"href":"https:\/\/lasentinelle.dz\/index.php\/wp-json\/wp\/v2\/posts"}],"about":[{"href":"https:\/\/lasentinelle.dz\/index.php\/wp-json\/wp\/v2\/types\/post"}],"author":[{"embeddable":true,"href":"https:\/\/lasentinelle.dz\/index.php\/wp-json\/wp\/v2\/users\/3"}],"replies":[{"embeddable":true,"href":"https:\/\/lasentinelle.dz\/index.php\/wp-json\/wp\/v2\/comments?post=16315"}],"version-history":[{"count":1,"href":"https:\/\/lasentinelle.dz\/index.php\/wp-json\/wp\/v2\/posts\/16315\/revisions"}],"predecessor-version":[{"id":16334,"href":"https:\/\/lasentinelle.dz\/index.php\/wp-json\/wp\/v2\/posts\/16315\/revisions\/16334"}],"wp:featuredmedia":[{"embeddable":true,"href":"https:\/\/lasentinelle.dz\/index.php\/wp-json\/wp\/v2\/media\/16333"}],"wp:attachment":[{"href":"https:\/\/lasentinelle.dz\/index.php\/wp-json\/wp\/v2\/media?parent=16315"}],"wp:term":[{"taxonomy":"category","embeddable":true,"href":"https:\/\/lasentinelle.dz\/index.php\/wp-json\/wp\/v2\/categories?post=16315"},{"taxonomy":"post_tag","embeddable":true,"href":"https:\/\/lasentinelle.dz\/index.php\/wp-json\/wp\/v2\/tags?post=16315"}],"curies":[{"name":"wp","href":"https:\/\/api.w.org\/{rel}","templated":true}]}}