{"id":16356,"date":"2022-02-02T00:01:00","date_gmt":"2022-02-01T23:01:00","guid":{"rendered":"https:\/\/lasentinelle.dz\/?p=16356"},"modified":"2022-02-01T16:00:02","modified_gmt":"2022-02-01T15:00:02","slug":"demi-finale-de-la-can-2021-la-ligue-1-francaise-en-force","status":"publish","type":"post","link":"https:\/\/lasentinelle.dz\/index.php\/2022\/02\/02\/demi-finale-de-la-can-2021-la-ligue-1-francaise-en-force\/","title":{"rendered":"Demi-finale de la CAN 2021\u00a0:\u00a0La Ligue 1 fran\u00e7aise en force"},"content":{"rendered":"\n<p>Le championnat fran\u00e7ais est largement plus repr\u00e9sent\u00e9 dans le carr\u00e9 d\u2019as de la Coupe d\u2019Afrique des Nations.&nbsp;&nbsp;<\/p>\n\n\n\n<p>Les joueurs \u00e9voluant dans&nbsp;14 championnats europ\u00e9ens sont encore&nbsp;en course avec leurs \u00e9quipes nationales&nbsp;en Coupe d\u2019Afrique des Nations. Les 5 grands championnats comptent le plus de joueurs et le championnat fran\u00e7ais est le plus repr\u00e9sent\u00e9. L\u2019hexagone place encore 25 joueurs africains de son championnat tout niveau confondu dans le carr\u00e9 d\u2019as. La Ligue 1 est repr\u00e9sent\u00e9e avec 16 joueurs venus de 12 clubs devant la Ligue 2 qui en place 4. Le PSG, l\u2019Olympique de Marseille, Angers et l\u2019AS Saint-\u00c9tienne sont les clubs fran\u00e7ais avec plus de joueurs (2). Rennes, Lyon, Lens, Bordeaux, Lorient, Nantes et Montpellier sont pr\u00e9sents avec un joueur. Derri\u00e8re la France, l\u2019Angleterre est le deuxi\u00e8me pays le plus repr\u00e9sent\u00e9 en demi-finales de la CAN. Ils sont au total 11 joueurs \u00e9voluant dans 7 clubs d\u2019Angleterre. Aston Villa et Liverpool sont les plus repr\u00e9sent\u00e9s avec deux joueurs. Le club de la Mersey compte sur ses deux stars Sadio Man\u00e9 (S\u00e9n\u00e9gal) et Mohamed Salah (Egypte). Chelsea, Watford, Aston Villa, Arsenal, Leicester et Crystal Palace ont tous un seul joueur pr\u00e9sent dans le carr\u00e9 d\u2019as. Les autres championnats des 5 majeurs sont tr\u00e8s peu pr\u00e9sents dans le top 4 de cette CAN. Le championnat italien compte encore 6 joueurs \u00e9voluant \u00e0 Naples (2), Hellas V\u00e9rone, Bologne, Cagliari et l\u2019AC Milan. L\u2019Allemagne et l\u2019Espagne sont derri\u00e8re avec seulement 4 joueurs identifi\u00e9s en demi-finale de la CAN. Le Bayern Munich est bien repr\u00e9sent\u00e9 par le s\u00e9n\u00e9galais Bouna Sarr et le camerounais Choupo-Moting. Stuttgart et le Bayer Leverkusen sont les deux autres clubs allemands. Villarreal, Alav\u00e8s sont les deux clubs de la Liga qui comptent encore de joueurs dans cette comp\u00e9tition. Le championnat \u00e9gyptien est le plus repr\u00e9sent\u00e9 apr\u00e8s la France dans le carr\u00e9 d\u2019as de la CAN. Il compte 23 joueurs dont 21 sont dans l\u2019effectif de la s\u00e9lection des Pharaons. Quelques championnats africains sont \u00e9galement repr\u00e9sent\u00e9s. En Europe, on retrouve dans ces demi-finales 8 autres championnats. Mais la Belgique (6), la Gr\u00e8ce (4), la Russie (2), et la Turquie (2) placent plus d\u2019un joueur.<\/p>\n\n\n\n<p>R. S.<\/p>\n","protected":false},"excerpt":{"rendered":"<p>Le championnat fran\u00e7ais est largement plus repr\u00e9sent\u00e9 dans le carr\u00e9 d\u2019as de la Coupe d\u2019Afrique des Nations.&nbsp;&nbsp; Les joueurs \u00e9voluant<\/p>\n","protected":false},"author":3,"featured_media":16362,"comment_status":"open","ping_status":"closed","sticky":false,"template":"","format":"standard","meta":{"colormag_page_container_layout":"default_layout","colormag_page_sidebar_layout":"default_layout","om_disable_all_campaigns":false,"_monsterinsights_skip_tracking":false,"_monsterinsights_sitenote_active":false,"_monsterinsights_sitenote_note":"","_monsterinsights_sitenote_category":0,"footnotes":"","_wpscppro_dont_share_socialmedia":false,"_wpscppro_custom_social_share_image":0,"_facebook_share_type":"","_twitter_share_type":"","_linkedin_share_type":"","_pinterest_share_type":"","_linkedin_share_type_page":"","_instagram_share_type":"","_medium_share_type":"","_threads_share_type":"","_google_business_share_type":"","_selected_social_profile":[],"_wpsp_enable_custom_social_template":false,"_wpsp_social_scheduling":{"enabled":false,"datetime":null,"platforms":[],"status":"template_only","dateOption":"today","timeOption":"now","customDays":"","customHours":"","customDate":"","customTime":"","schedulingType":"absolute"},"_wpsp_active_default_template":true},"categories":[33],"tags":[],"class_list":["post-16356","post","type-post","status-publish","format-standard","has-post-thumbnail","hentry","category-sports"],"aioseo_notices":[],"yoast_head":"<!-- This site is optimized with the Yoast SEO plugin v27.4 - https:\/\/yoast.com\/product\/yoast-seo-wordpress\/ -->\n<title>Demi-finale de la CAN 2021\u00a0:\u00a0La Ligue 1 fran\u00e7aise en force - La Sentinelle<\/title>\n<meta name=\"robots\" content=\"index, follow, max-snippet:-1, max-image-preview:large, max-video-preview:-1\" \/>\n<link rel=\"canonical\" href=\"https:\/\/lasentinelle.dz\/index.php\/2022\/02\/02\/demi-finale-de-la-can-2021-la-ligue-1-francaise-en-force\/\" \/>\n<meta property=\"og:locale\" content=\"fr_FR\" \/>\n<meta property=\"og:type\" content=\"article\" \/>\n<meta property=\"og:title\" content=\"Demi-finale de la CAN 2021\u00a0:\u00a0La Ligue 1 fran\u00e7aise en force - La Sentinelle\" \/>\n<meta property=\"og:description\" content=\"Le championnat fran\u00e7ais est largement plus repr\u00e9sent\u00e9 dans le carr\u00e9 d\u2019as de la Coupe d\u2019Afrique des Nations.&nbsp;&nbsp; Les joueurs \u00e9voluant\" \/>\n<meta property=\"og:url\" content=\"https:\/\/lasentinelle.dz\/index.php\/2022\/02\/02\/demi-finale-de-la-can-2021-la-ligue-1-francaise-en-force\/\" \/>\n<meta property=\"og:site_name\" content=\"La Sentinelle\" \/>\n<meta property=\"article:publisher\" content=\"https:\/\/www.facebook.com\/La-Sentinelle-104059864394773\" \/>\n<meta property=\"article:published_time\" content=\"2022-02-01T23:01:00+00:00\" \/>\n<meta property=\"og:image\" content=\"https:\/\/lasentinelle.dz\/wp-content\/uploads\/2022\/02\/demi-scaled.jpg\" \/>\n\t<meta property=\"og:image:width\" content=\"2560\" \/>\n\t<meta property=\"og:image:height\" content=\"1707\" \/>\n\t<meta property=\"og:image:type\" content=\"image\/jpeg\" \/>\n<meta name=\"author\" content=\"La Sentinelle\" \/>\n<meta name=\"twitter:card\" content=\"summary_large_image\" \/>\n<meta name=\"twitter:label1\" content=\"\u00c9crit par\" \/>\n\t<meta name=\"twitter:data1\" content=\"La Sentinelle\" \/>\n\t<meta name=\"twitter:label2\" content=\"Dur\u00e9e de lecture estim\u00e9e\" \/>\n\t<meta name=\"twitter:data2\" content=\"2 minutes\" \/>\n<script type=\"application\/ld+json\" class=\"yoast-schema-graph\">{\"@context\":\"https:\\\/\\\/schema.org\",\"@graph\":[{\"@type\":\"Article\",\"@id\":\"https:\\\/\\\/lasentinelle.dz\\\/index.php\\\/2022\\\/02\\\/02\\\/demi-finale-de-la-can-2021-la-ligue-1-francaise-en-force\\\/#article\",\"isPartOf\":{\"@id\":\"https:\\\/\\\/lasentinelle.dz\\\/index.php\\\/2022\\\/02\\\/02\\\/demi-finale-de-la-can-2021-la-ligue-1-francaise-en-force\\\/\"},\"author\":{\"name\":\"La Sentinelle\",\"@id\":\"https:\\\/\\\/lasentinelle.dz\\\/#\\\/schema\\\/person\\\/d865044e22e70a75174ce8bcad3acfb3\"},\"headline\":\"Demi-finale de la CAN 2021\u00a0:\u00a0La Ligue 1 fran\u00e7aise en force\",\"datePublished\":\"2022-02-01T23:01:00+00:00\",\"mainEntityOfPage\":{\"@id\":\"https:\\\/\\\/lasentinelle.dz\\\/index.php\\\/2022\\\/02\\\/02\\\/demi-finale-de-la-can-2021-la-ligue-1-francaise-en-force\\\/\"},\"wordCount\":396,\"commentCount\":0,\"publisher\":{\"@id\":\"https:\\\/\\\/lasentinelle.dz\\\/#organization\"},\"image\":{\"@id\":\"https:\\\/\\\/lasentinelle.dz\\\/index.php\\\/2022\\\/02\\\/02\\\/demi-finale-de-la-can-2021-la-ligue-1-francaise-en-force\\\/#primaryimage\"},\"thumbnailUrl\":\"https:\\\/\\\/lasentinelle.dz\\\/wp-content\\\/uploads\\\/2022\\\/02\\\/demi-scaled.jpg\",\"articleSection\":[\"Sports\"],\"inLanguage\":\"fr-FR\",\"potentialAction\":[{\"@type\":\"CommentAction\",\"name\":\"Comment\",\"target\":[\"https:\\\/\\\/lasentinelle.dz\\\/index.php\\\/2022\\\/02\\\/02\\\/demi-finale-de-la-can-2021-la-ligue-1-francaise-en-force\\\/#respond\"]}]},{\"@type\":\"WebPage\",\"@id\":\"https:\\\/\\\/lasentinelle.dz\\\/index.php\\\/2022\\\/02\\\/02\\\/demi-finale-de-la-can-2021-la-ligue-1-francaise-en-force\\\/\",\"url\":\"https:\\\/\\\/lasentinelle.dz\\\/index.php\\\/2022\\\/02\\\/02\\\/demi-finale-de-la-can-2021-la-ligue-1-francaise-en-force\\\/\",\"name\":\"Demi-finale de la CAN 2021\u00a0:\u00a0La Ligue 1 fran\u00e7aise en force - La Sentinelle\",\"isPartOf\":{\"@id\":\"https:\\\/\\\/lasentinelle.dz\\\/#website\"},\"primaryImageOfPage\":{\"@id\":\"https:\\\/\\\/lasentinelle.dz\\\/index.php\\\/2022\\\/02\\\/02\\\/demi-finale-de-la-can-2021-la-ligue-1-francaise-en-force\\\/#primaryimage\"},\"image\":{\"@id\":\"https:\\\/\\\/lasentinelle.dz\\\/index.php\\\/2022\\\/02\\\/02\\\/demi-finale-de-la-can-2021-la-ligue-1-francaise-en-force\\\/#primaryimage\"},\"thumbnailUrl\":\"https:\\\/\\\/lasentinelle.dz\\\/wp-content\\\/uploads\\\/2022\\\/02\\\/demi-scaled.jpg\",\"datePublished\":\"2022-02-01T23:01:00+00:00\",\"breadcrumb\":{\"@id\":\"https:\\\/\\\/lasentinelle.dz\\\/index.php\\\/2022\\\/02\\\/02\\\/demi-finale-de-la-can-2021-la-ligue-1-francaise-en-force\\\/#breadcrumb\"},\"inLanguage\":\"fr-FR\",\"potentialAction\":[{\"@type\":\"ReadAction\",\"target\":[\"https:\\\/\\\/lasentinelle.dz\\\/index.php\\\/2022\\\/02\\\/02\\\/demi-finale-de-la-can-2021-la-ligue-1-francaise-en-force\\\/\"]}]},{\"@type\":\"ImageObject\",\"inLanguage\":\"fr-FR\",\"@id\":\"https:\\\/\\\/lasentinelle.dz\\\/index.php\\\/2022\\\/02\\\/02\\\/demi-finale-de-la-can-2021-la-ligue-1-francaise-en-force\\\/#primaryimage\",\"url\":\"https:\\\/\\\/lasentinelle.dz\\\/wp-content\\\/uploads\\\/2022\\\/02\\\/demi-scaled.jpg\",\"contentUrl\":\"https:\\\/\\\/lasentinelle.dz\\\/wp-content\\\/uploads\\\/2022\\\/02\\\/demi-scaled.jpg\",\"width\":2560,\"height\":1707},{\"@type\":\"BreadcrumbList\",\"@id\":\"https:\\\/\\\/lasentinelle.dz\\\/index.php\\\/2022\\\/02\\\/02\\\/demi-finale-de-la-can-2021-la-ligue-1-francaise-en-force\\\/#breadcrumb\",\"itemListElement\":[{\"@type\":\"ListItem\",\"position\":1,\"name\":\"Accueil\",\"item\":\"https:\\\/\\\/lasentinelle.dz\\\/\"},{\"@type\":\"ListItem\",\"position\":2,\"name\":\"Demi-finale de la CAN 2021\u00a0:\u00a0La Ligue 1 fran\u00e7aise en force\"}]},{\"@type\":\"WebSite\",\"@id\":\"https:\\\/\\\/lasentinelle.dz\\\/#website\",\"url\":\"https:\\\/\\\/lasentinelle.dz\\\/\",\"name\":\"La Sentinelle\",\"description\":\"Quotidien national d&#039;information\",\"publisher\":{\"@id\":\"https:\\\/\\\/lasentinelle.dz\\\/#organization\"},\"potentialAction\":[{\"@type\":\"SearchAction\",\"target\":{\"@type\":\"EntryPoint\",\"urlTemplate\":\"https:\\\/\\\/lasentinelle.dz\\\/?s={search_term_string}\"},\"query-input\":{\"@type\":\"PropertyValueSpecification\",\"valueRequired\":true,\"valueName\":\"search_term_string\"}}],\"inLanguage\":\"fr-FR\"},{\"@type\":\"Organization\",\"@id\":\"https:\\\/\\\/lasentinelle.dz\\\/#organization\",\"name\":\"Quotidien La Sentinelle\",\"url\":\"https:\\\/\\\/lasentinelle.dz\\\/\",\"logo\":{\"@type\":\"ImageObject\",\"inLanguage\":\"fr-FR\",\"@id\":\"https:\\\/\\\/lasentinelle.dz\\\/#\\\/schema\\\/logo\\\/image\\\/\",\"url\":\"https:\\\/\\\/lasentinelle.dz\\\/wp-content\\\/uploads\\\/2021\\\/09\\\/logo-sentinelleSLOGAN-1.png\",\"contentUrl\":\"https:\\\/\\\/lasentinelle.dz\\\/wp-content\\\/uploads\\\/2021\\\/09\\\/logo-sentinelleSLOGAN-1.png\",\"width\":615,\"height\":142,\"caption\":\"Quotidien La Sentinelle\"},\"image\":{\"@id\":\"https:\\\/\\\/lasentinelle.dz\\\/#\\\/schema\\\/logo\\\/image\\\/\"},\"sameAs\":[\"https:\\\/\\\/www.facebook.com\\\/La-Sentinelle-104059864394773\"]},{\"@type\":\"Person\",\"@id\":\"https:\\\/\\\/lasentinelle.dz\\\/#\\\/schema\\\/person\\\/d865044e22e70a75174ce8bcad3acfb3\",\"name\":\"La Sentinelle\",\"image\":{\"@type\":\"ImageObject\",\"inLanguage\":\"fr-FR\",\"@id\":\"https:\\\/\\\/secure.gravatar.com\\\/avatar\\\/57de8e5d4b15d43fb361a71fbb36338450fe67865b528a43dd10ef7c51a20392?s=96&d=mm&r=g\",\"url\":\"https:\\\/\\\/secure.gravatar.com\\\/avatar\\\/57de8e5d4b15d43fb361a71fbb36338450fe67865b528a43dd10ef7c51a20392?s=96&d=mm&r=g\",\"contentUrl\":\"https:\\\/\\\/secure.gravatar.com\\\/avatar\\\/57de8e5d4b15d43fb361a71fbb36338450fe67865b528a43dd10ef7c51a20392?s=96&d=mm&r=g\",\"caption\":\"La Sentinelle\"},\"sameAs\":[\"http:\\\/\\\/www.lasentinelle.dz\"],\"url\":\"https:\\\/\\\/lasentinelle.dz\\\/author\\\/redaction\\\/\"}]}<\/script>\n<!-- \/ Yoast SEO plugin. -->","yoast_head_json":{"title":"Demi-finale de la CAN 2021\u00a0:\u00a0La Ligue 1 fran\u00e7aise en force - La Sentinelle","robots":{"index":"index","follow":"follow","max-snippet":"max-snippet:-1","max-image-preview":"max-image-preview:large","max-video-preview":"max-video-preview:-1"},"canonical":"https:\/\/lasentinelle.dz\/index.php\/2022\/02\/02\/demi-finale-de-la-can-2021-la-ligue-1-francaise-en-force\/","og_locale":"fr_FR","og_type":"article","og_title":"Demi-finale de la CAN 2021\u00a0:\u00a0La Ligue 1 fran\u00e7aise en force - La Sentinelle","og_description":"Le championnat fran\u00e7ais est largement plus repr\u00e9sent\u00e9 dans le carr\u00e9 d\u2019as de la Coupe d\u2019Afrique des Nations.&nbsp;&nbsp; Les joueurs \u00e9voluant","og_url":"https:\/\/lasentinelle.dz\/index.php\/2022\/02\/02\/demi-finale-de-la-can-2021-la-ligue-1-francaise-en-force\/","og_site_name":"La Sentinelle","article_publisher":"https:\/\/www.facebook.com\/La-Sentinelle-104059864394773","article_published_time":"2022-02-01T23:01:00+00:00","og_image":[{"width":2560,"height":1707,"url":"https:\/\/lasentinelle.dz\/wp-content\/uploads\/2022\/02\/demi-scaled.jpg","type":"image\/jpeg"}],"author":"La Sentinelle","twitter_card":"summary_large_image","twitter_misc":{"\u00c9crit par":"La Sentinelle","Dur\u00e9e de lecture estim\u00e9e":"2 minutes"},"schema":{"@context":"https:\/\/schema.org","@graph":[{"@type":"Article","@id":"https:\/\/lasentinelle.dz\/index.php\/2022\/02\/02\/demi-finale-de-la-can-2021-la-ligue-1-francaise-en-force\/#article","isPartOf":{"@id":"https:\/\/lasentinelle.dz\/index.php\/2022\/02\/02\/demi-finale-de-la-can-2021-la-ligue-1-francaise-en-force\/"},"author":{"name":"La Sentinelle","@id":"https:\/\/lasentinelle.dz\/#\/schema\/person\/d865044e22e70a75174ce8bcad3acfb3"},"headline":"Demi-finale de la CAN 2021\u00a0:\u00a0La Ligue 1 fran\u00e7aise en force","datePublished":"2022-02-01T23:01:00+00:00","mainEntityOfPage":{"@id":"https:\/\/lasentinelle.dz\/index.php\/2022\/02\/02\/demi-finale-de-la-can-2021-la-ligue-1-francaise-en-force\/"},"wordCount":396,"commentCount":0,"publisher":{"@id":"https:\/\/lasentinelle.dz\/#organization"},"image":{"@id":"https:\/\/lasentinelle.dz\/index.php\/2022\/02\/02\/demi-finale-de-la-can-2021-la-ligue-1-francaise-en-force\/#primaryimage"},"thumbnailUrl":"https:\/\/lasentinelle.dz\/wp-content\/uploads\/2022\/02\/demi-scaled.jpg","articleSection":["Sports"],"inLanguage":"fr-FR","potentialAction":[{"@type":"CommentAction","name":"Comment","target":["https:\/\/lasentinelle.dz\/index.php\/2022\/02\/02\/demi-finale-de-la-can-2021-la-ligue-1-francaise-en-force\/#respond"]}]},{"@type":"WebPage","@id":"https:\/\/lasentinelle.dz\/index.php\/2022\/02\/02\/demi-finale-de-la-can-2021-la-ligue-1-francaise-en-force\/","url":"https:\/\/lasentinelle.dz\/index.php\/2022\/02\/02\/demi-finale-de-la-can-2021-la-ligue-1-francaise-en-force\/","name":"Demi-finale de la CAN 2021\u00a0:\u00a0La Ligue 1 fran\u00e7aise en force - La Sentinelle","isPartOf":{"@id":"https:\/\/lasentinelle.dz\/#website"},"primaryImageOfPage":{"@id":"https:\/\/lasentinelle.dz\/index.php\/2022\/02\/02\/demi-finale-de-la-can-2021-la-ligue-1-francaise-en-force\/#primaryimage"},"image":{"@id":"https:\/\/lasentinelle.dz\/index.php\/2022\/02\/02\/demi-finale-de-la-can-2021-la-ligue-1-francaise-en-force\/#primaryimage"},"thumbnailUrl":"https:\/\/lasentinelle.dz\/wp-content\/uploads\/2022\/02\/demi-scaled.jpg","datePublished":"2022-02-01T23:01:00+00:00","breadcrumb":{"@id":"https:\/\/lasentinelle.dz\/index.php\/2022\/02\/02\/demi-finale-de-la-can-2021-la-ligue-1-francaise-en-force\/#breadcrumb"},"inLanguage":"fr-FR","potentialAction":[{"@type":"ReadAction","target":["https:\/\/lasentinelle.dz\/index.php\/2022\/02\/02\/demi-finale-de-la-can-2021-la-ligue-1-francaise-en-force\/"]}]},{"@type":"ImageObject","inLanguage":"fr-FR","@id":"https:\/\/lasentinelle.dz\/index.php\/2022\/02\/02\/demi-finale-de-la-can-2021-la-ligue-1-francaise-en-force\/#primaryimage","url":"https:\/\/lasentinelle.dz\/wp-content\/uploads\/2022\/02\/demi-scaled.jpg","contentUrl":"https:\/\/lasentinelle.dz\/wp-content\/uploads\/2022\/02\/demi-scaled.jpg","width":2560,"height":1707},{"@type":"BreadcrumbList","@id":"https:\/\/lasentinelle.dz\/index.php\/2022\/02\/02\/demi-finale-de-la-can-2021-la-ligue-1-francaise-en-force\/#breadcrumb","itemListElement":[{"@type":"ListItem","position":1,"name":"Accueil","item":"https:\/\/lasentinelle.dz\/"},{"@type":"ListItem","position":2,"name":"Demi-finale de la CAN 2021\u00a0:\u00a0La Ligue 1 fran\u00e7aise en force"}]},{"@type":"WebSite","@id":"https:\/\/lasentinelle.dz\/#website","url":"https:\/\/lasentinelle.dz\/","name":"La Sentinelle","description":"Quotidien national d&#039;information","publisher":{"@id":"https:\/\/lasentinelle.dz\/#organization"},"potentialAction":[{"@type":"SearchAction","target":{"@type":"EntryPoint","urlTemplate":"https:\/\/lasentinelle.dz\/?s={search_term_string}"},"query-input":{"@type":"PropertyValueSpecification","valueRequired":true,"valueName":"search_term_string"}}],"inLanguage":"fr-FR"},{"@type":"Organization","@id":"https:\/\/lasentinelle.dz\/#organization","name":"Quotidien La Sentinelle","url":"https:\/\/lasentinelle.dz\/","logo":{"@type":"ImageObject","inLanguage":"fr-FR","@id":"https:\/\/lasentinelle.dz\/#\/schema\/logo\/image\/","url":"https:\/\/lasentinelle.dz\/wp-content\/uploads\/2021\/09\/logo-sentinelleSLOGAN-1.png","contentUrl":"https:\/\/lasentinelle.dz\/wp-content\/uploads\/2021\/09\/logo-sentinelleSLOGAN-1.png","width":615,"height":142,"caption":"Quotidien La Sentinelle"},"image":{"@id":"https:\/\/lasentinelle.dz\/#\/schema\/logo\/image\/"},"sameAs":["https:\/\/www.facebook.com\/La-Sentinelle-104059864394773"]},{"@type":"Person","@id":"https:\/\/lasentinelle.dz\/#\/schema\/person\/d865044e22e70a75174ce8bcad3acfb3","name":"La Sentinelle","image":{"@type":"ImageObject","inLanguage":"fr-FR","@id":"https:\/\/secure.gravatar.com\/avatar\/57de8e5d4b15d43fb361a71fbb36338450fe67865b528a43dd10ef7c51a20392?s=96&d=mm&r=g","url":"https:\/\/secure.gravatar.com\/avatar\/57de8e5d4b15d43fb361a71fbb36338450fe67865b528a43dd10ef7c51a20392?s=96&d=mm&r=g","contentUrl":"https:\/\/secure.gravatar.com\/avatar\/57de8e5d4b15d43fb361a71fbb36338450fe67865b528a43dd10ef7c51a20392?s=96&d=mm&r=g","caption":"La Sentinelle"},"sameAs":["http:\/\/www.lasentinelle.dz"],"url":"https:\/\/lasentinelle.dz\/author\/redaction\/"}]}},"_links":{"self":[{"href":"https:\/\/lasentinelle.dz\/index.php\/wp-json\/wp\/v2\/posts\/16356","targetHints":{"allow":["GET"]}}],"collection":[{"href":"https:\/\/lasentinelle.dz\/index.php\/wp-json\/wp\/v2\/posts"}],"about":[{"href":"https:\/\/lasentinelle.dz\/index.php\/wp-json\/wp\/v2\/types\/post"}],"author":[{"embeddable":true,"href":"https:\/\/lasentinelle.dz\/index.php\/wp-json\/wp\/v2\/users\/3"}],"replies":[{"embeddable":true,"href":"https:\/\/lasentinelle.dz\/index.php\/wp-json\/wp\/v2\/comments?post=16356"}],"version-history":[{"count":1,"href":"https:\/\/lasentinelle.dz\/index.php\/wp-json\/wp\/v2\/posts\/16356\/revisions"}],"predecessor-version":[{"id":16364,"href":"https:\/\/lasentinelle.dz\/index.php\/wp-json\/wp\/v2\/posts\/16356\/revisions\/16364"}],"wp:featuredmedia":[{"embeddable":true,"href":"https:\/\/lasentinelle.dz\/index.php\/wp-json\/wp\/v2\/media\/16362"}],"wp:attachment":[{"href":"https:\/\/lasentinelle.dz\/index.php\/wp-json\/wp\/v2\/media?parent=16356"}],"wp:term":[{"taxonomy":"category","embeddable":true,"href":"https:\/\/lasentinelle.dz\/index.php\/wp-json\/wp\/v2\/categories?post=16356"},{"taxonomy":"post_tag","embeddable":true,"href":"https:\/\/lasentinelle.dz\/index.php\/wp-json\/wp\/v2\/tags?post=16356"}],"curies":[{"name":"wp","href":"https:\/\/api.w.org\/{rel}","templated":true}]}}