{"id":16432,"date":"2022-02-03T00:01:00","date_gmt":"2022-02-02T23:01:00","guid":{"rendered":"https:\/\/lasentinelle.dz\/?p=16432"},"modified":"2022-02-02T15:45:35","modified_gmt":"2022-02-02T14:45:35","slug":"arrivee-de-youcef-belaili-a-brest-courbis-lun-des-meilleurs-coups-du-mercato","status":"publish","type":"post","link":"https:\/\/lasentinelle.dz\/index.php\/2022\/02\/03\/arrivee-de-youcef-belaili-a-brest-courbis-lun-des-meilleurs-coups-du-mercato\/","title":{"rendered":"Arriv\u00e9e de Youcef Belaili \u00e0 Brest\u00a0\/\u00a0Courbis : \u00ab L\u2019un des meilleurs coups du mercato \u00bb"},"content":{"rendered":"\n<p>\u00ab Il peut vite devenir la nouvelle coqueluche du public brestois, et m\u00eame une attraction pour la Ligue 1 \u00bb, a expliqu\u00e9 le c\u00e9l\u00e8bre coach fran\u00e7ais.&nbsp;<\/p>\n\n\n\n<p>L\u2019OM, Bordeaux, Lorient, Troyes et Brest ont tour \u00e0 tour tent\u00e9 de s\u2019attacher les services de Youcef Belaili. Libre de tout contrat, l\u2019Alg\u00e9rien avait \u00e9galement de tr\u00e8s nombreuses pistes \u00e0 l\u2019\u00e9tranger. Mais c\u2019est Brest qui a eu le dernier mot, club avec lequel le natif d\u2019Oran s\u2019est engag\u00e9 jusqu\u2019\u00e0 la fin de la saison en cours. Et pour le c\u00e9l\u00e8bre entra\u00eeneur fran\u00e7ais et consultant de RMC, Rolland Courbis, qui conna\u00eet bien le profil du joueur, \u00ab les Bretons ont fait une affaire en or \u00bb.&nbsp;&nbsp;\u00ab C\u2019est un excellent coup de la part des Brestois. Brest fait partie des clubs qui travaillent bien, avec des gens intelligents \u00e0 leur t\u00eate, comme Gr\u00e9gory Lorenzi. Brest, Lens ou encore Montpellier sont des clubs qui n\u2019ont pas beaucoup de moyens mais qui parviennent \u00e0 faire de belles choses. Regardez ce qu\u2019ils ont fait avec le petit Faivre. Brest le r\u00e9cup\u00e8re pour trois figues \u00e0 Monaco, il explose, c\u2019est tr\u00e8s bien vendu \u00e0 Lyon et derri\u00e8re, au lieu de se prendre la hausse des prix du march\u00e9 qui frappe tous les clubs qui ont une grosse rentr\u00e9e d\u2019argent, tu signes un super joueur, libre. Belaili, c\u2019est un tr\u00e8s bon coup. Pour moi, c\u2019est l\u2019un des trois meilleurs coups de ce mercato hivernal. Sur le rapport qualit\u00e9\/prix, c\u2019est m\u00eame sans doute le meilleur \u00bb, a expliqu\u00e9 Courbis, qui a d\u00e9j\u00e0 driv\u00e9 Belaili \u00e0 l\u2019USM Alger. \u00ab C\u2019est un joueur m\u00e9connu du grand public par rapport \u00e0 son talent. Mais il n\u2019a pas \u00e9chapp\u00e9 \u00e0 Djamel Belmadi, qui le met syst\u00e9matiquement sur le terrain en s\u00e9lection. Je pense qu\u2019il peut \u00eatre la belle surprise de la fin de saison. Il faut \u00eatre prudent car avec toutes ces blessures\u2026 Mais dans le contexte brestois, avec un Michel Der Zakarian que je connais bien et qui peut tout \u00e0 fait lui correspondre, la bonne ambiance dans le groupe, etc\u2026 Il peut vite devenir la nouvelle coqueluche du public brestois. Et m\u00eame une attraction pour la Ligue 1 \u00bb, poursuit Rolland Courbis. En arrivant \u00e0 Brest, Bela\u00efli a amen\u00e9 avec lui l&rsquo;int\u00e9r\u00eat d&rsquo;une foule de nouveaux fans: en quelques heures, le club breton a plus que doubl\u00e9 ses abonn\u00e9s sur les r\u00e9seaux sociaux. Lundi matin, avant les premi\u00e8res rumeurs sur des contacts entre Brest et l&rsquo;international alg\u00e9rien, Brest comptait environ 440 000 abonn\u00e9s sur ses diff\u00e9rents comptes sur les r\u00e9seaux sociaux (144 000 sur Facebook, 126 000 sur Tiktok, 91 000 sur Twitter et 79 000 sur Instagram). Apr\u00e8s l&rsquo;annonce vers 22h de l&rsquo;engagement du joueur, le total a d\u00e9pass\u00e9 le million. \u00ab On a \u00e9t\u00e9 vraiment surpris de l&rsquo;ampleur, sur les comptes c&rsquo;\u00e9tait comme \u00e0 Las Vegas, \u00e7a tournait tout seul \u00bb, a expliqu\u00e9 \u00e0 l&rsquo;AFP un porte-parole du club. Mardi en d\u00e9but d&rsquo;apr\u00e8s-midi, le Stade brestois comptait ainsi 615.000 abonn\u00e9s sur Facebook et plus de 250.000 sur Instagram, et ces totaux continuaient de grimper. Au-del\u00e0 de l&rsquo;engouement sur les r\u00e9seaux sociaux, \u00ab on est surtout contents d&rsquo;avoir un joueur de top niveau, parce que le but c&rsquo;est de gagner des matches \u00bb, a expliqu\u00e9 le porte-parole. Mais le club s&rsquo;attend aussi \u00e0 vendre beaucoup de maillots floqu\u00e9s du num\u00e9ro 24 de Bela\u00efli.&nbsp;<\/p>\n\n\n\n<p><strong>A. Mahious \/ R. S.<\/strong><\/p>\n","protected":false},"excerpt":{"rendered":"<p>\u00ab Il peut vite devenir la nouvelle coqueluche du public brestois, et m\u00eame une attraction pour la Ligue 1 \u00bb,<\/p>\n","protected":false},"author":3,"featured_media":16437,"comment_status":"open","ping_status":"closed","sticky":false,"template":"","format":"standard","meta":{"colormag_page_container_layout":"default_layout","colormag_page_sidebar_layout":"default_layout","om_disable_all_campaigns":false,"_monsterinsights_skip_tracking":false,"_monsterinsights_sitenote_active":false,"_monsterinsights_sitenote_note":"","_monsterinsights_sitenote_category":0,"footnotes":"","_wpscppro_dont_share_socialmedia":false,"_wpscppro_custom_social_share_image":0,"_facebook_share_type":"","_twitter_share_type":"","_linkedin_share_type":"","_pinterest_share_type":"","_linkedin_share_type_page":"","_instagram_share_type":"","_medium_share_type":"","_threads_share_type":"","_google_business_share_type":"","_selected_social_profile":[],"_wpsp_enable_custom_social_template":false,"_wpsp_social_scheduling":{"enabled":false,"datetime":null,"platforms":[],"status":"template_only","dateOption":"today","timeOption":"now","customDays":"","customHours":"","customDate":"","customTime":"","schedulingType":"absolute"},"_wpsp_active_default_template":true},"categories":[33],"tags":[],"class_list":["post-16432","post","type-post","status-publish","format-standard","has-post-thumbnail","hentry","category-sports"],"aioseo_notices":[],"yoast_head":"<!-- This site is optimized with the Yoast SEO plugin v27.5 - https:\/\/yoast.com\/product\/yoast-seo-wordpress\/ -->\n<title>Arriv\u00e9e de Youcef Belaili \u00e0 Brest\u00a0\/\u00a0Courbis : \u00ab L\u2019un des meilleurs coups du mercato \u00bb - La Sentinelle<\/title>\n<meta name=\"robots\" content=\"index, follow, max-snippet:-1, max-image-preview:large, max-video-preview:-1\" \/>\n<link rel=\"canonical\" href=\"https:\/\/lasentinelle.dz\/index.php\/2022\/02\/03\/arrivee-de-youcef-belaili-a-brest-courbis-lun-des-meilleurs-coups-du-mercato\/\" \/>\n<meta property=\"og:locale\" content=\"fr_FR\" \/>\n<meta property=\"og:type\" content=\"article\" \/>\n<meta property=\"og:title\" content=\"Arriv\u00e9e de Youcef Belaili \u00e0 Brest\u00a0\/\u00a0Courbis : \u00ab L\u2019un des meilleurs coups du mercato \u00bb - La Sentinelle\" \/>\n<meta property=\"og:description\" content=\"\u00ab Il peut vite devenir la nouvelle coqueluche du public brestois, et m\u00eame une attraction pour la Ligue 1 \u00bb,\" \/>\n<meta property=\"og:url\" content=\"https:\/\/lasentinelle.dz\/index.php\/2022\/02\/03\/arrivee-de-youcef-belaili-a-brest-courbis-lun-des-meilleurs-coups-du-mercato\/\" \/>\n<meta property=\"og:site_name\" content=\"La Sentinelle\" \/>\n<meta property=\"article:publisher\" content=\"https:\/\/www.facebook.com\/La-Sentinelle-104059864394773\" \/>\n<meta property=\"article:published_time\" content=\"2022-02-02T23:01:00+00:00\" \/>\n<meta property=\"og:image\" content=\"https:\/\/lasentinelle.dz\/wp-content\/uploads\/2022\/02\/belaili.jpg\" \/>\n\t<meta property=\"og:image:width\" content=\"526\" \/>\n\t<meta property=\"og:image:height\" content=\"701\" \/>\n\t<meta property=\"og:image:type\" content=\"image\/jpeg\" \/>\n<meta name=\"author\" content=\"La Sentinelle\" \/>\n<meta name=\"twitter:card\" content=\"summary_large_image\" \/>\n<meta name=\"twitter:label1\" content=\"\u00c9crit par\" \/>\n\t<meta name=\"twitter:data1\" content=\"La Sentinelle\" \/>\n\t<meta name=\"twitter:label2\" content=\"Dur\u00e9e de lecture estim\u00e9e\" \/>\n\t<meta name=\"twitter:data2\" content=\"3 minutes\" \/>\n<script type=\"application\/ld+json\" class=\"yoast-schema-graph\">{\"@context\":\"https:\\\/\\\/schema.org\",\"@graph\":[{\"@type\":\"Article\",\"@id\":\"https:\\\/\\\/lasentinelle.dz\\\/index.php\\\/2022\\\/02\\\/03\\\/arrivee-de-youcef-belaili-a-brest-courbis-lun-des-meilleurs-coups-du-mercato\\\/#article\",\"isPartOf\":{\"@id\":\"https:\\\/\\\/lasentinelle.dz\\\/index.php\\\/2022\\\/02\\\/03\\\/arrivee-de-youcef-belaili-a-brest-courbis-lun-des-meilleurs-coups-du-mercato\\\/\"},\"author\":{\"name\":\"La Sentinelle\",\"@id\":\"https:\\\/\\\/lasentinelle.dz\\\/#\\\/schema\\\/person\\\/d865044e22e70a75174ce8bcad3acfb3\"},\"headline\":\"Arriv\u00e9e de Youcef Belaili \u00e0 Brest\u00a0\\\/\u00a0Courbis : \u00ab L\u2019un des meilleurs coups du mercato \u00bb\",\"datePublished\":\"2022-02-02T23:01:00+00:00\",\"mainEntityOfPage\":{\"@id\":\"https:\\\/\\\/lasentinelle.dz\\\/index.php\\\/2022\\\/02\\\/03\\\/arrivee-de-youcef-belaili-a-brest-courbis-lun-des-meilleurs-coups-du-mercato\\\/\"},\"wordCount\":610,\"commentCount\":0,\"publisher\":{\"@id\":\"https:\\\/\\\/lasentinelle.dz\\\/#organization\"},\"image\":{\"@id\":\"https:\\\/\\\/lasentinelle.dz\\\/index.php\\\/2022\\\/02\\\/03\\\/arrivee-de-youcef-belaili-a-brest-courbis-lun-des-meilleurs-coups-du-mercato\\\/#primaryimage\"},\"thumbnailUrl\":\"https:\\\/\\\/lasentinelle.dz\\\/wp-content\\\/uploads\\\/2022\\\/02\\\/belaili.jpg\",\"articleSection\":[\"Sports\"],\"inLanguage\":\"fr-FR\",\"potentialAction\":[{\"@type\":\"CommentAction\",\"name\":\"Comment\",\"target\":[\"https:\\\/\\\/lasentinelle.dz\\\/index.php\\\/2022\\\/02\\\/03\\\/arrivee-de-youcef-belaili-a-brest-courbis-lun-des-meilleurs-coups-du-mercato\\\/#respond\"]}]},{\"@type\":\"WebPage\",\"@id\":\"https:\\\/\\\/lasentinelle.dz\\\/index.php\\\/2022\\\/02\\\/03\\\/arrivee-de-youcef-belaili-a-brest-courbis-lun-des-meilleurs-coups-du-mercato\\\/\",\"url\":\"https:\\\/\\\/lasentinelle.dz\\\/index.php\\\/2022\\\/02\\\/03\\\/arrivee-de-youcef-belaili-a-brest-courbis-lun-des-meilleurs-coups-du-mercato\\\/\",\"name\":\"Arriv\u00e9e de Youcef Belaili \u00e0 Brest\u00a0\\\/\u00a0Courbis : \u00ab L\u2019un des meilleurs coups du mercato \u00bb - La Sentinelle\",\"isPartOf\":{\"@id\":\"https:\\\/\\\/lasentinelle.dz\\\/#website\"},\"primaryImageOfPage\":{\"@id\":\"https:\\\/\\\/lasentinelle.dz\\\/index.php\\\/2022\\\/02\\\/03\\\/arrivee-de-youcef-belaili-a-brest-courbis-lun-des-meilleurs-coups-du-mercato\\\/#primaryimage\"},\"image\":{\"@id\":\"https:\\\/\\\/lasentinelle.dz\\\/index.php\\\/2022\\\/02\\\/03\\\/arrivee-de-youcef-belaili-a-brest-courbis-lun-des-meilleurs-coups-du-mercato\\\/#primaryimage\"},\"thumbnailUrl\":\"https:\\\/\\\/lasentinelle.dz\\\/wp-content\\\/uploads\\\/2022\\\/02\\\/belaili.jpg\",\"datePublished\":\"2022-02-02T23:01:00+00:00\",\"breadcrumb\":{\"@id\":\"https:\\\/\\\/lasentinelle.dz\\\/index.php\\\/2022\\\/02\\\/03\\\/arrivee-de-youcef-belaili-a-brest-courbis-lun-des-meilleurs-coups-du-mercato\\\/#breadcrumb\"},\"inLanguage\":\"fr-FR\",\"potentialAction\":[{\"@type\":\"ReadAction\",\"target\":[\"https:\\\/\\\/lasentinelle.dz\\\/index.php\\\/2022\\\/02\\\/03\\\/arrivee-de-youcef-belaili-a-brest-courbis-lun-des-meilleurs-coups-du-mercato\\\/\"]}]},{\"@type\":\"ImageObject\",\"inLanguage\":\"fr-FR\",\"@id\":\"https:\\\/\\\/lasentinelle.dz\\\/index.php\\\/2022\\\/02\\\/03\\\/arrivee-de-youcef-belaili-a-brest-courbis-lun-des-meilleurs-coups-du-mercato\\\/#primaryimage\",\"url\":\"https:\\\/\\\/lasentinelle.dz\\\/wp-content\\\/uploads\\\/2022\\\/02\\\/belaili.jpg\",\"contentUrl\":\"https:\\\/\\\/lasentinelle.dz\\\/wp-content\\\/uploads\\\/2022\\\/02\\\/belaili.jpg\",\"width\":526,\"height\":701},{\"@type\":\"BreadcrumbList\",\"@id\":\"https:\\\/\\\/lasentinelle.dz\\\/index.php\\\/2022\\\/02\\\/03\\\/arrivee-de-youcef-belaili-a-brest-courbis-lun-des-meilleurs-coups-du-mercato\\\/#breadcrumb\",\"itemListElement\":[{\"@type\":\"ListItem\",\"position\":1,\"name\":\"Accueil\",\"item\":\"https:\\\/\\\/lasentinelle.dz\\\/\"},{\"@type\":\"ListItem\",\"position\":2,\"name\":\"Arriv\u00e9e de Youcef Belaili \u00e0 Brest\u00a0\\\/\u00a0Courbis : \u00ab L\u2019un des meilleurs coups du mercato \u00bb\"}]},{\"@type\":\"WebSite\",\"@id\":\"https:\\\/\\\/lasentinelle.dz\\\/#website\",\"url\":\"https:\\\/\\\/lasentinelle.dz\\\/\",\"name\":\"La Sentinelle\",\"description\":\"Quotidien national d&#039;information\",\"publisher\":{\"@id\":\"https:\\\/\\\/lasentinelle.dz\\\/#organization\"},\"potentialAction\":[{\"@type\":\"SearchAction\",\"target\":{\"@type\":\"EntryPoint\",\"urlTemplate\":\"https:\\\/\\\/lasentinelle.dz\\\/?s={search_term_string}\"},\"query-input\":{\"@type\":\"PropertyValueSpecification\",\"valueRequired\":true,\"valueName\":\"search_term_string\"}}],\"inLanguage\":\"fr-FR\"},{\"@type\":\"Organization\",\"@id\":\"https:\\\/\\\/lasentinelle.dz\\\/#organization\",\"name\":\"Quotidien La Sentinelle\",\"url\":\"https:\\\/\\\/lasentinelle.dz\\\/\",\"logo\":{\"@type\":\"ImageObject\",\"inLanguage\":\"fr-FR\",\"@id\":\"https:\\\/\\\/lasentinelle.dz\\\/#\\\/schema\\\/logo\\\/image\\\/\",\"url\":\"https:\\\/\\\/lasentinelle.dz\\\/wp-content\\\/uploads\\\/2021\\\/09\\\/logo-sentinelleSLOGAN-1.png\",\"contentUrl\":\"https:\\\/\\\/lasentinelle.dz\\\/wp-content\\\/uploads\\\/2021\\\/09\\\/logo-sentinelleSLOGAN-1.png\",\"width\":615,\"height\":142,\"caption\":\"Quotidien La Sentinelle\"},\"image\":{\"@id\":\"https:\\\/\\\/lasentinelle.dz\\\/#\\\/schema\\\/logo\\\/image\\\/\"},\"sameAs\":[\"https:\\\/\\\/www.facebook.com\\\/La-Sentinelle-104059864394773\"]},{\"@type\":\"Person\",\"@id\":\"https:\\\/\\\/lasentinelle.dz\\\/#\\\/schema\\\/person\\\/d865044e22e70a75174ce8bcad3acfb3\",\"name\":\"La Sentinelle\",\"image\":{\"@type\":\"ImageObject\",\"inLanguage\":\"fr-FR\",\"@id\":\"https:\\\/\\\/secure.gravatar.com\\\/avatar\\\/57de8e5d4b15d43fb361a71fbb36338450fe67865b528a43dd10ef7c51a20392?s=96&d=mm&r=g\",\"url\":\"https:\\\/\\\/secure.gravatar.com\\\/avatar\\\/57de8e5d4b15d43fb361a71fbb36338450fe67865b528a43dd10ef7c51a20392?s=96&d=mm&r=g\",\"contentUrl\":\"https:\\\/\\\/secure.gravatar.com\\\/avatar\\\/57de8e5d4b15d43fb361a71fbb36338450fe67865b528a43dd10ef7c51a20392?s=96&d=mm&r=g\",\"caption\":\"La Sentinelle\"},\"sameAs\":[\"http:\\\/\\\/www.lasentinelle.dz\"],\"url\":\"https:\\\/\\\/lasentinelle.dz\\\/author\\\/redaction\\\/\"}]}<\/script>\n<!-- \/ Yoast SEO plugin. -->","yoast_head_json":{"title":"Arriv\u00e9e de Youcef Belaili \u00e0 Brest\u00a0\/\u00a0Courbis : \u00ab L\u2019un des meilleurs coups du mercato \u00bb - La Sentinelle","robots":{"index":"index","follow":"follow","max-snippet":"max-snippet:-1","max-image-preview":"max-image-preview:large","max-video-preview":"max-video-preview:-1"},"canonical":"https:\/\/lasentinelle.dz\/index.php\/2022\/02\/03\/arrivee-de-youcef-belaili-a-brest-courbis-lun-des-meilleurs-coups-du-mercato\/","og_locale":"fr_FR","og_type":"article","og_title":"Arriv\u00e9e de Youcef Belaili \u00e0 Brest\u00a0\/\u00a0Courbis : \u00ab L\u2019un des meilleurs coups du mercato \u00bb - La Sentinelle","og_description":"\u00ab Il peut vite devenir la nouvelle coqueluche du public brestois, et m\u00eame une attraction pour la Ligue 1 \u00bb,","og_url":"https:\/\/lasentinelle.dz\/index.php\/2022\/02\/03\/arrivee-de-youcef-belaili-a-brest-courbis-lun-des-meilleurs-coups-du-mercato\/","og_site_name":"La Sentinelle","article_publisher":"https:\/\/www.facebook.com\/La-Sentinelle-104059864394773","article_published_time":"2022-02-02T23:01:00+00:00","og_image":[{"width":526,"height":701,"url":"https:\/\/lasentinelle.dz\/wp-content\/uploads\/2022\/02\/belaili.jpg","type":"image\/jpeg"}],"author":"La Sentinelle","twitter_card":"summary_large_image","twitter_misc":{"\u00c9crit par":"La Sentinelle","Dur\u00e9e de lecture estim\u00e9e":"3 minutes"},"schema":{"@context":"https:\/\/schema.org","@graph":[{"@type":"Article","@id":"https:\/\/lasentinelle.dz\/index.php\/2022\/02\/03\/arrivee-de-youcef-belaili-a-brest-courbis-lun-des-meilleurs-coups-du-mercato\/#article","isPartOf":{"@id":"https:\/\/lasentinelle.dz\/index.php\/2022\/02\/03\/arrivee-de-youcef-belaili-a-brest-courbis-lun-des-meilleurs-coups-du-mercato\/"},"author":{"name":"La Sentinelle","@id":"https:\/\/lasentinelle.dz\/#\/schema\/person\/d865044e22e70a75174ce8bcad3acfb3"},"headline":"Arriv\u00e9e de Youcef Belaili \u00e0 Brest\u00a0\/\u00a0Courbis : \u00ab L\u2019un des meilleurs coups du mercato \u00bb","datePublished":"2022-02-02T23:01:00+00:00","mainEntityOfPage":{"@id":"https:\/\/lasentinelle.dz\/index.php\/2022\/02\/03\/arrivee-de-youcef-belaili-a-brest-courbis-lun-des-meilleurs-coups-du-mercato\/"},"wordCount":610,"commentCount":0,"publisher":{"@id":"https:\/\/lasentinelle.dz\/#organization"},"image":{"@id":"https:\/\/lasentinelle.dz\/index.php\/2022\/02\/03\/arrivee-de-youcef-belaili-a-brest-courbis-lun-des-meilleurs-coups-du-mercato\/#primaryimage"},"thumbnailUrl":"https:\/\/lasentinelle.dz\/wp-content\/uploads\/2022\/02\/belaili.jpg","articleSection":["Sports"],"inLanguage":"fr-FR","potentialAction":[{"@type":"CommentAction","name":"Comment","target":["https:\/\/lasentinelle.dz\/index.php\/2022\/02\/03\/arrivee-de-youcef-belaili-a-brest-courbis-lun-des-meilleurs-coups-du-mercato\/#respond"]}]},{"@type":"WebPage","@id":"https:\/\/lasentinelle.dz\/index.php\/2022\/02\/03\/arrivee-de-youcef-belaili-a-brest-courbis-lun-des-meilleurs-coups-du-mercato\/","url":"https:\/\/lasentinelle.dz\/index.php\/2022\/02\/03\/arrivee-de-youcef-belaili-a-brest-courbis-lun-des-meilleurs-coups-du-mercato\/","name":"Arriv\u00e9e de Youcef Belaili \u00e0 Brest\u00a0\/\u00a0Courbis : \u00ab L\u2019un des meilleurs coups du mercato \u00bb - La Sentinelle","isPartOf":{"@id":"https:\/\/lasentinelle.dz\/#website"},"primaryImageOfPage":{"@id":"https:\/\/lasentinelle.dz\/index.php\/2022\/02\/03\/arrivee-de-youcef-belaili-a-brest-courbis-lun-des-meilleurs-coups-du-mercato\/#primaryimage"},"image":{"@id":"https:\/\/lasentinelle.dz\/index.php\/2022\/02\/03\/arrivee-de-youcef-belaili-a-brest-courbis-lun-des-meilleurs-coups-du-mercato\/#primaryimage"},"thumbnailUrl":"https:\/\/lasentinelle.dz\/wp-content\/uploads\/2022\/02\/belaili.jpg","datePublished":"2022-02-02T23:01:00+00:00","breadcrumb":{"@id":"https:\/\/lasentinelle.dz\/index.php\/2022\/02\/03\/arrivee-de-youcef-belaili-a-brest-courbis-lun-des-meilleurs-coups-du-mercato\/#breadcrumb"},"inLanguage":"fr-FR","potentialAction":[{"@type":"ReadAction","target":["https:\/\/lasentinelle.dz\/index.php\/2022\/02\/03\/arrivee-de-youcef-belaili-a-brest-courbis-lun-des-meilleurs-coups-du-mercato\/"]}]},{"@type":"ImageObject","inLanguage":"fr-FR","@id":"https:\/\/lasentinelle.dz\/index.php\/2022\/02\/03\/arrivee-de-youcef-belaili-a-brest-courbis-lun-des-meilleurs-coups-du-mercato\/#primaryimage","url":"https:\/\/lasentinelle.dz\/wp-content\/uploads\/2022\/02\/belaili.jpg","contentUrl":"https:\/\/lasentinelle.dz\/wp-content\/uploads\/2022\/02\/belaili.jpg","width":526,"height":701},{"@type":"BreadcrumbList","@id":"https:\/\/lasentinelle.dz\/index.php\/2022\/02\/03\/arrivee-de-youcef-belaili-a-brest-courbis-lun-des-meilleurs-coups-du-mercato\/#breadcrumb","itemListElement":[{"@type":"ListItem","position":1,"name":"Accueil","item":"https:\/\/lasentinelle.dz\/"},{"@type":"ListItem","position":2,"name":"Arriv\u00e9e de Youcef Belaili \u00e0 Brest\u00a0\/\u00a0Courbis : \u00ab L\u2019un des meilleurs coups du mercato \u00bb"}]},{"@type":"WebSite","@id":"https:\/\/lasentinelle.dz\/#website","url":"https:\/\/lasentinelle.dz\/","name":"La Sentinelle","description":"Quotidien national d&#039;information","publisher":{"@id":"https:\/\/lasentinelle.dz\/#organization"},"potentialAction":[{"@type":"SearchAction","target":{"@type":"EntryPoint","urlTemplate":"https:\/\/lasentinelle.dz\/?s={search_term_string}"},"query-input":{"@type":"PropertyValueSpecification","valueRequired":true,"valueName":"search_term_string"}}],"inLanguage":"fr-FR"},{"@type":"Organization","@id":"https:\/\/lasentinelle.dz\/#organization","name":"Quotidien La Sentinelle","url":"https:\/\/lasentinelle.dz\/","logo":{"@type":"ImageObject","inLanguage":"fr-FR","@id":"https:\/\/lasentinelle.dz\/#\/schema\/logo\/image\/","url":"https:\/\/lasentinelle.dz\/wp-content\/uploads\/2021\/09\/logo-sentinelleSLOGAN-1.png","contentUrl":"https:\/\/lasentinelle.dz\/wp-content\/uploads\/2021\/09\/logo-sentinelleSLOGAN-1.png","width":615,"height":142,"caption":"Quotidien La Sentinelle"},"image":{"@id":"https:\/\/lasentinelle.dz\/#\/schema\/logo\/image\/"},"sameAs":["https:\/\/www.facebook.com\/La-Sentinelle-104059864394773"]},{"@type":"Person","@id":"https:\/\/lasentinelle.dz\/#\/schema\/person\/d865044e22e70a75174ce8bcad3acfb3","name":"La Sentinelle","image":{"@type":"ImageObject","inLanguage":"fr-FR","@id":"https:\/\/secure.gravatar.com\/avatar\/57de8e5d4b15d43fb361a71fbb36338450fe67865b528a43dd10ef7c51a20392?s=96&d=mm&r=g","url":"https:\/\/secure.gravatar.com\/avatar\/57de8e5d4b15d43fb361a71fbb36338450fe67865b528a43dd10ef7c51a20392?s=96&d=mm&r=g","contentUrl":"https:\/\/secure.gravatar.com\/avatar\/57de8e5d4b15d43fb361a71fbb36338450fe67865b528a43dd10ef7c51a20392?s=96&d=mm&r=g","caption":"La Sentinelle"},"sameAs":["http:\/\/www.lasentinelle.dz"],"url":"https:\/\/lasentinelle.dz\/author\/redaction\/"}]}},"_links":{"self":[{"href":"https:\/\/lasentinelle.dz\/index.php\/wp-json\/wp\/v2\/posts\/16432","targetHints":{"allow":["GET"]}}],"collection":[{"href":"https:\/\/lasentinelle.dz\/index.php\/wp-json\/wp\/v2\/posts"}],"about":[{"href":"https:\/\/lasentinelle.dz\/index.php\/wp-json\/wp\/v2\/types\/post"}],"author":[{"embeddable":true,"href":"https:\/\/lasentinelle.dz\/index.php\/wp-json\/wp\/v2\/users\/3"}],"replies":[{"embeddable":true,"href":"https:\/\/lasentinelle.dz\/index.php\/wp-json\/wp\/v2\/comments?post=16432"}],"version-history":[{"count":1,"href":"https:\/\/lasentinelle.dz\/index.php\/wp-json\/wp\/v2\/posts\/16432\/revisions"}],"predecessor-version":[{"id":16438,"href":"https:\/\/lasentinelle.dz\/index.php\/wp-json\/wp\/v2\/posts\/16432\/revisions\/16438"}],"wp:featuredmedia":[{"embeddable":true,"href":"https:\/\/lasentinelle.dz\/index.php\/wp-json\/wp\/v2\/media\/16437"}],"wp:attachment":[{"href":"https:\/\/lasentinelle.dz\/index.php\/wp-json\/wp\/v2\/media?parent=16432"}],"wp:term":[{"taxonomy":"category","embeddable":true,"href":"https:\/\/lasentinelle.dz\/index.php\/wp-json\/wp\/v2\/categories?post=16432"},{"taxonomy":"post_tag","embeddable":true,"href":"https:\/\/lasentinelle.dz\/index.php\/wp-json\/wp\/v2\/tags?post=16432"}],"curies":[{"name":"wp","href":"https:\/\/api.w.org\/{rel}","templated":true}]}}