{"id":16442,"date":"2022-02-03T00:01:00","date_gmt":"2022-02-02T23:01:00","guid":{"rendered":"https:\/\/lasentinelle.dz\/?p=16442"},"modified":"2022-02-02T18:55:49","modified_gmt":"2022-02-02T17:55:49","slug":"il-se-tiendra-a-dakar-le-mois-de-mai-prochain-un-salon-dedie-a-lindustrie-pharmaceutique-algerienne","status":"publish","type":"post","link":"https:\/\/lasentinelle.dz\/index.php\/2022\/02\/03\/il-se-tiendra-a-dakar-le-mois-de-mai-prochain-un-salon-dedie-a-lindustrie-pharmaceutique-algerienne\/","title":{"rendered":"Il se tiendra\u00a0\u00e0\u00a0Dakar le mois de mai prochain\u00a0:\u00a0Un salon d\u00e9di\u00e9 \u00e0 l\u2019industrie pharmaceutique alg\u00e9rienne\u00a0"},"content":{"rendered":"\n<p>Un salon d\u00e9di\u00e9 \u00e0 l\u2019industrie pharmaceutique alg\u00e9rienne&nbsp;se tiendra au mois de mai prochain, dans la capitale s\u00e9n\u00e9galaise Dakar.&nbsp;&nbsp;Le salon sera organis\u00e9 pour sa premi\u00e8re \u00e9dition sous le th\u00e8me \u201cEl-Djazair Healthcare\u201d. La manifestation vise \u00e0 promouvoir \u00e0 l\u2019international l&rsquo;industrie pharmaceutique alg\u00e9rienne. Le salon se tiendra, selon le minist\u00e8re de l&rsquo;Industrie pharmaceutique, du 17 au 19 mai prochain \u00e0 Dakar, capitale s\u00e9n\u00e9galaise. En fait, \u201cpartie de deux constats qui concernent l&rsquo;Alg\u00e9rie, forte d&rsquo;une production en plein essor avec un grand potentiel, et le S\u00e9n\u00e9gal, pays stable et p\u00f4le \u00e9conomique en plein essor, en mesure d&rsquo;\u00eatre pour l&rsquo;Alg\u00e9rie un partenaire de choix pour un d\u00e9ploiement industriel et commercial en direction des autres pays africains de la r\u00e9gion\u00a0\u00bb, l\u2019id\u00e9e de l\u2019organisation de cette \u00e9v\u00e8nement s\u2019inscrit dans l\u2019optique de \u00ab\u00a0la strat\u00e9gie mise en place par le minist\u00e8re de l&rsquo;Industrie pharmaceutique pour promouvoir les exportations des produits pharmaceutiques et dispositifs m\u00e9dicaux vers les march\u00e9s africains\u00a0\u00bb.<\/p>\n\n\n\n<p>Par ailleurs, la manifestation qui se tient pour promouvoir le produit m\u00e9dical alg\u00e9rien dans un pays important de la C\u00e9d\u00e9ao qui est le S\u00e9n\u00e9gal,&nbsp;&nbsp;a b\u00e9n\u00e9fici\u00e9 de moyens ad\u00e9quats et d\u2019accompagnement des deux parties s\u00e9n\u00e9galaise et alg\u00e9rienne concern\u00e9es. Un \u00e9v\u00e9nement qui va permettre aux op\u00e9rateurs pharmaceutiques alg\u00e9riens de \u00ab\u00a0faire conna\u00eetre leurs produits, leur savoir-faire et se positionner sur le march\u00e9 africain en termes de qualit\u00e9 et de capacit\u00e9s concurrentielles\u00a0\u00bb.&nbsp;En effet la manifestation occupera une surface d&rsquo;exposition de 1.000 m2, destin\u00e9s \u00e0 l\u2019exposition de la production des producteurs alg\u00e9riens publics et priv\u00e9s. Le salon, ajoute la m\u00eame source, \u00ab\u00a0se projette dans la sph\u00e8re des soins de sant\u00e9 et des dispositifs m\u00e9dicaux, notamment les \u00e9quipements m\u00e9dicaux et param\u00e9dicaux de fabrication alg\u00e9rienne\u00a0\u00bb. La fiche de pr\u00e9sentation de l&rsquo;\u00e9v\u00e8nement, dont l&rsquo;APS a obtenu une copie, fait \u00e9tat de la participation \u00e0 l\u2019\u00e9v\u00e8nement d\u2019une centaine de producteurs industriels du secteur pharmaceutique alg\u00e9rien pendant trois jours durant. Une manifestation qu\u2019abritera, pr\u00e9cise-t-on, l&rsquo;h\u00f4tel King Fahd de Dakar. En fait, la manifestation est une suite logique de la d\u00e9marche strat\u00e9gique de l\u2019Etat via le minist\u00e8re de l\u2019Industrie pharmaceutique pour passer \u00e0 l\u2019exportation de la production alg\u00e9rienne. Une d\u00e9marche visant notamment \u00e0 r\u00e9duire la facture d\u2019importation de m\u00e9dicaments en r\u00e9alisant l\u2019autosuffisance au niveau national et permettre aux op\u00e9rateurs alg\u00e9riens d\u2019investir d\u2019autres march\u00e9s lucratifs. Dans cette optique, le march\u00e9 africain s&rsquo;impose comme l\u2019une des destinations majeures du produit alg\u00e9rien dont la qualit\u00e9 est arrim\u00e9e aux normes internationales. Une exigence pr\u00e9alable pour pouvoir faire face \u00e0 la concurrence rude qui pr\u00e9vaut sur les places internationales domin\u00e9es par des groupes g\u00e9ants de l\u2019industrie pharmaceutique.&nbsp;<\/p>\n\n\n\n<p><strong>Kamel Nait Ameur<\/strong><\/p>\n","protected":false},"excerpt":{"rendered":"<p>Un salon d\u00e9di\u00e9 \u00e0 l\u2019industrie pharmaceutique alg\u00e9rienne&nbsp;se tiendra au mois de mai prochain, dans la capitale s\u00e9n\u00e9galaise Dakar.&nbsp;&nbsp;Le salon sera<\/p>\n","protected":false},"author":3,"featured_media":16446,"comment_status":"open","ping_status":"closed","sticky":false,"template":"","format":"standard","meta":{"colormag_page_container_layout":"default_layout","colormag_page_sidebar_layout":"default_layout","om_disable_all_campaigns":false,"_monsterinsights_skip_tracking":false,"_monsterinsights_sitenote_active":false,"_monsterinsights_sitenote_note":"","_monsterinsights_sitenote_category":0,"footnotes":"","_wpscppro_dont_share_socialmedia":false,"_wpscppro_custom_social_share_image":0,"_facebook_share_type":"","_twitter_share_type":"","_linkedin_share_type":"","_pinterest_share_type":"","_linkedin_share_type_page":"","_instagram_share_type":"","_medium_share_type":"","_threads_share_type":"","_google_business_share_type":"","_selected_social_profile":[],"_wpsp_enable_custom_social_template":false,"_wpsp_social_scheduling":{"enabled":false,"datetime":null,"platforms":[],"status":"template_only","dateOption":"today","timeOption":"now","customDays":"","customHours":"","customDate":"","customTime":"","schedulingType":"absolute"},"_wpsp_active_default_template":true},"categories":[27],"tags":[],"class_list":["post-16442","post","type-post","status-publish","format-standard","has-post-thumbnail","hentry","category-actualite"],"aioseo_notices":[],"yoast_head":"<!-- This site is optimized with the Yoast SEO plugin v27.5 - https:\/\/yoast.com\/product\/yoast-seo-wordpress\/ -->\n<title>Il se tiendra\u00a0\u00e0\u00a0Dakar le mois de mai prochain\u00a0:\u00a0Un salon d\u00e9di\u00e9 \u00e0 l\u2019industrie pharmaceutique alg\u00e9rienne\u00a0 - La Sentinelle<\/title>\n<meta name=\"robots\" content=\"index, follow, max-snippet:-1, max-image-preview:large, max-video-preview:-1\" \/>\n<link rel=\"canonical\" href=\"https:\/\/lasentinelle.dz\/index.php\/2022\/02\/03\/il-se-tiendra-a-dakar-le-mois-de-mai-prochain-un-salon-dedie-a-lindustrie-pharmaceutique-algerienne\/\" \/>\n<meta property=\"og:locale\" content=\"fr_FR\" \/>\n<meta property=\"og:type\" content=\"article\" \/>\n<meta property=\"og:title\" content=\"Il se tiendra\u00a0\u00e0\u00a0Dakar le mois de mai prochain\u00a0:\u00a0Un salon d\u00e9di\u00e9 \u00e0 l\u2019industrie pharmaceutique alg\u00e9rienne\u00a0 - La Sentinelle\" \/>\n<meta property=\"og:description\" content=\"Un salon d\u00e9di\u00e9 \u00e0 l\u2019industrie pharmaceutique alg\u00e9rienne&nbsp;se tiendra au mois de mai prochain, dans la capitale s\u00e9n\u00e9galaise Dakar.&nbsp;&nbsp;Le salon sera\" \/>\n<meta property=\"og:url\" content=\"https:\/\/lasentinelle.dz\/index.php\/2022\/02\/03\/il-se-tiendra-a-dakar-le-mois-de-mai-prochain-un-salon-dedie-a-lindustrie-pharmaceutique-algerienne\/\" \/>\n<meta property=\"og:site_name\" content=\"La Sentinelle\" \/>\n<meta property=\"article:publisher\" content=\"https:\/\/www.facebook.com\/La-Sentinelle-104059864394773\" \/>\n<meta property=\"article:published_time\" content=\"2022-02-02T23:01:00+00:00\" \/>\n<meta property=\"og:image\" content=\"https:\/\/lasentinelle.dz\/wp-content\/uploads\/2022\/02\/industrie-pharmaceutique.png\" \/>\n\t<meta property=\"og:image:width\" content=\"1740\" \/>\n\t<meta property=\"og:image:height\" content=\"900\" \/>\n\t<meta property=\"og:image:type\" content=\"image\/png\" \/>\n<meta name=\"author\" content=\"La Sentinelle\" \/>\n<meta name=\"twitter:card\" content=\"summary_large_image\" \/>\n<meta name=\"twitter:label1\" content=\"\u00c9crit par\" \/>\n\t<meta name=\"twitter:data1\" content=\"La Sentinelle\" \/>\n\t<meta name=\"twitter:label2\" content=\"Dur\u00e9e de lecture estim\u00e9e\" \/>\n\t<meta name=\"twitter:data2\" content=\"3 minutes\" \/>\n<script type=\"application\/ld+json\" class=\"yoast-schema-graph\">{\"@context\":\"https:\\\/\\\/schema.org\",\"@graph\":[{\"@type\":\"Article\",\"@id\":\"https:\\\/\\\/lasentinelle.dz\\\/index.php\\\/2022\\\/02\\\/03\\\/il-se-tiendra-a-dakar-le-mois-de-mai-prochain-un-salon-dedie-a-lindustrie-pharmaceutique-algerienne\\\/#article\",\"isPartOf\":{\"@id\":\"https:\\\/\\\/lasentinelle.dz\\\/index.php\\\/2022\\\/02\\\/03\\\/il-se-tiendra-a-dakar-le-mois-de-mai-prochain-un-salon-dedie-a-lindustrie-pharmaceutique-algerienne\\\/\"},\"author\":{\"name\":\"La Sentinelle\",\"@id\":\"https:\\\/\\\/lasentinelle.dz\\\/#\\\/schema\\\/person\\\/d865044e22e70a75174ce8bcad3acfb3\"},\"headline\":\"Il se tiendra\u00a0\u00e0\u00a0Dakar le mois de mai prochain\u00a0:\u00a0Un salon d\u00e9di\u00e9 \u00e0 l\u2019industrie pharmaceutique alg\u00e9rienne\u00a0\",\"datePublished\":\"2022-02-02T23:01:00+00:00\",\"mainEntityOfPage\":{\"@id\":\"https:\\\/\\\/lasentinelle.dz\\\/index.php\\\/2022\\\/02\\\/03\\\/il-se-tiendra-a-dakar-le-mois-de-mai-prochain-un-salon-dedie-a-lindustrie-pharmaceutique-algerienne\\\/\"},\"wordCount\":535,\"commentCount\":0,\"publisher\":{\"@id\":\"https:\\\/\\\/lasentinelle.dz\\\/#organization\"},\"image\":{\"@id\":\"https:\\\/\\\/lasentinelle.dz\\\/index.php\\\/2022\\\/02\\\/03\\\/il-se-tiendra-a-dakar-le-mois-de-mai-prochain-un-salon-dedie-a-lindustrie-pharmaceutique-algerienne\\\/#primaryimage\"},\"thumbnailUrl\":\"https:\\\/\\\/lasentinelle.dz\\\/wp-content\\\/uploads\\\/2022\\\/02\\\/industrie-pharmaceutique.png\",\"articleSection\":[\"Actualit\u00e9\"],\"inLanguage\":\"fr-FR\",\"potentialAction\":[{\"@type\":\"CommentAction\",\"name\":\"Comment\",\"target\":[\"https:\\\/\\\/lasentinelle.dz\\\/index.php\\\/2022\\\/02\\\/03\\\/il-se-tiendra-a-dakar-le-mois-de-mai-prochain-un-salon-dedie-a-lindustrie-pharmaceutique-algerienne\\\/#respond\"]}]},{\"@type\":\"WebPage\",\"@id\":\"https:\\\/\\\/lasentinelle.dz\\\/index.php\\\/2022\\\/02\\\/03\\\/il-se-tiendra-a-dakar-le-mois-de-mai-prochain-un-salon-dedie-a-lindustrie-pharmaceutique-algerienne\\\/\",\"url\":\"https:\\\/\\\/lasentinelle.dz\\\/index.php\\\/2022\\\/02\\\/03\\\/il-se-tiendra-a-dakar-le-mois-de-mai-prochain-un-salon-dedie-a-lindustrie-pharmaceutique-algerienne\\\/\",\"name\":\"Il se tiendra\u00a0\u00e0\u00a0Dakar le mois de mai prochain\u00a0:\u00a0Un salon d\u00e9di\u00e9 \u00e0 l\u2019industrie pharmaceutique alg\u00e9rienne\u00a0 - La Sentinelle\",\"isPartOf\":{\"@id\":\"https:\\\/\\\/lasentinelle.dz\\\/#website\"},\"primaryImageOfPage\":{\"@id\":\"https:\\\/\\\/lasentinelle.dz\\\/index.php\\\/2022\\\/02\\\/03\\\/il-se-tiendra-a-dakar-le-mois-de-mai-prochain-un-salon-dedie-a-lindustrie-pharmaceutique-algerienne\\\/#primaryimage\"},\"image\":{\"@id\":\"https:\\\/\\\/lasentinelle.dz\\\/index.php\\\/2022\\\/02\\\/03\\\/il-se-tiendra-a-dakar-le-mois-de-mai-prochain-un-salon-dedie-a-lindustrie-pharmaceutique-algerienne\\\/#primaryimage\"},\"thumbnailUrl\":\"https:\\\/\\\/lasentinelle.dz\\\/wp-content\\\/uploads\\\/2022\\\/02\\\/industrie-pharmaceutique.png\",\"datePublished\":\"2022-02-02T23:01:00+00:00\",\"breadcrumb\":{\"@id\":\"https:\\\/\\\/lasentinelle.dz\\\/index.php\\\/2022\\\/02\\\/03\\\/il-se-tiendra-a-dakar-le-mois-de-mai-prochain-un-salon-dedie-a-lindustrie-pharmaceutique-algerienne\\\/#breadcrumb\"},\"inLanguage\":\"fr-FR\",\"potentialAction\":[{\"@type\":\"ReadAction\",\"target\":[\"https:\\\/\\\/lasentinelle.dz\\\/index.php\\\/2022\\\/02\\\/03\\\/il-se-tiendra-a-dakar-le-mois-de-mai-prochain-un-salon-dedie-a-lindustrie-pharmaceutique-algerienne\\\/\"]}]},{\"@type\":\"ImageObject\",\"inLanguage\":\"fr-FR\",\"@id\":\"https:\\\/\\\/lasentinelle.dz\\\/index.php\\\/2022\\\/02\\\/03\\\/il-se-tiendra-a-dakar-le-mois-de-mai-prochain-un-salon-dedie-a-lindustrie-pharmaceutique-algerienne\\\/#primaryimage\",\"url\":\"https:\\\/\\\/lasentinelle.dz\\\/wp-content\\\/uploads\\\/2022\\\/02\\\/industrie-pharmaceutique.png\",\"contentUrl\":\"https:\\\/\\\/lasentinelle.dz\\\/wp-content\\\/uploads\\\/2022\\\/02\\\/industrie-pharmaceutique.png\",\"width\":1740,\"height\":900},{\"@type\":\"BreadcrumbList\",\"@id\":\"https:\\\/\\\/lasentinelle.dz\\\/index.php\\\/2022\\\/02\\\/03\\\/il-se-tiendra-a-dakar-le-mois-de-mai-prochain-un-salon-dedie-a-lindustrie-pharmaceutique-algerienne\\\/#breadcrumb\",\"itemListElement\":[{\"@type\":\"ListItem\",\"position\":1,\"name\":\"Accueil\",\"item\":\"https:\\\/\\\/lasentinelle.dz\\\/\"},{\"@type\":\"ListItem\",\"position\":2,\"name\":\"Il se tiendra\u00a0\u00e0\u00a0Dakar le mois de mai prochain\u00a0:\u00a0Un salon d\u00e9di\u00e9 \u00e0 l\u2019industrie pharmaceutique alg\u00e9rienne\u00a0\"}]},{\"@type\":\"WebSite\",\"@id\":\"https:\\\/\\\/lasentinelle.dz\\\/#website\",\"url\":\"https:\\\/\\\/lasentinelle.dz\\\/\",\"name\":\"La Sentinelle\",\"description\":\"Quotidien national d&#039;information\",\"publisher\":{\"@id\":\"https:\\\/\\\/lasentinelle.dz\\\/#organization\"},\"potentialAction\":[{\"@type\":\"SearchAction\",\"target\":{\"@type\":\"EntryPoint\",\"urlTemplate\":\"https:\\\/\\\/lasentinelle.dz\\\/?s={search_term_string}\"},\"query-input\":{\"@type\":\"PropertyValueSpecification\",\"valueRequired\":true,\"valueName\":\"search_term_string\"}}],\"inLanguage\":\"fr-FR\"},{\"@type\":\"Organization\",\"@id\":\"https:\\\/\\\/lasentinelle.dz\\\/#organization\",\"name\":\"Quotidien La Sentinelle\",\"url\":\"https:\\\/\\\/lasentinelle.dz\\\/\",\"logo\":{\"@type\":\"ImageObject\",\"inLanguage\":\"fr-FR\",\"@id\":\"https:\\\/\\\/lasentinelle.dz\\\/#\\\/schema\\\/logo\\\/image\\\/\",\"url\":\"https:\\\/\\\/lasentinelle.dz\\\/wp-content\\\/uploads\\\/2021\\\/09\\\/logo-sentinelleSLOGAN-1.png\",\"contentUrl\":\"https:\\\/\\\/lasentinelle.dz\\\/wp-content\\\/uploads\\\/2021\\\/09\\\/logo-sentinelleSLOGAN-1.png\",\"width\":615,\"height\":142,\"caption\":\"Quotidien La Sentinelle\"},\"image\":{\"@id\":\"https:\\\/\\\/lasentinelle.dz\\\/#\\\/schema\\\/logo\\\/image\\\/\"},\"sameAs\":[\"https:\\\/\\\/www.facebook.com\\\/La-Sentinelle-104059864394773\"]},{\"@type\":\"Person\",\"@id\":\"https:\\\/\\\/lasentinelle.dz\\\/#\\\/schema\\\/person\\\/d865044e22e70a75174ce8bcad3acfb3\",\"name\":\"La Sentinelle\",\"image\":{\"@type\":\"ImageObject\",\"inLanguage\":\"fr-FR\",\"@id\":\"https:\\\/\\\/secure.gravatar.com\\\/avatar\\\/57de8e5d4b15d43fb361a71fbb36338450fe67865b528a43dd10ef7c51a20392?s=96&d=mm&r=g\",\"url\":\"https:\\\/\\\/secure.gravatar.com\\\/avatar\\\/57de8e5d4b15d43fb361a71fbb36338450fe67865b528a43dd10ef7c51a20392?s=96&d=mm&r=g\",\"contentUrl\":\"https:\\\/\\\/secure.gravatar.com\\\/avatar\\\/57de8e5d4b15d43fb361a71fbb36338450fe67865b528a43dd10ef7c51a20392?s=96&d=mm&r=g\",\"caption\":\"La Sentinelle\"},\"sameAs\":[\"http:\\\/\\\/www.lasentinelle.dz\"],\"url\":\"https:\\\/\\\/lasentinelle.dz\\\/author\\\/redaction\\\/\"}]}<\/script>\n<!-- \/ Yoast SEO plugin. -->","yoast_head_json":{"title":"Il se tiendra\u00a0\u00e0\u00a0Dakar le mois de mai prochain\u00a0:\u00a0Un salon d\u00e9di\u00e9 \u00e0 l\u2019industrie pharmaceutique alg\u00e9rienne\u00a0 - La Sentinelle","robots":{"index":"index","follow":"follow","max-snippet":"max-snippet:-1","max-image-preview":"max-image-preview:large","max-video-preview":"max-video-preview:-1"},"canonical":"https:\/\/lasentinelle.dz\/index.php\/2022\/02\/03\/il-se-tiendra-a-dakar-le-mois-de-mai-prochain-un-salon-dedie-a-lindustrie-pharmaceutique-algerienne\/","og_locale":"fr_FR","og_type":"article","og_title":"Il se tiendra\u00a0\u00e0\u00a0Dakar le mois de mai prochain\u00a0:\u00a0Un salon d\u00e9di\u00e9 \u00e0 l\u2019industrie pharmaceutique alg\u00e9rienne\u00a0 - La Sentinelle","og_description":"Un salon d\u00e9di\u00e9 \u00e0 l\u2019industrie pharmaceutique alg\u00e9rienne&nbsp;se tiendra au mois de mai prochain, dans la capitale s\u00e9n\u00e9galaise Dakar.&nbsp;&nbsp;Le salon sera","og_url":"https:\/\/lasentinelle.dz\/index.php\/2022\/02\/03\/il-se-tiendra-a-dakar-le-mois-de-mai-prochain-un-salon-dedie-a-lindustrie-pharmaceutique-algerienne\/","og_site_name":"La Sentinelle","article_publisher":"https:\/\/www.facebook.com\/La-Sentinelle-104059864394773","article_published_time":"2022-02-02T23:01:00+00:00","og_image":[{"width":1740,"height":900,"url":"https:\/\/lasentinelle.dz\/wp-content\/uploads\/2022\/02\/industrie-pharmaceutique.png","type":"image\/png"}],"author":"La Sentinelle","twitter_card":"summary_large_image","twitter_misc":{"\u00c9crit par":"La Sentinelle","Dur\u00e9e de lecture estim\u00e9e":"3 minutes"},"schema":{"@context":"https:\/\/schema.org","@graph":[{"@type":"Article","@id":"https:\/\/lasentinelle.dz\/index.php\/2022\/02\/03\/il-se-tiendra-a-dakar-le-mois-de-mai-prochain-un-salon-dedie-a-lindustrie-pharmaceutique-algerienne\/#article","isPartOf":{"@id":"https:\/\/lasentinelle.dz\/index.php\/2022\/02\/03\/il-se-tiendra-a-dakar-le-mois-de-mai-prochain-un-salon-dedie-a-lindustrie-pharmaceutique-algerienne\/"},"author":{"name":"La Sentinelle","@id":"https:\/\/lasentinelle.dz\/#\/schema\/person\/d865044e22e70a75174ce8bcad3acfb3"},"headline":"Il se tiendra\u00a0\u00e0\u00a0Dakar le mois de mai prochain\u00a0:\u00a0Un salon d\u00e9di\u00e9 \u00e0 l\u2019industrie pharmaceutique alg\u00e9rienne\u00a0","datePublished":"2022-02-02T23:01:00+00:00","mainEntityOfPage":{"@id":"https:\/\/lasentinelle.dz\/index.php\/2022\/02\/03\/il-se-tiendra-a-dakar-le-mois-de-mai-prochain-un-salon-dedie-a-lindustrie-pharmaceutique-algerienne\/"},"wordCount":535,"commentCount":0,"publisher":{"@id":"https:\/\/lasentinelle.dz\/#organization"},"image":{"@id":"https:\/\/lasentinelle.dz\/index.php\/2022\/02\/03\/il-se-tiendra-a-dakar-le-mois-de-mai-prochain-un-salon-dedie-a-lindustrie-pharmaceutique-algerienne\/#primaryimage"},"thumbnailUrl":"https:\/\/lasentinelle.dz\/wp-content\/uploads\/2022\/02\/industrie-pharmaceutique.png","articleSection":["Actualit\u00e9"],"inLanguage":"fr-FR","potentialAction":[{"@type":"CommentAction","name":"Comment","target":["https:\/\/lasentinelle.dz\/index.php\/2022\/02\/03\/il-se-tiendra-a-dakar-le-mois-de-mai-prochain-un-salon-dedie-a-lindustrie-pharmaceutique-algerienne\/#respond"]}]},{"@type":"WebPage","@id":"https:\/\/lasentinelle.dz\/index.php\/2022\/02\/03\/il-se-tiendra-a-dakar-le-mois-de-mai-prochain-un-salon-dedie-a-lindustrie-pharmaceutique-algerienne\/","url":"https:\/\/lasentinelle.dz\/index.php\/2022\/02\/03\/il-se-tiendra-a-dakar-le-mois-de-mai-prochain-un-salon-dedie-a-lindustrie-pharmaceutique-algerienne\/","name":"Il se tiendra\u00a0\u00e0\u00a0Dakar le mois de mai prochain\u00a0:\u00a0Un salon d\u00e9di\u00e9 \u00e0 l\u2019industrie pharmaceutique alg\u00e9rienne\u00a0 - La Sentinelle","isPartOf":{"@id":"https:\/\/lasentinelle.dz\/#website"},"primaryImageOfPage":{"@id":"https:\/\/lasentinelle.dz\/index.php\/2022\/02\/03\/il-se-tiendra-a-dakar-le-mois-de-mai-prochain-un-salon-dedie-a-lindustrie-pharmaceutique-algerienne\/#primaryimage"},"image":{"@id":"https:\/\/lasentinelle.dz\/index.php\/2022\/02\/03\/il-se-tiendra-a-dakar-le-mois-de-mai-prochain-un-salon-dedie-a-lindustrie-pharmaceutique-algerienne\/#primaryimage"},"thumbnailUrl":"https:\/\/lasentinelle.dz\/wp-content\/uploads\/2022\/02\/industrie-pharmaceutique.png","datePublished":"2022-02-02T23:01:00+00:00","breadcrumb":{"@id":"https:\/\/lasentinelle.dz\/index.php\/2022\/02\/03\/il-se-tiendra-a-dakar-le-mois-de-mai-prochain-un-salon-dedie-a-lindustrie-pharmaceutique-algerienne\/#breadcrumb"},"inLanguage":"fr-FR","potentialAction":[{"@type":"ReadAction","target":["https:\/\/lasentinelle.dz\/index.php\/2022\/02\/03\/il-se-tiendra-a-dakar-le-mois-de-mai-prochain-un-salon-dedie-a-lindustrie-pharmaceutique-algerienne\/"]}]},{"@type":"ImageObject","inLanguage":"fr-FR","@id":"https:\/\/lasentinelle.dz\/index.php\/2022\/02\/03\/il-se-tiendra-a-dakar-le-mois-de-mai-prochain-un-salon-dedie-a-lindustrie-pharmaceutique-algerienne\/#primaryimage","url":"https:\/\/lasentinelle.dz\/wp-content\/uploads\/2022\/02\/industrie-pharmaceutique.png","contentUrl":"https:\/\/lasentinelle.dz\/wp-content\/uploads\/2022\/02\/industrie-pharmaceutique.png","width":1740,"height":900},{"@type":"BreadcrumbList","@id":"https:\/\/lasentinelle.dz\/index.php\/2022\/02\/03\/il-se-tiendra-a-dakar-le-mois-de-mai-prochain-un-salon-dedie-a-lindustrie-pharmaceutique-algerienne\/#breadcrumb","itemListElement":[{"@type":"ListItem","position":1,"name":"Accueil","item":"https:\/\/lasentinelle.dz\/"},{"@type":"ListItem","position":2,"name":"Il se tiendra\u00a0\u00e0\u00a0Dakar le mois de mai prochain\u00a0:\u00a0Un salon d\u00e9di\u00e9 \u00e0 l\u2019industrie pharmaceutique alg\u00e9rienne\u00a0"}]},{"@type":"WebSite","@id":"https:\/\/lasentinelle.dz\/#website","url":"https:\/\/lasentinelle.dz\/","name":"La Sentinelle","description":"Quotidien national d&#039;information","publisher":{"@id":"https:\/\/lasentinelle.dz\/#organization"},"potentialAction":[{"@type":"SearchAction","target":{"@type":"EntryPoint","urlTemplate":"https:\/\/lasentinelle.dz\/?s={search_term_string}"},"query-input":{"@type":"PropertyValueSpecification","valueRequired":true,"valueName":"search_term_string"}}],"inLanguage":"fr-FR"},{"@type":"Organization","@id":"https:\/\/lasentinelle.dz\/#organization","name":"Quotidien La Sentinelle","url":"https:\/\/lasentinelle.dz\/","logo":{"@type":"ImageObject","inLanguage":"fr-FR","@id":"https:\/\/lasentinelle.dz\/#\/schema\/logo\/image\/","url":"https:\/\/lasentinelle.dz\/wp-content\/uploads\/2021\/09\/logo-sentinelleSLOGAN-1.png","contentUrl":"https:\/\/lasentinelle.dz\/wp-content\/uploads\/2021\/09\/logo-sentinelleSLOGAN-1.png","width":615,"height":142,"caption":"Quotidien La Sentinelle"},"image":{"@id":"https:\/\/lasentinelle.dz\/#\/schema\/logo\/image\/"},"sameAs":["https:\/\/www.facebook.com\/La-Sentinelle-104059864394773"]},{"@type":"Person","@id":"https:\/\/lasentinelle.dz\/#\/schema\/person\/d865044e22e70a75174ce8bcad3acfb3","name":"La Sentinelle","image":{"@type":"ImageObject","inLanguage":"fr-FR","@id":"https:\/\/secure.gravatar.com\/avatar\/57de8e5d4b15d43fb361a71fbb36338450fe67865b528a43dd10ef7c51a20392?s=96&d=mm&r=g","url":"https:\/\/secure.gravatar.com\/avatar\/57de8e5d4b15d43fb361a71fbb36338450fe67865b528a43dd10ef7c51a20392?s=96&d=mm&r=g","contentUrl":"https:\/\/secure.gravatar.com\/avatar\/57de8e5d4b15d43fb361a71fbb36338450fe67865b528a43dd10ef7c51a20392?s=96&d=mm&r=g","caption":"La Sentinelle"},"sameAs":["http:\/\/www.lasentinelle.dz"],"url":"https:\/\/lasentinelle.dz\/author\/redaction\/"}]}},"_links":{"self":[{"href":"https:\/\/lasentinelle.dz\/index.php\/wp-json\/wp\/v2\/posts\/16442","targetHints":{"allow":["GET"]}}],"collection":[{"href":"https:\/\/lasentinelle.dz\/index.php\/wp-json\/wp\/v2\/posts"}],"about":[{"href":"https:\/\/lasentinelle.dz\/index.php\/wp-json\/wp\/v2\/types\/post"}],"author":[{"embeddable":true,"href":"https:\/\/lasentinelle.dz\/index.php\/wp-json\/wp\/v2\/users\/3"}],"replies":[{"embeddable":true,"href":"https:\/\/lasentinelle.dz\/index.php\/wp-json\/wp\/v2\/comments?post=16442"}],"version-history":[{"count":1,"href":"https:\/\/lasentinelle.dz\/index.php\/wp-json\/wp\/v2\/posts\/16442\/revisions"}],"predecessor-version":[{"id":16447,"href":"https:\/\/lasentinelle.dz\/index.php\/wp-json\/wp\/v2\/posts\/16442\/revisions\/16447"}],"wp:featuredmedia":[{"embeddable":true,"href":"https:\/\/lasentinelle.dz\/index.php\/wp-json\/wp\/v2\/media\/16446"}],"wp:attachment":[{"href":"https:\/\/lasentinelle.dz\/index.php\/wp-json\/wp\/v2\/media?parent=16442"}],"wp:term":[{"taxonomy":"category","embeddable":true,"href":"https:\/\/lasentinelle.dz\/index.php\/wp-json\/wp\/v2\/categories?post=16442"},{"taxonomy":"post_tag","embeddable":true,"href":"https:\/\/lasentinelle.dz\/index.php\/wp-json\/wp\/v2\/tags?post=16442"}],"curies":[{"name":"wp","href":"https:\/\/api.w.org\/{rel}","templated":true}]}}