{"id":16463,"date":"2022-02-03T19:01:00","date_gmt":"2022-02-03T18:01:00","guid":{"rendered":"https:\/\/lasentinelle.dz\/?p=16463"},"modified":"2022-02-02T19:27:21","modified_gmt":"2022-02-02T18:27:21","slug":"justice-plusieurs-proces-reportes","status":"publish","type":"post","link":"https:\/\/lasentinelle.dz\/index.php\/2022\/02\/03\/justice-plusieurs-proces-reportes\/","title":{"rendered":"Justice\u00a0: Plusieurs proc\u00e8s report\u00e9s"},"content":{"rendered":"\n<p>Trois proc\u00e8s phares attendus pour cette semaine ont, pour diff\u00e9rentes raisons, \u00e9t\u00e9 report\u00e9s&nbsp;hier.&nbsp;Il s\u2019agit en&nbsp;premier&nbsp;lieu du proc\u00e8s&nbsp;de l&rsquo;ancien gendarme&nbsp;d\u00e9serteur&nbsp;qui a fui en Espagne, Mohamed Abdallah qui a \u00e9t\u00e9 ajourn\u00e9 pour la journ\u00e9e du 9 mars prochain. Ce renvoi a \u00e9t\u00e9 d\u00e9cid\u00e9 par le tribunal de Bir Mourad Ra\u00efs \u00e0 Alger. Mohamed Abdallah est poursuivi avec d\u2019autres accus\u00e9s, notamment pour des d\u00e9lits li\u00e9s au terrorisme, \u00e0 savoir appartenance \u00e0 un groupe terroriste qui commet des actes attentatoires \u00e0 la s\u00e9curit\u00e9 de l\u2019Etat et \u00e0 l\u2019unit\u00e9 nationale,&nbsp;et&nbsp;financement d\u2019un groupe terroriste. Le mois de mars de l\u2019ann\u00e9e pass\u00e9e, le tribunal de Bir Mourad Ra\u00efs avait \u00e9mis un mandat d\u2019arr\u00eat \u00e0 l\u2019encontre du mis en cause, Mohamed Abdallah. Ce dernier, \u00e2g\u00e9 de 33 ans, \u00e9tait en fuite depuis plus de trois ans. Il a \u00e9t\u00e9 extrad\u00e9 par l\u2019Espagne&nbsp;et remis aux instances judiciaires alg\u00e9riennes le mois d\u2019ao\u00fbt dernier et plac\u00e9 en d\u00e9tention provisoire \u00e0 la prison militaire de Blida. Mohamed Abdellah a fait partie d\u2019un groupe de personnes qui font l\u2019objet d\u2019un mandat d\u2019arr\u00eat international, dont Hichem Aboud, Mohamed-Larbi Zitout et Amir Boukhors, dit Amir DZ, li\u00e9 au groupe terroriste Rachad.&nbsp;<\/p>\n\n\n\n<p>Le second report a \u00e9t\u00e9 d\u00e9cid\u00e9 hier par le p\u00f4le p\u00e9nal \u00e9conomique et financier du tribunal de Sidi Mhamed,&nbsp;et concerne&nbsp;le dossier de l&rsquo;ancien wali de Tipaza, Mustapha Layadi. Le mis en cause est poursuivi pour des chefs d\u2019inculpations li\u00e9s, \u00e0 la corruption et abus de fonction. La demande de report a \u00e9t\u00e9 formul\u00e9e par la d\u00e9fense, suite \u00e0 l&rsquo;absence d&rsquo;un t\u00e9moin impliqu\u00e9 dans l&rsquo;affaire et dans l&rsquo;attente de prendre contact avec l&rsquo;\u00e9tablissement p\u00e9nitentiaire o\u00f9 il est d\u00e9tenu. L\u2019ancien wali Layadi a d\u00e9j\u00e0 \u00e9t\u00e9 jug\u00e9 et condamn\u00e9 dans une autre affaire \u00e0 une peine de 4 ans de prison ferme et une amende d&rsquo;un million&nbsp;de dinars. Celui-ci a \u00e9t\u00e9 accus\u00e9 de dilapidation de deniers publics, abus de fonction, octroi de privil\u00e8ges injustifi\u00e9s en violation de la r\u00e9glementation et&nbsp;de&nbsp;la l\u00e9gislation en vigueur et&nbsp;trafic d\u2019influence sur&nbsp;des agents&nbsp;publics&nbsp;lors de la signature de contrats avec des instances publiques pour l&rsquo;obtention de privil\u00e8ges injustifi\u00e9s. Le m\u00eame tribunal a \u00e9galement ajourn\u00e9e, pour le 16 f\u00e9vrier, le&nbsp;&nbsp;jugement des individus cit\u00e9s dans l&rsquo;affaire du groupe agroalimentaire Benamor. Cet ajournement a \u00e9t\u00e9 d\u00e9cid\u00e9 suite \u00e0 l&rsquo;absence d&rsquo;un t\u00e9moin pour des raisons de sant\u00e9. \u00abIl s\u2019agit de l&rsquo;ancien Premier ministre, Abdelmalek Sellal\u00bb, a expliqu\u00e9 le pr\u00e9sident de la s\u00e9ance. Cette affaire cite pas moins d\u2019une vingtaine d&rsquo;accus\u00e9s, en l\u2019occurrence l&rsquo;homme d&rsquo;affaires&nbsp;Mohamed Laid&nbsp;Benamor,&nbsp;les anciens Premiers ministres Ahmed Ouyahia et Abdelmalek Sellal et l&rsquo;ancien ministre de l&rsquo;Agriculture et du D\u00e9veloppement rural, Rachid Benaissa. Les mis en cause ont \u00e9t\u00e9 accus\u00e9s de dilapidation de deniers publics, blanchiment d&rsquo;argent, obtention d&rsquo;indu-privil\u00e8ges et exploitation ill\u00e9gale de terres agricoles.<\/p>\n\n\n\n<p><strong>Salim Abdenour<\/strong><\/p>\n","protected":false},"excerpt":{"rendered":"<p>Trois proc\u00e8s phares attendus pour cette semaine ont, pour diff\u00e9rentes raisons, \u00e9t\u00e9 report\u00e9s&nbsp;hier.&nbsp;Il s\u2019agit en&nbsp;premier&nbsp;lieu du proc\u00e8s&nbsp;de l&rsquo;ancien gendarme&nbsp;d\u00e9serteur&nbsp;qui a<\/p>\n","protected":false},"author":3,"featured_media":16465,"comment_status":"open","ping_status":"closed","sticky":false,"template":"","format":"standard","meta":{"colormag_page_container_layout":"default_layout","colormag_page_sidebar_layout":"default_layout","om_disable_all_campaigns":false,"_monsterinsights_skip_tracking":false,"_monsterinsights_sitenote_active":false,"_monsterinsights_sitenote_note":"","_monsterinsights_sitenote_category":0,"footnotes":"","_wpscppro_dont_share_socialmedia":false,"_wpscppro_custom_social_share_image":0,"_facebook_share_type":"","_twitter_share_type":"","_linkedin_share_type":"","_pinterest_share_type":"","_linkedin_share_type_page":"","_instagram_share_type":"","_medium_share_type":"","_threads_share_type":"","_google_business_share_type":"","_selected_social_profile":[],"_wpsp_enable_custom_social_template":false,"_wpsp_social_scheduling":{"enabled":false,"datetime":null,"platforms":[],"status":"template_only","dateOption":"today","timeOption":"now","customDays":"","customHours":"","customDate":"","customTime":"","schedulingType":"absolute"},"_wpsp_active_default_template":true},"categories":[27],"tags":[],"class_list":["post-16463","post","type-post","status-publish","format-standard","has-post-thumbnail","hentry","category-actualite"],"aioseo_notices":[],"yoast_head":"<!-- This site is optimized with the Yoast SEO plugin v27.4 - https:\/\/yoast.com\/product\/yoast-seo-wordpress\/ -->\n<title>Justice\u00a0: Plusieurs proc\u00e8s report\u00e9s - La Sentinelle<\/title>\n<meta name=\"robots\" content=\"index, follow, max-snippet:-1, max-image-preview:large, max-video-preview:-1\" \/>\n<link rel=\"canonical\" href=\"https:\/\/lasentinelle.dz\/index.php\/2022\/02\/03\/justice-plusieurs-proces-reportes\/\" \/>\n<meta property=\"og:locale\" content=\"fr_FR\" \/>\n<meta property=\"og:type\" content=\"article\" \/>\n<meta property=\"og:title\" content=\"Justice\u00a0: Plusieurs proc\u00e8s report\u00e9s - La Sentinelle\" \/>\n<meta property=\"og:description\" content=\"Trois proc\u00e8s phares attendus pour cette semaine ont, pour diff\u00e9rentes raisons, \u00e9t\u00e9 report\u00e9s&nbsp;hier.&nbsp;Il s\u2019agit en&nbsp;premier&nbsp;lieu du proc\u00e8s&nbsp;de l&rsquo;ancien gendarme&nbsp;d\u00e9serteur&nbsp;qui a\" \/>\n<meta property=\"og:url\" content=\"https:\/\/lasentinelle.dz\/index.php\/2022\/02\/03\/justice-plusieurs-proces-reportes\/\" \/>\n<meta property=\"og:site_name\" content=\"La Sentinelle\" \/>\n<meta property=\"article:publisher\" content=\"https:\/\/www.facebook.com\/La-Sentinelle-104059864394773\" \/>\n<meta property=\"article:published_time\" content=\"2022-02-03T18:01:00+00:00\" \/>\n<meta property=\"og:image\" content=\"https:\/\/lasentinelle.dz\/wp-content\/uploads\/2022\/02\/Unknown-1.jpeg\" \/>\n\t<meta property=\"og:image:width\" content=\"273\" \/>\n\t<meta property=\"og:image:height\" content=\"185\" \/>\n\t<meta property=\"og:image:type\" content=\"image\/jpeg\" \/>\n<meta name=\"author\" content=\"La Sentinelle\" \/>\n<meta name=\"twitter:card\" content=\"summary_large_image\" \/>\n<meta name=\"twitter:label1\" content=\"\u00c9crit par\" \/>\n\t<meta name=\"twitter:data1\" content=\"La Sentinelle\" \/>\n\t<meta name=\"twitter:label2\" content=\"Dur\u00e9e de lecture estim\u00e9e\" \/>\n\t<meta name=\"twitter:data2\" content=\"3 minutes\" \/>\n<script type=\"application\/ld+json\" class=\"yoast-schema-graph\">{\"@context\":\"https:\\\/\\\/schema.org\",\"@graph\":[{\"@type\":\"Article\",\"@id\":\"https:\\\/\\\/lasentinelle.dz\\\/index.php\\\/2022\\\/02\\\/03\\\/justice-plusieurs-proces-reportes\\\/#article\",\"isPartOf\":{\"@id\":\"https:\\\/\\\/lasentinelle.dz\\\/index.php\\\/2022\\\/02\\\/03\\\/justice-plusieurs-proces-reportes\\\/\"},\"author\":{\"name\":\"La Sentinelle\",\"@id\":\"https:\\\/\\\/lasentinelle.dz\\\/#\\\/schema\\\/person\\\/d865044e22e70a75174ce8bcad3acfb3\"},\"headline\":\"Justice\u00a0: Plusieurs proc\u00e8s report\u00e9s\",\"datePublished\":\"2022-02-03T18:01:00+00:00\",\"mainEntityOfPage\":{\"@id\":\"https:\\\/\\\/lasentinelle.dz\\\/index.php\\\/2022\\\/02\\\/03\\\/justice-plusieurs-proces-reportes\\\/\"},\"wordCount\":568,\"commentCount\":0,\"publisher\":{\"@id\":\"https:\\\/\\\/lasentinelle.dz\\\/#organization\"},\"image\":{\"@id\":\"https:\\\/\\\/lasentinelle.dz\\\/index.php\\\/2022\\\/02\\\/03\\\/justice-plusieurs-proces-reportes\\\/#primaryimage\"},\"thumbnailUrl\":\"https:\\\/\\\/lasentinelle.dz\\\/wp-content\\\/uploads\\\/2022\\\/02\\\/Unknown-1.jpeg\",\"articleSection\":[\"Actualit\u00e9\"],\"inLanguage\":\"fr-FR\",\"potentialAction\":[{\"@type\":\"CommentAction\",\"name\":\"Comment\",\"target\":[\"https:\\\/\\\/lasentinelle.dz\\\/index.php\\\/2022\\\/02\\\/03\\\/justice-plusieurs-proces-reportes\\\/#respond\"]}]},{\"@type\":\"WebPage\",\"@id\":\"https:\\\/\\\/lasentinelle.dz\\\/index.php\\\/2022\\\/02\\\/03\\\/justice-plusieurs-proces-reportes\\\/\",\"url\":\"https:\\\/\\\/lasentinelle.dz\\\/index.php\\\/2022\\\/02\\\/03\\\/justice-plusieurs-proces-reportes\\\/\",\"name\":\"Justice\u00a0: Plusieurs proc\u00e8s report\u00e9s - La Sentinelle\",\"isPartOf\":{\"@id\":\"https:\\\/\\\/lasentinelle.dz\\\/#website\"},\"primaryImageOfPage\":{\"@id\":\"https:\\\/\\\/lasentinelle.dz\\\/index.php\\\/2022\\\/02\\\/03\\\/justice-plusieurs-proces-reportes\\\/#primaryimage\"},\"image\":{\"@id\":\"https:\\\/\\\/lasentinelle.dz\\\/index.php\\\/2022\\\/02\\\/03\\\/justice-plusieurs-proces-reportes\\\/#primaryimage\"},\"thumbnailUrl\":\"https:\\\/\\\/lasentinelle.dz\\\/wp-content\\\/uploads\\\/2022\\\/02\\\/Unknown-1.jpeg\",\"datePublished\":\"2022-02-03T18:01:00+00:00\",\"breadcrumb\":{\"@id\":\"https:\\\/\\\/lasentinelle.dz\\\/index.php\\\/2022\\\/02\\\/03\\\/justice-plusieurs-proces-reportes\\\/#breadcrumb\"},\"inLanguage\":\"fr-FR\",\"potentialAction\":[{\"@type\":\"ReadAction\",\"target\":[\"https:\\\/\\\/lasentinelle.dz\\\/index.php\\\/2022\\\/02\\\/03\\\/justice-plusieurs-proces-reportes\\\/\"]}]},{\"@type\":\"ImageObject\",\"inLanguage\":\"fr-FR\",\"@id\":\"https:\\\/\\\/lasentinelle.dz\\\/index.php\\\/2022\\\/02\\\/03\\\/justice-plusieurs-proces-reportes\\\/#primaryimage\",\"url\":\"https:\\\/\\\/lasentinelle.dz\\\/wp-content\\\/uploads\\\/2022\\\/02\\\/Unknown-1.jpeg\",\"contentUrl\":\"https:\\\/\\\/lasentinelle.dz\\\/wp-content\\\/uploads\\\/2022\\\/02\\\/Unknown-1.jpeg\",\"width\":273,\"height\":185},{\"@type\":\"BreadcrumbList\",\"@id\":\"https:\\\/\\\/lasentinelle.dz\\\/index.php\\\/2022\\\/02\\\/03\\\/justice-plusieurs-proces-reportes\\\/#breadcrumb\",\"itemListElement\":[{\"@type\":\"ListItem\",\"position\":1,\"name\":\"Accueil\",\"item\":\"https:\\\/\\\/lasentinelle.dz\\\/\"},{\"@type\":\"ListItem\",\"position\":2,\"name\":\"Justice\u00a0: Plusieurs proc\u00e8s report\u00e9s\"}]},{\"@type\":\"WebSite\",\"@id\":\"https:\\\/\\\/lasentinelle.dz\\\/#website\",\"url\":\"https:\\\/\\\/lasentinelle.dz\\\/\",\"name\":\"La Sentinelle\",\"description\":\"Quotidien national d&#039;information\",\"publisher\":{\"@id\":\"https:\\\/\\\/lasentinelle.dz\\\/#organization\"},\"potentialAction\":[{\"@type\":\"SearchAction\",\"target\":{\"@type\":\"EntryPoint\",\"urlTemplate\":\"https:\\\/\\\/lasentinelle.dz\\\/?s={search_term_string}\"},\"query-input\":{\"@type\":\"PropertyValueSpecification\",\"valueRequired\":true,\"valueName\":\"search_term_string\"}}],\"inLanguage\":\"fr-FR\"},{\"@type\":\"Organization\",\"@id\":\"https:\\\/\\\/lasentinelle.dz\\\/#organization\",\"name\":\"Quotidien La Sentinelle\",\"url\":\"https:\\\/\\\/lasentinelle.dz\\\/\",\"logo\":{\"@type\":\"ImageObject\",\"inLanguage\":\"fr-FR\",\"@id\":\"https:\\\/\\\/lasentinelle.dz\\\/#\\\/schema\\\/logo\\\/image\\\/\",\"url\":\"https:\\\/\\\/lasentinelle.dz\\\/wp-content\\\/uploads\\\/2021\\\/09\\\/logo-sentinelleSLOGAN-1.png\",\"contentUrl\":\"https:\\\/\\\/lasentinelle.dz\\\/wp-content\\\/uploads\\\/2021\\\/09\\\/logo-sentinelleSLOGAN-1.png\",\"width\":615,\"height\":142,\"caption\":\"Quotidien La Sentinelle\"},\"image\":{\"@id\":\"https:\\\/\\\/lasentinelle.dz\\\/#\\\/schema\\\/logo\\\/image\\\/\"},\"sameAs\":[\"https:\\\/\\\/www.facebook.com\\\/La-Sentinelle-104059864394773\"]},{\"@type\":\"Person\",\"@id\":\"https:\\\/\\\/lasentinelle.dz\\\/#\\\/schema\\\/person\\\/d865044e22e70a75174ce8bcad3acfb3\",\"name\":\"La Sentinelle\",\"image\":{\"@type\":\"ImageObject\",\"inLanguage\":\"fr-FR\",\"@id\":\"https:\\\/\\\/secure.gravatar.com\\\/avatar\\\/57de8e5d4b15d43fb361a71fbb36338450fe67865b528a43dd10ef7c51a20392?s=96&d=mm&r=g\",\"url\":\"https:\\\/\\\/secure.gravatar.com\\\/avatar\\\/57de8e5d4b15d43fb361a71fbb36338450fe67865b528a43dd10ef7c51a20392?s=96&d=mm&r=g\",\"contentUrl\":\"https:\\\/\\\/secure.gravatar.com\\\/avatar\\\/57de8e5d4b15d43fb361a71fbb36338450fe67865b528a43dd10ef7c51a20392?s=96&d=mm&r=g\",\"caption\":\"La Sentinelle\"},\"sameAs\":[\"http:\\\/\\\/www.lasentinelle.dz\"],\"url\":\"https:\\\/\\\/lasentinelle.dz\\\/author\\\/redaction\\\/\"}]}<\/script>\n<!-- \/ Yoast SEO plugin. -->","yoast_head_json":{"title":"Justice\u00a0: Plusieurs proc\u00e8s report\u00e9s - La Sentinelle","robots":{"index":"index","follow":"follow","max-snippet":"max-snippet:-1","max-image-preview":"max-image-preview:large","max-video-preview":"max-video-preview:-1"},"canonical":"https:\/\/lasentinelle.dz\/index.php\/2022\/02\/03\/justice-plusieurs-proces-reportes\/","og_locale":"fr_FR","og_type":"article","og_title":"Justice\u00a0: Plusieurs proc\u00e8s report\u00e9s - La Sentinelle","og_description":"Trois proc\u00e8s phares attendus pour cette semaine ont, pour diff\u00e9rentes raisons, \u00e9t\u00e9 report\u00e9s&nbsp;hier.&nbsp;Il s\u2019agit en&nbsp;premier&nbsp;lieu du proc\u00e8s&nbsp;de l&rsquo;ancien gendarme&nbsp;d\u00e9serteur&nbsp;qui a","og_url":"https:\/\/lasentinelle.dz\/index.php\/2022\/02\/03\/justice-plusieurs-proces-reportes\/","og_site_name":"La Sentinelle","article_publisher":"https:\/\/www.facebook.com\/La-Sentinelle-104059864394773","article_published_time":"2022-02-03T18:01:00+00:00","og_image":[{"width":273,"height":185,"url":"https:\/\/lasentinelle.dz\/wp-content\/uploads\/2022\/02\/Unknown-1.jpeg","type":"image\/jpeg"}],"author":"La Sentinelle","twitter_card":"summary_large_image","twitter_misc":{"\u00c9crit par":"La Sentinelle","Dur\u00e9e de lecture estim\u00e9e":"3 minutes"},"schema":{"@context":"https:\/\/schema.org","@graph":[{"@type":"Article","@id":"https:\/\/lasentinelle.dz\/index.php\/2022\/02\/03\/justice-plusieurs-proces-reportes\/#article","isPartOf":{"@id":"https:\/\/lasentinelle.dz\/index.php\/2022\/02\/03\/justice-plusieurs-proces-reportes\/"},"author":{"name":"La Sentinelle","@id":"https:\/\/lasentinelle.dz\/#\/schema\/person\/d865044e22e70a75174ce8bcad3acfb3"},"headline":"Justice\u00a0: Plusieurs proc\u00e8s report\u00e9s","datePublished":"2022-02-03T18:01:00+00:00","mainEntityOfPage":{"@id":"https:\/\/lasentinelle.dz\/index.php\/2022\/02\/03\/justice-plusieurs-proces-reportes\/"},"wordCount":568,"commentCount":0,"publisher":{"@id":"https:\/\/lasentinelle.dz\/#organization"},"image":{"@id":"https:\/\/lasentinelle.dz\/index.php\/2022\/02\/03\/justice-plusieurs-proces-reportes\/#primaryimage"},"thumbnailUrl":"https:\/\/lasentinelle.dz\/wp-content\/uploads\/2022\/02\/Unknown-1.jpeg","articleSection":["Actualit\u00e9"],"inLanguage":"fr-FR","potentialAction":[{"@type":"CommentAction","name":"Comment","target":["https:\/\/lasentinelle.dz\/index.php\/2022\/02\/03\/justice-plusieurs-proces-reportes\/#respond"]}]},{"@type":"WebPage","@id":"https:\/\/lasentinelle.dz\/index.php\/2022\/02\/03\/justice-plusieurs-proces-reportes\/","url":"https:\/\/lasentinelle.dz\/index.php\/2022\/02\/03\/justice-plusieurs-proces-reportes\/","name":"Justice\u00a0: Plusieurs proc\u00e8s report\u00e9s - La Sentinelle","isPartOf":{"@id":"https:\/\/lasentinelle.dz\/#website"},"primaryImageOfPage":{"@id":"https:\/\/lasentinelle.dz\/index.php\/2022\/02\/03\/justice-plusieurs-proces-reportes\/#primaryimage"},"image":{"@id":"https:\/\/lasentinelle.dz\/index.php\/2022\/02\/03\/justice-plusieurs-proces-reportes\/#primaryimage"},"thumbnailUrl":"https:\/\/lasentinelle.dz\/wp-content\/uploads\/2022\/02\/Unknown-1.jpeg","datePublished":"2022-02-03T18:01:00+00:00","breadcrumb":{"@id":"https:\/\/lasentinelle.dz\/index.php\/2022\/02\/03\/justice-plusieurs-proces-reportes\/#breadcrumb"},"inLanguage":"fr-FR","potentialAction":[{"@type":"ReadAction","target":["https:\/\/lasentinelle.dz\/index.php\/2022\/02\/03\/justice-plusieurs-proces-reportes\/"]}]},{"@type":"ImageObject","inLanguage":"fr-FR","@id":"https:\/\/lasentinelle.dz\/index.php\/2022\/02\/03\/justice-plusieurs-proces-reportes\/#primaryimage","url":"https:\/\/lasentinelle.dz\/wp-content\/uploads\/2022\/02\/Unknown-1.jpeg","contentUrl":"https:\/\/lasentinelle.dz\/wp-content\/uploads\/2022\/02\/Unknown-1.jpeg","width":273,"height":185},{"@type":"BreadcrumbList","@id":"https:\/\/lasentinelle.dz\/index.php\/2022\/02\/03\/justice-plusieurs-proces-reportes\/#breadcrumb","itemListElement":[{"@type":"ListItem","position":1,"name":"Accueil","item":"https:\/\/lasentinelle.dz\/"},{"@type":"ListItem","position":2,"name":"Justice\u00a0: Plusieurs proc\u00e8s report\u00e9s"}]},{"@type":"WebSite","@id":"https:\/\/lasentinelle.dz\/#website","url":"https:\/\/lasentinelle.dz\/","name":"La Sentinelle","description":"Quotidien national d&#039;information","publisher":{"@id":"https:\/\/lasentinelle.dz\/#organization"},"potentialAction":[{"@type":"SearchAction","target":{"@type":"EntryPoint","urlTemplate":"https:\/\/lasentinelle.dz\/?s={search_term_string}"},"query-input":{"@type":"PropertyValueSpecification","valueRequired":true,"valueName":"search_term_string"}}],"inLanguage":"fr-FR"},{"@type":"Organization","@id":"https:\/\/lasentinelle.dz\/#organization","name":"Quotidien La Sentinelle","url":"https:\/\/lasentinelle.dz\/","logo":{"@type":"ImageObject","inLanguage":"fr-FR","@id":"https:\/\/lasentinelle.dz\/#\/schema\/logo\/image\/","url":"https:\/\/lasentinelle.dz\/wp-content\/uploads\/2021\/09\/logo-sentinelleSLOGAN-1.png","contentUrl":"https:\/\/lasentinelle.dz\/wp-content\/uploads\/2021\/09\/logo-sentinelleSLOGAN-1.png","width":615,"height":142,"caption":"Quotidien La Sentinelle"},"image":{"@id":"https:\/\/lasentinelle.dz\/#\/schema\/logo\/image\/"},"sameAs":["https:\/\/www.facebook.com\/La-Sentinelle-104059864394773"]},{"@type":"Person","@id":"https:\/\/lasentinelle.dz\/#\/schema\/person\/d865044e22e70a75174ce8bcad3acfb3","name":"La Sentinelle","image":{"@type":"ImageObject","inLanguage":"fr-FR","@id":"https:\/\/secure.gravatar.com\/avatar\/57de8e5d4b15d43fb361a71fbb36338450fe67865b528a43dd10ef7c51a20392?s=96&d=mm&r=g","url":"https:\/\/secure.gravatar.com\/avatar\/57de8e5d4b15d43fb361a71fbb36338450fe67865b528a43dd10ef7c51a20392?s=96&d=mm&r=g","contentUrl":"https:\/\/secure.gravatar.com\/avatar\/57de8e5d4b15d43fb361a71fbb36338450fe67865b528a43dd10ef7c51a20392?s=96&d=mm&r=g","caption":"La Sentinelle"},"sameAs":["http:\/\/www.lasentinelle.dz"],"url":"https:\/\/lasentinelle.dz\/author\/redaction\/"}]}},"_links":{"self":[{"href":"https:\/\/lasentinelle.dz\/index.php\/wp-json\/wp\/v2\/posts\/16463","targetHints":{"allow":["GET"]}}],"collection":[{"href":"https:\/\/lasentinelle.dz\/index.php\/wp-json\/wp\/v2\/posts"}],"about":[{"href":"https:\/\/lasentinelle.dz\/index.php\/wp-json\/wp\/v2\/types\/post"}],"author":[{"embeddable":true,"href":"https:\/\/lasentinelle.dz\/index.php\/wp-json\/wp\/v2\/users\/3"}],"replies":[{"embeddable":true,"href":"https:\/\/lasentinelle.dz\/index.php\/wp-json\/wp\/v2\/comments?post=16463"}],"version-history":[{"count":1,"href":"https:\/\/lasentinelle.dz\/index.php\/wp-json\/wp\/v2\/posts\/16463\/revisions"}],"predecessor-version":[{"id":16466,"href":"https:\/\/lasentinelle.dz\/index.php\/wp-json\/wp\/v2\/posts\/16463\/revisions\/16466"}],"wp:featuredmedia":[{"embeddable":true,"href":"https:\/\/lasentinelle.dz\/index.php\/wp-json\/wp\/v2\/media\/16465"}],"wp:attachment":[{"href":"https:\/\/lasentinelle.dz\/index.php\/wp-json\/wp\/v2\/media?parent=16463"}],"wp:term":[{"taxonomy":"category","embeddable":true,"href":"https:\/\/lasentinelle.dz\/index.php\/wp-json\/wp\/v2\/categories?post=16463"},{"taxonomy":"post_tag","embeddable":true,"href":"https:\/\/lasentinelle.dz\/index.php\/wp-json\/wp\/v2\/tags?post=16463"}],"curies":[{"name":"wp","href":"https:\/\/api.w.org\/{rel}","templated":true}]}}