{"id":16467,"date":"2022-02-03T00:01:00","date_gmt":"2022-02-02T23:01:00","guid":{"rendered":"https:\/\/lasentinelle.dz\/?p=16467"},"modified":"2022-02-02T19:33:20","modified_gmt":"2022-02-02T18:33:20","slug":"retards-dans-lenvoi-des-bulletins-de-note-aux-eleves-lorganisation-des-parents-deleves-denonce","status":"publish","type":"post","link":"https:\/\/lasentinelle.dz\/index.php\/2022\/02\/03\/retards-dans-lenvoi-des-bulletins-de-note-aux-eleves-lorganisation-des-parents-deleves-denonce\/","title":{"rendered":"Retards dans l\u2019envoi des\u00a0bulletins\u00a0de note aux \u00e9l\u00e8ves\u00a0:\u00a0L\u2019Organisation des parents d\u2019\u00e9l\u00e8ves d\u00e9nonce \u00a0"},"content":{"rendered":"\n<p>L\u2019Organisation nationale des parents d\u2019\u00e9l\u00e8ves&nbsp;d\u00e9nonce&nbsp;les retards accus\u00e9s dans la publication des relev\u00e9s de notes des \u00e9l\u00e8ves. Dans un communiqu\u00e9 rendu public hier, celle-ci en appelle au pr\u00e9sident de la R\u00e9publique pour intervenir dans l\u2019objectif de mettre un terme \u00e0 cette situation g\u00e9n\u00e9ratrice de grand stress pouvant nuire aux enfants qui, explique-t-elle, \u201csont aux portes des examens du deuxi\u00e8me trimestre sans pour autant conna\u00eetre leurs notes des examens du premier trimestre\u201d. Pour cette organisation cr\u00e9\u00e9e en 2014, \u201cce fait indique clairement l\u2019existence d\u2019incapacit\u00e9 \u00e0 g\u00e9rer la situation par le minist\u00e8re de tutelle qui met les enfants dans cet \u00e9tat d\u2019esprit difficile en plus des difficult\u00e9s engendr\u00e9es par l\u2019\u00e9mergence de la pand\u00e9mie du Covid 19 depuis trois longues ann\u00e9es\u201d.&nbsp;&nbsp;&nbsp;<\/p>\n\n\n\n<p>Dans&nbsp;&nbsp;son communiqu\u00e9 l\u2019organisation nationale des parents d\u2019\u00e9l\u00e8ves d\u00e9plore \u201cl\u2019attitude des directions concern\u00e9es et du minist\u00e8re de l\u2019Education nationale qui consid\u00e8rent cette situation comme un non-\u00e9v\u00e8nement \u00bb.&nbsp;&nbsp;Alors que des rencontres marathoniennes avec les syndicats sont organis\u00e9es r\u00e9guli\u00e8rement, ajoute le document,&nbsp;&nbsp;\u201cl\u2019enfant reste le grand absent de ce travail bien que la loi d\u2019orientation du secteur en fait de l\u2019\u00e9l\u00e8ve l\u2019axe principal\u201d. Aussi, l\u2019organisation n\u2019est pas all\u00e9e par mille chemins pour parvenir \u00e0 la conclusion que \u201cle minist\u00e8re de l\u2019Education a failli \u00e0 ses engagements qui sont d\u2019abord l\u2019\u00e9l\u00e8ve, l\u2019\u00e9valuation de ses r\u00e9sultats et leur am\u00e9lioration\u201d.<\/p>\n\n\n\n<p>L\u2019organisation nationale des parents d\u2019\u00e9l\u00e8ves s\u2019interroge sur cette \u201cincapacit\u00e9 \u00e0 prendre en charge ce volet important pour le cursus scolaire et l\u2019avenir des enfants\u201d et s&rsquo;interroge \u201csi les enfants resteront toujours victimes des conflits et des pressions qu\u2019ils engendrent\u201d. \u201cUne attitude qui appelle des interrogations\u201d, ajoute le m\u00eame document qui mentionne la multitude des rencontres avec les syndicats alors que le secteur conna\u00eet des probl\u00e8mes p\u00e9dagogiques. Cette attitude, explique-t-on, \u201centrave grandement les efforts de l\u2019Etat qui met pourtant beaucoup de moyens\u201d. L\u2019organisation des parents d\u2019\u00e9l\u00e8ves appelle ainsi les pouvoirs publics \u00e0 intervenir pour mettre fin \u00e0 cette situation qui nuit gravement au moral des enfants qui rejoignent \u00e0 partir de dimanche les bancs des \u00e9coles sans conna\u00eetre au pr\u00e9alable les notes du premier trimestre dans de nombreux \u00e9tablissements.&nbsp;Enfin, il convient de rappeler que les \u00e9coles ont \u00e9t\u00e9 ferm\u00e9es pour une dur\u00e9e de dix jours \u00e0 cause de la propagation des cas de contamination au coronavirus parmi les enfants, les enseignants et le personnel. Une fermeture qui a \u00e9t\u00e9 prolong\u00e9e d&rsquo;une semaine afin de permettre aux enfants et au personnel de rester hors de ce danger. Parall\u00e8lement, une campagne de vaccination a \u00e9t\u00e9 lanc\u00e9e par le minist\u00e8re de l\u2019Education nationale en partenariat avec le minist\u00e8re de la Sant\u00e9, de la population et de la R\u00e9forme hospitali\u00e8re.&nbsp;&nbsp;<\/p>\n\n\n\n<p><strong>Akli Amor<\/strong><\/p>\n","protected":false},"excerpt":{"rendered":"<p>L\u2019Organisation nationale des parents d\u2019\u00e9l\u00e8ves&nbsp;d\u00e9nonce&nbsp;les retards accus\u00e9s dans la publication des relev\u00e9s de notes des \u00e9l\u00e8ves. Dans un communiqu\u00e9 rendu<\/p>\n","protected":false},"author":3,"featured_media":16471,"comment_status":"open","ping_status":"closed","sticky":false,"template":"","format":"standard","meta":{"colormag_page_container_layout":"default_layout","colormag_page_sidebar_layout":"default_layout","om_disable_all_campaigns":false,"_monsterinsights_skip_tracking":false,"_monsterinsights_sitenote_active":false,"_monsterinsights_sitenote_note":"","_monsterinsights_sitenote_category":0,"footnotes":"","_wpscppro_dont_share_socialmedia":false,"_wpscppro_custom_social_share_image":0,"_facebook_share_type":"","_twitter_share_type":"","_linkedin_share_type":"","_pinterest_share_type":"","_linkedin_share_type_page":"","_instagram_share_type":"","_medium_share_type":"","_threads_share_type":"","_google_business_share_type":"","_selected_social_profile":[],"_wpsp_enable_custom_social_template":false,"_wpsp_social_scheduling":{"enabled":false,"datetime":null,"platforms":[],"status":"template_only","dateOption":"today","timeOption":"now","customDays":"","customHours":"","customDate":"","customTime":"","schedulingType":"absolute"},"_wpsp_active_default_template":true},"categories":[27],"tags":[],"class_list":["post-16467","post","type-post","status-publish","format-standard","has-post-thumbnail","hentry","category-actualite"],"aioseo_notices":[],"yoast_head":"<!-- This site is optimized with the Yoast SEO plugin v27.5 - https:\/\/yoast.com\/product\/yoast-seo-wordpress\/ -->\n<title>Retards dans l\u2019envoi des\u00a0bulletins\u00a0de note aux \u00e9l\u00e8ves\u00a0:\u00a0L\u2019Organisation des parents d\u2019\u00e9l\u00e8ves d\u00e9nonce \u00a0 - La Sentinelle<\/title>\n<meta name=\"robots\" content=\"index, follow, max-snippet:-1, max-image-preview:large, max-video-preview:-1\" \/>\n<link rel=\"canonical\" href=\"https:\/\/lasentinelle.dz\/index.php\/2022\/02\/03\/retards-dans-lenvoi-des-bulletins-de-note-aux-eleves-lorganisation-des-parents-deleves-denonce\/\" \/>\n<meta property=\"og:locale\" content=\"fr_FR\" \/>\n<meta property=\"og:type\" content=\"article\" \/>\n<meta property=\"og:title\" content=\"Retards dans l\u2019envoi des\u00a0bulletins\u00a0de note aux \u00e9l\u00e8ves\u00a0:\u00a0L\u2019Organisation des parents d\u2019\u00e9l\u00e8ves d\u00e9nonce \u00a0 - La Sentinelle\" \/>\n<meta property=\"og:description\" content=\"L\u2019Organisation nationale des parents d\u2019\u00e9l\u00e8ves&nbsp;d\u00e9nonce&nbsp;les retards accus\u00e9s dans la publication des relev\u00e9s de notes des \u00e9l\u00e8ves. Dans un communiqu\u00e9 rendu\" \/>\n<meta property=\"og:url\" content=\"https:\/\/lasentinelle.dz\/index.php\/2022\/02\/03\/retards-dans-lenvoi-des-bulletins-de-note-aux-eleves-lorganisation-des-parents-deleves-denonce\/\" \/>\n<meta property=\"og:site_name\" content=\"La Sentinelle\" \/>\n<meta property=\"article:publisher\" content=\"https:\/\/www.facebook.com\/La-Sentinelle-104059864394773\" \/>\n<meta property=\"article:published_time\" content=\"2022-02-02T23:01:00+00:00\" \/>\n<meta property=\"og:image\" content=\"https:\/\/lasentinelle.dz\/wp-content\/uploads\/2022\/02\/parents-deleves-scaled-1.jpg\" \/>\n\t<meta property=\"og:image:width\" content=\"1240\" \/>\n\t<meta property=\"og:image:height\" content=\"698\" \/>\n\t<meta property=\"og:image:type\" content=\"image\/jpeg\" \/>\n<meta name=\"author\" content=\"La Sentinelle\" \/>\n<meta name=\"twitter:card\" content=\"summary_large_image\" \/>\n<meta name=\"twitter:label1\" content=\"\u00c9crit par\" \/>\n\t<meta name=\"twitter:data1\" content=\"La Sentinelle\" \/>\n\t<meta name=\"twitter:label2\" content=\"Dur\u00e9e de lecture estim\u00e9e\" \/>\n\t<meta name=\"twitter:data2\" content=\"3 minutes\" \/>\n<script type=\"application\/ld+json\" class=\"yoast-schema-graph\">{\"@context\":\"https:\\\/\\\/schema.org\",\"@graph\":[{\"@type\":\"Article\",\"@id\":\"https:\\\/\\\/lasentinelle.dz\\\/index.php\\\/2022\\\/02\\\/03\\\/retards-dans-lenvoi-des-bulletins-de-note-aux-eleves-lorganisation-des-parents-deleves-denonce\\\/#article\",\"isPartOf\":{\"@id\":\"https:\\\/\\\/lasentinelle.dz\\\/index.php\\\/2022\\\/02\\\/03\\\/retards-dans-lenvoi-des-bulletins-de-note-aux-eleves-lorganisation-des-parents-deleves-denonce\\\/\"},\"author\":{\"name\":\"La Sentinelle\",\"@id\":\"https:\\\/\\\/lasentinelle.dz\\\/#\\\/schema\\\/person\\\/d865044e22e70a75174ce8bcad3acfb3\"},\"headline\":\"Retards dans l\u2019envoi des\u00a0bulletins\u00a0de note aux \u00e9l\u00e8ves\u00a0:\u00a0L\u2019Organisation des parents d\u2019\u00e9l\u00e8ves d\u00e9nonce \u00a0\",\"datePublished\":\"2022-02-02T23:01:00+00:00\",\"mainEntityOfPage\":{\"@id\":\"https:\\\/\\\/lasentinelle.dz\\\/index.php\\\/2022\\\/02\\\/03\\\/retards-dans-lenvoi-des-bulletins-de-note-aux-eleves-lorganisation-des-parents-deleves-denonce\\\/\"},\"wordCount\":538,\"commentCount\":0,\"publisher\":{\"@id\":\"https:\\\/\\\/lasentinelle.dz\\\/#organization\"},\"image\":{\"@id\":\"https:\\\/\\\/lasentinelle.dz\\\/index.php\\\/2022\\\/02\\\/03\\\/retards-dans-lenvoi-des-bulletins-de-note-aux-eleves-lorganisation-des-parents-deleves-denonce\\\/#primaryimage\"},\"thumbnailUrl\":\"https:\\\/\\\/lasentinelle.dz\\\/wp-content\\\/uploads\\\/2022\\\/02\\\/parents-deleves-scaled-1.jpg\",\"articleSection\":[\"Actualit\u00e9\"],\"inLanguage\":\"fr-FR\",\"potentialAction\":[{\"@type\":\"CommentAction\",\"name\":\"Comment\",\"target\":[\"https:\\\/\\\/lasentinelle.dz\\\/index.php\\\/2022\\\/02\\\/03\\\/retards-dans-lenvoi-des-bulletins-de-note-aux-eleves-lorganisation-des-parents-deleves-denonce\\\/#respond\"]}]},{\"@type\":\"WebPage\",\"@id\":\"https:\\\/\\\/lasentinelle.dz\\\/index.php\\\/2022\\\/02\\\/03\\\/retards-dans-lenvoi-des-bulletins-de-note-aux-eleves-lorganisation-des-parents-deleves-denonce\\\/\",\"url\":\"https:\\\/\\\/lasentinelle.dz\\\/index.php\\\/2022\\\/02\\\/03\\\/retards-dans-lenvoi-des-bulletins-de-note-aux-eleves-lorganisation-des-parents-deleves-denonce\\\/\",\"name\":\"Retards dans l\u2019envoi des\u00a0bulletins\u00a0de note aux \u00e9l\u00e8ves\u00a0:\u00a0L\u2019Organisation des parents d\u2019\u00e9l\u00e8ves d\u00e9nonce \u00a0 - La Sentinelle\",\"isPartOf\":{\"@id\":\"https:\\\/\\\/lasentinelle.dz\\\/#website\"},\"primaryImageOfPage\":{\"@id\":\"https:\\\/\\\/lasentinelle.dz\\\/index.php\\\/2022\\\/02\\\/03\\\/retards-dans-lenvoi-des-bulletins-de-note-aux-eleves-lorganisation-des-parents-deleves-denonce\\\/#primaryimage\"},\"image\":{\"@id\":\"https:\\\/\\\/lasentinelle.dz\\\/index.php\\\/2022\\\/02\\\/03\\\/retards-dans-lenvoi-des-bulletins-de-note-aux-eleves-lorganisation-des-parents-deleves-denonce\\\/#primaryimage\"},\"thumbnailUrl\":\"https:\\\/\\\/lasentinelle.dz\\\/wp-content\\\/uploads\\\/2022\\\/02\\\/parents-deleves-scaled-1.jpg\",\"datePublished\":\"2022-02-02T23:01:00+00:00\",\"breadcrumb\":{\"@id\":\"https:\\\/\\\/lasentinelle.dz\\\/index.php\\\/2022\\\/02\\\/03\\\/retards-dans-lenvoi-des-bulletins-de-note-aux-eleves-lorganisation-des-parents-deleves-denonce\\\/#breadcrumb\"},\"inLanguage\":\"fr-FR\",\"potentialAction\":[{\"@type\":\"ReadAction\",\"target\":[\"https:\\\/\\\/lasentinelle.dz\\\/index.php\\\/2022\\\/02\\\/03\\\/retards-dans-lenvoi-des-bulletins-de-note-aux-eleves-lorganisation-des-parents-deleves-denonce\\\/\"]}]},{\"@type\":\"ImageObject\",\"inLanguage\":\"fr-FR\",\"@id\":\"https:\\\/\\\/lasentinelle.dz\\\/index.php\\\/2022\\\/02\\\/03\\\/retards-dans-lenvoi-des-bulletins-de-note-aux-eleves-lorganisation-des-parents-deleves-denonce\\\/#primaryimage\",\"url\":\"https:\\\/\\\/lasentinelle.dz\\\/wp-content\\\/uploads\\\/2022\\\/02\\\/parents-deleves-scaled-1.jpg\",\"contentUrl\":\"https:\\\/\\\/lasentinelle.dz\\\/wp-content\\\/uploads\\\/2022\\\/02\\\/parents-deleves-scaled-1.jpg\",\"width\":1240,\"height\":698},{\"@type\":\"BreadcrumbList\",\"@id\":\"https:\\\/\\\/lasentinelle.dz\\\/index.php\\\/2022\\\/02\\\/03\\\/retards-dans-lenvoi-des-bulletins-de-note-aux-eleves-lorganisation-des-parents-deleves-denonce\\\/#breadcrumb\",\"itemListElement\":[{\"@type\":\"ListItem\",\"position\":1,\"name\":\"Accueil\",\"item\":\"https:\\\/\\\/lasentinelle.dz\\\/\"},{\"@type\":\"ListItem\",\"position\":2,\"name\":\"Retards dans l\u2019envoi des\u00a0bulletins\u00a0de note aux \u00e9l\u00e8ves\u00a0:\u00a0L\u2019Organisation des parents d\u2019\u00e9l\u00e8ves d\u00e9nonce \u00a0\"}]},{\"@type\":\"WebSite\",\"@id\":\"https:\\\/\\\/lasentinelle.dz\\\/#website\",\"url\":\"https:\\\/\\\/lasentinelle.dz\\\/\",\"name\":\"La Sentinelle\",\"description\":\"Quotidien national d&#039;information\",\"publisher\":{\"@id\":\"https:\\\/\\\/lasentinelle.dz\\\/#organization\"},\"potentialAction\":[{\"@type\":\"SearchAction\",\"target\":{\"@type\":\"EntryPoint\",\"urlTemplate\":\"https:\\\/\\\/lasentinelle.dz\\\/?s={search_term_string}\"},\"query-input\":{\"@type\":\"PropertyValueSpecification\",\"valueRequired\":true,\"valueName\":\"search_term_string\"}}],\"inLanguage\":\"fr-FR\"},{\"@type\":\"Organization\",\"@id\":\"https:\\\/\\\/lasentinelle.dz\\\/#organization\",\"name\":\"Quotidien La Sentinelle\",\"url\":\"https:\\\/\\\/lasentinelle.dz\\\/\",\"logo\":{\"@type\":\"ImageObject\",\"inLanguage\":\"fr-FR\",\"@id\":\"https:\\\/\\\/lasentinelle.dz\\\/#\\\/schema\\\/logo\\\/image\\\/\",\"url\":\"https:\\\/\\\/lasentinelle.dz\\\/wp-content\\\/uploads\\\/2021\\\/09\\\/logo-sentinelleSLOGAN-1.png\",\"contentUrl\":\"https:\\\/\\\/lasentinelle.dz\\\/wp-content\\\/uploads\\\/2021\\\/09\\\/logo-sentinelleSLOGAN-1.png\",\"width\":615,\"height\":142,\"caption\":\"Quotidien La Sentinelle\"},\"image\":{\"@id\":\"https:\\\/\\\/lasentinelle.dz\\\/#\\\/schema\\\/logo\\\/image\\\/\"},\"sameAs\":[\"https:\\\/\\\/www.facebook.com\\\/La-Sentinelle-104059864394773\"]},{\"@type\":\"Person\",\"@id\":\"https:\\\/\\\/lasentinelle.dz\\\/#\\\/schema\\\/person\\\/d865044e22e70a75174ce8bcad3acfb3\",\"name\":\"La Sentinelle\",\"image\":{\"@type\":\"ImageObject\",\"inLanguage\":\"fr-FR\",\"@id\":\"https:\\\/\\\/secure.gravatar.com\\\/avatar\\\/57de8e5d4b15d43fb361a71fbb36338450fe67865b528a43dd10ef7c51a20392?s=96&d=mm&r=g\",\"url\":\"https:\\\/\\\/secure.gravatar.com\\\/avatar\\\/57de8e5d4b15d43fb361a71fbb36338450fe67865b528a43dd10ef7c51a20392?s=96&d=mm&r=g\",\"contentUrl\":\"https:\\\/\\\/secure.gravatar.com\\\/avatar\\\/57de8e5d4b15d43fb361a71fbb36338450fe67865b528a43dd10ef7c51a20392?s=96&d=mm&r=g\",\"caption\":\"La Sentinelle\"},\"sameAs\":[\"http:\\\/\\\/www.lasentinelle.dz\"],\"url\":\"https:\\\/\\\/lasentinelle.dz\\\/author\\\/redaction\\\/\"}]}<\/script>\n<!-- \/ Yoast SEO plugin. -->","yoast_head_json":{"title":"Retards dans l\u2019envoi des\u00a0bulletins\u00a0de note aux \u00e9l\u00e8ves\u00a0:\u00a0L\u2019Organisation des parents d\u2019\u00e9l\u00e8ves d\u00e9nonce \u00a0 - La Sentinelle","robots":{"index":"index","follow":"follow","max-snippet":"max-snippet:-1","max-image-preview":"max-image-preview:large","max-video-preview":"max-video-preview:-1"},"canonical":"https:\/\/lasentinelle.dz\/index.php\/2022\/02\/03\/retards-dans-lenvoi-des-bulletins-de-note-aux-eleves-lorganisation-des-parents-deleves-denonce\/","og_locale":"fr_FR","og_type":"article","og_title":"Retards dans l\u2019envoi des\u00a0bulletins\u00a0de note aux \u00e9l\u00e8ves\u00a0:\u00a0L\u2019Organisation des parents d\u2019\u00e9l\u00e8ves d\u00e9nonce \u00a0 - La Sentinelle","og_description":"L\u2019Organisation nationale des parents d\u2019\u00e9l\u00e8ves&nbsp;d\u00e9nonce&nbsp;les retards accus\u00e9s dans la publication des relev\u00e9s de notes des \u00e9l\u00e8ves. Dans un communiqu\u00e9 rendu","og_url":"https:\/\/lasentinelle.dz\/index.php\/2022\/02\/03\/retards-dans-lenvoi-des-bulletins-de-note-aux-eleves-lorganisation-des-parents-deleves-denonce\/","og_site_name":"La Sentinelle","article_publisher":"https:\/\/www.facebook.com\/La-Sentinelle-104059864394773","article_published_time":"2022-02-02T23:01:00+00:00","og_image":[{"width":1240,"height":698,"url":"https:\/\/lasentinelle.dz\/wp-content\/uploads\/2022\/02\/parents-deleves-scaled-1.jpg","type":"image\/jpeg"}],"author":"La Sentinelle","twitter_card":"summary_large_image","twitter_misc":{"\u00c9crit par":"La Sentinelle","Dur\u00e9e de lecture estim\u00e9e":"3 minutes"},"schema":{"@context":"https:\/\/schema.org","@graph":[{"@type":"Article","@id":"https:\/\/lasentinelle.dz\/index.php\/2022\/02\/03\/retards-dans-lenvoi-des-bulletins-de-note-aux-eleves-lorganisation-des-parents-deleves-denonce\/#article","isPartOf":{"@id":"https:\/\/lasentinelle.dz\/index.php\/2022\/02\/03\/retards-dans-lenvoi-des-bulletins-de-note-aux-eleves-lorganisation-des-parents-deleves-denonce\/"},"author":{"name":"La Sentinelle","@id":"https:\/\/lasentinelle.dz\/#\/schema\/person\/d865044e22e70a75174ce8bcad3acfb3"},"headline":"Retards dans l\u2019envoi des\u00a0bulletins\u00a0de note aux \u00e9l\u00e8ves\u00a0:\u00a0L\u2019Organisation des parents d\u2019\u00e9l\u00e8ves d\u00e9nonce \u00a0","datePublished":"2022-02-02T23:01:00+00:00","mainEntityOfPage":{"@id":"https:\/\/lasentinelle.dz\/index.php\/2022\/02\/03\/retards-dans-lenvoi-des-bulletins-de-note-aux-eleves-lorganisation-des-parents-deleves-denonce\/"},"wordCount":538,"commentCount":0,"publisher":{"@id":"https:\/\/lasentinelle.dz\/#organization"},"image":{"@id":"https:\/\/lasentinelle.dz\/index.php\/2022\/02\/03\/retards-dans-lenvoi-des-bulletins-de-note-aux-eleves-lorganisation-des-parents-deleves-denonce\/#primaryimage"},"thumbnailUrl":"https:\/\/lasentinelle.dz\/wp-content\/uploads\/2022\/02\/parents-deleves-scaled-1.jpg","articleSection":["Actualit\u00e9"],"inLanguage":"fr-FR","potentialAction":[{"@type":"CommentAction","name":"Comment","target":["https:\/\/lasentinelle.dz\/index.php\/2022\/02\/03\/retards-dans-lenvoi-des-bulletins-de-note-aux-eleves-lorganisation-des-parents-deleves-denonce\/#respond"]}]},{"@type":"WebPage","@id":"https:\/\/lasentinelle.dz\/index.php\/2022\/02\/03\/retards-dans-lenvoi-des-bulletins-de-note-aux-eleves-lorganisation-des-parents-deleves-denonce\/","url":"https:\/\/lasentinelle.dz\/index.php\/2022\/02\/03\/retards-dans-lenvoi-des-bulletins-de-note-aux-eleves-lorganisation-des-parents-deleves-denonce\/","name":"Retards dans l\u2019envoi des\u00a0bulletins\u00a0de note aux \u00e9l\u00e8ves\u00a0:\u00a0L\u2019Organisation des parents d\u2019\u00e9l\u00e8ves d\u00e9nonce \u00a0 - La Sentinelle","isPartOf":{"@id":"https:\/\/lasentinelle.dz\/#website"},"primaryImageOfPage":{"@id":"https:\/\/lasentinelle.dz\/index.php\/2022\/02\/03\/retards-dans-lenvoi-des-bulletins-de-note-aux-eleves-lorganisation-des-parents-deleves-denonce\/#primaryimage"},"image":{"@id":"https:\/\/lasentinelle.dz\/index.php\/2022\/02\/03\/retards-dans-lenvoi-des-bulletins-de-note-aux-eleves-lorganisation-des-parents-deleves-denonce\/#primaryimage"},"thumbnailUrl":"https:\/\/lasentinelle.dz\/wp-content\/uploads\/2022\/02\/parents-deleves-scaled-1.jpg","datePublished":"2022-02-02T23:01:00+00:00","breadcrumb":{"@id":"https:\/\/lasentinelle.dz\/index.php\/2022\/02\/03\/retards-dans-lenvoi-des-bulletins-de-note-aux-eleves-lorganisation-des-parents-deleves-denonce\/#breadcrumb"},"inLanguage":"fr-FR","potentialAction":[{"@type":"ReadAction","target":["https:\/\/lasentinelle.dz\/index.php\/2022\/02\/03\/retards-dans-lenvoi-des-bulletins-de-note-aux-eleves-lorganisation-des-parents-deleves-denonce\/"]}]},{"@type":"ImageObject","inLanguage":"fr-FR","@id":"https:\/\/lasentinelle.dz\/index.php\/2022\/02\/03\/retards-dans-lenvoi-des-bulletins-de-note-aux-eleves-lorganisation-des-parents-deleves-denonce\/#primaryimage","url":"https:\/\/lasentinelle.dz\/wp-content\/uploads\/2022\/02\/parents-deleves-scaled-1.jpg","contentUrl":"https:\/\/lasentinelle.dz\/wp-content\/uploads\/2022\/02\/parents-deleves-scaled-1.jpg","width":1240,"height":698},{"@type":"BreadcrumbList","@id":"https:\/\/lasentinelle.dz\/index.php\/2022\/02\/03\/retards-dans-lenvoi-des-bulletins-de-note-aux-eleves-lorganisation-des-parents-deleves-denonce\/#breadcrumb","itemListElement":[{"@type":"ListItem","position":1,"name":"Accueil","item":"https:\/\/lasentinelle.dz\/"},{"@type":"ListItem","position":2,"name":"Retards dans l\u2019envoi des\u00a0bulletins\u00a0de note aux \u00e9l\u00e8ves\u00a0:\u00a0L\u2019Organisation des parents d\u2019\u00e9l\u00e8ves d\u00e9nonce \u00a0"}]},{"@type":"WebSite","@id":"https:\/\/lasentinelle.dz\/#website","url":"https:\/\/lasentinelle.dz\/","name":"La Sentinelle","description":"Quotidien national d&#039;information","publisher":{"@id":"https:\/\/lasentinelle.dz\/#organization"},"potentialAction":[{"@type":"SearchAction","target":{"@type":"EntryPoint","urlTemplate":"https:\/\/lasentinelle.dz\/?s={search_term_string}"},"query-input":{"@type":"PropertyValueSpecification","valueRequired":true,"valueName":"search_term_string"}}],"inLanguage":"fr-FR"},{"@type":"Organization","@id":"https:\/\/lasentinelle.dz\/#organization","name":"Quotidien La Sentinelle","url":"https:\/\/lasentinelle.dz\/","logo":{"@type":"ImageObject","inLanguage":"fr-FR","@id":"https:\/\/lasentinelle.dz\/#\/schema\/logo\/image\/","url":"https:\/\/lasentinelle.dz\/wp-content\/uploads\/2021\/09\/logo-sentinelleSLOGAN-1.png","contentUrl":"https:\/\/lasentinelle.dz\/wp-content\/uploads\/2021\/09\/logo-sentinelleSLOGAN-1.png","width":615,"height":142,"caption":"Quotidien La Sentinelle"},"image":{"@id":"https:\/\/lasentinelle.dz\/#\/schema\/logo\/image\/"},"sameAs":["https:\/\/www.facebook.com\/La-Sentinelle-104059864394773"]},{"@type":"Person","@id":"https:\/\/lasentinelle.dz\/#\/schema\/person\/d865044e22e70a75174ce8bcad3acfb3","name":"La Sentinelle","image":{"@type":"ImageObject","inLanguage":"fr-FR","@id":"https:\/\/secure.gravatar.com\/avatar\/57de8e5d4b15d43fb361a71fbb36338450fe67865b528a43dd10ef7c51a20392?s=96&d=mm&r=g","url":"https:\/\/secure.gravatar.com\/avatar\/57de8e5d4b15d43fb361a71fbb36338450fe67865b528a43dd10ef7c51a20392?s=96&d=mm&r=g","contentUrl":"https:\/\/secure.gravatar.com\/avatar\/57de8e5d4b15d43fb361a71fbb36338450fe67865b528a43dd10ef7c51a20392?s=96&d=mm&r=g","caption":"La Sentinelle"},"sameAs":["http:\/\/www.lasentinelle.dz"],"url":"https:\/\/lasentinelle.dz\/author\/redaction\/"}]}},"_links":{"self":[{"href":"https:\/\/lasentinelle.dz\/index.php\/wp-json\/wp\/v2\/posts\/16467","targetHints":{"allow":["GET"]}}],"collection":[{"href":"https:\/\/lasentinelle.dz\/index.php\/wp-json\/wp\/v2\/posts"}],"about":[{"href":"https:\/\/lasentinelle.dz\/index.php\/wp-json\/wp\/v2\/types\/post"}],"author":[{"embeddable":true,"href":"https:\/\/lasentinelle.dz\/index.php\/wp-json\/wp\/v2\/users\/3"}],"replies":[{"embeddable":true,"href":"https:\/\/lasentinelle.dz\/index.php\/wp-json\/wp\/v2\/comments?post=16467"}],"version-history":[{"count":1,"href":"https:\/\/lasentinelle.dz\/index.php\/wp-json\/wp\/v2\/posts\/16467\/revisions"}],"predecessor-version":[{"id":16475,"href":"https:\/\/lasentinelle.dz\/index.php\/wp-json\/wp\/v2\/posts\/16467\/revisions\/16475"}],"wp:featuredmedia":[{"embeddable":true,"href":"https:\/\/lasentinelle.dz\/index.php\/wp-json\/wp\/v2\/media\/16471"}],"wp:attachment":[{"href":"https:\/\/lasentinelle.dz\/index.php\/wp-json\/wp\/v2\/media?parent=16467"}],"wp:term":[{"taxonomy":"category","embeddable":true,"href":"https:\/\/lasentinelle.dz\/index.php\/wp-json\/wp\/v2\/categories?post=16467"},{"taxonomy":"post_tag","embeddable":true,"href":"https:\/\/lasentinelle.dz\/index.php\/wp-json\/wp\/v2\/tags?post=16467"}],"curies":[{"name":"wp","href":"https:\/\/api.w.org\/{rel}","templated":true}]}}