{"id":16468,"date":"2022-02-03T00:01:00","date_gmt":"2022-02-02T23:01:00","guid":{"rendered":"https:\/\/lasentinelle.dz\/?p=16468"},"modified":"2022-02-02T19:32:43","modified_gmt":"2022-02-02T18:32:43","slug":"pr-kamel-djenouhat-president-de-la-societe-algerienne-dimmunologie-des-alternatives-a-la-fermeture-des-ecoles","status":"publish","type":"post","link":"https:\/\/lasentinelle.dz\/index.php\/2022\/02\/03\/pr-kamel-djenouhat-president-de-la-societe-algerienne-dimmunologie-des-alternatives-a-la-fermeture-des-ecoles\/","title":{"rendered":"Pr.\u00a0Kamel Djenouhat, pr\u00e9sident de la\u00a0Soci\u00e9t\u00e9\u00a0alg\u00e9rienne d\u2019immunologie\u00a0\u00a0\u00a0: Des alternatives \u00e0 la fermeture des \u00e9coles"},"content":{"rendered":"\n<p>A la place de la fermeture pure et simple des \u00e9tablissements scolaires \u00e0 cause de la hausse&nbsp;&nbsp;du nombre de cas atteints de coronavirus dans le milieu scolaire, le pr\u00e9sident de la&nbsp;Soci\u00e9t\u00e9&nbsp;alg\u00e9rienne d\u2019immunologie, le Pr. Kamel Djenouhat, a&nbsp;fait quelques&nbsp;propositions qui constituent une alternative \u00e0 la prolongation de la fermeture des \u00e9coles , dont celles relatives \u00e0 l\u2019octroi d\u2019une&nbsp;incapacit\u00e9 de cinq jours de maladie aux \u00e9l\u00e8ves atteints de covid mais qui sont asymptomatiques et sept jours pour ceux d\u00e9veloppant des sympt\u00f4mes.&nbsp;Il pr\u00e9voit toutefois \u00ab un retour \u00e0 une vie normale apr\u00e8s le mois de mars \u00bb et ce, dit-il \u00ab apr\u00e8s avoir atteint l\u2019immunit\u00e9 collective suite \u00e0 des contaminations au variant Omicron\u00bb. Il affirme que \u00ab les donn\u00e9es actuelles indiquent l\u2019approche de cette immunit\u00e9 collective \u00e0 travers tous les pays du monde dont l\u2019Alg\u00e9rie ainsi qu\u2019une fin des vagues pand\u00e9miques et par l\u00e0&nbsp;&nbsp;un retour \u00e0 une vie normale \u00bb.<\/p>\n\n\n\n<p>Le pr\u00e9sident de la&nbsp;Soci\u00e9t\u00e9&nbsp;alg\u00e9rienne d\u2019immunologie pr\u00e9vient n\u00e9anmoins du retour du coronavirus qui sera selon lui \u00ab saisonnier comme une grippe \u00bb. Il pr\u00e9cisera qu\u2019 \u00ab en Alg\u00e9rie, nous nous rapprochons de l\u2019immunit\u00e9 collective et \u00e0 un retour \u00e0 une vie normale dans quelques semaines \u00bb. Tenant \u00e0 rassurer, le Pr. Kamel Djenouhat soutient que \u00ab cette vague est moins dangereuse que les pr\u00e9c\u00e9dentes et nous n\u2019avons pas besoin d\u2019oxyg\u00e8ne mais aussi nous n\u2019allons pas connaitre une saturation de lits dans les h\u00f4pitaux \u00bb.&nbsp;Kamel Djenouhat pr\u00e9dit \u00e9galement \u00ab une victoire sur le virus en Alg\u00e9rie \u00bb indiquant que \u00ab cette immunit\u00e9 collective que nous n\u2019avons pas pu atteindre par la vaccination nous allons l\u2019atteindre par une contamination naturelle apr\u00e8s avoir enregistr\u00e9 plusieurs cas de contaminations au variant Omicron \u00bb ce qui m\u00e8ne selon lui vers \u00ab une immunit\u00e9 spontan\u00e9e \u00bb. Il estime \u00e0 ce propos que \u00ab le variant Omicron a presque atteint tout le monde en Alg\u00e9rie \u00bb et qu\u2019il n\u2019existe pratiquement, dit-il \u00ab aucune personne qui n\u2019est pas atteinte de ce variant ce qui augure d\u2019une immunit\u00e9 collective \u00bb.&nbsp;Concernant le prolongement de la fermeture des \u00e9tablissements scolaires apr\u00e8s les dix jours d\u00e9cid\u00e9s une premi\u00e8re fois par les autorit\u00e9s du pays, le Pr. Kamel Djenouhat consid\u00e8re qu\u2019 \u00ab une telle d\u00e9cision a \u00e9t\u00e9 prise pour briser la chaine des contaminations \u00bb sachant, dit-il \u00ab que les enfants \u00e9taient les plus atteints et constituent le principal facteur de propagation d\u2019Omicron \u00bb. Il pr\u00e9cisera que \u00ab 20% des personnes atteintes de rhume \u00e9taient en r\u00e9alit\u00e9 contamin\u00e9s par Omicron \u00bb. Le Pr. Djenouhat pr\u00e9voit l\u2019atteinte du pic dans deux semaines.&nbsp;Il estime que \u00ab le variant Delta va disparaitre d\u00e9finitivement au courant de ce mois de janvier \u00bb et ajoute que \u00ab l\u2019arriv\u00e9e du variant Omicron en Alg\u00e9rie a \u00e9t\u00e9 pr\u00e9coce \u00bb. Il explique que \u00ab l\u2019Alg\u00e9rie est entrain de vivre le m\u00eame sc\u00e9nario que celui de la 3e vague avec deux variant \u00e0 la fois, le Delta et Omicron \u00bb, assurant que \u00ab Omicron ne s\u2019adapte jamais avec les autres variant \u00bb.<\/p>\n\n\n\n<p>&nbsp;&nbsp;&nbsp;&nbsp;&nbsp;&nbsp;&nbsp;&nbsp;&nbsp;&nbsp;&nbsp;&nbsp;&nbsp;&nbsp;&nbsp;&nbsp;&nbsp;&nbsp;&nbsp;&nbsp;&nbsp;&nbsp;&nbsp;&nbsp;&nbsp;&nbsp;&nbsp;&nbsp;&nbsp;&nbsp;&nbsp;&nbsp;&nbsp;&nbsp;&nbsp;Boubekeur Amrani<\/p>\n","protected":false},"excerpt":{"rendered":"<p>A la place de la fermeture pure et simple des \u00e9tablissements scolaires \u00e0 cause de la hausse&nbsp;&nbsp;du nombre de cas<\/p>\n","protected":false},"author":3,"featured_media":1999,"comment_status":"open","ping_status":"closed","sticky":false,"template":"","format":"standard","meta":{"colormag_page_container_layout":"default_layout","colormag_page_sidebar_layout":"default_layout","om_disable_all_campaigns":false,"_monsterinsights_skip_tracking":false,"_monsterinsights_sitenote_active":false,"_monsterinsights_sitenote_note":"","_monsterinsights_sitenote_category":0,"footnotes":"","_wpscppro_dont_share_socialmedia":false,"_wpscppro_custom_social_share_image":0,"_facebook_share_type":"","_twitter_share_type":"","_linkedin_share_type":"","_pinterest_share_type":"","_linkedin_share_type_page":"","_instagram_share_type":"","_medium_share_type":"","_threads_share_type":"","_google_business_share_type":"","_selected_social_profile":[],"_wpsp_enable_custom_social_template":false,"_wpsp_social_scheduling":{"enabled":false,"datetime":null,"platforms":[],"status":"template_only","dateOption":"today","timeOption":"now","customDays":"","customHours":"","customDate":"","customTime":"","schedulingType":"absolute"},"_wpsp_active_default_template":true},"categories":[27],"tags":[],"class_list":["post-16468","post","type-post","status-publish","format-standard","has-post-thumbnail","hentry","category-actualite"],"aioseo_notices":[],"yoast_head":"<!-- This site is optimized with the Yoast SEO plugin v27.5 - https:\/\/yoast.com\/product\/yoast-seo-wordpress\/ -->\n<title>Pr.\u00a0Kamel Djenouhat, pr\u00e9sident de la\u00a0Soci\u00e9t\u00e9\u00a0alg\u00e9rienne d\u2019immunologie\u00a0\u00a0\u00a0: Des alternatives \u00e0 la fermeture des \u00e9coles - La Sentinelle<\/title>\n<meta name=\"robots\" content=\"index, follow, max-snippet:-1, max-image-preview:large, max-video-preview:-1\" \/>\n<link rel=\"canonical\" href=\"https:\/\/lasentinelle.dz\/index.php\/2022\/02\/03\/pr-kamel-djenouhat-president-de-la-societe-algerienne-dimmunologie-des-alternatives-a-la-fermeture-des-ecoles\/\" \/>\n<meta property=\"og:locale\" content=\"fr_FR\" \/>\n<meta property=\"og:type\" content=\"article\" \/>\n<meta property=\"og:title\" content=\"Pr.\u00a0Kamel Djenouhat, pr\u00e9sident de la\u00a0Soci\u00e9t\u00e9\u00a0alg\u00e9rienne d\u2019immunologie\u00a0\u00a0\u00a0: Des alternatives \u00e0 la fermeture des \u00e9coles - La Sentinelle\" \/>\n<meta property=\"og:description\" content=\"A la place de la fermeture pure et simple des \u00e9tablissements scolaires \u00e0 cause de la hausse&nbsp;&nbsp;du nombre de cas\" \/>\n<meta property=\"og:url\" content=\"https:\/\/lasentinelle.dz\/index.php\/2022\/02\/03\/pr-kamel-djenouhat-president-de-la-societe-algerienne-dimmunologie-des-alternatives-a-la-fermeture-des-ecoles\/\" \/>\n<meta property=\"og:site_name\" content=\"La Sentinelle\" \/>\n<meta property=\"article:publisher\" content=\"https:\/\/www.facebook.com\/La-Sentinelle-104059864394773\" \/>\n<meta property=\"article:published_time\" content=\"2022-02-02T23:01:00+00:00\" \/>\n<meta property=\"og:image\" content=\"https:\/\/lasentinelle.dz\/wp-content\/uploads\/2021\/07\/pr-kamel.png\" \/>\n\t<meta property=\"og:image:width\" content=\"1361\" \/>\n\t<meta property=\"og:image:height\" content=\"900\" \/>\n\t<meta property=\"og:image:type\" content=\"image\/png\" \/>\n<meta name=\"author\" content=\"La Sentinelle\" \/>\n<meta name=\"twitter:card\" content=\"summary_large_image\" \/>\n<meta name=\"twitter:label1\" content=\"\u00c9crit par\" \/>\n\t<meta name=\"twitter:data1\" content=\"La Sentinelle\" \/>\n\t<meta name=\"twitter:label2\" content=\"Dur\u00e9e de lecture estim\u00e9e\" \/>\n\t<meta name=\"twitter:data2\" content=\"3 minutes\" \/>\n<script type=\"application\/ld+json\" class=\"yoast-schema-graph\">{\"@context\":\"https:\\\/\\\/schema.org\",\"@graph\":[{\"@type\":\"Article\",\"@id\":\"https:\\\/\\\/lasentinelle.dz\\\/index.php\\\/2022\\\/02\\\/03\\\/pr-kamel-djenouhat-president-de-la-societe-algerienne-dimmunologie-des-alternatives-a-la-fermeture-des-ecoles\\\/#article\",\"isPartOf\":{\"@id\":\"https:\\\/\\\/lasentinelle.dz\\\/index.php\\\/2022\\\/02\\\/03\\\/pr-kamel-djenouhat-president-de-la-societe-algerienne-dimmunologie-des-alternatives-a-la-fermeture-des-ecoles\\\/\"},\"author\":{\"name\":\"La Sentinelle\",\"@id\":\"https:\\\/\\\/lasentinelle.dz\\\/#\\\/schema\\\/person\\\/d865044e22e70a75174ce8bcad3acfb3\"},\"headline\":\"Pr.\u00a0Kamel Djenouhat, pr\u00e9sident de la\u00a0Soci\u00e9t\u00e9\u00a0alg\u00e9rienne d\u2019immunologie\u00a0\u00a0\u00a0: Des alternatives \u00e0 la fermeture des \u00e9coles\",\"datePublished\":\"2022-02-02T23:01:00+00:00\",\"mainEntityOfPage\":{\"@id\":\"https:\\\/\\\/lasentinelle.dz\\\/index.php\\\/2022\\\/02\\\/03\\\/pr-kamel-djenouhat-president-de-la-societe-algerienne-dimmunologie-des-alternatives-a-la-fermeture-des-ecoles\\\/\"},\"wordCount\":591,\"commentCount\":0,\"publisher\":{\"@id\":\"https:\\\/\\\/lasentinelle.dz\\\/#organization\"},\"image\":{\"@id\":\"https:\\\/\\\/lasentinelle.dz\\\/index.php\\\/2022\\\/02\\\/03\\\/pr-kamel-djenouhat-president-de-la-societe-algerienne-dimmunologie-des-alternatives-a-la-fermeture-des-ecoles\\\/#primaryimage\"},\"thumbnailUrl\":\"https:\\\/\\\/lasentinelle.dz\\\/wp-content\\\/uploads\\\/2021\\\/07\\\/pr-kamel.png\",\"articleSection\":[\"Actualit\u00e9\"],\"inLanguage\":\"fr-FR\",\"potentialAction\":[{\"@type\":\"CommentAction\",\"name\":\"Comment\",\"target\":[\"https:\\\/\\\/lasentinelle.dz\\\/index.php\\\/2022\\\/02\\\/03\\\/pr-kamel-djenouhat-president-de-la-societe-algerienne-dimmunologie-des-alternatives-a-la-fermeture-des-ecoles\\\/#respond\"]}]},{\"@type\":\"WebPage\",\"@id\":\"https:\\\/\\\/lasentinelle.dz\\\/index.php\\\/2022\\\/02\\\/03\\\/pr-kamel-djenouhat-president-de-la-societe-algerienne-dimmunologie-des-alternatives-a-la-fermeture-des-ecoles\\\/\",\"url\":\"https:\\\/\\\/lasentinelle.dz\\\/index.php\\\/2022\\\/02\\\/03\\\/pr-kamel-djenouhat-president-de-la-societe-algerienne-dimmunologie-des-alternatives-a-la-fermeture-des-ecoles\\\/\",\"name\":\"Pr.\u00a0Kamel Djenouhat, pr\u00e9sident de la\u00a0Soci\u00e9t\u00e9\u00a0alg\u00e9rienne d\u2019immunologie\u00a0\u00a0\u00a0: Des alternatives \u00e0 la fermeture des \u00e9coles - La Sentinelle\",\"isPartOf\":{\"@id\":\"https:\\\/\\\/lasentinelle.dz\\\/#website\"},\"primaryImageOfPage\":{\"@id\":\"https:\\\/\\\/lasentinelle.dz\\\/index.php\\\/2022\\\/02\\\/03\\\/pr-kamel-djenouhat-president-de-la-societe-algerienne-dimmunologie-des-alternatives-a-la-fermeture-des-ecoles\\\/#primaryimage\"},\"image\":{\"@id\":\"https:\\\/\\\/lasentinelle.dz\\\/index.php\\\/2022\\\/02\\\/03\\\/pr-kamel-djenouhat-president-de-la-societe-algerienne-dimmunologie-des-alternatives-a-la-fermeture-des-ecoles\\\/#primaryimage\"},\"thumbnailUrl\":\"https:\\\/\\\/lasentinelle.dz\\\/wp-content\\\/uploads\\\/2021\\\/07\\\/pr-kamel.png\",\"datePublished\":\"2022-02-02T23:01:00+00:00\",\"breadcrumb\":{\"@id\":\"https:\\\/\\\/lasentinelle.dz\\\/index.php\\\/2022\\\/02\\\/03\\\/pr-kamel-djenouhat-president-de-la-societe-algerienne-dimmunologie-des-alternatives-a-la-fermeture-des-ecoles\\\/#breadcrumb\"},\"inLanguage\":\"fr-FR\",\"potentialAction\":[{\"@type\":\"ReadAction\",\"target\":[\"https:\\\/\\\/lasentinelle.dz\\\/index.php\\\/2022\\\/02\\\/03\\\/pr-kamel-djenouhat-president-de-la-societe-algerienne-dimmunologie-des-alternatives-a-la-fermeture-des-ecoles\\\/\"]}]},{\"@type\":\"ImageObject\",\"inLanguage\":\"fr-FR\",\"@id\":\"https:\\\/\\\/lasentinelle.dz\\\/index.php\\\/2022\\\/02\\\/03\\\/pr-kamel-djenouhat-president-de-la-societe-algerienne-dimmunologie-des-alternatives-a-la-fermeture-des-ecoles\\\/#primaryimage\",\"url\":\"https:\\\/\\\/lasentinelle.dz\\\/wp-content\\\/uploads\\\/2021\\\/07\\\/pr-kamel.png\",\"contentUrl\":\"https:\\\/\\\/lasentinelle.dz\\\/wp-content\\\/uploads\\\/2021\\\/07\\\/pr-kamel.png\",\"width\":1361,\"height\":900},{\"@type\":\"BreadcrumbList\",\"@id\":\"https:\\\/\\\/lasentinelle.dz\\\/index.php\\\/2022\\\/02\\\/03\\\/pr-kamel-djenouhat-president-de-la-societe-algerienne-dimmunologie-des-alternatives-a-la-fermeture-des-ecoles\\\/#breadcrumb\",\"itemListElement\":[{\"@type\":\"ListItem\",\"position\":1,\"name\":\"Accueil\",\"item\":\"https:\\\/\\\/lasentinelle.dz\\\/\"},{\"@type\":\"ListItem\",\"position\":2,\"name\":\"Pr.\u00a0Kamel Djenouhat, pr\u00e9sident de la\u00a0Soci\u00e9t\u00e9\u00a0alg\u00e9rienne d\u2019immunologie\u00a0\u00a0\u00a0: Des alternatives \u00e0 la fermeture des \u00e9coles\"}]},{\"@type\":\"WebSite\",\"@id\":\"https:\\\/\\\/lasentinelle.dz\\\/#website\",\"url\":\"https:\\\/\\\/lasentinelle.dz\\\/\",\"name\":\"La Sentinelle\",\"description\":\"Quotidien national d&#039;information\",\"publisher\":{\"@id\":\"https:\\\/\\\/lasentinelle.dz\\\/#organization\"},\"potentialAction\":[{\"@type\":\"SearchAction\",\"target\":{\"@type\":\"EntryPoint\",\"urlTemplate\":\"https:\\\/\\\/lasentinelle.dz\\\/?s={search_term_string}\"},\"query-input\":{\"@type\":\"PropertyValueSpecification\",\"valueRequired\":true,\"valueName\":\"search_term_string\"}}],\"inLanguage\":\"fr-FR\"},{\"@type\":\"Organization\",\"@id\":\"https:\\\/\\\/lasentinelle.dz\\\/#organization\",\"name\":\"Quotidien La Sentinelle\",\"url\":\"https:\\\/\\\/lasentinelle.dz\\\/\",\"logo\":{\"@type\":\"ImageObject\",\"inLanguage\":\"fr-FR\",\"@id\":\"https:\\\/\\\/lasentinelle.dz\\\/#\\\/schema\\\/logo\\\/image\\\/\",\"url\":\"https:\\\/\\\/lasentinelle.dz\\\/wp-content\\\/uploads\\\/2021\\\/09\\\/logo-sentinelleSLOGAN-1.png\",\"contentUrl\":\"https:\\\/\\\/lasentinelle.dz\\\/wp-content\\\/uploads\\\/2021\\\/09\\\/logo-sentinelleSLOGAN-1.png\",\"width\":615,\"height\":142,\"caption\":\"Quotidien La Sentinelle\"},\"image\":{\"@id\":\"https:\\\/\\\/lasentinelle.dz\\\/#\\\/schema\\\/logo\\\/image\\\/\"},\"sameAs\":[\"https:\\\/\\\/www.facebook.com\\\/La-Sentinelle-104059864394773\"]},{\"@type\":\"Person\",\"@id\":\"https:\\\/\\\/lasentinelle.dz\\\/#\\\/schema\\\/person\\\/d865044e22e70a75174ce8bcad3acfb3\",\"name\":\"La Sentinelle\",\"image\":{\"@type\":\"ImageObject\",\"inLanguage\":\"fr-FR\",\"@id\":\"https:\\\/\\\/secure.gravatar.com\\\/avatar\\\/57de8e5d4b15d43fb361a71fbb36338450fe67865b528a43dd10ef7c51a20392?s=96&d=mm&r=g\",\"url\":\"https:\\\/\\\/secure.gravatar.com\\\/avatar\\\/57de8e5d4b15d43fb361a71fbb36338450fe67865b528a43dd10ef7c51a20392?s=96&d=mm&r=g\",\"contentUrl\":\"https:\\\/\\\/secure.gravatar.com\\\/avatar\\\/57de8e5d4b15d43fb361a71fbb36338450fe67865b528a43dd10ef7c51a20392?s=96&d=mm&r=g\",\"caption\":\"La Sentinelle\"},\"sameAs\":[\"http:\\\/\\\/www.lasentinelle.dz\"],\"url\":\"https:\\\/\\\/lasentinelle.dz\\\/author\\\/redaction\\\/\"}]}<\/script>\n<!-- \/ Yoast SEO plugin. -->","yoast_head_json":{"title":"Pr.\u00a0Kamel Djenouhat, pr\u00e9sident de la\u00a0Soci\u00e9t\u00e9\u00a0alg\u00e9rienne d\u2019immunologie\u00a0\u00a0\u00a0: Des alternatives \u00e0 la fermeture des \u00e9coles - La Sentinelle","robots":{"index":"index","follow":"follow","max-snippet":"max-snippet:-1","max-image-preview":"max-image-preview:large","max-video-preview":"max-video-preview:-1"},"canonical":"https:\/\/lasentinelle.dz\/index.php\/2022\/02\/03\/pr-kamel-djenouhat-president-de-la-societe-algerienne-dimmunologie-des-alternatives-a-la-fermeture-des-ecoles\/","og_locale":"fr_FR","og_type":"article","og_title":"Pr.\u00a0Kamel Djenouhat, pr\u00e9sident de la\u00a0Soci\u00e9t\u00e9\u00a0alg\u00e9rienne d\u2019immunologie\u00a0\u00a0\u00a0: Des alternatives \u00e0 la fermeture des \u00e9coles - La Sentinelle","og_description":"A la place de la fermeture pure et simple des \u00e9tablissements scolaires \u00e0 cause de la hausse&nbsp;&nbsp;du nombre de cas","og_url":"https:\/\/lasentinelle.dz\/index.php\/2022\/02\/03\/pr-kamel-djenouhat-president-de-la-societe-algerienne-dimmunologie-des-alternatives-a-la-fermeture-des-ecoles\/","og_site_name":"La Sentinelle","article_publisher":"https:\/\/www.facebook.com\/La-Sentinelle-104059864394773","article_published_time":"2022-02-02T23:01:00+00:00","og_image":[{"width":1361,"height":900,"url":"https:\/\/lasentinelle.dz\/wp-content\/uploads\/2021\/07\/pr-kamel.png","type":"image\/png"}],"author":"La Sentinelle","twitter_card":"summary_large_image","twitter_misc":{"\u00c9crit par":"La Sentinelle","Dur\u00e9e de lecture estim\u00e9e":"3 minutes"},"schema":{"@context":"https:\/\/schema.org","@graph":[{"@type":"Article","@id":"https:\/\/lasentinelle.dz\/index.php\/2022\/02\/03\/pr-kamel-djenouhat-president-de-la-societe-algerienne-dimmunologie-des-alternatives-a-la-fermeture-des-ecoles\/#article","isPartOf":{"@id":"https:\/\/lasentinelle.dz\/index.php\/2022\/02\/03\/pr-kamel-djenouhat-president-de-la-societe-algerienne-dimmunologie-des-alternatives-a-la-fermeture-des-ecoles\/"},"author":{"name":"La Sentinelle","@id":"https:\/\/lasentinelle.dz\/#\/schema\/person\/d865044e22e70a75174ce8bcad3acfb3"},"headline":"Pr.\u00a0Kamel Djenouhat, pr\u00e9sident de la\u00a0Soci\u00e9t\u00e9\u00a0alg\u00e9rienne d\u2019immunologie\u00a0\u00a0\u00a0: Des alternatives \u00e0 la fermeture des \u00e9coles","datePublished":"2022-02-02T23:01:00+00:00","mainEntityOfPage":{"@id":"https:\/\/lasentinelle.dz\/index.php\/2022\/02\/03\/pr-kamel-djenouhat-president-de-la-societe-algerienne-dimmunologie-des-alternatives-a-la-fermeture-des-ecoles\/"},"wordCount":591,"commentCount":0,"publisher":{"@id":"https:\/\/lasentinelle.dz\/#organization"},"image":{"@id":"https:\/\/lasentinelle.dz\/index.php\/2022\/02\/03\/pr-kamel-djenouhat-president-de-la-societe-algerienne-dimmunologie-des-alternatives-a-la-fermeture-des-ecoles\/#primaryimage"},"thumbnailUrl":"https:\/\/lasentinelle.dz\/wp-content\/uploads\/2021\/07\/pr-kamel.png","articleSection":["Actualit\u00e9"],"inLanguage":"fr-FR","potentialAction":[{"@type":"CommentAction","name":"Comment","target":["https:\/\/lasentinelle.dz\/index.php\/2022\/02\/03\/pr-kamel-djenouhat-president-de-la-societe-algerienne-dimmunologie-des-alternatives-a-la-fermeture-des-ecoles\/#respond"]}]},{"@type":"WebPage","@id":"https:\/\/lasentinelle.dz\/index.php\/2022\/02\/03\/pr-kamel-djenouhat-president-de-la-societe-algerienne-dimmunologie-des-alternatives-a-la-fermeture-des-ecoles\/","url":"https:\/\/lasentinelle.dz\/index.php\/2022\/02\/03\/pr-kamel-djenouhat-president-de-la-societe-algerienne-dimmunologie-des-alternatives-a-la-fermeture-des-ecoles\/","name":"Pr.\u00a0Kamel Djenouhat, pr\u00e9sident de la\u00a0Soci\u00e9t\u00e9\u00a0alg\u00e9rienne d\u2019immunologie\u00a0\u00a0\u00a0: Des alternatives \u00e0 la fermeture des \u00e9coles - La Sentinelle","isPartOf":{"@id":"https:\/\/lasentinelle.dz\/#website"},"primaryImageOfPage":{"@id":"https:\/\/lasentinelle.dz\/index.php\/2022\/02\/03\/pr-kamel-djenouhat-president-de-la-societe-algerienne-dimmunologie-des-alternatives-a-la-fermeture-des-ecoles\/#primaryimage"},"image":{"@id":"https:\/\/lasentinelle.dz\/index.php\/2022\/02\/03\/pr-kamel-djenouhat-president-de-la-societe-algerienne-dimmunologie-des-alternatives-a-la-fermeture-des-ecoles\/#primaryimage"},"thumbnailUrl":"https:\/\/lasentinelle.dz\/wp-content\/uploads\/2021\/07\/pr-kamel.png","datePublished":"2022-02-02T23:01:00+00:00","breadcrumb":{"@id":"https:\/\/lasentinelle.dz\/index.php\/2022\/02\/03\/pr-kamel-djenouhat-president-de-la-societe-algerienne-dimmunologie-des-alternatives-a-la-fermeture-des-ecoles\/#breadcrumb"},"inLanguage":"fr-FR","potentialAction":[{"@type":"ReadAction","target":["https:\/\/lasentinelle.dz\/index.php\/2022\/02\/03\/pr-kamel-djenouhat-president-de-la-societe-algerienne-dimmunologie-des-alternatives-a-la-fermeture-des-ecoles\/"]}]},{"@type":"ImageObject","inLanguage":"fr-FR","@id":"https:\/\/lasentinelle.dz\/index.php\/2022\/02\/03\/pr-kamel-djenouhat-president-de-la-societe-algerienne-dimmunologie-des-alternatives-a-la-fermeture-des-ecoles\/#primaryimage","url":"https:\/\/lasentinelle.dz\/wp-content\/uploads\/2021\/07\/pr-kamel.png","contentUrl":"https:\/\/lasentinelle.dz\/wp-content\/uploads\/2021\/07\/pr-kamel.png","width":1361,"height":900},{"@type":"BreadcrumbList","@id":"https:\/\/lasentinelle.dz\/index.php\/2022\/02\/03\/pr-kamel-djenouhat-president-de-la-societe-algerienne-dimmunologie-des-alternatives-a-la-fermeture-des-ecoles\/#breadcrumb","itemListElement":[{"@type":"ListItem","position":1,"name":"Accueil","item":"https:\/\/lasentinelle.dz\/"},{"@type":"ListItem","position":2,"name":"Pr.\u00a0Kamel Djenouhat, pr\u00e9sident de la\u00a0Soci\u00e9t\u00e9\u00a0alg\u00e9rienne d\u2019immunologie\u00a0\u00a0\u00a0: Des alternatives \u00e0 la fermeture des \u00e9coles"}]},{"@type":"WebSite","@id":"https:\/\/lasentinelle.dz\/#website","url":"https:\/\/lasentinelle.dz\/","name":"La Sentinelle","description":"Quotidien national d&#039;information","publisher":{"@id":"https:\/\/lasentinelle.dz\/#organization"},"potentialAction":[{"@type":"SearchAction","target":{"@type":"EntryPoint","urlTemplate":"https:\/\/lasentinelle.dz\/?s={search_term_string}"},"query-input":{"@type":"PropertyValueSpecification","valueRequired":true,"valueName":"search_term_string"}}],"inLanguage":"fr-FR"},{"@type":"Organization","@id":"https:\/\/lasentinelle.dz\/#organization","name":"Quotidien La Sentinelle","url":"https:\/\/lasentinelle.dz\/","logo":{"@type":"ImageObject","inLanguage":"fr-FR","@id":"https:\/\/lasentinelle.dz\/#\/schema\/logo\/image\/","url":"https:\/\/lasentinelle.dz\/wp-content\/uploads\/2021\/09\/logo-sentinelleSLOGAN-1.png","contentUrl":"https:\/\/lasentinelle.dz\/wp-content\/uploads\/2021\/09\/logo-sentinelleSLOGAN-1.png","width":615,"height":142,"caption":"Quotidien La Sentinelle"},"image":{"@id":"https:\/\/lasentinelle.dz\/#\/schema\/logo\/image\/"},"sameAs":["https:\/\/www.facebook.com\/La-Sentinelle-104059864394773"]},{"@type":"Person","@id":"https:\/\/lasentinelle.dz\/#\/schema\/person\/d865044e22e70a75174ce8bcad3acfb3","name":"La Sentinelle","image":{"@type":"ImageObject","inLanguage":"fr-FR","@id":"https:\/\/secure.gravatar.com\/avatar\/57de8e5d4b15d43fb361a71fbb36338450fe67865b528a43dd10ef7c51a20392?s=96&d=mm&r=g","url":"https:\/\/secure.gravatar.com\/avatar\/57de8e5d4b15d43fb361a71fbb36338450fe67865b528a43dd10ef7c51a20392?s=96&d=mm&r=g","contentUrl":"https:\/\/secure.gravatar.com\/avatar\/57de8e5d4b15d43fb361a71fbb36338450fe67865b528a43dd10ef7c51a20392?s=96&d=mm&r=g","caption":"La Sentinelle"},"sameAs":["http:\/\/www.lasentinelle.dz"],"url":"https:\/\/lasentinelle.dz\/author\/redaction\/"}]}},"_links":{"self":[{"href":"https:\/\/lasentinelle.dz\/index.php\/wp-json\/wp\/v2\/posts\/16468","targetHints":{"allow":["GET"]}}],"collection":[{"href":"https:\/\/lasentinelle.dz\/index.php\/wp-json\/wp\/v2\/posts"}],"about":[{"href":"https:\/\/lasentinelle.dz\/index.php\/wp-json\/wp\/v2\/types\/post"}],"author":[{"embeddable":true,"href":"https:\/\/lasentinelle.dz\/index.php\/wp-json\/wp\/v2\/users\/3"}],"replies":[{"embeddable":true,"href":"https:\/\/lasentinelle.dz\/index.php\/wp-json\/wp\/v2\/comments?post=16468"}],"version-history":[{"count":1,"href":"https:\/\/lasentinelle.dz\/index.php\/wp-json\/wp\/v2\/posts\/16468\/revisions"}],"predecessor-version":[{"id":16472,"href":"https:\/\/lasentinelle.dz\/index.php\/wp-json\/wp\/v2\/posts\/16468\/revisions\/16472"}],"wp:featuredmedia":[{"embeddable":true,"href":"https:\/\/lasentinelle.dz\/index.php\/wp-json\/wp\/v2\/media\/1999"}],"wp:attachment":[{"href":"https:\/\/lasentinelle.dz\/index.php\/wp-json\/wp\/v2\/media?parent=16468"}],"wp:term":[{"taxonomy":"category","embeddable":true,"href":"https:\/\/lasentinelle.dz\/index.php\/wp-json\/wp\/v2\/categories?post=16468"},{"taxonomy":"post_tag","embeddable":true,"href":"https:\/\/lasentinelle.dz\/index.php\/wp-json\/wp\/v2\/tags?post=16468"}],"curies":[{"name":"wp","href":"https:\/\/api.w.org\/{rel}","templated":true}]}}