{"id":16612,"date":"2022-02-07T00:01:00","date_gmt":"2022-02-06T23:01:00","guid":{"rendered":"https:\/\/lasentinelle.dz\/?p=16612"},"modified":"2022-02-06T19:57:51","modified_gmt":"2022-02-06T18:57:51","slug":"acte-de-vandalisme-ayant-touche-la-stele-a-la-memoire-de-lemir-abdelkader-lambassade-dalgerie-en-france-condamne","status":"publish","type":"post","link":"https:\/\/lasentinelle.dz\/index.php\/2022\/02\/07\/acte-de-vandalisme-ayant-touche-la-stele-a-la-memoire-de-lemir-abdelkader-lambassade-dalgerie-en-france-condamne\/","title":{"rendered":"Acte de vandalisme ayant touch\u00e9 la st\u00e8le\u00a0\u00e0 la m\u00e9moire de l&rsquo;Emir Abdelkader\u00a0:\u00a0L&rsquo;ambassade d&rsquo;Alg\u00e9rie en France condamne\u00a0"},"content":{"rendered":"\n<p>L&rsquo;acte qui a vis\u00e9 une statue \u00e9rig\u00e9e dans la ville d&rsquo;Amboise (France) en l&rsquo;honneur de l&rsquo;Emir Abdelkader, quelques heures avant son inauguration officielle, a \u00e9t\u00e9 vivement condamn\u00e9 par l&rsquo;ambassadeur d&rsquo;Alg\u00e9rie en France, Mohamed Antar Daoud, qui l&rsquo;a qualifi\u00e9 d&rsquo;une \u00ab\u00a0bassesse inqualifiable\u00a0\u00bb. Selon un&nbsp;&nbsp;communiqu\u00e9 de l&rsquo;ambassade d&rsquo;Alg\u00e9rie \u00e0 Paris, \u00ab\u00a0l&rsquo;ambassadeur d&rsquo;Alg\u00e9rie qui a d\u00e9nonc\u00e9 un acte de vandalisme d&rsquo;une bassesse inqualifiable et assure de la poursuite de la dynamique alg\u00e9ro-fran\u00e7aise, soutenue par une volont\u00e9 politique de part et d&rsquo;autre d&rsquo;aller de l&rsquo;avant\u00a0\u00bb a \u00e9galement pris part,&nbsp;&nbsp;\u00e0 l&rsquo;invitation de Thierry Boutard, Maire (LR) de la ville d&rsquo;Amboise, samedi, \u00e0 la c\u00e9r\u00e9monie d&rsquo;inauguration de la sculpture \u00ab\u00a0Passage Abdelkader\u00a0\u00bb en hommage au h\u00e9ros alg\u00e9rien l&rsquo;Emir Abdelkader, qui intervient cette ann\u00e9e au moment o\u00f9 le peuple alg\u00e9rien c\u00e9l\u00e8bre le 60eme anniversaire de l&rsquo;ind\u00e9pendance nationale, ch\u00e8rement reconquise.<\/p>\n\n\n\n<p>\u00ab\u00a0Malheureusement, cette \u0153uvre de port\u00e9e m\u00e9morielle r\u00e9alis\u00e9e par le sculpteur Michel Audiard, a \u00e9t\u00e9 vandalis\u00e9e dans la nuit du 4 au 5 f\u00e9vrier, avant m\u00eame son d\u00e9voilement, suscitant une vive indignation des participants et au-del\u00e0\u00a0\u00bb, a fait remarqu\u00e9 dans son communiqu\u00e9 l&rsquo;ambassade d&rsquo;Alg\u00e9rie en France qui a fait savoir que \u00ab\u00a0l&rsquo;Alg\u00e9rie prend acte des condamnations unanimes \u00e9manant des autorit\u00e9s fran\u00e7aises et de la population amboisienne t\u00e9moignant du profond respect d\u00fb \u00e0 la personnalit\u00e9 de l&rsquo;Emir Abdelkader, lequel a vou\u00e9 toute sa vie \u00e0 diffuser les valeurs de paix et de tol\u00e9rance\u00a0\u00bb. Le m\u00eame communiqu\u00e9 ajoute que celle-ci consid\u00e8re que \u00ab\u00a0ces condamnations s&rsquo;inscrivent ind\u00e9niablement dans cette dynamique ascendante d&rsquo;apaisement insuffl\u00e9e par les hautes autorit\u00e9s des deux pays\u00a0\u00bb.<\/p>\n\n\n\n<p>A rappeler que l&rsquo;acte de vandalisme qui a cibl\u00e9 la st\u00e8le a touch\u00e9 essentiellement sa partie basse, selon les m\u00e9dias fran\u00e7ais qui ont relay\u00e9 l&rsquo;information qui co\u00efncidait avec la date fix\u00e9e pour son inauguration. Cette partie qui a gravement \u00e9t\u00e9 ab\u00eem\u00e9e, pr\u00e9cise-t-on, devrait subir des travaux de restauration profonds. Sa partie basse notamment a \u00e9t\u00e9 ab\u00eem\u00e9e. \u00abElle a \u00e9t\u00e9 coup\u00e9e \u00e0 la meuleuse et tortill\u00e9e\u00bb,&nbsp;a&nbsp;affirm\u00e9&nbsp;le maire de la ville, Thierry Boutard, au quotidien Lib\u00e9ration. Pour rappel, cette statue a \u00e9t\u00e9 \u00e9rig\u00e9e dans la ville d\u2019Indre-et-Loire o\u00f9 l\u2019Emir Abdelkader fut d\u00e9tenu avec sa famille. Les m\u00e9dias fran\u00e7ais qui ont donn\u00e9 l&rsquo;information ajoutent par ailleurs qu&rsquo;une une enqu\u00eate pour \u00abd\u00e9gradation grave\u00bb a \u00e9t\u00e9 ouverte.<\/p>\n\n\n\n<p><strong>Akli Amor<\/strong><\/p>\n","protected":false},"excerpt":{"rendered":"<p>L&rsquo;acte qui a vis\u00e9 une statue \u00e9rig\u00e9e dans la ville d&rsquo;Amboise (France) en l&rsquo;honneur de l&rsquo;Emir Abdelkader, quelques heures avant<\/p>\n","protected":false},"author":3,"featured_media":16621,"comment_status":"open","ping_status":"closed","sticky":false,"template":"","format":"standard","meta":{"colormag_page_container_layout":"default_layout","colormag_page_sidebar_layout":"default_layout","om_disable_all_campaigns":false,"_monsterinsights_skip_tracking":false,"_monsterinsights_sitenote_active":false,"_monsterinsights_sitenote_note":"","_monsterinsights_sitenote_category":0,"footnotes":"","_wpscppro_dont_share_socialmedia":false,"_wpscppro_custom_social_share_image":0,"_facebook_share_type":"","_twitter_share_type":"","_linkedin_share_type":"","_pinterest_share_type":"","_linkedin_share_type_page":"","_instagram_share_type":"","_medium_share_type":"","_threads_share_type":"","_google_business_share_type":"","_selected_social_profile":[],"_wpsp_enable_custom_social_template":false,"_wpsp_social_scheduling":{"enabled":false,"datetime":null,"platforms":[],"status":"template_only","dateOption":"today","timeOption":"now","customDays":"","customHours":"","customDate":"","customTime":"","schedulingType":"absolute"},"_wpsp_active_default_template":true},"categories":[27],"tags":[],"class_list":["post-16612","post","type-post","status-publish","format-standard","has-post-thumbnail","hentry","category-actualite"],"aioseo_notices":[],"yoast_head":"<!-- This site is optimized with the Yoast SEO plugin v27.5 - https:\/\/yoast.com\/product\/yoast-seo-wordpress\/ -->\n<title>Acte de vandalisme ayant touch\u00e9 la st\u00e8le\u00a0\u00e0 la m\u00e9moire de l&#039;Emir Abdelkader\u00a0:\u00a0L&#039;ambassade d&#039;Alg\u00e9rie en France condamne\u00a0 - La Sentinelle<\/title>\n<meta name=\"robots\" content=\"index, follow, max-snippet:-1, max-image-preview:large, max-video-preview:-1\" \/>\n<link rel=\"canonical\" href=\"https:\/\/lasentinelle.dz\/index.php\/2022\/02\/07\/acte-de-vandalisme-ayant-touche-la-stele-a-la-memoire-de-lemir-abdelkader-lambassade-dalgerie-en-france-condamne\/\" \/>\n<meta property=\"og:locale\" content=\"fr_FR\" \/>\n<meta property=\"og:type\" content=\"article\" \/>\n<meta property=\"og:title\" content=\"Acte de vandalisme ayant touch\u00e9 la st\u00e8le\u00a0\u00e0 la m\u00e9moire de l&#039;Emir Abdelkader\u00a0:\u00a0L&#039;ambassade d&#039;Alg\u00e9rie en France condamne\u00a0 - La Sentinelle\" \/>\n<meta property=\"og:description\" content=\"L&rsquo;acte qui a vis\u00e9 une statue \u00e9rig\u00e9e dans la ville d&rsquo;Amboise (France) en l&rsquo;honneur de l&rsquo;Emir Abdelkader, quelques heures avant\" \/>\n<meta property=\"og:url\" content=\"https:\/\/lasentinelle.dz\/index.php\/2022\/02\/07\/acte-de-vandalisme-ayant-touche-la-stele-a-la-memoire-de-lemir-abdelkader-lambassade-dalgerie-en-france-condamne\/\" \/>\n<meta property=\"og:site_name\" content=\"La Sentinelle\" \/>\n<meta property=\"article:publisher\" content=\"https:\/\/www.facebook.com\/La-Sentinelle-104059864394773\" \/>\n<meta property=\"article:published_time\" content=\"2022-02-06T23:01:00+00:00\" \/>\n<meta property=\"og:image\" content=\"https:\/\/lasentinelle.dz\/wp-content\/uploads\/2022\/02\/66119cd8.png\" \/>\n\t<meta property=\"og:image:width\" content=\"1611\" \/>\n\t<meta property=\"og:image:height\" content=\"900\" \/>\n\t<meta property=\"og:image:type\" content=\"image\/png\" \/>\n<meta name=\"author\" content=\"La Sentinelle\" \/>\n<meta name=\"twitter:card\" content=\"summary_large_image\" \/>\n<meta name=\"twitter:label1\" content=\"\u00c9crit par\" \/>\n\t<meta name=\"twitter:data1\" content=\"La Sentinelle\" \/>\n\t<meta name=\"twitter:label2\" content=\"Dur\u00e9e de lecture estim\u00e9e\" \/>\n\t<meta name=\"twitter:data2\" content=\"2 minutes\" \/>\n<script type=\"application\/ld+json\" class=\"yoast-schema-graph\">{\"@context\":\"https:\\\/\\\/schema.org\",\"@graph\":[{\"@type\":\"Article\",\"@id\":\"https:\\\/\\\/lasentinelle.dz\\\/index.php\\\/2022\\\/02\\\/07\\\/acte-de-vandalisme-ayant-touche-la-stele-a-la-memoire-de-lemir-abdelkader-lambassade-dalgerie-en-france-condamne\\\/#article\",\"isPartOf\":{\"@id\":\"https:\\\/\\\/lasentinelle.dz\\\/index.php\\\/2022\\\/02\\\/07\\\/acte-de-vandalisme-ayant-touche-la-stele-a-la-memoire-de-lemir-abdelkader-lambassade-dalgerie-en-france-condamne\\\/\"},\"author\":{\"name\":\"La Sentinelle\",\"@id\":\"https:\\\/\\\/lasentinelle.dz\\\/#\\\/schema\\\/person\\\/d865044e22e70a75174ce8bcad3acfb3\"},\"headline\":\"Acte de vandalisme ayant touch\u00e9 la st\u00e8le\u00a0\u00e0 la m\u00e9moire de l&rsquo;Emir Abdelkader\u00a0:\u00a0L&rsquo;ambassade d&rsquo;Alg\u00e9rie en France condamne\u00a0\",\"datePublished\":\"2022-02-06T23:01:00+00:00\",\"mainEntityOfPage\":{\"@id\":\"https:\\\/\\\/lasentinelle.dz\\\/index.php\\\/2022\\\/02\\\/07\\\/acte-de-vandalisme-ayant-touche-la-stele-a-la-memoire-de-lemir-abdelkader-lambassade-dalgerie-en-france-condamne\\\/\"},\"wordCount\":476,\"commentCount\":0,\"publisher\":{\"@id\":\"https:\\\/\\\/lasentinelle.dz\\\/#organization\"},\"image\":{\"@id\":\"https:\\\/\\\/lasentinelle.dz\\\/index.php\\\/2022\\\/02\\\/07\\\/acte-de-vandalisme-ayant-touche-la-stele-a-la-memoire-de-lemir-abdelkader-lambassade-dalgerie-en-france-condamne\\\/#primaryimage\"},\"thumbnailUrl\":\"https:\\\/\\\/lasentinelle.dz\\\/wp-content\\\/uploads\\\/2022\\\/02\\\/66119cd8.png\",\"articleSection\":[\"Actualit\u00e9\"],\"inLanguage\":\"fr-FR\",\"potentialAction\":[{\"@type\":\"CommentAction\",\"name\":\"Comment\",\"target\":[\"https:\\\/\\\/lasentinelle.dz\\\/index.php\\\/2022\\\/02\\\/07\\\/acte-de-vandalisme-ayant-touche-la-stele-a-la-memoire-de-lemir-abdelkader-lambassade-dalgerie-en-france-condamne\\\/#respond\"]}]},{\"@type\":\"WebPage\",\"@id\":\"https:\\\/\\\/lasentinelle.dz\\\/index.php\\\/2022\\\/02\\\/07\\\/acte-de-vandalisme-ayant-touche-la-stele-a-la-memoire-de-lemir-abdelkader-lambassade-dalgerie-en-france-condamne\\\/\",\"url\":\"https:\\\/\\\/lasentinelle.dz\\\/index.php\\\/2022\\\/02\\\/07\\\/acte-de-vandalisme-ayant-touche-la-stele-a-la-memoire-de-lemir-abdelkader-lambassade-dalgerie-en-france-condamne\\\/\",\"name\":\"Acte de vandalisme ayant touch\u00e9 la st\u00e8le\u00a0\u00e0 la m\u00e9moire de l'Emir Abdelkader\u00a0:\u00a0L'ambassade d'Alg\u00e9rie en France condamne\u00a0 - La Sentinelle\",\"isPartOf\":{\"@id\":\"https:\\\/\\\/lasentinelle.dz\\\/#website\"},\"primaryImageOfPage\":{\"@id\":\"https:\\\/\\\/lasentinelle.dz\\\/index.php\\\/2022\\\/02\\\/07\\\/acte-de-vandalisme-ayant-touche-la-stele-a-la-memoire-de-lemir-abdelkader-lambassade-dalgerie-en-france-condamne\\\/#primaryimage\"},\"image\":{\"@id\":\"https:\\\/\\\/lasentinelle.dz\\\/index.php\\\/2022\\\/02\\\/07\\\/acte-de-vandalisme-ayant-touche-la-stele-a-la-memoire-de-lemir-abdelkader-lambassade-dalgerie-en-france-condamne\\\/#primaryimage\"},\"thumbnailUrl\":\"https:\\\/\\\/lasentinelle.dz\\\/wp-content\\\/uploads\\\/2022\\\/02\\\/66119cd8.png\",\"datePublished\":\"2022-02-06T23:01:00+00:00\",\"breadcrumb\":{\"@id\":\"https:\\\/\\\/lasentinelle.dz\\\/index.php\\\/2022\\\/02\\\/07\\\/acte-de-vandalisme-ayant-touche-la-stele-a-la-memoire-de-lemir-abdelkader-lambassade-dalgerie-en-france-condamne\\\/#breadcrumb\"},\"inLanguage\":\"fr-FR\",\"potentialAction\":[{\"@type\":\"ReadAction\",\"target\":[\"https:\\\/\\\/lasentinelle.dz\\\/index.php\\\/2022\\\/02\\\/07\\\/acte-de-vandalisme-ayant-touche-la-stele-a-la-memoire-de-lemir-abdelkader-lambassade-dalgerie-en-france-condamne\\\/\"]}]},{\"@type\":\"ImageObject\",\"inLanguage\":\"fr-FR\",\"@id\":\"https:\\\/\\\/lasentinelle.dz\\\/index.php\\\/2022\\\/02\\\/07\\\/acte-de-vandalisme-ayant-touche-la-stele-a-la-memoire-de-lemir-abdelkader-lambassade-dalgerie-en-france-condamne\\\/#primaryimage\",\"url\":\"https:\\\/\\\/lasentinelle.dz\\\/wp-content\\\/uploads\\\/2022\\\/02\\\/66119cd8.png\",\"contentUrl\":\"https:\\\/\\\/lasentinelle.dz\\\/wp-content\\\/uploads\\\/2022\\\/02\\\/66119cd8.png\",\"width\":1611,\"height\":900},{\"@type\":\"BreadcrumbList\",\"@id\":\"https:\\\/\\\/lasentinelle.dz\\\/index.php\\\/2022\\\/02\\\/07\\\/acte-de-vandalisme-ayant-touche-la-stele-a-la-memoire-de-lemir-abdelkader-lambassade-dalgerie-en-france-condamne\\\/#breadcrumb\",\"itemListElement\":[{\"@type\":\"ListItem\",\"position\":1,\"name\":\"Accueil\",\"item\":\"https:\\\/\\\/lasentinelle.dz\\\/\"},{\"@type\":\"ListItem\",\"position\":2,\"name\":\"Acte de vandalisme ayant touch\u00e9 la st\u00e8le\u00a0\u00e0 la m\u00e9moire de l&rsquo;Emir Abdelkader\u00a0:\u00a0L&rsquo;ambassade d&rsquo;Alg\u00e9rie en France condamne\u00a0\"}]},{\"@type\":\"WebSite\",\"@id\":\"https:\\\/\\\/lasentinelle.dz\\\/#website\",\"url\":\"https:\\\/\\\/lasentinelle.dz\\\/\",\"name\":\"La Sentinelle\",\"description\":\"Quotidien national d&#039;information\",\"publisher\":{\"@id\":\"https:\\\/\\\/lasentinelle.dz\\\/#organization\"},\"potentialAction\":[{\"@type\":\"SearchAction\",\"target\":{\"@type\":\"EntryPoint\",\"urlTemplate\":\"https:\\\/\\\/lasentinelle.dz\\\/?s={search_term_string}\"},\"query-input\":{\"@type\":\"PropertyValueSpecification\",\"valueRequired\":true,\"valueName\":\"search_term_string\"}}],\"inLanguage\":\"fr-FR\"},{\"@type\":\"Organization\",\"@id\":\"https:\\\/\\\/lasentinelle.dz\\\/#organization\",\"name\":\"Quotidien La Sentinelle\",\"url\":\"https:\\\/\\\/lasentinelle.dz\\\/\",\"logo\":{\"@type\":\"ImageObject\",\"inLanguage\":\"fr-FR\",\"@id\":\"https:\\\/\\\/lasentinelle.dz\\\/#\\\/schema\\\/logo\\\/image\\\/\",\"url\":\"https:\\\/\\\/lasentinelle.dz\\\/wp-content\\\/uploads\\\/2021\\\/09\\\/logo-sentinelleSLOGAN-1.png\",\"contentUrl\":\"https:\\\/\\\/lasentinelle.dz\\\/wp-content\\\/uploads\\\/2021\\\/09\\\/logo-sentinelleSLOGAN-1.png\",\"width\":615,\"height\":142,\"caption\":\"Quotidien La Sentinelle\"},\"image\":{\"@id\":\"https:\\\/\\\/lasentinelle.dz\\\/#\\\/schema\\\/logo\\\/image\\\/\"},\"sameAs\":[\"https:\\\/\\\/www.facebook.com\\\/La-Sentinelle-104059864394773\"]},{\"@type\":\"Person\",\"@id\":\"https:\\\/\\\/lasentinelle.dz\\\/#\\\/schema\\\/person\\\/d865044e22e70a75174ce8bcad3acfb3\",\"name\":\"La Sentinelle\",\"image\":{\"@type\":\"ImageObject\",\"inLanguage\":\"fr-FR\",\"@id\":\"https:\\\/\\\/secure.gravatar.com\\\/avatar\\\/57de8e5d4b15d43fb361a71fbb36338450fe67865b528a43dd10ef7c51a20392?s=96&d=mm&r=g\",\"url\":\"https:\\\/\\\/secure.gravatar.com\\\/avatar\\\/57de8e5d4b15d43fb361a71fbb36338450fe67865b528a43dd10ef7c51a20392?s=96&d=mm&r=g\",\"contentUrl\":\"https:\\\/\\\/secure.gravatar.com\\\/avatar\\\/57de8e5d4b15d43fb361a71fbb36338450fe67865b528a43dd10ef7c51a20392?s=96&d=mm&r=g\",\"caption\":\"La Sentinelle\"},\"sameAs\":[\"http:\\\/\\\/www.lasentinelle.dz\"],\"url\":\"https:\\\/\\\/lasentinelle.dz\\\/author\\\/redaction\\\/\"}]}<\/script>\n<!-- \/ Yoast SEO plugin. -->","yoast_head_json":{"title":"Acte de vandalisme ayant touch\u00e9 la st\u00e8le\u00a0\u00e0 la m\u00e9moire de l'Emir Abdelkader\u00a0:\u00a0L'ambassade d'Alg\u00e9rie en France condamne\u00a0 - La Sentinelle","robots":{"index":"index","follow":"follow","max-snippet":"max-snippet:-1","max-image-preview":"max-image-preview:large","max-video-preview":"max-video-preview:-1"},"canonical":"https:\/\/lasentinelle.dz\/index.php\/2022\/02\/07\/acte-de-vandalisme-ayant-touche-la-stele-a-la-memoire-de-lemir-abdelkader-lambassade-dalgerie-en-france-condamne\/","og_locale":"fr_FR","og_type":"article","og_title":"Acte de vandalisme ayant touch\u00e9 la st\u00e8le\u00a0\u00e0 la m\u00e9moire de l'Emir Abdelkader\u00a0:\u00a0L'ambassade d'Alg\u00e9rie en France condamne\u00a0 - La Sentinelle","og_description":"L&rsquo;acte qui a vis\u00e9 une statue \u00e9rig\u00e9e dans la ville d&rsquo;Amboise (France) en l&rsquo;honneur de l&rsquo;Emir Abdelkader, quelques heures avant","og_url":"https:\/\/lasentinelle.dz\/index.php\/2022\/02\/07\/acte-de-vandalisme-ayant-touche-la-stele-a-la-memoire-de-lemir-abdelkader-lambassade-dalgerie-en-france-condamne\/","og_site_name":"La Sentinelle","article_publisher":"https:\/\/www.facebook.com\/La-Sentinelle-104059864394773","article_published_time":"2022-02-06T23:01:00+00:00","og_image":[{"width":1611,"height":900,"url":"https:\/\/lasentinelle.dz\/wp-content\/uploads\/2022\/02\/66119cd8.png","type":"image\/png"}],"author":"La Sentinelle","twitter_card":"summary_large_image","twitter_misc":{"\u00c9crit par":"La Sentinelle","Dur\u00e9e de lecture estim\u00e9e":"2 minutes"},"schema":{"@context":"https:\/\/schema.org","@graph":[{"@type":"Article","@id":"https:\/\/lasentinelle.dz\/index.php\/2022\/02\/07\/acte-de-vandalisme-ayant-touche-la-stele-a-la-memoire-de-lemir-abdelkader-lambassade-dalgerie-en-france-condamne\/#article","isPartOf":{"@id":"https:\/\/lasentinelle.dz\/index.php\/2022\/02\/07\/acte-de-vandalisme-ayant-touche-la-stele-a-la-memoire-de-lemir-abdelkader-lambassade-dalgerie-en-france-condamne\/"},"author":{"name":"La Sentinelle","@id":"https:\/\/lasentinelle.dz\/#\/schema\/person\/d865044e22e70a75174ce8bcad3acfb3"},"headline":"Acte de vandalisme ayant touch\u00e9 la st\u00e8le\u00a0\u00e0 la m\u00e9moire de l&rsquo;Emir Abdelkader\u00a0:\u00a0L&rsquo;ambassade d&rsquo;Alg\u00e9rie en France condamne\u00a0","datePublished":"2022-02-06T23:01:00+00:00","mainEntityOfPage":{"@id":"https:\/\/lasentinelle.dz\/index.php\/2022\/02\/07\/acte-de-vandalisme-ayant-touche-la-stele-a-la-memoire-de-lemir-abdelkader-lambassade-dalgerie-en-france-condamne\/"},"wordCount":476,"commentCount":0,"publisher":{"@id":"https:\/\/lasentinelle.dz\/#organization"},"image":{"@id":"https:\/\/lasentinelle.dz\/index.php\/2022\/02\/07\/acte-de-vandalisme-ayant-touche-la-stele-a-la-memoire-de-lemir-abdelkader-lambassade-dalgerie-en-france-condamne\/#primaryimage"},"thumbnailUrl":"https:\/\/lasentinelle.dz\/wp-content\/uploads\/2022\/02\/66119cd8.png","articleSection":["Actualit\u00e9"],"inLanguage":"fr-FR","potentialAction":[{"@type":"CommentAction","name":"Comment","target":["https:\/\/lasentinelle.dz\/index.php\/2022\/02\/07\/acte-de-vandalisme-ayant-touche-la-stele-a-la-memoire-de-lemir-abdelkader-lambassade-dalgerie-en-france-condamne\/#respond"]}]},{"@type":"WebPage","@id":"https:\/\/lasentinelle.dz\/index.php\/2022\/02\/07\/acte-de-vandalisme-ayant-touche-la-stele-a-la-memoire-de-lemir-abdelkader-lambassade-dalgerie-en-france-condamne\/","url":"https:\/\/lasentinelle.dz\/index.php\/2022\/02\/07\/acte-de-vandalisme-ayant-touche-la-stele-a-la-memoire-de-lemir-abdelkader-lambassade-dalgerie-en-france-condamne\/","name":"Acte de vandalisme ayant touch\u00e9 la st\u00e8le\u00a0\u00e0 la m\u00e9moire de l'Emir Abdelkader\u00a0:\u00a0L'ambassade d'Alg\u00e9rie en France condamne\u00a0 - La Sentinelle","isPartOf":{"@id":"https:\/\/lasentinelle.dz\/#website"},"primaryImageOfPage":{"@id":"https:\/\/lasentinelle.dz\/index.php\/2022\/02\/07\/acte-de-vandalisme-ayant-touche-la-stele-a-la-memoire-de-lemir-abdelkader-lambassade-dalgerie-en-france-condamne\/#primaryimage"},"image":{"@id":"https:\/\/lasentinelle.dz\/index.php\/2022\/02\/07\/acte-de-vandalisme-ayant-touche-la-stele-a-la-memoire-de-lemir-abdelkader-lambassade-dalgerie-en-france-condamne\/#primaryimage"},"thumbnailUrl":"https:\/\/lasentinelle.dz\/wp-content\/uploads\/2022\/02\/66119cd8.png","datePublished":"2022-02-06T23:01:00+00:00","breadcrumb":{"@id":"https:\/\/lasentinelle.dz\/index.php\/2022\/02\/07\/acte-de-vandalisme-ayant-touche-la-stele-a-la-memoire-de-lemir-abdelkader-lambassade-dalgerie-en-france-condamne\/#breadcrumb"},"inLanguage":"fr-FR","potentialAction":[{"@type":"ReadAction","target":["https:\/\/lasentinelle.dz\/index.php\/2022\/02\/07\/acte-de-vandalisme-ayant-touche-la-stele-a-la-memoire-de-lemir-abdelkader-lambassade-dalgerie-en-france-condamne\/"]}]},{"@type":"ImageObject","inLanguage":"fr-FR","@id":"https:\/\/lasentinelle.dz\/index.php\/2022\/02\/07\/acte-de-vandalisme-ayant-touche-la-stele-a-la-memoire-de-lemir-abdelkader-lambassade-dalgerie-en-france-condamne\/#primaryimage","url":"https:\/\/lasentinelle.dz\/wp-content\/uploads\/2022\/02\/66119cd8.png","contentUrl":"https:\/\/lasentinelle.dz\/wp-content\/uploads\/2022\/02\/66119cd8.png","width":1611,"height":900},{"@type":"BreadcrumbList","@id":"https:\/\/lasentinelle.dz\/index.php\/2022\/02\/07\/acte-de-vandalisme-ayant-touche-la-stele-a-la-memoire-de-lemir-abdelkader-lambassade-dalgerie-en-france-condamne\/#breadcrumb","itemListElement":[{"@type":"ListItem","position":1,"name":"Accueil","item":"https:\/\/lasentinelle.dz\/"},{"@type":"ListItem","position":2,"name":"Acte de vandalisme ayant touch\u00e9 la st\u00e8le\u00a0\u00e0 la m\u00e9moire de l&rsquo;Emir Abdelkader\u00a0:\u00a0L&rsquo;ambassade d&rsquo;Alg\u00e9rie en France condamne\u00a0"}]},{"@type":"WebSite","@id":"https:\/\/lasentinelle.dz\/#website","url":"https:\/\/lasentinelle.dz\/","name":"La Sentinelle","description":"Quotidien national d&#039;information","publisher":{"@id":"https:\/\/lasentinelle.dz\/#organization"},"potentialAction":[{"@type":"SearchAction","target":{"@type":"EntryPoint","urlTemplate":"https:\/\/lasentinelle.dz\/?s={search_term_string}"},"query-input":{"@type":"PropertyValueSpecification","valueRequired":true,"valueName":"search_term_string"}}],"inLanguage":"fr-FR"},{"@type":"Organization","@id":"https:\/\/lasentinelle.dz\/#organization","name":"Quotidien La Sentinelle","url":"https:\/\/lasentinelle.dz\/","logo":{"@type":"ImageObject","inLanguage":"fr-FR","@id":"https:\/\/lasentinelle.dz\/#\/schema\/logo\/image\/","url":"https:\/\/lasentinelle.dz\/wp-content\/uploads\/2021\/09\/logo-sentinelleSLOGAN-1.png","contentUrl":"https:\/\/lasentinelle.dz\/wp-content\/uploads\/2021\/09\/logo-sentinelleSLOGAN-1.png","width":615,"height":142,"caption":"Quotidien La Sentinelle"},"image":{"@id":"https:\/\/lasentinelle.dz\/#\/schema\/logo\/image\/"},"sameAs":["https:\/\/www.facebook.com\/La-Sentinelle-104059864394773"]},{"@type":"Person","@id":"https:\/\/lasentinelle.dz\/#\/schema\/person\/d865044e22e70a75174ce8bcad3acfb3","name":"La Sentinelle","image":{"@type":"ImageObject","inLanguage":"fr-FR","@id":"https:\/\/secure.gravatar.com\/avatar\/57de8e5d4b15d43fb361a71fbb36338450fe67865b528a43dd10ef7c51a20392?s=96&d=mm&r=g","url":"https:\/\/secure.gravatar.com\/avatar\/57de8e5d4b15d43fb361a71fbb36338450fe67865b528a43dd10ef7c51a20392?s=96&d=mm&r=g","contentUrl":"https:\/\/secure.gravatar.com\/avatar\/57de8e5d4b15d43fb361a71fbb36338450fe67865b528a43dd10ef7c51a20392?s=96&d=mm&r=g","caption":"La Sentinelle"},"sameAs":["http:\/\/www.lasentinelle.dz"],"url":"https:\/\/lasentinelle.dz\/author\/redaction\/"}]}},"_links":{"self":[{"href":"https:\/\/lasentinelle.dz\/index.php\/wp-json\/wp\/v2\/posts\/16612","targetHints":{"allow":["GET"]}}],"collection":[{"href":"https:\/\/lasentinelle.dz\/index.php\/wp-json\/wp\/v2\/posts"}],"about":[{"href":"https:\/\/lasentinelle.dz\/index.php\/wp-json\/wp\/v2\/types\/post"}],"author":[{"embeddable":true,"href":"https:\/\/lasentinelle.dz\/index.php\/wp-json\/wp\/v2\/users\/3"}],"replies":[{"embeddable":true,"href":"https:\/\/lasentinelle.dz\/index.php\/wp-json\/wp\/v2\/comments?post=16612"}],"version-history":[{"count":1,"href":"https:\/\/lasentinelle.dz\/index.php\/wp-json\/wp\/v2\/posts\/16612\/revisions"}],"predecessor-version":[{"id":16624,"href":"https:\/\/lasentinelle.dz\/index.php\/wp-json\/wp\/v2\/posts\/16612\/revisions\/16624"}],"wp:featuredmedia":[{"embeddable":true,"href":"https:\/\/lasentinelle.dz\/index.php\/wp-json\/wp\/v2\/media\/16621"}],"wp:attachment":[{"href":"https:\/\/lasentinelle.dz\/index.php\/wp-json\/wp\/v2\/media?parent=16612"}],"wp:term":[{"taxonomy":"category","embeddable":true,"href":"https:\/\/lasentinelle.dz\/index.php\/wp-json\/wp\/v2\/categories?post=16612"},{"taxonomy":"post_tag","embeddable":true,"href":"https:\/\/lasentinelle.dz\/index.php\/wp-json\/wp\/v2\/tags?post=16612"}],"curies":[{"name":"wp","href":"https:\/\/api.w.org\/{rel}","templated":true}]}}