{"id":16706,"date":"2022-02-09T00:01:00","date_gmt":"2022-02-08T23:01:00","guid":{"rendered":"https:\/\/lasentinelle.dz\/?p=16706"},"modified":"2022-02-08T18:31:02","modified_gmt":"2022-02-08T17:31:02","slug":"oran-saisie-de-960-kg-de-viande-de-volaille","status":"publish","type":"post","link":"https:\/\/lasentinelle.dz\/index.php\/2022\/02\/09\/oran-saisie-de-960-kg-de-viande-de-volaille\/","title":{"rendered":"Oran\u00a0:\u00a0Saisie de 960 kg de viande de volaille"},"content":{"rendered":"\n<p>Pr\u00e8s de 10 quintaux de viande de volaille, impropre \u00e0 la consommation, viennent&nbsp;d\u2019\u00eatre saisis dans un abattoir clandestin dans le chef-lieu de la commune de Sidi Chahmi, au sud d\u2019Oran. L\u2019op\u00e9ration a \u00e9t\u00e9 men\u00e9e par les gendarmes de la brigade de Sidi Chahmi, appuy\u00e9s par les \u00e9l\u00e9ments de la brigade des recherches pr\u00e9s le groupement de la&nbsp;Gendarmerie nationale de la wilaya d\u2019Oran et les inspecteurs de la&nbsp;Direction r\u00e9gionale du commerce. Pour leur part, les policiers de l\u2019environnement, en collaboration avec leurs comp\u00e8res de la 1<sup>re<\/sup>&nbsp;S\u00fbret\u00e9 urbaine, des services v\u00e9t\u00e9rinaires, des services commerciaux, et des services d\u2019hygi\u00e8ne pr\u00e8s la&nbsp;Direction de la sant\u00e9 viennent de saisir une quantit\u00e9 de 375 kilogrammes de viande blanche ne r\u00e9pondant \u00e0 aucune valeur nutritionnelle, totalement impropre \u00e0 la consommation. Cette&nbsp;saisie&nbsp;a \u00e9t\u00e9 op\u00e9r\u00e9e au niveau d\u2019un point de contr\u00f4le dress\u00e9 par les services en question. Les premi\u00e8res constatations relev\u00e9es sur place&nbsp;ont montr\u00e9&nbsp;que \u00abla marchandise saisie \u00e9tait transport\u00e9e \u00e0 bord d\u2019un camion d\u00e9pourvu des conditions de transport et conservation\u00bb, a-t-on indiqu\u00e9, ajoutant qu\u2019\u00abelle est destin\u00e9e pour la commercialisation dans le march\u00e9 de d\u00e9tail, des diff\u00e9rentes boucheries des diff\u00e9rents quartiers de la ville\u00bb. Des mesures administratives ont \u00e9t\u00e9&nbsp;prises \u00e0 l\u2019encontre du transporteur. Ce dernier est poursuivi pour \u00abcommercialisation de produits alimentaires p\u00e9rissables dans des conditions non-conformes \u00e0 la r\u00e9glementation\u00bb. En fin de semaine derni\u00e8re, les services de la&nbsp;S\u00fbret\u00e9 de la wilaya d&rsquo;Oran ont saisi 6 quintaux de viande volaille impropre \u00e0 la consommation, dissimul\u00e9e dans un v\u00e9hicule d\u00e9nu\u00e9 du moindre moyen de conservation et des conditions frigorifiques. Pour les m\u00eames raisons, une autre quantit\u00e9 de viande hach\u00e9e a \u00e9t\u00e9 \u00e9galement saisie auparavant. Les \u00e9l\u00e9ments de la section de recherche de la Gendarmerie nationale ont, tout r\u00e9cemment, d\u00e9mantel\u00e9 un laboratoire sp\u00e9cialis\u00e9 dans commercialisation de&nbsp;viande&nbsp;m\u00e9lang\u00e9e avec un produit embaumant. Ce produit est tr\u00e8s souvent utilis\u00e9 par les m\u00e9decins l\u00e9gistes dans le cadre des enqu\u00eates polici\u00e8res&nbsp;n\u00e9cessitant la conservation des cadavres pour de longues dur\u00e9es. En plus de la viande impropre \u00e0 la consommation, l&rsquo;abattage clandestin bat son plein, notamment dans les localit\u00e9s de la partie est d\u2019Oran, comme Hassi Bounif, Hassi Mefsoukh, Benfr\u00e9ha et Boufatis. \u00abPlusieurs abattoirs ont fait l\u2019objet de d\u00e9mant\u00e8lement\u00bb, a-t-on indiqu\u00e9.<\/p>\n\n\n\n<p><strong>Salim Abdenour<\/strong><\/p>\n","protected":false},"excerpt":{"rendered":"<p>Pr\u00e8s de 10 quintaux de viande de volaille, impropre \u00e0 la consommation, viennent&nbsp;d\u2019\u00eatre saisis dans un abattoir clandestin dans le<\/p>\n","protected":false},"author":3,"featured_media":16708,"comment_status":"open","ping_status":"closed","sticky":false,"template":"","format":"standard","meta":{"colormag_page_container_layout":"default_layout","colormag_page_sidebar_layout":"default_layout","om_disable_all_campaigns":false,"_monsterinsights_skip_tracking":false,"_monsterinsights_sitenote_active":false,"_monsterinsights_sitenote_note":"","_monsterinsights_sitenote_category":0,"footnotes":"","_wpscppro_dont_share_socialmedia":false,"_wpscppro_custom_social_share_image":0,"_facebook_share_type":"","_twitter_share_type":"","_linkedin_share_type":"","_pinterest_share_type":"","_linkedin_share_type_page":"","_instagram_share_type":"","_medium_share_type":"","_threads_share_type":"","_google_business_share_type":"","_selected_social_profile":[],"_wpsp_enable_custom_social_template":false,"_wpsp_social_scheduling":{"enabled":false,"datetime":null,"platforms":[],"status":"template_only","dateOption":"today","timeOption":"now","customDays":"","customHours":"","customDate":"","customTime":"","schedulingType":"absolute"},"_wpsp_active_default_template":true},"categories":[31],"tags":[],"class_list":["post-16706","post","type-post","status-publish","format-standard","has-post-thumbnail","hentry","category-regions"],"aioseo_notices":[],"yoast_head":"<!-- This site is optimized with the Yoast SEO plugin v27.4 - https:\/\/yoast.com\/product\/yoast-seo-wordpress\/ -->\n<title>Oran\u00a0:\u00a0Saisie de 960 kg de viande de volaille - La Sentinelle<\/title>\n<meta name=\"robots\" content=\"index, follow, max-snippet:-1, max-image-preview:large, max-video-preview:-1\" \/>\n<link rel=\"canonical\" href=\"https:\/\/lasentinelle.dz\/index.php\/2022\/02\/09\/oran-saisie-de-960-kg-de-viande-de-volaille\/\" \/>\n<meta property=\"og:locale\" content=\"fr_FR\" \/>\n<meta property=\"og:type\" content=\"article\" \/>\n<meta property=\"og:title\" content=\"Oran\u00a0:\u00a0Saisie de 960 kg de viande de volaille - La Sentinelle\" \/>\n<meta property=\"og:description\" content=\"Pr\u00e8s de 10 quintaux de viande de volaille, impropre \u00e0 la consommation, viennent&nbsp;d\u2019\u00eatre saisis dans un abattoir clandestin dans le\" \/>\n<meta property=\"og:url\" content=\"https:\/\/lasentinelle.dz\/index.php\/2022\/02\/09\/oran-saisie-de-960-kg-de-viande-de-volaille\/\" \/>\n<meta property=\"og:site_name\" content=\"La Sentinelle\" \/>\n<meta property=\"article:publisher\" content=\"https:\/\/www.facebook.com\/La-Sentinelle-104059864394773\" \/>\n<meta property=\"article:published_time\" content=\"2022-02-08T23:01:00+00:00\" \/>\n<meta property=\"og:image\" content=\"https:\/\/lasentinelle.dz\/wp-content\/uploads\/2022\/02\/Unknown-3.jpeg\" \/>\n\t<meta property=\"og:image:width\" content=\"316\" \/>\n\t<meta property=\"og:image:height\" content=\"160\" \/>\n\t<meta property=\"og:image:type\" content=\"image\/jpeg\" \/>\n<meta name=\"author\" content=\"La Sentinelle\" \/>\n<meta name=\"twitter:card\" content=\"summary_large_image\" \/>\n<meta name=\"twitter:label1\" content=\"\u00c9crit par\" \/>\n\t<meta name=\"twitter:data1\" content=\"La Sentinelle\" \/>\n\t<meta name=\"twitter:label2\" content=\"Dur\u00e9e de lecture estim\u00e9e\" \/>\n\t<meta name=\"twitter:data2\" content=\"2 minutes\" \/>\n<script type=\"application\/ld+json\" class=\"yoast-schema-graph\">{\"@context\":\"https:\\\/\\\/schema.org\",\"@graph\":[{\"@type\":\"Article\",\"@id\":\"https:\\\/\\\/lasentinelle.dz\\\/index.php\\\/2022\\\/02\\\/09\\\/oran-saisie-de-960-kg-de-viande-de-volaille\\\/#article\",\"isPartOf\":{\"@id\":\"https:\\\/\\\/lasentinelle.dz\\\/index.php\\\/2022\\\/02\\\/09\\\/oran-saisie-de-960-kg-de-viande-de-volaille\\\/\"},\"author\":{\"name\":\"La Sentinelle\",\"@id\":\"https:\\\/\\\/lasentinelle.dz\\\/#\\\/schema\\\/person\\\/d865044e22e70a75174ce8bcad3acfb3\"},\"headline\":\"Oran\u00a0:\u00a0Saisie de 960 kg de viande de volaille\",\"datePublished\":\"2022-02-08T23:01:00+00:00\",\"mainEntityOfPage\":{\"@id\":\"https:\\\/\\\/lasentinelle.dz\\\/index.php\\\/2022\\\/02\\\/09\\\/oran-saisie-de-960-kg-de-viande-de-volaille\\\/\"},\"wordCount\":444,\"commentCount\":0,\"publisher\":{\"@id\":\"https:\\\/\\\/lasentinelle.dz\\\/#organization\"},\"image\":{\"@id\":\"https:\\\/\\\/lasentinelle.dz\\\/index.php\\\/2022\\\/02\\\/09\\\/oran-saisie-de-960-kg-de-viande-de-volaille\\\/#primaryimage\"},\"thumbnailUrl\":\"https:\\\/\\\/lasentinelle.dz\\\/wp-content\\\/uploads\\\/2022\\\/02\\\/Unknown-3.jpeg\",\"articleSection\":[\"R\u00e9gions\"],\"inLanguage\":\"fr-FR\",\"potentialAction\":[{\"@type\":\"CommentAction\",\"name\":\"Comment\",\"target\":[\"https:\\\/\\\/lasentinelle.dz\\\/index.php\\\/2022\\\/02\\\/09\\\/oran-saisie-de-960-kg-de-viande-de-volaille\\\/#respond\"]}]},{\"@type\":\"WebPage\",\"@id\":\"https:\\\/\\\/lasentinelle.dz\\\/index.php\\\/2022\\\/02\\\/09\\\/oran-saisie-de-960-kg-de-viande-de-volaille\\\/\",\"url\":\"https:\\\/\\\/lasentinelle.dz\\\/index.php\\\/2022\\\/02\\\/09\\\/oran-saisie-de-960-kg-de-viande-de-volaille\\\/\",\"name\":\"Oran\u00a0:\u00a0Saisie de 960 kg de viande de volaille - La Sentinelle\",\"isPartOf\":{\"@id\":\"https:\\\/\\\/lasentinelle.dz\\\/#website\"},\"primaryImageOfPage\":{\"@id\":\"https:\\\/\\\/lasentinelle.dz\\\/index.php\\\/2022\\\/02\\\/09\\\/oran-saisie-de-960-kg-de-viande-de-volaille\\\/#primaryimage\"},\"image\":{\"@id\":\"https:\\\/\\\/lasentinelle.dz\\\/index.php\\\/2022\\\/02\\\/09\\\/oran-saisie-de-960-kg-de-viande-de-volaille\\\/#primaryimage\"},\"thumbnailUrl\":\"https:\\\/\\\/lasentinelle.dz\\\/wp-content\\\/uploads\\\/2022\\\/02\\\/Unknown-3.jpeg\",\"datePublished\":\"2022-02-08T23:01:00+00:00\",\"breadcrumb\":{\"@id\":\"https:\\\/\\\/lasentinelle.dz\\\/index.php\\\/2022\\\/02\\\/09\\\/oran-saisie-de-960-kg-de-viande-de-volaille\\\/#breadcrumb\"},\"inLanguage\":\"fr-FR\",\"potentialAction\":[{\"@type\":\"ReadAction\",\"target\":[\"https:\\\/\\\/lasentinelle.dz\\\/index.php\\\/2022\\\/02\\\/09\\\/oran-saisie-de-960-kg-de-viande-de-volaille\\\/\"]}]},{\"@type\":\"ImageObject\",\"inLanguage\":\"fr-FR\",\"@id\":\"https:\\\/\\\/lasentinelle.dz\\\/index.php\\\/2022\\\/02\\\/09\\\/oran-saisie-de-960-kg-de-viande-de-volaille\\\/#primaryimage\",\"url\":\"https:\\\/\\\/lasentinelle.dz\\\/wp-content\\\/uploads\\\/2022\\\/02\\\/Unknown-3.jpeg\",\"contentUrl\":\"https:\\\/\\\/lasentinelle.dz\\\/wp-content\\\/uploads\\\/2022\\\/02\\\/Unknown-3.jpeg\",\"width\":316,\"height\":160},{\"@type\":\"BreadcrumbList\",\"@id\":\"https:\\\/\\\/lasentinelle.dz\\\/index.php\\\/2022\\\/02\\\/09\\\/oran-saisie-de-960-kg-de-viande-de-volaille\\\/#breadcrumb\",\"itemListElement\":[{\"@type\":\"ListItem\",\"position\":1,\"name\":\"Accueil\",\"item\":\"https:\\\/\\\/lasentinelle.dz\\\/\"},{\"@type\":\"ListItem\",\"position\":2,\"name\":\"Oran\u00a0:\u00a0Saisie de 960 kg de viande de volaille\"}]},{\"@type\":\"WebSite\",\"@id\":\"https:\\\/\\\/lasentinelle.dz\\\/#website\",\"url\":\"https:\\\/\\\/lasentinelle.dz\\\/\",\"name\":\"La Sentinelle\",\"description\":\"Quotidien national d&#039;information\",\"publisher\":{\"@id\":\"https:\\\/\\\/lasentinelle.dz\\\/#organization\"},\"potentialAction\":[{\"@type\":\"SearchAction\",\"target\":{\"@type\":\"EntryPoint\",\"urlTemplate\":\"https:\\\/\\\/lasentinelle.dz\\\/?s={search_term_string}\"},\"query-input\":{\"@type\":\"PropertyValueSpecification\",\"valueRequired\":true,\"valueName\":\"search_term_string\"}}],\"inLanguage\":\"fr-FR\"},{\"@type\":\"Organization\",\"@id\":\"https:\\\/\\\/lasentinelle.dz\\\/#organization\",\"name\":\"Quotidien La Sentinelle\",\"url\":\"https:\\\/\\\/lasentinelle.dz\\\/\",\"logo\":{\"@type\":\"ImageObject\",\"inLanguage\":\"fr-FR\",\"@id\":\"https:\\\/\\\/lasentinelle.dz\\\/#\\\/schema\\\/logo\\\/image\\\/\",\"url\":\"https:\\\/\\\/lasentinelle.dz\\\/wp-content\\\/uploads\\\/2021\\\/09\\\/logo-sentinelleSLOGAN-1.png\",\"contentUrl\":\"https:\\\/\\\/lasentinelle.dz\\\/wp-content\\\/uploads\\\/2021\\\/09\\\/logo-sentinelleSLOGAN-1.png\",\"width\":615,\"height\":142,\"caption\":\"Quotidien La Sentinelle\"},\"image\":{\"@id\":\"https:\\\/\\\/lasentinelle.dz\\\/#\\\/schema\\\/logo\\\/image\\\/\"},\"sameAs\":[\"https:\\\/\\\/www.facebook.com\\\/La-Sentinelle-104059864394773\"]},{\"@type\":\"Person\",\"@id\":\"https:\\\/\\\/lasentinelle.dz\\\/#\\\/schema\\\/person\\\/d865044e22e70a75174ce8bcad3acfb3\",\"name\":\"La Sentinelle\",\"image\":{\"@type\":\"ImageObject\",\"inLanguage\":\"fr-FR\",\"@id\":\"https:\\\/\\\/secure.gravatar.com\\\/avatar\\\/57de8e5d4b15d43fb361a71fbb36338450fe67865b528a43dd10ef7c51a20392?s=96&d=mm&r=g\",\"url\":\"https:\\\/\\\/secure.gravatar.com\\\/avatar\\\/57de8e5d4b15d43fb361a71fbb36338450fe67865b528a43dd10ef7c51a20392?s=96&d=mm&r=g\",\"contentUrl\":\"https:\\\/\\\/secure.gravatar.com\\\/avatar\\\/57de8e5d4b15d43fb361a71fbb36338450fe67865b528a43dd10ef7c51a20392?s=96&d=mm&r=g\",\"caption\":\"La Sentinelle\"},\"sameAs\":[\"http:\\\/\\\/www.lasentinelle.dz\"],\"url\":\"https:\\\/\\\/lasentinelle.dz\\\/author\\\/redaction\\\/\"}]}<\/script>\n<!-- \/ Yoast SEO plugin. -->","yoast_head_json":{"title":"Oran\u00a0:\u00a0Saisie de 960 kg de viande de volaille - La Sentinelle","robots":{"index":"index","follow":"follow","max-snippet":"max-snippet:-1","max-image-preview":"max-image-preview:large","max-video-preview":"max-video-preview:-1"},"canonical":"https:\/\/lasentinelle.dz\/index.php\/2022\/02\/09\/oran-saisie-de-960-kg-de-viande-de-volaille\/","og_locale":"fr_FR","og_type":"article","og_title":"Oran\u00a0:\u00a0Saisie de 960 kg de viande de volaille - La Sentinelle","og_description":"Pr\u00e8s de 10 quintaux de viande de volaille, impropre \u00e0 la consommation, viennent&nbsp;d\u2019\u00eatre saisis dans un abattoir clandestin dans le","og_url":"https:\/\/lasentinelle.dz\/index.php\/2022\/02\/09\/oran-saisie-de-960-kg-de-viande-de-volaille\/","og_site_name":"La Sentinelle","article_publisher":"https:\/\/www.facebook.com\/La-Sentinelle-104059864394773","article_published_time":"2022-02-08T23:01:00+00:00","og_image":[{"width":316,"height":160,"url":"https:\/\/lasentinelle.dz\/wp-content\/uploads\/2022\/02\/Unknown-3.jpeg","type":"image\/jpeg"}],"author":"La Sentinelle","twitter_card":"summary_large_image","twitter_misc":{"\u00c9crit par":"La Sentinelle","Dur\u00e9e de lecture estim\u00e9e":"2 minutes"},"schema":{"@context":"https:\/\/schema.org","@graph":[{"@type":"Article","@id":"https:\/\/lasentinelle.dz\/index.php\/2022\/02\/09\/oran-saisie-de-960-kg-de-viande-de-volaille\/#article","isPartOf":{"@id":"https:\/\/lasentinelle.dz\/index.php\/2022\/02\/09\/oran-saisie-de-960-kg-de-viande-de-volaille\/"},"author":{"name":"La Sentinelle","@id":"https:\/\/lasentinelle.dz\/#\/schema\/person\/d865044e22e70a75174ce8bcad3acfb3"},"headline":"Oran\u00a0:\u00a0Saisie de 960 kg de viande de volaille","datePublished":"2022-02-08T23:01:00+00:00","mainEntityOfPage":{"@id":"https:\/\/lasentinelle.dz\/index.php\/2022\/02\/09\/oran-saisie-de-960-kg-de-viande-de-volaille\/"},"wordCount":444,"commentCount":0,"publisher":{"@id":"https:\/\/lasentinelle.dz\/#organization"},"image":{"@id":"https:\/\/lasentinelle.dz\/index.php\/2022\/02\/09\/oran-saisie-de-960-kg-de-viande-de-volaille\/#primaryimage"},"thumbnailUrl":"https:\/\/lasentinelle.dz\/wp-content\/uploads\/2022\/02\/Unknown-3.jpeg","articleSection":["R\u00e9gions"],"inLanguage":"fr-FR","potentialAction":[{"@type":"CommentAction","name":"Comment","target":["https:\/\/lasentinelle.dz\/index.php\/2022\/02\/09\/oran-saisie-de-960-kg-de-viande-de-volaille\/#respond"]}]},{"@type":"WebPage","@id":"https:\/\/lasentinelle.dz\/index.php\/2022\/02\/09\/oran-saisie-de-960-kg-de-viande-de-volaille\/","url":"https:\/\/lasentinelle.dz\/index.php\/2022\/02\/09\/oran-saisie-de-960-kg-de-viande-de-volaille\/","name":"Oran\u00a0:\u00a0Saisie de 960 kg de viande de volaille - La Sentinelle","isPartOf":{"@id":"https:\/\/lasentinelle.dz\/#website"},"primaryImageOfPage":{"@id":"https:\/\/lasentinelle.dz\/index.php\/2022\/02\/09\/oran-saisie-de-960-kg-de-viande-de-volaille\/#primaryimage"},"image":{"@id":"https:\/\/lasentinelle.dz\/index.php\/2022\/02\/09\/oran-saisie-de-960-kg-de-viande-de-volaille\/#primaryimage"},"thumbnailUrl":"https:\/\/lasentinelle.dz\/wp-content\/uploads\/2022\/02\/Unknown-3.jpeg","datePublished":"2022-02-08T23:01:00+00:00","breadcrumb":{"@id":"https:\/\/lasentinelle.dz\/index.php\/2022\/02\/09\/oran-saisie-de-960-kg-de-viande-de-volaille\/#breadcrumb"},"inLanguage":"fr-FR","potentialAction":[{"@type":"ReadAction","target":["https:\/\/lasentinelle.dz\/index.php\/2022\/02\/09\/oran-saisie-de-960-kg-de-viande-de-volaille\/"]}]},{"@type":"ImageObject","inLanguage":"fr-FR","@id":"https:\/\/lasentinelle.dz\/index.php\/2022\/02\/09\/oran-saisie-de-960-kg-de-viande-de-volaille\/#primaryimage","url":"https:\/\/lasentinelle.dz\/wp-content\/uploads\/2022\/02\/Unknown-3.jpeg","contentUrl":"https:\/\/lasentinelle.dz\/wp-content\/uploads\/2022\/02\/Unknown-3.jpeg","width":316,"height":160},{"@type":"BreadcrumbList","@id":"https:\/\/lasentinelle.dz\/index.php\/2022\/02\/09\/oran-saisie-de-960-kg-de-viande-de-volaille\/#breadcrumb","itemListElement":[{"@type":"ListItem","position":1,"name":"Accueil","item":"https:\/\/lasentinelle.dz\/"},{"@type":"ListItem","position":2,"name":"Oran\u00a0:\u00a0Saisie de 960 kg de viande de volaille"}]},{"@type":"WebSite","@id":"https:\/\/lasentinelle.dz\/#website","url":"https:\/\/lasentinelle.dz\/","name":"La Sentinelle","description":"Quotidien national d&#039;information","publisher":{"@id":"https:\/\/lasentinelle.dz\/#organization"},"potentialAction":[{"@type":"SearchAction","target":{"@type":"EntryPoint","urlTemplate":"https:\/\/lasentinelle.dz\/?s={search_term_string}"},"query-input":{"@type":"PropertyValueSpecification","valueRequired":true,"valueName":"search_term_string"}}],"inLanguage":"fr-FR"},{"@type":"Organization","@id":"https:\/\/lasentinelle.dz\/#organization","name":"Quotidien La Sentinelle","url":"https:\/\/lasentinelle.dz\/","logo":{"@type":"ImageObject","inLanguage":"fr-FR","@id":"https:\/\/lasentinelle.dz\/#\/schema\/logo\/image\/","url":"https:\/\/lasentinelle.dz\/wp-content\/uploads\/2021\/09\/logo-sentinelleSLOGAN-1.png","contentUrl":"https:\/\/lasentinelle.dz\/wp-content\/uploads\/2021\/09\/logo-sentinelleSLOGAN-1.png","width":615,"height":142,"caption":"Quotidien La Sentinelle"},"image":{"@id":"https:\/\/lasentinelle.dz\/#\/schema\/logo\/image\/"},"sameAs":["https:\/\/www.facebook.com\/La-Sentinelle-104059864394773"]},{"@type":"Person","@id":"https:\/\/lasentinelle.dz\/#\/schema\/person\/d865044e22e70a75174ce8bcad3acfb3","name":"La Sentinelle","image":{"@type":"ImageObject","inLanguage":"fr-FR","@id":"https:\/\/secure.gravatar.com\/avatar\/57de8e5d4b15d43fb361a71fbb36338450fe67865b528a43dd10ef7c51a20392?s=96&d=mm&r=g","url":"https:\/\/secure.gravatar.com\/avatar\/57de8e5d4b15d43fb361a71fbb36338450fe67865b528a43dd10ef7c51a20392?s=96&d=mm&r=g","contentUrl":"https:\/\/secure.gravatar.com\/avatar\/57de8e5d4b15d43fb361a71fbb36338450fe67865b528a43dd10ef7c51a20392?s=96&d=mm&r=g","caption":"La Sentinelle"},"sameAs":["http:\/\/www.lasentinelle.dz"],"url":"https:\/\/lasentinelle.dz\/author\/redaction\/"}]}},"_links":{"self":[{"href":"https:\/\/lasentinelle.dz\/index.php\/wp-json\/wp\/v2\/posts\/16706","targetHints":{"allow":["GET"]}}],"collection":[{"href":"https:\/\/lasentinelle.dz\/index.php\/wp-json\/wp\/v2\/posts"}],"about":[{"href":"https:\/\/lasentinelle.dz\/index.php\/wp-json\/wp\/v2\/types\/post"}],"author":[{"embeddable":true,"href":"https:\/\/lasentinelle.dz\/index.php\/wp-json\/wp\/v2\/users\/3"}],"replies":[{"embeddable":true,"href":"https:\/\/lasentinelle.dz\/index.php\/wp-json\/wp\/v2\/comments?post=16706"}],"version-history":[{"count":1,"href":"https:\/\/lasentinelle.dz\/index.php\/wp-json\/wp\/v2\/posts\/16706\/revisions"}],"predecessor-version":[{"id":16709,"href":"https:\/\/lasentinelle.dz\/index.php\/wp-json\/wp\/v2\/posts\/16706\/revisions\/16709"}],"wp:featuredmedia":[{"embeddable":true,"href":"https:\/\/lasentinelle.dz\/index.php\/wp-json\/wp\/v2\/media\/16708"}],"wp:attachment":[{"href":"https:\/\/lasentinelle.dz\/index.php\/wp-json\/wp\/v2\/media?parent=16706"}],"wp:term":[{"taxonomy":"category","embeddable":true,"href":"https:\/\/lasentinelle.dz\/index.php\/wp-json\/wp\/v2\/categories?post=16706"},{"taxonomy":"post_tag","embeddable":true,"href":"https:\/\/lasentinelle.dz\/index.php\/wp-json\/wp\/v2\/tags?post=16706"}],"curies":[{"name":"wp","href":"https:\/\/api.w.org\/{rel}","templated":true}]}}